{"id":844,"date":"2018-04-30T10:38:10","date_gmt":"2018-04-30T10:38:10","guid":{"rendered":"http:\/\/mhcalculos.ddns.net\/noticias\/2018\/04\/30\/comercio-eletronico-cresce-de-forma-exponencial-e-gera-demandas-no-judiciario\/"},"modified":"2021-07-28T14:35:08","modified_gmt":"2021-07-28T17:35:08","slug":"comercio-eletronico-cresce-de-forma-exponencial-e-gera-demandas-no-judiciario","status":"publish","type":"post","link":"https:\/\/mhcalculos.com.br\/noticias\/area\/tributario\/comercio-eletronico-cresce-de-forma-exponencial-e-gera-demandas-no-judiciario.html","title":{"rendered":"STJ: Com\u00e9rcio eletr\u00f4nico cresce de forma exponencial e gera demandas no Judici\u00e1rio"},"content":{"rendered":"\n<p>Modalidade de vendas que come\u00e7ou em 1995, o com\u00e9rcio eletr\u00f4nico j\u00e1 \u00e9 utilizado por 48 milh\u00f5es de brasileiros, movimentando anualmente R$ 50 bilh\u00f5es, segundo dados da Ebit, entidade que monitora as estat\u00edsticas do setor.<\/p>\n<p>O crescimento \u00e9 constante, registrando taxas superiores a 10% no comparativo com o ano anterior. O novo h\u00e1bito do consumidor brasileiro gera mudan\u00e7as na legisla\u00e7\u00e3o e discuss\u00f5es no Poder Judici\u00e1rio.<\/p>\n<p>De acordo com o instituto de pesquisa Nielsen Ibope, o n\u00famero de pessoas com acesso \u00e0 internet no Brasil j\u00e1 passou da metade da popula\u00e7\u00e3o, atingindo aproximadamente 52% dos cidad\u00e3os, ou 103,4 milh\u00f5es de pessoas em julho de 2015.<\/p>\n<p>O C\u00f3digo de Defesa do Consumidor (CDC), principal lei aplic\u00e1vel \u00e0s rela\u00e7\u00f5es de consumo, data de 1990, \u00e9poca em que o com\u00e9rcio eletr\u00f4nico era apenas uma hip\u00f3tese no \u00e2mbito do desenvolvimento da internet.<\/p>\n<p>Mesmo antes do <a href=\"http:\/\/www.planalto.gov.br\/ccivil_03\/_ato2011-2014\/2013\/decreto\/d7962.htm\" target=\"_blank\" rel=\"noopener noreferrer\"><strong>Decreto 7.962\/13<\/strong><\/a> (que regulamentou dispositivos do CDC para adequ\u00e1-lo \u00e0 realidade do com\u00e9rcio eletr\u00f4nico), as discuss\u00f5es sobre o servi\u00e7o j\u00e1 eram objeto de debate no Superior Tribunal de Justi\u00e7a (STJ).<\/p>\n<p><strong>Provedores de conte\u00fado<\/strong><\/p>\n<p>Uma das discuss\u00f5es frequentes diz respeito \u00e0 responsabilidade dos provedores de conte\u00fado quanto aos produtos anunciados em suas p\u00e1ginas. No mesmo ano da edi\u00e7\u00e3o do decreto, a Terceira Turma do STJ <a href=\"https:\/\/ww2.stj.jus.br\/processo\/revista\/documento\/mediado\/?componente=ITA&amp;sequencial=1257503&amp;num_registro=201300742989&amp;data=20130926&amp;formato=PDF\"><strong>estabeleceu<\/strong><\/a> precedente no sentido de que os sites que hospedam an\u00fancios de produtos s\u00e3o meros intermedi\u00e1rios do com\u00e9rcio, sendo invi\u00e1vel impor-lhes a atividade de fiscaliza\u00e7\u00e3o pr\u00e9via do conte\u00fado anunciado (REsp 1.383.354).<\/p>\n<p>No recurso, os ministros julgaram improcedente a tese da empresa recorrente de que a intermedia\u00e7\u00e3o de seus produtos para com\u00e9rcio <em>on-line<\/em>, sem pr\u00e9via autoriza\u00e7\u00e3o, caracterizava viola\u00e7\u00e3o de propriedade industrial. No caso, a recorrente alegou que o an\u00fancio indiscriminado de produtos falsos copiando sua marca seria de responsabilidade da provedora de conte\u00fado, que n\u00e3o filtrou o que foi anunciado.<\/p>\n<p>A relatora do recurso, ministra Nancy Andrighi, destacou que o servi\u00e7o oferecido pelos sites de intermedia\u00e7\u00e3o de vendas \u00e9 aproximar compradores e vendedores em um mesmo ambiente virtual.<\/p>\n<p>\u201cNesse contexto, n\u00e3o se lhes pode impor a responsabilidade de realizar a pr\u00e9via fiscaliza\u00e7\u00e3o sobre a origem de todos os produtos cuja venda intermedeiam, por n\u00e3o se tratar de atividade intr\u00ednseca ao servi\u00e7o prestado. Vale dizer, sites como os mantidos pelas recorridas em momento algum garantem a qualidade ou a proced\u00eancia dos produtos, limitando-se a estabelecer mecanismos para que o pr\u00f3prio comprador, sentindo-se de alguma forma insatisfeito ou ludibriado pelo vendedor, n\u00e3o conclua a negocia\u00e7\u00e3o\u201d, fundamentou a magistrada.<\/p>\n<p><strong>Espa\u00e7os alugados<\/strong><\/p>\n<p>Para a turma, aplica-se ao meio virtual a mesma hip\u00f3tese aplic\u00e1vel aos shopping centers, que n\u00e3o podem ser responsabilizados pelos produtos vendidos por outras empresas em lojas que alugam seus espa\u00e7os. Da mesma forma, segundo o colegiado, os provedores de conte\u00fado virtual \u201clocam\u201d espa\u00e7o em sites para o desenvolvimento do com\u00e9rcio eletr\u00f4nico.<\/p>\n<p>Em outro caso, o ministro Raul Ara\u00fajo, da Quarta Turma, <a href=\"https:\/\/ww2.stj.jus.br\/processo\/revista\/documento\/mediado\/?componente=MON&amp;sequencial=66156666&amp;num_registro=201200284649&amp;data=20161205&amp;formato=PDF\"><strong>restabeleceu<\/strong><\/a> a senten\u00e7a para eximir de responsabilidade um site provedor de servi\u00e7os, por entender que n\u00e3o houve comprova\u00e7\u00e3o de sua efetiva participa\u00e7\u00e3o no neg\u00f3cio de compra e venda, afastando assim sua obriga\u00e7\u00e3o de arcar com eventual indeniza\u00e7\u00e3o por falhas no produto.<\/p>\n<p>Para o ministro, somente o envolvimento direto do provedor de servi\u00e7os com a venda poderia justificar a sua responsabiliza\u00e7\u00e3o (AREsp 144.823).<\/p>\n<p>Ao julgar o REsp 1.444.008, a Terceira Turma <a href=\"https:\/\/ww2.stj.jus.br\/processo\/revista\/documento\/mediado\/?componente=ITA&amp;sequencial=1550607&amp;num_registro=201400646460&amp;data=20161109&amp;formato=PDF\"><strong>distinguiu<\/strong><\/a> a atua\u00e7\u00e3o dos diferentes provedores de servi\u00e7o na internet. Um primeiro grupo, segundo o colegiado, atua em todo o processo de venda, realizando a transa\u00e7\u00e3o dentro de seu site. Outro grupo apenas exibe os resultados da busca, e o comprador conclui a transa\u00e7\u00e3o diretamente no site do vendedor.<\/p>\n<p>A diferencia\u00e7\u00e3o \u00e9 relevante, segundo a ministra relatora, Nancy Andrighi, devido ao conceito de fornecedor, conforme disposto no <strong><a href=\"http:\/\/www.planalto.gov.br\/ccivil_03\/Leis\/L8078.htm#art3\" target=\"_blank\" rel=\"noopener noreferrer\">artigo 3\u00ba<\/a>\u00a0<\/strong>do CDC. Mesmo com a amplia\u00e7\u00e3o do conceito, n\u00e3o \u00e9 admitido considerar o provedor de servi\u00e7os de internet que apenas exibe resultados de busca como um fornecedor.<\/p>\n<p>\u201cAo se abster de participar da intera\u00e7\u00e3o que levar\u00e1 \u00e0 forma\u00e7\u00e3o do contrato eletr\u00f4nico entre o consumidor e o vendedor do produto propriamente dito, n\u00e3o h\u00e1 como lhe imputar responsabilidade por qualquer v\u00edcio da mercadoria ou inadimplemento contratual\u201d, afirmou a ministra.<\/p>\n<p>Nesses casos, segundo ela, o provedor n\u00e3o det\u00e9m \u201cqualquer posi\u00e7\u00e3o de poder ou influ\u00eancia sobre o consumidor no momento do aperfei\u00e7oamento do contrato eletr\u00f4nico\u201d.<\/p>\n<p><strong>Sites de busca e agregadores<\/strong><\/p>\n<p>J\u00e1 em 2012, o tribunal <a href=\"https:\/\/ww2.stj.jus.br\/processo\/revista\/documento\/mediado\/?componente=ITA&amp;sequencial=1161904&amp;num_registro=201103079096&amp;data=20120629&amp;formato=PDF\"><strong>decidiu<\/strong><\/a> que os servi\u00e7os de busca na internet est\u00e3o sujeitos ao CDC, mesmo quando s\u00e3o gratuitos. Na mesma ocasi\u00e3o, os ministros entenderam que os provedores de busca n\u00e3o podem ser responsabilizados pelo conte\u00fado postado por terceiros, apenas por exibir os sites na p\u00e1gina de busca.<\/p>\n<p>\u201cDessa forma, ainda que seus mecanismos de busca facilitem o acesso e a consequente divulga\u00e7\u00e3o de p\u00e1ginas cujo conte\u00fado seja potencialmente ilegal, fato \u00e9 que essas p\u00e1ginas s\u00e3o p\u00fablicas e comp\u00f5em a rede mundial de computadores e, por isso, aparecem no resultado dos sites de pesquisa\u201d, afirmou a relatora, ministra Nancy Andrighi.<\/p>\n<p>Segundo ela, se as p\u00e1ginas possuem conte\u00fado il\u00edcito, \u201ccabe ao ofendido adotar medidas tendentes \u00e0 sua pr\u00f3pria supress\u00e3o, com o que estar\u00e3o, automaticamente, exclu\u00eddas dos resultados de busca virtual dos sites de pesquisa\u201d (REsp 1.316.921).<\/p>\n<p><strong>Tipos diferentes<\/strong><\/p>\n<p>A distin\u00e7\u00e3o entre os tipos de provedores de servi\u00e7os na internet \u00e9 necess\u00e1ria tamb\u00e9m para delimitar a responsabilidade em diferentes casos. Ao <a href=\"https:\/\/ww2.stj.jus.br\/processo\/revista\/documento\/mediado\/?componente=ITA&amp;sequencial=1157538&amp;num_registro=200702476356&amp;data=20120806&amp;formato=PDF\"><strong>julgar<\/strong><\/a> o REsp 997.993, em 2012, a Quarta Turma lembrou que \u00e0 m\u00edngua de legisla\u00e7\u00e3o, a doutrina construiu entendimento acerca da responsabilidade aplic\u00e1vel em cada caso.<\/p>\n<p>O relator, ministro Luis Felipe Salom\u00e3o, argumentou que a responsabilidade \u00e9 definida de acordo com a atividade desenvolvida por cada provedor, sendo necess\u00e1rio separar provedores de servi\u00e7os de provedores de conte\u00fado, por exemplo.<\/p>\n<p>\u201cEm suma, a responsabilidade dos provedores de internet em raz\u00e3o do conte\u00fado veiculado prender-se-ia \u00e0 possibilidade de controle, de modo que quanto maior for a faculdade do servidor de decidir sobre o que ser\u00e1 publicado, mais evidente ser\u00e1 a responsabilidade decorrente dessa decis\u00e3o\u201d, disse ele.<\/p>\n<p>A configura\u00e7\u00e3o de rela\u00e7\u00e3o de consumo permite a aplica\u00e7\u00e3o do princ\u00edpio de solidariedade de todos os integrantes da cadeia de produ\u00e7\u00e3o. Na an\u00e1lise daquele recurso, entendeu-se que o portal que hospeda um site pode ser responsabilizado por an\u00fancios falsos veiculados nesse site, por exemplo.<\/p>\n<p>\u201cO caso em exame comporta uma rela\u00e7\u00e3o de consumo por equipara\u00e7\u00e3o, decorrente de evento relativo \u00e0 utiliza\u00e7\u00e3o de provedores de conte\u00fado na rede mundial de computadores, organizados para fornecer servi\u00e7os em cadeia para os usu\u00e1rios, mediante a hospedagem do site\u201d, concluiu o relator.<\/p>\n<p><strong>Compras n\u00e3o entregues<\/strong><\/p>\n<p>Uma das falhas de servi\u00e7o que podem ocorrer no com\u00e9rcio eletr\u00f4nico \u2013 a n\u00e3o entrega do produto comprado \u2013 j\u00e1 foi discutida no STJ, no que diz respeito \u00e0 responsabilidade e tamb\u00e9m \u00e0 ocorr\u00eancia de dano moral. O <a href=\"https:\/\/ww2.stj.jus.br\/processo\/revista\/documento\/mediado\/?componente=ITA&amp;sequencial=1296475&amp;num_registro=201302819034&amp;data=20140306&amp;formato=PDF\"><strong>entendimento<\/strong><\/a> da Terceira Turma \u00e9 que a falha na entrega da mercadoria adquirida pela internet configura, em princ\u00edpio, \u201cmero inadimplemento contratual, n\u00e3o dando causa a indeniza\u00e7\u00e3o por danos morais\u201d (REsp 1.399.931).<\/p>\n<p>Assim como nos casos de compra fora do ambiente <em>on-line<\/em> (com\u00e9rcio varejista tradicional), o dano moral s\u00f3 \u00e9 configurado quando houver verdadeira ofensa a direito de personalidade.<\/p>\n<p>Nos casos de compras <em>on-line<\/em>, a responsabiliza\u00e7\u00e3o civil \u00e9 aplic\u00e1vel de acordo com o CDC, nos termos do <a href=\"http:\/\/www.planalto.gov.br\/ccivil_03\/Leis\/L8078.htm#art14\" target=\"_blank\" rel=\"noopener noreferrer\"><strong>artigo 14<\/strong><\/a>. A responsabilidade solid\u00e1ria entre os integrantes da cadeia \u00e9 aplic\u00e1vel quando se comprova que o site tem participa\u00e7\u00e3o efetiva em todo o processo de venda e entrega dos produtos.<\/p>\n<p>Em um dos processos analisados pelo STJ, os ministros <a href=\"https:\/\/ww2.stj.jus.br\/processo\/revista\/documento\/mediado\/?componente=MON&amp;sequencial=52679308&amp;num_registro=201502097764&amp;data=20151007&amp;formato=PDF\"><strong>entenderam<\/strong><\/a> que a empresa respons\u00e1vel pelos pagamentos (um servi\u00e7o feito atrav\u00e9s de um provedor de servi\u00e7os na internet) integra essa cadeia de servi\u00e7os e pode ser responsabilizada em caso de n\u00e3o entrega do produto (AREsp 766.570).<\/p>\n<p><strong>ICMS<\/strong><\/p>\n<p>O com\u00e9rcio <em>on-line<\/em> introduziu desafios tamb\u00e9m para o fisco, especialmente pelas diferen\u00e7as de tributa\u00e7\u00e3o de ICMS. Dois questionamentos chegaram ao STJ em 2011 contra interpreta\u00e7\u00f5es do fisco estadual sobre a cobran\u00e7a da al\u00edquota integral de ICMS no momento em que a mercadoria vendida <em>on-line<\/em> por empresa situada em outro estado entra no estado de destino final.<\/p>\n<p>N\u00e3o h\u00e1 precedente no STJ acerca da controv\u00e9rsia. Em ambos os casos, a decis\u00e3o do tribunal de origem, tomada com base em fundamentos constitucionais, foi questionada no STJ por meio de pedidos de suspens\u00e3o de seguran\u00e7a, o que inviabilizou sua an\u00e1lise, j\u00e1 que a compet\u00eancia seria do Supremo Tribunal Federal (SS 2.450 e SS 2.482).<\/p>\n<p><i>Com informa\u00e7\u00f5es da assessoria de imprensa do STJ.<\/i><\/p>\n<p><a href=\"http:\/\/feedproxy.google.com\/~r\/STJNoticias\/~3\/KVoDSu930-g\/Com%C3%A9rcio-eletr%C3%B4nico-cresce-de-forma-exponencial-e-gera-demandas-no-Judici%C3%A1rio\">Fonte<\/a><\/p>\n\n","protected":false},"excerpt":{"rendered":"<p>Modalidade de vendas que come\u00e7ou em 1995, o com\u00e9rcio eletr\u00f4nico j\u00e1 \u00e9 utilizado por 48 milh\u00f5es de brasileiros, movimentando anualmente R$ 50 bilh\u00f5es, segundo dados da Ebit, entidade que monitora as estat\u00edsticas do setor. O crescimento \u00e9 constante, registrando taxas superiores a 10% no comparativo com o ano anterior. O novo h\u00e1bito do consumidor brasileiro [&hellip;]<\/p>\n","protected":false},"author":3063,"featured_media":845,"comment_status":"open","ping_status":"open","sticky":false,"template":"","format":"standard","meta":{"footnotes":""},"categories":[18,7],"tags":[32,31,26,42,30,29,22,23,28,43,27,9,25,14],"class_list":{"0":"post-844","1":"post","2":"type-post","3":"status-publish","4":"format-standard","5":"has-post-thumbnail","7":"category-tributario","8":"category-stj","9":"tag-calculos-judiciais","10":"tag-calculos-tributarios","11":"tag-cofins","12":"tag-direito-tributario","13":"tag-divida-ativa","14":"tag-fazenda-publica","15":"tag-icms","16":"tag-iptu","17":"tag-irrf","18":"tag-isgn","19":"tag-iss","20":"tag-pericia","21":"tag-pis","22":"tag-stj"},"yoast_head":"<!-- This site is optimized with the Yoast SEO plugin v27.2 - https:\/\/yoast.com\/product\/yoast-seo-wordpress\/ -->\n<title>STJ: Com\u00e9rcio eletr\u00f4nico cresce de forma exponencial e gera demandas no Judici\u00e1rio | Portal de Not\u00edcias<\/title>\n<meta name=\"robots\" content=\"index, follow, max-snippet:-1, max-image-preview:large, max-video-preview:-1\" \/>\n<link rel=\"canonical\" href=\"https:\/\/mhcalculos.com.br\/noticias\/area\/tributario\/comercio-eletronico-cresce-de-forma-exponencial-e-gera-demandas-no-judiciario.html\" \/>\n<meta property=\"og:locale\" content=\"pt_BR\" \/>\n<meta property=\"og:type\" content=\"article\" \/>\n<meta property=\"og:title\" content=\"STJ: Com\u00e9rcio eletr\u00f4nico cresce de forma exponencial e gera demandas no Judici\u00e1rio | Portal de Not\u00edcias\" \/>\n<meta property=\"og:description\" content=\"Modalidade de vendas que come\u00e7ou em 1995, o com\u00e9rcio eletr\u00f4nico j\u00e1 \u00e9 utilizado por 48 milh\u00f5es de brasileiros, movimentando anualmente R$ 50 bilh\u00f5es, segundo dados da Ebit, entidade que monitora as estat\u00edsticas do setor. O crescimento \u00e9 constante, registrando taxas superiores a 10% no comparativo com o ano anterior. O novo h\u00e1bito do consumidor brasileiro [&hellip;]\" \/>\n<meta property=\"og:url\" content=\"https:\/\/mhcalculos.com.br\/noticias\/area\/tributario\/comercio-eletronico-cresce-de-forma-exponencial-e-gera-demandas-no-judiciario.html\" \/>\n<meta property=\"og:site_name\" content=\"Portal de Not\u00edcias\" \/>\n<meta property=\"article:published_time\" content=\"2018-04-30T10:38:10+00:00\" \/>\n<meta property=\"article:modified_time\" content=\"2021-07-28T17:35:08+00:00\" \/>\n<meta property=\"og:image\" content=\"https:\/\/mhcalculos.com.br\/noticias\/wp-content\/uploads\/sites\/2\/2018\/04\/tributario-0046.jpg\" \/>\n\t<meta property=\"og:image:width\" content=\"2000\" \/>\n\t<meta property=\"og:image:height\" content=\"800\" \/>\n\t<meta property=\"og:image:type\" content=\"image\/jpeg\" \/>\n<meta name=\"author\" content=\"Equipe MH\" \/>\n<meta name=\"twitter:card\" content=\"summary_large_image\" \/>\n<meta name=\"twitter:label1\" content=\"Escrito por\" \/>\n\t<meta name=\"twitter:data1\" content=\"Equipe MH\" \/>\n\t<meta name=\"twitter:label2\" content=\"Est. tempo de leitura\" \/>\n\t<meta name=\"twitter:data2\" content=\"8 minutos\" \/>\n<script type=\"application\/ld+json\" class=\"yoast-schema-graph\">{\"@context\":\"https:\/\/schema.org\",\"@graph\":[{\"@type\":\"Article\",\"@id\":\"https:\/\/mhcalculos.com.br\/noticias\/area\/tributario\/comercio-eletronico-cresce-de-forma-exponencial-e-gera-demandas-no-judiciario.html#article\",\"isPartOf\":{\"@id\":\"https:\/\/mhcalculos.com.br\/noticias\/area\/tributario\/comercio-eletronico-cresce-de-forma-exponencial-e-gera-demandas-no-judiciario.html\"},\"author\":{\"name\":\"Equipe MH\",\"@id\":\"https:\/\/mhcalculos.com.br\/noticias\/#\/schema\/person\/88d1c34bf72dc779ea14a5a6b8e0ae8d\"},\"headline\":\"STJ: Com\u00e9rcio eletr\u00f4nico cresce de forma exponencial e gera demandas no Judici\u00e1rio\",\"datePublished\":\"2018-04-30T10:38:10+00:00\",\"dateModified\":\"2021-07-28T17:35:08+00:00\",\"mainEntityOfPage\":{\"@id\":\"https:\/\/mhcalculos.com.br\/noticias\/area\/tributario\/comercio-eletronico-cresce-de-forma-exponencial-e-gera-demandas-no-judiciario.html\"},\"wordCount\":1518,\"commentCount\":0,\"image\":{\"@id\":\"https:\/\/mhcalculos.com.br\/noticias\/area\/tributario\/comercio-eletronico-cresce-de-forma-exponencial-e-gera-demandas-no-judiciario.html#primaryimage\"},\"thumbnailUrl\":\"https:\/\/mhcalculos.com.br\/noticias\/wp-content\/uploads\/sites\/2\/2018\/04\/tributario-0046.jpg\",\"keywords\":[\"c\u00e1lculos judiciais\",\"c\u00e1lculos tribut\u00e1rios\",\"cofins\",\"direito tribut\u00e1rio\",\"d\u00edvida ativa\",\"fazenda p\u00fablica\",\"icms\",\"iptu\",\"irrf\",\"ISGN\",\"iss\",\"per\u00edcia\",\"pis\",\"stj\"],\"articleSection\":[\"Direito Tribut\u00e1rio\",\"STJ\"],\"inLanguage\":\"pt-BR\",\"potentialAction\":[{\"@type\":\"CommentAction\",\"name\":\"Comment\",\"target\":[\"https:\/\/mhcalculos.com.br\/noticias\/area\/tributario\/comercio-eletronico-cresce-de-forma-exponencial-e-gera-demandas-no-judiciario.html#respond\"]}]},{\"@type\":\"WebPage\",\"@id\":\"https:\/\/mhcalculos.com.br\/noticias\/area\/tributario\/comercio-eletronico-cresce-de-forma-exponencial-e-gera-demandas-no-judiciario.html\",\"url\":\"https:\/\/mhcalculos.com.br\/noticias\/area\/tributario\/comercio-eletronico-cresce-de-forma-exponencial-e-gera-demandas-no-judiciario.html\",\"name\":\"STJ: Com\u00e9rcio eletr\u00f4nico cresce de forma exponencial e gera demandas no Judici\u00e1rio | Portal de Not\u00edcias\",\"isPartOf\":{\"@id\":\"https:\/\/mhcalculos.com.br\/noticias\/#website\"},\"primaryImageOfPage\":{\"@id\":\"https:\/\/mhcalculos.com.br\/noticias\/area\/tributario\/comercio-eletronico-cresce-de-forma-exponencial-e-gera-demandas-no-judiciario.html#primaryimage\"},\"image\":{\"@id\":\"https:\/\/mhcalculos.com.br\/noticias\/area\/tributario\/comercio-eletronico-cresce-de-forma-exponencial-e-gera-demandas-no-judiciario.html#primaryimage\"},\"thumbnailUrl\":\"https:\/\/mhcalculos.com.br\/noticias\/wp-content\/uploads\/sites\/2\/2018\/04\/tributario-0046.jpg\",\"datePublished\":\"2018-04-30T10:38:10+00:00\",\"dateModified\":\"2021-07-28T17:35:08+00:00\",\"author\":{\"@id\":\"https:\/\/mhcalculos.com.br\/noticias\/#\/schema\/person\/88d1c34bf72dc779ea14a5a6b8e0ae8d\"},\"breadcrumb\":{\"@id\":\"https:\/\/mhcalculos.com.br\/noticias\/area\/tributario\/comercio-eletronico-cresce-de-forma-exponencial-e-gera-demandas-no-judiciario.html#breadcrumb\"},\"inLanguage\":\"pt-BR\",\"potentialAction\":[{\"@type\":\"ReadAction\",\"target\":[\"https:\/\/mhcalculos.com.br\/noticias\/area\/tributario\/comercio-eletronico-cresce-de-forma-exponencial-e-gera-demandas-no-judiciario.html\"]}]},{\"@type\":\"ImageObject\",\"inLanguage\":\"pt-BR\",\"@id\":\"https:\/\/mhcalculos.com.br\/noticias\/area\/tributario\/comercio-eletronico-cresce-de-forma-exponencial-e-gera-demandas-no-judiciario.html#primaryimage\",\"url\":\"https:\/\/mhcalculos.com.br\/noticias\/wp-content\/uploads\/sites\/2\/2018\/04\/tributario-0046.jpg\",\"contentUrl\":\"https:\/\/mhcalculos.com.br\/noticias\/wp-content\/uploads\/sites\/2\/2018\/04\/tributario-0046.jpg\",\"width\":2000,\"height\":800},{\"@type\":\"BreadcrumbList\",\"@id\":\"https:\/\/mhcalculos.com.br\/noticias\/area\/tributario\/comercio-eletronico-cresce-de-forma-exponencial-e-gera-demandas-no-judiciario.html#breadcrumb\",\"itemListElement\":[{\"@type\":\"ListItem\",\"position\":1,\"name\":\"In\u00edcio\",\"item\":\"https:\/\/mhcalculos.com.br\/noticias\/\"},{\"@type\":\"ListItem\",\"position\":2,\"name\":\"STJ: Com\u00e9rcio eletr\u00f4nico cresce de forma exponencial e gera demandas no Judici\u00e1rio\"}]},{\"@type\":\"WebSite\",\"@id\":\"https:\/\/mhcalculos.com.br\/noticias\/#website\",\"url\":\"https:\/\/mhcalculos.com.br\/noticias\/\",\"name\":\"Portal de Not\u00edcias\",\"description\":\"Not\u00edcias e Jurisprud\u00eancia\",\"potentialAction\":[{\"@type\":\"SearchAction\",\"target\":{\"@type\":\"EntryPoint\",\"urlTemplate\":\"https:\/\/mhcalculos.com.br\/noticias\/?s={search_term_string}\"},\"query-input\":{\"@type\":\"PropertyValueSpecification\",\"valueRequired\":true,\"valueName\":\"search_term_string\"}}],\"inLanguage\":\"pt-BR\"},{\"@type\":\"Person\",\"@id\":\"https:\/\/mhcalculos.com.br\/noticias\/#\/schema\/person\/88d1c34bf72dc779ea14a5a6b8e0ae8d\",\"name\":\"Equipe MH\",\"image\":{\"@type\":\"ImageObject\",\"inLanguage\":\"pt-BR\",\"@id\":\"https:\/\/secure.gravatar.com\/avatar\/de1c686c2ecc9c5a3f327e3431d819eb39f8f05d4e1045f5a1caad6daaba987f?s=96&d=mm&r=g\",\"url\":\"https:\/\/secure.gravatar.com\/avatar\/de1c686c2ecc9c5a3f327e3431d819eb39f8f05d4e1045f5a1caad6daaba987f?s=96&d=mm&r=g\",\"contentUrl\":\"https:\/\/secure.gravatar.com\/avatar\/de1c686c2ecc9c5a3f327e3431d819eb39f8f05d4e1045f5a1caad6daaba987f?s=96&d=mm&r=g\",\"caption\":\"Equipe MH\"}}]}<\/script>\n<!-- \/ Yoast SEO plugin. -->","yoast_head_json":{"title":"STJ: Com\u00e9rcio eletr\u00f4nico cresce de forma exponencial e gera demandas no Judici\u00e1rio | Portal de Not\u00edcias","robots":{"index":"index","follow":"follow","max-snippet":"max-snippet:-1","max-image-preview":"max-image-preview:large","max-video-preview":"max-video-preview:-1"},"canonical":"https:\/\/mhcalculos.com.br\/noticias\/area\/tributario\/comercio-eletronico-cresce-de-forma-exponencial-e-gera-demandas-no-judiciario.html","og_locale":"pt_BR","og_type":"article","og_title":"STJ: Com\u00e9rcio eletr\u00f4nico cresce de forma exponencial e gera demandas no Judici\u00e1rio | Portal de Not\u00edcias","og_description":"Modalidade de vendas que come\u00e7ou em 1995, o com\u00e9rcio eletr\u00f4nico j\u00e1 \u00e9 utilizado por 48 milh\u00f5es de brasileiros, movimentando anualmente R$ 50 bilh\u00f5es, segundo dados da Ebit, entidade que monitora as estat\u00edsticas do setor. O crescimento \u00e9 constante, registrando taxas superiores a 10% no comparativo com o ano anterior. O novo h\u00e1bito do consumidor brasileiro [&hellip;]","og_url":"https:\/\/mhcalculos.com.br\/noticias\/area\/tributario\/comercio-eletronico-cresce-de-forma-exponencial-e-gera-demandas-no-judiciario.html","og_site_name":"Portal de Not\u00edcias","article_published_time":"2018-04-30T10:38:10+00:00","article_modified_time":"2021-07-28T17:35:08+00:00","og_image":[{"width":2000,"height":800,"url":"https:\/\/mhcalculos.com.br\/noticias\/wp-content\/uploads\/sites\/2\/2018\/04\/tributario-0046.jpg","type":"image\/jpeg"}],"author":"Equipe MH","twitter_card":"summary_large_image","twitter_misc":{"Escrito por":"Equipe MH","Est. tempo de leitura":"8 minutos"},"schema":{"@context":"https:\/\/schema.org","@graph":[{"@type":"Article","@id":"https:\/\/mhcalculos.com.br\/noticias\/area\/tributario\/comercio-eletronico-cresce-de-forma-exponencial-e-gera-demandas-no-judiciario.html#article","isPartOf":{"@id":"https:\/\/mhcalculos.com.br\/noticias\/area\/tributario\/comercio-eletronico-cresce-de-forma-exponencial-e-gera-demandas-no-judiciario.html"},"author":{"name":"Equipe MH","@id":"https:\/\/mhcalculos.com.br\/noticias\/#\/schema\/person\/88d1c34bf72dc779ea14a5a6b8e0ae8d"},"headline":"STJ: Com\u00e9rcio eletr\u00f4nico cresce de forma exponencial e gera demandas no Judici\u00e1rio","datePublished":"2018-04-30T10:38:10+00:00","dateModified":"2021-07-28T17:35:08+00:00","mainEntityOfPage":{"@id":"https:\/\/mhcalculos.com.br\/noticias\/area\/tributario\/comercio-eletronico-cresce-de-forma-exponencial-e-gera-demandas-no-judiciario.html"},"wordCount":1518,"commentCount":0,"image":{"@id":"https:\/\/mhcalculos.com.br\/noticias\/area\/tributario\/comercio-eletronico-cresce-de-forma-exponencial-e-gera-demandas-no-judiciario.html#primaryimage"},"thumbnailUrl":"https:\/\/mhcalculos.com.br\/noticias\/wp-content\/uploads\/sites\/2\/2018\/04\/tributario-0046.jpg","keywords":["c\u00e1lculos judiciais","c\u00e1lculos tribut\u00e1rios","cofins","direito tribut\u00e1rio","d\u00edvida ativa","fazenda p\u00fablica","icms","iptu","irrf","ISGN","iss","per\u00edcia","pis","stj"],"articleSection":["Direito Tribut\u00e1rio","STJ"],"inLanguage":"pt-BR","potentialAction":[{"@type":"CommentAction","name":"Comment","target":["https:\/\/mhcalculos.com.br\/noticias\/area\/tributario\/comercio-eletronico-cresce-de-forma-exponencial-e-gera-demandas-no-judiciario.html#respond"]}]},{"@type":"WebPage","@id":"https:\/\/mhcalculos.com.br\/noticias\/area\/tributario\/comercio-eletronico-cresce-de-forma-exponencial-e-gera-demandas-no-judiciario.html","url":"https:\/\/mhcalculos.com.br\/noticias\/area\/tributario\/comercio-eletronico-cresce-de-forma-exponencial-e-gera-demandas-no-judiciario.html","name":"STJ: Com\u00e9rcio eletr\u00f4nico cresce de forma exponencial e gera demandas no Judici\u00e1rio | Portal de Not\u00edcias","isPartOf":{"@id":"https:\/\/mhcalculos.com.br\/noticias\/#website"},"primaryImageOfPage":{"@id":"https:\/\/mhcalculos.com.br\/noticias\/area\/tributario\/comercio-eletronico-cresce-de-forma-exponencial-e-gera-demandas-no-judiciario.html#primaryimage"},"image":{"@id":"https:\/\/mhcalculos.com.br\/noticias\/area\/tributario\/comercio-eletronico-cresce-de-forma-exponencial-e-gera-demandas-no-judiciario.html#primaryimage"},"thumbnailUrl":"https:\/\/mhcalculos.com.br\/noticias\/wp-content\/uploads\/sites\/2\/2018\/04\/tributario-0046.jpg","datePublished":"2018-04-30T10:38:10+00:00","dateModified":"2021-07-28T17:35:08+00:00","author":{"@id":"https:\/\/mhcalculos.com.br\/noticias\/#\/schema\/person\/88d1c34bf72dc779ea14a5a6b8e0ae8d"},"breadcrumb":{"@id":"https:\/\/mhcalculos.com.br\/noticias\/area\/tributario\/comercio-eletronico-cresce-de-forma-exponencial-e-gera-demandas-no-judiciario.html#breadcrumb"},"inLanguage":"pt-BR","potentialAction":[{"@type":"ReadAction","target":["https:\/\/mhcalculos.com.br\/noticias\/area\/tributario\/comercio-eletronico-cresce-de-forma-exponencial-e-gera-demandas-no-judiciario.html"]}]},{"@type":"ImageObject","inLanguage":"pt-BR","@id":"https:\/\/mhcalculos.com.br\/noticias\/area\/tributario\/comercio-eletronico-cresce-de-forma-exponencial-e-gera-demandas-no-judiciario.html#primaryimage","url":"https:\/\/mhcalculos.com.br\/noticias\/wp-content\/uploads\/sites\/2\/2018\/04\/tributario-0046.jpg","contentUrl":"https:\/\/mhcalculos.com.br\/noticias\/wp-content\/uploads\/sites\/2\/2018\/04\/tributario-0046.jpg","width":2000,"height":800},{"@type":"BreadcrumbList","@id":"https:\/\/mhcalculos.com.br\/noticias\/area\/tributario\/comercio-eletronico-cresce-de-forma-exponencial-e-gera-demandas-no-judiciario.html#breadcrumb","itemListElement":[{"@type":"ListItem","position":1,"name":"In\u00edcio","item":"https:\/\/mhcalculos.com.br\/noticias\/"},{"@type":"ListItem","position":2,"name":"STJ: Com\u00e9rcio eletr\u00f4nico cresce de forma exponencial e gera demandas no Judici\u00e1rio"}]},{"@type":"WebSite","@id":"https:\/\/mhcalculos.com.br\/noticias\/#website","url":"https:\/\/mhcalculos.com.br\/noticias\/","name":"Portal de Not\u00edcias","description":"Not\u00edcias e Jurisprud\u00eancia","potentialAction":[{"@type":"SearchAction","target":{"@type":"EntryPoint","urlTemplate":"https:\/\/mhcalculos.com.br\/noticias\/?s={search_term_string}"},"query-input":{"@type":"PropertyValueSpecification","valueRequired":true,"valueName":"search_term_string"}}],"inLanguage":"pt-BR"},{"@type":"Person","@id":"https:\/\/mhcalculos.com.br\/noticias\/#\/schema\/person\/88d1c34bf72dc779ea14a5a6b8e0ae8d","name":"Equipe MH","image":{"@type":"ImageObject","inLanguage":"pt-BR","@id":"https:\/\/secure.gravatar.com\/avatar\/de1c686c2ecc9c5a3f327e3431d819eb39f8f05d4e1045f5a1caad6daaba987f?s=96&d=mm&r=g","url":"https:\/\/secure.gravatar.com\/avatar\/de1c686c2ecc9c5a3f327e3431d819eb39f8f05d4e1045f5a1caad6daaba987f?s=96&d=mm&r=g","contentUrl":"https:\/\/secure.gravatar.com\/avatar\/de1c686c2ecc9c5a3f327e3431d819eb39f8f05d4e1045f5a1caad6daaba987f?s=96&d=mm&r=g","caption":"Equipe MH"}}]}},"_links":{"self":[{"href":"https:\/\/mhcalculos.com.br\/noticias\/wp-json\/wp\/v2\/posts\/844","targetHints":{"allow":["GET"]}}],"collection":[{"href":"https:\/\/mhcalculos.com.br\/noticias\/wp-json\/wp\/v2\/posts"}],"about":[{"href":"https:\/\/mhcalculos.com.br\/noticias\/wp-json\/wp\/v2\/types\/post"}],"author":[{"embeddable":true,"href":"https:\/\/mhcalculos.com.br\/noticias\/wp-json\/wp\/v2\/users\/3063"}],"replies":[{"embeddable":true,"href":"https:\/\/mhcalculos.com.br\/noticias\/wp-json\/wp\/v2\/comments?post=844"}],"version-history":[{"count":2,"href":"https:\/\/mhcalculos.com.br\/noticias\/wp-json\/wp\/v2\/posts\/844\/revisions"}],"predecessor-version":[{"id":6860,"href":"https:\/\/mhcalculos.com.br\/noticias\/wp-json\/wp\/v2\/posts\/844\/revisions\/6860"}],"wp:featuredmedia":[{"embeddable":true,"href":"https:\/\/mhcalculos.com.br\/noticias\/wp-json\/wp\/v2\/media\/845"}],"wp:attachment":[{"href":"https:\/\/mhcalculos.com.br\/noticias\/wp-json\/wp\/v2\/media?parent=844"}],"wp:term":[{"taxonomy":"category","embeddable":true,"href":"https:\/\/mhcalculos.com.br\/noticias\/wp-json\/wp\/v2\/categories?post=844"},{"taxonomy":"post_tag","embeddable":true,"href":"https:\/\/mhcalculos.com.br\/noticias\/wp-json\/wp\/v2\/tags?post=844"}],"curies":[{"name":"wp","href":"https:\/\/api.w.org\/{rel}","templated":true}]}}