{"id":8237,"date":"2021-07-12T08:30:00","date_gmt":"2021-07-12T11:30:00","guid":{"rendered":"https:\/\/mhcalculos.com.br\/noticias\/area\/trabalhista\/tst-operador-consegue-afastar-prescricao-declarada-de-oficio-por-juiz-de-primeiro-grau.html"},"modified":"2021-07-28T14:25:57","modified_gmt":"2021-07-28T17:25:57","slug":"tst-operador-consegue-afastar-prescricao-declarada-de-oficio-por-juiz-de-primeiro-grau","status":"publish","type":"post","link":"https:\/\/mhcalculos.com.br\/noticias\/area\/trabalhista\/tst-operador-consegue-afastar-prescricao-declarada-de-oficio-por-juiz-de-primeiro-grau.html","title":{"rendered":"TST: Operador consegue afastar prescri\u00e7\u00e3o declarada, de of\u00edcio, por juiz de primeiro grau"},"content":{"rendered":"<p><br \/>\n<\/p>\n<p><em><\/p>\n<p>Norma do CPC que permite essa declara\u00e7\u00e3o n\u00e3o se aplica ao Direito Processual do Trabalho.<\/p>\n<p><\/em><\/p>\n<p>        <a class=\"share-facebook\" href=\"https:\/\/www.facebook.com\/sharer.php?u=http:\/\/www.tst.jus.br\/-\/operador-consegue-afastar-prescri%C3%A7%C3%A3o-declarada-de-of%C3%ADcio-por-juiz-de-primeiro-grau\" target=\"_blank\" rel=\"noopener\"><\/a><br \/>\n        <a class=\"share-twitter\" href=\"http:\/\/twitter.com\/intent\/tweet?text=Operador consegue afastar prescri\u00e7\u00e3o declarada, de of\u00edcio, por juiz de primeiro grau%0AVeja%20mais%20em:&amp;url=http:\/\/www.tst.jus.br\/-\/operador-consegue-afastar-prescri%C3%A7%C3%A3o-declarada-de-of%C3%ADcio-por-juiz-de-primeiro-grau\" target=\"_blank\" rel=\"noopener\"><\/a><br \/>\n        <a class=\"share-linkedin\" href=\"https:\/\/www.linkedin.com\/shareArticle?mini=true&amp;url=http:\/\/www.tst.jus.br\/-\/operador-consegue-afastar-prescri%C3%A7%C3%A3o-declarada-de-of%C3%ADcio-por-juiz-de-primeiro-grau&amp;title=Operador consegue afastar prescri\u00e7\u00e3o declarada, de of\u00edcio, por juiz de primeiro grau\" target=\"_blank\" rel=\"noopener\"><\/a><br \/>\n        <a class=\"share-whatsapp\" href=\"https:\/\/web.whatsapp.com\/send?text=http:\/\/www.tst.jus.br\/-\/operador-consegue-afastar-prescri%C3%A7%C3%A3o-declarada-de-of%C3%ADcio-por-juiz-de-primeiro-grau\" target=\"_blank\" rel=\"noopener\"><\/a><br \/>\n        <a class=\"share-googleplus\" href=\"https:\/\/plus.google.com\/share?url=http:\/\/www.tst.jus.br\/-\/operador-consegue-afastar-prescri%C3%A7%C3%A3o-declarada-de-of%C3%ADcio-por-juiz-de-primeiro-grau\" target=\"_blank\" rel=\"noopener\"><\/a><\/p>\n<p>                <\/p>\n<p>Imagem da est\u00e1tua da Deusa Th\u00eamis, s\u00edmbolo da Justi\u00e7a, com rel\u00f3gio ao fundo<\/p>\n<p>                    <a class=\"share-facebook\" href=\"https:\/\/www.facebook.com\/sharer.php?u=http:\/\/www.tst.jus.br\/-\/operador-consegue-afastar-prescri%C3%A7%C3%A3o-declarada-de-of%C3%ADcio-por-juiz-de-primeiro-grau\" target=\"_blank\" rel=\"noopener\"><\/a><br \/>\n                    <a class=\"share-twitter\" href=\"http:\/\/twitter.com\/intent\/tweet?text=Operador consegue afastar prescri\u00e7\u00e3o declarada, de of\u00edcio, por juiz de primeiro grau%0AVeja%20mais%20em:&amp;url=http:\/\/www.tst.jus.br\/-\/operador-consegue-afastar-prescri%C3%A7%C3%A3o-declarada-de-of%C3%ADcio-por-juiz-de-primeiro-grau\" target=\"_blank\" rel=\"noopener\"><\/a><br \/>\n                    <a class=\"share-linkedin\" href=\"https:\/\/www.linkedin.com\/shareArticle?mini=true&amp;url=http:\/\/www.tst.jus.br\/-\/operador-consegue-afastar-prescri%C3%A7%C3%A3o-declarada-de-of%C3%ADcio-por-juiz-de-primeiro-grau&amp;title=Operador consegue afastar prescri\u00e7\u00e3o declarada, de of\u00edcio, por juiz de primeiro grau\" target=\"_blank\" rel=\"noopener\"><\/a><br \/>\n                    <a class=\"share-whatsapp\" href=\"https:\/\/web.whatsapp.com\/send?text=http:\/\/www.tst.jus.br\/-\/operador-consegue-afastar-prescri%C3%A7%C3%A3o-declarada-de-of%C3%ADcio-por-juiz-de-primeiro-grau\" target=\"_blank\" rel=\"noopener\"><\/a><br \/>\n                    <a class=\"share-googleplus\" href=\"https:\/\/plus.google.com\/share?url=http:\/\/www.tst.jus.br\/-\/operador-consegue-afastar-prescri%C3%A7%C3%A3o-declarada-de-of%C3%ADcio-por-juiz-de-primeiro-grau\" target=\"_blank\" rel=\"noopener\"><\/a><\/p>\n<p >12\/7\/2021 &#8211; A Quarta Turma do Tribunal Superior do Trabalho afastou a prescri\u00e7\u00e3o declarada, de of\u00edcio, pelo ju\u00edzo de primeiro grau sobre os direitos que um operador de m\u00e1quina cobrou da Alptec do Brasil Ltda. De acordo com os ministros, o dispositivo do C\u00f3digo de Processo Civil que permite ao juiz declarar, de of\u00edcio, a prescri\u00e7\u00e3o n\u00e3o tem aplica\u00e7\u00e3o subsidi\u00e1ria no Direito Processual Trabalho, pois contraria princ\u00edpio desse ramo do Direito.&nbsp;<\/p>\n<p ><strong>Revelia do empregador e confiss\u00e3o&nbsp;<\/strong><\/p>\n<p >O operador de m\u00e1quina injetora apresentou reclama\u00e7\u00e3o trabalhista, no dia 17\/7\/2017, contra a Alptec do Brasil Ltda., com a qual manteve v\u00ednculo de emprego entre 3\/5\/2010 e 7\/8\/2015. Entre os pedidos, pleiteou o pagamento de adicional de insalubridade, as horas extras e a remunera\u00e7\u00e3o em dobro pelos trabalhos em domingos e feriados. A empresa n\u00e3o compareceu \u00e0 audi\u00eancia na 8\u00aa Vara do Trabalho de S\u00e3o Paulo (SP), e, em fun\u00e7\u00e3o disso, o ju\u00edzo declarou a revelia da empregadora e considerou como verdadeiras as alega\u00e7\u00f5es feitas pelo empregado e que n\u00e3o foram contestadas por outras empresas listadas na a\u00e7\u00e3o.&nbsp;<\/p>\n<p ><strong>Prescri\u00e7\u00e3o declarada de of\u00edcio<\/strong><\/p>\n<p >O ju\u00edzo primeiro grau julgou procedentes esses pedidos do operador, mas restringiu a condena\u00e7\u00e3o \u00e0s verbas devidas a partir de 17\/7\/2012. Isso porque, sem manifesta\u00e7\u00e3o da defesa da Alptec, o juiz aplicou, por iniciativa pr\u00f3pria, a limita\u00e7\u00e3o temporal por entender que estavam prescritos (n\u00e3o podiam mais ser pretendidos) direitos referentes a fatos ocorridos h\u00e1 mais de cinco anos da apresenta\u00e7\u00e3o da a\u00e7\u00e3o. O fundamento \u00e9 o <a href=\"https:\/\/www.planalto.gov.br\/ccivil_03\/constituicao\/constituicao.htm#art7\" target=\"_blank\" rel=\"noopener\">artigo 7\u00ba<\/a>, inciso XXIX, da Constitui\u00e7\u00e3o da Rep\u00fablica. Conforme a norma, o trabalhador pode pedir, judicialmente, cr\u00e9ditos resultantes das rela\u00e7\u00f5es de trabalho, com prazo prescricional de cinco anos at\u00e9 o limite de dois anos ap\u00f3s a extin\u00e7\u00e3o do contrato.&nbsp;<\/p>\n<p >Em recurso ordin\u00e1rio ao Tribunal Regional do Trabalho da 2\u00aa Regi\u00e3o, o operador alegou que a pron\u00fancia de of\u00edcio (por iniciativa pr\u00f3pria do juiz) da prescri\u00e7\u00e3o \u00e9 incompat\u00edvel com os princ\u00edpios protetivos do Direito do Trabalho em rela\u00e7\u00e3o ao trabalhador. No entanto, o TRT manteve a restri\u00e7\u00e3o imposta na senten\u00e7a. Para o Tribunal Regional, aplica-se a esse ramo do Direito o <a href=\"https:\/\/www.planalto.gov.br\/ccivil_03\/_ato2015-2018\/2015\/lei\/l13105.htm#art487\" target=\"_blank\" rel=\"noopener\">artigo 487<\/a>, inciso II, do C\u00f3digo de Processo Civil de 2015, pelo qual haver\u00e1 resolu\u00e7\u00e3o de m\u00e9rito do caso quando o juiz decidir, de of\u00edcio ou a requerimento, sobre a ocorr\u00eancia de decad\u00eancia ou prescri\u00e7\u00e3o do direito de a\u00e7\u00e3o.<\/p>\n<p ><strong>Direito Processual do Trabalho&nbsp;<\/strong><\/p>\n<p >Ao TST, o operador apresentou recurso de revista. O relator do processo na Quarta Turma, ministro Alexandre Luiz Ramos, votou no sentido de afastar a prescri\u00e7\u00e3o declarada de of\u00edcio e determinar o retorno dos autos \u00e0 Vara de origem, a fim de que julgue os pedidos referentes ao per\u00edodo anterior a 17\/7\/2012, como entender de direito.&nbsp;<\/p>\n<p >De acordo com o ministro, o TST firmou entendimento de que o disposto no artigo 219, par\u00e1grafo 5\u00ba, do CPC\/1973 (correspondente ao artigo 487, inciso II, do CPC\/15) n\u00e3o se aplica subsidiariamente ao processo trabalhista, e, portanto, a aplica\u00e7\u00e3o do referido dispositivo n\u00e3o encontra amparo no <a href=\"https:\/\/www.planalto.gov.br\/ccivil_03\/decreto-lei\/del5452.htm#art769\" target=\"_blank\" rel=\"noopener\">artigo 769<\/a> da CLT. Pelo artigo 769, nos casos omissos, o direito processual comum ser\u00e1 fonte subsidi\u00e1ria do Direito Processual do Trabalho, exceto naquilo em que for incompat\u00edvel com as diretrizes trabalhistas.<\/p>\n<p >O relator ainda destacou tese fixada pela Subse\u00e7\u00e3o I Especializada em Diss\u00eddios Individuais (SDI-1) do TST no sentido de que a disposi\u00e7\u00e3o contida no artigo&nbsp;219, par\u00e1grafo 5\u00ba, do CPC de 1973, ao prever a decreta\u00e7\u00e3o de of\u00edcio da prescri\u00e7\u00e3o, n\u00e3o se compatibiliza com os princ\u00edpios que regem o Direito do Trabalho, notadamente o da prote\u00e7\u00e3o, que busca reequilibrar a disparidade de for\u00e7as entre empregado e empregador. \u201cA decis\u00e3o do Tribunal Regional que entendeu pela possibilidade do reconhecimento da prescri\u00e7\u00e3o de of\u00edcio discrepa da iterativa e not\u00f3ria jurisprud\u00eancia desta Corte Superior, a qual n\u00e3o admite a aplica\u00e7\u00e3o do artigo 219, par\u00e1grafo 5\u00ba, do CPC\/1973 (artigo 487, inciso II, do CPC\/2015) no \u00e2mbito da Justi\u00e7a do Trabalho\u201d, concluiu o ministro.<\/p>\n<p >Por unanimidade, a Quarta Turma acompanhou o voto do relator.<\/p>\n<p >(GS)<\/p>\n<p >Processo: <a href=\"http:\/\/aplicacao4.tst.jus.br\/consultaProcessual\/resumoForm.do?consulta=1&amp;numeroInt=40967&amp;anoInt=2019\" target=\"_blank\" rel=\"noopener\">RR-1001209-25.2017.5.02.0708<\/a><\/p>\n<p >O TST possui oito Turmas, cada uma composta de tr\u00eas ministros, com a atribui\u00e7\u00e3o de analisar recursos de revista, agravos, agravos de instrumento, agravos regimentais e recursos ordin\u00e1rios em a\u00e7\u00e3o cautelar. Das decis\u00f5es das Turmas, a parte ainda pode, em alguns casos, recorrer \u00e0 Subse\u00e7\u00e3o I Especializada em Diss\u00eddios Individuais (SBDI-1).<\/p>\n<p >Esta mat\u00e9ria tem cunho meramente informativo.<br \/>\nPermitida a reprodu\u00e7\u00e3o mediante cita\u00e7\u00e3o da fonte.<br \/>\nSecretaria de Comunica\u00e7\u00e3o Social<br \/>\nTribunal Superior do Trabalho<br \/>\nTel. (61) 3043-4907&nbsp;<br \/>\nsecom@tst.jus.br<\/p>\n<p>    $(&#8216;#lightbox-ctue_ .slider-gallery-wrapper img&#8217;).hover(<br \/>\n    function() {<br \/>\n        const $text=$($($(this).parent()).next());<br \/>\n        $text.hasClass(&#8216;inside-description&#8217;) &amp;&amp; $text.fadeTo( &#8220;slow&#8221; , 0);<br \/>\n    }, function() {<br \/>\n        const $text=$($($(this).parent()).next());<br \/>\n        $text.hasClass(&#8216;inside-description&#8217;) &amp;&amp; $text.fadeTo( &#8220;slow&#8221; , 1);<br \/>\n    }<br \/>\n    );<br \/>\n    $(document).ready(function() {<br \/>\n        var ctue_autoplaying=false;<br \/>\n        var ctue_showingLightbox=false;<br \/>\n        const ctue_playPauseControllers=&#8221;#slider-ctue_-playpause, #slider-ctue_-lightbox-playpause&#8221;;<br \/>\n        $(&#8220;#slider-ctue_&#8221;).slick({<br \/>\n            slidesToShow: 1,<br \/>\n            slidesToScroll: 1,<br \/>\n            autoplay: ctue_autoplaying,<br \/>\n            swipeToSlide: false,<br \/>\n            centerMode: false,<br \/>\n            autoplaySpeed: 3000,<br \/>\n            focusOnSelect: true,<br \/>\n            prevArrow:<br \/>\n            &#8221;,<br \/>\n            nextArrow:<br \/>\n            &#8221;,<br \/>\n            centerPadding: &#8220;60px&#8221;,<br \/>\n            responsive: [<br \/>\n                {<br \/>\n                    breakpoint: 767.98,<br \/>\n                    settings: {<br \/>\n                        slidesToShow: 3,<br \/>\n                        adaptiveHeight: true<br \/>\n                    }<br \/>\n                }<br \/>\n            ]<br \/>\n        });<br \/>\n        $(&#8220;#slider-ctue_&#8221;).slickLightbox({<br \/>\n            src: &#8216;src&#8217;,<br \/>\n            itemSelector: &#8216;.galery-image .multimidia-wrapper img&#8217;,<br \/>\n            caption:&#8217;caption&#8217;<br \/>\n        });<br \/>\n    });<br \/>\n<script async src=\"https:\/\/platform.twitter.com\/widgets.js\" charset=\"utf-8\"><\/script><br \/>\n<br \/><i>Com informa\u00e7\u00f5es da assessoria de imprensa do TST.<\/i><br \/>\n<br \/><a href=\"http:\/\/www.tst.jus.br\/web\/guest\/noticias?p_p_id=89Dk&#038;p_p_lifecycle=0&#038;refererPlid=10730&#038;_89Dk_groupId=10157&#038;_89Dk_articleId=27451381\">Fonte<\/a><br \/>\n<br \/><\/p>\n","protected":false},"excerpt":{"rendered":"<p>Norma do CPC que permite essa declara\u00e7\u00e3o n\u00e3o se aplica ao Direito Processual do Trabalho. Imagem da est\u00e1tua da Deusa Th\u00eamis, s\u00edmbolo da Justi\u00e7a, com rel\u00f3gio ao fundo 12\/7\/2021 &#8211; A Quarta Turma do Tribunal Superior do Trabalho afastou a prescri\u00e7\u00e3o declarada, de of\u00edcio, pelo ju\u00edzo de primeiro grau sobre os direitos que um operador [&hellip;]<\/p>\n","protected":false},"author":3063,"featured_media":2322,"comment_status":"open","ping_status":"open","sticky":false,"template":"","format":"standard","meta":{"footnotes":""},"categories":[3,21],"tags":[33,216,9,12,217,215],"class_list":{"0":"post-8237","1":"post","2":"type-post","3":"status-publish","4":"format-standard","5":"has-post-thumbnail","7":"category-trabalhista","8":"category-tst","9":"tag-calculos-trabalhistas","10":"tag-direito-trabalhista","11":"tag-pericia","12":"tag-perito","13":"tag-trabalho","14":"tag-tst"},"yoast_head":"<!-- This site is optimized with the Yoast SEO plugin v27.2 - https:\/\/yoast.com\/product\/yoast-seo-wordpress\/ -->\n<title>TST: Operador consegue afastar prescri\u00e7\u00e3o declarada, de of\u00edcio, por juiz de primeiro grau | Portal de Not\u00edcias<\/title>\n<meta name=\"robots\" content=\"index, follow, max-snippet:-1, max-image-preview:large, max-video-preview:-1\" \/>\n<link rel=\"canonical\" href=\"https:\/\/mhcalculos.com.br\/noticias\/area\/trabalhista\/tst-operador-consegue-afastar-prescricao-declarada-de-oficio-por-juiz-de-primeiro-grau.html\" \/>\n<meta property=\"og:locale\" content=\"pt_BR\" \/>\n<meta property=\"og:type\" content=\"article\" \/>\n<meta property=\"og:title\" content=\"TST: Operador consegue afastar prescri\u00e7\u00e3o declarada, de of\u00edcio, por juiz de primeiro grau | Portal de Not\u00edcias\" \/>\n<meta property=\"og:description\" content=\"Norma do CPC que permite essa declara\u00e7\u00e3o n\u00e3o se aplica ao Direito Processual do Trabalho. Imagem da est\u00e1tua da Deusa Th\u00eamis, s\u00edmbolo da Justi\u00e7a, com rel\u00f3gio ao fundo 12\/7\/2021 &#8211; A Quarta Turma do Tribunal Superior do Trabalho afastou a prescri\u00e7\u00e3o declarada, de of\u00edcio, pelo ju\u00edzo de primeiro grau sobre os direitos que um operador [&hellip;]\" \/>\n<meta property=\"og:url\" content=\"https:\/\/mhcalculos.com.br\/noticias\/area\/trabalhista\/tst-operador-consegue-afastar-prescricao-declarada-de-oficio-por-juiz-de-primeiro-grau.html\" \/>\n<meta property=\"og:site_name\" content=\"Portal de Not\u00edcias\" \/>\n<meta property=\"article:published_time\" content=\"2021-07-12T11:30:00+00:00\" \/>\n<meta property=\"article:modified_time\" content=\"2021-07-28T17:25:57+00:00\" \/>\n<meta property=\"og:image\" content=\"https:\/\/mhcalculos.com.br\/noticias\/wp-content\/uploads\/sites\/2\/2018\/06\/trabalhista-0027.jpg\" \/>\n\t<meta property=\"og:image:width\" content=\"2000\" \/>\n\t<meta property=\"og:image:height\" content=\"800\" \/>\n\t<meta property=\"og:image:type\" content=\"image\/jpeg\" \/>\n<meta name=\"author\" content=\"Equipe MH\" \/>\n<meta name=\"twitter:card\" content=\"summary_large_image\" \/>\n<meta name=\"twitter:label1\" content=\"Escrito por\" \/>\n\t<meta name=\"twitter:data1\" content=\"Equipe MH\" \/>\n\t<meta name=\"twitter:label2\" content=\"Est. tempo de leitura\" \/>\n\t<meta name=\"twitter:data2\" content=\"5 minutos\" \/>\n<script type=\"application\/ld+json\" class=\"yoast-schema-graph\">{\"@context\":\"https:\/\/schema.org\",\"@graph\":[{\"@type\":\"Article\",\"@id\":\"https:\/\/mhcalculos.com.br\/noticias\/area\/trabalhista\/tst-operador-consegue-afastar-prescricao-declarada-de-oficio-por-juiz-de-primeiro-grau.html#article\",\"isPartOf\":{\"@id\":\"https:\/\/mhcalculos.com.br\/noticias\/area\/trabalhista\/tst-operador-consegue-afastar-prescricao-declarada-de-oficio-por-juiz-de-primeiro-grau.html\"},\"author\":{\"name\":\"Equipe MH\",\"@id\":\"https:\/\/mhcalculos.com.br\/noticias\/#\/schema\/person\/88d1c34bf72dc779ea14a5a6b8e0ae8d\"},\"headline\":\"TST: Operador consegue afastar prescri\u00e7\u00e3o declarada, de of\u00edcio, por juiz de primeiro grau\",\"datePublished\":\"2021-07-12T11:30:00+00:00\",\"dateModified\":\"2021-07-28T17:25:57+00:00\",\"mainEntityOfPage\":{\"@id\":\"https:\/\/mhcalculos.com.br\/noticias\/area\/trabalhista\/tst-operador-consegue-afastar-prescricao-declarada-de-oficio-por-juiz-de-primeiro-grau.html\"},\"wordCount\":958,\"commentCount\":0,\"image\":{\"@id\":\"https:\/\/mhcalculos.com.br\/noticias\/area\/trabalhista\/tst-operador-consegue-afastar-prescricao-declarada-de-oficio-por-juiz-de-primeiro-grau.html#primaryimage\"},\"thumbnailUrl\":\"https:\/\/mhcalculos.com.br\/noticias\/wp-content\/uploads\/sites\/2\/2018\/06\/trabalhista-0027.jpg\",\"keywords\":[\"c\u00e1lculos trabalhistas\",\"direito trabalhista\",\"per\u00edcia\",\"perito\",\"trabalho\",\"TST\"],\"articleSection\":[\"Direito Trabalhista\",\"TST\"],\"inLanguage\":\"pt-BR\",\"potentialAction\":[{\"@type\":\"CommentAction\",\"name\":\"Comment\",\"target\":[\"https:\/\/mhcalculos.com.br\/noticias\/area\/trabalhista\/tst-operador-consegue-afastar-prescricao-declarada-de-oficio-por-juiz-de-primeiro-grau.html#respond\"]}]},{\"@type\":\"WebPage\",\"@id\":\"https:\/\/mhcalculos.com.br\/noticias\/area\/trabalhista\/tst-operador-consegue-afastar-prescricao-declarada-de-oficio-por-juiz-de-primeiro-grau.html\",\"url\":\"https:\/\/mhcalculos.com.br\/noticias\/area\/trabalhista\/tst-operador-consegue-afastar-prescricao-declarada-de-oficio-por-juiz-de-primeiro-grau.html\",\"name\":\"TST: Operador consegue afastar prescri\u00e7\u00e3o declarada, de of\u00edcio, por juiz de primeiro grau | Portal de Not\u00edcias\",\"isPartOf\":{\"@id\":\"https:\/\/mhcalculos.com.br\/noticias\/#website\"},\"primaryImageOfPage\":{\"@id\":\"https:\/\/mhcalculos.com.br\/noticias\/area\/trabalhista\/tst-operador-consegue-afastar-prescricao-declarada-de-oficio-por-juiz-de-primeiro-grau.html#primaryimage\"},\"image\":{\"@id\":\"https:\/\/mhcalculos.com.br\/noticias\/area\/trabalhista\/tst-operador-consegue-afastar-prescricao-declarada-de-oficio-por-juiz-de-primeiro-grau.html#primaryimage\"},\"thumbnailUrl\":\"https:\/\/mhcalculos.com.br\/noticias\/wp-content\/uploads\/sites\/2\/2018\/06\/trabalhista-0027.jpg\",\"datePublished\":\"2021-07-12T11:30:00+00:00\",\"dateModified\":\"2021-07-28T17:25:57+00:00\",\"author\":{\"@id\":\"https:\/\/mhcalculos.com.br\/noticias\/#\/schema\/person\/88d1c34bf72dc779ea14a5a6b8e0ae8d\"},\"breadcrumb\":{\"@id\":\"https:\/\/mhcalculos.com.br\/noticias\/area\/trabalhista\/tst-operador-consegue-afastar-prescricao-declarada-de-oficio-por-juiz-de-primeiro-grau.html#breadcrumb\"},\"inLanguage\":\"pt-BR\",\"potentialAction\":[{\"@type\":\"ReadAction\",\"target\":[\"https:\/\/mhcalculos.com.br\/noticias\/area\/trabalhista\/tst-operador-consegue-afastar-prescricao-declarada-de-oficio-por-juiz-de-primeiro-grau.html\"]}]},{\"@type\":\"ImageObject\",\"inLanguage\":\"pt-BR\",\"@id\":\"https:\/\/mhcalculos.com.br\/noticias\/area\/trabalhista\/tst-operador-consegue-afastar-prescricao-declarada-de-oficio-por-juiz-de-primeiro-grau.html#primaryimage\",\"url\":\"https:\/\/mhcalculos.com.br\/noticias\/wp-content\/uploads\/sites\/2\/2018\/06\/trabalhista-0027.jpg\",\"contentUrl\":\"https:\/\/mhcalculos.com.br\/noticias\/wp-content\/uploads\/sites\/2\/2018\/06\/trabalhista-0027.jpg\",\"width\":2000,\"height\":800},{\"@type\":\"BreadcrumbList\",\"@id\":\"https:\/\/mhcalculos.com.br\/noticias\/area\/trabalhista\/tst-operador-consegue-afastar-prescricao-declarada-de-oficio-por-juiz-de-primeiro-grau.html#breadcrumb\",\"itemListElement\":[{\"@type\":\"ListItem\",\"position\":1,\"name\":\"In\u00edcio\",\"item\":\"https:\/\/mhcalculos.com.br\/noticias\/\"},{\"@type\":\"ListItem\",\"position\":2,\"name\":\"TST: Operador consegue afastar prescri\u00e7\u00e3o declarada, de of\u00edcio, por juiz de primeiro grau\"}]},{\"@type\":\"WebSite\",\"@id\":\"https:\/\/mhcalculos.com.br\/noticias\/#website\",\"url\":\"https:\/\/mhcalculos.com.br\/noticias\/\",\"name\":\"Portal de Not\u00edcias\",\"description\":\"Not\u00edcias e Jurisprud\u00eancia\",\"potentialAction\":[{\"@type\":\"SearchAction\",\"target\":{\"@type\":\"EntryPoint\",\"urlTemplate\":\"https:\/\/mhcalculos.com.br\/noticias\/?s={search_term_string}\"},\"query-input\":{\"@type\":\"PropertyValueSpecification\",\"valueRequired\":true,\"valueName\":\"search_term_string\"}}],\"inLanguage\":\"pt-BR\"},{\"@type\":\"Person\",\"@id\":\"https:\/\/mhcalculos.com.br\/noticias\/#\/schema\/person\/88d1c34bf72dc779ea14a5a6b8e0ae8d\",\"name\":\"Equipe MH\",\"image\":{\"@type\":\"ImageObject\",\"inLanguage\":\"pt-BR\",\"@id\":\"https:\/\/secure.gravatar.com\/avatar\/de1c686c2ecc9c5a3f327e3431d819eb39f8f05d4e1045f5a1caad6daaba987f?s=96&d=mm&r=g\",\"url\":\"https:\/\/secure.gravatar.com\/avatar\/de1c686c2ecc9c5a3f327e3431d819eb39f8f05d4e1045f5a1caad6daaba987f?s=96&d=mm&r=g\",\"contentUrl\":\"https:\/\/secure.gravatar.com\/avatar\/de1c686c2ecc9c5a3f327e3431d819eb39f8f05d4e1045f5a1caad6daaba987f?s=96&d=mm&r=g\",\"caption\":\"Equipe MH\"}}]}<\/script>\n<!-- \/ Yoast SEO plugin. -->","yoast_head_json":{"title":"TST: Operador consegue afastar prescri\u00e7\u00e3o declarada, de of\u00edcio, por juiz de primeiro grau | Portal de Not\u00edcias","robots":{"index":"index","follow":"follow","max-snippet":"max-snippet:-1","max-image-preview":"max-image-preview:large","max-video-preview":"max-video-preview:-1"},"canonical":"https:\/\/mhcalculos.com.br\/noticias\/area\/trabalhista\/tst-operador-consegue-afastar-prescricao-declarada-de-oficio-por-juiz-de-primeiro-grau.html","og_locale":"pt_BR","og_type":"article","og_title":"TST: Operador consegue afastar prescri\u00e7\u00e3o declarada, de of\u00edcio, por juiz de primeiro grau | Portal de Not\u00edcias","og_description":"Norma do CPC que permite essa declara\u00e7\u00e3o n\u00e3o se aplica ao Direito Processual do Trabalho. Imagem da est\u00e1tua da Deusa Th\u00eamis, s\u00edmbolo da Justi\u00e7a, com rel\u00f3gio ao fundo 12\/7\/2021 &#8211; A Quarta Turma do Tribunal Superior do Trabalho afastou a prescri\u00e7\u00e3o declarada, de of\u00edcio, pelo ju\u00edzo de primeiro grau sobre os direitos que um operador [&hellip;]","og_url":"https:\/\/mhcalculos.com.br\/noticias\/area\/trabalhista\/tst-operador-consegue-afastar-prescricao-declarada-de-oficio-por-juiz-de-primeiro-grau.html","og_site_name":"Portal de Not\u00edcias","article_published_time":"2021-07-12T11:30:00+00:00","article_modified_time":"2021-07-28T17:25:57+00:00","og_image":[{"width":2000,"height":800,"url":"https:\/\/mhcalculos.com.br\/noticias\/wp-content\/uploads\/sites\/2\/2018\/06\/trabalhista-0027.jpg","type":"image\/jpeg"}],"author":"Equipe MH","twitter_card":"summary_large_image","twitter_misc":{"Escrito por":"Equipe MH","Est. tempo de leitura":"5 minutos"},"schema":{"@context":"https:\/\/schema.org","@graph":[{"@type":"Article","@id":"https:\/\/mhcalculos.com.br\/noticias\/area\/trabalhista\/tst-operador-consegue-afastar-prescricao-declarada-de-oficio-por-juiz-de-primeiro-grau.html#article","isPartOf":{"@id":"https:\/\/mhcalculos.com.br\/noticias\/area\/trabalhista\/tst-operador-consegue-afastar-prescricao-declarada-de-oficio-por-juiz-de-primeiro-grau.html"},"author":{"name":"Equipe MH","@id":"https:\/\/mhcalculos.com.br\/noticias\/#\/schema\/person\/88d1c34bf72dc779ea14a5a6b8e0ae8d"},"headline":"TST: Operador consegue afastar prescri\u00e7\u00e3o declarada, de of\u00edcio, por juiz de primeiro grau","datePublished":"2021-07-12T11:30:00+00:00","dateModified":"2021-07-28T17:25:57+00:00","mainEntityOfPage":{"@id":"https:\/\/mhcalculos.com.br\/noticias\/area\/trabalhista\/tst-operador-consegue-afastar-prescricao-declarada-de-oficio-por-juiz-de-primeiro-grau.html"},"wordCount":958,"commentCount":0,"image":{"@id":"https:\/\/mhcalculos.com.br\/noticias\/area\/trabalhista\/tst-operador-consegue-afastar-prescricao-declarada-de-oficio-por-juiz-de-primeiro-grau.html#primaryimage"},"thumbnailUrl":"https:\/\/mhcalculos.com.br\/noticias\/wp-content\/uploads\/sites\/2\/2018\/06\/trabalhista-0027.jpg","keywords":["c\u00e1lculos trabalhistas","direito trabalhista","per\u00edcia","perito","trabalho","TST"],"articleSection":["Direito Trabalhista","TST"],"inLanguage":"pt-BR","potentialAction":[{"@type":"CommentAction","name":"Comment","target":["https:\/\/mhcalculos.com.br\/noticias\/area\/trabalhista\/tst-operador-consegue-afastar-prescricao-declarada-de-oficio-por-juiz-de-primeiro-grau.html#respond"]}]},{"@type":"WebPage","@id":"https:\/\/mhcalculos.com.br\/noticias\/area\/trabalhista\/tst-operador-consegue-afastar-prescricao-declarada-de-oficio-por-juiz-de-primeiro-grau.html","url":"https:\/\/mhcalculos.com.br\/noticias\/area\/trabalhista\/tst-operador-consegue-afastar-prescricao-declarada-de-oficio-por-juiz-de-primeiro-grau.html","name":"TST: Operador consegue afastar prescri\u00e7\u00e3o declarada, de of\u00edcio, por juiz de primeiro grau | Portal de Not\u00edcias","isPartOf":{"@id":"https:\/\/mhcalculos.com.br\/noticias\/#website"},"primaryImageOfPage":{"@id":"https:\/\/mhcalculos.com.br\/noticias\/area\/trabalhista\/tst-operador-consegue-afastar-prescricao-declarada-de-oficio-por-juiz-de-primeiro-grau.html#primaryimage"},"image":{"@id":"https:\/\/mhcalculos.com.br\/noticias\/area\/trabalhista\/tst-operador-consegue-afastar-prescricao-declarada-de-oficio-por-juiz-de-primeiro-grau.html#primaryimage"},"thumbnailUrl":"https:\/\/mhcalculos.com.br\/noticias\/wp-content\/uploads\/sites\/2\/2018\/06\/trabalhista-0027.jpg","datePublished":"2021-07-12T11:30:00+00:00","dateModified":"2021-07-28T17:25:57+00:00","author":{"@id":"https:\/\/mhcalculos.com.br\/noticias\/#\/schema\/person\/88d1c34bf72dc779ea14a5a6b8e0ae8d"},"breadcrumb":{"@id":"https:\/\/mhcalculos.com.br\/noticias\/area\/trabalhista\/tst-operador-consegue-afastar-prescricao-declarada-de-oficio-por-juiz-de-primeiro-grau.html#breadcrumb"},"inLanguage":"pt-BR","potentialAction":[{"@type":"ReadAction","target":["https:\/\/mhcalculos.com.br\/noticias\/area\/trabalhista\/tst-operador-consegue-afastar-prescricao-declarada-de-oficio-por-juiz-de-primeiro-grau.html"]}]},{"@type":"ImageObject","inLanguage":"pt-BR","@id":"https:\/\/mhcalculos.com.br\/noticias\/area\/trabalhista\/tst-operador-consegue-afastar-prescricao-declarada-de-oficio-por-juiz-de-primeiro-grau.html#primaryimage","url":"https:\/\/mhcalculos.com.br\/noticias\/wp-content\/uploads\/sites\/2\/2018\/06\/trabalhista-0027.jpg","contentUrl":"https:\/\/mhcalculos.com.br\/noticias\/wp-content\/uploads\/sites\/2\/2018\/06\/trabalhista-0027.jpg","width":2000,"height":800},{"@type":"BreadcrumbList","@id":"https:\/\/mhcalculos.com.br\/noticias\/area\/trabalhista\/tst-operador-consegue-afastar-prescricao-declarada-de-oficio-por-juiz-de-primeiro-grau.html#breadcrumb","itemListElement":[{"@type":"ListItem","position":1,"name":"In\u00edcio","item":"https:\/\/mhcalculos.com.br\/noticias\/"},{"@type":"ListItem","position":2,"name":"TST: Operador consegue afastar prescri\u00e7\u00e3o declarada, de of\u00edcio, por juiz de primeiro grau"}]},{"@type":"WebSite","@id":"https:\/\/mhcalculos.com.br\/noticias\/#website","url":"https:\/\/mhcalculos.com.br\/noticias\/","name":"Portal de Not\u00edcias","description":"Not\u00edcias e Jurisprud\u00eancia","potentialAction":[{"@type":"SearchAction","target":{"@type":"EntryPoint","urlTemplate":"https:\/\/mhcalculos.com.br\/noticias\/?s={search_term_string}"},"query-input":{"@type":"PropertyValueSpecification","valueRequired":true,"valueName":"search_term_string"}}],"inLanguage":"pt-BR"},{"@type":"Person","@id":"https:\/\/mhcalculos.com.br\/noticias\/#\/schema\/person\/88d1c34bf72dc779ea14a5a6b8e0ae8d","name":"Equipe MH","image":{"@type":"ImageObject","inLanguage":"pt-BR","@id":"https:\/\/secure.gravatar.com\/avatar\/de1c686c2ecc9c5a3f327e3431d819eb39f8f05d4e1045f5a1caad6daaba987f?s=96&d=mm&r=g","url":"https:\/\/secure.gravatar.com\/avatar\/de1c686c2ecc9c5a3f327e3431d819eb39f8f05d4e1045f5a1caad6daaba987f?s=96&d=mm&r=g","contentUrl":"https:\/\/secure.gravatar.com\/avatar\/de1c686c2ecc9c5a3f327e3431d819eb39f8f05d4e1045f5a1caad6daaba987f?s=96&d=mm&r=g","caption":"Equipe MH"}}]}},"_links":{"self":[{"href":"https:\/\/mhcalculos.com.br\/noticias\/wp-json\/wp\/v2\/posts\/8237","targetHints":{"allow":["GET"]}}],"collection":[{"href":"https:\/\/mhcalculos.com.br\/noticias\/wp-json\/wp\/v2\/posts"}],"about":[{"href":"https:\/\/mhcalculos.com.br\/noticias\/wp-json\/wp\/v2\/types\/post"}],"author":[{"embeddable":true,"href":"https:\/\/mhcalculos.com.br\/noticias\/wp-json\/wp\/v2\/users\/3063"}],"replies":[{"embeddable":true,"href":"https:\/\/mhcalculos.com.br\/noticias\/wp-json\/wp\/v2\/comments?post=8237"}],"version-history":[{"count":1,"href":"https:\/\/mhcalculos.com.br\/noticias\/wp-json\/wp\/v2\/posts\/8237\/revisions"}],"predecessor-version":[{"id":8286,"href":"https:\/\/mhcalculos.com.br\/noticias\/wp-json\/wp\/v2\/posts\/8237\/revisions\/8286"}],"wp:featuredmedia":[{"embeddable":true,"href":"https:\/\/mhcalculos.com.br\/noticias\/wp-json\/wp\/v2\/media\/2322"}],"wp:attachment":[{"href":"https:\/\/mhcalculos.com.br\/noticias\/wp-json\/wp\/v2\/media?parent=8237"}],"wp:term":[{"taxonomy":"category","embeddable":true,"href":"https:\/\/mhcalculos.com.br\/noticias\/wp-json\/wp\/v2\/categories?post=8237"},{"taxonomy":"post_tag","embeddable":true,"href":"https:\/\/mhcalculos.com.br\/noticias\/wp-json\/wp\/v2\/tags?post=8237"}],"curies":[{"name":"wp","href":"https:\/\/api.w.org\/{rel}","templated":true}]}}