{"id":8236,"date":"2021-07-08T15:13:00","date_gmt":"2021-07-08T18:13:00","guid":{"rendered":"https:\/\/mhcalculos.com.br\/noticias\/area\/trabalhista\/tst-empresa-de-engenharia-deve-pagar-pensao-mensal-a-viuva-de-trabalhador-morto-em-mina.html"},"modified":"2021-07-28T14:27:32","modified_gmt":"2021-07-28T17:27:32","slug":"tst-empresa-de-engenharia-deve-pagar-pensao-mensal-a-viuva-de-trabalhador-morto-em-mina","status":"publish","type":"post","link":"https:\/\/mhcalculos.com.br\/noticias\/area\/trabalhista\/tst-empresa-de-engenharia-deve-pagar-pensao-mensal-a-viuva-de-trabalhador-morto-em-mina.html","title":{"rendered":"TST: Empresa de engenharia deve pagar pens\u00e3o mensal \u00e0 vi\u00fava de trabalhador morto em mina"},"content":{"rendered":"<p><br \/>\n<\/p>\n<p><em><\/p>\n<p>O objetivo \u00e9 reparar a queda da renda da fam\u00edlia, que dependia do sal\u00e1rio do empregado.<\/p>\n<p><\/em><\/p>\n<p>        <a class=\"share-facebook\" href=\"https:\/\/www.facebook.com\/sharer.php?u=http:\/\/www.tst.jus.br\/-\/empresa-de-engenharia-deve-pagar-pens%C3%A3o-mensal-%C3%A0-vi%C3%BAva-de-trabalhador-morto-em-mina\" target=\"_blank\" rel=\"noopener\"><\/a><br \/>\n        <a class=\"share-twitter\" href=\"http:\/\/twitter.com\/intent\/tweet?text=Empresa de engenharia deve pagar pens\u00e3o mensal \u00e0 vi\u00fava de trabalhador morto em mina%0AVeja%20mais%20em:&amp;url=http:\/\/www.tst.jus.br\/-\/empresa-de-engenharia-deve-pagar-pens%C3%A3o-mensal-%C3%A0-vi%C3%BAva-de-trabalhador-morto-em-mina\" target=\"_blank\" rel=\"noopener\"><\/a><br \/>\n        <a class=\"share-linkedin\" href=\"https:\/\/www.linkedin.com\/shareArticle?mini=true&amp;url=http:\/\/www.tst.jus.br\/-\/empresa-de-engenharia-deve-pagar-pens%C3%A3o-mensal-%C3%A0-vi%C3%BAva-de-trabalhador-morto-em-mina&amp;title=Empresa de engenharia deve pagar pens\u00e3o mensal \u00e0 vi\u00fava de trabalhador morto em mina\" target=\"_blank\" rel=\"noopener\"><\/a><br \/>\n        <a class=\"share-whatsapp\" href=\"https:\/\/web.whatsapp.com\/send?text=http:\/\/www.tst.jus.br\/-\/empresa-de-engenharia-deve-pagar-pens%C3%A3o-mensal-%C3%A0-vi%C3%BAva-de-trabalhador-morto-em-mina\" target=\"_blank\" rel=\"noopener\"><\/a><br \/>\n        <a class=\"share-googleplus\" href=\"https:\/\/plus.google.com\/share?url=http:\/\/www.tst.jus.br\/-\/empresa-de-engenharia-deve-pagar-pens%C3%A3o-mensal-%C3%A0-vi%C3%BAva-de-trabalhador-morto-em-mina\" target=\"_blank\" rel=\"noopener\"><\/a><\/p>\n<p>                <\/p>\n<p>Trabalhadores dentro de uma mina subterr\u00e2nea<\/p>\n<p>                    <a class=\"share-facebook\" href=\"https:\/\/www.facebook.com\/sharer.php?u=http:\/\/www.tst.jus.br\/-\/empresa-de-engenharia-deve-pagar-pens%C3%A3o-mensal-%C3%A0-vi%C3%BAva-de-trabalhador-morto-em-mina\" target=\"_blank\" rel=\"noopener\"><\/a><br \/>\n                    <a class=\"share-twitter\" href=\"http:\/\/twitter.com\/intent\/tweet?text=Empresa de engenharia deve pagar pens\u00e3o mensal \u00e0 vi\u00fava de trabalhador morto em mina%0AVeja%20mais%20em:&amp;url=http:\/\/www.tst.jus.br\/-\/empresa-de-engenharia-deve-pagar-pens%C3%A3o-mensal-%C3%A0-vi%C3%BAva-de-trabalhador-morto-em-mina\" target=\"_blank\" rel=\"noopener\"><\/a><br \/>\n                    <a class=\"share-linkedin\" href=\"https:\/\/www.linkedin.com\/shareArticle?mini=true&amp;url=http:\/\/www.tst.jus.br\/-\/empresa-de-engenharia-deve-pagar-pens%C3%A3o-mensal-%C3%A0-vi%C3%BAva-de-trabalhador-morto-em-mina&amp;title=Empresa de engenharia deve pagar pens\u00e3o mensal \u00e0 vi\u00fava de trabalhador morto em mina\" target=\"_blank\" rel=\"noopener\"><\/a><br \/>\n                    <a class=\"share-whatsapp\" href=\"https:\/\/web.whatsapp.com\/send?text=http:\/\/www.tst.jus.br\/-\/empresa-de-engenharia-deve-pagar-pens%C3%A3o-mensal-%C3%A0-vi%C3%BAva-de-trabalhador-morto-em-mina\" target=\"_blank\" rel=\"noopener\"><\/a><br \/>\n                    <a class=\"share-googleplus\" href=\"https:\/\/plus.google.com\/share?url=http:\/\/www.tst.jus.br\/-\/empresa-de-engenharia-deve-pagar-pens%C3%A3o-mensal-%C3%A0-vi%C3%BAva-de-trabalhador-morto-em-mina\" target=\"_blank\" rel=\"noopener\"><\/a><\/p>\n<p >8\/7\/2021 &#8211; A Terceira Turma do Tribunal Superior do Trabalho decidiu, por unanimidade, condenar a Shaft Engenharia e Servi\u00e7os Eireli e a Anglogold Ashanti C\u00f3rrego do S\u00edtio Minera\u00e7\u00e3o S.A. ao pagamento de pens\u00e3o mensal \u00e0 vi\u00fava de um supervisor de turno morto em acidente de trabalho quando o elevador onde se encontrava despencou de uma altura de 500 metros dentro de mina. Pela decis\u00e3o, o valor dever\u00e1 ser fixado em percentual equivalente a 2\/3 do sal\u00e1rio do empregado, e a pens\u00e3o dever\u00e1 ser paga at\u00e9 que as parcelas atinjam R$ 200 mil.<\/p>\n<p ><strong>Acidente de trabalho<\/strong><\/p>\n<p >Na a\u00e7\u00e3o de repara\u00e7\u00e3o de danos decorrente de acidente de trabalho com antecipa\u00e7\u00e3o de tutela, a herdeira narrou que o seu companheiro, com o qual conviveu em uni\u00e3o est\u00e1vel durante mais de nove anos, era contratado pela Shaft e sofreu acidente de trabalho quando trabalhava em po\u00e7o existente em mina de propriedade da Anglogold. Conta que o empregado n\u00e3o teve qualquer possibilidade de defesa quando o elevador em forma de gaiola, onde se encontrava juntamente com tr\u00eas colegas, despencou dentro da mina, devido a um defeito no sistema de freios. Na a\u00e7\u00e3o, a vi\u00fava pleiteava indeniza\u00e7\u00e3o por danos materiais a t\u00edtulo de pens\u00e3o, a ser paga em \u00fanica parcela de cerca de R$ 2,1 milh\u00f5es, e indeniza\u00e7\u00e3o por danos morais de R$ 500 mil.<\/p>\n<p >As empresas, em defesa, buscavam afastar a responsabiliza\u00e7\u00e3o pelo acidente. A Shaft, empresa especializada em equipagem e revestimento de po\u00e7os de ventila\u00e7\u00e3o e servi\u00e7os de minas subterr\u00e2neas, sustentou que o acidente decorreu de caso fortuito e que tomou todas as precau\u00e7\u00f5es necess\u00e1rias, inclusive apresentou certificados de cursos sobre seguran\u00e7a do trabalho.<\/p>\n<p >O ju\u00edzo da Vara do Trabalho de Concei\u00e7\u00e3o do Coit\u00e9 (BA), ao analisar o pedido, decidiu pela condena\u00e7\u00e3o da Shaft e da Anglogold, de forma subsidi\u00e1ria, ao pagamento de danos materiais de cerca de R$ 560 mil, com pagamento em cota \u00fanica, e danos morais de R$ 50 mil. O ju\u00edzo levou em considera\u00e7\u00e3o que foram anexados \u00e0s provas dez autos de infra\u00e7\u00e3o emitidos pelo Minist\u00e9rio do Trabalho e Emprego contra as empresas ap\u00f3s o acidente, ficando evidente para o ju\u00edzo que o acidente poderia ter sido evitado.<br \/>\n&nbsp;<br \/>\nO Tribunal Regional do Trabalho da 5\u00aa Regi\u00e3o (BA), por sua vez, ao analisar o recurso ordin\u00e1rio das empresas e da vi\u00fava, decidiu rearbitrar as quantias para fixar os valores da condena\u00e7\u00e3o em R$ 200 mil por danos materiais e R$ 100 mil por danos morais.<\/p>\n<p >A Shaft recorreu ao TST, por meio de recurso de revista, buscando afastar a responsabilidade civil pelo acidente e os valores fixados pelos danos materiais e morais.<\/p>\n<p >Na Terceira Turma, ao analisar o recurso, o relator, ministro Mauricio Godinho Delgado, decidiu pela manuten\u00e7\u00e3o da responsabilidade quanto ao&nbsp;acidente e dos&nbsp;valores indenizat\u00f3rios, mas tornou em pens\u00e3o mensal a indeniza\u00e7\u00e3o por danos materiais. Em seu voto, o magistrado destacou que o TST j\u00e1 se manifestou no sentido de considerar o trabalho em minas subterr\u00e2neas de risco acentuado, de forma a atrair a responsabilidade objetiva nos casos de acidente em que fique comprovado o dano e o nexo de causalidade entre a les\u00e3o sofrida e a atividade.<\/p>\n<p >Em seu voto, o ministro ressaltou que, conforme se verificou na decis\u00e3o do TRT, a empresa n\u00e3o respeitava as normas de prote\u00e7\u00e3o e seguran\u00e7a obrigat\u00f3rias, de modo a falhar na prote\u00e7\u00e3o de seus empregados que trabalhavam em escava\u00e7\u00e3o em minas de subsolo contra eventuais acidentes de trabalho. Tal fato, para o ministro Godinho Delgado, revelava a conduta culposa da empresa.<\/p>\n<p >Em rela\u00e7\u00e3o ao dano moral, o magistrado considerou que os valores estavam dentro dos princ\u00edpios da razoabilidade e da proporcionalidade em rela\u00e7\u00e3o \u00e0 gravidade da les\u00e3o imposta \u00e0 vi\u00fava.<\/p>\n<p ><strong>Dano material \u2013 pens\u00e3o mensal<\/strong><\/p>\n<p >O ministro chamou aten\u00e7\u00e3o para o fato de que a indeniza\u00e7\u00e3o por danos materiais resultante de morte de empregado n\u00e3o se confunde com aquela do benef\u00edcio previdenci\u00e1rio, conforme explicitado no artigo 121 da <a href=\"http:\/\/www.planalto.gov.br\/ccivil_03\/leis\/l8213cons.htm\" target=\"_blank\" rel=\"noopener\">Lei 8.213\/91<\/a>.<\/p>\n<p >O relator ressaltou que o artigo 948 do <a href=\"http:\/\/www.planalto.gov.br\/ccivil_03\/leis\/2002\/l10406compilada.htm\" target=\"_blank\" rel=\"noopener\">C\u00f3digo Civil<\/a> orienta que a indeniza\u00e7\u00e3o a ser paga deve, sem excluir outras repara\u00e7\u00f5es, englobar despesas com tratamento da v\u00edtima, funeral e presta\u00e7\u00e3o de alimentos aos dependentes do falecido, levando em conta a dura\u00e7\u00e3o de vida m\u00e9dia da v\u00edtima.&nbsp;<\/p>\n<p >Nesse ponto, o ministro&nbsp;Mauricio Godinho entende que a decis\u00e3o do TRT deveria ser revista para se fixar a pens\u00e3o de forma mensal, e n\u00e3o em parcela \u00fanica. O ministro sublinha que a pens\u00e3o mensal tem como objetivo reparar a perda da renda familiar, por isso a sua base de c\u00e1lculo deve levar em considera\u00e7\u00e3o&nbsp;os rendimentos da v\u00edtima, e o valor da pens\u00e3o devido \u00e0 vi\u00fava deve equivaler a 2\/3 do valor da remunera\u00e7\u00e3o recebida pela v\u00edtima.<\/p>\n<p >Apesar de o voto do relator ter sido acompanhado pela Terceira Turma, houve a apresenta\u00e7\u00e3o de embargos de declara\u00e7\u00e3o, aos quais o colegiado negou provimento.&nbsp;<\/p>\n<p >(DA\/GS)<\/p>\n<p >Processo: <a href=\"http:\/\/aplicacao4.tst.jus.br\/consultaProcessual\/consultaTstNumUnica.do?consulta=Consultar&amp;conscsjt=&amp;numeroTst=489&amp;digitoTst=41&amp;anoTst=2016&amp;orgaoTst=5&amp;tribunalTst=05&amp;varaTst=0251&amp;submit=Consultar\" target=\"_blank\" rel=\"noopener\">RR-489-41.2016.5.05.0251<\/a><\/p>\n<p >O TST possui oito Turmas, cada uma composta de tr\u00eas ministros, com a atribui\u00e7\u00e3o de analisar recursos de revista, agravos, agravos de instrumento, agravos regimentais e recursos ordin\u00e1rios em a\u00e7\u00e3o cautelar. Das decis\u00f5es das Turmas, a parte ainda pode, em alguns casos, recorrer \u00e0 Subse\u00e7\u00e3o I Especializada em Diss\u00eddios Individuais (SBDI-1).<\/p>\n<p >Esta mat\u00e9ria tem cunho meramente informativo.<br \/>\nPermitida a reprodu\u00e7\u00e3o mediante cita\u00e7\u00e3o da fonte.<br \/>\nSecretaria de Comunica\u00e7\u00e3o Social<br \/>\nTribunal Superior do Trabalho<br \/>\nTel. (61) 3043-4907<br \/>\nsecom@tst.jus.br<\/p>\n<p>    $(&#8216;#lightbox-dzka_ .slider-gallery-wrapper img&#8217;).hover(<br \/>\n    function() {<br \/>\n        const $text=$($($(this).parent()).next());<br \/>\n        $text.hasClass(&#8216;inside-description&#8217;) &amp;&amp; $text.fadeTo( &#8220;slow&#8221; , 0);<br \/>\n    }, function() {<br \/>\n        const $text=$($($(this).parent()).next());<br \/>\n        $text.hasClass(&#8216;inside-description&#8217;) &amp;&amp; $text.fadeTo( &#8220;slow&#8221; , 1);<br \/>\n    }<br \/>\n    );<br \/>\n    $(document).ready(function() {<br \/>\n        var dzka_autoplaying=false;<br \/>\n        var dzka_showingLightbox=false;<br \/>\n        const dzka_playPauseControllers=&#8221;#slider-dzka_-playpause, #slider-dzka_-lightbox-playpause&#8221;;<br \/>\n        $(&#8220;#slider-dzka_&#8221;).slick({<br \/>\n            slidesToShow: 1,<br \/>\n            slidesToScroll: 1,<br \/>\n            autoplay: dzka_autoplaying,<br \/>\n            swipeToSlide: false,<br \/>\n            centerMode: false,<br \/>\n            autoplaySpeed: 3000,<br \/>\n            focusOnSelect: true,<br \/>\n            prevArrow:<br \/>\n            &#8221;,<br \/>\n            nextArrow:<br \/>\n            &#8221;,<br \/>\n            centerPadding: &#8220;60px&#8221;,<br \/>\n            responsive: [<br \/>\n                {<br \/>\n                    breakpoint: 767.98,<br \/>\n                    settings: {<br \/>\n                        slidesToShow: 3,<br \/>\n                        adaptiveHeight: true<br \/>\n                    }<br \/>\n                }<br \/>\n            ]<br \/>\n        });<br \/>\n        $(&#8220;#slider-dzka_&#8221;).slickLightbox({<br \/>\n            src: &#8216;src&#8217;,<br \/>\n            itemSelector: &#8216;.galery-image .multimidia-wrapper img&#8217;,<br \/>\n            caption:&#8217;caption&#8217;<br \/>\n        });<br \/>\n    });<br \/>\n<script async src=\"https:\/\/platform.twitter.com\/widgets.js\" charset=\"utf-8\"><\/script><br \/>\n<br \/><i>Com informa\u00e7\u00f5es da assessoria de imprensa do TST.<\/i><br \/>\n<br \/><a href=\"http:\/\/www.tst.jus.br\/web\/guest\/noticias?p_p_id=89Dk&#038;p_p_lifecycle=0&#038;refererPlid=10730&#038;_89Dk_groupId=10157&#038;_89Dk_articleId=27449196\">Fonte<\/a><br \/>\n<br \/><\/p>\n","protected":false},"excerpt":{"rendered":"<p>O objetivo \u00e9 reparar a queda da renda da fam\u00edlia, que dependia do sal\u00e1rio do empregado. Trabalhadores dentro de uma mina subterr\u00e2nea 8\/7\/2021 &#8211; A Terceira Turma do Tribunal Superior do Trabalho decidiu, por unanimidade, condenar a Shaft Engenharia e Servi\u00e7os Eireli e a Anglogold Ashanti C\u00f3rrego do S\u00edtio Minera\u00e7\u00e3o S.A. ao pagamento de pens\u00e3o [&hellip;]<\/p>\n","protected":false},"author":3063,"featured_media":1561,"comment_status":"open","ping_status":"open","sticky":false,"template":"","format":"standard","meta":{"footnotes":""},"categories":[3,21],"tags":[33,216,9,12,217,215],"class_list":{"0":"post-8236","1":"post","2":"type-post","3":"status-publish","4":"format-standard","5":"has-post-thumbnail","7":"category-trabalhista","8":"category-tst","9":"tag-calculos-trabalhistas","10":"tag-direito-trabalhista","11":"tag-pericia","12":"tag-perito","13":"tag-trabalho","14":"tag-tst"},"yoast_head":"<!-- This site is optimized with the Yoast SEO plugin v27.2 - https:\/\/yoast.com\/product\/yoast-seo-wordpress\/ -->\n<title>TST: Empresa de engenharia deve pagar pens\u00e3o mensal \u00e0 vi\u00fava de trabalhador morto em mina | Portal de Not\u00edcias<\/title>\n<meta name=\"robots\" content=\"index, follow, max-snippet:-1, max-image-preview:large, max-video-preview:-1\" \/>\n<link rel=\"canonical\" href=\"https:\/\/mhcalculos.com.br\/noticias\/area\/trabalhista\/tst-empresa-de-engenharia-deve-pagar-pensao-mensal-a-viuva-de-trabalhador-morto-em-mina.html\" \/>\n<meta property=\"og:locale\" content=\"pt_BR\" \/>\n<meta property=\"og:type\" content=\"article\" \/>\n<meta property=\"og:title\" content=\"TST: Empresa de engenharia deve pagar pens\u00e3o mensal \u00e0 vi\u00fava de trabalhador morto em mina | Portal de Not\u00edcias\" \/>\n<meta property=\"og:description\" content=\"O objetivo \u00e9 reparar a queda da renda da fam\u00edlia, que dependia do sal\u00e1rio do empregado. Trabalhadores dentro de uma mina subterr\u00e2nea 8\/7\/2021 &#8211; A Terceira Turma do Tribunal Superior do Trabalho decidiu, por unanimidade, condenar a Shaft Engenharia e Servi\u00e7os Eireli e a Anglogold Ashanti C\u00f3rrego do S\u00edtio Minera\u00e7\u00e3o S.A. ao pagamento de pens\u00e3o [&hellip;]\" \/>\n<meta property=\"og:url\" content=\"https:\/\/mhcalculos.com.br\/noticias\/area\/trabalhista\/tst-empresa-de-engenharia-deve-pagar-pensao-mensal-a-viuva-de-trabalhador-morto-em-mina.html\" \/>\n<meta property=\"og:site_name\" content=\"Portal de Not\u00edcias\" \/>\n<meta property=\"article:published_time\" content=\"2021-07-08T18:13:00+00:00\" \/>\n<meta property=\"article:modified_time\" content=\"2021-07-28T17:27:32+00:00\" \/>\n<meta property=\"og:image\" content=\"https:\/\/mhcalculos.com.br\/noticias\/wp-content\/uploads\/sites\/2\/2018\/05\/judiciario-0031.jpg\" \/>\n\t<meta property=\"og:image:width\" content=\"2000\" \/>\n\t<meta property=\"og:image:height\" content=\"800\" \/>\n\t<meta property=\"og:image:type\" content=\"image\/jpeg\" \/>\n<meta name=\"author\" content=\"Equipe MH\" \/>\n<meta name=\"twitter:card\" content=\"summary_large_image\" \/>\n<meta name=\"twitter:label1\" content=\"Escrito por\" \/>\n\t<meta name=\"twitter:data1\" content=\"Equipe MH\" \/>\n\t<meta name=\"twitter:label2\" content=\"Est. tempo de leitura\" \/>\n\t<meta name=\"twitter:data2\" content=\"5 minutos\" \/>\n<script type=\"application\/ld+json\" class=\"yoast-schema-graph\">{\"@context\":\"https:\/\/schema.org\",\"@graph\":[{\"@type\":\"Article\",\"@id\":\"https:\/\/mhcalculos.com.br\/noticias\/area\/trabalhista\/tst-empresa-de-engenharia-deve-pagar-pensao-mensal-a-viuva-de-trabalhador-morto-em-mina.html#article\",\"isPartOf\":{\"@id\":\"https:\/\/mhcalculos.com.br\/noticias\/area\/trabalhista\/tst-empresa-de-engenharia-deve-pagar-pensao-mensal-a-viuva-de-trabalhador-morto-em-mina.html\"},\"author\":{\"name\":\"Equipe MH\",\"@id\":\"https:\/\/mhcalculos.com.br\/noticias\/#\/schema\/person\/88d1c34bf72dc779ea14a5a6b8e0ae8d\"},\"headline\":\"TST: Empresa de engenharia deve pagar pens\u00e3o mensal \u00e0 vi\u00fava de trabalhador morto em mina\",\"datePublished\":\"2021-07-08T18:13:00+00:00\",\"dateModified\":\"2021-07-28T17:27:32+00:00\",\"mainEntityOfPage\":{\"@id\":\"https:\/\/mhcalculos.com.br\/noticias\/area\/trabalhista\/tst-empresa-de-engenharia-deve-pagar-pensao-mensal-a-viuva-de-trabalhador-morto-em-mina.html\"},\"wordCount\":1106,\"commentCount\":0,\"image\":{\"@id\":\"https:\/\/mhcalculos.com.br\/noticias\/area\/trabalhista\/tst-empresa-de-engenharia-deve-pagar-pensao-mensal-a-viuva-de-trabalhador-morto-em-mina.html#primaryimage\"},\"thumbnailUrl\":\"https:\/\/mhcalculos.com.br\/noticias\/wp-content\/uploads\/sites\/2\/2018\/05\/judiciario-0031.jpg\",\"keywords\":[\"c\u00e1lculos trabalhistas\",\"direito trabalhista\",\"per\u00edcia\",\"perito\",\"trabalho\",\"TST\"],\"articleSection\":[\"Direito Trabalhista\",\"TST\"],\"inLanguage\":\"pt-BR\",\"potentialAction\":[{\"@type\":\"CommentAction\",\"name\":\"Comment\",\"target\":[\"https:\/\/mhcalculos.com.br\/noticias\/area\/trabalhista\/tst-empresa-de-engenharia-deve-pagar-pensao-mensal-a-viuva-de-trabalhador-morto-em-mina.html#respond\"]}]},{\"@type\":\"WebPage\",\"@id\":\"https:\/\/mhcalculos.com.br\/noticias\/area\/trabalhista\/tst-empresa-de-engenharia-deve-pagar-pensao-mensal-a-viuva-de-trabalhador-morto-em-mina.html\",\"url\":\"https:\/\/mhcalculos.com.br\/noticias\/area\/trabalhista\/tst-empresa-de-engenharia-deve-pagar-pensao-mensal-a-viuva-de-trabalhador-morto-em-mina.html\",\"name\":\"TST: Empresa de engenharia deve pagar pens\u00e3o mensal \u00e0 vi\u00fava de trabalhador morto em mina | Portal de Not\u00edcias\",\"isPartOf\":{\"@id\":\"https:\/\/mhcalculos.com.br\/noticias\/#website\"},\"primaryImageOfPage\":{\"@id\":\"https:\/\/mhcalculos.com.br\/noticias\/area\/trabalhista\/tst-empresa-de-engenharia-deve-pagar-pensao-mensal-a-viuva-de-trabalhador-morto-em-mina.html#primaryimage\"},\"image\":{\"@id\":\"https:\/\/mhcalculos.com.br\/noticias\/area\/trabalhista\/tst-empresa-de-engenharia-deve-pagar-pensao-mensal-a-viuva-de-trabalhador-morto-em-mina.html#primaryimage\"},\"thumbnailUrl\":\"https:\/\/mhcalculos.com.br\/noticias\/wp-content\/uploads\/sites\/2\/2018\/05\/judiciario-0031.jpg\",\"datePublished\":\"2021-07-08T18:13:00+00:00\",\"dateModified\":\"2021-07-28T17:27:32+00:00\",\"author\":{\"@id\":\"https:\/\/mhcalculos.com.br\/noticias\/#\/schema\/person\/88d1c34bf72dc779ea14a5a6b8e0ae8d\"},\"breadcrumb\":{\"@id\":\"https:\/\/mhcalculos.com.br\/noticias\/area\/trabalhista\/tst-empresa-de-engenharia-deve-pagar-pensao-mensal-a-viuva-de-trabalhador-morto-em-mina.html#breadcrumb\"},\"inLanguage\":\"pt-BR\",\"potentialAction\":[{\"@type\":\"ReadAction\",\"target\":[\"https:\/\/mhcalculos.com.br\/noticias\/area\/trabalhista\/tst-empresa-de-engenharia-deve-pagar-pensao-mensal-a-viuva-de-trabalhador-morto-em-mina.html\"]}]},{\"@type\":\"ImageObject\",\"inLanguage\":\"pt-BR\",\"@id\":\"https:\/\/mhcalculos.com.br\/noticias\/area\/trabalhista\/tst-empresa-de-engenharia-deve-pagar-pensao-mensal-a-viuva-de-trabalhador-morto-em-mina.html#primaryimage\",\"url\":\"https:\/\/mhcalculos.com.br\/noticias\/wp-content\/uploads\/sites\/2\/2018\/05\/judiciario-0031.jpg\",\"contentUrl\":\"https:\/\/mhcalculos.com.br\/noticias\/wp-content\/uploads\/sites\/2\/2018\/05\/judiciario-0031.jpg\",\"width\":2000,\"height\":800},{\"@type\":\"BreadcrumbList\",\"@id\":\"https:\/\/mhcalculos.com.br\/noticias\/area\/trabalhista\/tst-empresa-de-engenharia-deve-pagar-pensao-mensal-a-viuva-de-trabalhador-morto-em-mina.html#breadcrumb\",\"itemListElement\":[{\"@type\":\"ListItem\",\"position\":1,\"name\":\"In\u00edcio\",\"item\":\"https:\/\/mhcalculos.com.br\/noticias\/\"},{\"@type\":\"ListItem\",\"position\":2,\"name\":\"TST: Empresa de engenharia deve pagar pens\u00e3o mensal \u00e0 vi\u00fava de trabalhador morto em mina\"}]},{\"@type\":\"WebSite\",\"@id\":\"https:\/\/mhcalculos.com.br\/noticias\/#website\",\"url\":\"https:\/\/mhcalculos.com.br\/noticias\/\",\"name\":\"Portal de Not\u00edcias\",\"description\":\"Not\u00edcias e Jurisprud\u00eancia\",\"potentialAction\":[{\"@type\":\"SearchAction\",\"target\":{\"@type\":\"EntryPoint\",\"urlTemplate\":\"https:\/\/mhcalculos.com.br\/noticias\/?s={search_term_string}\"},\"query-input\":{\"@type\":\"PropertyValueSpecification\",\"valueRequired\":true,\"valueName\":\"search_term_string\"}}],\"inLanguage\":\"pt-BR\"},{\"@type\":\"Person\",\"@id\":\"https:\/\/mhcalculos.com.br\/noticias\/#\/schema\/person\/88d1c34bf72dc779ea14a5a6b8e0ae8d\",\"name\":\"Equipe MH\",\"image\":{\"@type\":\"ImageObject\",\"inLanguage\":\"pt-BR\",\"@id\":\"https:\/\/secure.gravatar.com\/avatar\/de1c686c2ecc9c5a3f327e3431d819eb39f8f05d4e1045f5a1caad6daaba987f?s=96&d=mm&r=g\",\"url\":\"https:\/\/secure.gravatar.com\/avatar\/de1c686c2ecc9c5a3f327e3431d819eb39f8f05d4e1045f5a1caad6daaba987f?s=96&d=mm&r=g\",\"contentUrl\":\"https:\/\/secure.gravatar.com\/avatar\/de1c686c2ecc9c5a3f327e3431d819eb39f8f05d4e1045f5a1caad6daaba987f?s=96&d=mm&r=g\",\"caption\":\"Equipe MH\"}}]}<\/script>\n<!-- \/ Yoast SEO plugin. -->","yoast_head_json":{"title":"TST: Empresa de engenharia deve pagar pens\u00e3o mensal \u00e0 vi\u00fava de trabalhador morto em mina | Portal de Not\u00edcias","robots":{"index":"index","follow":"follow","max-snippet":"max-snippet:-1","max-image-preview":"max-image-preview:large","max-video-preview":"max-video-preview:-1"},"canonical":"https:\/\/mhcalculos.com.br\/noticias\/area\/trabalhista\/tst-empresa-de-engenharia-deve-pagar-pensao-mensal-a-viuva-de-trabalhador-morto-em-mina.html","og_locale":"pt_BR","og_type":"article","og_title":"TST: Empresa de engenharia deve pagar pens\u00e3o mensal \u00e0 vi\u00fava de trabalhador morto em mina | Portal de Not\u00edcias","og_description":"O objetivo \u00e9 reparar a queda da renda da fam\u00edlia, que dependia do sal\u00e1rio do empregado. Trabalhadores dentro de uma mina subterr\u00e2nea 8\/7\/2021 &#8211; A Terceira Turma do Tribunal Superior do Trabalho decidiu, por unanimidade, condenar a Shaft Engenharia e Servi\u00e7os Eireli e a Anglogold Ashanti C\u00f3rrego do S\u00edtio Minera\u00e7\u00e3o S.A. ao pagamento de pens\u00e3o [&hellip;]","og_url":"https:\/\/mhcalculos.com.br\/noticias\/area\/trabalhista\/tst-empresa-de-engenharia-deve-pagar-pensao-mensal-a-viuva-de-trabalhador-morto-em-mina.html","og_site_name":"Portal de Not\u00edcias","article_published_time":"2021-07-08T18:13:00+00:00","article_modified_time":"2021-07-28T17:27:32+00:00","og_image":[{"width":2000,"height":800,"url":"https:\/\/mhcalculos.com.br\/noticias\/wp-content\/uploads\/sites\/2\/2018\/05\/judiciario-0031.jpg","type":"image\/jpeg"}],"author":"Equipe MH","twitter_card":"summary_large_image","twitter_misc":{"Escrito por":"Equipe MH","Est. tempo de leitura":"5 minutos"},"schema":{"@context":"https:\/\/schema.org","@graph":[{"@type":"Article","@id":"https:\/\/mhcalculos.com.br\/noticias\/area\/trabalhista\/tst-empresa-de-engenharia-deve-pagar-pensao-mensal-a-viuva-de-trabalhador-morto-em-mina.html#article","isPartOf":{"@id":"https:\/\/mhcalculos.com.br\/noticias\/area\/trabalhista\/tst-empresa-de-engenharia-deve-pagar-pensao-mensal-a-viuva-de-trabalhador-morto-em-mina.html"},"author":{"name":"Equipe MH","@id":"https:\/\/mhcalculos.com.br\/noticias\/#\/schema\/person\/88d1c34bf72dc779ea14a5a6b8e0ae8d"},"headline":"TST: Empresa de engenharia deve pagar pens\u00e3o mensal \u00e0 vi\u00fava de trabalhador morto em mina","datePublished":"2021-07-08T18:13:00+00:00","dateModified":"2021-07-28T17:27:32+00:00","mainEntityOfPage":{"@id":"https:\/\/mhcalculos.com.br\/noticias\/area\/trabalhista\/tst-empresa-de-engenharia-deve-pagar-pensao-mensal-a-viuva-de-trabalhador-morto-em-mina.html"},"wordCount":1106,"commentCount":0,"image":{"@id":"https:\/\/mhcalculos.com.br\/noticias\/area\/trabalhista\/tst-empresa-de-engenharia-deve-pagar-pensao-mensal-a-viuva-de-trabalhador-morto-em-mina.html#primaryimage"},"thumbnailUrl":"https:\/\/mhcalculos.com.br\/noticias\/wp-content\/uploads\/sites\/2\/2018\/05\/judiciario-0031.jpg","keywords":["c\u00e1lculos trabalhistas","direito trabalhista","per\u00edcia","perito","trabalho","TST"],"articleSection":["Direito Trabalhista","TST"],"inLanguage":"pt-BR","potentialAction":[{"@type":"CommentAction","name":"Comment","target":["https:\/\/mhcalculos.com.br\/noticias\/area\/trabalhista\/tst-empresa-de-engenharia-deve-pagar-pensao-mensal-a-viuva-de-trabalhador-morto-em-mina.html#respond"]}]},{"@type":"WebPage","@id":"https:\/\/mhcalculos.com.br\/noticias\/area\/trabalhista\/tst-empresa-de-engenharia-deve-pagar-pensao-mensal-a-viuva-de-trabalhador-morto-em-mina.html","url":"https:\/\/mhcalculos.com.br\/noticias\/area\/trabalhista\/tst-empresa-de-engenharia-deve-pagar-pensao-mensal-a-viuva-de-trabalhador-morto-em-mina.html","name":"TST: Empresa de engenharia deve pagar pens\u00e3o mensal \u00e0 vi\u00fava de trabalhador morto em mina | Portal de Not\u00edcias","isPartOf":{"@id":"https:\/\/mhcalculos.com.br\/noticias\/#website"},"primaryImageOfPage":{"@id":"https:\/\/mhcalculos.com.br\/noticias\/area\/trabalhista\/tst-empresa-de-engenharia-deve-pagar-pensao-mensal-a-viuva-de-trabalhador-morto-em-mina.html#primaryimage"},"image":{"@id":"https:\/\/mhcalculos.com.br\/noticias\/area\/trabalhista\/tst-empresa-de-engenharia-deve-pagar-pensao-mensal-a-viuva-de-trabalhador-morto-em-mina.html#primaryimage"},"thumbnailUrl":"https:\/\/mhcalculos.com.br\/noticias\/wp-content\/uploads\/sites\/2\/2018\/05\/judiciario-0031.jpg","datePublished":"2021-07-08T18:13:00+00:00","dateModified":"2021-07-28T17:27:32+00:00","author":{"@id":"https:\/\/mhcalculos.com.br\/noticias\/#\/schema\/person\/88d1c34bf72dc779ea14a5a6b8e0ae8d"},"breadcrumb":{"@id":"https:\/\/mhcalculos.com.br\/noticias\/area\/trabalhista\/tst-empresa-de-engenharia-deve-pagar-pensao-mensal-a-viuva-de-trabalhador-morto-em-mina.html#breadcrumb"},"inLanguage":"pt-BR","potentialAction":[{"@type":"ReadAction","target":["https:\/\/mhcalculos.com.br\/noticias\/area\/trabalhista\/tst-empresa-de-engenharia-deve-pagar-pensao-mensal-a-viuva-de-trabalhador-morto-em-mina.html"]}]},{"@type":"ImageObject","inLanguage":"pt-BR","@id":"https:\/\/mhcalculos.com.br\/noticias\/area\/trabalhista\/tst-empresa-de-engenharia-deve-pagar-pensao-mensal-a-viuva-de-trabalhador-morto-em-mina.html#primaryimage","url":"https:\/\/mhcalculos.com.br\/noticias\/wp-content\/uploads\/sites\/2\/2018\/05\/judiciario-0031.jpg","contentUrl":"https:\/\/mhcalculos.com.br\/noticias\/wp-content\/uploads\/sites\/2\/2018\/05\/judiciario-0031.jpg","width":2000,"height":800},{"@type":"BreadcrumbList","@id":"https:\/\/mhcalculos.com.br\/noticias\/area\/trabalhista\/tst-empresa-de-engenharia-deve-pagar-pensao-mensal-a-viuva-de-trabalhador-morto-em-mina.html#breadcrumb","itemListElement":[{"@type":"ListItem","position":1,"name":"In\u00edcio","item":"https:\/\/mhcalculos.com.br\/noticias\/"},{"@type":"ListItem","position":2,"name":"TST: Empresa de engenharia deve pagar pens\u00e3o mensal \u00e0 vi\u00fava de trabalhador morto em mina"}]},{"@type":"WebSite","@id":"https:\/\/mhcalculos.com.br\/noticias\/#website","url":"https:\/\/mhcalculos.com.br\/noticias\/","name":"Portal de Not\u00edcias","description":"Not\u00edcias e Jurisprud\u00eancia","potentialAction":[{"@type":"SearchAction","target":{"@type":"EntryPoint","urlTemplate":"https:\/\/mhcalculos.com.br\/noticias\/?s={search_term_string}"},"query-input":{"@type":"PropertyValueSpecification","valueRequired":true,"valueName":"search_term_string"}}],"inLanguage":"pt-BR"},{"@type":"Person","@id":"https:\/\/mhcalculos.com.br\/noticias\/#\/schema\/person\/88d1c34bf72dc779ea14a5a6b8e0ae8d","name":"Equipe MH","image":{"@type":"ImageObject","inLanguage":"pt-BR","@id":"https:\/\/secure.gravatar.com\/avatar\/de1c686c2ecc9c5a3f327e3431d819eb39f8f05d4e1045f5a1caad6daaba987f?s=96&d=mm&r=g","url":"https:\/\/secure.gravatar.com\/avatar\/de1c686c2ecc9c5a3f327e3431d819eb39f8f05d4e1045f5a1caad6daaba987f?s=96&d=mm&r=g","contentUrl":"https:\/\/secure.gravatar.com\/avatar\/de1c686c2ecc9c5a3f327e3431d819eb39f8f05d4e1045f5a1caad6daaba987f?s=96&d=mm&r=g","caption":"Equipe MH"}}]}},"_links":{"self":[{"href":"https:\/\/mhcalculos.com.br\/noticias\/wp-json\/wp\/v2\/posts\/8236","targetHints":{"allow":["GET"]}}],"collection":[{"href":"https:\/\/mhcalculos.com.br\/noticias\/wp-json\/wp\/v2\/posts"}],"about":[{"href":"https:\/\/mhcalculos.com.br\/noticias\/wp-json\/wp\/v2\/types\/post"}],"author":[{"embeddable":true,"href":"https:\/\/mhcalculos.com.br\/noticias\/wp-json\/wp\/v2\/users\/3063"}],"replies":[{"embeddable":true,"href":"https:\/\/mhcalculos.com.br\/noticias\/wp-json\/wp\/v2\/comments?post=8236"}],"version-history":[{"count":1,"href":"https:\/\/mhcalculos.com.br\/noticias\/wp-json\/wp\/v2\/posts\/8236\/revisions"}],"predecessor-version":[{"id":8288,"href":"https:\/\/mhcalculos.com.br\/noticias\/wp-json\/wp\/v2\/posts\/8236\/revisions\/8288"}],"wp:featuredmedia":[{"embeddable":true,"href":"https:\/\/mhcalculos.com.br\/noticias\/wp-json\/wp\/v2\/media\/1561"}],"wp:attachment":[{"href":"https:\/\/mhcalculos.com.br\/noticias\/wp-json\/wp\/v2\/media?parent=8236"}],"wp:term":[{"taxonomy":"category","embeddable":true,"href":"https:\/\/mhcalculos.com.br\/noticias\/wp-json\/wp\/v2\/categories?post=8236"},{"taxonomy":"post_tag","embeddable":true,"href":"https:\/\/mhcalculos.com.br\/noticias\/wp-json\/wp\/v2\/tags?post=8236"}],"curies":[{"name":"wp","href":"https:\/\/api.w.org\/{rel}","templated":true}]}}