{"id":8202,"date":"2021-06-23T07:59:00","date_gmt":"2021-06-23T10:59:00","guid":{"rendered":"https:\/\/mhcalculos.com.br\/noticias\/area\/trabalhista\/tst-justa-causa-aplicada-a-enfermeira-que-faltou-ao-plantao-no-feriado-de-tiradentes-e-validada.html"},"modified":"2021-07-28T14:27:36","modified_gmt":"2021-07-28T17:27:36","slug":"tst-justa-causa-aplicada-a-enfermeira-que-faltou-ao-plantao-no-feriado-de-tiradentes-e-validada","status":"publish","type":"post","link":"https:\/\/mhcalculos.com.br\/noticias\/area\/trabalhista\/tst-justa-causa-aplicada-a-enfermeira-que-faltou-ao-plantao-no-feriado-de-tiradentes-e-validada.html","title":{"rendered":"TST: Justa causa aplicada a enfermeira que faltou ao plant\u00e3o no feriado de Tiradentes \u00e9 validada"},"content":{"rendered":"<p><br \/>\n<\/p>\n<p><em><\/p>\n<p>Uma portaria da Funda\u00e7\u00e3o de Sa\u00fade do RJ previa a aplica\u00e7\u00e3o da penalidade nessa circunst\u00e2ncia.<\/p>\n<p><\/em><\/p>\n<p>        <a class=\"share-facebook\" href=\"https:\/\/www.facebook.com\/sharer.php?u=http:\/\/www.tst.jus.br\/-\/justa-causa-aplicada-a-enfermeira-que-faltou-ao-plant%C3%A3o-no-feriado-de-tiradentes-%C3%A9-validada\" target=\"_blank\" rel=\"noopener\"><\/a><br \/>\n        <a class=\"share-twitter\" href=\"http:\/\/twitter.com\/intent\/tweet?text=Justa causa aplicada a enfermeira que faltou ao plant\u00e3o no feriado de Tiradentes \u00e9 validada%0AVeja%20mais%20em:&amp;url=http:\/\/www.tst.jus.br\/-\/justa-causa-aplicada-a-enfermeira-que-faltou-ao-plant%C3%A3o-no-feriado-de-tiradentes-%C3%A9-validada\" target=\"_blank\" rel=\"noopener\"><\/a><br \/>\n        <a class=\"share-linkedin\" href=\"https:\/\/www.linkedin.com\/shareArticle?mini=true&amp;url=http:\/\/www.tst.jus.br\/-\/justa-causa-aplicada-a-enfermeira-que-faltou-ao-plant%C3%A3o-no-feriado-de-tiradentes-%C3%A9-validada&amp;title=Justa causa aplicada a enfermeira que faltou ao plant\u00e3o no feriado de Tiradentes \u00e9 validada\" target=\"_blank\" rel=\"noopener\"><\/a><br \/>\n        <a class=\"share-whatsapp\" href=\"https:\/\/web.whatsapp.com\/send?text=http:\/\/www.tst.jus.br\/-\/justa-causa-aplicada-a-enfermeira-que-faltou-ao-plant%C3%A3o-no-feriado-de-tiradentes-%C3%A9-validada\" target=\"_blank\" rel=\"noopener\"><\/a><br \/>\n        <a class=\"share-googleplus\" href=\"https:\/\/plus.google.com\/share?url=http:\/\/www.tst.jus.br\/-\/justa-causa-aplicada-a-enfermeira-que-faltou-ao-plant%C3%A3o-no-feriado-de-tiradentes-%C3%A9-validada\" target=\"_blank\" rel=\"noopener\"><\/a><\/p>\n<p>                <\/p>\n<p>Calend\u00e1rio com o dia 21 de abril marcado<\/p>\n<p>                    <a class=\"share-facebook\" href=\"https:\/\/www.facebook.com\/sharer.php?u=http:\/\/www.tst.jus.br\/-\/justa-causa-aplicada-a-enfermeira-que-faltou-ao-plant%C3%A3o-no-feriado-de-tiradentes-%C3%A9-validada\" target=\"_blank\" rel=\"noopener\"><\/a><br \/>\n                    <a class=\"share-twitter\" href=\"http:\/\/twitter.com\/intent\/tweet?text=Justa causa aplicada a enfermeira que faltou ao plant\u00e3o no feriado de Tiradentes \u00e9 validada%0AVeja%20mais%20em:&amp;url=http:\/\/www.tst.jus.br\/-\/justa-causa-aplicada-a-enfermeira-que-faltou-ao-plant%C3%A3o-no-feriado-de-tiradentes-%C3%A9-validada\" target=\"_blank\" rel=\"noopener\"><\/a><br \/>\n                    <a class=\"share-linkedin\" href=\"https:\/\/www.linkedin.com\/shareArticle?mini=true&amp;url=http:\/\/www.tst.jus.br\/-\/justa-causa-aplicada-a-enfermeira-que-faltou-ao-plant%C3%A3o-no-feriado-de-tiradentes-%C3%A9-validada&amp;title=Justa causa aplicada a enfermeira que faltou ao plant\u00e3o no feriado de Tiradentes \u00e9 validada\" target=\"_blank\" rel=\"noopener\"><\/a><br \/>\n                    <a class=\"share-whatsapp\" href=\"https:\/\/web.whatsapp.com\/send?text=http:\/\/www.tst.jus.br\/-\/justa-causa-aplicada-a-enfermeira-que-faltou-ao-plant%C3%A3o-no-feriado-de-tiradentes-%C3%A9-validada\" target=\"_blank\" rel=\"noopener\"><\/a><br \/>\n                    <a class=\"share-googleplus\" href=\"https:\/\/plus.google.com\/share?url=http:\/\/www.tst.jus.br\/-\/justa-causa-aplicada-a-enfermeira-que-faltou-ao-plant%C3%A3o-no-feriado-de-tiradentes-%C3%A9-validada\" target=\"_blank\" rel=\"noopener\"><\/a><\/p>\n<p>23\/06\/21 &#8211;&nbsp;A Oitava Turma do Tribunal Superior do Trabalho reconheceu a rescis\u00e3o do contrato, por justa causa, de uma enfermeira da Funda\u00e7\u00e3o Sa\u00fade do Estado do Rio de Janeiro que faltou ao plant\u00e3o no feriado de Tiradentes. A decis\u00e3o baseou-se em norma interna da funda\u00e7\u00e3o que previa a demiss\u00e3o por aus\u00eancia injustificada em feriados.&nbsp;<\/p>\n<h4>Feriado<\/h4>\n<p>A enfermeira foi admitida como empregada p\u00fablica, pelo regime da CLT, ap\u00f3s aprova\u00e7\u00e3o em concurso p\u00fablico, e, inicialmente, ficou lotada no Hospital Estadual Get\u00falio Vargas, no bairro da Penha, no Rio de Janeiro (RJ), e, em seguida, no Hospital Carlos Chagas, no bairro de Marechal Hermes. Na a\u00e7\u00e3o, ela argumenta que, mesmo residindo em Juiz de Fora (MG), nunca havia faltado ou chegado atrasada ao trabalho e que, naquele dia, havia perdido o \u00f4nibus e pegar o seguinte, que sairia muito tarde, a colocaria em risco, em raz\u00e3o da localiza\u00e7\u00e3o do hospital. Segundo ela, a justa causa foi aplicada sem nenhum tipo de advert\u00eancia ou suspens\u00e3o, ap\u00f3s sindic\u00e2ncia administrativa em que n\u00e3o teve oportunidade de se defender.&nbsp;<\/p>\n<p>A funda\u00e7\u00e3o, em sua defesa, alegou que uma portaria interna prev\u00ea, de forma clara, a demiss\u00e3o de empregados que faltem injustificadamente em datas comemorativas, como no caso da enfermeira, que faltara ao servi\u00e7o na segunda-feira seguinte \u00e0 Semana Santa, no dia de Tiradentes.<\/p>\n<h4>Peculiaridades<\/h4>\n<p>O Tribunal Regional do Trabalho da 1\u00aa Regi\u00e3o (RJ) afastou a justa causa, ao concluir que a enfermeira havia justificado a aus\u00eancia com o fato de ter perdido o \u00f4nibus. Segundo o TRT, a motiva\u00e7\u00e3o da portaria da Funda\u00e7\u00e3o de Sa\u00fade (a constata\u00e7\u00e3o de grande n\u00famero de faltas injustificadas em feriados, com grave preju\u00edzo ao atendimento da&nbsp;popula\u00e7\u00e3o) autorizaria a puni\u00e7\u00e3o disciplinar. Todavia, n\u00e3o se poderia&nbsp;perder de vista&nbsp;a proporcionalidade entre a medida adotada e as peculiaridades de cada rela\u00e7\u00e3o de emprego. No caso, a funda\u00e7\u00e3o n\u00e3o havia comprovado o cometimento de nenhuma outra falta grave que desabonasse a conduta da enfermeira.&nbsp;<\/p>\n<h4>Desobedi\u00eancia<\/h4>\n<p>A relatora do recurso de revista da funda\u00e7\u00e3o, ministra Dora Maria da Costa, assinalou que a enfermeira trabalhava no setor p\u00fablico na \u00e1rea da sa\u00fade, \u201conde sabidamente h\u00e1 uma car\u00eancia de profissionais habilitados para o atendimento dos pacientes que procuram assist\u00eancia nessas unidades\u201d, sobretudo em datas comemorativas, onde h\u00e1 maior demanda nas emerg\u00eancias e diminui\u00e7\u00e3o de profissionais. Lembrou, ainda, que foi instaurado processo administrativo e possibilitado \u00e0 enfermeira comprovar que efetivamente estava impossibilitada de se deslocar para o trabalho, por\u00e9m n\u00e3o houve tal comprova\u00e7\u00e3o.&nbsp;<\/p>\n<p>Para a relatora, a portaria da institui\u00e7\u00e3o \u00e9 clara ao prever a demiss\u00e3o nessas circunst\u00e2ncias, e a desobedi\u00eancia \u00e0s regras da empregadora configuram ato de indisciplina e insubordina\u00e7\u00e3o. Dessa forma, concluiu que a penalidade prevista no artigo 482, al\u00ednea \u201ch\u201d, da <a href=\"http:\/\/www.planalto.gov.br\/ccivil_03\/decreto-lei\/del5452.htm\" target=\"_blank\" rel=\"noopener\">CLT<\/a> foi corretamente aplicada, pois houve quebra de confian\u00e7a na rela\u00e7\u00e3o empregat\u00edcia.<\/p>\n<p>Ficou vencida a ministra Dela\u00edde Miranda Arantes, que n\u00e3o conhecia do recurso.<\/p>\n<p>(DA\/CF)<\/p>\n<p>Processo: <a href=\"http:\/\/aplicacao4.tst.jus.br\/consultaProcessual\/resumoForm.do?consulta=1&amp;numeroInt=186276&amp;anoInt=2020\" target=\"_blank\" rel=\"noopener\">RR-100410-92.2016.5.01.0021<\/a><\/p>\n<p>O TST tem oito Turmas, cada uma composta de tr\u00eas ministros, com a atribui\u00e7\u00e3o de analisar recursos de revista, agravos, agravos de instrumento, agravos regimentais e recursos ordin\u00e1rios em a\u00e7\u00e3o cautelar. Das decis\u00f5es das Turmas, a parte ainda pode, em alguns casos, recorrer \u00e0 Subse\u00e7\u00e3o I Especializada em Diss\u00eddios Individuais (SDI-1).<\/p>\n<p>Esta mat\u00e9ria tem cunho meramente informativo.<br \/>\nPermitida a reprodu\u00e7\u00e3o mediante cita\u00e7\u00e3o da fonte.<br \/>\nSecretaria de Comunica\u00e7\u00e3o Social<br \/>\n<a href=\"http:\/\/www.tst.jus.br\" target=\"_blank\" rel=\"noopener\">Tribunal Superior do Trabalho<\/a><br \/>\nTel. (61) 3043-4907&nbsp;<br \/>\n<a href=\"mailto:secom@tst.jus.br\" target=\"\" rel=\"noopener\">secom@tst.jus.br<\/a><\/p>\n<p>    $(&#8216;#lightbox-wcaw_ .slider-gallery-wrapper img&#8217;).hover(<br \/>\n    function() {<br \/>\n        const $text=$($($(this).parent()).next());<br \/>\n        $text.hasClass(&#8216;inside-description&#8217;) &amp;&amp; $text.fadeTo( &#8220;slow&#8221; , 0);<br \/>\n    }, function() {<br \/>\n        const $text=$($($(this).parent()).next());<br \/>\n        $text.hasClass(&#8216;inside-description&#8217;) &amp;&amp; $text.fadeTo( &#8220;slow&#8221; , 1);<br \/>\n    }<br \/>\n    );<br \/>\n    $(document).ready(function() {<br \/>\n        var wcaw_autoplaying=false;<br \/>\n        var wcaw_showingLightbox=false;<br \/>\n        const wcaw_playPauseControllers=&#8221;#slider-wcaw_-playpause, #slider-wcaw_-lightbox-playpause&#8221;;<br \/>\n        $(&#8220;#slider-wcaw_&#8221;).slick({<br \/>\n            slidesToShow: 1,<br \/>\n            slidesToScroll: 1,<br \/>\n            autoplay: wcaw_autoplaying,<br \/>\n            swipeToSlide: false,<br \/>\n            centerMode: false,<br \/>\n            autoplaySpeed: 3000,<br \/>\n            focusOnSelect: true,<br \/>\n            prevArrow:<br \/>\n            &#8221;,<br \/>\n            nextArrow:<br \/>\n            &#8221;,<br \/>\n            centerPadding: &#8220;60px&#8221;,<br \/>\n            responsive: [<br \/>\n                {<br \/>\n                    breakpoint: 767.98,<br \/>\n                    settings: {<br \/>\n                        slidesToShow: 3,<br \/>\n                        adaptiveHeight: true<br \/>\n                    }<br \/>\n                }<br \/>\n            ]<br \/>\n        });<br \/>\n        $(&#8220;#slider-wcaw_&#8221;).slickLightbox({<br \/>\n            src: &#8216;src&#8217;,<br \/>\n            itemSelector: &#8216;.galery-image .multimidia-wrapper img&#8217;,<br \/>\n            caption:&#8217;caption&#8217;<br \/>\n        });<br \/>\n    });<br \/>\n<script async src=\"https:\/\/platform.twitter.com\/widgets.js\" charset=\"utf-8\"><\/script><br \/>\n<br \/><i>Com informa\u00e7\u00f5es da assessoria de imprensa do TST.<\/i><br \/>\n<br \/><a href=\"http:\/\/www.tst.jus.br\/web\/guest\/noticias?p_p_id=89Dk&#038;p_p_lifecycle=0&#038;refererPlid=10730&#038;_89Dk_groupId=10157&#038;_89Dk_articleId=27412057\">Fonte<\/a><br \/>\n<br \/><\/p>\n","protected":false},"excerpt":{"rendered":"<p>Uma portaria da Funda\u00e7\u00e3o de Sa\u00fade do RJ previa a aplica\u00e7\u00e3o da penalidade nessa circunst\u00e2ncia. Calend\u00e1rio com o dia 21 de abril marcado 23\/06\/21 &#8211;&nbsp;A Oitava Turma do Tribunal Superior do Trabalho reconheceu a rescis\u00e3o do contrato, por justa causa, de uma enfermeira da Funda\u00e7\u00e3o Sa\u00fade do Estado do Rio de Janeiro que faltou ao [&hellip;]<\/p>\n","protected":false},"author":3063,"featured_media":2365,"comment_status":"open","ping_status":"open","sticky":false,"template":"","format":"standard","meta":{"footnotes":""},"categories":[3,21],"tags":[33,216,9,12,217,215],"class_list":{"0":"post-8202","1":"post","2":"type-post","3":"status-publish","4":"format-standard","5":"has-post-thumbnail","7":"category-trabalhista","8":"category-tst","9":"tag-calculos-trabalhistas","10":"tag-direito-trabalhista","11":"tag-pericia","12":"tag-perito","13":"tag-trabalho","14":"tag-tst"},"yoast_head":"<!-- This site is optimized with the Yoast SEO plugin v27.2 - https:\/\/yoast.com\/product\/yoast-seo-wordpress\/ -->\n<title>TST: Justa causa aplicada a enfermeira que faltou ao plant\u00e3o no feriado de Tiradentes \u00e9 validada | Portal de Not\u00edcias<\/title>\n<meta name=\"robots\" content=\"index, follow, max-snippet:-1, max-image-preview:large, max-video-preview:-1\" \/>\n<link rel=\"canonical\" href=\"https:\/\/mhcalculos.com.br\/noticias\/area\/trabalhista\/tst-justa-causa-aplicada-a-enfermeira-que-faltou-ao-plantao-no-feriado-de-tiradentes-e-validada.html\" \/>\n<meta property=\"og:locale\" content=\"pt_BR\" \/>\n<meta property=\"og:type\" content=\"article\" \/>\n<meta property=\"og:title\" content=\"TST: Justa causa aplicada a enfermeira que faltou ao plant\u00e3o no feriado de Tiradentes \u00e9 validada | Portal de Not\u00edcias\" \/>\n<meta property=\"og:description\" content=\"Uma portaria da Funda\u00e7\u00e3o de Sa\u00fade do RJ previa a aplica\u00e7\u00e3o da penalidade nessa circunst\u00e2ncia. Calend\u00e1rio com o dia 21 de abril marcado 23\/06\/21 &#8211;&nbsp;A Oitava Turma do Tribunal Superior do Trabalho reconheceu a rescis\u00e3o do contrato, por justa causa, de uma enfermeira da Funda\u00e7\u00e3o Sa\u00fade do Estado do Rio de Janeiro que faltou ao [&hellip;]\" \/>\n<meta property=\"og:url\" content=\"https:\/\/mhcalculos.com.br\/noticias\/area\/trabalhista\/tst-justa-causa-aplicada-a-enfermeira-que-faltou-ao-plantao-no-feriado-de-tiradentes-e-validada.html\" \/>\n<meta property=\"og:site_name\" content=\"Portal de Not\u00edcias\" \/>\n<meta property=\"article:published_time\" content=\"2021-06-23T10:59:00+00:00\" \/>\n<meta property=\"article:modified_time\" content=\"2021-07-28T17:27:36+00:00\" \/>\n<meta property=\"og:image\" content=\"https:\/\/mhcalculos.com.br\/noticias\/wp-content\/uploads\/sites\/2\/2018\/06\/judiciario-0028.jpg\" \/>\n\t<meta property=\"og:image:width\" content=\"2000\" \/>\n\t<meta property=\"og:image:height\" content=\"800\" \/>\n\t<meta property=\"og:image:type\" content=\"image\/jpeg\" \/>\n<meta name=\"author\" content=\"Equipe MH\" \/>\n<meta name=\"twitter:card\" content=\"summary_large_image\" \/>\n<meta name=\"twitter:label1\" content=\"Escrito por\" \/>\n\t<meta name=\"twitter:data1\" content=\"Equipe MH\" \/>\n\t<meta name=\"twitter:label2\" content=\"Est. tempo de leitura\" \/>\n\t<meta name=\"twitter:data2\" content=\"4 minutos\" \/>\n<script type=\"application\/ld+json\" class=\"yoast-schema-graph\">{\"@context\":\"https:\/\/schema.org\",\"@graph\":[{\"@type\":\"Article\",\"@id\":\"https:\/\/mhcalculos.com.br\/noticias\/area\/trabalhista\/tst-justa-causa-aplicada-a-enfermeira-que-faltou-ao-plantao-no-feriado-de-tiradentes-e-validada.html#article\",\"isPartOf\":{\"@id\":\"https:\/\/mhcalculos.com.br\/noticias\/area\/trabalhista\/tst-justa-causa-aplicada-a-enfermeira-que-faltou-ao-plantao-no-feriado-de-tiradentes-e-validada.html\"},\"author\":{\"name\":\"Equipe MH\",\"@id\":\"https:\/\/mhcalculos.com.br\/noticias\/#\/schema\/person\/88d1c34bf72dc779ea14a5a6b8e0ae8d\"},\"headline\":\"TST: Justa causa aplicada a enfermeira que faltou ao plant\u00e3o no feriado de Tiradentes \u00e9 validada\",\"datePublished\":\"2021-06-23T10:59:00+00:00\",\"dateModified\":\"2021-07-28T17:27:36+00:00\",\"mainEntityOfPage\":{\"@id\":\"https:\/\/mhcalculos.com.br\/noticias\/area\/trabalhista\/tst-justa-causa-aplicada-a-enfermeira-que-faltou-ao-plantao-no-feriado-de-tiradentes-e-validada.html\"},\"wordCount\":765,\"commentCount\":0,\"image\":{\"@id\":\"https:\/\/mhcalculos.com.br\/noticias\/area\/trabalhista\/tst-justa-causa-aplicada-a-enfermeira-que-faltou-ao-plantao-no-feriado-de-tiradentes-e-validada.html#primaryimage\"},\"thumbnailUrl\":\"https:\/\/mhcalculos.com.br\/noticias\/wp-content\/uploads\/sites\/2\/2018\/06\/judiciario-0028.jpg\",\"keywords\":[\"c\u00e1lculos trabalhistas\",\"direito trabalhista\",\"per\u00edcia\",\"perito\",\"trabalho\",\"TST\"],\"articleSection\":[\"Direito Trabalhista\",\"TST\"],\"inLanguage\":\"pt-BR\",\"potentialAction\":[{\"@type\":\"CommentAction\",\"name\":\"Comment\",\"target\":[\"https:\/\/mhcalculos.com.br\/noticias\/area\/trabalhista\/tst-justa-causa-aplicada-a-enfermeira-que-faltou-ao-plantao-no-feriado-de-tiradentes-e-validada.html#respond\"]}]},{\"@type\":\"WebPage\",\"@id\":\"https:\/\/mhcalculos.com.br\/noticias\/area\/trabalhista\/tst-justa-causa-aplicada-a-enfermeira-que-faltou-ao-plantao-no-feriado-de-tiradentes-e-validada.html\",\"url\":\"https:\/\/mhcalculos.com.br\/noticias\/area\/trabalhista\/tst-justa-causa-aplicada-a-enfermeira-que-faltou-ao-plantao-no-feriado-de-tiradentes-e-validada.html\",\"name\":\"TST: Justa causa aplicada a enfermeira que faltou ao plant\u00e3o no feriado de Tiradentes \u00e9 validada | Portal de Not\u00edcias\",\"isPartOf\":{\"@id\":\"https:\/\/mhcalculos.com.br\/noticias\/#website\"},\"primaryImageOfPage\":{\"@id\":\"https:\/\/mhcalculos.com.br\/noticias\/area\/trabalhista\/tst-justa-causa-aplicada-a-enfermeira-que-faltou-ao-plantao-no-feriado-de-tiradentes-e-validada.html#primaryimage\"},\"image\":{\"@id\":\"https:\/\/mhcalculos.com.br\/noticias\/area\/trabalhista\/tst-justa-causa-aplicada-a-enfermeira-que-faltou-ao-plantao-no-feriado-de-tiradentes-e-validada.html#primaryimage\"},\"thumbnailUrl\":\"https:\/\/mhcalculos.com.br\/noticias\/wp-content\/uploads\/sites\/2\/2018\/06\/judiciario-0028.jpg\",\"datePublished\":\"2021-06-23T10:59:00+00:00\",\"dateModified\":\"2021-07-28T17:27:36+00:00\",\"author\":{\"@id\":\"https:\/\/mhcalculos.com.br\/noticias\/#\/schema\/person\/88d1c34bf72dc779ea14a5a6b8e0ae8d\"},\"breadcrumb\":{\"@id\":\"https:\/\/mhcalculos.com.br\/noticias\/area\/trabalhista\/tst-justa-causa-aplicada-a-enfermeira-que-faltou-ao-plantao-no-feriado-de-tiradentes-e-validada.html#breadcrumb\"},\"inLanguage\":\"pt-BR\",\"potentialAction\":[{\"@type\":\"ReadAction\",\"target\":[\"https:\/\/mhcalculos.com.br\/noticias\/area\/trabalhista\/tst-justa-causa-aplicada-a-enfermeira-que-faltou-ao-plantao-no-feriado-de-tiradentes-e-validada.html\"]}]},{\"@type\":\"ImageObject\",\"inLanguage\":\"pt-BR\",\"@id\":\"https:\/\/mhcalculos.com.br\/noticias\/area\/trabalhista\/tst-justa-causa-aplicada-a-enfermeira-que-faltou-ao-plantao-no-feriado-de-tiradentes-e-validada.html#primaryimage\",\"url\":\"https:\/\/mhcalculos.com.br\/noticias\/wp-content\/uploads\/sites\/2\/2018\/06\/judiciario-0028.jpg\",\"contentUrl\":\"https:\/\/mhcalculos.com.br\/noticias\/wp-content\/uploads\/sites\/2\/2018\/06\/judiciario-0028.jpg\",\"width\":2000,\"height\":800},{\"@type\":\"BreadcrumbList\",\"@id\":\"https:\/\/mhcalculos.com.br\/noticias\/area\/trabalhista\/tst-justa-causa-aplicada-a-enfermeira-que-faltou-ao-plantao-no-feriado-de-tiradentes-e-validada.html#breadcrumb\",\"itemListElement\":[{\"@type\":\"ListItem\",\"position\":1,\"name\":\"In\u00edcio\",\"item\":\"https:\/\/mhcalculos.com.br\/noticias\/\"},{\"@type\":\"ListItem\",\"position\":2,\"name\":\"TST: Justa causa aplicada a enfermeira que faltou ao plant\u00e3o no feriado de Tiradentes \u00e9 validada\"}]},{\"@type\":\"WebSite\",\"@id\":\"https:\/\/mhcalculos.com.br\/noticias\/#website\",\"url\":\"https:\/\/mhcalculos.com.br\/noticias\/\",\"name\":\"Portal de Not\u00edcias\",\"description\":\"Not\u00edcias e Jurisprud\u00eancia\",\"potentialAction\":[{\"@type\":\"SearchAction\",\"target\":{\"@type\":\"EntryPoint\",\"urlTemplate\":\"https:\/\/mhcalculos.com.br\/noticias\/?s={search_term_string}\"},\"query-input\":{\"@type\":\"PropertyValueSpecification\",\"valueRequired\":true,\"valueName\":\"search_term_string\"}}],\"inLanguage\":\"pt-BR\"},{\"@type\":\"Person\",\"@id\":\"https:\/\/mhcalculos.com.br\/noticias\/#\/schema\/person\/88d1c34bf72dc779ea14a5a6b8e0ae8d\",\"name\":\"Equipe MH\",\"image\":{\"@type\":\"ImageObject\",\"inLanguage\":\"pt-BR\",\"@id\":\"https:\/\/secure.gravatar.com\/avatar\/de1c686c2ecc9c5a3f327e3431d819eb39f8f05d4e1045f5a1caad6daaba987f?s=96&d=mm&r=g\",\"url\":\"https:\/\/secure.gravatar.com\/avatar\/de1c686c2ecc9c5a3f327e3431d819eb39f8f05d4e1045f5a1caad6daaba987f?s=96&d=mm&r=g\",\"contentUrl\":\"https:\/\/secure.gravatar.com\/avatar\/de1c686c2ecc9c5a3f327e3431d819eb39f8f05d4e1045f5a1caad6daaba987f?s=96&d=mm&r=g\",\"caption\":\"Equipe MH\"}}]}<\/script>\n<!-- \/ Yoast SEO plugin. -->","yoast_head_json":{"title":"TST: Justa causa aplicada a enfermeira que faltou ao plant\u00e3o no feriado de Tiradentes \u00e9 validada | Portal de Not\u00edcias","robots":{"index":"index","follow":"follow","max-snippet":"max-snippet:-1","max-image-preview":"max-image-preview:large","max-video-preview":"max-video-preview:-1"},"canonical":"https:\/\/mhcalculos.com.br\/noticias\/area\/trabalhista\/tst-justa-causa-aplicada-a-enfermeira-que-faltou-ao-plantao-no-feriado-de-tiradentes-e-validada.html","og_locale":"pt_BR","og_type":"article","og_title":"TST: Justa causa aplicada a enfermeira que faltou ao plant\u00e3o no feriado de Tiradentes \u00e9 validada | Portal de Not\u00edcias","og_description":"Uma portaria da Funda\u00e7\u00e3o de Sa\u00fade do RJ previa a aplica\u00e7\u00e3o da penalidade nessa circunst\u00e2ncia. Calend\u00e1rio com o dia 21 de abril marcado 23\/06\/21 &#8211;&nbsp;A Oitava Turma do Tribunal Superior do Trabalho reconheceu a rescis\u00e3o do contrato, por justa causa, de uma enfermeira da Funda\u00e7\u00e3o Sa\u00fade do Estado do Rio de Janeiro que faltou ao [&hellip;]","og_url":"https:\/\/mhcalculos.com.br\/noticias\/area\/trabalhista\/tst-justa-causa-aplicada-a-enfermeira-que-faltou-ao-plantao-no-feriado-de-tiradentes-e-validada.html","og_site_name":"Portal de Not\u00edcias","article_published_time":"2021-06-23T10:59:00+00:00","article_modified_time":"2021-07-28T17:27:36+00:00","og_image":[{"width":2000,"height":800,"url":"https:\/\/mhcalculos.com.br\/noticias\/wp-content\/uploads\/sites\/2\/2018\/06\/judiciario-0028.jpg","type":"image\/jpeg"}],"author":"Equipe MH","twitter_card":"summary_large_image","twitter_misc":{"Escrito por":"Equipe MH","Est. tempo de leitura":"4 minutos"},"schema":{"@context":"https:\/\/schema.org","@graph":[{"@type":"Article","@id":"https:\/\/mhcalculos.com.br\/noticias\/area\/trabalhista\/tst-justa-causa-aplicada-a-enfermeira-que-faltou-ao-plantao-no-feriado-de-tiradentes-e-validada.html#article","isPartOf":{"@id":"https:\/\/mhcalculos.com.br\/noticias\/area\/trabalhista\/tst-justa-causa-aplicada-a-enfermeira-que-faltou-ao-plantao-no-feriado-de-tiradentes-e-validada.html"},"author":{"name":"Equipe MH","@id":"https:\/\/mhcalculos.com.br\/noticias\/#\/schema\/person\/88d1c34bf72dc779ea14a5a6b8e0ae8d"},"headline":"TST: Justa causa aplicada a enfermeira que faltou ao plant\u00e3o no feriado de Tiradentes \u00e9 validada","datePublished":"2021-06-23T10:59:00+00:00","dateModified":"2021-07-28T17:27:36+00:00","mainEntityOfPage":{"@id":"https:\/\/mhcalculos.com.br\/noticias\/area\/trabalhista\/tst-justa-causa-aplicada-a-enfermeira-que-faltou-ao-plantao-no-feriado-de-tiradentes-e-validada.html"},"wordCount":765,"commentCount":0,"image":{"@id":"https:\/\/mhcalculos.com.br\/noticias\/area\/trabalhista\/tst-justa-causa-aplicada-a-enfermeira-que-faltou-ao-plantao-no-feriado-de-tiradentes-e-validada.html#primaryimage"},"thumbnailUrl":"https:\/\/mhcalculos.com.br\/noticias\/wp-content\/uploads\/sites\/2\/2018\/06\/judiciario-0028.jpg","keywords":["c\u00e1lculos trabalhistas","direito trabalhista","per\u00edcia","perito","trabalho","TST"],"articleSection":["Direito Trabalhista","TST"],"inLanguage":"pt-BR","potentialAction":[{"@type":"CommentAction","name":"Comment","target":["https:\/\/mhcalculos.com.br\/noticias\/area\/trabalhista\/tst-justa-causa-aplicada-a-enfermeira-que-faltou-ao-plantao-no-feriado-de-tiradentes-e-validada.html#respond"]}]},{"@type":"WebPage","@id":"https:\/\/mhcalculos.com.br\/noticias\/area\/trabalhista\/tst-justa-causa-aplicada-a-enfermeira-que-faltou-ao-plantao-no-feriado-de-tiradentes-e-validada.html","url":"https:\/\/mhcalculos.com.br\/noticias\/area\/trabalhista\/tst-justa-causa-aplicada-a-enfermeira-que-faltou-ao-plantao-no-feriado-de-tiradentes-e-validada.html","name":"TST: Justa causa aplicada a enfermeira que faltou ao plant\u00e3o no feriado de Tiradentes \u00e9 validada | Portal de Not\u00edcias","isPartOf":{"@id":"https:\/\/mhcalculos.com.br\/noticias\/#website"},"primaryImageOfPage":{"@id":"https:\/\/mhcalculos.com.br\/noticias\/area\/trabalhista\/tst-justa-causa-aplicada-a-enfermeira-que-faltou-ao-plantao-no-feriado-de-tiradentes-e-validada.html#primaryimage"},"image":{"@id":"https:\/\/mhcalculos.com.br\/noticias\/area\/trabalhista\/tst-justa-causa-aplicada-a-enfermeira-que-faltou-ao-plantao-no-feriado-de-tiradentes-e-validada.html#primaryimage"},"thumbnailUrl":"https:\/\/mhcalculos.com.br\/noticias\/wp-content\/uploads\/sites\/2\/2018\/06\/judiciario-0028.jpg","datePublished":"2021-06-23T10:59:00+00:00","dateModified":"2021-07-28T17:27:36+00:00","author":{"@id":"https:\/\/mhcalculos.com.br\/noticias\/#\/schema\/person\/88d1c34bf72dc779ea14a5a6b8e0ae8d"},"breadcrumb":{"@id":"https:\/\/mhcalculos.com.br\/noticias\/area\/trabalhista\/tst-justa-causa-aplicada-a-enfermeira-que-faltou-ao-plantao-no-feriado-de-tiradentes-e-validada.html#breadcrumb"},"inLanguage":"pt-BR","potentialAction":[{"@type":"ReadAction","target":["https:\/\/mhcalculos.com.br\/noticias\/area\/trabalhista\/tst-justa-causa-aplicada-a-enfermeira-que-faltou-ao-plantao-no-feriado-de-tiradentes-e-validada.html"]}]},{"@type":"ImageObject","inLanguage":"pt-BR","@id":"https:\/\/mhcalculos.com.br\/noticias\/area\/trabalhista\/tst-justa-causa-aplicada-a-enfermeira-que-faltou-ao-plantao-no-feriado-de-tiradentes-e-validada.html#primaryimage","url":"https:\/\/mhcalculos.com.br\/noticias\/wp-content\/uploads\/sites\/2\/2018\/06\/judiciario-0028.jpg","contentUrl":"https:\/\/mhcalculos.com.br\/noticias\/wp-content\/uploads\/sites\/2\/2018\/06\/judiciario-0028.jpg","width":2000,"height":800},{"@type":"BreadcrumbList","@id":"https:\/\/mhcalculos.com.br\/noticias\/area\/trabalhista\/tst-justa-causa-aplicada-a-enfermeira-que-faltou-ao-plantao-no-feriado-de-tiradentes-e-validada.html#breadcrumb","itemListElement":[{"@type":"ListItem","position":1,"name":"In\u00edcio","item":"https:\/\/mhcalculos.com.br\/noticias\/"},{"@type":"ListItem","position":2,"name":"TST: Justa causa aplicada a enfermeira que faltou ao plant\u00e3o no feriado de Tiradentes \u00e9 validada"}]},{"@type":"WebSite","@id":"https:\/\/mhcalculos.com.br\/noticias\/#website","url":"https:\/\/mhcalculos.com.br\/noticias\/","name":"Portal de Not\u00edcias","description":"Not\u00edcias e Jurisprud\u00eancia","potentialAction":[{"@type":"SearchAction","target":{"@type":"EntryPoint","urlTemplate":"https:\/\/mhcalculos.com.br\/noticias\/?s={search_term_string}"},"query-input":{"@type":"PropertyValueSpecification","valueRequired":true,"valueName":"search_term_string"}}],"inLanguage":"pt-BR"},{"@type":"Person","@id":"https:\/\/mhcalculos.com.br\/noticias\/#\/schema\/person\/88d1c34bf72dc779ea14a5a6b8e0ae8d","name":"Equipe MH","image":{"@type":"ImageObject","inLanguage":"pt-BR","@id":"https:\/\/secure.gravatar.com\/avatar\/de1c686c2ecc9c5a3f327e3431d819eb39f8f05d4e1045f5a1caad6daaba987f?s=96&d=mm&r=g","url":"https:\/\/secure.gravatar.com\/avatar\/de1c686c2ecc9c5a3f327e3431d819eb39f8f05d4e1045f5a1caad6daaba987f?s=96&d=mm&r=g","contentUrl":"https:\/\/secure.gravatar.com\/avatar\/de1c686c2ecc9c5a3f327e3431d819eb39f8f05d4e1045f5a1caad6daaba987f?s=96&d=mm&r=g","caption":"Equipe MH"}}]}},"_links":{"self":[{"href":"https:\/\/mhcalculos.com.br\/noticias\/wp-json\/wp\/v2\/posts\/8202","targetHints":{"allow":["GET"]}}],"collection":[{"href":"https:\/\/mhcalculos.com.br\/noticias\/wp-json\/wp\/v2\/posts"}],"about":[{"href":"https:\/\/mhcalculos.com.br\/noticias\/wp-json\/wp\/v2\/types\/post"}],"author":[{"embeddable":true,"href":"https:\/\/mhcalculos.com.br\/noticias\/wp-json\/wp\/v2\/users\/3063"}],"replies":[{"embeddable":true,"href":"https:\/\/mhcalculos.com.br\/noticias\/wp-json\/wp\/v2\/comments?post=8202"}],"version-history":[{"count":1,"href":"https:\/\/mhcalculos.com.br\/noticias\/wp-json\/wp\/v2\/posts\/8202\/revisions"}],"predecessor-version":[{"id":8313,"href":"https:\/\/mhcalculos.com.br\/noticias\/wp-json\/wp\/v2\/posts\/8202\/revisions\/8313"}],"wp:featuredmedia":[{"embeddable":true,"href":"https:\/\/mhcalculos.com.br\/noticias\/wp-json\/wp\/v2\/media\/2365"}],"wp:attachment":[{"href":"https:\/\/mhcalculos.com.br\/noticias\/wp-json\/wp\/v2\/media?parent=8202"}],"wp:term":[{"taxonomy":"category","embeddable":true,"href":"https:\/\/mhcalculos.com.br\/noticias\/wp-json\/wp\/v2\/categories?post=8202"},{"taxonomy":"post_tag","embeddable":true,"href":"https:\/\/mhcalculos.com.br\/noticias\/wp-json\/wp\/v2\/tags?post=8202"}],"curies":[{"name":"wp","href":"https:\/\/api.w.org\/{rel}","templated":true}]}}