{"id":8192,"date":"2021-06-18T15:05:07","date_gmt":"2021-06-18T18:05:07","guid":{"rendered":"https:\/\/mhcalculos.com.br\/noticias\/area\/previdenciario\/trf4-tru-reafirma-entendimento-sobre-acumulo-de-seguro-desemprego-com-beneficios-da-previdencia-social-17-06-2021.html"},"modified":"2021-07-28T14:27:36","modified_gmt":"2021-07-28T17:27:36","slug":"trf4-tru-reafirma-entendimento-sobre-acumulo-de-seguro-desemprego-com-beneficios-da-previdencia-social-17-06-2021","status":"publish","type":"post","link":"https:\/\/mhcalculos.com.br\/noticias\/area\/previdenciario\/trf4-tru-reafirma-entendimento-sobre-acumulo-de-seguro-desemprego-com-beneficios-da-previdencia-social-17-06-2021.html","title":{"rendered":"TRF4: TRU reafirma entendimento sobre ac\u00famulo de seguro-desemprego com benef\u00edcios da previd\u00eancia social (17\/06\/2021)"},"content":{"rendered":"<p><br \/>\n<\/p>\n<p>A Turma Regional de Uniformiza\u00e7\u00e3o dos Juizados Especiais Federais da 4\u00aa Regi\u00e3o (TRU\/JEFs) decidiu, por unanimidade, dar provimento a um pedido de uniformiza\u00e7\u00e3o regional de interpreta\u00e7\u00e3o de lei. O incidente foi interposto pelo Instituto Nacional do Seguro Social (INSS) contra um ac\u00f3rd\u00e3o da 3\u00aa Turma Recursal do Rio Grande do Sul que havia julgado improcedente um mandado de seguran\u00e7a da autarquia para que valores pagos a um idoso a t\u00edtulo de seguro-desemprego pudessem ser descontados no c\u00e1lculo do benef\u00edcio previdenci\u00e1rio de aposentadoria dele. O julgamento do colegiado ocorreu em sess\u00e3o telepresencial realizada na \u00faltima semana (11\/6).<\/p>\n<p>A TRU, em compet\u00eancia previdenci\u00e1ria, reafirmou o entendimento de que \u00e9 vedado o recebimento conjunto do seguro-desemprego com qualquer benef\u00edcio de presta\u00e7\u00e3o continuada da previd\u00eancia social, exceto a pens\u00e3o por morte ou o aux\u00edlio-acidente.<\/p>\n<p><strong>O caso<\/strong><\/p>\n<p>Em mar\u00e7o de 2019, o ju\u00edzo da 12\u00aa Vara Federal de Porto Alegre julgou parcialmente procedente o pedido de um idoso, morador da capital ga\u00facha, de reconhecimento de tempo de servi\u00e7o e determinou que o INSS concedesse ao autor o benef\u00edcio de aposentadoria por tempo de contribui\u00e7\u00e3o.<\/p>\n<p>A autarquia requereu que para o c\u00e1lculo das parcelas atrasadas da aposentadoria fossem descontados os valores recebidos pelo idoso a t\u00edtulo de seguro-desemprego durante o mesmo per\u00edodo. A ju\u00edza federal respons\u00e1vel pelo caso indeferiu o pedido.<\/p>\n<p>Desse modo, o INSS impetrou um mandado de seguran\u00e7a contra a decis\u00e3o monocr\u00e1tica da magistrada, alegando que seria vedado a acumula\u00e7\u00e3o de ambos os benef\u00edcios. Em mar\u00e7o de 2020, a 3\u00aa Turma Recursal do Rio Grande do Sul decidiu, por unanimidade, negar a seguran\u00e7a.<\/p>\n<p><strong>Uniformiza\u00e7\u00e3o Jurisprudencial<\/strong><\/p>\n<p>O Instituto, ent\u00e3o, interp\u00f4s um agravo junto \u00e0 TRU pleiteando a uniformiza\u00e7\u00e3o de jurisprud\u00eancia regional. Foi sustentado que o ac\u00f3rd\u00e3o da 3\u00aa Turma Recursal ga\u00facha divergiria do entendimento adotado pela Turma Regional e por outras Turmas Recursais em casos semelhantes.<\/p>\n<p>A TRU votou, de maneira un\u00e2nime, pela aceita\u00e7\u00e3o do agravo, para admitir o incidente de uniformiza\u00e7\u00e3o e dar-lhe provimento.<\/p>\n<p>Segundo o relator, juiz federal Erivaldo Ribeiro dos Santos, &ldquo;os precedentes apresentados como paradigmas concluem que \u00e9 vedado o percebimento conjunto do seguro-desemprego com qualquer benef\u00edcio de presta\u00e7\u00e3o continuada da Previd\u00eancia Social, exceto pens\u00e3o por morte ou aux\u00edlio-acidente, devendo, no c\u00e1lculo das parcelas atrasadas do benef\u00edcio concedido judicialmente, serem compensados todos os valores recebidos administrativamente no mesmo per\u00edodo em raz\u00e3o de outro benef\u00edcio&rdquo;.<\/p>\n<p>O colegiado ainda determinou que, como o ac\u00f3rd\u00e3o recorrido contraria esse entendimento, os autos do processo devem retornar \u00e0 Turma Recursal de origem para a adequa\u00e7\u00e3o do julgado.<\/p>\n<p><br \/>Fachada da sede do TRF4, em Porto Alegre (RS) (Foto: Sylvio Sirangelo\/TRF4)<\/p>\n<p><i>Com informa\u00e7\u00f5es da assessoria de imprensa do TRF4.<\/i><br \/>\n<br \/><a href=\"http:\/\/www2.trf4.jus.br\/trf4\/controlador.php?acao=noticia_visualizar&#038;id_noticia=15929\">Fonte<\/a><br \/>\n<br \/><\/p>\n","protected":false},"excerpt":{"rendered":"<p>A Turma Regional de Uniformiza\u00e7\u00e3o dos Juizados Especiais Federais da 4\u00aa Regi\u00e3o (TRU\/JEFs) decidiu, por unanimidade, dar provimento a um pedido de uniformiza\u00e7\u00e3o regional de interpreta\u00e7\u00e3o de lei. O incidente foi interposto pelo Instituto Nacional do Seguro Social (INSS) contra um ac\u00f3rd\u00e3o da 3\u00aa Turma Recursal do Rio Grande do Sul que havia julgado improcedente [&hellip;]<\/p>\n","protected":false},"author":3063,"featured_media":1777,"comment_status":"open","ping_status":"open","sticky":false,"template":"","format":"standard","meta":{"footnotes":""},"categories":[5,6],"tags":[11,10,8,13,9,12,17],"class_list":{"0":"post-8192","1":"post","2":"type-post","3":"status-publish","4":"format-standard","5":"has-post-thumbnail","7":"category-previdenciario","8":"category-trf4","9":"tag-aposentadoria","10":"tag-calculos-previdenciarios","11":"tag-direito-previdenciario","12":"tag-inss","13":"tag-pericia","14":"tag-perito","15":"tag-trf4"},"yoast_head":"<!-- This site is optimized with the Yoast SEO plugin v27.2 - https:\/\/yoast.com\/product\/yoast-seo-wordpress\/ -->\n<title>TRF4: TRU reafirma entendimento sobre ac\u00famulo de seguro-desemprego com benef\u00edcios da previd\u00eancia social (17\/06\/2021) | Portal de Not\u00edcias<\/title>\n<meta name=\"robots\" content=\"index, follow, max-snippet:-1, max-image-preview:large, max-video-preview:-1\" \/>\n<link rel=\"canonical\" href=\"https:\/\/mhcalculos.com.br\/noticias\/area\/previdenciario\/trf4-tru-reafirma-entendimento-sobre-acumulo-de-seguro-desemprego-com-beneficios-da-previdencia-social-17-06-2021.html\" \/>\n<meta property=\"og:locale\" content=\"pt_BR\" \/>\n<meta property=\"og:type\" content=\"article\" \/>\n<meta property=\"og:title\" content=\"TRF4: TRU reafirma entendimento sobre ac\u00famulo de seguro-desemprego com benef\u00edcios da previd\u00eancia social (17\/06\/2021) | Portal de Not\u00edcias\" \/>\n<meta property=\"og:description\" content=\"A Turma Regional de Uniformiza\u00e7\u00e3o dos Juizados Especiais Federais da 4\u00aa Regi\u00e3o (TRU\/JEFs) decidiu, por unanimidade, dar provimento a um pedido de uniformiza\u00e7\u00e3o regional de interpreta\u00e7\u00e3o de lei. O incidente foi interposto pelo Instituto Nacional do Seguro Social (INSS) contra um ac\u00f3rd\u00e3o da 3\u00aa Turma Recursal do Rio Grande do Sul que havia julgado improcedente [&hellip;]\" \/>\n<meta property=\"og:url\" content=\"https:\/\/mhcalculos.com.br\/noticias\/area\/previdenciario\/trf4-tru-reafirma-entendimento-sobre-acumulo-de-seguro-desemprego-com-beneficios-da-previdencia-social-17-06-2021.html\" \/>\n<meta property=\"og:site_name\" content=\"Portal de Not\u00edcias\" \/>\n<meta property=\"article:published_time\" content=\"2021-06-18T18:05:07+00:00\" \/>\n<meta property=\"article:modified_time\" content=\"2021-07-28T17:27:36+00:00\" \/>\n<meta property=\"og:image\" content=\"https:\/\/mhcalculos.com.br\/noticias\/wp-content\/uploads\/sites\/2\/2018\/06\/judiciario-0029.jpg\" \/>\n\t<meta property=\"og:image:width\" content=\"2000\" \/>\n\t<meta property=\"og:image:height\" content=\"800\" \/>\n\t<meta property=\"og:image:type\" content=\"image\/jpeg\" \/>\n<meta name=\"author\" content=\"Equipe MH\" \/>\n<meta name=\"twitter:card\" content=\"summary_large_image\" \/>\n<meta name=\"twitter:label1\" content=\"Escrito por\" \/>\n\t<meta name=\"twitter:data1\" content=\"Equipe MH\" \/>\n\t<meta name=\"twitter:label2\" content=\"Est. tempo de leitura\" \/>\n\t<meta name=\"twitter:data2\" content=\"2 minutos\" \/>\n<script type=\"application\/ld+json\" class=\"yoast-schema-graph\">{\"@context\":\"https:\/\/schema.org\",\"@graph\":[{\"@type\":\"Article\",\"@id\":\"https:\/\/mhcalculos.com.br\/noticias\/area\/previdenciario\/trf4-tru-reafirma-entendimento-sobre-acumulo-de-seguro-desemprego-com-beneficios-da-previdencia-social-17-06-2021.html#article\",\"isPartOf\":{\"@id\":\"https:\/\/mhcalculos.com.br\/noticias\/area\/previdenciario\/trf4-tru-reafirma-entendimento-sobre-acumulo-de-seguro-desemprego-com-beneficios-da-previdencia-social-17-06-2021.html\"},\"author\":{\"name\":\"Equipe MH\",\"@id\":\"https:\/\/mhcalculos.com.br\/noticias\/#\/schema\/person\/88d1c34bf72dc779ea14a5a6b8e0ae8d\"},\"headline\":\"TRF4: TRU reafirma entendimento sobre ac\u00famulo de seguro-desemprego com benef\u00edcios da previd\u00eancia social (17\/06\/2021)\",\"datePublished\":\"2021-06-18T18:05:07+00:00\",\"dateModified\":\"2021-07-28T17:27:36+00:00\",\"mainEntityOfPage\":{\"@id\":\"https:\/\/mhcalculos.com.br\/noticias\/area\/previdenciario\/trf4-tru-reafirma-entendimento-sobre-acumulo-de-seguro-desemprego-com-beneficios-da-previdencia-social-17-06-2021.html\"},\"wordCount\":504,\"commentCount\":0,\"image\":{\"@id\":\"https:\/\/mhcalculos.com.br\/noticias\/area\/previdenciario\/trf4-tru-reafirma-entendimento-sobre-acumulo-de-seguro-desemprego-com-beneficios-da-previdencia-social-17-06-2021.html#primaryimage\"},\"thumbnailUrl\":\"https:\/\/mhcalculos.com.br\/noticias\/wp-content\/uploads\/sites\/2\/2018\/06\/judiciario-0029.jpg\",\"keywords\":[\"aposentadoria\",\"c\u00e1lculos previdenci\u00e1rios\",\"direito previdenci\u00e1rio\",\"inss\",\"per\u00edcia\",\"perito\",\"trf4\"],\"articleSection\":[\"Direito Previdenci\u00e1rio\",\"TRF4\"],\"inLanguage\":\"pt-BR\",\"potentialAction\":[{\"@type\":\"CommentAction\",\"name\":\"Comment\",\"target\":[\"https:\/\/mhcalculos.com.br\/noticias\/area\/previdenciario\/trf4-tru-reafirma-entendimento-sobre-acumulo-de-seguro-desemprego-com-beneficios-da-previdencia-social-17-06-2021.html#respond\"]}]},{\"@type\":\"WebPage\",\"@id\":\"https:\/\/mhcalculos.com.br\/noticias\/area\/previdenciario\/trf4-tru-reafirma-entendimento-sobre-acumulo-de-seguro-desemprego-com-beneficios-da-previdencia-social-17-06-2021.html\",\"url\":\"https:\/\/mhcalculos.com.br\/noticias\/area\/previdenciario\/trf4-tru-reafirma-entendimento-sobre-acumulo-de-seguro-desemprego-com-beneficios-da-previdencia-social-17-06-2021.html\",\"name\":\"TRF4: TRU reafirma entendimento sobre ac\u00famulo de seguro-desemprego com benef\u00edcios da previd\u00eancia social (17\/06\/2021) | Portal de Not\u00edcias\",\"isPartOf\":{\"@id\":\"https:\/\/mhcalculos.com.br\/noticias\/#website\"},\"primaryImageOfPage\":{\"@id\":\"https:\/\/mhcalculos.com.br\/noticias\/area\/previdenciario\/trf4-tru-reafirma-entendimento-sobre-acumulo-de-seguro-desemprego-com-beneficios-da-previdencia-social-17-06-2021.html#primaryimage\"},\"image\":{\"@id\":\"https:\/\/mhcalculos.com.br\/noticias\/area\/previdenciario\/trf4-tru-reafirma-entendimento-sobre-acumulo-de-seguro-desemprego-com-beneficios-da-previdencia-social-17-06-2021.html#primaryimage\"},\"thumbnailUrl\":\"https:\/\/mhcalculos.com.br\/noticias\/wp-content\/uploads\/sites\/2\/2018\/06\/judiciario-0029.jpg\",\"datePublished\":\"2021-06-18T18:05:07+00:00\",\"dateModified\":\"2021-07-28T17:27:36+00:00\",\"author\":{\"@id\":\"https:\/\/mhcalculos.com.br\/noticias\/#\/schema\/person\/88d1c34bf72dc779ea14a5a6b8e0ae8d\"},\"breadcrumb\":{\"@id\":\"https:\/\/mhcalculos.com.br\/noticias\/area\/previdenciario\/trf4-tru-reafirma-entendimento-sobre-acumulo-de-seguro-desemprego-com-beneficios-da-previdencia-social-17-06-2021.html#breadcrumb\"},\"inLanguage\":\"pt-BR\",\"potentialAction\":[{\"@type\":\"ReadAction\",\"target\":[\"https:\/\/mhcalculos.com.br\/noticias\/area\/previdenciario\/trf4-tru-reafirma-entendimento-sobre-acumulo-de-seguro-desemprego-com-beneficios-da-previdencia-social-17-06-2021.html\"]}]},{\"@type\":\"ImageObject\",\"inLanguage\":\"pt-BR\",\"@id\":\"https:\/\/mhcalculos.com.br\/noticias\/area\/previdenciario\/trf4-tru-reafirma-entendimento-sobre-acumulo-de-seguro-desemprego-com-beneficios-da-previdencia-social-17-06-2021.html#primaryimage\",\"url\":\"https:\/\/mhcalculos.com.br\/noticias\/wp-content\/uploads\/sites\/2\/2018\/06\/judiciario-0029.jpg\",\"contentUrl\":\"https:\/\/mhcalculos.com.br\/noticias\/wp-content\/uploads\/sites\/2\/2018\/06\/judiciario-0029.jpg\",\"width\":2000,\"height\":800},{\"@type\":\"BreadcrumbList\",\"@id\":\"https:\/\/mhcalculos.com.br\/noticias\/area\/previdenciario\/trf4-tru-reafirma-entendimento-sobre-acumulo-de-seguro-desemprego-com-beneficios-da-previdencia-social-17-06-2021.html#breadcrumb\",\"itemListElement\":[{\"@type\":\"ListItem\",\"position\":1,\"name\":\"In\u00edcio\",\"item\":\"https:\/\/mhcalculos.com.br\/noticias\/\"},{\"@type\":\"ListItem\",\"position\":2,\"name\":\"TRF4: TRU reafirma entendimento sobre ac\u00famulo de seguro-desemprego com benef\u00edcios da previd\u00eancia social (17\/06\/2021)\"}]},{\"@type\":\"WebSite\",\"@id\":\"https:\/\/mhcalculos.com.br\/noticias\/#website\",\"url\":\"https:\/\/mhcalculos.com.br\/noticias\/\",\"name\":\"Portal de Not\u00edcias\",\"description\":\"Not\u00edcias e Jurisprud\u00eancia\",\"potentialAction\":[{\"@type\":\"SearchAction\",\"target\":{\"@type\":\"EntryPoint\",\"urlTemplate\":\"https:\/\/mhcalculos.com.br\/noticias\/?s={search_term_string}\"},\"query-input\":{\"@type\":\"PropertyValueSpecification\",\"valueRequired\":true,\"valueName\":\"search_term_string\"}}],\"inLanguage\":\"pt-BR\"},{\"@type\":\"Person\",\"@id\":\"https:\/\/mhcalculos.com.br\/noticias\/#\/schema\/person\/88d1c34bf72dc779ea14a5a6b8e0ae8d\",\"name\":\"Equipe MH\",\"image\":{\"@type\":\"ImageObject\",\"inLanguage\":\"pt-BR\",\"@id\":\"https:\/\/secure.gravatar.com\/avatar\/de1c686c2ecc9c5a3f327e3431d819eb39f8f05d4e1045f5a1caad6daaba987f?s=96&d=mm&r=g\",\"url\":\"https:\/\/secure.gravatar.com\/avatar\/de1c686c2ecc9c5a3f327e3431d819eb39f8f05d4e1045f5a1caad6daaba987f?s=96&d=mm&r=g\",\"contentUrl\":\"https:\/\/secure.gravatar.com\/avatar\/de1c686c2ecc9c5a3f327e3431d819eb39f8f05d4e1045f5a1caad6daaba987f?s=96&d=mm&r=g\",\"caption\":\"Equipe MH\"}}]}<\/script>\n<!-- \/ Yoast SEO plugin. -->","yoast_head_json":{"title":"TRF4: TRU reafirma entendimento sobre ac\u00famulo de seguro-desemprego com benef\u00edcios da previd\u00eancia social (17\/06\/2021) | Portal de Not\u00edcias","robots":{"index":"index","follow":"follow","max-snippet":"max-snippet:-1","max-image-preview":"max-image-preview:large","max-video-preview":"max-video-preview:-1"},"canonical":"https:\/\/mhcalculos.com.br\/noticias\/area\/previdenciario\/trf4-tru-reafirma-entendimento-sobre-acumulo-de-seguro-desemprego-com-beneficios-da-previdencia-social-17-06-2021.html","og_locale":"pt_BR","og_type":"article","og_title":"TRF4: TRU reafirma entendimento sobre ac\u00famulo de seguro-desemprego com benef\u00edcios da previd\u00eancia social (17\/06\/2021) | Portal de Not\u00edcias","og_description":"A Turma Regional de Uniformiza\u00e7\u00e3o dos Juizados Especiais Federais da 4\u00aa Regi\u00e3o (TRU\/JEFs) decidiu, por unanimidade, dar provimento a um pedido de uniformiza\u00e7\u00e3o regional de interpreta\u00e7\u00e3o de lei. O incidente foi interposto pelo Instituto Nacional do Seguro Social (INSS) contra um ac\u00f3rd\u00e3o da 3\u00aa Turma Recursal do Rio Grande do Sul que havia julgado improcedente [&hellip;]","og_url":"https:\/\/mhcalculos.com.br\/noticias\/area\/previdenciario\/trf4-tru-reafirma-entendimento-sobre-acumulo-de-seguro-desemprego-com-beneficios-da-previdencia-social-17-06-2021.html","og_site_name":"Portal de Not\u00edcias","article_published_time":"2021-06-18T18:05:07+00:00","article_modified_time":"2021-07-28T17:27:36+00:00","og_image":[{"width":2000,"height":800,"url":"https:\/\/mhcalculos.com.br\/noticias\/wp-content\/uploads\/sites\/2\/2018\/06\/judiciario-0029.jpg","type":"image\/jpeg"}],"author":"Equipe MH","twitter_card":"summary_large_image","twitter_misc":{"Escrito por":"Equipe MH","Est. tempo de leitura":"2 minutos"},"schema":{"@context":"https:\/\/schema.org","@graph":[{"@type":"Article","@id":"https:\/\/mhcalculos.com.br\/noticias\/area\/previdenciario\/trf4-tru-reafirma-entendimento-sobre-acumulo-de-seguro-desemprego-com-beneficios-da-previdencia-social-17-06-2021.html#article","isPartOf":{"@id":"https:\/\/mhcalculos.com.br\/noticias\/area\/previdenciario\/trf4-tru-reafirma-entendimento-sobre-acumulo-de-seguro-desemprego-com-beneficios-da-previdencia-social-17-06-2021.html"},"author":{"name":"Equipe MH","@id":"https:\/\/mhcalculos.com.br\/noticias\/#\/schema\/person\/88d1c34bf72dc779ea14a5a6b8e0ae8d"},"headline":"TRF4: TRU reafirma entendimento sobre ac\u00famulo de seguro-desemprego com benef\u00edcios da previd\u00eancia social (17\/06\/2021)","datePublished":"2021-06-18T18:05:07+00:00","dateModified":"2021-07-28T17:27:36+00:00","mainEntityOfPage":{"@id":"https:\/\/mhcalculos.com.br\/noticias\/area\/previdenciario\/trf4-tru-reafirma-entendimento-sobre-acumulo-de-seguro-desemprego-com-beneficios-da-previdencia-social-17-06-2021.html"},"wordCount":504,"commentCount":0,"image":{"@id":"https:\/\/mhcalculos.com.br\/noticias\/area\/previdenciario\/trf4-tru-reafirma-entendimento-sobre-acumulo-de-seguro-desemprego-com-beneficios-da-previdencia-social-17-06-2021.html#primaryimage"},"thumbnailUrl":"https:\/\/mhcalculos.com.br\/noticias\/wp-content\/uploads\/sites\/2\/2018\/06\/judiciario-0029.jpg","keywords":["aposentadoria","c\u00e1lculos previdenci\u00e1rios","direito previdenci\u00e1rio","inss","per\u00edcia","perito","trf4"],"articleSection":["Direito Previdenci\u00e1rio","TRF4"],"inLanguage":"pt-BR","potentialAction":[{"@type":"CommentAction","name":"Comment","target":["https:\/\/mhcalculos.com.br\/noticias\/area\/previdenciario\/trf4-tru-reafirma-entendimento-sobre-acumulo-de-seguro-desemprego-com-beneficios-da-previdencia-social-17-06-2021.html#respond"]}]},{"@type":"WebPage","@id":"https:\/\/mhcalculos.com.br\/noticias\/area\/previdenciario\/trf4-tru-reafirma-entendimento-sobre-acumulo-de-seguro-desemprego-com-beneficios-da-previdencia-social-17-06-2021.html","url":"https:\/\/mhcalculos.com.br\/noticias\/area\/previdenciario\/trf4-tru-reafirma-entendimento-sobre-acumulo-de-seguro-desemprego-com-beneficios-da-previdencia-social-17-06-2021.html","name":"TRF4: TRU reafirma entendimento sobre ac\u00famulo de seguro-desemprego com benef\u00edcios da previd\u00eancia social (17\/06\/2021) | Portal de Not\u00edcias","isPartOf":{"@id":"https:\/\/mhcalculos.com.br\/noticias\/#website"},"primaryImageOfPage":{"@id":"https:\/\/mhcalculos.com.br\/noticias\/area\/previdenciario\/trf4-tru-reafirma-entendimento-sobre-acumulo-de-seguro-desemprego-com-beneficios-da-previdencia-social-17-06-2021.html#primaryimage"},"image":{"@id":"https:\/\/mhcalculos.com.br\/noticias\/area\/previdenciario\/trf4-tru-reafirma-entendimento-sobre-acumulo-de-seguro-desemprego-com-beneficios-da-previdencia-social-17-06-2021.html#primaryimage"},"thumbnailUrl":"https:\/\/mhcalculos.com.br\/noticias\/wp-content\/uploads\/sites\/2\/2018\/06\/judiciario-0029.jpg","datePublished":"2021-06-18T18:05:07+00:00","dateModified":"2021-07-28T17:27:36+00:00","author":{"@id":"https:\/\/mhcalculos.com.br\/noticias\/#\/schema\/person\/88d1c34bf72dc779ea14a5a6b8e0ae8d"},"breadcrumb":{"@id":"https:\/\/mhcalculos.com.br\/noticias\/area\/previdenciario\/trf4-tru-reafirma-entendimento-sobre-acumulo-de-seguro-desemprego-com-beneficios-da-previdencia-social-17-06-2021.html#breadcrumb"},"inLanguage":"pt-BR","potentialAction":[{"@type":"ReadAction","target":["https:\/\/mhcalculos.com.br\/noticias\/area\/previdenciario\/trf4-tru-reafirma-entendimento-sobre-acumulo-de-seguro-desemprego-com-beneficios-da-previdencia-social-17-06-2021.html"]}]},{"@type":"ImageObject","inLanguage":"pt-BR","@id":"https:\/\/mhcalculos.com.br\/noticias\/area\/previdenciario\/trf4-tru-reafirma-entendimento-sobre-acumulo-de-seguro-desemprego-com-beneficios-da-previdencia-social-17-06-2021.html#primaryimage","url":"https:\/\/mhcalculos.com.br\/noticias\/wp-content\/uploads\/sites\/2\/2018\/06\/judiciario-0029.jpg","contentUrl":"https:\/\/mhcalculos.com.br\/noticias\/wp-content\/uploads\/sites\/2\/2018\/06\/judiciario-0029.jpg","width":2000,"height":800},{"@type":"BreadcrumbList","@id":"https:\/\/mhcalculos.com.br\/noticias\/area\/previdenciario\/trf4-tru-reafirma-entendimento-sobre-acumulo-de-seguro-desemprego-com-beneficios-da-previdencia-social-17-06-2021.html#breadcrumb","itemListElement":[{"@type":"ListItem","position":1,"name":"In\u00edcio","item":"https:\/\/mhcalculos.com.br\/noticias\/"},{"@type":"ListItem","position":2,"name":"TRF4: TRU reafirma entendimento sobre ac\u00famulo de seguro-desemprego com benef\u00edcios da previd\u00eancia social (17\/06\/2021)"}]},{"@type":"WebSite","@id":"https:\/\/mhcalculos.com.br\/noticias\/#website","url":"https:\/\/mhcalculos.com.br\/noticias\/","name":"Portal de Not\u00edcias","description":"Not\u00edcias e Jurisprud\u00eancia","potentialAction":[{"@type":"SearchAction","target":{"@type":"EntryPoint","urlTemplate":"https:\/\/mhcalculos.com.br\/noticias\/?s={search_term_string}"},"query-input":{"@type":"PropertyValueSpecification","valueRequired":true,"valueName":"search_term_string"}}],"inLanguage":"pt-BR"},{"@type":"Person","@id":"https:\/\/mhcalculos.com.br\/noticias\/#\/schema\/person\/88d1c34bf72dc779ea14a5a6b8e0ae8d","name":"Equipe MH","image":{"@type":"ImageObject","inLanguage":"pt-BR","@id":"https:\/\/secure.gravatar.com\/avatar\/de1c686c2ecc9c5a3f327e3431d819eb39f8f05d4e1045f5a1caad6daaba987f?s=96&d=mm&r=g","url":"https:\/\/secure.gravatar.com\/avatar\/de1c686c2ecc9c5a3f327e3431d819eb39f8f05d4e1045f5a1caad6daaba987f?s=96&d=mm&r=g","contentUrl":"https:\/\/secure.gravatar.com\/avatar\/de1c686c2ecc9c5a3f327e3431d819eb39f8f05d4e1045f5a1caad6daaba987f?s=96&d=mm&r=g","caption":"Equipe MH"}}]}},"_links":{"self":[{"href":"https:\/\/mhcalculos.com.br\/noticias\/wp-json\/wp\/v2\/posts\/8192","targetHints":{"allow":["GET"]}}],"collection":[{"href":"https:\/\/mhcalculos.com.br\/noticias\/wp-json\/wp\/v2\/posts"}],"about":[{"href":"https:\/\/mhcalculos.com.br\/noticias\/wp-json\/wp\/v2\/types\/post"}],"author":[{"embeddable":true,"href":"https:\/\/mhcalculos.com.br\/noticias\/wp-json\/wp\/v2\/users\/3063"}],"replies":[{"embeddable":true,"href":"https:\/\/mhcalculos.com.br\/noticias\/wp-json\/wp\/v2\/comments?post=8192"}],"version-history":[{"count":1,"href":"https:\/\/mhcalculos.com.br\/noticias\/wp-json\/wp\/v2\/posts\/8192\/revisions"}],"predecessor-version":[{"id":8317,"href":"https:\/\/mhcalculos.com.br\/noticias\/wp-json\/wp\/v2\/posts\/8192\/revisions\/8317"}],"wp:featuredmedia":[{"embeddable":true,"href":"https:\/\/mhcalculos.com.br\/noticias\/wp-json\/wp\/v2\/media\/1777"}],"wp:attachment":[{"href":"https:\/\/mhcalculos.com.br\/noticias\/wp-json\/wp\/v2\/media?parent=8192"}],"wp:term":[{"taxonomy":"category","embeddable":true,"href":"https:\/\/mhcalculos.com.br\/noticias\/wp-json\/wp\/v2\/categories?post=8192"},{"taxonomy":"post_tag","embeddable":true,"href":"https:\/\/mhcalculos.com.br\/noticias\/wp-json\/wp\/v2\/tags?post=8192"}],"curies":[{"name":"wp","href":"https:\/\/api.w.org\/{rel}","templated":true}]}}