{"id":8185,"date":"2021-06-16T07:05:07","date_gmt":"2021-06-16T10:05:07","guid":{"rendered":"https:\/\/mhcalculos.com.br\/noticias\/area\/previdenciario\/trf4-desembargador-analisa-crescente-judicializacao-das-questoes-previdenciarias-no-brasil-15-06-2021.html"},"modified":"2021-07-28T14:27:37","modified_gmt":"2021-07-28T17:27:37","slug":"trf4-desembargador-analisa-crescente-judicializacao-das-questoes-previdenciarias-no-brasil-15-06-2021","status":"publish","type":"post","link":"https:\/\/mhcalculos.com.br\/noticias\/area\/previdenciario\/trf4-desembargador-analisa-crescente-judicializacao-das-questoes-previdenciarias-no-brasil-15-06-2021.html","title":{"rendered":"TRF4: Desembargador analisa crescente judicializa\u00e7\u00e3o das quest\u00f5es previdenci\u00e1rias no Brasil (15\/06\/2021)"},"content":{"rendered":"<p><br \/>\n<\/p>\n<p>No segundo artigo do m\u00eas da se\u00e7\u00e3o Direito Hoje do Portal do Tribunal Regional Federal da 4\u00aa Regi\u00e3o (TRF4), o desembargador federal Paulo Afonso Brum Vaz faz uma an\u00e1lise do aumento da judicializa\u00e7\u00e3o das quest\u00f5es previdenci\u00e1rias, chamando aten\u00e7\u00e3o para a tend\u00eancia do Instituto Nacional do Seguro Social (INSS)\u00a0em negar direitos aos trabalhadores.\u00a0<\/p>\n<p>Segundo o autor, a busca pelos benef\u00edcios por incapacidade, tempor\u00e1rios ou definitivos, t\u00eam sido fonte constante de conflitos entre a autarquia e os segurados, que se sentindo mal avaliados pelos peritos do INSS, acabam por judicializar a quest\u00e3o, o que acaba por promover &ldquo;uma patol\u00f3gica invers\u00e3o dos pap\u00e9is funcionais do INSS e do Poder Judici\u00e1rio&rdquo;.\u00a0<\/p>\n<p>Brum Vaz traz dados extra\u00eddos de estat\u00edsticas recentes do Conselho Nacional de Justi\u00e7a, apontando que diariamente, em m\u00e9dia, s\u00e3o ajuizados 7 mil processos previdenci\u00e1rios no pa\u00eds. Neste ensaio, o desembargador reflete sobre as causas do volume de a\u00e7\u00f5es e os limites e possibilidades do Judici\u00e1rio.\u00a0<\/p>\n<p>Para o magistrado, al\u00e9m da necessidade de investimentos em pol\u00edticas p\u00fablicas sociais pelo Estado, &ldquo;a solu\u00e7\u00e3o para a redu\u00e7\u00e3o da judicializa\u00e7\u00e3o ou desjudicializa\u00e7\u00e3o dos conflitos sobre quest\u00f5es de fato passa pela otimiza\u00e7\u00e3o das per\u00edcias administrativas&rdquo;. Ele ressalta que muito do que \u00e9 relatado pelos peritos administrativos acaba n\u00e3o se confirmando pelos peritos judiciais.\u00a0<\/p>\n<p>&ldquo;Os m\u00e9dicos peritos federais, que prestam servi\u00e7os nos processos administrativos elaborando laudos sobre a incapacidade para o trabalho, precisam despir-se dos seus preconceitos e, honrando a f\u00e9 dos seus graus, dedicarem-se ao trabalho pericial de forma isenta e imparcial&rdquo;, sublinha Brum Vaz.\u00a0<\/p>\n<p>&ldquo;A per\u00edcia m\u00e9dica n\u00e3o \u00e9 uma simples consulta, mas uma an\u00e1lise da eventual morbidade no contexto laboral do segurado, a partir do conjunto indissoci\u00e1vel das suas circunst\u00e2ncias pessoais (idade e escolaridade), sociais (grau de inser\u00e7\u00e3o social), econ\u00f4micas (condi\u00e7\u00f5es financeiras) e laborais (ambiente de trabalho)&rdquo;, enfatiza Brum Vaz.<\/p>\n<p><a href=\"https:\/\/www.trf4.jus.br\/trf4\/controlador.php?acao=pagina_visualizar&amp;id_pagina=2174\" target=\"_blank\" rel=\"noopener\">Clique aqui<\/a> para acessar o artigo na \u00edntegra.<\/p>\n<p><br \/> ()<\/p>\n<p><i>Com informa\u00e7\u00f5es da assessoria de imprensa do TRF4.<\/i><br \/>\n<br \/><a href=\"http:\/\/www2.trf4.jus.br\/trf4\/controlador.php?acao=noticia_visualizar&#038;id_noticia=15921\">Fonte<\/a><br \/>\n<br \/><\/p>\n","protected":false},"excerpt":{"rendered":"<p>No segundo artigo do m\u00eas da se\u00e7\u00e3o Direito Hoje do Portal do Tribunal Regional Federal da 4\u00aa Regi\u00e3o (TRF4), o desembargador federal Paulo Afonso Brum Vaz faz uma an\u00e1lise do aumento da judicializa\u00e7\u00e3o das quest\u00f5es previdenci\u00e1rias, chamando aten\u00e7\u00e3o para a tend\u00eancia do Instituto Nacional do Seguro Social (INSS)\u00a0em negar direitos aos trabalhadores.\u00a0 Segundo o autor, [&hellip;]<\/p>\n","protected":false},"author":3063,"featured_media":7633,"comment_status":"open","ping_status":"open","sticky":false,"template":"","format":"standard","meta":{"footnotes":""},"categories":[5,6],"tags":[11,10,8,13,9,12,17],"class_list":{"0":"post-8185","1":"post","2":"type-post","3":"status-publish","4":"format-standard","5":"has-post-thumbnail","7":"category-previdenciario","8":"category-trf4","9":"tag-aposentadoria","10":"tag-calculos-previdenciarios","11":"tag-direito-previdenciario","12":"tag-inss","13":"tag-pericia","14":"tag-perito","15":"tag-trf4"},"yoast_head":"<!-- This site is optimized with the Yoast SEO plugin v27.2 - https:\/\/yoast.com\/product\/yoast-seo-wordpress\/ -->\n<title>TRF4: Desembargador analisa crescente judicializa\u00e7\u00e3o das quest\u00f5es previdenci\u00e1rias no Brasil (15\/06\/2021) | Portal de Not\u00edcias<\/title>\n<meta name=\"robots\" content=\"index, follow, max-snippet:-1, max-image-preview:large, max-video-preview:-1\" \/>\n<link rel=\"canonical\" href=\"https:\/\/mhcalculos.com.br\/noticias\/area\/previdenciario\/trf4-desembargador-analisa-crescente-judicializacao-das-questoes-previdenciarias-no-brasil-15-06-2021.html\" \/>\n<meta property=\"og:locale\" content=\"pt_BR\" \/>\n<meta property=\"og:type\" content=\"article\" \/>\n<meta property=\"og:title\" content=\"TRF4: Desembargador analisa crescente judicializa\u00e7\u00e3o das quest\u00f5es previdenci\u00e1rias no Brasil (15\/06\/2021) | Portal de Not\u00edcias\" \/>\n<meta property=\"og:description\" content=\"No segundo artigo do m\u00eas da se\u00e7\u00e3o Direito Hoje do Portal do Tribunal Regional Federal da 4\u00aa Regi\u00e3o (TRF4), o desembargador federal Paulo Afonso Brum Vaz faz uma an\u00e1lise do aumento da judicializa\u00e7\u00e3o das quest\u00f5es previdenci\u00e1rias, chamando aten\u00e7\u00e3o para a tend\u00eancia do Instituto Nacional do Seguro Social (INSS)\u00a0em negar direitos aos trabalhadores.\u00a0 Segundo o autor, [&hellip;]\" \/>\n<meta property=\"og:url\" content=\"https:\/\/mhcalculos.com.br\/noticias\/area\/previdenciario\/trf4-desembargador-analisa-crescente-judicializacao-das-questoes-previdenciarias-no-brasil-15-06-2021.html\" \/>\n<meta property=\"og:site_name\" content=\"Portal de Not\u00edcias\" \/>\n<meta property=\"article:published_time\" content=\"2021-06-16T10:05:07+00:00\" \/>\n<meta property=\"article:modified_time\" content=\"2021-07-28T17:27:37+00:00\" \/>\n<meta property=\"og:image\" content=\"https:\/\/mhcalculos.com.br\/noticias\/wp-content\/uploads\/sites\/2\/2020\/10\/judiciario-0039.jpg\" \/>\n\t<meta property=\"og:image:width\" content=\"2000\" \/>\n\t<meta property=\"og:image:height\" content=\"800\" \/>\n\t<meta property=\"og:image:type\" content=\"image\/jpeg\" \/>\n<meta name=\"author\" content=\"Equipe MH\" \/>\n<meta name=\"twitter:card\" content=\"summary_large_image\" \/>\n<meta name=\"twitter:label1\" content=\"Escrito por\" \/>\n\t<meta name=\"twitter:data1\" content=\"Equipe MH\" \/>\n\t<meta name=\"twitter:label2\" content=\"Est. tempo de leitura\" \/>\n\t<meta name=\"twitter:data2\" content=\"2 minutos\" \/>\n<script type=\"application\/ld+json\" class=\"yoast-schema-graph\">{\"@context\":\"https:\/\/schema.org\",\"@graph\":[{\"@type\":\"Article\",\"@id\":\"https:\/\/mhcalculos.com.br\/noticias\/area\/previdenciario\/trf4-desembargador-analisa-crescente-judicializacao-das-questoes-previdenciarias-no-brasil-15-06-2021.html#article\",\"isPartOf\":{\"@id\":\"https:\/\/mhcalculos.com.br\/noticias\/area\/previdenciario\/trf4-desembargador-analisa-crescente-judicializacao-das-questoes-previdenciarias-no-brasil-15-06-2021.html\"},\"author\":{\"name\":\"Equipe MH\",\"@id\":\"https:\/\/mhcalculos.com.br\/noticias\/#\/schema\/person\/88d1c34bf72dc779ea14a5a6b8e0ae8d\"},\"headline\":\"TRF4: Desembargador analisa crescente judicializa\u00e7\u00e3o das quest\u00f5es previdenci\u00e1rias no Brasil (15\/06\/2021)\",\"datePublished\":\"2021-06-16T10:05:07+00:00\",\"dateModified\":\"2021-07-28T17:27:37+00:00\",\"mainEntityOfPage\":{\"@id\":\"https:\/\/mhcalculos.com.br\/noticias\/area\/previdenciario\/trf4-desembargador-analisa-crescente-judicializacao-das-questoes-previdenciarias-no-brasil-15-06-2021.html\"},\"wordCount\":380,\"commentCount\":0,\"image\":{\"@id\":\"https:\/\/mhcalculos.com.br\/noticias\/area\/previdenciario\/trf4-desembargador-analisa-crescente-judicializacao-das-questoes-previdenciarias-no-brasil-15-06-2021.html#primaryimage\"},\"thumbnailUrl\":\"https:\/\/mhcalculos.com.br\/noticias\/wp-content\/uploads\/sites\/2\/2020\/10\/judiciario-0039.jpg\",\"keywords\":[\"aposentadoria\",\"c\u00e1lculos previdenci\u00e1rios\",\"direito previdenci\u00e1rio\",\"inss\",\"per\u00edcia\",\"perito\",\"trf4\"],\"articleSection\":[\"Direito Previdenci\u00e1rio\",\"TRF4\"],\"inLanguage\":\"pt-BR\",\"potentialAction\":[{\"@type\":\"CommentAction\",\"name\":\"Comment\",\"target\":[\"https:\/\/mhcalculos.com.br\/noticias\/area\/previdenciario\/trf4-desembargador-analisa-crescente-judicializacao-das-questoes-previdenciarias-no-brasil-15-06-2021.html#respond\"]}]},{\"@type\":\"WebPage\",\"@id\":\"https:\/\/mhcalculos.com.br\/noticias\/area\/previdenciario\/trf4-desembargador-analisa-crescente-judicializacao-das-questoes-previdenciarias-no-brasil-15-06-2021.html\",\"url\":\"https:\/\/mhcalculos.com.br\/noticias\/area\/previdenciario\/trf4-desembargador-analisa-crescente-judicializacao-das-questoes-previdenciarias-no-brasil-15-06-2021.html\",\"name\":\"TRF4: Desembargador analisa crescente judicializa\u00e7\u00e3o das quest\u00f5es previdenci\u00e1rias no Brasil (15\/06\/2021) | Portal de Not\u00edcias\",\"isPartOf\":{\"@id\":\"https:\/\/mhcalculos.com.br\/noticias\/#website\"},\"primaryImageOfPage\":{\"@id\":\"https:\/\/mhcalculos.com.br\/noticias\/area\/previdenciario\/trf4-desembargador-analisa-crescente-judicializacao-das-questoes-previdenciarias-no-brasil-15-06-2021.html#primaryimage\"},\"image\":{\"@id\":\"https:\/\/mhcalculos.com.br\/noticias\/area\/previdenciario\/trf4-desembargador-analisa-crescente-judicializacao-das-questoes-previdenciarias-no-brasil-15-06-2021.html#primaryimage\"},\"thumbnailUrl\":\"https:\/\/mhcalculos.com.br\/noticias\/wp-content\/uploads\/sites\/2\/2020\/10\/judiciario-0039.jpg\",\"datePublished\":\"2021-06-16T10:05:07+00:00\",\"dateModified\":\"2021-07-28T17:27:37+00:00\",\"author\":{\"@id\":\"https:\/\/mhcalculos.com.br\/noticias\/#\/schema\/person\/88d1c34bf72dc779ea14a5a6b8e0ae8d\"},\"breadcrumb\":{\"@id\":\"https:\/\/mhcalculos.com.br\/noticias\/area\/previdenciario\/trf4-desembargador-analisa-crescente-judicializacao-das-questoes-previdenciarias-no-brasil-15-06-2021.html#breadcrumb\"},\"inLanguage\":\"pt-BR\",\"potentialAction\":[{\"@type\":\"ReadAction\",\"target\":[\"https:\/\/mhcalculos.com.br\/noticias\/area\/previdenciario\/trf4-desembargador-analisa-crescente-judicializacao-das-questoes-previdenciarias-no-brasil-15-06-2021.html\"]}]},{\"@type\":\"ImageObject\",\"inLanguage\":\"pt-BR\",\"@id\":\"https:\/\/mhcalculos.com.br\/noticias\/area\/previdenciario\/trf4-desembargador-analisa-crescente-judicializacao-das-questoes-previdenciarias-no-brasil-15-06-2021.html#primaryimage\",\"url\":\"https:\/\/mhcalculos.com.br\/noticias\/wp-content\/uploads\/sites\/2\/2020\/10\/judiciario-0039.jpg\",\"contentUrl\":\"https:\/\/mhcalculos.com.br\/noticias\/wp-content\/uploads\/sites\/2\/2020\/10\/judiciario-0039.jpg\",\"width\":2000,\"height\":800},{\"@type\":\"BreadcrumbList\",\"@id\":\"https:\/\/mhcalculos.com.br\/noticias\/area\/previdenciario\/trf4-desembargador-analisa-crescente-judicializacao-das-questoes-previdenciarias-no-brasil-15-06-2021.html#breadcrumb\",\"itemListElement\":[{\"@type\":\"ListItem\",\"position\":1,\"name\":\"In\u00edcio\",\"item\":\"https:\/\/mhcalculos.com.br\/noticias\/\"},{\"@type\":\"ListItem\",\"position\":2,\"name\":\"TRF4: Desembargador analisa crescente judicializa\u00e7\u00e3o das quest\u00f5es previdenci\u00e1rias no Brasil (15\/06\/2021)\"}]},{\"@type\":\"WebSite\",\"@id\":\"https:\/\/mhcalculos.com.br\/noticias\/#website\",\"url\":\"https:\/\/mhcalculos.com.br\/noticias\/\",\"name\":\"Portal de Not\u00edcias\",\"description\":\"Not\u00edcias e Jurisprud\u00eancia\",\"potentialAction\":[{\"@type\":\"SearchAction\",\"target\":{\"@type\":\"EntryPoint\",\"urlTemplate\":\"https:\/\/mhcalculos.com.br\/noticias\/?s={search_term_string}\"},\"query-input\":{\"@type\":\"PropertyValueSpecification\",\"valueRequired\":true,\"valueName\":\"search_term_string\"}}],\"inLanguage\":\"pt-BR\"},{\"@type\":\"Person\",\"@id\":\"https:\/\/mhcalculos.com.br\/noticias\/#\/schema\/person\/88d1c34bf72dc779ea14a5a6b8e0ae8d\",\"name\":\"Equipe MH\",\"image\":{\"@type\":\"ImageObject\",\"inLanguage\":\"pt-BR\",\"@id\":\"https:\/\/secure.gravatar.com\/avatar\/de1c686c2ecc9c5a3f327e3431d819eb39f8f05d4e1045f5a1caad6daaba987f?s=96&d=mm&r=g\",\"url\":\"https:\/\/secure.gravatar.com\/avatar\/de1c686c2ecc9c5a3f327e3431d819eb39f8f05d4e1045f5a1caad6daaba987f?s=96&d=mm&r=g\",\"contentUrl\":\"https:\/\/secure.gravatar.com\/avatar\/de1c686c2ecc9c5a3f327e3431d819eb39f8f05d4e1045f5a1caad6daaba987f?s=96&d=mm&r=g\",\"caption\":\"Equipe MH\"}}]}<\/script>\n<!-- \/ Yoast SEO plugin. -->","yoast_head_json":{"title":"TRF4: Desembargador analisa crescente judicializa\u00e7\u00e3o das quest\u00f5es previdenci\u00e1rias no Brasil (15\/06\/2021) | Portal de Not\u00edcias","robots":{"index":"index","follow":"follow","max-snippet":"max-snippet:-1","max-image-preview":"max-image-preview:large","max-video-preview":"max-video-preview:-1"},"canonical":"https:\/\/mhcalculos.com.br\/noticias\/area\/previdenciario\/trf4-desembargador-analisa-crescente-judicializacao-das-questoes-previdenciarias-no-brasil-15-06-2021.html","og_locale":"pt_BR","og_type":"article","og_title":"TRF4: Desembargador analisa crescente judicializa\u00e7\u00e3o das quest\u00f5es previdenci\u00e1rias no Brasil (15\/06\/2021) | Portal de Not\u00edcias","og_description":"No segundo artigo do m\u00eas da se\u00e7\u00e3o Direito Hoje do Portal do Tribunal Regional Federal da 4\u00aa Regi\u00e3o (TRF4), o desembargador federal Paulo Afonso Brum Vaz faz uma an\u00e1lise do aumento da judicializa\u00e7\u00e3o das quest\u00f5es previdenci\u00e1rias, chamando aten\u00e7\u00e3o para a tend\u00eancia do Instituto Nacional do Seguro Social (INSS)\u00a0em negar direitos aos trabalhadores.\u00a0 Segundo o autor, [&hellip;]","og_url":"https:\/\/mhcalculos.com.br\/noticias\/area\/previdenciario\/trf4-desembargador-analisa-crescente-judicializacao-das-questoes-previdenciarias-no-brasil-15-06-2021.html","og_site_name":"Portal de Not\u00edcias","article_published_time":"2021-06-16T10:05:07+00:00","article_modified_time":"2021-07-28T17:27:37+00:00","og_image":[{"width":2000,"height":800,"url":"https:\/\/mhcalculos.com.br\/noticias\/wp-content\/uploads\/sites\/2\/2020\/10\/judiciario-0039.jpg","type":"image\/jpeg"}],"author":"Equipe MH","twitter_card":"summary_large_image","twitter_misc":{"Escrito por":"Equipe MH","Est. tempo de leitura":"2 minutos"},"schema":{"@context":"https:\/\/schema.org","@graph":[{"@type":"Article","@id":"https:\/\/mhcalculos.com.br\/noticias\/area\/previdenciario\/trf4-desembargador-analisa-crescente-judicializacao-das-questoes-previdenciarias-no-brasil-15-06-2021.html#article","isPartOf":{"@id":"https:\/\/mhcalculos.com.br\/noticias\/area\/previdenciario\/trf4-desembargador-analisa-crescente-judicializacao-das-questoes-previdenciarias-no-brasil-15-06-2021.html"},"author":{"name":"Equipe MH","@id":"https:\/\/mhcalculos.com.br\/noticias\/#\/schema\/person\/88d1c34bf72dc779ea14a5a6b8e0ae8d"},"headline":"TRF4: Desembargador analisa crescente judicializa\u00e7\u00e3o das quest\u00f5es previdenci\u00e1rias no Brasil (15\/06\/2021)","datePublished":"2021-06-16T10:05:07+00:00","dateModified":"2021-07-28T17:27:37+00:00","mainEntityOfPage":{"@id":"https:\/\/mhcalculos.com.br\/noticias\/area\/previdenciario\/trf4-desembargador-analisa-crescente-judicializacao-das-questoes-previdenciarias-no-brasil-15-06-2021.html"},"wordCount":380,"commentCount":0,"image":{"@id":"https:\/\/mhcalculos.com.br\/noticias\/area\/previdenciario\/trf4-desembargador-analisa-crescente-judicializacao-das-questoes-previdenciarias-no-brasil-15-06-2021.html#primaryimage"},"thumbnailUrl":"https:\/\/mhcalculos.com.br\/noticias\/wp-content\/uploads\/sites\/2\/2020\/10\/judiciario-0039.jpg","keywords":["aposentadoria","c\u00e1lculos previdenci\u00e1rios","direito previdenci\u00e1rio","inss","per\u00edcia","perito","trf4"],"articleSection":["Direito Previdenci\u00e1rio","TRF4"],"inLanguage":"pt-BR","potentialAction":[{"@type":"CommentAction","name":"Comment","target":["https:\/\/mhcalculos.com.br\/noticias\/area\/previdenciario\/trf4-desembargador-analisa-crescente-judicializacao-das-questoes-previdenciarias-no-brasil-15-06-2021.html#respond"]}]},{"@type":"WebPage","@id":"https:\/\/mhcalculos.com.br\/noticias\/area\/previdenciario\/trf4-desembargador-analisa-crescente-judicializacao-das-questoes-previdenciarias-no-brasil-15-06-2021.html","url":"https:\/\/mhcalculos.com.br\/noticias\/area\/previdenciario\/trf4-desembargador-analisa-crescente-judicializacao-das-questoes-previdenciarias-no-brasil-15-06-2021.html","name":"TRF4: Desembargador analisa crescente judicializa\u00e7\u00e3o das quest\u00f5es previdenci\u00e1rias no Brasil (15\/06\/2021) | Portal de Not\u00edcias","isPartOf":{"@id":"https:\/\/mhcalculos.com.br\/noticias\/#website"},"primaryImageOfPage":{"@id":"https:\/\/mhcalculos.com.br\/noticias\/area\/previdenciario\/trf4-desembargador-analisa-crescente-judicializacao-das-questoes-previdenciarias-no-brasil-15-06-2021.html#primaryimage"},"image":{"@id":"https:\/\/mhcalculos.com.br\/noticias\/area\/previdenciario\/trf4-desembargador-analisa-crescente-judicializacao-das-questoes-previdenciarias-no-brasil-15-06-2021.html#primaryimage"},"thumbnailUrl":"https:\/\/mhcalculos.com.br\/noticias\/wp-content\/uploads\/sites\/2\/2020\/10\/judiciario-0039.jpg","datePublished":"2021-06-16T10:05:07+00:00","dateModified":"2021-07-28T17:27:37+00:00","author":{"@id":"https:\/\/mhcalculos.com.br\/noticias\/#\/schema\/person\/88d1c34bf72dc779ea14a5a6b8e0ae8d"},"breadcrumb":{"@id":"https:\/\/mhcalculos.com.br\/noticias\/area\/previdenciario\/trf4-desembargador-analisa-crescente-judicializacao-das-questoes-previdenciarias-no-brasil-15-06-2021.html#breadcrumb"},"inLanguage":"pt-BR","potentialAction":[{"@type":"ReadAction","target":["https:\/\/mhcalculos.com.br\/noticias\/area\/previdenciario\/trf4-desembargador-analisa-crescente-judicializacao-das-questoes-previdenciarias-no-brasil-15-06-2021.html"]}]},{"@type":"ImageObject","inLanguage":"pt-BR","@id":"https:\/\/mhcalculos.com.br\/noticias\/area\/previdenciario\/trf4-desembargador-analisa-crescente-judicializacao-das-questoes-previdenciarias-no-brasil-15-06-2021.html#primaryimage","url":"https:\/\/mhcalculos.com.br\/noticias\/wp-content\/uploads\/sites\/2\/2020\/10\/judiciario-0039.jpg","contentUrl":"https:\/\/mhcalculos.com.br\/noticias\/wp-content\/uploads\/sites\/2\/2020\/10\/judiciario-0039.jpg","width":2000,"height":800},{"@type":"BreadcrumbList","@id":"https:\/\/mhcalculos.com.br\/noticias\/area\/previdenciario\/trf4-desembargador-analisa-crescente-judicializacao-das-questoes-previdenciarias-no-brasil-15-06-2021.html#breadcrumb","itemListElement":[{"@type":"ListItem","position":1,"name":"In\u00edcio","item":"https:\/\/mhcalculos.com.br\/noticias\/"},{"@type":"ListItem","position":2,"name":"TRF4: Desembargador analisa crescente judicializa\u00e7\u00e3o das quest\u00f5es previdenci\u00e1rias no Brasil (15\/06\/2021)"}]},{"@type":"WebSite","@id":"https:\/\/mhcalculos.com.br\/noticias\/#website","url":"https:\/\/mhcalculos.com.br\/noticias\/","name":"Portal de Not\u00edcias","description":"Not\u00edcias e Jurisprud\u00eancia","potentialAction":[{"@type":"SearchAction","target":{"@type":"EntryPoint","urlTemplate":"https:\/\/mhcalculos.com.br\/noticias\/?s={search_term_string}"},"query-input":{"@type":"PropertyValueSpecification","valueRequired":true,"valueName":"search_term_string"}}],"inLanguage":"pt-BR"},{"@type":"Person","@id":"https:\/\/mhcalculos.com.br\/noticias\/#\/schema\/person\/88d1c34bf72dc779ea14a5a6b8e0ae8d","name":"Equipe MH","image":{"@type":"ImageObject","inLanguage":"pt-BR","@id":"https:\/\/secure.gravatar.com\/avatar\/de1c686c2ecc9c5a3f327e3431d819eb39f8f05d4e1045f5a1caad6daaba987f?s=96&d=mm&r=g","url":"https:\/\/secure.gravatar.com\/avatar\/de1c686c2ecc9c5a3f327e3431d819eb39f8f05d4e1045f5a1caad6daaba987f?s=96&d=mm&r=g","contentUrl":"https:\/\/secure.gravatar.com\/avatar\/de1c686c2ecc9c5a3f327e3431d819eb39f8f05d4e1045f5a1caad6daaba987f?s=96&d=mm&r=g","caption":"Equipe MH"}}]}},"_links":{"self":[{"href":"https:\/\/mhcalculos.com.br\/noticias\/wp-json\/wp\/v2\/posts\/8185","targetHints":{"allow":["GET"]}}],"collection":[{"href":"https:\/\/mhcalculos.com.br\/noticias\/wp-json\/wp\/v2\/posts"}],"about":[{"href":"https:\/\/mhcalculos.com.br\/noticias\/wp-json\/wp\/v2\/types\/post"}],"author":[{"embeddable":true,"href":"https:\/\/mhcalculos.com.br\/noticias\/wp-json\/wp\/v2\/users\/3063"}],"replies":[{"embeddable":true,"href":"https:\/\/mhcalculos.com.br\/noticias\/wp-json\/wp\/v2\/comments?post=8185"}],"version-history":[{"count":1,"href":"https:\/\/mhcalculos.com.br\/noticias\/wp-json\/wp\/v2\/posts\/8185\/revisions"}],"predecessor-version":[{"id":8324,"href":"https:\/\/mhcalculos.com.br\/noticias\/wp-json\/wp\/v2\/posts\/8185\/revisions\/8324"}],"wp:featuredmedia":[{"embeddable":true,"href":"https:\/\/mhcalculos.com.br\/noticias\/wp-json\/wp\/v2\/media\/7633"}],"wp:attachment":[{"href":"https:\/\/mhcalculos.com.br\/noticias\/wp-json\/wp\/v2\/media?parent=8185"}],"wp:term":[{"taxonomy":"category","embeddable":true,"href":"https:\/\/mhcalculos.com.br\/noticias\/wp-json\/wp\/v2\/categories?post=8185"},{"taxonomy":"post_tag","embeddable":true,"href":"https:\/\/mhcalculos.com.br\/noticias\/wp-json\/wp\/v2\/tags?post=8185"}],"curies":[{"name":"wp","href":"https:\/\/api.w.org\/{rel}","templated":true}]}}