{"id":8156,"date":"2021-05-27T08:00:00","date_gmt":"2021-05-27T11:00:00","guid":{"rendered":"https:\/\/mhcalculos.com.br\/noticias\/area\/trabalhista\/tst-nomeacao-de-engenheiro-para-cargo-de-diretor-nao-configura-alteracao-contratual-lesiva.html"},"modified":"2021-07-28T14:27:42","modified_gmt":"2021-07-28T17:27:42","slug":"tst-nomeacao-de-engenheiro-para-cargo-de-diretor-nao-configura-alteracao-contratual-lesiva","status":"publish","type":"post","link":"https:\/\/mhcalculos.com.br\/noticias\/area\/trabalhista\/tst-nomeacao-de-engenheiro-para-cargo-de-diretor-nao-configura-alteracao-contratual-lesiva.html","title":{"rendered":"TST: Nomea\u00e7\u00e3o de engenheiro para cargo de diretor n\u00e3o configura altera\u00e7\u00e3o contratual lesiva"},"content":{"rendered":"<p><br \/>\n<\/p>\n<p><em><\/p>\n<p>A empresa dever\u00e1 manter o contrato de trabalho suspenso no per\u00edodo.<\/p>\n<p><\/em><\/p>\n<p>        <a class=\"share-facebook\" href=\"https:\/\/www.facebook.com\/sharer.php?u=http:\/\/www.tst.jus.br\/-\/nomea%C3%A7%C3%A3o-de-engenheiro-para-cargo-de-diretor-n%C3%A3o-configura-altera%C3%A7%C3%A3o-contratual-lesiva\" target=\"_blank\" rel=\"noopener\"><\/a><br \/>\n        <a class=\"share-twitter\" href=\"http:\/\/twitter.com\/intent\/tweet?text=Nomea\u00e7\u00e3o de engenheiro para cargo de diretor n\u00e3o configura altera\u00e7\u00e3o contratual lesiva%0AVeja%20mais%20em:&amp;url=http:\/\/www.tst.jus.br\/-\/nomea%C3%A7%C3%A3o-de-engenheiro-para-cargo-de-diretor-n%C3%A3o-configura-altera%C3%A7%C3%A3o-contratual-lesiva\" target=\"_blank\" rel=\"noopener\"><\/a><br \/>\n        <a class=\"share-linkedin\" href=\"https:\/\/www.linkedin.com\/shareArticle?mini=true&amp;url=http:\/\/www.tst.jus.br\/-\/nomea%C3%A7%C3%A3o-de-engenheiro-para-cargo-de-diretor-n%C3%A3o-configura-altera%C3%A7%C3%A3o-contratual-lesiva&amp;title=Nomea\u00e7\u00e3o de engenheiro para cargo de diretor n\u00e3o configura altera\u00e7\u00e3o contratual lesiva\" target=\"_blank\" rel=\"noopener\"><\/a><br \/>\n        <a class=\"share-whatsapp\" href=\"https:\/\/web.whatsapp.com\/send?text=http:\/\/www.tst.jus.br\/-\/nomea%C3%A7%C3%A3o-de-engenheiro-para-cargo-de-diretor-n%C3%A3o-configura-altera%C3%A7%C3%A3o-contratual-lesiva\" target=\"_blank\" rel=\"noopener\"><\/a><br \/>\n        <a class=\"share-googleplus\" href=\"https:\/\/plus.google.com\/share?url=http:\/\/www.tst.jus.br\/-\/nomea%C3%A7%C3%A3o-de-engenheiro-para-cargo-de-diretor-n%C3%A3o-configura-altera%C3%A7%C3%A3o-contratual-lesiva\" target=\"_blank\" rel=\"noopener\"><\/a><\/p>\n<p>27\/05\/21 &#8211;&nbsp;A Oitava Turma do Tribunal Superior do Trabalho julgou improcedente o pedido de um engenheiro que alegava ter havido fraude na assinatura de contrato de gest\u00e3o com a TSL &#8211; Engenharia, Manuten\u00e7\u00e3o e Preserva\u00e7\u00e3o Ambiental S\/A, de S\u00e3o Paulo (SP), pelo qual deixou de ser empregado para se tornar diretor. A decis\u00e3o segue a jurisprud\u00eancia do TST de que o empregado eleito para cargo de diretor tem o contrato de trabalho suspenso durante o seu exerc\u00edcio.<\/p>\n<h4>Diretor<\/h4>\n<p>Na reclama\u00e7\u00e3o trabalhista, o engenheiro disse que fora admitido em abril de 2008 como diretor empregado e, em janeiro do ano seguinte, passou \u00e0 condi\u00e7\u00e3o de diretor n\u00e3o empregado da \u00e1rea de novos neg\u00f3cios da empresa. Ele queria que fosse declarada nula a altera\u00e7\u00e3o contratual, com a alega\u00e7\u00e3o de que seria fraudulenta e teria lhe prejudicado financeiramente, pois deixara de receber diversas parcelas trabalhistas. Ainda na reclama\u00e7\u00e3o, ele afirmou ter sido mantido sob subordina\u00e7\u00e3o na condi\u00e7\u00e3o de diretor.<\/p>\n<p>A empresa, em sua defesa, disse que o contrato de trabalho fora devidamente suspenso, para que o engenheiro passasse a exercer as fun\u00e7\u00f5es de diretor n\u00e3o empregado, e rescindido em outubro de 2010, com o pagamento das verbas rescis\u00f3rias.<\/p>\n<h4>Altera\u00e7\u00e3o lesiva<\/h4>\n<p>O ju\u00edzo de primeiro grau julgou improcedente o pedido do engenheiro, mas o Tribunal Regional do Trabalho da 1\u00aa Regi\u00e3o (RJ) reformou a senten\u00e7a, por entender que o termo de suspens\u00e3o do contrato de trabalho e a assinatura do contrato de gest\u00e3o tiveram o intuito de burlar a legisla\u00e7\u00e3o trabalhista, \u201cnuma tentativa de afastar a repercuss\u00e3o dos sal\u00e1rios e dos b\u00f4nus do engenheiro em outras parcelas\u201d, j\u00e1 que n\u00e3o houve aumento salarial comprovado.&nbsp;<\/p>\n<p>Ao declarar nula a suspens\u00e3o, o TRT chega a reconhecer que o engenheiro havia tomado posse no cargo, com poderes ratificados no contrato social da TSL, devidamente registrado, em que seu nome consta como diretor de novos neg\u00f3cios. Contudo, declarou que o simples consentimento do trabalhador n\u00e3o seria suficiente para tornar l\u00edcita a altera\u00e7\u00e3o contratual, considerada lesiva.<\/p>\n<h4>Ci\u00eancia<\/h4>\n<p>Ao recorrer ao TST, a TSL argumentou que o engenheiro havia concordado com a designa\u00e7\u00e3o e dela se beneficiou e que, ao faz\u00ea-lo, estava ciente de sua condi\u00e7\u00e3o. A empresa afirmou, ainda, que o diretor jamais atuara como empregado no per\u00edodo de gest\u00e3o, faltando, para a configura\u00e7\u00e3o da rela\u00e7\u00e3o empregat\u00edcia, os requisitos previstos no artigo 3\u00ba da <a href=\"http:\/\/www.planalto.gov.br\/ccivil_03\/decreto-lei\/del5452.htm\" target=\"_blank\" rel=\"noopener\">CLT<\/a>. &nbsp;<\/p>\n<h4>Anu\u00eancia<\/h4>\n<p>A relatora, ministra Dora Maria da Costa, verificou que, de acordo com a decis\u00e3o do TRT, o engenheiro anuiu com o contrato de gest\u00e3o e com o termo de suspens\u00e3o do contrato de trabalho. Segundo ela, n\u00e3o houve redu\u00e7\u00e3o salarial nem permaneceu a subordina\u00e7\u00e3o jur\u00eddica, o que afasta a conclus\u00e3o de que teria havido altera\u00e7\u00e3o contratual lesiva, com a consequente declara\u00e7\u00e3o de nulidade da suspens\u00e3o contratual e da cl\u00e1usula de remunera\u00e7\u00e3o do contrato de gest\u00e3o. &nbsp;<\/p>\n<p>A ministra lembrou que, de acordo com a S\u00famula 269 do TST, o empregado eleito para ocupar cargo de diretor tem o respectivo contrato de trabalho suspenso. A exce\u00e7\u00e3o prevista na s\u00famula refere-se apenas \u00e0 situa\u00e7\u00e3o em que permanece a subordina\u00e7\u00e3o jur\u00eddica inerente \u00e0 rela\u00e7\u00e3o de emprego, o que, no caso, n\u00e3o ocorreu, pois os depoimentos confirmaram que o diretor exercia os poderes de gest\u00e3o.&nbsp;<\/p>\n<p>A decis\u00e3o foi un\u00e2nime.<\/p>\n<p>(RR\/CF)<\/p>\n<p>Processo: <a href=\"http:\/\/aplicacao4.tst.jus.br\/consultaProcessual\/consultaTstNumUnica.do?consulta=Consultar&amp;conscsjt=&amp;numeroTst=1003&amp;digitoTst=63&amp;anoTst=2011&amp;orgaoTst=5&amp;tribunalTst=01&amp;varaTst=0062&amp;submit=Consultar\" target=\"_blank\" rel=\"noopener\">RRAg-1003-63.2011.5.01.0062<\/a><\/p>\n<p>O TST tem oito Turmas, cada uma composta por tr\u00eas ministros, com a atribui\u00e7\u00e3o de analisar recursos de revista, agravos, agravos de instrumento, agravos regimentais e recursos ordin\u00e1rios em a\u00e7\u00e3o cautelar. Das decis\u00f5es das Turmas, a parte ainda pode, em alguns casos, recorrer \u00e0 Subse\u00e7\u00e3o I Especializada em Diss\u00eddios Individuais (SDI-1).<\/p>\n<p>Esta mat\u00e9ria tem car\u00e1ter informativo, sem cunho oficial.<br \/>\nPermitida a reprodu\u00e7\u00e3o mediante cita\u00e7\u00e3o da fonte.<br \/>\nSecretaria de Comunica\u00e7\u00e3o Social<br \/>\n<a href=\"http:\/\/www.tst.jus.br\" target=\"_blank\" rel=\"noopener\">Tribunal Superior do Trabalho<\/a><br \/>\nTel. (61) 3043-4907<br \/>\n<a href=\"mailto:secom@tst.jus.br\" target=\"\" rel=\"noopener\">secom@tst.jus.br<\/a><\/p>\n<p>    $(&#8216;#lightbox-drkk_ .slider-gallery-wrapper img&#8217;).hover(<br \/>\n    function() {<br \/>\n        const $text=$($($(this).parent()).next());<br \/>\n        $text.hasClass(&#8216;inside-description&#8217;) &amp;&amp; $text.fadeTo( &#8220;slow&#8221; , 0);<br \/>\n    }, function() {<br \/>\n        const $text=$($($(this).parent()).next());<br \/>\n        $text.hasClass(&#8216;inside-description&#8217;) &amp;&amp; $text.fadeTo( &#8220;slow&#8221; , 1);<br \/>\n    }<br \/>\n    );<br \/>\n    $(document).ready(function() {<br \/>\n        var drkk_autoplaying=false;<br \/>\n        var drkk_showingLightbox=false;<br \/>\n        const drkk_playPauseControllers=&#8221;#slider-drkk_-playpause, #slider-drkk_-lightbox-playpause&#8221;;<br \/>\n        $(&#8220;#slider-drkk_&#8221;).slick({<br \/>\n            slidesToShow: 1,<br \/>\n            slidesToScroll: 1,<br \/>\n            autoplay: drkk_autoplaying,<br \/>\n            swipeToSlide: false,<br \/>\n            centerMode: false,<br \/>\n            autoplaySpeed: 3000,<br \/>\n            focusOnSelect: true,<br \/>\n            prevArrow:<br \/>\n            &#8221;,<br \/>\n            nextArrow:<br \/>\n            &#8221;,<br \/>\n            centerPadding: &#8220;60px&#8221;,<br \/>\n            responsive: [<br \/>\n                {<br \/>\n                    breakpoint: 767.98,<br \/>\n                    settings: {<br \/>\n                        slidesToShow: 3,<br \/>\n                        adaptiveHeight: true<br \/>\n                    }<br \/>\n                }<br \/>\n            ]<br \/>\n        });<br \/>\n        $(&#8220;#slider-drkk_&#8221;).slickLightbox({<br \/>\n            src: &#8216;src&#8217;,<br \/>\n            itemSelector: &#8216;.galery-image .multimidia-wrapper img&#8217;,<br \/>\n            caption:&#8217;caption&#8217;<br \/>\n        });<br \/>\n    });<br \/>\n<script async src=\"https:\/\/platform.twitter.com\/widgets.js\" charset=\"utf-8\"><\/script><br \/>\n<br \/><i>Com informa\u00e7\u00f5es da assessoria de imprensa do TST.<\/i><br \/>\n<br \/><a href=\"http:\/\/www.tst.jus.br\/web\/guest\/noticias?p_p_id=89Dk&#038;p_p_lifecycle=0&#038;refererPlid=10730&#038;_89Dk_groupId=10157&#038;_89Dk_articleId=27357058\">Fonte<\/a><br \/>\n<br \/><\/p>\n","protected":false},"excerpt":{"rendered":"<p>A empresa dever\u00e1 manter o contrato de trabalho suspenso no per\u00edodo. 27\/05\/21 &#8211;&nbsp;A Oitava Turma do Tribunal Superior do Trabalho julgou improcedente o pedido de um engenheiro que alegava ter havido fraude na assinatura de contrato de gest\u00e3o com a TSL &#8211; Engenharia, Manuten\u00e7\u00e3o e Preserva\u00e7\u00e3o Ambiental S\/A, de S\u00e3o Paulo (SP), pelo qual deixou [&hellip;]<\/p>\n","protected":false},"author":3063,"featured_media":2769,"comment_status":"open","ping_status":"open","sticky":false,"template":"","format":"standard","meta":{"footnotes":""},"categories":[3,21],"tags":[33,216,9,12,217,215],"class_list":{"0":"post-8156","1":"post","2":"type-post","3":"status-publish","4":"format-standard","5":"has-post-thumbnail","7":"category-trabalhista","8":"category-tst","9":"tag-calculos-trabalhistas","10":"tag-direito-trabalhista","11":"tag-pericia","12":"tag-perito","13":"tag-trabalho","14":"tag-tst"},"yoast_head":"<!-- This site is optimized with the Yoast SEO plugin v27.2 - https:\/\/yoast.com\/product\/yoast-seo-wordpress\/ -->\n<title>TST: Nomea\u00e7\u00e3o de engenheiro para cargo de diretor n\u00e3o configura altera\u00e7\u00e3o contratual lesiva | Portal de Not\u00edcias<\/title>\n<meta name=\"robots\" content=\"index, follow, max-snippet:-1, max-image-preview:large, max-video-preview:-1\" \/>\n<link rel=\"canonical\" href=\"https:\/\/mhcalculos.com.br\/noticias\/area\/trabalhista\/tst-nomeacao-de-engenheiro-para-cargo-de-diretor-nao-configura-alteracao-contratual-lesiva.html\" \/>\n<meta property=\"og:locale\" content=\"pt_BR\" \/>\n<meta property=\"og:type\" content=\"article\" \/>\n<meta property=\"og:title\" content=\"TST: Nomea\u00e7\u00e3o de engenheiro para cargo de diretor n\u00e3o configura altera\u00e7\u00e3o contratual lesiva | Portal de Not\u00edcias\" \/>\n<meta property=\"og:description\" content=\"A empresa dever\u00e1 manter o contrato de trabalho suspenso no per\u00edodo. 27\/05\/21 &#8211;&nbsp;A Oitava Turma do Tribunal Superior do Trabalho julgou improcedente o pedido de um engenheiro que alegava ter havido fraude na assinatura de contrato de gest\u00e3o com a TSL &#8211; Engenharia, Manuten\u00e7\u00e3o e Preserva\u00e7\u00e3o Ambiental S\/A, de S\u00e3o Paulo (SP), pelo qual deixou [&hellip;]\" \/>\n<meta property=\"og:url\" content=\"https:\/\/mhcalculos.com.br\/noticias\/area\/trabalhista\/tst-nomeacao-de-engenheiro-para-cargo-de-diretor-nao-configura-alteracao-contratual-lesiva.html\" \/>\n<meta property=\"og:site_name\" content=\"Portal de Not\u00edcias\" \/>\n<meta property=\"article:published_time\" content=\"2021-05-27T11:00:00+00:00\" \/>\n<meta property=\"article:modified_time\" content=\"2021-07-28T17:27:42+00:00\" \/>\n<meta property=\"og:image\" content=\"https:\/\/mhcalculos.com.br\/noticias\/wp-content\/uploads\/sites\/2\/2018\/08\/trabalhista-0016.jpg\" \/>\n\t<meta property=\"og:image:width\" content=\"2000\" \/>\n\t<meta property=\"og:image:height\" content=\"800\" \/>\n\t<meta property=\"og:image:type\" content=\"image\/jpeg\" \/>\n<meta name=\"author\" content=\"Equipe MH\" \/>\n<meta name=\"twitter:card\" content=\"summary_large_image\" \/>\n<meta name=\"twitter:label1\" content=\"Escrito por\" \/>\n\t<meta name=\"twitter:data1\" content=\"Equipe MH\" \/>\n\t<meta name=\"twitter:label2\" content=\"Est. tempo de leitura\" \/>\n\t<meta name=\"twitter:data2\" content=\"4 minutos\" \/>\n<script type=\"application\/ld+json\" class=\"yoast-schema-graph\">{\"@context\":\"https:\/\/schema.org\",\"@graph\":[{\"@type\":\"Article\",\"@id\":\"https:\/\/mhcalculos.com.br\/noticias\/area\/trabalhista\/tst-nomeacao-de-engenheiro-para-cargo-de-diretor-nao-configura-alteracao-contratual-lesiva.html#article\",\"isPartOf\":{\"@id\":\"https:\/\/mhcalculos.com.br\/noticias\/area\/trabalhista\/tst-nomeacao-de-engenheiro-para-cargo-de-diretor-nao-configura-alteracao-contratual-lesiva.html\"},\"author\":{\"name\":\"Equipe MH\",\"@id\":\"https:\/\/mhcalculos.com.br\/noticias\/#\/schema\/person\/88d1c34bf72dc779ea14a5a6b8e0ae8d\"},\"headline\":\"TST: Nomea\u00e7\u00e3o de engenheiro para cargo de diretor n\u00e3o configura altera\u00e7\u00e3o contratual lesiva\",\"datePublished\":\"2021-05-27T11:00:00+00:00\",\"dateModified\":\"2021-07-28T17:27:42+00:00\",\"mainEntityOfPage\":{\"@id\":\"https:\/\/mhcalculos.com.br\/noticias\/area\/trabalhista\/tst-nomeacao-de-engenheiro-para-cargo-de-diretor-nao-configura-alteracao-contratual-lesiva.html\"},\"wordCount\":819,\"commentCount\":0,\"image\":{\"@id\":\"https:\/\/mhcalculos.com.br\/noticias\/area\/trabalhista\/tst-nomeacao-de-engenheiro-para-cargo-de-diretor-nao-configura-alteracao-contratual-lesiva.html#primaryimage\"},\"thumbnailUrl\":\"https:\/\/mhcalculos.com.br\/noticias\/wp-content\/uploads\/sites\/2\/2018\/08\/trabalhista-0016.jpg\",\"keywords\":[\"c\u00e1lculos trabalhistas\",\"direito trabalhista\",\"per\u00edcia\",\"perito\",\"trabalho\",\"TST\"],\"articleSection\":[\"Direito Trabalhista\",\"TST\"],\"inLanguage\":\"pt-BR\",\"potentialAction\":[{\"@type\":\"CommentAction\",\"name\":\"Comment\",\"target\":[\"https:\/\/mhcalculos.com.br\/noticias\/area\/trabalhista\/tst-nomeacao-de-engenheiro-para-cargo-de-diretor-nao-configura-alteracao-contratual-lesiva.html#respond\"]}]},{\"@type\":\"WebPage\",\"@id\":\"https:\/\/mhcalculos.com.br\/noticias\/area\/trabalhista\/tst-nomeacao-de-engenheiro-para-cargo-de-diretor-nao-configura-alteracao-contratual-lesiva.html\",\"url\":\"https:\/\/mhcalculos.com.br\/noticias\/area\/trabalhista\/tst-nomeacao-de-engenheiro-para-cargo-de-diretor-nao-configura-alteracao-contratual-lesiva.html\",\"name\":\"TST: Nomea\u00e7\u00e3o de engenheiro para cargo de diretor n\u00e3o configura altera\u00e7\u00e3o contratual lesiva | Portal de Not\u00edcias\",\"isPartOf\":{\"@id\":\"https:\/\/mhcalculos.com.br\/noticias\/#website\"},\"primaryImageOfPage\":{\"@id\":\"https:\/\/mhcalculos.com.br\/noticias\/area\/trabalhista\/tst-nomeacao-de-engenheiro-para-cargo-de-diretor-nao-configura-alteracao-contratual-lesiva.html#primaryimage\"},\"image\":{\"@id\":\"https:\/\/mhcalculos.com.br\/noticias\/area\/trabalhista\/tst-nomeacao-de-engenheiro-para-cargo-de-diretor-nao-configura-alteracao-contratual-lesiva.html#primaryimage\"},\"thumbnailUrl\":\"https:\/\/mhcalculos.com.br\/noticias\/wp-content\/uploads\/sites\/2\/2018\/08\/trabalhista-0016.jpg\",\"datePublished\":\"2021-05-27T11:00:00+00:00\",\"dateModified\":\"2021-07-28T17:27:42+00:00\",\"author\":{\"@id\":\"https:\/\/mhcalculos.com.br\/noticias\/#\/schema\/person\/88d1c34bf72dc779ea14a5a6b8e0ae8d\"},\"breadcrumb\":{\"@id\":\"https:\/\/mhcalculos.com.br\/noticias\/area\/trabalhista\/tst-nomeacao-de-engenheiro-para-cargo-de-diretor-nao-configura-alteracao-contratual-lesiva.html#breadcrumb\"},\"inLanguage\":\"pt-BR\",\"potentialAction\":[{\"@type\":\"ReadAction\",\"target\":[\"https:\/\/mhcalculos.com.br\/noticias\/area\/trabalhista\/tst-nomeacao-de-engenheiro-para-cargo-de-diretor-nao-configura-alteracao-contratual-lesiva.html\"]}]},{\"@type\":\"ImageObject\",\"inLanguage\":\"pt-BR\",\"@id\":\"https:\/\/mhcalculos.com.br\/noticias\/area\/trabalhista\/tst-nomeacao-de-engenheiro-para-cargo-de-diretor-nao-configura-alteracao-contratual-lesiva.html#primaryimage\",\"url\":\"https:\/\/mhcalculos.com.br\/noticias\/wp-content\/uploads\/sites\/2\/2018\/08\/trabalhista-0016.jpg\",\"contentUrl\":\"https:\/\/mhcalculos.com.br\/noticias\/wp-content\/uploads\/sites\/2\/2018\/08\/trabalhista-0016.jpg\",\"width\":2000,\"height\":800},{\"@type\":\"BreadcrumbList\",\"@id\":\"https:\/\/mhcalculos.com.br\/noticias\/area\/trabalhista\/tst-nomeacao-de-engenheiro-para-cargo-de-diretor-nao-configura-alteracao-contratual-lesiva.html#breadcrumb\",\"itemListElement\":[{\"@type\":\"ListItem\",\"position\":1,\"name\":\"In\u00edcio\",\"item\":\"https:\/\/mhcalculos.com.br\/noticias\/\"},{\"@type\":\"ListItem\",\"position\":2,\"name\":\"TST: Nomea\u00e7\u00e3o de engenheiro para cargo de diretor n\u00e3o configura altera\u00e7\u00e3o contratual lesiva\"}]},{\"@type\":\"WebSite\",\"@id\":\"https:\/\/mhcalculos.com.br\/noticias\/#website\",\"url\":\"https:\/\/mhcalculos.com.br\/noticias\/\",\"name\":\"Portal de Not\u00edcias\",\"description\":\"Not\u00edcias e Jurisprud\u00eancia\",\"potentialAction\":[{\"@type\":\"SearchAction\",\"target\":{\"@type\":\"EntryPoint\",\"urlTemplate\":\"https:\/\/mhcalculos.com.br\/noticias\/?s={search_term_string}\"},\"query-input\":{\"@type\":\"PropertyValueSpecification\",\"valueRequired\":true,\"valueName\":\"search_term_string\"}}],\"inLanguage\":\"pt-BR\"},{\"@type\":\"Person\",\"@id\":\"https:\/\/mhcalculos.com.br\/noticias\/#\/schema\/person\/88d1c34bf72dc779ea14a5a6b8e0ae8d\",\"name\":\"Equipe MH\",\"image\":{\"@type\":\"ImageObject\",\"inLanguage\":\"pt-BR\",\"@id\":\"https:\/\/secure.gravatar.com\/avatar\/de1c686c2ecc9c5a3f327e3431d819eb39f8f05d4e1045f5a1caad6daaba987f?s=96&d=mm&r=g\",\"url\":\"https:\/\/secure.gravatar.com\/avatar\/de1c686c2ecc9c5a3f327e3431d819eb39f8f05d4e1045f5a1caad6daaba987f?s=96&d=mm&r=g\",\"contentUrl\":\"https:\/\/secure.gravatar.com\/avatar\/de1c686c2ecc9c5a3f327e3431d819eb39f8f05d4e1045f5a1caad6daaba987f?s=96&d=mm&r=g\",\"caption\":\"Equipe MH\"}}]}<\/script>\n<!-- \/ Yoast SEO plugin. -->","yoast_head_json":{"title":"TST: Nomea\u00e7\u00e3o de engenheiro para cargo de diretor n\u00e3o configura altera\u00e7\u00e3o contratual lesiva | Portal de Not\u00edcias","robots":{"index":"index","follow":"follow","max-snippet":"max-snippet:-1","max-image-preview":"max-image-preview:large","max-video-preview":"max-video-preview:-1"},"canonical":"https:\/\/mhcalculos.com.br\/noticias\/area\/trabalhista\/tst-nomeacao-de-engenheiro-para-cargo-de-diretor-nao-configura-alteracao-contratual-lesiva.html","og_locale":"pt_BR","og_type":"article","og_title":"TST: Nomea\u00e7\u00e3o de engenheiro para cargo de diretor n\u00e3o configura altera\u00e7\u00e3o contratual lesiva | Portal de Not\u00edcias","og_description":"A empresa dever\u00e1 manter o contrato de trabalho suspenso no per\u00edodo. 27\/05\/21 &#8211;&nbsp;A Oitava Turma do Tribunal Superior do Trabalho julgou improcedente o pedido de um engenheiro que alegava ter havido fraude na assinatura de contrato de gest\u00e3o com a TSL &#8211; Engenharia, Manuten\u00e7\u00e3o e Preserva\u00e7\u00e3o Ambiental S\/A, de S\u00e3o Paulo (SP), pelo qual deixou [&hellip;]","og_url":"https:\/\/mhcalculos.com.br\/noticias\/area\/trabalhista\/tst-nomeacao-de-engenheiro-para-cargo-de-diretor-nao-configura-alteracao-contratual-lesiva.html","og_site_name":"Portal de Not\u00edcias","article_published_time":"2021-05-27T11:00:00+00:00","article_modified_time":"2021-07-28T17:27:42+00:00","og_image":[{"width":2000,"height":800,"url":"https:\/\/mhcalculos.com.br\/noticias\/wp-content\/uploads\/sites\/2\/2018\/08\/trabalhista-0016.jpg","type":"image\/jpeg"}],"author":"Equipe MH","twitter_card":"summary_large_image","twitter_misc":{"Escrito por":"Equipe MH","Est. tempo de leitura":"4 minutos"},"schema":{"@context":"https:\/\/schema.org","@graph":[{"@type":"Article","@id":"https:\/\/mhcalculos.com.br\/noticias\/area\/trabalhista\/tst-nomeacao-de-engenheiro-para-cargo-de-diretor-nao-configura-alteracao-contratual-lesiva.html#article","isPartOf":{"@id":"https:\/\/mhcalculos.com.br\/noticias\/area\/trabalhista\/tst-nomeacao-de-engenheiro-para-cargo-de-diretor-nao-configura-alteracao-contratual-lesiva.html"},"author":{"name":"Equipe MH","@id":"https:\/\/mhcalculos.com.br\/noticias\/#\/schema\/person\/88d1c34bf72dc779ea14a5a6b8e0ae8d"},"headline":"TST: Nomea\u00e7\u00e3o de engenheiro para cargo de diretor n\u00e3o configura altera\u00e7\u00e3o contratual lesiva","datePublished":"2021-05-27T11:00:00+00:00","dateModified":"2021-07-28T17:27:42+00:00","mainEntityOfPage":{"@id":"https:\/\/mhcalculos.com.br\/noticias\/area\/trabalhista\/tst-nomeacao-de-engenheiro-para-cargo-de-diretor-nao-configura-alteracao-contratual-lesiva.html"},"wordCount":819,"commentCount":0,"image":{"@id":"https:\/\/mhcalculos.com.br\/noticias\/area\/trabalhista\/tst-nomeacao-de-engenheiro-para-cargo-de-diretor-nao-configura-alteracao-contratual-lesiva.html#primaryimage"},"thumbnailUrl":"https:\/\/mhcalculos.com.br\/noticias\/wp-content\/uploads\/sites\/2\/2018\/08\/trabalhista-0016.jpg","keywords":["c\u00e1lculos trabalhistas","direito trabalhista","per\u00edcia","perito","trabalho","TST"],"articleSection":["Direito Trabalhista","TST"],"inLanguage":"pt-BR","potentialAction":[{"@type":"CommentAction","name":"Comment","target":["https:\/\/mhcalculos.com.br\/noticias\/area\/trabalhista\/tst-nomeacao-de-engenheiro-para-cargo-de-diretor-nao-configura-alteracao-contratual-lesiva.html#respond"]}]},{"@type":"WebPage","@id":"https:\/\/mhcalculos.com.br\/noticias\/area\/trabalhista\/tst-nomeacao-de-engenheiro-para-cargo-de-diretor-nao-configura-alteracao-contratual-lesiva.html","url":"https:\/\/mhcalculos.com.br\/noticias\/area\/trabalhista\/tst-nomeacao-de-engenheiro-para-cargo-de-diretor-nao-configura-alteracao-contratual-lesiva.html","name":"TST: Nomea\u00e7\u00e3o de engenheiro para cargo de diretor n\u00e3o configura altera\u00e7\u00e3o contratual lesiva | Portal de Not\u00edcias","isPartOf":{"@id":"https:\/\/mhcalculos.com.br\/noticias\/#website"},"primaryImageOfPage":{"@id":"https:\/\/mhcalculos.com.br\/noticias\/area\/trabalhista\/tst-nomeacao-de-engenheiro-para-cargo-de-diretor-nao-configura-alteracao-contratual-lesiva.html#primaryimage"},"image":{"@id":"https:\/\/mhcalculos.com.br\/noticias\/area\/trabalhista\/tst-nomeacao-de-engenheiro-para-cargo-de-diretor-nao-configura-alteracao-contratual-lesiva.html#primaryimage"},"thumbnailUrl":"https:\/\/mhcalculos.com.br\/noticias\/wp-content\/uploads\/sites\/2\/2018\/08\/trabalhista-0016.jpg","datePublished":"2021-05-27T11:00:00+00:00","dateModified":"2021-07-28T17:27:42+00:00","author":{"@id":"https:\/\/mhcalculos.com.br\/noticias\/#\/schema\/person\/88d1c34bf72dc779ea14a5a6b8e0ae8d"},"breadcrumb":{"@id":"https:\/\/mhcalculos.com.br\/noticias\/area\/trabalhista\/tst-nomeacao-de-engenheiro-para-cargo-de-diretor-nao-configura-alteracao-contratual-lesiva.html#breadcrumb"},"inLanguage":"pt-BR","potentialAction":[{"@type":"ReadAction","target":["https:\/\/mhcalculos.com.br\/noticias\/area\/trabalhista\/tst-nomeacao-de-engenheiro-para-cargo-de-diretor-nao-configura-alteracao-contratual-lesiva.html"]}]},{"@type":"ImageObject","inLanguage":"pt-BR","@id":"https:\/\/mhcalculos.com.br\/noticias\/area\/trabalhista\/tst-nomeacao-de-engenheiro-para-cargo-de-diretor-nao-configura-alteracao-contratual-lesiva.html#primaryimage","url":"https:\/\/mhcalculos.com.br\/noticias\/wp-content\/uploads\/sites\/2\/2018\/08\/trabalhista-0016.jpg","contentUrl":"https:\/\/mhcalculos.com.br\/noticias\/wp-content\/uploads\/sites\/2\/2018\/08\/trabalhista-0016.jpg","width":2000,"height":800},{"@type":"BreadcrumbList","@id":"https:\/\/mhcalculos.com.br\/noticias\/area\/trabalhista\/tst-nomeacao-de-engenheiro-para-cargo-de-diretor-nao-configura-alteracao-contratual-lesiva.html#breadcrumb","itemListElement":[{"@type":"ListItem","position":1,"name":"In\u00edcio","item":"https:\/\/mhcalculos.com.br\/noticias\/"},{"@type":"ListItem","position":2,"name":"TST: Nomea\u00e7\u00e3o de engenheiro para cargo de diretor n\u00e3o configura altera\u00e7\u00e3o contratual lesiva"}]},{"@type":"WebSite","@id":"https:\/\/mhcalculos.com.br\/noticias\/#website","url":"https:\/\/mhcalculos.com.br\/noticias\/","name":"Portal de Not\u00edcias","description":"Not\u00edcias e Jurisprud\u00eancia","potentialAction":[{"@type":"SearchAction","target":{"@type":"EntryPoint","urlTemplate":"https:\/\/mhcalculos.com.br\/noticias\/?s={search_term_string}"},"query-input":{"@type":"PropertyValueSpecification","valueRequired":true,"valueName":"search_term_string"}}],"inLanguage":"pt-BR"},{"@type":"Person","@id":"https:\/\/mhcalculos.com.br\/noticias\/#\/schema\/person\/88d1c34bf72dc779ea14a5a6b8e0ae8d","name":"Equipe MH","image":{"@type":"ImageObject","inLanguage":"pt-BR","@id":"https:\/\/secure.gravatar.com\/avatar\/de1c686c2ecc9c5a3f327e3431d819eb39f8f05d4e1045f5a1caad6daaba987f?s=96&d=mm&r=g","url":"https:\/\/secure.gravatar.com\/avatar\/de1c686c2ecc9c5a3f327e3431d819eb39f8f05d4e1045f5a1caad6daaba987f?s=96&d=mm&r=g","contentUrl":"https:\/\/secure.gravatar.com\/avatar\/de1c686c2ecc9c5a3f327e3431d819eb39f8f05d4e1045f5a1caad6daaba987f?s=96&d=mm&r=g","caption":"Equipe MH"}}]}},"_links":{"self":[{"href":"https:\/\/mhcalculos.com.br\/noticias\/wp-json\/wp\/v2\/posts\/8156","targetHints":{"allow":["GET"]}}],"collection":[{"href":"https:\/\/mhcalculos.com.br\/noticias\/wp-json\/wp\/v2\/posts"}],"about":[{"href":"https:\/\/mhcalculos.com.br\/noticias\/wp-json\/wp\/v2\/types\/post"}],"author":[{"embeddable":true,"href":"https:\/\/mhcalculos.com.br\/noticias\/wp-json\/wp\/v2\/users\/3063"}],"replies":[{"embeddable":true,"href":"https:\/\/mhcalculos.com.br\/noticias\/wp-json\/wp\/v2\/comments?post=8156"}],"version-history":[{"count":1,"href":"https:\/\/mhcalculos.com.br\/noticias\/wp-json\/wp\/v2\/posts\/8156\/revisions"}],"predecessor-version":[{"id":8350,"href":"https:\/\/mhcalculos.com.br\/noticias\/wp-json\/wp\/v2\/posts\/8156\/revisions\/8350"}],"wp:featuredmedia":[{"embeddable":true,"href":"https:\/\/mhcalculos.com.br\/noticias\/wp-json\/wp\/v2\/media\/2769"}],"wp:attachment":[{"href":"https:\/\/mhcalculos.com.br\/noticias\/wp-json\/wp\/v2\/media?parent=8156"}],"wp:term":[{"taxonomy":"category","embeddable":true,"href":"https:\/\/mhcalculos.com.br\/noticias\/wp-json\/wp\/v2\/categories?post=8156"},{"taxonomy":"post_tag","embeddable":true,"href":"https:\/\/mhcalculos.com.br\/noticias\/wp-json\/wp\/v2\/tags?post=8156"}],"curies":[{"name":"wp","href":"https:\/\/api.w.org\/{rel}","templated":true}]}}