{"id":8140,"date":"2021-05-18T22:19:00","date_gmt":"2021-05-19T01:19:00","guid":{"rendered":"https:\/\/mhcalculos.com.br\/noticias\/area\/trabalhista\/tst-presidente-do-tribunal-destaca-uso-de-tecnologias-para-aprimorar-a-prestacao-jurisdicional-em-evento-do-cnj.html"},"modified":"2021-07-28T14:27:44","modified_gmt":"2021-07-28T17:27:44","slug":"tst-presidente-do-tribunal-destaca-uso-de-tecnologias-para-aprimorar-a-prestacao-jurisdicional-em-evento-do-cnj","status":"publish","type":"post","link":"https:\/\/mhcalculos.com.br\/noticias\/area\/trabalhista\/tst-presidente-do-tribunal-destaca-uso-de-tecnologias-para-aprimorar-a-prestacao-jurisdicional-em-evento-do-cnj.html","title":{"rendered":"TST: Presidente do Tribunal&nbsp;destaca uso de tecnologias para aprimorar a presta\u00e7\u00e3o jurisdicional em evento do CNJ"},"content":{"rendered":"<p><br \/>\n<\/p>\n<p><em><\/p>\n<p>A ministra Maria Cristina Peduzzi participou da abertura do \u201cI Col\u00f3quio Jur\u00eddico Brasil-Organiza\u00e7\u00e3o dos Estados Americanos (OEA): Boas Pr\u00e1ticas do Direito Brasileiro\u201d, nesta ter\u00e7a-feira (18.<\/p>\n<p><\/em><\/p>\n<p>        <a class=\"share-facebook\" href=\"https:\/\/www.facebook.com\/sharer.php?u=http:\/\/www.tst.jus.br\/-\/presidente-do-tst-destaca-uso-de-tecnologias-para-aprimorar-a-presta%C3%A7%C3%A3o-jurisdicional-em-evento-do-cnj-1\" target=\"_blank\" rel=\"noopener\"><\/a><br \/>\n        <a class=\"share-twitter\" href=\"http:\/\/twitter.com\/intent\/tweet?text=Presidente do TST destaca uso de tecnologias para aprimorar a presta\u00e7\u00e3o jurisdicional em evento do CNJ%0AVeja%20mais%20em:&amp;url=http:\/\/www.tst.jus.br\/-\/presidente-do-tst-destaca-uso-de-tecnologias-para-aprimorar-a-presta%C3%A7%C3%A3o-jurisdicional-em-evento-do-cnj-1\" target=\"_blank\" rel=\"noopener\"><\/a><br \/>\n        <a class=\"share-linkedin\" href=\"https:\/\/www.linkedin.com\/shareArticle?mini=true&amp;url=http:\/\/www.tst.jus.br\/-\/presidente-do-tst-destaca-uso-de-tecnologias-para-aprimorar-a-presta%C3%A7%C3%A3o-jurisdicional-em-evento-do-cnj-1&amp;title=Presidente do TST destaca uso de tecnologias para aprimorar a presta\u00e7\u00e3o jurisdicional em evento do CNJ\" target=\"_blank\" rel=\"noopener\"><\/a><br \/>\n        <a class=\"share-whatsapp\" href=\"https:\/\/web.whatsapp.com\/send?text=http:\/\/www.tst.jus.br\/-\/presidente-do-tst-destaca-uso-de-tecnologias-para-aprimorar-a-presta%C3%A7%C3%A3o-jurisdicional-em-evento-do-cnj-1\" target=\"_blank\" rel=\"noopener\"><\/a><br \/>\n        <a class=\"share-googleplus\" href=\"https:\/\/plus.google.com\/share?url=http:\/\/www.tst.jus.br\/-\/presidente-do-tst-destaca-uso-de-tecnologias-para-aprimorar-a-presta%C3%A7%C3%A3o-jurisdicional-em-evento-do-cnj-1\" target=\"_blank\" rel=\"noopener\"><\/a><\/p>\n<p>                <\/p>\n<p>                    <a class=\"share-facebook\" href=\"https:\/\/www.facebook.com\/sharer.php?u=http:\/\/www.tst.jus.br\/-\/presidente-do-tst-destaca-uso-de-tecnologias-para-aprimorar-a-presta%C3%A7%C3%A3o-jurisdicional-em-evento-do-cnj-1\" target=\"_blank\" rel=\"noopener\"><\/a><br \/>\n                    <a class=\"share-twitter\" href=\"http:\/\/twitter.com\/intent\/tweet?text=Presidente do TST destaca uso de tecnologias para aprimorar a presta\u00e7\u00e3o jurisdicional em evento do CNJ%0AVeja%20mais%20em:&amp;url=http:\/\/www.tst.jus.br\/-\/presidente-do-tst-destaca-uso-de-tecnologias-para-aprimorar-a-presta%C3%A7%C3%A3o-jurisdicional-em-evento-do-cnj-1\" target=\"_blank\" rel=\"noopener\"><\/a><br \/>\n                    <a class=\"share-linkedin\" href=\"https:\/\/www.linkedin.com\/shareArticle?mini=true&amp;url=http:\/\/www.tst.jus.br\/-\/presidente-do-tst-destaca-uso-de-tecnologias-para-aprimorar-a-presta%C3%A7%C3%A3o-jurisdicional-em-evento-do-cnj-1&amp;title=Presidente do TST destaca uso de tecnologias para aprimorar a presta\u00e7\u00e3o jurisdicional em evento do CNJ\" target=\"_blank\" rel=\"noopener\"><\/a><br \/>\n                    <a class=\"share-whatsapp\" href=\"https:\/\/web.whatsapp.com\/send?text=http:\/\/www.tst.jus.br\/-\/presidente-do-tst-destaca-uso-de-tecnologias-para-aprimorar-a-presta%C3%A7%C3%A3o-jurisdicional-em-evento-do-cnj-1\" target=\"_blank\" rel=\"noopener\"><\/a><br \/>\n                    <a class=\"share-googleplus\" href=\"https:\/\/plus.google.com\/share?url=http:\/\/www.tst.jus.br\/-\/presidente-do-tst-destaca-uso-de-tecnologias-para-aprimorar-a-presta%C3%A7%C3%A3o-jurisdicional-em-evento-do-cnj-1\" target=\"_blank\" rel=\"noopener\"><\/a><\/p>\n<p>18\/05\/21 &#8211; A presidente do Tribunal Superior do Trabalho (TST) e do Conselho Superior da Justi\u00e7a do Trabalho (CSJT), ministra Maria Cristina Peduzzi, participou, nesta ter\u00e7a-feira (18), da abertura do \u201cI Col\u00f3quio Jur\u00eddico Brasil-Organiza\u00e7\u00e3o dos Estados Americanos (OEA): Boas Pr\u00e1ticas do Direito Brasileiro\u201d, promovido em parceria com o Conselho Nacional de Justi\u00e7a (CNJ) e com a Organiza\u00e7\u00e3o dos Estados Americanos (OEA). O tema central de seu pronunciamento foi a import\u00e2ncia da revolu\u00e7\u00e3o tecnol\u00f3gica na atua\u00e7\u00e3o da Justi\u00e7a do Trabalho.&nbsp;<\/p>\n<p>\u201cCom a revolu\u00e7\u00e3o 4.0 invadindo o mundo do trabalho e transformando as formas de produzir, o Poder Judici\u00e1rio e, em especial, a Justi\u00e7a do Trabalho tiveram de se adaptar \u00e0 forma como administram a Justi\u00e7a para aproveitar as potencialidades que este desenvolvimento tecnol\u00f3gico pode oferecer para uma melhor presta\u00e7\u00e3o jurisdicional\u201d, afirmou. \u201cO Poder Judici\u00e1rio tem se valido das inova\u00e7\u00f5es tecnol\u00f3gicas para cumprir a sua miss\u00e3o institucional e efetivar os princ\u00edpios constitucionais vinculados \u00e0 sua compet\u00eancia\u201d.<\/p>\n<p>A magistrada ressaltou que o TST tem aplicado a tecnologia para adequar a presta\u00e7\u00e3o jurisdicional \u00e0s novas necessidades impostas pela pandemia da covid-19, com o uso de sistemas de intelig\u00eancia artificial, plataformas digitais para as sess\u00f5es de julgamento e de media\u00e7\u00e3o, atendimento de cidad\u00e3os pelo Balc\u00e3o Virtual e a ades\u00e3o ao projeto do Ju\u00edzo 100% Digital por Tribunais Regionais do Trabalho.&nbsp;\u201c\u00c9 esse compromisso intergeracional de cumprir os princ\u00edpios constitucionais que norteia a atua\u00e7\u00e3o do Poder Judici\u00e1rio e garante que se valha das conquistas tecnol\u00f3gicas de cada tempo. Temos preservado a qualidade da presta\u00e7\u00e3o jurisdicional, e a sociedade tamb\u00e9m tem ganhado com o aumento da efici\u00eancia na entrega dos servi\u00e7os e com o crescimento dos \u00edndices de produtividade\u201d, concluiu.<\/p>\n<h4>Coopera\u00e7\u00e3o<\/h4>\n<p>Durante os pronunciamentos na abertura do encontro, o presidente do Supremo Tribunal Federal (STF) e do Conselho Nacional de Justi\u00e7a (CNJ), ministro Luiz Fux, lamentou as v\u00edtimas da covid-19 e destacou o papel de coopera\u00e7\u00e3o entre o CNJ e a OEA, que, mesmo no atual cen\u00e1rio, n\u00e3o estagnaram suas atividades. \u201cPelo contr\u00e1rio, ambas as institui\u00e7\u00f5es t\u00eam atuado de forma diligente na dif\u00edcil tarefa de combater os males trazidos pela pandemia\u201d, afirmou.&nbsp;<\/p>\n<p>Para o magistrado, a coopera\u00e7\u00e3o entre os dois \u00f3rg\u00e3os fomenta o interc\u00e2mbio de boas pr\u00e1ticas e auxilia a difus\u00e3o da jurisprud\u00eancia da Corte Interamericana no Judici\u00e1rio brasileiro. Al\u00e9m disso, ele destacou que o CNJ tem trabalhado para garantir o acesso da sociedade \u00e0 Justi\u00e7a nesse per\u00edodo, com especial aten\u00e7\u00e3o aos mais necessitados e aos cidad\u00e3os em situa\u00e7\u00e3o de vulnerabilidade.<\/p>\n<p>O secret\u00e1rio-geral dos Estados Americanos, Luis Almagro, celebrou a inclus\u00e3o de temas t\u00e3o variados no Col\u00f3quio. \u201cAtrav\u00e9s da coopera\u00e7\u00e3o jur\u00eddica entre as organiza\u00e7\u00f5es, h\u00e1 fortalecimento do sistema interamericano e do marco jur\u00eddico brasileiro para propiciar um interc\u00e2mbio de boas pr\u00e1ticas\u201d, declarou.<\/p>\n<h4>Autoridades<\/h4>\n<p>Tamb\u00e9m participaram da mesa de abertura o presidente do Superior Tribunal de Justi\u00e7a, ministro Humberto Martins; o presidente do Superior Tribunal Militar, ministro Luis Carlos Gomes Mattos; o procurador-geral da Rep\u00fablica, Augusto Aras; o advogado-geral da Uni\u00e3o, ministro Andr\u00e9 Mendon\u00e7a; o secret\u00e1rio de assuntos jur\u00eddicos da OEA, Jean Michel Arrighi; representantes do Minist\u00e9rio da Justi\u00e7a e do Minist\u00e9rio da Mulher, da Fam\u00edlia e dos Direitos Humanos; e o representante permanente do Brasil junto \u00e0 OEA, embaixador Fernando Simas Magalh\u00e3es.<\/p>\n<h4>Col\u00f3quio<\/h4>\n<p>O evento, que prosseguir\u00e1 no dia 26\/5, tem como objetivo conhecer as boas pr\u00e1ticas jur\u00eddicas vivenciadas no Brasil nos \u00faltimos tempos e promover a troca de experi\u00eancias e a dissemina\u00e7\u00e3o da coopera\u00e7\u00e3o jur\u00eddica internacional no \u00e2mbito dos pa\u00edses membros da OEA.&nbsp;<\/p>\n<p>(VC\/CF)<\/p>\n<p>&nbsp;<\/p>\n<p>    $(&#8216;#lightbox-itdj_ .slider-gallery-wrapper img&#8217;).hover(<br \/>\n    function() {<br \/>\n        const $text=$($($(this).parent()).next());<br \/>\n        $text.hasClass(&#8216;inside-description&#8217;) &amp;&amp; $text.fadeTo( &#8220;slow&#8221; , 0);<br \/>\n    }, function() {<br \/>\n        const $text=$($($(this).parent()).next());<br \/>\n        $text.hasClass(&#8216;inside-description&#8217;) &amp;&amp; $text.fadeTo( &#8220;slow&#8221; , 1);<br \/>\n    }<br \/>\n    );<br \/>\n    $(document).ready(function() {<br \/>\n        var itdj_autoplaying=false;<br \/>\n        var itdj_showingLightbox=false;<br \/>\n        const itdj_playPauseControllers=&#8221;#slider-itdj_-playpause, #slider-itdj_-lightbox-playpause&#8221;;<br \/>\n        $(&#8220;#slider-itdj_&#8221;).slick({<br \/>\n            slidesToShow: 1,<br \/>\n            slidesToScroll: 1,<br \/>\n            autoplay: itdj_autoplaying,<br \/>\n            swipeToSlide: false,<br \/>\n            centerMode: false,<br \/>\n            autoplaySpeed: 3000,<br \/>\n            focusOnSelect: true,<br \/>\n            prevArrow:<br \/>\n            &#8221;,<br \/>\n            nextArrow:<br \/>\n            &#8221;,<br \/>\n            centerPadding: &#8220;60px&#8221;,<br \/>\n            responsive: [<br \/>\n                {<br \/>\n                    breakpoint: 767.98,<br \/>\n                    settings: {<br \/>\n                        slidesToShow: 3,<br \/>\n                        adaptiveHeight: true<br \/>\n                    }<br \/>\n                }<br \/>\n            ]<br \/>\n        });<br \/>\n        $(&#8220;#slider-itdj_&#8221;).slickLightbox({<br \/>\n            src: &#8216;src&#8217;,<br \/>\n            itemSelector: &#8216;.galery-image .multimidia-wrapper img&#8217;,<br \/>\n            caption:&#8217;caption&#8217;<br \/>\n        });<br \/>\n    });<br \/>\n<script async src=\"https:\/\/platform.twitter.com\/widgets.js\" charset=\"utf-8\"><\/script><br \/>\n<br \/><i>Com informa\u00e7\u00f5es da assessoria de imprensa do TST.<\/i><br \/>\n<br \/><a href=\"http:\/\/www.tst.jus.br\/web\/guest\/noticias?p_p_id=89Dk&#038;p_p_lifecycle=0&#038;refererPlid=10730&#038;_89Dk_groupId=10157&#038;_89Dk_articleId=27341797\">Fonte<\/a><br \/>\n<br \/><\/p>\n","protected":false},"excerpt":{"rendered":"<p>A ministra Maria Cristina Peduzzi participou da abertura do \u201cI Col\u00f3quio Jur\u00eddico Brasil-Organiza\u00e7\u00e3o dos Estados Americanos (OEA): Boas Pr\u00e1ticas do Direito Brasileiro\u201d, nesta ter\u00e7a-feira (18. 18\/05\/21 &#8211; A presidente do Tribunal Superior do Trabalho (TST) e do Conselho Superior da Justi\u00e7a do Trabalho (CSJT), ministra Maria Cristina Peduzzi, participou, nesta ter\u00e7a-feira (18), da abertura do [&hellip;]<\/p>\n","protected":false},"author":3063,"featured_media":3273,"comment_status":"open","ping_status":"open","sticky":false,"template":"","format":"standard","meta":{"footnotes":""},"categories":[3,21],"tags":[33,216,9,12,217,215],"class_list":{"0":"post-8140","1":"post","2":"type-post","3":"status-publish","4":"format-standard","5":"has-post-thumbnail","7":"category-trabalhista","8":"category-tst","9":"tag-calculos-trabalhistas","10":"tag-direito-trabalhista","11":"tag-pericia","12":"tag-perito","13":"tag-trabalho","14":"tag-tst"},"yoast_head":"<!-- This site is optimized with the Yoast SEO plugin v27.2 - https:\/\/yoast.com\/product\/yoast-seo-wordpress\/ -->\n<title>TST: Presidente do Tribunal&nbsp;destaca uso de tecnologias para aprimorar a presta\u00e7\u00e3o jurisdicional em evento do CNJ | Portal de Not\u00edcias<\/title>\n<meta name=\"robots\" content=\"index, follow, max-snippet:-1, max-image-preview:large, max-video-preview:-1\" \/>\n<link rel=\"canonical\" href=\"https:\/\/mhcalculos.com.br\/noticias\/area\/trabalhista\/tst-presidente-do-tribunal-destaca-uso-de-tecnologias-para-aprimorar-a-prestacao-jurisdicional-em-evento-do-cnj.html\" \/>\n<meta property=\"og:locale\" content=\"pt_BR\" \/>\n<meta property=\"og:type\" content=\"article\" \/>\n<meta property=\"og:title\" content=\"TST: Presidente do Tribunal&nbsp;destaca uso de tecnologias para aprimorar a presta\u00e7\u00e3o jurisdicional em evento do CNJ | Portal de Not\u00edcias\" \/>\n<meta property=\"og:description\" content=\"A ministra Maria Cristina Peduzzi participou da abertura do \u201cI Col\u00f3quio Jur\u00eddico Brasil-Organiza\u00e7\u00e3o dos Estados Americanos (OEA): Boas Pr\u00e1ticas do Direito Brasileiro\u201d, nesta ter\u00e7a-feira (18. 18\/05\/21 &#8211; A presidente do Tribunal Superior do Trabalho (TST) e do Conselho Superior da Justi\u00e7a do Trabalho (CSJT), ministra Maria Cristina Peduzzi, participou, nesta ter\u00e7a-feira (18), da abertura do [&hellip;]\" \/>\n<meta property=\"og:url\" content=\"https:\/\/mhcalculos.com.br\/noticias\/area\/trabalhista\/tst-presidente-do-tribunal-destaca-uso-de-tecnologias-para-aprimorar-a-prestacao-jurisdicional-em-evento-do-cnj.html\" \/>\n<meta property=\"og:site_name\" content=\"Portal de Not\u00edcias\" \/>\n<meta property=\"article:published_time\" content=\"2021-05-19T01:19:00+00:00\" \/>\n<meta property=\"article:modified_time\" content=\"2021-07-28T17:27:44+00:00\" \/>\n<meta property=\"og:image\" content=\"https:\/\/mhcalculos.com.br\/noticias\/wp-content\/uploads\/sites\/2\/2018\/10\/judiciario-0011.jpg\" \/>\n\t<meta property=\"og:image:width\" content=\"2000\" \/>\n\t<meta property=\"og:image:height\" content=\"800\" \/>\n\t<meta property=\"og:image:type\" content=\"image\/jpeg\" \/>\n<meta name=\"author\" content=\"Equipe MH\" \/>\n<meta name=\"twitter:card\" content=\"summary_large_image\" \/>\n<meta name=\"twitter:label1\" content=\"Escrito por\" \/>\n\t<meta name=\"twitter:data1\" content=\"Equipe MH\" \/>\n\t<meta name=\"twitter:label2\" content=\"Est. tempo de leitura\" \/>\n\t<meta name=\"twitter:data2\" content=\"4 minutos\" \/>\n<script type=\"application\/ld+json\" class=\"yoast-schema-graph\">{\"@context\":\"https:\/\/schema.org\",\"@graph\":[{\"@type\":\"Article\",\"@id\":\"https:\/\/mhcalculos.com.br\/noticias\/area\/trabalhista\/tst-presidente-do-tribunal-destaca-uso-de-tecnologias-para-aprimorar-a-prestacao-jurisdicional-em-evento-do-cnj.html#article\",\"isPartOf\":{\"@id\":\"https:\/\/mhcalculos.com.br\/noticias\/area\/trabalhista\/tst-presidente-do-tribunal-destaca-uso-de-tecnologias-para-aprimorar-a-prestacao-jurisdicional-em-evento-do-cnj.html\"},\"author\":{\"name\":\"Equipe MH\",\"@id\":\"https:\/\/mhcalculos.com.br\/noticias\/#\/schema\/person\/88d1c34bf72dc779ea14a5a6b8e0ae8d\"},\"headline\":\"TST: Presidente do Tribunal&nbsp;destaca uso de tecnologias para aprimorar a presta\u00e7\u00e3o jurisdicional em evento do CNJ\",\"datePublished\":\"2021-05-19T01:19:00+00:00\",\"dateModified\":\"2021-07-28T17:27:44+00:00\",\"mainEntityOfPage\":{\"@id\":\"https:\/\/mhcalculos.com.br\/noticias\/area\/trabalhista\/tst-presidente-do-tribunal-destaca-uso-de-tecnologias-para-aprimorar-a-prestacao-jurisdicional-em-evento-do-cnj.html\"},\"wordCount\":803,\"commentCount\":0,\"image\":{\"@id\":\"https:\/\/mhcalculos.com.br\/noticias\/area\/trabalhista\/tst-presidente-do-tribunal-destaca-uso-de-tecnologias-para-aprimorar-a-prestacao-jurisdicional-em-evento-do-cnj.html#primaryimage\"},\"thumbnailUrl\":\"https:\/\/mhcalculos.com.br\/noticias\/wp-content\/uploads\/sites\/2\/2018\/10\/judiciario-0011.jpg\",\"keywords\":[\"c\u00e1lculos trabalhistas\",\"direito trabalhista\",\"per\u00edcia\",\"perito\",\"trabalho\",\"TST\"],\"articleSection\":[\"Direito Trabalhista\",\"TST\"],\"inLanguage\":\"pt-BR\",\"potentialAction\":[{\"@type\":\"CommentAction\",\"name\":\"Comment\",\"target\":[\"https:\/\/mhcalculos.com.br\/noticias\/area\/trabalhista\/tst-presidente-do-tribunal-destaca-uso-de-tecnologias-para-aprimorar-a-prestacao-jurisdicional-em-evento-do-cnj.html#respond\"]}]},{\"@type\":\"WebPage\",\"@id\":\"https:\/\/mhcalculos.com.br\/noticias\/area\/trabalhista\/tst-presidente-do-tribunal-destaca-uso-de-tecnologias-para-aprimorar-a-prestacao-jurisdicional-em-evento-do-cnj.html\",\"url\":\"https:\/\/mhcalculos.com.br\/noticias\/area\/trabalhista\/tst-presidente-do-tribunal-destaca-uso-de-tecnologias-para-aprimorar-a-prestacao-jurisdicional-em-evento-do-cnj.html\",\"name\":\"TST: Presidente do Tribunal&nbsp;destaca uso de tecnologias para aprimorar a presta\u00e7\u00e3o jurisdicional em evento do CNJ | Portal de Not\u00edcias\",\"isPartOf\":{\"@id\":\"https:\/\/mhcalculos.com.br\/noticias\/#website\"},\"primaryImageOfPage\":{\"@id\":\"https:\/\/mhcalculos.com.br\/noticias\/area\/trabalhista\/tst-presidente-do-tribunal-destaca-uso-de-tecnologias-para-aprimorar-a-prestacao-jurisdicional-em-evento-do-cnj.html#primaryimage\"},\"image\":{\"@id\":\"https:\/\/mhcalculos.com.br\/noticias\/area\/trabalhista\/tst-presidente-do-tribunal-destaca-uso-de-tecnologias-para-aprimorar-a-prestacao-jurisdicional-em-evento-do-cnj.html#primaryimage\"},\"thumbnailUrl\":\"https:\/\/mhcalculos.com.br\/noticias\/wp-content\/uploads\/sites\/2\/2018\/10\/judiciario-0011.jpg\",\"datePublished\":\"2021-05-19T01:19:00+00:00\",\"dateModified\":\"2021-07-28T17:27:44+00:00\",\"author\":{\"@id\":\"https:\/\/mhcalculos.com.br\/noticias\/#\/schema\/person\/88d1c34bf72dc779ea14a5a6b8e0ae8d\"},\"breadcrumb\":{\"@id\":\"https:\/\/mhcalculos.com.br\/noticias\/area\/trabalhista\/tst-presidente-do-tribunal-destaca-uso-de-tecnologias-para-aprimorar-a-prestacao-jurisdicional-em-evento-do-cnj.html#breadcrumb\"},\"inLanguage\":\"pt-BR\",\"potentialAction\":[{\"@type\":\"ReadAction\",\"target\":[\"https:\/\/mhcalculos.com.br\/noticias\/area\/trabalhista\/tst-presidente-do-tribunal-destaca-uso-de-tecnologias-para-aprimorar-a-prestacao-jurisdicional-em-evento-do-cnj.html\"]}]},{\"@type\":\"ImageObject\",\"inLanguage\":\"pt-BR\",\"@id\":\"https:\/\/mhcalculos.com.br\/noticias\/area\/trabalhista\/tst-presidente-do-tribunal-destaca-uso-de-tecnologias-para-aprimorar-a-prestacao-jurisdicional-em-evento-do-cnj.html#primaryimage\",\"url\":\"https:\/\/mhcalculos.com.br\/noticias\/wp-content\/uploads\/sites\/2\/2018\/10\/judiciario-0011.jpg\",\"contentUrl\":\"https:\/\/mhcalculos.com.br\/noticias\/wp-content\/uploads\/sites\/2\/2018\/10\/judiciario-0011.jpg\",\"width\":2000,\"height\":800},{\"@type\":\"BreadcrumbList\",\"@id\":\"https:\/\/mhcalculos.com.br\/noticias\/area\/trabalhista\/tst-presidente-do-tribunal-destaca-uso-de-tecnologias-para-aprimorar-a-prestacao-jurisdicional-em-evento-do-cnj.html#breadcrumb\",\"itemListElement\":[{\"@type\":\"ListItem\",\"position\":1,\"name\":\"In\u00edcio\",\"item\":\"https:\/\/mhcalculos.com.br\/noticias\/\"},{\"@type\":\"ListItem\",\"position\":2,\"name\":\"TST: Presidente do Tribunal&nbsp;destaca uso de tecnologias para aprimorar a presta\u00e7\u00e3o jurisdicional em evento do CNJ\"}]},{\"@type\":\"WebSite\",\"@id\":\"https:\/\/mhcalculos.com.br\/noticias\/#website\",\"url\":\"https:\/\/mhcalculos.com.br\/noticias\/\",\"name\":\"Portal de Not\u00edcias\",\"description\":\"Not\u00edcias e Jurisprud\u00eancia\",\"potentialAction\":[{\"@type\":\"SearchAction\",\"target\":{\"@type\":\"EntryPoint\",\"urlTemplate\":\"https:\/\/mhcalculos.com.br\/noticias\/?s={search_term_string}\"},\"query-input\":{\"@type\":\"PropertyValueSpecification\",\"valueRequired\":true,\"valueName\":\"search_term_string\"}}],\"inLanguage\":\"pt-BR\"},{\"@type\":\"Person\",\"@id\":\"https:\/\/mhcalculos.com.br\/noticias\/#\/schema\/person\/88d1c34bf72dc779ea14a5a6b8e0ae8d\",\"name\":\"Equipe MH\",\"image\":{\"@type\":\"ImageObject\",\"inLanguage\":\"pt-BR\",\"@id\":\"https:\/\/secure.gravatar.com\/avatar\/de1c686c2ecc9c5a3f327e3431d819eb39f8f05d4e1045f5a1caad6daaba987f?s=96&d=mm&r=g\",\"url\":\"https:\/\/secure.gravatar.com\/avatar\/de1c686c2ecc9c5a3f327e3431d819eb39f8f05d4e1045f5a1caad6daaba987f?s=96&d=mm&r=g\",\"contentUrl\":\"https:\/\/secure.gravatar.com\/avatar\/de1c686c2ecc9c5a3f327e3431d819eb39f8f05d4e1045f5a1caad6daaba987f?s=96&d=mm&r=g\",\"caption\":\"Equipe MH\"}}]}<\/script>\n<!-- \/ Yoast SEO plugin. -->","yoast_head_json":{"title":"TST: Presidente do Tribunal&nbsp;destaca uso de tecnologias para aprimorar a presta\u00e7\u00e3o jurisdicional em evento do CNJ | Portal de Not\u00edcias","robots":{"index":"index","follow":"follow","max-snippet":"max-snippet:-1","max-image-preview":"max-image-preview:large","max-video-preview":"max-video-preview:-1"},"canonical":"https:\/\/mhcalculos.com.br\/noticias\/area\/trabalhista\/tst-presidente-do-tribunal-destaca-uso-de-tecnologias-para-aprimorar-a-prestacao-jurisdicional-em-evento-do-cnj.html","og_locale":"pt_BR","og_type":"article","og_title":"TST: Presidente do Tribunal&nbsp;destaca uso de tecnologias para aprimorar a presta\u00e7\u00e3o jurisdicional em evento do CNJ | Portal de Not\u00edcias","og_description":"A ministra Maria Cristina Peduzzi participou da abertura do \u201cI Col\u00f3quio Jur\u00eddico Brasil-Organiza\u00e7\u00e3o dos Estados Americanos (OEA): Boas Pr\u00e1ticas do Direito Brasileiro\u201d, nesta ter\u00e7a-feira (18. 18\/05\/21 &#8211; A presidente do Tribunal Superior do Trabalho (TST) e do Conselho Superior da Justi\u00e7a do Trabalho (CSJT), ministra Maria Cristina Peduzzi, participou, nesta ter\u00e7a-feira (18), da abertura do [&hellip;]","og_url":"https:\/\/mhcalculos.com.br\/noticias\/area\/trabalhista\/tst-presidente-do-tribunal-destaca-uso-de-tecnologias-para-aprimorar-a-prestacao-jurisdicional-em-evento-do-cnj.html","og_site_name":"Portal de Not\u00edcias","article_published_time":"2021-05-19T01:19:00+00:00","article_modified_time":"2021-07-28T17:27:44+00:00","og_image":[{"width":2000,"height":800,"url":"https:\/\/mhcalculos.com.br\/noticias\/wp-content\/uploads\/sites\/2\/2018\/10\/judiciario-0011.jpg","type":"image\/jpeg"}],"author":"Equipe MH","twitter_card":"summary_large_image","twitter_misc":{"Escrito por":"Equipe MH","Est. tempo de leitura":"4 minutos"},"schema":{"@context":"https:\/\/schema.org","@graph":[{"@type":"Article","@id":"https:\/\/mhcalculos.com.br\/noticias\/area\/trabalhista\/tst-presidente-do-tribunal-destaca-uso-de-tecnologias-para-aprimorar-a-prestacao-jurisdicional-em-evento-do-cnj.html#article","isPartOf":{"@id":"https:\/\/mhcalculos.com.br\/noticias\/area\/trabalhista\/tst-presidente-do-tribunal-destaca-uso-de-tecnologias-para-aprimorar-a-prestacao-jurisdicional-em-evento-do-cnj.html"},"author":{"name":"Equipe MH","@id":"https:\/\/mhcalculos.com.br\/noticias\/#\/schema\/person\/88d1c34bf72dc779ea14a5a6b8e0ae8d"},"headline":"TST: Presidente do Tribunal&nbsp;destaca uso de tecnologias para aprimorar a presta\u00e7\u00e3o jurisdicional em evento do CNJ","datePublished":"2021-05-19T01:19:00+00:00","dateModified":"2021-07-28T17:27:44+00:00","mainEntityOfPage":{"@id":"https:\/\/mhcalculos.com.br\/noticias\/area\/trabalhista\/tst-presidente-do-tribunal-destaca-uso-de-tecnologias-para-aprimorar-a-prestacao-jurisdicional-em-evento-do-cnj.html"},"wordCount":803,"commentCount":0,"image":{"@id":"https:\/\/mhcalculos.com.br\/noticias\/area\/trabalhista\/tst-presidente-do-tribunal-destaca-uso-de-tecnologias-para-aprimorar-a-prestacao-jurisdicional-em-evento-do-cnj.html#primaryimage"},"thumbnailUrl":"https:\/\/mhcalculos.com.br\/noticias\/wp-content\/uploads\/sites\/2\/2018\/10\/judiciario-0011.jpg","keywords":["c\u00e1lculos trabalhistas","direito trabalhista","per\u00edcia","perito","trabalho","TST"],"articleSection":["Direito Trabalhista","TST"],"inLanguage":"pt-BR","potentialAction":[{"@type":"CommentAction","name":"Comment","target":["https:\/\/mhcalculos.com.br\/noticias\/area\/trabalhista\/tst-presidente-do-tribunal-destaca-uso-de-tecnologias-para-aprimorar-a-prestacao-jurisdicional-em-evento-do-cnj.html#respond"]}]},{"@type":"WebPage","@id":"https:\/\/mhcalculos.com.br\/noticias\/area\/trabalhista\/tst-presidente-do-tribunal-destaca-uso-de-tecnologias-para-aprimorar-a-prestacao-jurisdicional-em-evento-do-cnj.html","url":"https:\/\/mhcalculos.com.br\/noticias\/area\/trabalhista\/tst-presidente-do-tribunal-destaca-uso-de-tecnologias-para-aprimorar-a-prestacao-jurisdicional-em-evento-do-cnj.html","name":"TST: Presidente do Tribunal&nbsp;destaca uso de tecnologias para aprimorar a presta\u00e7\u00e3o jurisdicional em evento do CNJ | Portal de Not\u00edcias","isPartOf":{"@id":"https:\/\/mhcalculos.com.br\/noticias\/#website"},"primaryImageOfPage":{"@id":"https:\/\/mhcalculos.com.br\/noticias\/area\/trabalhista\/tst-presidente-do-tribunal-destaca-uso-de-tecnologias-para-aprimorar-a-prestacao-jurisdicional-em-evento-do-cnj.html#primaryimage"},"image":{"@id":"https:\/\/mhcalculos.com.br\/noticias\/area\/trabalhista\/tst-presidente-do-tribunal-destaca-uso-de-tecnologias-para-aprimorar-a-prestacao-jurisdicional-em-evento-do-cnj.html#primaryimage"},"thumbnailUrl":"https:\/\/mhcalculos.com.br\/noticias\/wp-content\/uploads\/sites\/2\/2018\/10\/judiciario-0011.jpg","datePublished":"2021-05-19T01:19:00+00:00","dateModified":"2021-07-28T17:27:44+00:00","author":{"@id":"https:\/\/mhcalculos.com.br\/noticias\/#\/schema\/person\/88d1c34bf72dc779ea14a5a6b8e0ae8d"},"breadcrumb":{"@id":"https:\/\/mhcalculos.com.br\/noticias\/area\/trabalhista\/tst-presidente-do-tribunal-destaca-uso-de-tecnologias-para-aprimorar-a-prestacao-jurisdicional-em-evento-do-cnj.html#breadcrumb"},"inLanguage":"pt-BR","potentialAction":[{"@type":"ReadAction","target":["https:\/\/mhcalculos.com.br\/noticias\/area\/trabalhista\/tst-presidente-do-tribunal-destaca-uso-de-tecnologias-para-aprimorar-a-prestacao-jurisdicional-em-evento-do-cnj.html"]}]},{"@type":"ImageObject","inLanguage":"pt-BR","@id":"https:\/\/mhcalculos.com.br\/noticias\/area\/trabalhista\/tst-presidente-do-tribunal-destaca-uso-de-tecnologias-para-aprimorar-a-prestacao-jurisdicional-em-evento-do-cnj.html#primaryimage","url":"https:\/\/mhcalculos.com.br\/noticias\/wp-content\/uploads\/sites\/2\/2018\/10\/judiciario-0011.jpg","contentUrl":"https:\/\/mhcalculos.com.br\/noticias\/wp-content\/uploads\/sites\/2\/2018\/10\/judiciario-0011.jpg","width":2000,"height":800},{"@type":"BreadcrumbList","@id":"https:\/\/mhcalculos.com.br\/noticias\/area\/trabalhista\/tst-presidente-do-tribunal-destaca-uso-de-tecnologias-para-aprimorar-a-prestacao-jurisdicional-em-evento-do-cnj.html#breadcrumb","itemListElement":[{"@type":"ListItem","position":1,"name":"In\u00edcio","item":"https:\/\/mhcalculos.com.br\/noticias\/"},{"@type":"ListItem","position":2,"name":"TST: Presidente do Tribunal&nbsp;destaca uso de tecnologias para aprimorar a presta\u00e7\u00e3o jurisdicional em evento do CNJ"}]},{"@type":"WebSite","@id":"https:\/\/mhcalculos.com.br\/noticias\/#website","url":"https:\/\/mhcalculos.com.br\/noticias\/","name":"Portal de Not\u00edcias","description":"Not\u00edcias e Jurisprud\u00eancia","potentialAction":[{"@type":"SearchAction","target":{"@type":"EntryPoint","urlTemplate":"https:\/\/mhcalculos.com.br\/noticias\/?s={search_term_string}"},"query-input":{"@type":"PropertyValueSpecification","valueRequired":true,"valueName":"search_term_string"}}],"inLanguage":"pt-BR"},{"@type":"Person","@id":"https:\/\/mhcalculos.com.br\/noticias\/#\/schema\/person\/88d1c34bf72dc779ea14a5a6b8e0ae8d","name":"Equipe MH","image":{"@type":"ImageObject","inLanguage":"pt-BR","@id":"https:\/\/secure.gravatar.com\/avatar\/de1c686c2ecc9c5a3f327e3431d819eb39f8f05d4e1045f5a1caad6daaba987f?s=96&d=mm&r=g","url":"https:\/\/secure.gravatar.com\/avatar\/de1c686c2ecc9c5a3f327e3431d819eb39f8f05d4e1045f5a1caad6daaba987f?s=96&d=mm&r=g","contentUrl":"https:\/\/secure.gravatar.com\/avatar\/de1c686c2ecc9c5a3f327e3431d819eb39f8f05d4e1045f5a1caad6daaba987f?s=96&d=mm&r=g","caption":"Equipe MH"}}]}},"_links":{"self":[{"href":"https:\/\/mhcalculos.com.br\/noticias\/wp-json\/wp\/v2\/posts\/8140","targetHints":{"allow":["GET"]}}],"collection":[{"href":"https:\/\/mhcalculos.com.br\/noticias\/wp-json\/wp\/v2\/posts"}],"about":[{"href":"https:\/\/mhcalculos.com.br\/noticias\/wp-json\/wp\/v2\/types\/post"}],"author":[{"embeddable":true,"href":"https:\/\/mhcalculos.com.br\/noticias\/wp-json\/wp\/v2\/users\/3063"}],"replies":[{"embeddable":true,"href":"https:\/\/mhcalculos.com.br\/noticias\/wp-json\/wp\/v2\/comments?post=8140"}],"version-history":[{"count":1,"href":"https:\/\/mhcalculos.com.br\/noticias\/wp-json\/wp\/v2\/posts\/8140\/revisions"}],"predecessor-version":[{"id":8361,"href":"https:\/\/mhcalculos.com.br\/noticias\/wp-json\/wp\/v2\/posts\/8140\/revisions\/8361"}],"wp:featuredmedia":[{"embeddable":true,"href":"https:\/\/mhcalculos.com.br\/noticias\/wp-json\/wp\/v2\/media\/3273"}],"wp:attachment":[{"href":"https:\/\/mhcalculos.com.br\/noticias\/wp-json\/wp\/v2\/media?parent=8140"}],"wp:term":[{"taxonomy":"category","embeddable":true,"href":"https:\/\/mhcalculos.com.br\/noticias\/wp-json\/wp\/v2\/categories?post=8140"},{"taxonomy":"post_tag","embeddable":true,"href":"https:\/\/mhcalculos.com.br\/noticias\/wp-json\/wp\/v2\/tags?post=8140"}],"curies":[{"name":"wp","href":"https:\/\/api.w.org\/{rel}","templated":true}]}}