{"id":8133,"date":"2021-05-14T15:05:07","date_gmt":"2021-05-14T18:05:07","guid":{"rendered":"https:\/\/mhcalculos.com.br\/noticias\/area\/previdenciario\/trf4-reconhecido-direito-de-perito-do-inss-de-acumular-o-cargo-com-o-de-medico-da-empresa-de-servicos-hospitalares-13-05-2021.html"},"modified":"2021-07-28T14:27:44","modified_gmt":"2021-07-28T17:27:44","slug":"trf4-reconhecido-direito-de-perito-do-inss-de-acumular-o-cargo-com-o-de-medico-da-empresa-de-servicos-hospitalares-13-05-2021","status":"publish","type":"post","link":"https:\/\/mhcalculos.com.br\/noticias\/area\/previdenciario\/trf4-reconhecido-direito-de-perito-do-inss-de-acumular-o-cargo-com-o-de-medico-da-empresa-de-servicos-hospitalares-13-05-2021.html","title":{"rendered":"TRF4: Reconhecido direito de perito do INSS de acumular o cargo com o de m\u00e9dico da Empresa de Servi\u00e7os Hospitalares (13\/05\/2021)"},"content":{"rendered":"<p><br \/>\n<\/p>\n<p>A 4\u00aa Turma, em formato ampliado, do Tribunal Regional Federal da 4\u00aa Regi\u00e3o (TRF4) deu provimento ao recurso interposto por um perito do Instituto Nacional do Seguro Social (INSS) para permitir que ele possa acumular esse cargo com a contra\u00e7\u00e3o como m\u00e9dico pela Empresa Brasileira de Servi\u00e7os Hospitalares (EBSERH). A decis\u00e3o do colegiado foi proferida por maioria em sess\u00e3o telepresencial de julgamento realizada ontem (12\/5).<\/p>\n<p><strong>O caso<\/strong><\/p>\n<p>O m\u00e9dico, residente em Pelotas (RS), ingressou com a a\u00e7\u00e3o em fevereiro de 2017 contra a EBSERH. No processo, ele narrou que atua como perito pelo INSS, submetido ao regime de 40 horas semanais de trabalho, e foi aprovado em concurso p\u00fablico para integrar o quadro da EBSERH, como dermatologista, com carga hor\u00e1ria de 24 horas semanais.<\/p>\n<p>No entanto, ele afirmou que n\u00e3o foi poss\u00edvel a sua contrata\u00e7\u00e3o pela empresa p\u00fablica pois, baseada em parecer da Advocacia-Geral da Uni\u00e3o (AGU), a r\u00e9 alegou n\u00e3o ser poss\u00edvel a acumula\u00e7\u00e3o de cargos p\u00fablicos quando as cargas hor\u00e1rias somadas ultrapassam o limite de 60 horas semanais.<\/p>\n<p>O autor defendeu que, de fato, cumpre efetivamente, no cargo de perito do INSS, a carga de 30 horas semanais, em raz\u00e3o da implementa\u00e7\u00e3o do atendimento em turno estendido na APS de Pelotas, onde estava lotado. Dessa forma, juntamente com o cargo de m\u00e9dico da EBSERH, ele n\u00e3o superaria o limite previsto em regulamento.<\/p>\n<p><strong>Senten\u00e7a e recurso<\/strong><\/p>\n<p>Em abril de 2018, o ju\u00edzo da 1\u00aa Vara Federal de Pelotas, considerou improcedente a a\u00e7\u00e3o, indeferindo o pedido da parte autora.<\/p>\n<p>O m\u00e9dico recorreu da senten\u00e7a ao TRF4, requerendo a reforma da decis\u00e3o. Na apela\u00e7\u00e3o, ele defendeu que demonstrou nos autos que o ac\u00famulo das fun\u00e7\u00f5es de perito do INSS e a contrata\u00e7\u00e3o pela EBSERH totalizaria 54 horas semanais, ficando dentro do hor\u00e1rio estabelecido pelo parecer da AGU. Ainda acrescentou que a compatibilidade dos hor\u00e1rios para exercer as atividades foi reconhecida atrav\u00e9s de declara\u00e7\u00f5es firmadas pelo INSS.<\/p>\n<p><strong>Vota\u00e7\u00e3o da 4\u00aa Turma<\/strong><\/p>\n<p>O relator do processo, desembargador federal Ricardo Teixeira do Valle Pereira, baseou seu voto em decis\u00e3o tomada pelo Supremo Tribunal Federal (STF), no ano de 2020, em caso semelhante.<\/p>\n<p>Na ocasi\u00e3o, segundo o magistrado, o STF firmou a seguinte tese: &ldquo;As hip\u00f3teses excepcionais autorizadoras de acumula\u00e7\u00e3o de cargos p\u00fablicos previstas na Constitui\u00e7\u00e3o Federal sujeitam-se, unicamente, a exist\u00eancia de compatibilidade de hor\u00e1rios, verificada no caso concreto, ainda que haja norma infraconstitucional que limite a jornada semanal&rdquo;.<\/p>\n<p>O desembargador ressaltou que &ldquo;o STF entendeu que, diante do requisito \u00fanico trazido pelo constituinte, qual seja, a compatibilidade de hor\u00e1rios, n\u00e3o constitui \u00f3bice \u00e0 acumula\u00e7\u00e3o de cargos p\u00fablicos a mera fixa\u00e7\u00e3o infraconstitucional de limite m\u00e1ximo de horas semanais, devendo ser apreciada a situa\u00e7\u00e3o em concreto. Portanto, ainda que haja norma infraconstitucional limitando a jornada semanal de trabalho, se verificada, em concreto, a compatibilidade de hor\u00e1rios, ser\u00e1 poss\u00edvel a acumula\u00e7\u00e3o remunerada de cargos p\u00fablicos excepcionalmente autorizada pela Constitui\u00e7\u00e3o&rdquo;.<\/p>\n<p>Valle Pereira concluiu que &ldquo;superado o entendimento que vedava a acumula\u00e7\u00e3o remunerada de cargos que excedessem 60 horas semanais de jornada de trabalho e existindo compatibilidade de hor\u00e1rios entre o cargo almejado pelo autor e o que ele j\u00e1 exerce, \u00e9 de ser provido o apelo para reconhecer o seu direito de ser contratado pela r\u00e9 no cargo de m\u00e9dico, em regime de trabalho de 24 horas semanais, sem preju\u00edzo das demais atividades junto ao INSS, onde exerce a atividade de perito&rdquo;.<\/p>\n<p>A 4\u00aa Turma ampliada, por maioria, seguiu o posicionamento do relator.<\/p>\n<p><br \/> (Foto: Stockphotos)<\/p>\n<p><i>Com informa\u00e7\u00f5es da assessoria de imprensa do TRF4.<\/i><br \/>\n<br \/><a href=\"http:\/\/www2.trf4.jus.br\/trf4\/controlador.php?acao=noticia_visualizar&#038;id_noticia=15854\">Fonte<\/a><br \/>\n<br \/><\/p>\n","protected":false},"excerpt":{"rendered":"<p>A 4\u00aa Turma, em formato ampliado, do Tribunal Regional Federal da 4\u00aa Regi\u00e3o (TRF4) deu provimento ao recurso interposto por um perito do Instituto Nacional do Seguro Social (INSS) para permitir que ele possa acumular esse cargo com a contra\u00e7\u00e3o como m\u00e9dico pela Empresa Brasileira de Servi\u00e7os Hospitalares (EBSERH). A decis\u00e3o do colegiado foi proferida [&hellip;]<\/p>\n","protected":false},"author":3063,"featured_media":1825,"comment_status":"open","ping_status":"open","sticky":false,"template":"","format":"standard","meta":{"footnotes":""},"categories":[5,6],"tags":[11,10,8,13,9,12,17],"class_list":{"0":"post-8133","1":"post","2":"type-post","3":"status-publish","4":"format-standard","5":"has-post-thumbnail","7":"category-previdenciario","8":"category-trf4","9":"tag-aposentadoria","10":"tag-calculos-previdenciarios","11":"tag-direito-previdenciario","12":"tag-inss","13":"tag-pericia","14":"tag-perito","15":"tag-trf4"},"yoast_head":"<!-- This site is optimized with the Yoast SEO plugin v27.2 - https:\/\/yoast.com\/product\/yoast-seo-wordpress\/ -->\n<title>TRF4: Reconhecido direito de perito do INSS de acumular o cargo com o de m\u00e9dico da Empresa de Servi\u00e7os Hospitalares (13\/05\/2021) | Portal de Not\u00edcias<\/title>\n<meta name=\"robots\" content=\"index, follow, max-snippet:-1, max-image-preview:large, max-video-preview:-1\" \/>\n<link rel=\"canonical\" href=\"https:\/\/mhcalculos.com.br\/noticias\/area\/previdenciario\/trf4-reconhecido-direito-de-perito-do-inss-de-acumular-o-cargo-com-o-de-medico-da-empresa-de-servicos-hospitalares-13-05-2021.html\" \/>\n<meta property=\"og:locale\" content=\"pt_BR\" \/>\n<meta property=\"og:type\" content=\"article\" \/>\n<meta property=\"og:title\" content=\"TRF4: Reconhecido direito de perito do INSS de acumular o cargo com o de m\u00e9dico da Empresa de Servi\u00e7os Hospitalares (13\/05\/2021) | Portal de Not\u00edcias\" \/>\n<meta property=\"og:description\" content=\"A 4\u00aa Turma, em formato ampliado, do Tribunal Regional Federal da 4\u00aa Regi\u00e3o (TRF4) deu provimento ao recurso interposto por um perito do Instituto Nacional do Seguro Social (INSS) para permitir que ele possa acumular esse cargo com a contra\u00e7\u00e3o como m\u00e9dico pela Empresa Brasileira de Servi\u00e7os Hospitalares (EBSERH). A decis\u00e3o do colegiado foi proferida [&hellip;]\" \/>\n<meta property=\"og:url\" content=\"https:\/\/mhcalculos.com.br\/noticias\/area\/previdenciario\/trf4-reconhecido-direito-de-perito-do-inss-de-acumular-o-cargo-com-o-de-medico-da-empresa-de-servicos-hospitalares-13-05-2021.html\" \/>\n<meta property=\"og:site_name\" content=\"Portal de Not\u00edcias\" \/>\n<meta property=\"article:published_time\" content=\"2021-05-14T18:05:07+00:00\" \/>\n<meta property=\"article:modified_time\" content=\"2021-07-28T17:27:44+00:00\" \/>\n<meta property=\"og:image\" content=\"https:\/\/mhcalculos.com.br\/noticias\/wp-content\/uploads\/sites\/2\/2018\/06\/judiciario-0037.jpg\" \/>\n\t<meta property=\"og:image:width\" content=\"2000\" \/>\n\t<meta property=\"og:image:height\" content=\"800\" \/>\n\t<meta property=\"og:image:type\" content=\"image\/jpeg\" \/>\n<meta name=\"author\" content=\"Equipe MH\" \/>\n<meta name=\"twitter:card\" content=\"summary_large_image\" \/>\n<meta name=\"twitter:label1\" content=\"Escrito por\" \/>\n\t<meta name=\"twitter:data1\" content=\"Equipe MH\" \/>\n\t<meta name=\"twitter:label2\" content=\"Est. tempo de leitura\" \/>\n\t<meta name=\"twitter:data2\" content=\"3 minutos\" \/>\n<script type=\"application\/ld+json\" class=\"yoast-schema-graph\">{\"@context\":\"https:\/\/schema.org\",\"@graph\":[{\"@type\":\"Article\",\"@id\":\"https:\/\/mhcalculos.com.br\/noticias\/area\/previdenciario\/trf4-reconhecido-direito-de-perito-do-inss-de-acumular-o-cargo-com-o-de-medico-da-empresa-de-servicos-hospitalares-13-05-2021.html#article\",\"isPartOf\":{\"@id\":\"https:\/\/mhcalculos.com.br\/noticias\/area\/previdenciario\/trf4-reconhecido-direito-de-perito-do-inss-de-acumular-o-cargo-com-o-de-medico-da-empresa-de-servicos-hospitalares-13-05-2021.html\"},\"author\":{\"name\":\"Equipe MH\",\"@id\":\"https:\/\/mhcalculos.com.br\/noticias\/#\/schema\/person\/88d1c34bf72dc779ea14a5a6b8e0ae8d\"},\"headline\":\"TRF4: Reconhecido direito de perito do INSS de acumular o cargo com o de m\u00e9dico da Empresa de Servi\u00e7os Hospitalares (13\/05\/2021)\",\"datePublished\":\"2021-05-14T18:05:07+00:00\",\"dateModified\":\"2021-07-28T17:27:44+00:00\",\"mainEntityOfPage\":{\"@id\":\"https:\/\/mhcalculos.com.br\/noticias\/area\/previdenciario\/trf4-reconhecido-direito-de-perito-do-inss-de-acumular-o-cargo-com-o-de-medico-da-empresa-de-servicos-hospitalares-13-05-2021.html\"},\"wordCount\":652,\"commentCount\":0,\"image\":{\"@id\":\"https:\/\/mhcalculos.com.br\/noticias\/area\/previdenciario\/trf4-reconhecido-direito-de-perito-do-inss-de-acumular-o-cargo-com-o-de-medico-da-empresa-de-servicos-hospitalares-13-05-2021.html#primaryimage\"},\"thumbnailUrl\":\"https:\/\/mhcalculos.com.br\/noticias\/wp-content\/uploads\/sites\/2\/2018\/06\/judiciario-0037.jpg\",\"keywords\":[\"aposentadoria\",\"c\u00e1lculos previdenci\u00e1rios\",\"direito previdenci\u00e1rio\",\"inss\",\"per\u00edcia\",\"perito\",\"trf4\"],\"articleSection\":[\"Direito Previdenci\u00e1rio\",\"TRF4\"],\"inLanguage\":\"pt-BR\",\"potentialAction\":[{\"@type\":\"CommentAction\",\"name\":\"Comment\",\"target\":[\"https:\/\/mhcalculos.com.br\/noticias\/area\/previdenciario\/trf4-reconhecido-direito-de-perito-do-inss-de-acumular-o-cargo-com-o-de-medico-da-empresa-de-servicos-hospitalares-13-05-2021.html#respond\"]}]},{\"@type\":\"WebPage\",\"@id\":\"https:\/\/mhcalculos.com.br\/noticias\/area\/previdenciario\/trf4-reconhecido-direito-de-perito-do-inss-de-acumular-o-cargo-com-o-de-medico-da-empresa-de-servicos-hospitalares-13-05-2021.html\",\"url\":\"https:\/\/mhcalculos.com.br\/noticias\/area\/previdenciario\/trf4-reconhecido-direito-de-perito-do-inss-de-acumular-o-cargo-com-o-de-medico-da-empresa-de-servicos-hospitalares-13-05-2021.html\",\"name\":\"TRF4: Reconhecido direito de perito do INSS de acumular o cargo com o de m\u00e9dico da Empresa de Servi\u00e7os Hospitalares (13\/05\/2021) | Portal de Not\u00edcias\",\"isPartOf\":{\"@id\":\"https:\/\/mhcalculos.com.br\/noticias\/#website\"},\"primaryImageOfPage\":{\"@id\":\"https:\/\/mhcalculos.com.br\/noticias\/area\/previdenciario\/trf4-reconhecido-direito-de-perito-do-inss-de-acumular-o-cargo-com-o-de-medico-da-empresa-de-servicos-hospitalares-13-05-2021.html#primaryimage\"},\"image\":{\"@id\":\"https:\/\/mhcalculos.com.br\/noticias\/area\/previdenciario\/trf4-reconhecido-direito-de-perito-do-inss-de-acumular-o-cargo-com-o-de-medico-da-empresa-de-servicos-hospitalares-13-05-2021.html#primaryimage\"},\"thumbnailUrl\":\"https:\/\/mhcalculos.com.br\/noticias\/wp-content\/uploads\/sites\/2\/2018\/06\/judiciario-0037.jpg\",\"datePublished\":\"2021-05-14T18:05:07+00:00\",\"dateModified\":\"2021-07-28T17:27:44+00:00\",\"author\":{\"@id\":\"https:\/\/mhcalculos.com.br\/noticias\/#\/schema\/person\/88d1c34bf72dc779ea14a5a6b8e0ae8d\"},\"breadcrumb\":{\"@id\":\"https:\/\/mhcalculos.com.br\/noticias\/area\/previdenciario\/trf4-reconhecido-direito-de-perito-do-inss-de-acumular-o-cargo-com-o-de-medico-da-empresa-de-servicos-hospitalares-13-05-2021.html#breadcrumb\"},\"inLanguage\":\"pt-BR\",\"potentialAction\":[{\"@type\":\"ReadAction\",\"target\":[\"https:\/\/mhcalculos.com.br\/noticias\/area\/previdenciario\/trf4-reconhecido-direito-de-perito-do-inss-de-acumular-o-cargo-com-o-de-medico-da-empresa-de-servicos-hospitalares-13-05-2021.html\"]}]},{\"@type\":\"ImageObject\",\"inLanguage\":\"pt-BR\",\"@id\":\"https:\/\/mhcalculos.com.br\/noticias\/area\/previdenciario\/trf4-reconhecido-direito-de-perito-do-inss-de-acumular-o-cargo-com-o-de-medico-da-empresa-de-servicos-hospitalares-13-05-2021.html#primaryimage\",\"url\":\"https:\/\/mhcalculos.com.br\/noticias\/wp-content\/uploads\/sites\/2\/2018\/06\/judiciario-0037.jpg\",\"contentUrl\":\"https:\/\/mhcalculos.com.br\/noticias\/wp-content\/uploads\/sites\/2\/2018\/06\/judiciario-0037.jpg\",\"width\":2000,\"height\":800},{\"@type\":\"BreadcrumbList\",\"@id\":\"https:\/\/mhcalculos.com.br\/noticias\/area\/previdenciario\/trf4-reconhecido-direito-de-perito-do-inss-de-acumular-o-cargo-com-o-de-medico-da-empresa-de-servicos-hospitalares-13-05-2021.html#breadcrumb\",\"itemListElement\":[{\"@type\":\"ListItem\",\"position\":1,\"name\":\"In\u00edcio\",\"item\":\"https:\/\/mhcalculos.com.br\/noticias\/\"},{\"@type\":\"ListItem\",\"position\":2,\"name\":\"TRF4: Reconhecido direito de perito do INSS de acumular o cargo com o de m\u00e9dico da Empresa de Servi\u00e7os Hospitalares (13\/05\/2021)\"}]},{\"@type\":\"WebSite\",\"@id\":\"https:\/\/mhcalculos.com.br\/noticias\/#website\",\"url\":\"https:\/\/mhcalculos.com.br\/noticias\/\",\"name\":\"Portal de Not\u00edcias\",\"description\":\"Not\u00edcias e Jurisprud\u00eancia\",\"potentialAction\":[{\"@type\":\"SearchAction\",\"target\":{\"@type\":\"EntryPoint\",\"urlTemplate\":\"https:\/\/mhcalculos.com.br\/noticias\/?s={search_term_string}\"},\"query-input\":{\"@type\":\"PropertyValueSpecification\",\"valueRequired\":true,\"valueName\":\"search_term_string\"}}],\"inLanguage\":\"pt-BR\"},{\"@type\":\"Person\",\"@id\":\"https:\/\/mhcalculos.com.br\/noticias\/#\/schema\/person\/88d1c34bf72dc779ea14a5a6b8e0ae8d\",\"name\":\"Equipe MH\",\"image\":{\"@type\":\"ImageObject\",\"inLanguage\":\"pt-BR\",\"@id\":\"https:\/\/secure.gravatar.com\/avatar\/de1c686c2ecc9c5a3f327e3431d819eb39f8f05d4e1045f5a1caad6daaba987f?s=96&d=mm&r=g\",\"url\":\"https:\/\/secure.gravatar.com\/avatar\/de1c686c2ecc9c5a3f327e3431d819eb39f8f05d4e1045f5a1caad6daaba987f?s=96&d=mm&r=g\",\"contentUrl\":\"https:\/\/secure.gravatar.com\/avatar\/de1c686c2ecc9c5a3f327e3431d819eb39f8f05d4e1045f5a1caad6daaba987f?s=96&d=mm&r=g\",\"caption\":\"Equipe MH\"}}]}<\/script>\n<!-- \/ Yoast SEO plugin. -->","yoast_head_json":{"title":"TRF4: Reconhecido direito de perito do INSS de acumular o cargo com o de m\u00e9dico da Empresa de Servi\u00e7os Hospitalares (13\/05\/2021) | Portal de Not\u00edcias","robots":{"index":"index","follow":"follow","max-snippet":"max-snippet:-1","max-image-preview":"max-image-preview:large","max-video-preview":"max-video-preview:-1"},"canonical":"https:\/\/mhcalculos.com.br\/noticias\/area\/previdenciario\/trf4-reconhecido-direito-de-perito-do-inss-de-acumular-o-cargo-com-o-de-medico-da-empresa-de-servicos-hospitalares-13-05-2021.html","og_locale":"pt_BR","og_type":"article","og_title":"TRF4: Reconhecido direito de perito do INSS de acumular o cargo com o de m\u00e9dico da Empresa de Servi\u00e7os Hospitalares (13\/05\/2021) | Portal de Not\u00edcias","og_description":"A 4\u00aa Turma, em formato ampliado, do Tribunal Regional Federal da 4\u00aa Regi\u00e3o (TRF4) deu provimento ao recurso interposto por um perito do Instituto Nacional do Seguro Social (INSS) para permitir que ele possa acumular esse cargo com a contra\u00e7\u00e3o como m\u00e9dico pela Empresa Brasileira de Servi\u00e7os Hospitalares (EBSERH). A decis\u00e3o do colegiado foi proferida [&hellip;]","og_url":"https:\/\/mhcalculos.com.br\/noticias\/area\/previdenciario\/trf4-reconhecido-direito-de-perito-do-inss-de-acumular-o-cargo-com-o-de-medico-da-empresa-de-servicos-hospitalares-13-05-2021.html","og_site_name":"Portal de Not\u00edcias","article_published_time":"2021-05-14T18:05:07+00:00","article_modified_time":"2021-07-28T17:27:44+00:00","og_image":[{"width":2000,"height":800,"url":"https:\/\/mhcalculos.com.br\/noticias\/wp-content\/uploads\/sites\/2\/2018\/06\/judiciario-0037.jpg","type":"image\/jpeg"}],"author":"Equipe MH","twitter_card":"summary_large_image","twitter_misc":{"Escrito por":"Equipe MH","Est. tempo de leitura":"3 minutos"},"schema":{"@context":"https:\/\/schema.org","@graph":[{"@type":"Article","@id":"https:\/\/mhcalculos.com.br\/noticias\/area\/previdenciario\/trf4-reconhecido-direito-de-perito-do-inss-de-acumular-o-cargo-com-o-de-medico-da-empresa-de-servicos-hospitalares-13-05-2021.html#article","isPartOf":{"@id":"https:\/\/mhcalculos.com.br\/noticias\/area\/previdenciario\/trf4-reconhecido-direito-de-perito-do-inss-de-acumular-o-cargo-com-o-de-medico-da-empresa-de-servicos-hospitalares-13-05-2021.html"},"author":{"name":"Equipe MH","@id":"https:\/\/mhcalculos.com.br\/noticias\/#\/schema\/person\/88d1c34bf72dc779ea14a5a6b8e0ae8d"},"headline":"TRF4: Reconhecido direito de perito do INSS de acumular o cargo com o de m\u00e9dico da Empresa de Servi\u00e7os Hospitalares (13\/05\/2021)","datePublished":"2021-05-14T18:05:07+00:00","dateModified":"2021-07-28T17:27:44+00:00","mainEntityOfPage":{"@id":"https:\/\/mhcalculos.com.br\/noticias\/area\/previdenciario\/trf4-reconhecido-direito-de-perito-do-inss-de-acumular-o-cargo-com-o-de-medico-da-empresa-de-servicos-hospitalares-13-05-2021.html"},"wordCount":652,"commentCount":0,"image":{"@id":"https:\/\/mhcalculos.com.br\/noticias\/area\/previdenciario\/trf4-reconhecido-direito-de-perito-do-inss-de-acumular-o-cargo-com-o-de-medico-da-empresa-de-servicos-hospitalares-13-05-2021.html#primaryimage"},"thumbnailUrl":"https:\/\/mhcalculos.com.br\/noticias\/wp-content\/uploads\/sites\/2\/2018\/06\/judiciario-0037.jpg","keywords":["aposentadoria","c\u00e1lculos previdenci\u00e1rios","direito previdenci\u00e1rio","inss","per\u00edcia","perito","trf4"],"articleSection":["Direito Previdenci\u00e1rio","TRF4"],"inLanguage":"pt-BR","potentialAction":[{"@type":"CommentAction","name":"Comment","target":["https:\/\/mhcalculos.com.br\/noticias\/area\/previdenciario\/trf4-reconhecido-direito-de-perito-do-inss-de-acumular-o-cargo-com-o-de-medico-da-empresa-de-servicos-hospitalares-13-05-2021.html#respond"]}]},{"@type":"WebPage","@id":"https:\/\/mhcalculos.com.br\/noticias\/area\/previdenciario\/trf4-reconhecido-direito-de-perito-do-inss-de-acumular-o-cargo-com-o-de-medico-da-empresa-de-servicos-hospitalares-13-05-2021.html","url":"https:\/\/mhcalculos.com.br\/noticias\/area\/previdenciario\/trf4-reconhecido-direito-de-perito-do-inss-de-acumular-o-cargo-com-o-de-medico-da-empresa-de-servicos-hospitalares-13-05-2021.html","name":"TRF4: Reconhecido direito de perito do INSS de acumular o cargo com o de m\u00e9dico da Empresa de Servi\u00e7os Hospitalares (13\/05\/2021) | Portal de Not\u00edcias","isPartOf":{"@id":"https:\/\/mhcalculos.com.br\/noticias\/#website"},"primaryImageOfPage":{"@id":"https:\/\/mhcalculos.com.br\/noticias\/area\/previdenciario\/trf4-reconhecido-direito-de-perito-do-inss-de-acumular-o-cargo-com-o-de-medico-da-empresa-de-servicos-hospitalares-13-05-2021.html#primaryimage"},"image":{"@id":"https:\/\/mhcalculos.com.br\/noticias\/area\/previdenciario\/trf4-reconhecido-direito-de-perito-do-inss-de-acumular-o-cargo-com-o-de-medico-da-empresa-de-servicos-hospitalares-13-05-2021.html#primaryimage"},"thumbnailUrl":"https:\/\/mhcalculos.com.br\/noticias\/wp-content\/uploads\/sites\/2\/2018\/06\/judiciario-0037.jpg","datePublished":"2021-05-14T18:05:07+00:00","dateModified":"2021-07-28T17:27:44+00:00","author":{"@id":"https:\/\/mhcalculos.com.br\/noticias\/#\/schema\/person\/88d1c34bf72dc779ea14a5a6b8e0ae8d"},"breadcrumb":{"@id":"https:\/\/mhcalculos.com.br\/noticias\/area\/previdenciario\/trf4-reconhecido-direito-de-perito-do-inss-de-acumular-o-cargo-com-o-de-medico-da-empresa-de-servicos-hospitalares-13-05-2021.html#breadcrumb"},"inLanguage":"pt-BR","potentialAction":[{"@type":"ReadAction","target":["https:\/\/mhcalculos.com.br\/noticias\/area\/previdenciario\/trf4-reconhecido-direito-de-perito-do-inss-de-acumular-o-cargo-com-o-de-medico-da-empresa-de-servicos-hospitalares-13-05-2021.html"]}]},{"@type":"ImageObject","inLanguage":"pt-BR","@id":"https:\/\/mhcalculos.com.br\/noticias\/area\/previdenciario\/trf4-reconhecido-direito-de-perito-do-inss-de-acumular-o-cargo-com-o-de-medico-da-empresa-de-servicos-hospitalares-13-05-2021.html#primaryimage","url":"https:\/\/mhcalculos.com.br\/noticias\/wp-content\/uploads\/sites\/2\/2018\/06\/judiciario-0037.jpg","contentUrl":"https:\/\/mhcalculos.com.br\/noticias\/wp-content\/uploads\/sites\/2\/2018\/06\/judiciario-0037.jpg","width":2000,"height":800},{"@type":"BreadcrumbList","@id":"https:\/\/mhcalculos.com.br\/noticias\/area\/previdenciario\/trf4-reconhecido-direito-de-perito-do-inss-de-acumular-o-cargo-com-o-de-medico-da-empresa-de-servicos-hospitalares-13-05-2021.html#breadcrumb","itemListElement":[{"@type":"ListItem","position":1,"name":"In\u00edcio","item":"https:\/\/mhcalculos.com.br\/noticias\/"},{"@type":"ListItem","position":2,"name":"TRF4: Reconhecido direito de perito do INSS de acumular o cargo com o de m\u00e9dico da Empresa de Servi\u00e7os Hospitalares (13\/05\/2021)"}]},{"@type":"WebSite","@id":"https:\/\/mhcalculos.com.br\/noticias\/#website","url":"https:\/\/mhcalculos.com.br\/noticias\/","name":"Portal de Not\u00edcias","description":"Not\u00edcias e Jurisprud\u00eancia","potentialAction":[{"@type":"SearchAction","target":{"@type":"EntryPoint","urlTemplate":"https:\/\/mhcalculos.com.br\/noticias\/?s={search_term_string}"},"query-input":{"@type":"PropertyValueSpecification","valueRequired":true,"valueName":"search_term_string"}}],"inLanguage":"pt-BR"},{"@type":"Person","@id":"https:\/\/mhcalculos.com.br\/noticias\/#\/schema\/person\/88d1c34bf72dc779ea14a5a6b8e0ae8d","name":"Equipe MH","image":{"@type":"ImageObject","inLanguage":"pt-BR","@id":"https:\/\/secure.gravatar.com\/avatar\/de1c686c2ecc9c5a3f327e3431d819eb39f8f05d4e1045f5a1caad6daaba987f?s=96&d=mm&r=g","url":"https:\/\/secure.gravatar.com\/avatar\/de1c686c2ecc9c5a3f327e3431d819eb39f8f05d4e1045f5a1caad6daaba987f?s=96&d=mm&r=g","contentUrl":"https:\/\/secure.gravatar.com\/avatar\/de1c686c2ecc9c5a3f327e3431d819eb39f8f05d4e1045f5a1caad6daaba987f?s=96&d=mm&r=g","caption":"Equipe MH"}}]}},"_links":{"self":[{"href":"https:\/\/mhcalculos.com.br\/noticias\/wp-json\/wp\/v2\/posts\/8133","targetHints":{"allow":["GET"]}}],"collection":[{"href":"https:\/\/mhcalculos.com.br\/noticias\/wp-json\/wp\/v2\/posts"}],"about":[{"href":"https:\/\/mhcalculos.com.br\/noticias\/wp-json\/wp\/v2\/types\/post"}],"author":[{"embeddable":true,"href":"https:\/\/mhcalculos.com.br\/noticias\/wp-json\/wp\/v2\/users\/3063"}],"replies":[{"embeddable":true,"href":"https:\/\/mhcalculos.com.br\/noticias\/wp-json\/wp\/v2\/comments?post=8133"}],"version-history":[{"count":1,"href":"https:\/\/mhcalculos.com.br\/noticias\/wp-json\/wp\/v2\/posts\/8133\/revisions"}],"predecessor-version":[{"id":8365,"href":"https:\/\/mhcalculos.com.br\/noticias\/wp-json\/wp\/v2\/posts\/8133\/revisions\/8365"}],"wp:featuredmedia":[{"embeddable":true,"href":"https:\/\/mhcalculos.com.br\/noticias\/wp-json\/wp\/v2\/media\/1825"}],"wp:attachment":[{"href":"https:\/\/mhcalculos.com.br\/noticias\/wp-json\/wp\/v2\/media?parent=8133"}],"wp:term":[{"taxonomy":"category","embeddable":true,"href":"https:\/\/mhcalculos.com.br\/noticias\/wp-json\/wp\/v2\/categories?post=8133"},{"taxonomy":"post_tag","embeddable":true,"href":"https:\/\/mhcalculos.com.br\/noticias\/wp-json\/wp\/v2\/tags?post=8133"}],"curies":[{"name":"wp","href":"https:\/\/api.w.org\/{rel}","templated":true}]}}