{"id":8110,"date":"2021-05-06T05:05:15","date_gmt":"2021-05-06T08:05:15","guid":{"rendered":"https:\/\/mhcalculos.com.br\/noticias\/tribunais\/trf4\/trf4-portugues-juridico-e-tema-de-curso-para-magistrados-05-05-2021.html"},"modified":"2021-07-28T14:27:47","modified_gmt":"2021-07-28T17:27:47","slug":"trf4-portugues-juridico-e-tema-de-curso-para-magistrados-05-05-2021","status":"publish","type":"post","link":"https:\/\/mhcalculos.com.br\/noticias\/tribunais\/trf4\/trf4-portugues-juridico-e-tema-de-curso-para-magistrados-05-05-2021.html","title":{"rendered":"TRF4: Portugu\u00eas jur\u00eddico \u00e9 tema de curso para magistrados (05\/05\/2021)"},"content":{"rendered":"<p><br \/>\n<\/p>\n<p>Nesta quarta-feira (5\/5), a Escola de Magistratura do Tribunal Regional Federal da 4\u00aa Regi\u00e3o (Emagis\/TRF4) realizou a primeira aula do curso on-line de portugu\u00eas jur\u00eddico. Voltado a magistrados federais da 4\u00aa Regi\u00e3o, o curso, de 12 horas-aula, \u00e9 ministrado pelo doutor em Direito Tribut\u00e1rio e em L\u00edngua Portuguesa Eduardo Sabbag atrav\u00e9s da plataforma Zoom. \u00a0As aulas acontecer\u00e3o, semanalmente, at\u00e9 26\/5.\u00a0<\/p>\n<p><strong>Abertura<\/strong><\/p>\n<p>As boas-vindas foram dadas pelo desembargador federal Leandro Paulsen, que apresentou o palestrante e destacou que &ldquo;o que pudermos fazer de mais correto certamente influi no modo com que os outros leem&#8221;.<\/p>\n<p>Sabbag, por sua vez, pontuou que o curso pretende promover o aprimoramento da l\u00edngua, especialmente para que os magistrados tenham mais ferramentas para aliar o conhecimento jur\u00eddico \u00e0 melhor compreens\u00e3o dos textos produzidos.<\/p>\n<p><strong>Programa\u00e7\u00e3o\u00a0<\/strong><\/p>\n<p>Durante os dias 12\/05, 19\/5 e 26\/5, ser\u00e3o abordados, entre outros t\u00f3picos, ortografia, acentua\u00e7\u00e3o, dificuldades da L\u00edngua Portuguesa e linguagem jur\u00eddica.<\/p>\n<p><br \/> (TRF4)<\/p>\n<p><i>Com informa\u00e7\u00f5es da assessoria de imprensa do TRF4.<\/i><br \/>\n<br \/><a href=\"http:\/\/www2.trf4.jus.br\/trf4\/controlador.php?acao=noticia_visualizar&#038;id_noticia=15833\">Fonte<\/a><br \/>\n<br \/><\/p>\n","protected":false},"excerpt":{"rendered":"<p>Nesta quarta-feira (5\/5), a Escola de Magistratura do Tribunal Regional Federal da 4\u00aa Regi\u00e3o (Emagis\/TRF4) realizou a primeira aula do curso on-line de portugu\u00eas jur\u00eddico. Voltado a magistrados federais da 4\u00aa Regi\u00e3o, o curso, de 12 horas-aula, \u00e9 ministrado pelo doutor em Direito Tribut\u00e1rio e em L\u00edngua Portuguesa Eduardo Sabbag atrav\u00e9s da plataforma Zoom. \u00a0As [&hellip;]<\/p>\n","protected":false},"author":3063,"featured_media":8111,"comment_status":"open","ping_status":"open","sticky":false,"template":"","format":"standard","meta":{"footnotes":""},"categories":[18,6],"tags":[31,42,30,29,213,9,12,17,218,176,214],"class_list":{"0":"post-8110","1":"post","2":"type-post","3":"status-publish","4":"format-standard","5":"has-post-thumbnail","7":"category-tributario","8":"category-trf4","9":"tag-calculos-tributarios","10":"tag-direito-tributario","11":"tag-divida-ativa","12":"tag-fazenda-publica","13":"tag-imposto","14":"tag-pericia","15":"tag-perito","16":"tag-trf4","17":"tag-tribunal-regional-federal","18":"tag-tributario","19":"tag-tributo"},"yoast_head":"<!-- This site is optimized with the Yoast SEO plugin v27.2 - https:\/\/yoast.com\/product\/yoast-seo-wordpress\/ -->\n<title>TRF4: Portugu\u00eas jur\u00eddico \u00e9 tema de curso para magistrados (05\/05\/2021) | Portal de Not\u00edcias<\/title>\n<meta name=\"robots\" content=\"index, follow, max-snippet:-1, max-image-preview:large, max-video-preview:-1\" \/>\n<link rel=\"canonical\" href=\"https:\/\/mhcalculos.com.br\/noticias\/tribunais\/trf4\/trf4-portugues-juridico-e-tema-de-curso-para-magistrados-05-05-2021.html\" \/>\n<meta property=\"og:locale\" content=\"pt_BR\" \/>\n<meta property=\"og:type\" content=\"article\" \/>\n<meta property=\"og:title\" content=\"TRF4: Portugu\u00eas jur\u00eddico \u00e9 tema de curso para magistrados (05\/05\/2021) | Portal de Not\u00edcias\" \/>\n<meta property=\"og:description\" content=\"Nesta quarta-feira (5\/5), a Escola de Magistratura do Tribunal Regional Federal da 4\u00aa Regi\u00e3o (Emagis\/TRF4) realizou a primeira aula do curso on-line de portugu\u00eas jur\u00eddico. Voltado a magistrados federais da 4\u00aa Regi\u00e3o, o curso, de 12 horas-aula, \u00e9 ministrado pelo doutor em Direito Tribut\u00e1rio e em L\u00edngua Portuguesa Eduardo Sabbag atrav\u00e9s da plataforma Zoom. \u00a0As [&hellip;]\" \/>\n<meta property=\"og:url\" content=\"https:\/\/mhcalculos.com.br\/noticias\/tribunais\/trf4\/trf4-portugues-juridico-e-tema-de-curso-para-magistrados-05-05-2021.html\" \/>\n<meta property=\"og:site_name\" content=\"Portal de Not\u00edcias\" \/>\n<meta property=\"article:published_time\" content=\"2021-05-06T08:05:15+00:00\" \/>\n<meta property=\"article:modified_time\" content=\"2021-07-28T17:27:47+00:00\" \/>\n<meta property=\"og:image\" content=\"https:\/\/mhcalculos.com.br\/noticias\/wp-content\/uploads\/sites\/2\/2021\/05\/mnr07_emagis-portugues-2640.jpg\" \/>\n\t<meta property=\"og:image:width\" content=\"1100\" \/>\n\t<meta property=\"og:image:height\" content=\"650\" \/>\n\t<meta property=\"og:image:type\" content=\"image\/jpeg\" \/>\n<meta name=\"author\" content=\"Equipe MH\" \/>\n<meta name=\"twitter:card\" content=\"summary_large_image\" \/>\n<meta name=\"twitter:label1\" content=\"Escrito por\" \/>\n\t<meta name=\"twitter:data1\" content=\"Equipe MH\" \/>\n\t<meta name=\"twitter:label2\" content=\"Est. tempo de leitura\" \/>\n\t<meta name=\"twitter:data2\" content=\"1 minuto\" \/>\n<script type=\"application\/ld+json\" class=\"yoast-schema-graph\">{\"@context\":\"https:\/\/schema.org\",\"@graph\":[{\"@type\":\"Article\",\"@id\":\"https:\/\/mhcalculos.com.br\/noticias\/tribunais\/trf4\/trf4-portugues-juridico-e-tema-de-curso-para-magistrados-05-05-2021.html#article\",\"isPartOf\":{\"@id\":\"https:\/\/mhcalculos.com.br\/noticias\/tribunais\/trf4\/trf4-portugues-juridico-e-tema-de-curso-para-magistrados-05-05-2021.html\"},\"author\":{\"name\":\"Equipe MH\",\"@id\":\"https:\/\/mhcalculos.com.br\/noticias\/#\/schema\/person\/88d1c34bf72dc779ea14a5a6b8e0ae8d\"},\"headline\":\"TRF4: Portugu\u00eas jur\u00eddico \u00e9 tema de curso para magistrados (05\/05\/2021)\",\"datePublished\":\"2021-05-06T08:05:15+00:00\",\"dateModified\":\"2021-07-28T17:27:47+00:00\",\"mainEntityOfPage\":{\"@id\":\"https:\/\/mhcalculos.com.br\/noticias\/tribunais\/trf4\/trf4-portugues-juridico-e-tema-de-curso-para-magistrados-05-05-2021.html\"},\"wordCount\":180,\"commentCount\":0,\"image\":{\"@id\":\"https:\/\/mhcalculos.com.br\/noticias\/tribunais\/trf4\/trf4-portugues-juridico-e-tema-de-curso-para-magistrados-05-05-2021.html#primaryimage\"},\"thumbnailUrl\":\"https:\/\/mhcalculos.com.br\/noticias\/wp-content\/uploads\/sites\/2\/2021\/05\/mnr07_emagis-portugues-2640.jpg\",\"keywords\":[\"c\u00e1lculos tribut\u00e1rios\",\"direito tribut\u00e1rio\",\"d\u00edvida ativa\",\"fazenda p\u00fablica\",\"Imposto\",\"per\u00edcia\",\"perito\",\"trf4\",\"Tribunal Regional Federal\",\"tribut\u00e1rio\",\"tributo\"],\"articleSection\":[\"Direito Tribut\u00e1rio\",\"TRF4\"],\"inLanguage\":\"pt-BR\",\"potentialAction\":[{\"@type\":\"CommentAction\",\"name\":\"Comment\",\"target\":[\"https:\/\/mhcalculos.com.br\/noticias\/tribunais\/trf4\/trf4-portugues-juridico-e-tema-de-curso-para-magistrados-05-05-2021.html#respond\"]}]},{\"@type\":\"WebPage\",\"@id\":\"https:\/\/mhcalculos.com.br\/noticias\/tribunais\/trf4\/trf4-portugues-juridico-e-tema-de-curso-para-magistrados-05-05-2021.html\",\"url\":\"https:\/\/mhcalculos.com.br\/noticias\/tribunais\/trf4\/trf4-portugues-juridico-e-tema-de-curso-para-magistrados-05-05-2021.html\",\"name\":\"TRF4: Portugu\u00eas jur\u00eddico \u00e9 tema de curso para magistrados (05\/05\/2021) | Portal de Not\u00edcias\",\"isPartOf\":{\"@id\":\"https:\/\/mhcalculos.com.br\/noticias\/#website\"},\"primaryImageOfPage\":{\"@id\":\"https:\/\/mhcalculos.com.br\/noticias\/tribunais\/trf4\/trf4-portugues-juridico-e-tema-de-curso-para-magistrados-05-05-2021.html#primaryimage\"},\"image\":{\"@id\":\"https:\/\/mhcalculos.com.br\/noticias\/tribunais\/trf4\/trf4-portugues-juridico-e-tema-de-curso-para-magistrados-05-05-2021.html#primaryimage\"},\"thumbnailUrl\":\"https:\/\/mhcalculos.com.br\/noticias\/wp-content\/uploads\/sites\/2\/2021\/05\/mnr07_emagis-portugues-2640.jpg\",\"datePublished\":\"2021-05-06T08:05:15+00:00\",\"dateModified\":\"2021-07-28T17:27:47+00:00\",\"author\":{\"@id\":\"https:\/\/mhcalculos.com.br\/noticias\/#\/schema\/person\/88d1c34bf72dc779ea14a5a6b8e0ae8d\"},\"breadcrumb\":{\"@id\":\"https:\/\/mhcalculos.com.br\/noticias\/tribunais\/trf4\/trf4-portugues-juridico-e-tema-de-curso-para-magistrados-05-05-2021.html#breadcrumb\"},\"inLanguage\":\"pt-BR\",\"potentialAction\":[{\"@type\":\"ReadAction\",\"target\":[\"https:\/\/mhcalculos.com.br\/noticias\/tribunais\/trf4\/trf4-portugues-juridico-e-tema-de-curso-para-magistrados-05-05-2021.html\"]}]},{\"@type\":\"ImageObject\",\"inLanguage\":\"pt-BR\",\"@id\":\"https:\/\/mhcalculos.com.br\/noticias\/tribunais\/trf4\/trf4-portugues-juridico-e-tema-de-curso-para-magistrados-05-05-2021.html#primaryimage\",\"url\":\"https:\/\/mhcalculos.com.br\/noticias\/wp-content\/uploads\/sites\/2\/2021\/05\/mnr07_emagis-portugues-2640.jpg\",\"contentUrl\":\"https:\/\/mhcalculos.com.br\/noticias\/wp-content\/uploads\/sites\/2\/2021\/05\/mnr07_emagis-portugues-2640.jpg\",\"width\":1100,\"height\":650},{\"@type\":\"BreadcrumbList\",\"@id\":\"https:\/\/mhcalculos.com.br\/noticias\/tribunais\/trf4\/trf4-portugues-juridico-e-tema-de-curso-para-magistrados-05-05-2021.html#breadcrumb\",\"itemListElement\":[{\"@type\":\"ListItem\",\"position\":1,\"name\":\"In\u00edcio\",\"item\":\"https:\/\/mhcalculos.com.br\/noticias\/\"},{\"@type\":\"ListItem\",\"position\":2,\"name\":\"TRF4: Portugu\u00eas jur\u00eddico \u00e9 tema de curso para magistrados (05\/05\/2021)\"}]},{\"@type\":\"WebSite\",\"@id\":\"https:\/\/mhcalculos.com.br\/noticias\/#website\",\"url\":\"https:\/\/mhcalculos.com.br\/noticias\/\",\"name\":\"Portal de Not\u00edcias\",\"description\":\"Not\u00edcias e Jurisprud\u00eancia\",\"potentialAction\":[{\"@type\":\"SearchAction\",\"target\":{\"@type\":\"EntryPoint\",\"urlTemplate\":\"https:\/\/mhcalculos.com.br\/noticias\/?s={search_term_string}\"},\"query-input\":{\"@type\":\"PropertyValueSpecification\",\"valueRequired\":true,\"valueName\":\"search_term_string\"}}],\"inLanguage\":\"pt-BR\"},{\"@type\":\"Person\",\"@id\":\"https:\/\/mhcalculos.com.br\/noticias\/#\/schema\/person\/88d1c34bf72dc779ea14a5a6b8e0ae8d\",\"name\":\"Equipe MH\",\"image\":{\"@type\":\"ImageObject\",\"inLanguage\":\"pt-BR\",\"@id\":\"https:\/\/secure.gravatar.com\/avatar\/de1c686c2ecc9c5a3f327e3431d819eb39f8f05d4e1045f5a1caad6daaba987f?s=96&d=mm&r=g\",\"url\":\"https:\/\/secure.gravatar.com\/avatar\/de1c686c2ecc9c5a3f327e3431d819eb39f8f05d4e1045f5a1caad6daaba987f?s=96&d=mm&r=g\",\"contentUrl\":\"https:\/\/secure.gravatar.com\/avatar\/de1c686c2ecc9c5a3f327e3431d819eb39f8f05d4e1045f5a1caad6daaba987f?s=96&d=mm&r=g\",\"caption\":\"Equipe MH\"}}]}<\/script>\n<!-- \/ Yoast SEO plugin. -->","yoast_head_json":{"title":"TRF4: Portugu\u00eas jur\u00eddico \u00e9 tema de curso para magistrados (05\/05\/2021) | Portal de Not\u00edcias","robots":{"index":"index","follow":"follow","max-snippet":"max-snippet:-1","max-image-preview":"max-image-preview:large","max-video-preview":"max-video-preview:-1"},"canonical":"https:\/\/mhcalculos.com.br\/noticias\/tribunais\/trf4\/trf4-portugues-juridico-e-tema-de-curso-para-magistrados-05-05-2021.html","og_locale":"pt_BR","og_type":"article","og_title":"TRF4: Portugu\u00eas jur\u00eddico \u00e9 tema de curso para magistrados (05\/05\/2021) | Portal de Not\u00edcias","og_description":"Nesta quarta-feira (5\/5), a Escola de Magistratura do Tribunal Regional Federal da 4\u00aa Regi\u00e3o (Emagis\/TRF4) realizou a primeira aula do curso on-line de portugu\u00eas jur\u00eddico. Voltado a magistrados federais da 4\u00aa Regi\u00e3o, o curso, de 12 horas-aula, \u00e9 ministrado pelo doutor em Direito Tribut\u00e1rio e em L\u00edngua Portuguesa Eduardo Sabbag atrav\u00e9s da plataforma Zoom. \u00a0As [&hellip;]","og_url":"https:\/\/mhcalculos.com.br\/noticias\/tribunais\/trf4\/trf4-portugues-juridico-e-tema-de-curso-para-magistrados-05-05-2021.html","og_site_name":"Portal de Not\u00edcias","article_published_time":"2021-05-06T08:05:15+00:00","article_modified_time":"2021-07-28T17:27:47+00:00","og_image":[{"width":1100,"height":650,"url":"https:\/\/mhcalculos.com.br\/noticias\/wp-content\/uploads\/sites\/2\/2021\/05\/mnr07_emagis-portugues-2640.jpg","type":"image\/jpeg"}],"author":"Equipe MH","twitter_card":"summary_large_image","twitter_misc":{"Escrito por":"Equipe MH","Est. tempo de leitura":"1 minuto"},"schema":{"@context":"https:\/\/schema.org","@graph":[{"@type":"Article","@id":"https:\/\/mhcalculos.com.br\/noticias\/tribunais\/trf4\/trf4-portugues-juridico-e-tema-de-curso-para-magistrados-05-05-2021.html#article","isPartOf":{"@id":"https:\/\/mhcalculos.com.br\/noticias\/tribunais\/trf4\/trf4-portugues-juridico-e-tema-de-curso-para-magistrados-05-05-2021.html"},"author":{"name":"Equipe MH","@id":"https:\/\/mhcalculos.com.br\/noticias\/#\/schema\/person\/88d1c34bf72dc779ea14a5a6b8e0ae8d"},"headline":"TRF4: Portugu\u00eas jur\u00eddico \u00e9 tema de curso para magistrados (05\/05\/2021)","datePublished":"2021-05-06T08:05:15+00:00","dateModified":"2021-07-28T17:27:47+00:00","mainEntityOfPage":{"@id":"https:\/\/mhcalculos.com.br\/noticias\/tribunais\/trf4\/trf4-portugues-juridico-e-tema-de-curso-para-magistrados-05-05-2021.html"},"wordCount":180,"commentCount":0,"image":{"@id":"https:\/\/mhcalculos.com.br\/noticias\/tribunais\/trf4\/trf4-portugues-juridico-e-tema-de-curso-para-magistrados-05-05-2021.html#primaryimage"},"thumbnailUrl":"https:\/\/mhcalculos.com.br\/noticias\/wp-content\/uploads\/sites\/2\/2021\/05\/mnr07_emagis-portugues-2640.jpg","keywords":["c\u00e1lculos tribut\u00e1rios","direito tribut\u00e1rio","d\u00edvida ativa","fazenda p\u00fablica","Imposto","per\u00edcia","perito","trf4","Tribunal Regional Federal","tribut\u00e1rio","tributo"],"articleSection":["Direito Tribut\u00e1rio","TRF4"],"inLanguage":"pt-BR","potentialAction":[{"@type":"CommentAction","name":"Comment","target":["https:\/\/mhcalculos.com.br\/noticias\/tribunais\/trf4\/trf4-portugues-juridico-e-tema-de-curso-para-magistrados-05-05-2021.html#respond"]}]},{"@type":"WebPage","@id":"https:\/\/mhcalculos.com.br\/noticias\/tribunais\/trf4\/trf4-portugues-juridico-e-tema-de-curso-para-magistrados-05-05-2021.html","url":"https:\/\/mhcalculos.com.br\/noticias\/tribunais\/trf4\/trf4-portugues-juridico-e-tema-de-curso-para-magistrados-05-05-2021.html","name":"TRF4: Portugu\u00eas jur\u00eddico \u00e9 tema de curso para magistrados (05\/05\/2021) | Portal de Not\u00edcias","isPartOf":{"@id":"https:\/\/mhcalculos.com.br\/noticias\/#website"},"primaryImageOfPage":{"@id":"https:\/\/mhcalculos.com.br\/noticias\/tribunais\/trf4\/trf4-portugues-juridico-e-tema-de-curso-para-magistrados-05-05-2021.html#primaryimage"},"image":{"@id":"https:\/\/mhcalculos.com.br\/noticias\/tribunais\/trf4\/trf4-portugues-juridico-e-tema-de-curso-para-magistrados-05-05-2021.html#primaryimage"},"thumbnailUrl":"https:\/\/mhcalculos.com.br\/noticias\/wp-content\/uploads\/sites\/2\/2021\/05\/mnr07_emagis-portugues-2640.jpg","datePublished":"2021-05-06T08:05:15+00:00","dateModified":"2021-07-28T17:27:47+00:00","author":{"@id":"https:\/\/mhcalculos.com.br\/noticias\/#\/schema\/person\/88d1c34bf72dc779ea14a5a6b8e0ae8d"},"breadcrumb":{"@id":"https:\/\/mhcalculos.com.br\/noticias\/tribunais\/trf4\/trf4-portugues-juridico-e-tema-de-curso-para-magistrados-05-05-2021.html#breadcrumb"},"inLanguage":"pt-BR","potentialAction":[{"@type":"ReadAction","target":["https:\/\/mhcalculos.com.br\/noticias\/tribunais\/trf4\/trf4-portugues-juridico-e-tema-de-curso-para-magistrados-05-05-2021.html"]}]},{"@type":"ImageObject","inLanguage":"pt-BR","@id":"https:\/\/mhcalculos.com.br\/noticias\/tribunais\/trf4\/trf4-portugues-juridico-e-tema-de-curso-para-magistrados-05-05-2021.html#primaryimage","url":"https:\/\/mhcalculos.com.br\/noticias\/wp-content\/uploads\/sites\/2\/2021\/05\/mnr07_emagis-portugues-2640.jpg","contentUrl":"https:\/\/mhcalculos.com.br\/noticias\/wp-content\/uploads\/sites\/2\/2021\/05\/mnr07_emagis-portugues-2640.jpg","width":1100,"height":650},{"@type":"BreadcrumbList","@id":"https:\/\/mhcalculos.com.br\/noticias\/tribunais\/trf4\/trf4-portugues-juridico-e-tema-de-curso-para-magistrados-05-05-2021.html#breadcrumb","itemListElement":[{"@type":"ListItem","position":1,"name":"In\u00edcio","item":"https:\/\/mhcalculos.com.br\/noticias\/"},{"@type":"ListItem","position":2,"name":"TRF4: Portugu\u00eas jur\u00eddico \u00e9 tema de curso para magistrados (05\/05\/2021)"}]},{"@type":"WebSite","@id":"https:\/\/mhcalculos.com.br\/noticias\/#website","url":"https:\/\/mhcalculos.com.br\/noticias\/","name":"Portal de Not\u00edcias","description":"Not\u00edcias e Jurisprud\u00eancia","potentialAction":[{"@type":"SearchAction","target":{"@type":"EntryPoint","urlTemplate":"https:\/\/mhcalculos.com.br\/noticias\/?s={search_term_string}"},"query-input":{"@type":"PropertyValueSpecification","valueRequired":true,"valueName":"search_term_string"}}],"inLanguage":"pt-BR"},{"@type":"Person","@id":"https:\/\/mhcalculos.com.br\/noticias\/#\/schema\/person\/88d1c34bf72dc779ea14a5a6b8e0ae8d","name":"Equipe MH","image":{"@type":"ImageObject","inLanguage":"pt-BR","@id":"https:\/\/secure.gravatar.com\/avatar\/de1c686c2ecc9c5a3f327e3431d819eb39f8f05d4e1045f5a1caad6daaba987f?s=96&d=mm&r=g","url":"https:\/\/secure.gravatar.com\/avatar\/de1c686c2ecc9c5a3f327e3431d819eb39f8f05d4e1045f5a1caad6daaba987f?s=96&d=mm&r=g","contentUrl":"https:\/\/secure.gravatar.com\/avatar\/de1c686c2ecc9c5a3f327e3431d819eb39f8f05d4e1045f5a1caad6daaba987f?s=96&d=mm&r=g","caption":"Equipe MH"}}]}},"_links":{"self":[{"href":"https:\/\/mhcalculos.com.br\/noticias\/wp-json\/wp\/v2\/posts\/8110","targetHints":{"allow":["GET"]}}],"collection":[{"href":"https:\/\/mhcalculos.com.br\/noticias\/wp-json\/wp\/v2\/posts"}],"about":[{"href":"https:\/\/mhcalculos.com.br\/noticias\/wp-json\/wp\/v2\/types\/post"}],"author":[{"embeddable":true,"href":"https:\/\/mhcalculos.com.br\/noticias\/wp-json\/wp\/v2\/users\/3063"}],"replies":[{"embeddable":true,"href":"https:\/\/mhcalculos.com.br\/noticias\/wp-json\/wp\/v2\/comments?post=8110"}],"version-history":[{"count":1,"href":"https:\/\/mhcalculos.com.br\/noticias\/wp-json\/wp\/v2\/posts\/8110\/revisions"}],"predecessor-version":[{"id":8382,"href":"https:\/\/mhcalculos.com.br\/noticias\/wp-json\/wp\/v2\/posts\/8110\/revisions\/8382"}],"wp:featuredmedia":[{"embeddable":true,"href":"https:\/\/mhcalculos.com.br\/noticias\/wp-json\/wp\/v2\/media\/8111"}],"wp:attachment":[{"href":"https:\/\/mhcalculos.com.br\/noticias\/wp-json\/wp\/v2\/media?parent=8110"}],"wp:term":[{"taxonomy":"category","embeddable":true,"href":"https:\/\/mhcalculos.com.br\/noticias\/wp-json\/wp\/v2\/categories?post=8110"},{"taxonomy":"post_tag","embeddable":true,"href":"https:\/\/mhcalculos.com.br\/noticias\/wp-json\/wp\/v2\/tags?post=8110"}],"curies":[{"name":"wp","href":"https:\/\/api.w.org\/{rel}","templated":true}]}}