{"id":8034,"date":"2021-04-06T18:32:00","date_gmt":"2021-04-06T21:32:00","guid":{"rendered":"https:\/\/mhcalculos.com.br\/noticias\/area\/trabalhista\/tst-corregedor-apresenta-relatorio-de-gestao-da-cgjt-de-2020.html"},"modified":"2021-07-28T14:27:53","modified_gmt":"2021-07-28T17:27:53","slug":"tst-corregedor-apresenta-relatorio-de-gestao-da-cgjt-de-2020","status":"publish","type":"post","link":"https:\/\/mhcalculos.com.br\/noticias\/area\/trabalhista\/tst-corregedor-apresenta-relatorio-de-gestao-da-cgjt-de-2020.html","title":{"rendered":"TST: Corregedor apresenta relat\u00f3rio de gest\u00e3o da CGJT de 2020\u00a0"},"content":{"rendered":"<p><br \/>\n<\/p>\n<p><em><\/p>\n<p>O documento traz, entre outras a\u00e7\u00f5es, as iniciativas para efetividade do processo e continuidade da presta\u00e7\u00e3o jurisdicional em toda a Justi\u00e7a do Trabalho.<\/p>\n<p><\/em><\/p>\n<p>        <a class=\"share-facebook\" href=\"https:\/\/www.facebook.com\/sharer.php?u=http:\/\/www.tst.jus.br\/-\/corregedor-apresenta-relat%C3%B3rio-de-gest%C3%A3o-da-corregedoria-geral-da-justi%C3%A7a-do-trabalho-de-2020%C2%A0\" target=\"_blank\" rel=\"noopener noreferrer\"><\/a><br \/>\n        <a class=\"share-twitter\" href=\"http:\/\/twitter.com\/intent\/tweet?text=Corregedor apresenta relat\u00f3rio de gest\u00e3o da CGJT de 2020\u00a0%0AVeja%20mais%20em:&amp;url=http:\/\/www.tst.jus.br\/-\/corregedor-apresenta-relat%C3%B3rio-de-gest%C3%A3o-da-corregedoria-geral-da-justi%C3%A7a-do-trabalho-de-2020%C2%A0\" target=\"_blank\" rel=\"noopener noreferrer\"><\/a><br \/>\n        <a class=\"share-linkedin\" href=\"https:\/\/www.linkedin.com\/shareArticle?mini=true&amp;url=http:\/\/www.tst.jus.br\/-\/corregedor-apresenta-relat%C3%B3rio-de-gest%C3%A3o-da-corregedoria-geral-da-justi%C3%A7a-do-trabalho-de-2020%C2%A0&amp;title=Corregedor apresenta relat\u00f3rio de gest\u00e3o da CGJT de 2020\u00a0\" target=\"_blank\" rel=\"noopener noreferrer\"><\/a><br \/>\n        <a class=\"share-whatsapp\" href=\"https:\/\/web.whatsapp.com\/send?text=http:\/\/www.tst.jus.br\/-\/corregedor-apresenta-relat%C3%B3rio-de-gest%C3%A3o-da-corregedoria-geral-da-justi%C3%A7a-do-trabalho-de-2020%C2%A0\" target=\"_blank\" rel=\"noopener noreferrer\"><\/a><br \/>\n        <a class=\"share-googleplus\" href=\"https:\/\/plus.google.com\/share?url=http:\/\/www.tst.jus.br\/-\/corregedor-apresenta-relat%C3%B3rio-de-gest%C3%A3o-da-corregedoria-geral-da-justi%C3%A7a-do-trabalho-de-2020%C2%A0\" target=\"_blank\" rel=\"noopener noreferrer\"><\/a><\/p>\n<p><strong>6\/4\/2021 &#8211;<\/strong> O corregedor-geral da Justi\u00e7a do Trabalho, ministro Aloysio Corr\u00eaa da Veiga, divulgou, durante a <a href=\"https:\/\/www.youtube.com\/watch?v=ijYdvSU-BHE\" target=\"_blank\" rel=\"noopener noreferrer\"><strong>sess\u00e3o do \u00d3rg\u00e3o Especial<\/strong><\/a> do Tribunal Superior do Trabalho, realizada nesta segunda-feira (5), o Relat\u00f3rio de Gest\u00e3o da Corregedoria-Geral da Justi\u00e7a do Trabalho (CGJT) relativo ao ano de 2020. O documento traz as a\u00e7\u00f5es do \u00f3rg\u00e3o durante a pandemia do coronav\u00edrus, as correi\u00e7\u00f5es realizadas no per\u00edodo e as iniciativas para efetividade do processo e continuidade da presta\u00e7\u00e3o jurisdicional em toda a Justi\u00e7a do Trabalho.<\/p>\n<p>\u201cAs atribui\u00e7\u00f5es da Corregedoria-Geral da Justi\u00e7a do Trabalho acabam ganhando contornos de maior relev\u00e2ncia no cen\u00e1rio como o que vivenciamos no ano de 2020. Nesse contexto, a atividade de supervis\u00e3o e orienta\u00e7\u00e3o teve papel relevante para minorar as incertezas trazidas pelo per\u00edodo pand\u00eamico e excepcional\u201d, explicou o corregedor-geral.&nbsp;\u201cPautei a atua\u00e7\u00e3o da Corregedoria-Geral da Justi\u00e7a do Trabalho no primeiro ano de minha gest\u00e3o atento a tais objetivos, ciente de todos os desafios gerados pela pandemia de Covid-19 e, na certeza de que, mais do que nunca, a sociedade precisa de um Judici\u00e1rio atuante e atento a todas as demandas que esses novos tempos nos trouxeram\u201d, completou.<\/p>\n<h3>Pandemia<\/h3>\n<p>Frente \u00e0s novas demandas trazidas pela pandemia, a Corregedoria-Geral publicou <a href=\"http:\/\/www.csjt.jus.br\/web\/csjt\/-\/retrospectiva-confira-as-a%C3%A7%C3%B5es-da-corregedoria-geral-da-justi%C3%A7a-do-trabalho-em-2020\" target=\"_blank\" rel=\"noopener noreferrer\"><strong>resolu\u00e7\u00f5es, recomenda\u00e7\u00f5es e atos voltados \u00e0 preven\u00e7\u00e3o e \u00e0 continuidade das atividades jurisdicionais<\/strong><\/a>. As Recomenda\u00e7\u00f5es CGJT n\u00ba 3 a 10\/2020 trazem disposi\u00e7\u00f5es sobre a institui\u00e7\u00e3o de trabalho remoto, a manuten\u00e7\u00e3o de audi\u00eancias e sess\u00f5es telepresenciais, a implementa\u00e7\u00e3o de medidas para viabilizar a aterma\u00e7\u00e3o virtual e o atendimento virtual dos jurisdicionados, al\u00e9m do est\u00edmulo ao direcionamento de recursos oriundos do Projeto Garimpo no combate \u00e0 Covid-19 e a prioriza\u00e7\u00e3o, na medida do poss\u00edvel, da tramita\u00e7\u00e3o de a\u00e7\u00f5es trabalhistas e recursos do interesse de profissionais de sa\u00fade que atuam no combate ao coronav\u00edrus.<\/p>\n<h3>Correi\u00e7\u00f5es<\/h3>\n<p>A corregedoria tamb\u00e9m realizou, no TRT da 18\u00aa Regi\u00e3o (GO), de 14 a 18 de setembro, a <a href=\"http:\/\/www.tst.jus.br\/web\/corregedoria\/noticias\/-\/asset_publisher\/QQBwzRFXEbFV\/content\/id\/26686634?_com_liferay_asset_publisher_web_portlet_AssetPublisherPortlet_INSTANCE_QQBwzRFXEbFV_redirect=http%3A%2F%2Fwww.tst.jus.br%2Fweb%2Fcorregedoria%2Fnoticias%3Fp_p_id%3Dcom_liferay_asset_publisher_web_portlet_AssetPublisherPortlet_INSTANCE_QQBwzRFXEbFV%26p_p_lifecycle%3D0%26p_p_state%3Dnormal%26p_p_mode%3Dview%26_com_liferay_asset_publisher_web_portlet_AssetPublisherPortlet_INSTANCE_QQBwzRFXEbFV_cur%3D3%26_com_liferay_asset_publisher_web_portlet_AssetPublisherPortlet_INSTANCE_QQBwzRFXEbFV_delta%3D7%26p_r_p_resetCur%3Dfalse%26_com_liferay_asset_publisher_web_portlet_AssetPublisherPortlet_INSTANCE_QQBwzRFXEbFV_assetEntryId%3D26686634\" target=\"_blank\" rel=\"noopener noreferrer\"><strong>primeira correi\u00e7\u00e3o telepresencial da hist\u00f3ria<\/strong><\/a> do \u00f3rg\u00e3o. Com a continuidade da pandemia, todas as demais correi\u00e7\u00f5es foram realizadas no mesmo formato virtual. Foram realizadas correi\u00e7\u00f5es telepresenciais nos TRTs da 6\u00aa Regi\u00e3o (PE), da 14\u00aa Regi\u00e3o (RO), da 11\u00aa Regi\u00e3o (AM\/RO) e da 23\u00aa Regi\u00e3o (MT).&nbsp;<br \/>\nUma pr\u00e9-correi\u00e7\u00e3o ordin\u00e1ria remota foi realizada em todos os TRTs, o que possibilitou a redu\u00e7\u00e3o de 86,07% dos processos vencidos em primeiro grau e 7,3% em segundo grau.<\/p>\n<h3>Processo Judicial Eletr\u00f4nico<\/h3>\n<p>Em rela\u00e7\u00e3o ao PJe, 17 dos 24 TRTs conseguiram conquistar o <strong><a href=\"http:\/\/www.tst.jus.br\/web\/corregedoria\/100-pje\" target=\"_blank\" rel=\"noopener noreferrer\">Selo \u201c100% PJe&#8221;<\/a><\/strong>. Aqueles que n\u00e3o conseguiram cumprir a totalidade da meta, &nbsp;j\u00e1 atingiram a marca de mais de 90% dos processos judiciais inseridos no Sistema PJe.<\/p>\n<p>No mesmo caminho, o <a href=\"http:\/\/www.csjt.jus.br\/web\/csjt\/noticias3\/-\/asset_publisher\/RPt2\/content\/id\/8503631\" target=\"_blank\" rel=\"noopener noreferrer\"><strong>Processo Judicial Eletr\u00f4nico nas Corregedorias Regionais (PJeCor)<\/strong><\/a> foi implantado para possibilitar uniformiza\u00e7\u00e3o, celeridade e transpar\u00eancia na tramita\u00e7\u00e3o e informa\u00e7\u00f5es referentes a procedimentos disciplinares das corregedorias.<\/p>\n<h3>Execu\u00e7\u00e3o<\/h3>\n<p>Com o objetivo de promover a efetividade das execu\u00e7\u00f5es trabalhistas, a CGJT, por meio da coordena\u00e7\u00e3o do Laborat\u00f3rio de Tecnologia para Recupera\u00e7\u00e3o de Ativos e Combate \u00e0 Corrup\u00e7\u00e3o e Lavagem de Dinheiro no \u00e2mbito da Justi\u00e7a do Trabalho (LAB-JT), promoveu as atividades atinentes aos sistemas de busca patrimonial na Justi\u00e7a do Trabalho.<\/p>\n<p>Tamb\u00e9m houve ampla participa\u00e7\u00e3o na ENCCLA (Estrat\u00e9gia Nacional de Combate \u00e0 Corrup\u00e7\u00e3o e \u00e0 Lavagem de Dinheiro), e de a\u00e7\u00f5es para o desenvolvimento do SISBAJUD &#8211; Sistema de Busca de Ativos do Poder Judici\u00e1rio, que substituiu o sistema BACENJUD.<\/p>\n<h3>Concilia\u00e7\u00e3o estimulada<\/h3>\n<p>De 19\/02\/2020 a 31\/12\/2020, ingressaram na Corregedoria-Geral da Justi\u00e7a do Trabalho 732 processos. \u201cCom rela\u00e7\u00e3o \u00e0s correi\u00e7\u00f5es parciais relacionadas ao tema Covid-19 (mais de 45% do total), a Corregedoria-Geral, seguindo a pol\u00edtica de concilia\u00e7\u00e3o estimulada pela <a href=\"https:\/\/juslaboris.tst.jus.br\/handle\/20.500.12178\/169693\" target=\"_blank\" rel=\"noopener noreferrer\"><strong>Recomenda\u00e7\u00e3o CSJT.GP n. 001\/2020<\/strong><\/a>, buscou o caminho da tentativa de composi\u00e7\u00e3o, por meio da convers\u00e3o em dilig\u00eancia para que fossem marcadas audi\u00eancias de concilia\u00e7\u00e3o no \u00e2mbito dos Tribunais Regionais em quest\u00f5es sens\u00edveis, com grande \u00eaxito\u201d, destacou o magistrado.<\/p>\n<p><strong>Saiba mais: <\/strong>(21\/12\/2020)<strong> <a href=\"http:\/\/www.csjt.jus.br\/web\/csjt\/-\/retrospectiva-confira-as-a%C3%A7%C3%B5es-da-corregedoria-geral-da-justi%C3%A7a-do-trabalho-em-2020\" target=\"_blank\" rel=\"noopener noreferrer\">Retrospectiva: confira as a\u00e7\u00f5es da Corregedoria-Geral da Justi\u00e7a do Trabalho em 2020<\/a><\/strong><\/p>\n<p>(VC\/AJ)<\/p>\n<p>    $(&#8216;#lightbox-eijf_ .slider-gallery-wrapper img&#8217;).hover(<br \/>\n    function() {<br \/>\n        const $text=$($($(this).parent()).next());<br \/>\n        $text.hasClass(&#8216;inside-description&#8217;) &amp;&amp; $text.fadeTo( &#8220;slow&#8221; , 0);<br \/>\n    }, function() {<br \/>\n        const $text=$($($(this).parent()).next());<br \/>\n        $text.hasClass(&#8216;inside-description&#8217;) &amp;&amp; $text.fadeTo( &#8220;slow&#8221; , 1);<br \/>\n    }<br \/>\n    );<br \/>\n    $(document).ready(function() {<br \/>\n        var eijf_autoplaying=false;<br \/>\n        var eijf_showingLightbox=false;<br \/>\n        const eijf_playPauseControllers=&#8221;#slider-eijf_-playpause, #slider-eijf_-lightbox-playpause&#8221;;<br \/>\n        $(&#8220;#slider-eijf_&#8221;).slick({<br \/>\n            slidesToShow: 1,<br \/>\n            slidesToScroll: 1,<br \/>\n            autoplay: eijf_autoplaying,<br \/>\n            swipeToSlide: false,<br \/>\n            centerMode: false,<br \/>\n            autoplaySpeed: 3000,<br \/>\n            focusOnSelect: true,<br \/>\n            prevArrow:<br \/>\n            &#8221;,<br \/>\n            nextArrow:<br \/>\n            &#8221;,<br \/>\n            centerPadding: &#8220;60px&#8221;,<br \/>\n            responsive: [<br \/>\n                {<br \/>\n                    breakpoint: 767.98,<br \/>\n                    settings: {<br \/>\n                        slidesToShow: 3,<br \/>\n                        adaptiveHeight: true<br \/>\n                    }<br \/>\n                }<br \/>\n            ]<br \/>\n        });<br \/>\n        $(&#8220;#slider-eijf_&#8221;).slickLightbox({<br \/>\n            src: &#8216;src&#8217;,<br \/>\n            itemSelector: &#8216;.galery-image .multimidia-wrapper img&#8217;,<br \/>\n            caption:&#8217;caption&#8217;<br \/>\n        });<br \/>\n    });<br \/>\n<script async src=\"https:\/\/platform.twitter.com\/widgets.js\" charset=\"utf-8\"><\/script><br \/>\n<br \/><i>Com informa\u00e7\u00f5es da assessoria de imprensa do TST.<\/i><br \/>\n<br \/><a href=\"http:\/\/www.tst.jus.br\/web\/guest\/noticias?p_p_id=89Dk&#038;p_p_lifecycle=0&#038;refererPlid=10730&#038;_89Dk_groupId=10157&#038;_89Dk_articleId=27187978\">Fonte<\/a><br \/>\n<br \/><\/p>\n","protected":false},"excerpt":{"rendered":"<p>O documento traz, entre outras a\u00e7\u00f5es, as iniciativas para efetividade do processo e continuidade da presta\u00e7\u00e3o jurisdicional em toda a Justi\u00e7a do Trabalho. 6\/4\/2021 &#8211; O corregedor-geral da Justi\u00e7a do Trabalho, ministro Aloysio Corr\u00eaa da Veiga, divulgou, durante a sess\u00e3o do \u00d3rg\u00e3o Especial do Tribunal Superior do Trabalho, realizada nesta segunda-feira (5), o Relat\u00f3rio de [&hellip;]<\/p>\n","protected":false},"author":3063,"featured_media":2623,"comment_status":"open","ping_status":"open","sticky":false,"template":"","format":"standard","meta":{"footnotes":""},"categories":[3,21],"tags":[33,216,9,12,217,215],"class_list":{"0":"post-8034","1":"post","2":"type-post","3":"status-publish","4":"format-standard","5":"has-post-thumbnail","7":"category-trabalhista","8":"category-tst","9":"tag-calculos-trabalhistas","10":"tag-direito-trabalhista","11":"tag-pericia","12":"tag-perito","13":"tag-trabalho","14":"tag-tst"},"yoast_head":"<!-- This site is optimized with the Yoast SEO plugin v27.2 - https:\/\/yoast.com\/product\/yoast-seo-wordpress\/ -->\n<title>TST: Corregedor apresenta relat\u00f3rio de gest\u00e3o da CGJT de 2020\u00a0 | Portal de Not\u00edcias<\/title>\n<meta name=\"robots\" content=\"index, follow, max-snippet:-1, max-image-preview:large, max-video-preview:-1\" \/>\n<link rel=\"canonical\" href=\"https:\/\/mhcalculos.com.br\/noticias\/area\/trabalhista\/tst-corregedor-apresenta-relatorio-de-gestao-da-cgjt-de-2020.html\" \/>\n<meta property=\"og:locale\" content=\"pt_BR\" \/>\n<meta property=\"og:type\" content=\"article\" \/>\n<meta property=\"og:title\" content=\"TST: Corregedor apresenta relat\u00f3rio de gest\u00e3o da CGJT de 2020\u00a0 | Portal de Not\u00edcias\" \/>\n<meta property=\"og:description\" content=\"O documento traz, entre outras a\u00e7\u00f5es, as iniciativas para efetividade do processo e continuidade da presta\u00e7\u00e3o jurisdicional em toda a Justi\u00e7a do Trabalho. 6\/4\/2021 &#8211; O corregedor-geral da Justi\u00e7a do Trabalho, ministro Aloysio Corr\u00eaa da Veiga, divulgou, durante a sess\u00e3o do \u00d3rg\u00e3o Especial do Tribunal Superior do Trabalho, realizada nesta segunda-feira (5), o Relat\u00f3rio de [&hellip;]\" \/>\n<meta property=\"og:url\" content=\"https:\/\/mhcalculos.com.br\/noticias\/area\/trabalhista\/tst-corregedor-apresenta-relatorio-de-gestao-da-cgjt-de-2020.html\" \/>\n<meta property=\"og:site_name\" content=\"Portal de Not\u00edcias\" \/>\n<meta property=\"article:published_time\" content=\"2021-04-06T21:32:00+00:00\" \/>\n<meta property=\"article:modified_time\" content=\"2021-07-28T17:27:53+00:00\" \/>\n<meta property=\"og:image\" content=\"https:\/\/mhcalculos.com.br\/noticias\/wp-content\/uploads\/sites\/2\/2018\/07\/trabalhista-0036.jpg\" \/>\n\t<meta property=\"og:image:width\" content=\"2000\" \/>\n\t<meta property=\"og:image:height\" content=\"800\" \/>\n\t<meta property=\"og:image:type\" content=\"image\/jpeg\" \/>\n<meta name=\"author\" content=\"Equipe MH\" \/>\n<meta name=\"twitter:card\" content=\"summary_large_image\" \/>\n<meta name=\"twitter:label1\" content=\"Escrito por\" \/>\n\t<meta name=\"twitter:data1\" content=\"Equipe MH\" \/>\n\t<meta name=\"twitter:label2\" content=\"Est. tempo de leitura\" \/>\n\t<meta name=\"twitter:data2\" content=\"4 minutos\" \/>\n<script type=\"application\/ld+json\" class=\"yoast-schema-graph\">{\"@context\":\"https:\/\/schema.org\",\"@graph\":[{\"@type\":\"Article\",\"@id\":\"https:\/\/mhcalculos.com.br\/noticias\/area\/trabalhista\/tst-corregedor-apresenta-relatorio-de-gestao-da-cgjt-de-2020.html#article\",\"isPartOf\":{\"@id\":\"https:\/\/mhcalculos.com.br\/noticias\/area\/trabalhista\/tst-corregedor-apresenta-relatorio-de-gestao-da-cgjt-de-2020.html\"},\"author\":{\"name\":\"Equipe MH\",\"@id\":\"https:\/\/mhcalculos.com.br\/noticias\/#\/schema\/person\/88d1c34bf72dc779ea14a5a6b8e0ae8d\"},\"headline\":\"TST: Corregedor apresenta relat\u00f3rio de gest\u00e3o da CGJT de 2020\u00a0\",\"datePublished\":\"2021-04-06T21:32:00+00:00\",\"dateModified\":\"2021-07-28T17:27:53+00:00\",\"mainEntityOfPage\":{\"@id\":\"https:\/\/mhcalculos.com.br\/noticias\/area\/trabalhista\/tst-corregedor-apresenta-relatorio-de-gestao-da-cgjt-de-2020.html\"},\"wordCount\":839,\"commentCount\":0,\"image\":{\"@id\":\"https:\/\/mhcalculos.com.br\/noticias\/area\/trabalhista\/tst-corregedor-apresenta-relatorio-de-gestao-da-cgjt-de-2020.html#primaryimage\"},\"thumbnailUrl\":\"https:\/\/mhcalculos.com.br\/noticias\/wp-content\/uploads\/sites\/2\/2018\/07\/trabalhista-0036.jpg\",\"keywords\":[\"c\u00e1lculos trabalhistas\",\"direito trabalhista\",\"per\u00edcia\",\"perito\",\"trabalho\",\"TST\"],\"articleSection\":[\"Direito Trabalhista\",\"TST\"],\"inLanguage\":\"pt-BR\",\"potentialAction\":[{\"@type\":\"CommentAction\",\"name\":\"Comment\",\"target\":[\"https:\/\/mhcalculos.com.br\/noticias\/area\/trabalhista\/tst-corregedor-apresenta-relatorio-de-gestao-da-cgjt-de-2020.html#respond\"]}]},{\"@type\":\"WebPage\",\"@id\":\"https:\/\/mhcalculos.com.br\/noticias\/area\/trabalhista\/tst-corregedor-apresenta-relatorio-de-gestao-da-cgjt-de-2020.html\",\"url\":\"https:\/\/mhcalculos.com.br\/noticias\/area\/trabalhista\/tst-corregedor-apresenta-relatorio-de-gestao-da-cgjt-de-2020.html\",\"name\":\"TST: Corregedor apresenta relat\u00f3rio de gest\u00e3o da CGJT de 2020\u00a0 | Portal de Not\u00edcias\",\"isPartOf\":{\"@id\":\"https:\/\/mhcalculos.com.br\/noticias\/#website\"},\"primaryImageOfPage\":{\"@id\":\"https:\/\/mhcalculos.com.br\/noticias\/area\/trabalhista\/tst-corregedor-apresenta-relatorio-de-gestao-da-cgjt-de-2020.html#primaryimage\"},\"image\":{\"@id\":\"https:\/\/mhcalculos.com.br\/noticias\/area\/trabalhista\/tst-corregedor-apresenta-relatorio-de-gestao-da-cgjt-de-2020.html#primaryimage\"},\"thumbnailUrl\":\"https:\/\/mhcalculos.com.br\/noticias\/wp-content\/uploads\/sites\/2\/2018\/07\/trabalhista-0036.jpg\",\"datePublished\":\"2021-04-06T21:32:00+00:00\",\"dateModified\":\"2021-07-28T17:27:53+00:00\",\"author\":{\"@id\":\"https:\/\/mhcalculos.com.br\/noticias\/#\/schema\/person\/88d1c34bf72dc779ea14a5a6b8e0ae8d\"},\"breadcrumb\":{\"@id\":\"https:\/\/mhcalculos.com.br\/noticias\/area\/trabalhista\/tst-corregedor-apresenta-relatorio-de-gestao-da-cgjt-de-2020.html#breadcrumb\"},\"inLanguage\":\"pt-BR\",\"potentialAction\":[{\"@type\":\"ReadAction\",\"target\":[\"https:\/\/mhcalculos.com.br\/noticias\/area\/trabalhista\/tst-corregedor-apresenta-relatorio-de-gestao-da-cgjt-de-2020.html\"]}]},{\"@type\":\"ImageObject\",\"inLanguage\":\"pt-BR\",\"@id\":\"https:\/\/mhcalculos.com.br\/noticias\/area\/trabalhista\/tst-corregedor-apresenta-relatorio-de-gestao-da-cgjt-de-2020.html#primaryimage\",\"url\":\"https:\/\/mhcalculos.com.br\/noticias\/wp-content\/uploads\/sites\/2\/2018\/07\/trabalhista-0036.jpg\",\"contentUrl\":\"https:\/\/mhcalculos.com.br\/noticias\/wp-content\/uploads\/sites\/2\/2018\/07\/trabalhista-0036.jpg\",\"width\":2000,\"height\":800},{\"@type\":\"BreadcrumbList\",\"@id\":\"https:\/\/mhcalculos.com.br\/noticias\/area\/trabalhista\/tst-corregedor-apresenta-relatorio-de-gestao-da-cgjt-de-2020.html#breadcrumb\",\"itemListElement\":[{\"@type\":\"ListItem\",\"position\":1,\"name\":\"In\u00edcio\",\"item\":\"https:\/\/mhcalculos.com.br\/noticias\/\"},{\"@type\":\"ListItem\",\"position\":2,\"name\":\"TST: Corregedor apresenta relat\u00f3rio de gest\u00e3o da CGJT de 2020\u00a0\"}]},{\"@type\":\"WebSite\",\"@id\":\"https:\/\/mhcalculos.com.br\/noticias\/#website\",\"url\":\"https:\/\/mhcalculos.com.br\/noticias\/\",\"name\":\"Portal de Not\u00edcias\",\"description\":\"Not\u00edcias e Jurisprud\u00eancia\",\"potentialAction\":[{\"@type\":\"SearchAction\",\"target\":{\"@type\":\"EntryPoint\",\"urlTemplate\":\"https:\/\/mhcalculos.com.br\/noticias\/?s={search_term_string}\"},\"query-input\":{\"@type\":\"PropertyValueSpecification\",\"valueRequired\":true,\"valueName\":\"search_term_string\"}}],\"inLanguage\":\"pt-BR\"},{\"@type\":\"Person\",\"@id\":\"https:\/\/mhcalculos.com.br\/noticias\/#\/schema\/person\/88d1c34bf72dc779ea14a5a6b8e0ae8d\",\"name\":\"Equipe MH\",\"image\":{\"@type\":\"ImageObject\",\"inLanguage\":\"pt-BR\",\"@id\":\"https:\/\/secure.gravatar.com\/avatar\/de1c686c2ecc9c5a3f327e3431d819eb39f8f05d4e1045f5a1caad6daaba987f?s=96&d=mm&r=g\",\"url\":\"https:\/\/secure.gravatar.com\/avatar\/de1c686c2ecc9c5a3f327e3431d819eb39f8f05d4e1045f5a1caad6daaba987f?s=96&d=mm&r=g\",\"contentUrl\":\"https:\/\/secure.gravatar.com\/avatar\/de1c686c2ecc9c5a3f327e3431d819eb39f8f05d4e1045f5a1caad6daaba987f?s=96&d=mm&r=g\",\"caption\":\"Equipe MH\"}}]}<\/script>\n<!-- \/ Yoast SEO plugin. -->","yoast_head_json":{"title":"TST: Corregedor apresenta relat\u00f3rio de gest\u00e3o da CGJT de 2020\u00a0 | Portal de Not\u00edcias","robots":{"index":"index","follow":"follow","max-snippet":"max-snippet:-1","max-image-preview":"max-image-preview:large","max-video-preview":"max-video-preview:-1"},"canonical":"https:\/\/mhcalculos.com.br\/noticias\/area\/trabalhista\/tst-corregedor-apresenta-relatorio-de-gestao-da-cgjt-de-2020.html","og_locale":"pt_BR","og_type":"article","og_title":"TST: Corregedor apresenta relat\u00f3rio de gest\u00e3o da CGJT de 2020\u00a0 | Portal de Not\u00edcias","og_description":"O documento traz, entre outras a\u00e7\u00f5es, as iniciativas para efetividade do processo e continuidade da presta\u00e7\u00e3o jurisdicional em toda a Justi\u00e7a do Trabalho. 6\/4\/2021 &#8211; O corregedor-geral da Justi\u00e7a do Trabalho, ministro Aloysio Corr\u00eaa da Veiga, divulgou, durante a sess\u00e3o do \u00d3rg\u00e3o Especial do Tribunal Superior do Trabalho, realizada nesta segunda-feira (5), o Relat\u00f3rio de [&hellip;]","og_url":"https:\/\/mhcalculos.com.br\/noticias\/area\/trabalhista\/tst-corregedor-apresenta-relatorio-de-gestao-da-cgjt-de-2020.html","og_site_name":"Portal de Not\u00edcias","article_published_time":"2021-04-06T21:32:00+00:00","article_modified_time":"2021-07-28T17:27:53+00:00","og_image":[{"width":2000,"height":800,"url":"https:\/\/mhcalculos.com.br\/noticias\/wp-content\/uploads\/sites\/2\/2018\/07\/trabalhista-0036.jpg","type":"image\/jpeg"}],"author":"Equipe MH","twitter_card":"summary_large_image","twitter_misc":{"Escrito por":"Equipe MH","Est. tempo de leitura":"4 minutos"},"schema":{"@context":"https:\/\/schema.org","@graph":[{"@type":"Article","@id":"https:\/\/mhcalculos.com.br\/noticias\/area\/trabalhista\/tst-corregedor-apresenta-relatorio-de-gestao-da-cgjt-de-2020.html#article","isPartOf":{"@id":"https:\/\/mhcalculos.com.br\/noticias\/area\/trabalhista\/tst-corregedor-apresenta-relatorio-de-gestao-da-cgjt-de-2020.html"},"author":{"name":"Equipe MH","@id":"https:\/\/mhcalculos.com.br\/noticias\/#\/schema\/person\/88d1c34bf72dc779ea14a5a6b8e0ae8d"},"headline":"TST: Corregedor apresenta relat\u00f3rio de gest\u00e3o da CGJT de 2020\u00a0","datePublished":"2021-04-06T21:32:00+00:00","dateModified":"2021-07-28T17:27:53+00:00","mainEntityOfPage":{"@id":"https:\/\/mhcalculos.com.br\/noticias\/area\/trabalhista\/tst-corregedor-apresenta-relatorio-de-gestao-da-cgjt-de-2020.html"},"wordCount":839,"commentCount":0,"image":{"@id":"https:\/\/mhcalculos.com.br\/noticias\/area\/trabalhista\/tst-corregedor-apresenta-relatorio-de-gestao-da-cgjt-de-2020.html#primaryimage"},"thumbnailUrl":"https:\/\/mhcalculos.com.br\/noticias\/wp-content\/uploads\/sites\/2\/2018\/07\/trabalhista-0036.jpg","keywords":["c\u00e1lculos trabalhistas","direito trabalhista","per\u00edcia","perito","trabalho","TST"],"articleSection":["Direito Trabalhista","TST"],"inLanguage":"pt-BR","potentialAction":[{"@type":"CommentAction","name":"Comment","target":["https:\/\/mhcalculos.com.br\/noticias\/area\/trabalhista\/tst-corregedor-apresenta-relatorio-de-gestao-da-cgjt-de-2020.html#respond"]}]},{"@type":"WebPage","@id":"https:\/\/mhcalculos.com.br\/noticias\/area\/trabalhista\/tst-corregedor-apresenta-relatorio-de-gestao-da-cgjt-de-2020.html","url":"https:\/\/mhcalculos.com.br\/noticias\/area\/trabalhista\/tst-corregedor-apresenta-relatorio-de-gestao-da-cgjt-de-2020.html","name":"TST: Corregedor apresenta relat\u00f3rio de gest\u00e3o da CGJT de 2020\u00a0 | Portal de Not\u00edcias","isPartOf":{"@id":"https:\/\/mhcalculos.com.br\/noticias\/#website"},"primaryImageOfPage":{"@id":"https:\/\/mhcalculos.com.br\/noticias\/area\/trabalhista\/tst-corregedor-apresenta-relatorio-de-gestao-da-cgjt-de-2020.html#primaryimage"},"image":{"@id":"https:\/\/mhcalculos.com.br\/noticias\/area\/trabalhista\/tst-corregedor-apresenta-relatorio-de-gestao-da-cgjt-de-2020.html#primaryimage"},"thumbnailUrl":"https:\/\/mhcalculos.com.br\/noticias\/wp-content\/uploads\/sites\/2\/2018\/07\/trabalhista-0036.jpg","datePublished":"2021-04-06T21:32:00+00:00","dateModified":"2021-07-28T17:27:53+00:00","author":{"@id":"https:\/\/mhcalculos.com.br\/noticias\/#\/schema\/person\/88d1c34bf72dc779ea14a5a6b8e0ae8d"},"breadcrumb":{"@id":"https:\/\/mhcalculos.com.br\/noticias\/area\/trabalhista\/tst-corregedor-apresenta-relatorio-de-gestao-da-cgjt-de-2020.html#breadcrumb"},"inLanguage":"pt-BR","potentialAction":[{"@type":"ReadAction","target":["https:\/\/mhcalculos.com.br\/noticias\/area\/trabalhista\/tst-corregedor-apresenta-relatorio-de-gestao-da-cgjt-de-2020.html"]}]},{"@type":"ImageObject","inLanguage":"pt-BR","@id":"https:\/\/mhcalculos.com.br\/noticias\/area\/trabalhista\/tst-corregedor-apresenta-relatorio-de-gestao-da-cgjt-de-2020.html#primaryimage","url":"https:\/\/mhcalculos.com.br\/noticias\/wp-content\/uploads\/sites\/2\/2018\/07\/trabalhista-0036.jpg","contentUrl":"https:\/\/mhcalculos.com.br\/noticias\/wp-content\/uploads\/sites\/2\/2018\/07\/trabalhista-0036.jpg","width":2000,"height":800},{"@type":"BreadcrumbList","@id":"https:\/\/mhcalculos.com.br\/noticias\/area\/trabalhista\/tst-corregedor-apresenta-relatorio-de-gestao-da-cgjt-de-2020.html#breadcrumb","itemListElement":[{"@type":"ListItem","position":1,"name":"In\u00edcio","item":"https:\/\/mhcalculos.com.br\/noticias\/"},{"@type":"ListItem","position":2,"name":"TST: Corregedor apresenta relat\u00f3rio de gest\u00e3o da CGJT de 2020\u00a0"}]},{"@type":"WebSite","@id":"https:\/\/mhcalculos.com.br\/noticias\/#website","url":"https:\/\/mhcalculos.com.br\/noticias\/","name":"Portal de Not\u00edcias","description":"Not\u00edcias e Jurisprud\u00eancia","potentialAction":[{"@type":"SearchAction","target":{"@type":"EntryPoint","urlTemplate":"https:\/\/mhcalculos.com.br\/noticias\/?s={search_term_string}"},"query-input":{"@type":"PropertyValueSpecification","valueRequired":true,"valueName":"search_term_string"}}],"inLanguage":"pt-BR"},{"@type":"Person","@id":"https:\/\/mhcalculos.com.br\/noticias\/#\/schema\/person\/88d1c34bf72dc779ea14a5a6b8e0ae8d","name":"Equipe MH","image":{"@type":"ImageObject","inLanguage":"pt-BR","@id":"https:\/\/secure.gravatar.com\/avatar\/de1c686c2ecc9c5a3f327e3431d819eb39f8f05d4e1045f5a1caad6daaba987f?s=96&d=mm&r=g","url":"https:\/\/secure.gravatar.com\/avatar\/de1c686c2ecc9c5a3f327e3431d819eb39f8f05d4e1045f5a1caad6daaba987f?s=96&d=mm&r=g","contentUrl":"https:\/\/secure.gravatar.com\/avatar\/de1c686c2ecc9c5a3f327e3431d819eb39f8f05d4e1045f5a1caad6daaba987f?s=96&d=mm&r=g","caption":"Equipe MH"}}]}},"_links":{"self":[{"href":"https:\/\/mhcalculos.com.br\/noticias\/wp-json\/wp\/v2\/posts\/8034","targetHints":{"allow":["GET"]}}],"collection":[{"href":"https:\/\/mhcalculos.com.br\/noticias\/wp-json\/wp\/v2\/posts"}],"about":[{"href":"https:\/\/mhcalculos.com.br\/noticias\/wp-json\/wp\/v2\/types\/post"}],"author":[{"embeddable":true,"href":"https:\/\/mhcalculos.com.br\/noticias\/wp-json\/wp\/v2\/users\/3063"}],"replies":[{"embeddable":true,"href":"https:\/\/mhcalculos.com.br\/noticias\/wp-json\/wp\/v2\/comments?post=8034"}],"version-history":[{"count":1,"href":"https:\/\/mhcalculos.com.br\/noticias\/wp-json\/wp\/v2\/posts\/8034\/revisions"}],"predecessor-version":[{"id":8428,"href":"https:\/\/mhcalculos.com.br\/noticias\/wp-json\/wp\/v2\/posts\/8034\/revisions\/8428"}],"wp:featuredmedia":[{"embeddable":true,"href":"https:\/\/mhcalculos.com.br\/noticias\/wp-json\/wp\/v2\/media\/2623"}],"wp:attachment":[{"href":"https:\/\/mhcalculos.com.br\/noticias\/wp-json\/wp\/v2\/media?parent=8034"}],"wp:term":[{"taxonomy":"category","embeddable":true,"href":"https:\/\/mhcalculos.com.br\/noticias\/wp-json\/wp\/v2\/categories?post=8034"},{"taxonomy":"post_tag","embeddable":true,"href":"https:\/\/mhcalculos.com.br\/noticias\/wp-json\/wp\/v2\/tags?post=8034"}],"curies":[{"name":"wp","href":"https:\/\/api.w.org\/{rel}","templated":true}]}}