{"id":7987,"date":"2021-03-16T23:05:19","date_gmt":"2021-03-17T02:05:19","guid":{"rendered":"https:\/\/mhcalculos.com.br\/noticias\/area\/previdenciario\/trf3-tribunal-mantem-condenacao-de-socio-gerente-de-empresa-por-apropriacao-indebita-previdenciaria.html"},"modified":"2021-07-28T14:27:59","modified_gmt":"2021-07-28T17:27:59","slug":"trf3-tribunal-mantem-condenacao-de-socio-gerente-de-empresa-por-apropriacao-indebita-previdenciaria","status":"publish","type":"post","link":"https:\/\/mhcalculos.com.br\/noticias\/area\/previdenciario\/trf3-tribunal-mantem-condenacao-de-socio-gerente-de-empresa-por-apropriacao-indebita-previdenciaria.html","title":{"rendered":"TRF3: TRIBUNAL&nbsp;MANT\u00c9M CONDENA\u00c7\u00c3O DE\u00a0S\u00d3CIO-GERENTE\u00a0DE EMPRESA POR APROPRIA\u00c7\u00c3O IND\u00c9BITA PREVIDENCI\u00c1RIA\u00a0"},"content":{"rendered":"\n<div class=\"mat\">\n<p><em>Uni\u00e3o cobra\u00a0cerca de\u00a0R$ 2 milh\u00f5es pelo n\u00e3o recolhimento de\u00a0contribui\u00e7\u00f5es descontadas dos empregados\u00a0<\/em><\/p>\n<p>A\u00a0Quinta\u00a0Turma do Tribunal Regional Federal da 3\u00aa Regi\u00e3o (TRF3)\u00a0manteve senten\u00e7a e condenou\u00a0o\u00a0s\u00f3cio-gerente de uma ind\u00fastria de borracha\u00a0por ter deixado de recolher\u00a0contribui\u00e7\u00f5es destinadas\u00a0ao Instituto Nacional do\u00a0Seguro\u00a0Social (INSS), entre\u00a02008 e 2011. A\u00a0Uni\u00e3o cobra cerca de R$ 2 milh\u00f5es\u00a0da empresa.\u00a0\u00a0<\/p>\n<p>Para o colegiado, a materialidade e autoria\u00a0pelo delito de apropria\u00e7\u00e3o ind\u00e9bita previdenci\u00e1ria restaram demonstradas por meio de testemunhos, documenta\u00e7\u00e3o e provas anexadas ao processo.\u00a0<\/p>\n<p>De acordo com os autos, o\u00a0homem\u00a0era o respons\u00e1vel pelo gerenciamento da empresa,\u00a0localizada em Sorocaba\/SP, e\u00a0n\u00e3o recolheu \u00e0 autarquia federal, no prazo legal,\u00a0as contribui\u00e7\u00f5es previdenci\u00e1rias descontadas dos sal\u00e1rios\u00a0dos empregados.\u00a0Os fatos foram comprovados por meio de fiscaliza\u00e7\u00f5es que\u00a0originaram Certid\u00f5es de D\u00edvida Ativa da Uni\u00e3o (CDAs).<\/p>\n<p>Em primeira inst\u00e2ncia, a Justi\u00e7a Federal havia condenado o s\u00f3cio-gerente pelo delito de apropria\u00e7\u00e3o ind\u00e9bita previdenci\u00e1ria. O r\u00e9u recorreu ao TRF3 e pediu a absolvi\u00e7\u00e3o com argumento de que n\u00e3o ficou comprovada a sua participa\u00e7\u00e3o na gest\u00e3o e tamb\u00e9m pelas dificuldades financeiras da empresa.\u00a0\u00a0<\/p>\n<p>Ao analisar o caso, a Quinta Turma desconsiderou os argumentos da defesa. O colegiado explicou que\u00a0a omiss\u00e3o no repasse de contribui\u00e7\u00f5es \u00e0 autarquia previdenci\u00e1ria somente se justifica diante de robusto quadro probat\u00f3rio. Para isso, deve ficar\u00a0demonstrado\u00a0que\u00a0a dificuldade financeira\u00a0n\u00e3o decorreu\u00a0de inabilidade, imprud\u00eancia ou temeridade na gest\u00e3o dos neg\u00f3cios.\u00a0<\/p>\n<p>\u201cA dificuldade financeira instranspon\u00edvel que caracteriza a inexigibilidade de conduta diversa \u00e9\u00a0aquela que alcan\u00e7a n\u00e3o s\u00f3 a sa\u00fade financeira da empresa, mas tamb\u00e9m os interesses de funcion\u00e1rios e de credores, bem como o patrim\u00f4nio pessoal do\u00a0s\u00f3cio-administrador\u201d, ressaltou o ac\u00f3rd\u00e3o.\u00a0<\/p>\n<p>Assim, o colegiado,\u00a0por maioria, decidiu negar provimento ao recurso da defesa. A pena foi estabelecida em quatro anos de reclus\u00e3o, no regime inicial semiaberto, bem como ao pagamento de 20 dias multa.\u00a0 \u00a0<\/p>\n<p>Apela\u00e7\u00e3o Criminal\u00a00000498-50.2018.4.03.6110\u00a0<\/p>\n<p>\u00a0<\/p>\n<p><a href=\"http:\/\/www.twitter.com\/trf3_oficial\" rel=\"noreferrer noopener\" target=\"_blank\">www.twitter.com\/trf3_oficial<\/a>\u00a0<\/p>\n<p><a href=\"http:\/\/www.instagram.com\/trf3_oficial\" rel=\"noreferrer noopener\" target=\"_blank\">www.instagram.com\/trf3_oficial<\/a>\u00a0<\/p>\n<\/div>\n<p><script async src=\"https:\/\/platform.twitter.com\/widgets.js\" charset=\"utf-8\"><\/script><script async defer src=\"https:\/\/platform.instagram.com\/en_US\/embeds.js\"><\/script><br \/>\n<i>Com informa\u00e7\u00f5es da assessoria de imprensa do TRF3.<\/i><br \/>\n<br \/><a href=\"http:\/\/web.trf3.jus.br\/noticias\/Noticias\/Noticia\/Exibir\/405980\">Fonte<\/a><br \/>\n<br \/><\/p>\n","protected":false},"excerpt":{"rendered":"<p>Uni\u00e3o cobra\u00a0cerca de\u00a0R$ 2 milh\u00f5es pelo n\u00e3o recolhimento de\u00a0contribui\u00e7\u00f5es descontadas dos empregados\u00a0 A\u00a0Quinta\u00a0Turma do Tribunal Regional Federal da 3\u00aa Regi\u00e3o (TRF3)\u00a0manteve senten\u00e7a e condenou\u00a0o\u00a0s\u00f3cio-gerente de uma ind\u00fastria de borracha\u00a0por ter deixado de recolher\u00a0contribui\u00e7\u00f5es destinadas\u00a0ao Instituto Nacional do\u00a0Seguro\u00a0Social (INSS), entre\u00a02008 e 2011. A\u00a0Uni\u00e3o cobra cerca de R$ 2 milh\u00f5es\u00a0da empresa.\u00a0\u00a0 Para o colegiado, a materialidade e [&hellip;]<\/p>\n","protected":false},"author":3063,"featured_media":2365,"comment_status":"open","ping_status":"open","sticky":false,"template":"","format":"standard","meta":{"footnotes":""},"categories":[5,110],"tags":[32,31,42,30,29,213,9,152,218,214],"class_list":{"0":"post-7987","1":"post","2":"type-post","3":"status-publish","4":"format-standard","5":"has-post-thumbnail","7":"category-previdenciario","8":"category-trf3","9":"tag-calculos-judiciais","10":"tag-calculos-tributarios","11":"tag-direito-tributario","12":"tag-divida-ativa","13":"tag-fazenda-publica","14":"tag-imposto","15":"tag-pericia","16":"tag-trf3","17":"tag-tribunal-regional-federal","18":"tag-tributo"},"yoast_head":"<!-- This site is optimized with the Yoast SEO plugin v27.2 - https:\/\/yoast.com\/product\/yoast-seo-wordpress\/ -->\n<title>TRF3: TRIBUNAL&nbsp;MANT\u00c9M CONDENA\u00c7\u00c3O DE\u00a0S\u00d3CIO-GERENTE\u00a0DE EMPRESA POR APROPRIA\u00c7\u00c3O IND\u00c9BITA PREVIDENCI\u00c1RIA\u00a0 | Portal de Not\u00edcias<\/title>\n<meta name=\"robots\" content=\"index, follow, max-snippet:-1, max-image-preview:large, max-video-preview:-1\" \/>\n<link rel=\"canonical\" href=\"https:\/\/mhcalculos.com.br\/noticias\/area\/previdenciario\/trf3-tribunal-mantem-condenacao-de-socio-gerente-de-empresa-por-apropriacao-indebita-previdenciaria.html\" \/>\n<meta property=\"og:locale\" content=\"pt_BR\" \/>\n<meta property=\"og:type\" content=\"article\" \/>\n<meta property=\"og:title\" content=\"TRF3: TRIBUNAL&nbsp;MANT\u00c9M CONDENA\u00c7\u00c3O DE\u00a0S\u00d3CIO-GERENTE\u00a0DE EMPRESA POR APROPRIA\u00c7\u00c3O IND\u00c9BITA PREVIDENCI\u00c1RIA\u00a0 | Portal de Not\u00edcias\" \/>\n<meta property=\"og:description\" content=\"Uni\u00e3o cobra\u00a0cerca de\u00a0R$ 2 milh\u00f5es pelo n\u00e3o recolhimento de\u00a0contribui\u00e7\u00f5es descontadas dos empregados\u00a0 A\u00a0Quinta\u00a0Turma do Tribunal Regional Federal da 3\u00aa Regi\u00e3o (TRF3)\u00a0manteve senten\u00e7a e condenou\u00a0o\u00a0s\u00f3cio-gerente de uma ind\u00fastria de borracha\u00a0por ter deixado de recolher\u00a0contribui\u00e7\u00f5es destinadas\u00a0ao Instituto Nacional do\u00a0Seguro\u00a0Social (INSS), entre\u00a02008 e 2011. A\u00a0Uni\u00e3o cobra cerca de R$ 2 milh\u00f5es\u00a0da empresa.\u00a0\u00a0 Para o colegiado, a materialidade e [&hellip;]\" \/>\n<meta property=\"og:url\" content=\"https:\/\/mhcalculos.com.br\/noticias\/area\/previdenciario\/trf3-tribunal-mantem-condenacao-de-socio-gerente-de-empresa-por-apropriacao-indebita-previdenciaria.html\" \/>\n<meta property=\"og:site_name\" content=\"Portal de Not\u00edcias\" \/>\n<meta property=\"article:published_time\" content=\"2021-03-17T02:05:19+00:00\" \/>\n<meta property=\"article:modified_time\" content=\"2021-07-28T17:27:59+00:00\" \/>\n<meta property=\"og:image\" content=\"https:\/\/mhcalculos.com.br\/noticias\/wp-content\/uploads\/sites\/2\/2018\/06\/judiciario-0028.jpg\" \/>\n\t<meta property=\"og:image:width\" content=\"2000\" \/>\n\t<meta property=\"og:image:height\" content=\"800\" \/>\n\t<meta property=\"og:image:type\" content=\"image\/jpeg\" \/>\n<meta name=\"author\" content=\"Equipe MH\" \/>\n<meta name=\"twitter:card\" content=\"summary_large_image\" \/>\n<meta name=\"twitter:label1\" content=\"Escrito por\" \/>\n\t<meta name=\"twitter:data1\" content=\"Equipe MH\" \/>\n\t<meta name=\"twitter:label2\" content=\"Est. tempo de leitura\" \/>\n\t<meta name=\"twitter:data2\" content=\"2 minutos\" \/>\n<script type=\"application\/ld+json\" class=\"yoast-schema-graph\">{\"@context\":\"https:\/\/schema.org\",\"@graph\":[{\"@type\":\"Article\",\"@id\":\"https:\/\/mhcalculos.com.br\/noticias\/area\/previdenciario\/trf3-tribunal-mantem-condenacao-de-socio-gerente-de-empresa-por-apropriacao-indebita-previdenciaria.html#article\",\"isPartOf\":{\"@id\":\"https:\/\/mhcalculos.com.br\/noticias\/area\/previdenciario\/trf3-tribunal-mantem-condenacao-de-socio-gerente-de-empresa-por-apropriacao-indebita-previdenciaria.html\"},\"author\":{\"name\":\"Equipe MH\",\"@id\":\"https:\/\/mhcalculos.com.br\/noticias\/#\/schema\/person\/88d1c34bf72dc779ea14a5a6b8e0ae8d\"},\"headline\":\"TRF3: TRIBUNAL&nbsp;MANT\u00c9M CONDENA\u00c7\u00c3O DE\u00a0S\u00d3CIO-GERENTE\u00a0DE EMPRESA POR APROPRIA\u00c7\u00c3O IND\u00c9BITA PREVIDENCI\u00c1RIA\u00a0\",\"datePublished\":\"2021-03-17T02:05:19+00:00\",\"dateModified\":\"2021-07-28T17:27:59+00:00\",\"mainEntityOfPage\":{\"@id\":\"https:\/\/mhcalculos.com.br\/noticias\/area\/previdenciario\/trf3-tribunal-mantem-condenacao-de-socio-gerente-de-empresa-por-apropriacao-indebita-previdenciaria.html\"},\"wordCount\":404,\"commentCount\":0,\"image\":{\"@id\":\"https:\/\/mhcalculos.com.br\/noticias\/area\/previdenciario\/trf3-tribunal-mantem-condenacao-de-socio-gerente-de-empresa-por-apropriacao-indebita-previdenciaria.html#primaryimage\"},\"thumbnailUrl\":\"https:\/\/mhcalculos.com.br\/noticias\/wp-content\/uploads\/sites\/2\/2018\/06\/judiciario-0028.jpg\",\"keywords\":[\"c\u00e1lculos judiciais\",\"c\u00e1lculos tribut\u00e1rios\",\"direito tribut\u00e1rio\",\"d\u00edvida ativa\",\"fazenda p\u00fablica\",\"Imposto\",\"per\u00edcia\",\"trf3\",\"Tribunal Regional Federal\",\"tributo\"],\"articleSection\":[\"Direito Previdenci\u00e1rio\",\"TRF3\"],\"inLanguage\":\"pt-BR\",\"potentialAction\":[{\"@type\":\"CommentAction\",\"name\":\"Comment\",\"target\":[\"https:\/\/mhcalculos.com.br\/noticias\/area\/previdenciario\/trf3-tribunal-mantem-condenacao-de-socio-gerente-de-empresa-por-apropriacao-indebita-previdenciaria.html#respond\"]}]},{\"@type\":\"WebPage\",\"@id\":\"https:\/\/mhcalculos.com.br\/noticias\/area\/previdenciario\/trf3-tribunal-mantem-condenacao-de-socio-gerente-de-empresa-por-apropriacao-indebita-previdenciaria.html\",\"url\":\"https:\/\/mhcalculos.com.br\/noticias\/area\/previdenciario\/trf3-tribunal-mantem-condenacao-de-socio-gerente-de-empresa-por-apropriacao-indebita-previdenciaria.html\",\"name\":\"TRF3: TRIBUNAL&nbsp;MANT\u00c9M CONDENA\u00c7\u00c3O DE\u00a0S\u00d3CIO-GERENTE\u00a0DE EMPRESA POR APROPRIA\u00c7\u00c3O IND\u00c9BITA PREVIDENCI\u00c1RIA\u00a0 | Portal de Not\u00edcias\",\"isPartOf\":{\"@id\":\"https:\/\/mhcalculos.com.br\/noticias\/#website\"},\"primaryImageOfPage\":{\"@id\":\"https:\/\/mhcalculos.com.br\/noticias\/area\/previdenciario\/trf3-tribunal-mantem-condenacao-de-socio-gerente-de-empresa-por-apropriacao-indebita-previdenciaria.html#primaryimage\"},\"image\":{\"@id\":\"https:\/\/mhcalculos.com.br\/noticias\/area\/previdenciario\/trf3-tribunal-mantem-condenacao-de-socio-gerente-de-empresa-por-apropriacao-indebita-previdenciaria.html#primaryimage\"},\"thumbnailUrl\":\"https:\/\/mhcalculos.com.br\/noticias\/wp-content\/uploads\/sites\/2\/2018\/06\/judiciario-0028.jpg\",\"datePublished\":\"2021-03-17T02:05:19+00:00\",\"dateModified\":\"2021-07-28T17:27:59+00:00\",\"author\":{\"@id\":\"https:\/\/mhcalculos.com.br\/noticias\/#\/schema\/person\/88d1c34bf72dc779ea14a5a6b8e0ae8d\"},\"breadcrumb\":{\"@id\":\"https:\/\/mhcalculos.com.br\/noticias\/area\/previdenciario\/trf3-tribunal-mantem-condenacao-de-socio-gerente-de-empresa-por-apropriacao-indebita-previdenciaria.html#breadcrumb\"},\"inLanguage\":\"pt-BR\",\"potentialAction\":[{\"@type\":\"ReadAction\",\"target\":[\"https:\/\/mhcalculos.com.br\/noticias\/area\/previdenciario\/trf3-tribunal-mantem-condenacao-de-socio-gerente-de-empresa-por-apropriacao-indebita-previdenciaria.html\"]}]},{\"@type\":\"ImageObject\",\"inLanguage\":\"pt-BR\",\"@id\":\"https:\/\/mhcalculos.com.br\/noticias\/area\/previdenciario\/trf3-tribunal-mantem-condenacao-de-socio-gerente-de-empresa-por-apropriacao-indebita-previdenciaria.html#primaryimage\",\"url\":\"https:\/\/mhcalculos.com.br\/noticias\/wp-content\/uploads\/sites\/2\/2018\/06\/judiciario-0028.jpg\",\"contentUrl\":\"https:\/\/mhcalculos.com.br\/noticias\/wp-content\/uploads\/sites\/2\/2018\/06\/judiciario-0028.jpg\",\"width\":2000,\"height\":800},{\"@type\":\"BreadcrumbList\",\"@id\":\"https:\/\/mhcalculos.com.br\/noticias\/area\/previdenciario\/trf3-tribunal-mantem-condenacao-de-socio-gerente-de-empresa-por-apropriacao-indebita-previdenciaria.html#breadcrumb\",\"itemListElement\":[{\"@type\":\"ListItem\",\"position\":1,\"name\":\"In\u00edcio\",\"item\":\"https:\/\/mhcalculos.com.br\/noticias\/\"},{\"@type\":\"ListItem\",\"position\":2,\"name\":\"TRF3: TRIBUNAL&nbsp;MANT\u00c9M CONDENA\u00c7\u00c3O DE\u00a0S\u00d3CIO-GERENTE\u00a0DE EMPRESA POR APROPRIA\u00c7\u00c3O IND\u00c9BITA PREVIDENCI\u00c1RIA\u00a0\"}]},{\"@type\":\"WebSite\",\"@id\":\"https:\/\/mhcalculos.com.br\/noticias\/#website\",\"url\":\"https:\/\/mhcalculos.com.br\/noticias\/\",\"name\":\"Portal de Not\u00edcias\",\"description\":\"Not\u00edcias e Jurisprud\u00eancia\",\"potentialAction\":[{\"@type\":\"SearchAction\",\"target\":{\"@type\":\"EntryPoint\",\"urlTemplate\":\"https:\/\/mhcalculos.com.br\/noticias\/?s={search_term_string}\"},\"query-input\":{\"@type\":\"PropertyValueSpecification\",\"valueRequired\":true,\"valueName\":\"search_term_string\"}}],\"inLanguage\":\"pt-BR\"},{\"@type\":\"Person\",\"@id\":\"https:\/\/mhcalculos.com.br\/noticias\/#\/schema\/person\/88d1c34bf72dc779ea14a5a6b8e0ae8d\",\"name\":\"Equipe MH\",\"image\":{\"@type\":\"ImageObject\",\"inLanguage\":\"pt-BR\",\"@id\":\"https:\/\/secure.gravatar.com\/avatar\/de1c686c2ecc9c5a3f327e3431d819eb39f8f05d4e1045f5a1caad6daaba987f?s=96&d=mm&r=g\",\"url\":\"https:\/\/secure.gravatar.com\/avatar\/de1c686c2ecc9c5a3f327e3431d819eb39f8f05d4e1045f5a1caad6daaba987f?s=96&d=mm&r=g\",\"contentUrl\":\"https:\/\/secure.gravatar.com\/avatar\/de1c686c2ecc9c5a3f327e3431d819eb39f8f05d4e1045f5a1caad6daaba987f?s=96&d=mm&r=g\",\"caption\":\"Equipe MH\"}}]}<\/script>\n<!-- \/ Yoast SEO plugin. -->","yoast_head_json":{"title":"TRF3: TRIBUNAL&nbsp;MANT\u00c9M CONDENA\u00c7\u00c3O DE\u00a0S\u00d3CIO-GERENTE\u00a0DE EMPRESA POR APROPRIA\u00c7\u00c3O IND\u00c9BITA PREVIDENCI\u00c1RIA\u00a0 | Portal de Not\u00edcias","robots":{"index":"index","follow":"follow","max-snippet":"max-snippet:-1","max-image-preview":"max-image-preview:large","max-video-preview":"max-video-preview:-1"},"canonical":"https:\/\/mhcalculos.com.br\/noticias\/area\/previdenciario\/trf3-tribunal-mantem-condenacao-de-socio-gerente-de-empresa-por-apropriacao-indebita-previdenciaria.html","og_locale":"pt_BR","og_type":"article","og_title":"TRF3: TRIBUNAL&nbsp;MANT\u00c9M CONDENA\u00c7\u00c3O DE\u00a0S\u00d3CIO-GERENTE\u00a0DE EMPRESA POR APROPRIA\u00c7\u00c3O IND\u00c9BITA PREVIDENCI\u00c1RIA\u00a0 | Portal de Not\u00edcias","og_description":"Uni\u00e3o cobra\u00a0cerca de\u00a0R$ 2 milh\u00f5es pelo n\u00e3o recolhimento de\u00a0contribui\u00e7\u00f5es descontadas dos empregados\u00a0 A\u00a0Quinta\u00a0Turma do Tribunal Regional Federal da 3\u00aa Regi\u00e3o (TRF3)\u00a0manteve senten\u00e7a e condenou\u00a0o\u00a0s\u00f3cio-gerente de uma ind\u00fastria de borracha\u00a0por ter deixado de recolher\u00a0contribui\u00e7\u00f5es destinadas\u00a0ao Instituto Nacional do\u00a0Seguro\u00a0Social (INSS), entre\u00a02008 e 2011. A\u00a0Uni\u00e3o cobra cerca de R$ 2 milh\u00f5es\u00a0da empresa.\u00a0\u00a0 Para o colegiado, a materialidade e [&hellip;]","og_url":"https:\/\/mhcalculos.com.br\/noticias\/area\/previdenciario\/trf3-tribunal-mantem-condenacao-de-socio-gerente-de-empresa-por-apropriacao-indebita-previdenciaria.html","og_site_name":"Portal de Not\u00edcias","article_published_time":"2021-03-17T02:05:19+00:00","article_modified_time":"2021-07-28T17:27:59+00:00","og_image":[{"width":2000,"height":800,"url":"https:\/\/mhcalculos.com.br\/noticias\/wp-content\/uploads\/sites\/2\/2018\/06\/judiciario-0028.jpg","type":"image\/jpeg"}],"author":"Equipe MH","twitter_card":"summary_large_image","twitter_misc":{"Escrito por":"Equipe MH","Est. tempo de leitura":"2 minutos"},"schema":{"@context":"https:\/\/schema.org","@graph":[{"@type":"Article","@id":"https:\/\/mhcalculos.com.br\/noticias\/area\/previdenciario\/trf3-tribunal-mantem-condenacao-de-socio-gerente-de-empresa-por-apropriacao-indebita-previdenciaria.html#article","isPartOf":{"@id":"https:\/\/mhcalculos.com.br\/noticias\/area\/previdenciario\/trf3-tribunal-mantem-condenacao-de-socio-gerente-de-empresa-por-apropriacao-indebita-previdenciaria.html"},"author":{"name":"Equipe MH","@id":"https:\/\/mhcalculos.com.br\/noticias\/#\/schema\/person\/88d1c34bf72dc779ea14a5a6b8e0ae8d"},"headline":"TRF3: TRIBUNAL&nbsp;MANT\u00c9M CONDENA\u00c7\u00c3O DE\u00a0S\u00d3CIO-GERENTE\u00a0DE EMPRESA POR APROPRIA\u00c7\u00c3O IND\u00c9BITA PREVIDENCI\u00c1RIA\u00a0","datePublished":"2021-03-17T02:05:19+00:00","dateModified":"2021-07-28T17:27:59+00:00","mainEntityOfPage":{"@id":"https:\/\/mhcalculos.com.br\/noticias\/area\/previdenciario\/trf3-tribunal-mantem-condenacao-de-socio-gerente-de-empresa-por-apropriacao-indebita-previdenciaria.html"},"wordCount":404,"commentCount":0,"image":{"@id":"https:\/\/mhcalculos.com.br\/noticias\/area\/previdenciario\/trf3-tribunal-mantem-condenacao-de-socio-gerente-de-empresa-por-apropriacao-indebita-previdenciaria.html#primaryimage"},"thumbnailUrl":"https:\/\/mhcalculos.com.br\/noticias\/wp-content\/uploads\/sites\/2\/2018\/06\/judiciario-0028.jpg","keywords":["c\u00e1lculos judiciais","c\u00e1lculos tribut\u00e1rios","direito tribut\u00e1rio","d\u00edvida ativa","fazenda p\u00fablica","Imposto","per\u00edcia","trf3","Tribunal Regional Federal","tributo"],"articleSection":["Direito Previdenci\u00e1rio","TRF3"],"inLanguage":"pt-BR","potentialAction":[{"@type":"CommentAction","name":"Comment","target":["https:\/\/mhcalculos.com.br\/noticias\/area\/previdenciario\/trf3-tribunal-mantem-condenacao-de-socio-gerente-de-empresa-por-apropriacao-indebita-previdenciaria.html#respond"]}]},{"@type":"WebPage","@id":"https:\/\/mhcalculos.com.br\/noticias\/area\/previdenciario\/trf3-tribunal-mantem-condenacao-de-socio-gerente-de-empresa-por-apropriacao-indebita-previdenciaria.html","url":"https:\/\/mhcalculos.com.br\/noticias\/area\/previdenciario\/trf3-tribunal-mantem-condenacao-de-socio-gerente-de-empresa-por-apropriacao-indebita-previdenciaria.html","name":"TRF3: TRIBUNAL&nbsp;MANT\u00c9M CONDENA\u00c7\u00c3O DE\u00a0S\u00d3CIO-GERENTE\u00a0DE EMPRESA POR APROPRIA\u00c7\u00c3O IND\u00c9BITA PREVIDENCI\u00c1RIA\u00a0 | Portal de Not\u00edcias","isPartOf":{"@id":"https:\/\/mhcalculos.com.br\/noticias\/#website"},"primaryImageOfPage":{"@id":"https:\/\/mhcalculos.com.br\/noticias\/area\/previdenciario\/trf3-tribunal-mantem-condenacao-de-socio-gerente-de-empresa-por-apropriacao-indebita-previdenciaria.html#primaryimage"},"image":{"@id":"https:\/\/mhcalculos.com.br\/noticias\/area\/previdenciario\/trf3-tribunal-mantem-condenacao-de-socio-gerente-de-empresa-por-apropriacao-indebita-previdenciaria.html#primaryimage"},"thumbnailUrl":"https:\/\/mhcalculos.com.br\/noticias\/wp-content\/uploads\/sites\/2\/2018\/06\/judiciario-0028.jpg","datePublished":"2021-03-17T02:05:19+00:00","dateModified":"2021-07-28T17:27:59+00:00","author":{"@id":"https:\/\/mhcalculos.com.br\/noticias\/#\/schema\/person\/88d1c34bf72dc779ea14a5a6b8e0ae8d"},"breadcrumb":{"@id":"https:\/\/mhcalculos.com.br\/noticias\/area\/previdenciario\/trf3-tribunal-mantem-condenacao-de-socio-gerente-de-empresa-por-apropriacao-indebita-previdenciaria.html#breadcrumb"},"inLanguage":"pt-BR","potentialAction":[{"@type":"ReadAction","target":["https:\/\/mhcalculos.com.br\/noticias\/area\/previdenciario\/trf3-tribunal-mantem-condenacao-de-socio-gerente-de-empresa-por-apropriacao-indebita-previdenciaria.html"]}]},{"@type":"ImageObject","inLanguage":"pt-BR","@id":"https:\/\/mhcalculos.com.br\/noticias\/area\/previdenciario\/trf3-tribunal-mantem-condenacao-de-socio-gerente-de-empresa-por-apropriacao-indebita-previdenciaria.html#primaryimage","url":"https:\/\/mhcalculos.com.br\/noticias\/wp-content\/uploads\/sites\/2\/2018\/06\/judiciario-0028.jpg","contentUrl":"https:\/\/mhcalculos.com.br\/noticias\/wp-content\/uploads\/sites\/2\/2018\/06\/judiciario-0028.jpg","width":2000,"height":800},{"@type":"BreadcrumbList","@id":"https:\/\/mhcalculos.com.br\/noticias\/area\/previdenciario\/trf3-tribunal-mantem-condenacao-de-socio-gerente-de-empresa-por-apropriacao-indebita-previdenciaria.html#breadcrumb","itemListElement":[{"@type":"ListItem","position":1,"name":"In\u00edcio","item":"https:\/\/mhcalculos.com.br\/noticias\/"},{"@type":"ListItem","position":2,"name":"TRF3: TRIBUNAL&nbsp;MANT\u00c9M CONDENA\u00c7\u00c3O DE\u00a0S\u00d3CIO-GERENTE\u00a0DE EMPRESA POR APROPRIA\u00c7\u00c3O IND\u00c9BITA PREVIDENCI\u00c1RIA\u00a0"}]},{"@type":"WebSite","@id":"https:\/\/mhcalculos.com.br\/noticias\/#website","url":"https:\/\/mhcalculos.com.br\/noticias\/","name":"Portal de Not\u00edcias","description":"Not\u00edcias e Jurisprud\u00eancia","potentialAction":[{"@type":"SearchAction","target":{"@type":"EntryPoint","urlTemplate":"https:\/\/mhcalculos.com.br\/noticias\/?s={search_term_string}"},"query-input":{"@type":"PropertyValueSpecification","valueRequired":true,"valueName":"search_term_string"}}],"inLanguage":"pt-BR"},{"@type":"Person","@id":"https:\/\/mhcalculos.com.br\/noticias\/#\/schema\/person\/88d1c34bf72dc779ea14a5a6b8e0ae8d","name":"Equipe MH","image":{"@type":"ImageObject","inLanguage":"pt-BR","@id":"https:\/\/secure.gravatar.com\/avatar\/de1c686c2ecc9c5a3f327e3431d819eb39f8f05d4e1045f5a1caad6daaba987f?s=96&d=mm&r=g","url":"https:\/\/secure.gravatar.com\/avatar\/de1c686c2ecc9c5a3f327e3431d819eb39f8f05d4e1045f5a1caad6daaba987f?s=96&d=mm&r=g","contentUrl":"https:\/\/secure.gravatar.com\/avatar\/de1c686c2ecc9c5a3f327e3431d819eb39f8f05d4e1045f5a1caad6daaba987f?s=96&d=mm&r=g","caption":"Equipe MH"}}]}},"_links":{"self":[{"href":"https:\/\/mhcalculos.com.br\/noticias\/wp-json\/wp\/v2\/posts\/7987","targetHints":{"allow":["GET"]}}],"collection":[{"href":"https:\/\/mhcalculos.com.br\/noticias\/wp-json\/wp\/v2\/posts"}],"about":[{"href":"https:\/\/mhcalculos.com.br\/noticias\/wp-json\/wp\/v2\/types\/post"}],"author":[{"embeddable":true,"href":"https:\/\/mhcalculos.com.br\/noticias\/wp-json\/wp\/v2\/users\/3063"}],"replies":[{"embeddable":true,"href":"https:\/\/mhcalculos.com.br\/noticias\/wp-json\/wp\/v2\/comments?post=7987"}],"version-history":[{"count":1,"href":"https:\/\/mhcalculos.com.br\/noticias\/wp-json\/wp\/v2\/posts\/7987\/revisions"}],"predecessor-version":[{"id":8466,"href":"https:\/\/mhcalculos.com.br\/noticias\/wp-json\/wp\/v2\/posts\/7987\/revisions\/8466"}],"wp:featuredmedia":[{"embeddable":true,"href":"https:\/\/mhcalculos.com.br\/noticias\/wp-json\/wp\/v2\/media\/2365"}],"wp:attachment":[{"href":"https:\/\/mhcalculos.com.br\/noticias\/wp-json\/wp\/v2\/media?parent=7987"}],"wp:term":[{"taxonomy":"category","embeddable":true,"href":"https:\/\/mhcalculos.com.br\/noticias\/wp-json\/wp\/v2\/categories?post=7987"},{"taxonomy":"post_tag","embeddable":true,"href":"https:\/\/mhcalculos.com.br\/noticias\/wp-json\/wp\/v2\/tags?post=7987"}],"curies":[{"name":"wp","href":"https:\/\/api.w.org\/{rel}","templated":true}]}}