{"id":7980,"date":"2021-03-12T21:05:15","date_gmt":"2021-03-13T00:05:15","guid":{"rendered":"https:\/\/mhcalculos.com.br\/noticias\/area\/previdenciario\/trf4-negada-indenizacao-por-danos-morais-em-caso-de-erro-de-cadastro-do-inss-que-atrasou-a-concessao-de-aposentadoria-11-03-2021.html"},"modified":"2021-07-28T14:27:59","modified_gmt":"2021-07-28T17:27:59","slug":"trf4-negada-indenizacao-por-danos-morais-em-caso-de-erro-de-cadastro-do-inss-que-atrasou-a-concessao-de-aposentadoria-11-03-2021","status":"publish","type":"post","link":"https:\/\/mhcalculos.com.br\/noticias\/area\/previdenciario\/trf4-negada-indenizacao-por-danos-morais-em-caso-de-erro-de-cadastro-do-inss-que-atrasou-a-concessao-de-aposentadoria-11-03-2021.html","title":{"rendered":"TRF4: Negada indeniza\u00e7\u00e3o por danos morais em caso de erro de cadastro do INSS que atrasou a concess\u00e3o de aposentadoria (11\/03\/2021)"},"content":{"rendered":"<p><br \/>\n<\/p>\n<p>O Tribunal Regional Federal da 4\u00aa Regi\u00e3o (TRF4) negou provimento ao recurso de apela\u00e7\u00e3o de uma idosa de 62 anos, residente em Rio Grande (RS), que pleiteava a condena\u00e7\u00e3o do Instituto Nacional do Seguro Social (INSS) ao pagamento de indeniza\u00e7\u00e3o por danos morais por um erro da autarquia no registro de dados da segurada que resultou no indeferimento do pedido de aposentadoria por idade. A decis\u00e3o foi proferida por unanimidade pela 3\u00aa Turma da Corte que entendeu que, embora o equ\u00edvoco por parte do INSS tenha causado transtorno \u00e0 mulher, deve ser reconhecido que tal erro n\u00e3o repercute, por si s\u00f3, em abalo moral. O julgamento foi realizado em sess\u00e3o virtual na \u00faltima ter\u00e7a-feira (9\/3).<\/p>\n<p><strong>Aposentadoria<\/strong><\/p>\n<p>Em fevereiro de 2019, a segurada do INSS requereu administrativamente o benef\u00edcio de aposentadoria por idade. No entanto, devido a uma falha no cadastro que identificou a autora como indiv\u00edduo do sexo masculino, a autarquia indeferiu o pedido, visto que a aposentadoria por idade dos homens \u00e9 concedida a partir dos 65 anos.<\/p>\n<p>A autora peticionou junto \u00e0 3\u00aa Vara Federal de Rio Grande a concess\u00e3o do benef\u00edcio judicialmente. O pedido foi acolhido pelo ju\u00edzo, sendo implementada a aposentadoria imediatamente pelo INSS em setembro de 2019.<\/p>\n<p><strong>Pedido de indeniza\u00e7\u00e3o<\/strong><\/p>\n<p>Dessa forma, em outubro do mesmo ano, a idosa requereu a concess\u00e3o de indeniza\u00e7\u00e3o por danos morais pela autarquia previdenci\u00e1ria, devido \u00e0 espera do recebimento da aposentadoria gerada pelo erro de sexo no cadastro.<\/p>\n<p>Na senten\u00e7a, proferida pelo ju\u00edzo da 2\u00aa Vara Federal de Rio Grande, por\u00e9m, foi indeferido o pleito pelo magistrado de primeira inst\u00e2ncia, que considerou que a parte autora n\u00e3o produziu qualquer prova do alegado abalo moral sofrido.<\/p>\n<p><strong>Recurso<\/strong><\/p>\n<p>A autora recorreu ao TRF4 para que fosse reformada a senten\u00e7a. Na apela\u00e7\u00e3o c\u00edvel, ela argumentou que o dano moral seria presumido, n\u00e3o exigindo comprova\u00e7\u00e3o, j\u00e1 que estaria caracterizada a ofensa injusta \u00e0 dignidade da pessoa humana. A mulher ainda sustentou que a falta de pagamento do benef\u00edcio para uma pessoa idosa e de baixa renda causou transtorno e frustra\u00e7\u00e3o.<\/p>\n<p><strong>Decis\u00e3o do colegiado<\/strong><\/p>\n<p>A desembargadora federal Marga Inge Barth Tessler, relatora do caso na Corte, ressaltou que &ldquo;ainda que equivocada, eventualmente, a atua\u00e7\u00e3o do INSS, n\u00e3o h\u00e1 ilegalidade nessa conduta, que, ademais, resolve-se na esfera patrimonial, atrav\u00e9s do pagamento de todos os atrasados, com juros e corre\u00e7\u00e3o monet\u00e1ria. Conquanto o equ\u00edvoco por parte da autarquia previdenci\u00e1ria tenha causado transtorno ao demandante, tanto que necessitou ingressar em ju\u00edzo para corre\u00e7\u00e3o do erro, \u00e9 for\u00e7oso reconhecer que tal n\u00e3o repercute, por si s\u00f3, em abalo moral&rdquo;.<\/p>\n<p>A magistrada ainda complementou em seu voto que &ldquo;neste caso, o dano moral n\u00e3o \u00e9 in re ipsa, devendo ser comprovado. Meros transtornos e\/ou dissabores oriundos do indeferimento do benef\u00edcio administrativamente, bem como da necessidade de recorrer a ju\u00edzo para tutela de um direito, n\u00e3o podem ser al\u00e7ados ao patamar de dano moral, porquanto esta esp\u00e9cie de abalo requer a demonstra\u00e7\u00e3o de situa\u00e7\u00f5es concretas de fundada ang\u00fastia e sofrimento&rdquo;.<\/p>\n<p>O posicionamento da relatora foi seguido integralmente pelos demais desembargadores da 3\u00aa Turma e, portanto, ficou estabelecido o indeferimento do recurso e da indeniza\u00e7\u00e3o por danos morais.<\/p>\n<p>\u00a0<\/p>\n<p><br \/> (Ag\u00eancia Brasil)<\/p>\n<p><i>Com informa\u00e7\u00f5es da assessoria de imprensa do TRF4.<\/i><br \/>\n<br \/><a href=\"http:\/\/www2.trf4.jus.br\/trf4\/controlador.php?acao=noticia_visualizar&#038;id_noticia=15732\">Fonte<\/a><br \/>\n<br \/><\/p>\n","protected":false},"excerpt":{"rendered":"<p>O Tribunal Regional Federal da 4\u00aa Regi\u00e3o (TRF4) negou provimento ao recurso de apela\u00e7\u00e3o de uma idosa de 62 anos, residente em Rio Grande (RS), que pleiteava a condena\u00e7\u00e3o do Instituto Nacional do Seguro Social (INSS) ao pagamento de indeniza\u00e7\u00e3o por danos morais por um erro da autarquia no registro de dados da segurada que [&hellip;]<\/p>\n","protected":false},"author":3063,"featured_media":5039,"comment_status":"open","ping_status":"open","sticky":false,"template":"","format":"standard","meta":{"footnotes":""},"categories":[5,6],"tags":[11,10,8,13,9,12,17],"class_list":{"0":"post-7980","1":"post","2":"type-post","3":"status-publish","4":"format-standard","5":"has-post-thumbnail","7":"category-previdenciario","8":"category-trf4","9":"tag-aposentadoria","10":"tag-calculos-previdenciarios","11":"tag-direito-previdenciario","12":"tag-inss","13":"tag-pericia","14":"tag-perito","15":"tag-trf4"},"yoast_head":"<!-- This site is optimized with the Yoast SEO plugin v27.2 - https:\/\/yoast.com\/product\/yoast-seo-wordpress\/ -->\n<title>TRF4: Negada indeniza\u00e7\u00e3o por danos morais em caso de erro de cadastro do INSS que atrasou a concess\u00e3o de aposentadoria (11\/03\/2021) | Portal de Not\u00edcias<\/title>\n<meta name=\"robots\" content=\"index, follow, max-snippet:-1, max-image-preview:large, max-video-preview:-1\" \/>\n<link rel=\"canonical\" href=\"https:\/\/mhcalculos.com.br\/noticias\/area\/previdenciario\/trf4-negada-indenizacao-por-danos-morais-em-caso-de-erro-de-cadastro-do-inss-que-atrasou-a-concessao-de-aposentadoria-11-03-2021.html\" \/>\n<meta property=\"og:locale\" content=\"pt_BR\" \/>\n<meta property=\"og:type\" content=\"article\" \/>\n<meta property=\"og:title\" content=\"TRF4: Negada indeniza\u00e7\u00e3o por danos morais em caso de erro de cadastro do INSS que atrasou a concess\u00e3o de aposentadoria (11\/03\/2021) | Portal de Not\u00edcias\" \/>\n<meta property=\"og:description\" content=\"O Tribunal Regional Federal da 4\u00aa Regi\u00e3o (TRF4) negou provimento ao recurso de apela\u00e7\u00e3o de uma idosa de 62 anos, residente em Rio Grande (RS), que pleiteava a condena\u00e7\u00e3o do Instituto Nacional do Seguro Social (INSS) ao pagamento de indeniza\u00e7\u00e3o por danos morais por um erro da autarquia no registro de dados da segurada que [&hellip;]\" \/>\n<meta property=\"og:url\" content=\"https:\/\/mhcalculos.com.br\/noticias\/area\/previdenciario\/trf4-negada-indenizacao-por-danos-morais-em-caso-de-erro-de-cadastro-do-inss-que-atrasou-a-concessao-de-aposentadoria-11-03-2021.html\" \/>\n<meta property=\"og:site_name\" content=\"Portal de Not\u00edcias\" \/>\n<meta property=\"article:published_time\" content=\"2021-03-13T00:05:15+00:00\" \/>\n<meta property=\"article:modified_time\" content=\"2021-07-28T17:27:59+00:00\" \/>\n<meta property=\"og:image\" content=\"https:\/\/mhcalculos.com.br\/noticias\/wp-content\/uploads\/sites\/2\/2019\/07\/previdenciario-0042.jpg\" \/>\n\t<meta property=\"og:image:width\" content=\"2000\" \/>\n\t<meta property=\"og:image:height\" content=\"800\" \/>\n\t<meta property=\"og:image:type\" content=\"image\/jpeg\" \/>\n<meta name=\"author\" content=\"Equipe MH\" \/>\n<meta name=\"twitter:card\" content=\"summary_large_image\" \/>\n<meta name=\"twitter:label1\" content=\"Escrito por\" \/>\n\t<meta name=\"twitter:data1\" content=\"Equipe MH\" \/>\n\t<meta name=\"twitter:label2\" content=\"Est. tempo de leitura\" \/>\n\t<meta name=\"twitter:data2\" content=\"3 minutos\" \/>\n<script type=\"application\/ld+json\" class=\"yoast-schema-graph\">{\"@context\":\"https:\/\/schema.org\",\"@graph\":[{\"@type\":\"Article\",\"@id\":\"https:\/\/mhcalculos.com.br\/noticias\/area\/previdenciario\/trf4-negada-indenizacao-por-danos-morais-em-caso-de-erro-de-cadastro-do-inss-que-atrasou-a-concessao-de-aposentadoria-11-03-2021.html#article\",\"isPartOf\":{\"@id\":\"https:\/\/mhcalculos.com.br\/noticias\/area\/previdenciario\/trf4-negada-indenizacao-por-danos-morais-em-caso-de-erro-de-cadastro-do-inss-que-atrasou-a-concessao-de-aposentadoria-11-03-2021.html\"},\"author\":{\"name\":\"Equipe MH\",\"@id\":\"https:\/\/mhcalculos.com.br\/noticias\/#\/schema\/person\/88d1c34bf72dc779ea14a5a6b8e0ae8d\"},\"headline\":\"TRF4: Negada indeniza\u00e7\u00e3o por danos morais em caso de erro de cadastro do INSS que atrasou a concess\u00e3o de aposentadoria (11\/03\/2021)\",\"datePublished\":\"2021-03-13T00:05:15+00:00\",\"dateModified\":\"2021-07-28T17:27:59+00:00\",\"mainEntityOfPage\":{\"@id\":\"https:\/\/mhcalculos.com.br\/noticias\/area\/previdenciario\/trf4-negada-indenizacao-por-danos-morais-em-caso-de-erro-de-cadastro-do-inss-que-atrasou-a-concessao-de-aposentadoria-11-03-2021.html\"},\"wordCount\":594,\"commentCount\":0,\"image\":{\"@id\":\"https:\/\/mhcalculos.com.br\/noticias\/area\/previdenciario\/trf4-negada-indenizacao-por-danos-morais-em-caso-de-erro-de-cadastro-do-inss-que-atrasou-a-concessao-de-aposentadoria-11-03-2021.html#primaryimage\"},\"thumbnailUrl\":\"https:\/\/mhcalculos.com.br\/noticias\/wp-content\/uploads\/sites\/2\/2019\/07\/previdenciario-0042.jpg\",\"keywords\":[\"aposentadoria\",\"c\u00e1lculos previdenci\u00e1rios\",\"direito previdenci\u00e1rio\",\"inss\",\"per\u00edcia\",\"perito\",\"trf4\"],\"articleSection\":[\"Direito Previdenci\u00e1rio\",\"TRF4\"],\"inLanguage\":\"pt-BR\",\"potentialAction\":[{\"@type\":\"CommentAction\",\"name\":\"Comment\",\"target\":[\"https:\/\/mhcalculos.com.br\/noticias\/area\/previdenciario\/trf4-negada-indenizacao-por-danos-morais-em-caso-de-erro-de-cadastro-do-inss-que-atrasou-a-concessao-de-aposentadoria-11-03-2021.html#respond\"]}]},{\"@type\":\"WebPage\",\"@id\":\"https:\/\/mhcalculos.com.br\/noticias\/area\/previdenciario\/trf4-negada-indenizacao-por-danos-morais-em-caso-de-erro-de-cadastro-do-inss-que-atrasou-a-concessao-de-aposentadoria-11-03-2021.html\",\"url\":\"https:\/\/mhcalculos.com.br\/noticias\/area\/previdenciario\/trf4-negada-indenizacao-por-danos-morais-em-caso-de-erro-de-cadastro-do-inss-que-atrasou-a-concessao-de-aposentadoria-11-03-2021.html\",\"name\":\"TRF4: Negada indeniza\u00e7\u00e3o por danos morais em caso de erro de cadastro do INSS que atrasou a concess\u00e3o de aposentadoria (11\/03\/2021) | Portal de Not\u00edcias\",\"isPartOf\":{\"@id\":\"https:\/\/mhcalculos.com.br\/noticias\/#website\"},\"primaryImageOfPage\":{\"@id\":\"https:\/\/mhcalculos.com.br\/noticias\/area\/previdenciario\/trf4-negada-indenizacao-por-danos-morais-em-caso-de-erro-de-cadastro-do-inss-que-atrasou-a-concessao-de-aposentadoria-11-03-2021.html#primaryimage\"},\"image\":{\"@id\":\"https:\/\/mhcalculos.com.br\/noticias\/area\/previdenciario\/trf4-negada-indenizacao-por-danos-morais-em-caso-de-erro-de-cadastro-do-inss-que-atrasou-a-concessao-de-aposentadoria-11-03-2021.html#primaryimage\"},\"thumbnailUrl\":\"https:\/\/mhcalculos.com.br\/noticias\/wp-content\/uploads\/sites\/2\/2019\/07\/previdenciario-0042.jpg\",\"datePublished\":\"2021-03-13T00:05:15+00:00\",\"dateModified\":\"2021-07-28T17:27:59+00:00\",\"author\":{\"@id\":\"https:\/\/mhcalculos.com.br\/noticias\/#\/schema\/person\/88d1c34bf72dc779ea14a5a6b8e0ae8d\"},\"breadcrumb\":{\"@id\":\"https:\/\/mhcalculos.com.br\/noticias\/area\/previdenciario\/trf4-negada-indenizacao-por-danos-morais-em-caso-de-erro-de-cadastro-do-inss-que-atrasou-a-concessao-de-aposentadoria-11-03-2021.html#breadcrumb\"},\"inLanguage\":\"pt-BR\",\"potentialAction\":[{\"@type\":\"ReadAction\",\"target\":[\"https:\/\/mhcalculos.com.br\/noticias\/area\/previdenciario\/trf4-negada-indenizacao-por-danos-morais-em-caso-de-erro-de-cadastro-do-inss-que-atrasou-a-concessao-de-aposentadoria-11-03-2021.html\"]}]},{\"@type\":\"ImageObject\",\"inLanguage\":\"pt-BR\",\"@id\":\"https:\/\/mhcalculos.com.br\/noticias\/area\/previdenciario\/trf4-negada-indenizacao-por-danos-morais-em-caso-de-erro-de-cadastro-do-inss-que-atrasou-a-concessao-de-aposentadoria-11-03-2021.html#primaryimage\",\"url\":\"https:\/\/mhcalculos.com.br\/noticias\/wp-content\/uploads\/sites\/2\/2019\/07\/previdenciario-0042.jpg\",\"contentUrl\":\"https:\/\/mhcalculos.com.br\/noticias\/wp-content\/uploads\/sites\/2\/2019\/07\/previdenciario-0042.jpg\",\"width\":2000,\"height\":800},{\"@type\":\"BreadcrumbList\",\"@id\":\"https:\/\/mhcalculos.com.br\/noticias\/area\/previdenciario\/trf4-negada-indenizacao-por-danos-morais-em-caso-de-erro-de-cadastro-do-inss-que-atrasou-a-concessao-de-aposentadoria-11-03-2021.html#breadcrumb\",\"itemListElement\":[{\"@type\":\"ListItem\",\"position\":1,\"name\":\"In\u00edcio\",\"item\":\"https:\/\/mhcalculos.com.br\/noticias\/\"},{\"@type\":\"ListItem\",\"position\":2,\"name\":\"TRF4: Negada indeniza\u00e7\u00e3o por danos morais em caso de erro de cadastro do INSS que atrasou a concess\u00e3o de aposentadoria (11\/03\/2021)\"}]},{\"@type\":\"WebSite\",\"@id\":\"https:\/\/mhcalculos.com.br\/noticias\/#website\",\"url\":\"https:\/\/mhcalculos.com.br\/noticias\/\",\"name\":\"Portal de Not\u00edcias\",\"description\":\"Not\u00edcias e Jurisprud\u00eancia\",\"potentialAction\":[{\"@type\":\"SearchAction\",\"target\":{\"@type\":\"EntryPoint\",\"urlTemplate\":\"https:\/\/mhcalculos.com.br\/noticias\/?s={search_term_string}\"},\"query-input\":{\"@type\":\"PropertyValueSpecification\",\"valueRequired\":true,\"valueName\":\"search_term_string\"}}],\"inLanguage\":\"pt-BR\"},{\"@type\":\"Person\",\"@id\":\"https:\/\/mhcalculos.com.br\/noticias\/#\/schema\/person\/88d1c34bf72dc779ea14a5a6b8e0ae8d\",\"name\":\"Equipe MH\",\"image\":{\"@type\":\"ImageObject\",\"inLanguage\":\"pt-BR\",\"@id\":\"https:\/\/secure.gravatar.com\/avatar\/de1c686c2ecc9c5a3f327e3431d819eb39f8f05d4e1045f5a1caad6daaba987f?s=96&d=mm&r=g\",\"url\":\"https:\/\/secure.gravatar.com\/avatar\/de1c686c2ecc9c5a3f327e3431d819eb39f8f05d4e1045f5a1caad6daaba987f?s=96&d=mm&r=g\",\"contentUrl\":\"https:\/\/secure.gravatar.com\/avatar\/de1c686c2ecc9c5a3f327e3431d819eb39f8f05d4e1045f5a1caad6daaba987f?s=96&d=mm&r=g\",\"caption\":\"Equipe MH\"}}]}<\/script>\n<!-- \/ Yoast SEO plugin. -->","yoast_head_json":{"title":"TRF4: Negada indeniza\u00e7\u00e3o por danos morais em caso de erro de cadastro do INSS que atrasou a concess\u00e3o de aposentadoria (11\/03\/2021) | Portal de Not\u00edcias","robots":{"index":"index","follow":"follow","max-snippet":"max-snippet:-1","max-image-preview":"max-image-preview:large","max-video-preview":"max-video-preview:-1"},"canonical":"https:\/\/mhcalculos.com.br\/noticias\/area\/previdenciario\/trf4-negada-indenizacao-por-danos-morais-em-caso-de-erro-de-cadastro-do-inss-que-atrasou-a-concessao-de-aposentadoria-11-03-2021.html","og_locale":"pt_BR","og_type":"article","og_title":"TRF4: Negada indeniza\u00e7\u00e3o por danos morais em caso de erro de cadastro do INSS que atrasou a concess\u00e3o de aposentadoria (11\/03\/2021) | Portal de Not\u00edcias","og_description":"O Tribunal Regional Federal da 4\u00aa Regi\u00e3o (TRF4) negou provimento ao recurso de apela\u00e7\u00e3o de uma idosa de 62 anos, residente em Rio Grande (RS), que pleiteava a condena\u00e7\u00e3o do Instituto Nacional do Seguro Social (INSS) ao pagamento de indeniza\u00e7\u00e3o por danos morais por um erro da autarquia no registro de dados da segurada que [&hellip;]","og_url":"https:\/\/mhcalculos.com.br\/noticias\/area\/previdenciario\/trf4-negada-indenizacao-por-danos-morais-em-caso-de-erro-de-cadastro-do-inss-que-atrasou-a-concessao-de-aposentadoria-11-03-2021.html","og_site_name":"Portal de Not\u00edcias","article_published_time":"2021-03-13T00:05:15+00:00","article_modified_time":"2021-07-28T17:27:59+00:00","og_image":[{"width":2000,"height":800,"url":"https:\/\/mhcalculos.com.br\/noticias\/wp-content\/uploads\/sites\/2\/2019\/07\/previdenciario-0042.jpg","type":"image\/jpeg"}],"author":"Equipe MH","twitter_card":"summary_large_image","twitter_misc":{"Escrito por":"Equipe MH","Est. tempo de leitura":"3 minutos"},"schema":{"@context":"https:\/\/schema.org","@graph":[{"@type":"Article","@id":"https:\/\/mhcalculos.com.br\/noticias\/area\/previdenciario\/trf4-negada-indenizacao-por-danos-morais-em-caso-de-erro-de-cadastro-do-inss-que-atrasou-a-concessao-de-aposentadoria-11-03-2021.html#article","isPartOf":{"@id":"https:\/\/mhcalculos.com.br\/noticias\/area\/previdenciario\/trf4-negada-indenizacao-por-danos-morais-em-caso-de-erro-de-cadastro-do-inss-que-atrasou-a-concessao-de-aposentadoria-11-03-2021.html"},"author":{"name":"Equipe MH","@id":"https:\/\/mhcalculos.com.br\/noticias\/#\/schema\/person\/88d1c34bf72dc779ea14a5a6b8e0ae8d"},"headline":"TRF4: Negada indeniza\u00e7\u00e3o por danos morais em caso de erro de cadastro do INSS que atrasou a concess\u00e3o de aposentadoria (11\/03\/2021)","datePublished":"2021-03-13T00:05:15+00:00","dateModified":"2021-07-28T17:27:59+00:00","mainEntityOfPage":{"@id":"https:\/\/mhcalculos.com.br\/noticias\/area\/previdenciario\/trf4-negada-indenizacao-por-danos-morais-em-caso-de-erro-de-cadastro-do-inss-que-atrasou-a-concessao-de-aposentadoria-11-03-2021.html"},"wordCount":594,"commentCount":0,"image":{"@id":"https:\/\/mhcalculos.com.br\/noticias\/area\/previdenciario\/trf4-negada-indenizacao-por-danos-morais-em-caso-de-erro-de-cadastro-do-inss-que-atrasou-a-concessao-de-aposentadoria-11-03-2021.html#primaryimage"},"thumbnailUrl":"https:\/\/mhcalculos.com.br\/noticias\/wp-content\/uploads\/sites\/2\/2019\/07\/previdenciario-0042.jpg","keywords":["aposentadoria","c\u00e1lculos previdenci\u00e1rios","direito previdenci\u00e1rio","inss","per\u00edcia","perito","trf4"],"articleSection":["Direito Previdenci\u00e1rio","TRF4"],"inLanguage":"pt-BR","potentialAction":[{"@type":"CommentAction","name":"Comment","target":["https:\/\/mhcalculos.com.br\/noticias\/area\/previdenciario\/trf4-negada-indenizacao-por-danos-morais-em-caso-de-erro-de-cadastro-do-inss-que-atrasou-a-concessao-de-aposentadoria-11-03-2021.html#respond"]}]},{"@type":"WebPage","@id":"https:\/\/mhcalculos.com.br\/noticias\/area\/previdenciario\/trf4-negada-indenizacao-por-danos-morais-em-caso-de-erro-de-cadastro-do-inss-que-atrasou-a-concessao-de-aposentadoria-11-03-2021.html","url":"https:\/\/mhcalculos.com.br\/noticias\/area\/previdenciario\/trf4-negada-indenizacao-por-danos-morais-em-caso-de-erro-de-cadastro-do-inss-que-atrasou-a-concessao-de-aposentadoria-11-03-2021.html","name":"TRF4: Negada indeniza\u00e7\u00e3o por danos morais em caso de erro de cadastro do INSS que atrasou a concess\u00e3o de aposentadoria (11\/03\/2021) | Portal de Not\u00edcias","isPartOf":{"@id":"https:\/\/mhcalculos.com.br\/noticias\/#website"},"primaryImageOfPage":{"@id":"https:\/\/mhcalculos.com.br\/noticias\/area\/previdenciario\/trf4-negada-indenizacao-por-danos-morais-em-caso-de-erro-de-cadastro-do-inss-que-atrasou-a-concessao-de-aposentadoria-11-03-2021.html#primaryimage"},"image":{"@id":"https:\/\/mhcalculos.com.br\/noticias\/area\/previdenciario\/trf4-negada-indenizacao-por-danos-morais-em-caso-de-erro-de-cadastro-do-inss-que-atrasou-a-concessao-de-aposentadoria-11-03-2021.html#primaryimage"},"thumbnailUrl":"https:\/\/mhcalculos.com.br\/noticias\/wp-content\/uploads\/sites\/2\/2019\/07\/previdenciario-0042.jpg","datePublished":"2021-03-13T00:05:15+00:00","dateModified":"2021-07-28T17:27:59+00:00","author":{"@id":"https:\/\/mhcalculos.com.br\/noticias\/#\/schema\/person\/88d1c34bf72dc779ea14a5a6b8e0ae8d"},"breadcrumb":{"@id":"https:\/\/mhcalculos.com.br\/noticias\/area\/previdenciario\/trf4-negada-indenizacao-por-danos-morais-em-caso-de-erro-de-cadastro-do-inss-que-atrasou-a-concessao-de-aposentadoria-11-03-2021.html#breadcrumb"},"inLanguage":"pt-BR","potentialAction":[{"@type":"ReadAction","target":["https:\/\/mhcalculos.com.br\/noticias\/area\/previdenciario\/trf4-negada-indenizacao-por-danos-morais-em-caso-de-erro-de-cadastro-do-inss-que-atrasou-a-concessao-de-aposentadoria-11-03-2021.html"]}]},{"@type":"ImageObject","inLanguage":"pt-BR","@id":"https:\/\/mhcalculos.com.br\/noticias\/area\/previdenciario\/trf4-negada-indenizacao-por-danos-morais-em-caso-de-erro-de-cadastro-do-inss-que-atrasou-a-concessao-de-aposentadoria-11-03-2021.html#primaryimage","url":"https:\/\/mhcalculos.com.br\/noticias\/wp-content\/uploads\/sites\/2\/2019\/07\/previdenciario-0042.jpg","contentUrl":"https:\/\/mhcalculos.com.br\/noticias\/wp-content\/uploads\/sites\/2\/2019\/07\/previdenciario-0042.jpg","width":2000,"height":800},{"@type":"BreadcrumbList","@id":"https:\/\/mhcalculos.com.br\/noticias\/area\/previdenciario\/trf4-negada-indenizacao-por-danos-morais-em-caso-de-erro-de-cadastro-do-inss-que-atrasou-a-concessao-de-aposentadoria-11-03-2021.html#breadcrumb","itemListElement":[{"@type":"ListItem","position":1,"name":"In\u00edcio","item":"https:\/\/mhcalculos.com.br\/noticias\/"},{"@type":"ListItem","position":2,"name":"TRF4: Negada indeniza\u00e7\u00e3o por danos morais em caso de erro de cadastro do INSS que atrasou a concess\u00e3o de aposentadoria (11\/03\/2021)"}]},{"@type":"WebSite","@id":"https:\/\/mhcalculos.com.br\/noticias\/#website","url":"https:\/\/mhcalculos.com.br\/noticias\/","name":"Portal de Not\u00edcias","description":"Not\u00edcias e Jurisprud\u00eancia","potentialAction":[{"@type":"SearchAction","target":{"@type":"EntryPoint","urlTemplate":"https:\/\/mhcalculos.com.br\/noticias\/?s={search_term_string}"},"query-input":{"@type":"PropertyValueSpecification","valueRequired":true,"valueName":"search_term_string"}}],"inLanguage":"pt-BR"},{"@type":"Person","@id":"https:\/\/mhcalculos.com.br\/noticias\/#\/schema\/person\/88d1c34bf72dc779ea14a5a6b8e0ae8d","name":"Equipe MH","image":{"@type":"ImageObject","inLanguage":"pt-BR","@id":"https:\/\/secure.gravatar.com\/avatar\/de1c686c2ecc9c5a3f327e3431d819eb39f8f05d4e1045f5a1caad6daaba987f?s=96&d=mm&r=g","url":"https:\/\/secure.gravatar.com\/avatar\/de1c686c2ecc9c5a3f327e3431d819eb39f8f05d4e1045f5a1caad6daaba987f?s=96&d=mm&r=g","contentUrl":"https:\/\/secure.gravatar.com\/avatar\/de1c686c2ecc9c5a3f327e3431d819eb39f8f05d4e1045f5a1caad6daaba987f?s=96&d=mm&r=g","caption":"Equipe MH"}}]}},"_links":{"self":[{"href":"https:\/\/mhcalculos.com.br\/noticias\/wp-json\/wp\/v2\/posts\/7980","targetHints":{"allow":["GET"]}}],"collection":[{"href":"https:\/\/mhcalculos.com.br\/noticias\/wp-json\/wp\/v2\/posts"}],"about":[{"href":"https:\/\/mhcalculos.com.br\/noticias\/wp-json\/wp\/v2\/types\/post"}],"author":[{"embeddable":true,"href":"https:\/\/mhcalculos.com.br\/noticias\/wp-json\/wp\/v2\/users\/3063"}],"replies":[{"embeddable":true,"href":"https:\/\/mhcalculos.com.br\/noticias\/wp-json\/wp\/v2\/comments?post=7980"}],"version-history":[{"count":1,"href":"https:\/\/mhcalculos.com.br\/noticias\/wp-json\/wp\/v2\/posts\/7980\/revisions"}],"predecessor-version":[{"id":8469,"href":"https:\/\/mhcalculos.com.br\/noticias\/wp-json\/wp\/v2\/posts\/7980\/revisions\/8469"}],"wp:featuredmedia":[{"embeddable":true,"href":"https:\/\/mhcalculos.com.br\/noticias\/wp-json\/wp\/v2\/media\/5039"}],"wp:attachment":[{"href":"https:\/\/mhcalculos.com.br\/noticias\/wp-json\/wp\/v2\/media?parent=7980"}],"wp:term":[{"taxonomy":"category","embeddable":true,"href":"https:\/\/mhcalculos.com.br\/noticias\/wp-json\/wp\/v2\/categories?post=7980"},{"taxonomy":"post_tag","embeddable":true,"href":"https:\/\/mhcalculos.com.br\/noticias\/wp-json\/wp\/v2\/tags?post=7980"}],"curies":[{"name":"wp","href":"https:\/\/api.w.org\/{rel}","templated":true}]}}