{"id":7920,"date":"2021-02-20T21:05:12","date_gmt":"2021-02-21T00:05:12","guid":{"rendered":"https:\/\/mhcalculos.com.br\/noticias\/area\/previdenciario\/stf-fux-afasta-decisao-que-suspendeu-efeitos-da-reforma-da-previdencia-de-sao-jose-dos-campos-sp.html"},"modified":"2021-07-28T14:28:06","modified_gmt":"2021-07-28T17:28:06","slug":"stf-fux-afasta-decisao-que-suspendeu-efeitos-da-reforma-da-previdencia-de-sao-jose-dos-campos-sp","status":"publish","type":"post","link":"https:\/\/mhcalculos.com.br\/noticias\/area\/previdenciario\/stf-fux-afasta-decisao-que-suspendeu-efeitos-da-reforma-da-previdencia-de-sao-jose-dos-campos-sp.html","title":{"rendered":"STF: Fux afasta decis\u00e3o que suspendeu efeitos da reforma da previd\u00eancia de S\u00e3o Jos\u00e9 dos Campos (SP)"},"content":{"rendered":"<p><br \/>\n<\/p>\n<p>O presidente do Supremo Tribunal Federal (STF), ministro Luiz Fux, concedeu medida liminar para suspender os efeitos de decis\u00e3o do Tribunal de Justi\u00e7a de S\u00e3o Paulo (TJ-SP) contra norma que instituiu a reforma previdenci\u00e1ria dos servidores p\u00fablicos de S\u00e3o Jos\u00e9 dos Campos (SP). A decis\u00e3o foi proferida na Suspens\u00e3o de Liminar (SL) 1426, em que o munic\u00edpio alegava haver potencial de grave les\u00e3o \u00e0 ordem e \u00e0 economia p\u00fablicas, j\u00e1 afetadas pelas medidas de combate \u00e0 Covid-19.<\/p>\n<p>A norma questionada (artigo 7&ordm; da Lei Complementar municipal  628\/2020) estabeleceu al\u00edquotas de 14% para servidores ativos e inativos e determinou a incid\u00eancia da contribui\u00e7\u00e3o de aposentados e pensionistas sobre o valor dos proventos e pens\u00f5es que exceda o valor do sal\u00e1rio m\u00ednimo. Segundo o munic\u00edpio, a lei se baseou na reforma da Previd\u00eancia federal, institu\u00edda pela Emenda Constitucional (EC) 103\/2019.<\/p>\n<p><b>Legisla\u00e7\u00e3o estadual<\/b><\/p>\n<p>O TJ-SP havia acolhido a argumenta\u00e7\u00e3o do Sindicato dos Trabalhadores do Servi\u00e7o P\u00fablico Municipal de S\u00e3o Jos\u00e9 dos Campos, em a\u00e7\u00e3o direta de inconstitucionalidade ajuizada na corte estadual, de que a reforma municipal estaria em desacordo com a Constitui\u00e7\u00e3o do Estado de S\u00e3o Paulo. Dessa forma, determinou a suspens\u00e3o cautelar da norma que elevou as al\u00edquotas.<\/p>\n<p>Por\u00e9m, segundo o ministro, mesmo destoando da legisla\u00e7\u00e3o estadual, a lei municipal encontra fundamento no artigo 149 Constitui\u00e7\u00e3o Federal, inclu\u00eddo pela EC 103\/2019, que prev\u00ea que, &ldquo;quando houver d\u00e9ficit atuarial, a contribui\u00e7\u00e3o ordin\u00e1ria dos aposentados e pensionistas poder\u00e1 incidir sobre o valor dos proventos de aposentadoria e de pens\u00f5es que supere o valor do sal\u00e1rio-m\u00ednimo&rdquo;.<\/p>\n<p>No exame preliminar do caso, Fux verificou que a suspens\u00e3o deve ser concedida, &ldquo;sob pena de abalo \u00e0 seguran\u00e7a jur\u00eddica e de imediato e elevado impacto financeiro, caracterizadores de les\u00e3o grave \u00e0 ordem e \u00e0 economia p\u00fablicas&rdquo;.<\/p>\n<p>Leia a <a href=\"http:\/\/portal.stf.jus.br\/processos\/downloadPeca.asp?id=15345665077&amp;ext=.pdf\" target=\"_blank\" rel=\"noopener noreferrer\">\u00edntegra da decis\u00e3o<\/a>.<\/p>\n<p><span style=\"font-size: smaller\">GT\/AS\/\/CF<\/span><\/p>\n<p><i>Com informa\u00e7\u00f5es da assessoria de imprensa do STF.<\/i><br \/>\n<br \/><br \/>\n<br \/><a href=\"http:\/\/www.stf.jus.br\/portal\/cms\/verNoticiaDetalhe.asp?idConteudo=460683\">Fonte<\/a><\/p>\n","protected":false},"excerpt":{"rendered":"<p>O presidente do Supremo Tribunal Federal (STF), ministro Luiz Fux, concedeu medida liminar para suspender os efeitos de decis\u00e3o do Tribunal de Justi\u00e7a de S\u00e3o Paulo (TJ-SP) contra norma que instituiu a reforma previdenci\u00e1ria dos servidores p\u00fablicos de S\u00e3o Jos\u00e9 dos Campos (SP). A decis\u00e3o foi proferida na Suspens\u00e3o de Liminar (SL) 1426, em que [&hellip;]<\/p>\n","protected":false},"author":3063,"featured_media":2775,"comment_status":"open","ping_status":"open","sticky":false,"template":"","format":"standard","meta":{"footnotes":""},"categories":[5,15],"tags":[11,10,8,13,9,12,16],"class_list":{"0":"post-7920","1":"post","2":"type-post","3":"status-publish","4":"format-standard","5":"has-post-thumbnail","7":"category-previdenciario","8":"category-stf","9":"tag-aposentadoria","10":"tag-calculos-previdenciarios","11":"tag-direito-previdenciario","12":"tag-inss","13":"tag-pericia","14":"tag-perito","15":"tag-stf"},"yoast_head":"<!-- This site is optimized with the Yoast SEO plugin v27.2 - https:\/\/yoast.com\/product\/yoast-seo-wordpress\/ -->\n<title>STF: Fux afasta decis\u00e3o que suspendeu efeitos da reforma da previd\u00eancia de S\u00e3o Jos\u00e9 dos Campos (SP) | Portal de Not\u00edcias<\/title>\n<meta name=\"robots\" content=\"index, follow, max-snippet:-1, max-image-preview:large, max-video-preview:-1\" \/>\n<link rel=\"canonical\" href=\"https:\/\/mhcalculos.com.br\/noticias\/area\/previdenciario\/stf-fux-afasta-decisao-que-suspendeu-efeitos-da-reforma-da-previdencia-de-sao-jose-dos-campos-sp.html\" \/>\n<meta property=\"og:locale\" content=\"pt_BR\" \/>\n<meta property=\"og:type\" content=\"article\" \/>\n<meta property=\"og:title\" content=\"STF: Fux afasta decis\u00e3o que suspendeu efeitos da reforma da previd\u00eancia de S\u00e3o Jos\u00e9 dos Campos (SP) | Portal de Not\u00edcias\" \/>\n<meta property=\"og:description\" content=\"O presidente do Supremo Tribunal Federal (STF), ministro Luiz Fux, concedeu medida liminar para suspender os efeitos de decis\u00e3o do Tribunal de Justi\u00e7a de S\u00e3o Paulo (TJ-SP) contra norma que instituiu a reforma previdenci\u00e1ria dos servidores p\u00fablicos de S\u00e3o Jos\u00e9 dos Campos (SP). A decis\u00e3o foi proferida na Suspens\u00e3o de Liminar (SL) 1426, em que [&hellip;]\" \/>\n<meta property=\"og:url\" content=\"https:\/\/mhcalculos.com.br\/noticias\/area\/previdenciario\/stf-fux-afasta-decisao-que-suspendeu-efeitos-da-reforma-da-previdencia-de-sao-jose-dos-campos-sp.html\" \/>\n<meta property=\"og:site_name\" content=\"Portal de Not\u00edcias\" \/>\n<meta property=\"article:published_time\" content=\"2021-02-21T00:05:12+00:00\" \/>\n<meta property=\"article:modified_time\" content=\"2021-07-28T17:28:06+00:00\" \/>\n<meta property=\"og:image\" content=\"https:\/\/mhcalculos.com.br\/noticias\/wp-content\/uploads\/sites\/2\/2018\/08\/previdenciario-0022.jpg\" \/>\n\t<meta property=\"og:image:width\" content=\"2000\" \/>\n\t<meta property=\"og:image:height\" content=\"800\" \/>\n\t<meta property=\"og:image:type\" content=\"image\/jpeg\" \/>\n<meta name=\"author\" content=\"Equipe MH\" \/>\n<meta name=\"twitter:card\" content=\"summary_large_image\" \/>\n<meta name=\"twitter:label1\" content=\"Escrito por\" \/>\n\t<meta name=\"twitter:data1\" content=\"Equipe MH\" \/>\n\t<meta name=\"twitter:label2\" content=\"Est. tempo de leitura\" \/>\n\t<meta name=\"twitter:data2\" content=\"2 minutos\" \/>\n<script type=\"application\/ld+json\" class=\"yoast-schema-graph\">{\"@context\":\"https:\/\/schema.org\",\"@graph\":[{\"@type\":\"Article\",\"@id\":\"https:\/\/mhcalculos.com.br\/noticias\/area\/previdenciario\/stf-fux-afasta-decisao-que-suspendeu-efeitos-da-reforma-da-previdencia-de-sao-jose-dos-campos-sp.html#article\",\"isPartOf\":{\"@id\":\"https:\/\/mhcalculos.com.br\/noticias\/area\/previdenciario\/stf-fux-afasta-decisao-que-suspendeu-efeitos-da-reforma-da-previdencia-de-sao-jose-dos-campos-sp.html\"},\"author\":{\"name\":\"Equipe MH\",\"@id\":\"https:\/\/mhcalculos.com.br\/noticias\/#\/schema\/person\/88d1c34bf72dc779ea14a5a6b8e0ae8d\"},\"headline\":\"STF: Fux afasta decis\u00e3o que suspendeu efeitos da reforma da previd\u00eancia de S\u00e3o Jos\u00e9 dos Campos (SP)\",\"datePublished\":\"2021-02-21T00:05:12+00:00\",\"dateModified\":\"2021-07-28T17:28:06+00:00\",\"mainEntityOfPage\":{\"@id\":\"https:\/\/mhcalculos.com.br\/noticias\/area\/previdenciario\/stf-fux-afasta-decisao-que-suspendeu-efeitos-da-reforma-da-previdencia-de-sao-jose-dos-campos-sp.html\"},\"wordCount\":366,\"commentCount\":0,\"image\":{\"@id\":\"https:\/\/mhcalculos.com.br\/noticias\/area\/previdenciario\/stf-fux-afasta-decisao-que-suspendeu-efeitos-da-reforma-da-previdencia-de-sao-jose-dos-campos-sp.html#primaryimage\"},\"thumbnailUrl\":\"https:\/\/mhcalculos.com.br\/noticias\/wp-content\/uploads\/sites\/2\/2018\/08\/previdenciario-0022.jpg\",\"keywords\":[\"aposentadoria\",\"c\u00e1lculos previdenci\u00e1rios\",\"direito previdenci\u00e1rio\",\"inss\",\"per\u00edcia\",\"perito\",\"stf\"],\"articleSection\":[\"Direito Previdenci\u00e1rio\",\"STF\"],\"inLanguage\":\"pt-BR\",\"potentialAction\":[{\"@type\":\"CommentAction\",\"name\":\"Comment\",\"target\":[\"https:\/\/mhcalculos.com.br\/noticias\/area\/previdenciario\/stf-fux-afasta-decisao-que-suspendeu-efeitos-da-reforma-da-previdencia-de-sao-jose-dos-campos-sp.html#respond\"]}]},{\"@type\":\"WebPage\",\"@id\":\"https:\/\/mhcalculos.com.br\/noticias\/area\/previdenciario\/stf-fux-afasta-decisao-que-suspendeu-efeitos-da-reforma-da-previdencia-de-sao-jose-dos-campos-sp.html\",\"url\":\"https:\/\/mhcalculos.com.br\/noticias\/area\/previdenciario\/stf-fux-afasta-decisao-que-suspendeu-efeitos-da-reforma-da-previdencia-de-sao-jose-dos-campos-sp.html\",\"name\":\"STF: Fux afasta decis\u00e3o que suspendeu efeitos da reforma da previd\u00eancia de S\u00e3o Jos\u00e9 dos Campos (SP) | Portal de Not\u00edcias\",\"isPartOf\":{\"@id\":\"https:\/\/mhcalculos.com.br\/noticias\/#website\"},\"primaryImageOfPage\":{\"@id\":\"https:\/\/mhcalculos.com.br\/noticias\/area\/previdenciario\/stf-fux-afasta-decisao-que-suspendeu-efeitos-da-reforma-da-previdencia-de-sao-jose-dos-campos-sp.html#primaryimage\"},\"image\":{\"@id\":\"https:\/\/mhcalculos.com.br\/noticias\/area\/previdenciario\/stf-fux-afasta-decisao-que-suspendeu-efeitos-da-reforma-da-previdencia-de-sao-jose-dos-campos-sp.html#primaryimage\"},\"thumbnailUrl\":\"https:\/\/mhcalculos.com.br\/noticias\/wp-content\/uploads\/sites\/2\/2018\/08\/previdenciario-0022.jpg\",\"datePublished\":\"2021-02-21T00:05:12+00:00\",\"dateModified\":\"2021-07-28T17:28:06+00:00\",\"author\":{\"@id\":\"https:\/\/mhcalculos.com.br\/noticias\/#\/schema\/person\/88d1c34bf72dc779ea14a5a6b8e0ae8d\"},\"breadcrumb\":{\"@id\":\"https:\/\/mhcalculos.com.br\/noticias\/area\/previdenciario\/stf-fux-afasta-decisao-que-suspendeu-efeitos-da-reforma-da-previdencia-de-sao-jose-dos-campos-sp.html#breadcrumb\"},\"inLanguage\":\"pt-BR\",\"potentialAction\":[{\"@type\":\"ReadAction\",\"target\":[\"https:\/\/mhcalculos.com.br\/noticias\/area\/previdenciario\/stf-fux-afasta-decisao-que-suspendeu-efeitos-da-reforma-da-previdencia-de-sao-jose-dos-campos-sp.html\"]}]},{\"@type\":\"ImageObject\",\"inLanguage\":\"pt-BR\",\"@id\":\"https:\/\/mhcalculos.com.br\/noticias\/area\/previdenciario\/stf-fux-afasta-decisao-que-suspendeu-efeitos-da-reforma-da-previdencia-de-sao-jose-dos-campos-sp.html#primaryimage\",\"url\":\"https:\/\/mhcalculos.com.br\/noticias\/wp-content\/uploads\/sites\/2\/2018\/08\/previdenciario-0022.jpg\",\"contentUrl\":\"https:\/\/mhcalculos.com.br\/noticias\/wp-content\/uploads\/sites\/2\/2018\/08\/previdenciario-0022.jpg\",\"width\":2000,\"height\":800,\"caption\":\"Tribunal emite novo alerta contra golpe do processo\"},{\"@type\":\"BreadcrumbList\",\"@id\":\"https:\/\/mhcalculos.com.br\/noticias\/area\/previdenciario\/stf-fux-afasta-decisao-que-suspendeu-efeitos-da-reforma-da-previdencia-de-sao-jose-dos-campos-sp.html#breadcrumb\",\"itemListElement\":[{\"@type\":\"ListItem\",\"position\":1,\"name\":\"In\u00edcio\",\"item\":\"https:\/\/mhcalculos.com.br\/noticias\/\"},{\"@type\":\"ListItem\",\"position\":2,\"name\":\"STF: Fux afasta decis\u00e3o que suspendeu efeitos da reforma da previd\u00eancia de S\u00e3o Jos\u00e9 dos Campos (SP)\"}]},{\"@type\":\"WebSite\",\"@id\":\"https:\/\/mhcalculos.com.br\/noticias\/#website\",\"url\":\"https:\/\/mhcalculos.com.br\/noticias\/\",\"name\":\"Portal de Not\u00edcias\",\"description\":\"Not\u00edcias e Jurisprud\u00eancia\",\"potentialAction\":[{\"@type\":\"SearchAction\",\"target\":{\"@type\":\"EntryPoint\",\"urlTemplate\":\"https:\/\/mhcalculos.com.br\/noticias\/?s={search_term_string}\"},\"query-input\":{\"@type\":\"PropertyValueSpecification\",\"valueRequired\":true,\"valueName\":\"search_term_string\"}}],\"inLanguage\":\"pt-BR\"},{\"@type\":\"Person\",\"@id\":\"https:\/\/mhcalculos.com.br\/noticias\/#\/schema\/person\/88d1c34bf72dc779ea14a5a6b8e0ae8d\",\"name\":\"Equipe MH\",\"image\":{\"@type\":\"ImageObject\",\"inLanguage\":\"pt-BR\",\"@id\":\"https:\/\/secure.gravatar.com\/avatar\/de1c686c2ecc9c5a3f327e3431d819eb39f8f05d4e1045f5a1caad6daaba987f?s=96&d=mm&r=g\",\"url\":\"https:\/\/secure.gravatar.com\/avatar\/de1c686c2ecc9c5a3f327e3431d819eb39f8f05d4e1045f5a1caad6daaba987f?s=96&d=mm&r=g\",\"contentUrl\":\"https:\/\/secure.gravatar.com\/avatar\/de1c686c2ecc9c5a3f327e3431d819eb39f8f05d4e1045f5a1caad6daaba987f?s=96&d=mm&r=g\",\"caption\":\"Equipe MH\"}}]}<\/script>\n<!-- \/ Yoast SEO plugin. -->","yoast_head_json":{"title":"STF: Fux afasta decis\u00e3o que suspendeu efeitos da reforma da previd\u00eancia de S\u00e3o Jos\u00e9 dos Campos (SP) | Portal de Not\u00edcias","robots":{"index":"index","follow":"follow","max-snippet":"max-snippet:-1","max-image-preview":"max-image-preview:large","max-video-preview":"max-video-preview:-1"},"canonical":"https:\/\/mhcalculos.com.br\/noticias\/area\/previdenciario\/stf-fux-afasta-decisao-que-suspendeu-efeitos-da-reforma-da-previdencia-de-sao-jose-dos-campos-sp.html","og_locale":"pt_BR","og_type":"article","og_title":"STF: Fux afasta decis\u00e3o que suspendeu efeitos da reforma da previd\u00eancia de S\u00e3o Jos\u00e9 dos Campos (SP) | Portal de Not\u00edcias","og_description":"O presidente do Supremo Tribunal Federal (STF), ministro Luiz Fux, concedeu medida liminar para suspender os efeitos de decis\u00e3o do Tribunal de Justi\u00e7a de S\u00e3o Paulo (TJ-SP) contra norma que instituiu a reforma previdenci\u00e1ria dos servidores p\u00fablicos de S\u00e3o Jos\u00e9 dos Campos (SP). A decis\u00e3o foi proferida na Suspens\u00e3o de Liminar (SL) 1426, em que [&hellip;]","og_url":"https:\/\/mhcalculos.com.br\/noticias\/area\/previdenciario\/stf-fux-afasta-decisao-que-suspendeu-efeitos-da-reforma-da-previdencia-de-sao-jose-dos-campos-sp.html","og_site_name":"Portal de Not\u00edcias","article_published_time":"2021-02-21T00:05:12+00:00","article_modified_time":"2021-07-28T17:28:06+00:00","og_image":[{"width":2000,"height":800,"url":"https:\/\/mhcalculos.com.br\/noticias\/wp-content\/uploads\/sites\/2\/2018\/08\/previdenciario-0022.jpg","type":"image\/jpeg"}],"author":"Equipe MH","twitter_card":"summary_large_image","twitter_misc":{"Escrito por":"Equipe MH","Est. tempo de leitura":"2 minutos"},"schema":{"@context":"https:\/\/schema.org","@graph":[{"@type":"Article","@id":"https:\/\/mhcalculos.com.br\/noticias\/area\/previdenciario\/stf-fux-afasta-decisao-que-suspendeu-efeitos-da-reforma-da-previdencia-de-sao-jose-dos-campos-sp.html#article","isPartOf":{"@id":"https:\/\/mhcalculos.com.br\/noticias\/area\/previdenciario\/stf-fux-afasta-decisao-que-suspendeu-efeitos-da-reforma-da-previdencia-de-sao-jose-dos-campos-sp.html"},"author":{"name":"Equipe MH","@id":"https:\/\/mhcalculos.com.br\/noticias\/#\/schema\/person\/88d1c34bf72dc779ea14a5a6b8e0ae8d"},"headline":"STF: Fux afasta decis\u00e3o que suspendeu efeitos da reforma da previd\u00eancia de S\u00e3o Jos\u00e9 dos Campos (SP)","datePublished":"2021-02-21T00:05:12+00:00","dateModified":"2021-07-28T17:28:06+00:00","mainEntityOfPage":{"@id":"https:\/\/mhcalculos.com.br\/noticias\/area\/previdenciario\/stf-fux-afasta-decisao-que-suspendeu-efeitos-da-reforma-da-previdencia-de-sao-jose-dos-campos-sp.html"},"wordCount":366,"commentCount":0,"image":{"@id":"https:\/\/mhcalculos.com.br\/noticias\/area\/previdenciario\/stf-fux-afasta-decisao-que-suspendeu-efeitos-da-reforma-da-previdencia-de-sao-jose-dos-campos-sp.html#primaryimage"},"thumbnailUrl":"https:\/\/mhcalculos.com.br\/noticias\/wp-content\/uploads\/sites\/2\/2018\/08\/previdenciario-0022.jpg","keywords":["aposentadoria","c\u00e1lculos previdenci\u00e1rios","direito previdenci\u00e1rio","inss","per\u00edcia","perito","stf"],"articleSection":["Direito Previdenci\u00e1rio","STF"],"inLanguage":"pt-BR","potentialAction":[{"@type":"CommentAction","name":"Comment","target":["https:\/\/mhcalculos.com.br\/noticias\/area\/previdenciario\/stf-fux-afasta-decisao-que-suspendeu-efeitos-da-reforma-da-previdencia-de-sao-jose-dos-campos-sp.html#respond"]}]},{"@type":"WebPage","@id":"https:\/\/mhcalculos.com.br\/noticias\/area\/previdenciario\/stf-fux-afasta-decisao-que-suspendeu-efeitos-da-reforma-da-previdencia-de-sao-jose-dos-campos-sp.html","url":"https:\/\/mhcalculos.com.br\/noticias\/area\/previdenciario\/stf-fux-afasta-decisao-que-suspendeu-efeitos-da-reforma-da-previdencia-de-sao-jose-dos-campos-sp.html","name":"STF: Fux afasta decis\u00e3o que suspendeu efeitos da reforma da previd\u00eancia de S\u00e3o Jos\u00e9 dos Campos (SP) | Portal de Not\u00edcias","isPartOf":{"@id":"https:\/\/mhcalculos.com.br\/noticias\/#website"},"primaryImageOfPage":{"@id":"https:\/\/mhcalculos.com.br\/noticias\/area\/previdenciario\/stf-fux-afasta-decisao-que-suspendeu-efeitos-da-reforma-da-previdencia-de-sao-jose-dos-campos-sp.html#primaryimage"},"image":{"@id":"https:\/\/mhcalculos.com.br\/noticias\/area\/previdenciario\/stf-fux-afasta-decisao-que-suspendeu-efeitos-da-reforma-da-previdencia-de-sao-jose-dos-campos-sp.html#primaryimage"},"thumbnailUrl":"https:\/\/mhcalculos.com.br\/noticias\/wp-content\/uploads\/sites\/2\/2018\/08\/previdenciario-0022.jpg","datePublished":"2021-02-21T00:05:12+00:00","dateModified":"2021-07-28T17:28:06+00:00","author":{"@id":"https:\/\/mhcalculos.com.br\/noticias\/#\/schema\/person\/88d1c34bf72dc779ea14a5a6b8e0ae8d"},"breadcrumb":{"@id":"https:\/\/mhcalculos.com.br\/noticias\/area\/previdenciario\/stf-fux-afasta-decisao-que-suspendeu-efeitos-da-reforma-da-previdencia-de-sao-jose-dos-campos-sp.html#breadcrumb"},"inLanguage":"pt-BR","potentialAction":[{"@type":"ReadAction","target":["https:\/\/mhcalculos.com.br\/noticias\/area\/previdenciario\/stf-fux-afasta-decisao-que-suspendeu-efeitos-da-reforma-da-previdencia-de-sao-jose-dos-campos-sp.html"]}]},{"@type":"ImageObject","inLanguage":"pt-BR","@id":"https:\/\/mhcalculos.com.br\/noticias\/area\/previdenciario\/stf-fux-afasta-decisao-que-suspendeu-efeitos-da-reforma-da-previdencia-de-sao-jose-dos-campos-sp.html#primaryimage","url":"https:\/\/mhcalculos.com.br\/noticias\/wp-content\/uploads\/sites\/2\/2018\/08\/previdenciario-0022.jpg","contentUrl":"https:\/\/mhcalculos.com.br\/noticias\/wp-content\/uploads\/sites\/2\/2018\/08\/previdenciario-0022.jpg","width":2000,"height":800,"caption":"Tribunal emite novo alerta contra golpe do processo"},{"@type":"BreadcrumbList","@id":"https:\/\/mhcalculos.com.br\/noticias\/area\/previdenciario\/stf-fux-afasta-decisao-que-suspendeu-efeitos-da-reforma-da-previdencia-de-sao-jose-dos-campos-sp.html#breadcrumb","itemListElement":[{"@type":"ListItem","position":1,"name":"In\u00edcio","item":"https:\/\/mhcalculos.com.br\/noticias\/"},{"@type":"ListItem","position":2,"name":"STF: Fux afasta decis\u00e3o que suspendeu efeitos da reforma da previd\u00eancia de S\u00e3o Jos\u00e9 dos Campos (SP)"}]},{"@type":"WebSite","@id":"https:\/\/mhcalculos.com.br\/noticias\/#website","url":"https:\/\/mhcalculos.com.br\/noticias\/","name":"Portal de Not\u00edcias","description":"Not\u00edcias e Jurisprud\u00eancia","potentialAction":[{"@type":"SearchAction","target":{"@type":"EntryPoint","urlTemplate":"https:\/\/mhcalculos.com.br\/noticias\/?s={search_term_string}"},"query-input":{"@type":"PropertyValueSpecification","valueRequired":true,"valueName":"search_term_string"}}],"inLanguage":"pt-BR"},{"@type":"Person","@id":"https:\/\/mhcalculos.com.br\/noticias\/#\/schema\/person\/88d1c34bf72dc779ea14a5a6b8e0ae8d","name":"Equipe MH","image":{"@type":"ImageObject","inLanguage":"pt-BR","@id":"https:\/\/secure.gravatar.com\/avatar\/de1c686c2ecc9c5a3f327e3431d819eb39f8f05d4e1045f5a1caad6daaba987f?s=96&d=mm&r=g","url":"https:\/\/secure.gravatar.com\/avatar\/de1c686c2ecc9c5a3f327e3431d819eb39f8f05d4e1045f5a1caad6daaba987f?s=96&d=mm&r=g","contentUrl":"https:\/\/secure.gravatar.com\/avatar\/de1c686c2ecc9c5a3f327e3431d819eb39f8f05d4e1045f5a1caad6daaba987f?s=96&d=mm&r=g","caption":"Equipe MH"}}]}},"_links":{"self":[{"href":"https:\/\/mhcalculos.com.br\/noticias\/wp-json\/wp\/v2\/posts\/7920","targetHints":{"allow":["GET"]}}],"collection":[{"href":"https:\/\/mhcalculos.com.br\/noticias\/wp-json\/wp\/v2\/posts"}],"about":[{"href":"https:\/\/mhcalculos.com.br\/noticias\/wp-json\/wp\/v2\/types\/post"}],"author":[{"embeddable":true,"href":"https:\/\/mhcalculos.com.br\/noticias\/wp-json\/wp\/v2\/users\/3063"}],"replies":[{"embeddable":true,"href":"https:\/\/mhcalculos.com.br\/noticias\/wp-json\/wp\/v2\/comments?post=7920"}],"version-history":[{"count":1,"href":"https:\/\/mhcalculos.com.br\/noticias\/wp-json\/wp\/v2\/posts\/7920\/revisions"}],"predecessor-version":[{"id":8515,"href":"https:\/\/mhcalculos.com.br\/noticias\/wp-json\/wp\/v2\/posts\/7920\/revisions\/8515"}],"wp:featuredmedia":[{"embeddable":true,"href":"https:\/\/mhcalculos.com.br\/noticias\/wp-json\/wp\/v2\/media\/2775"}],"wp:attachment":[{"href":"https:\/\/mhcalculos.com.br\/noticias\/wp-json\/wp\/v2\/media?parent=7920"}],"wp:term":[{"taxonomy":"category","embeddable":true,"href":"https:\/\/mhcalculos.com.br\/noticias\/wp-json\/wp\/v2\/categories?post=7920"},{"taxonomy":"post_tag","embeddable":true,"href":"https:\/\/mhcalculos.com.br\/noticias\/wp-json\/wp\/v2\/tags?post=7920"}],"curies":[{"name":"wp","href":"https:\/\/api.w.org\/{rel}","templated":true}]}}