{"id":7908,"date":"2021-02-19T00:05:11","date_gmt":"2021-02-19T03:05:11","guid":{"rendered":"https:\/\/mhcalculos.com.br\/noticias\/area\/previdenciario\/trf3-trf3-concede-aposentadoria-especial-a-copeira-hospitalar.html"},"modified":"2021-07-28T14:28:07","modified_gmt":"2021-07-28T17:28:07","slug":"trf3-trf3-concede-aposentadoria-especial-a-copeira-hospitalar","status":"publish","type":"post","link":"https:\/\/mhcalculos.com.br\/noticias\/area\/previdenciario\/trf3-trf3-concede-aposentadoria-especial-a-copeira-hospitalar.html","title":{"rendered":"TRF3: TRF3\u00a0CONCEDE\u00a0APOSENTADORIA ESPECIAL A COPEIRA\u00a0HOSPITALAR\u00a0"},"content":{"rendered":"\n<div class=\"mat\">\n<p><em>Decis\u00e3o reconhece tempo especial por exposi\u00e7\u00e3o a agentes biol\u00f3gicos de pacientes\u00a0como v\u00edrus, fungos e bact\u00e9rias\u00a0\u00a0\u00a0<\/em><\/p>\n<p>O desembargador federal David Dantas, da Oitava Turma do Tribunal Regional Federal da 3\u00aa Regi\u00e3o (TRF3), reconheceu como exerc\u00edcio de atividade especial\u00a0tempo de servi\u00e7o de uma copeira em ambiente hospitalar e concedeu aposentadoria especial a segurada do Instituto Nacional do Seguro Social (INSS). Segundo\u00a0o magistrado, ficou comprovado no\u00a0processo que a mulher esteve sujeita a contato com pessoas doentes, v\u00edrus e bact\u00e9rias.\u00a0<\/p>\n<p>Ap\u00f3s a senten\u00e7a conceder a aposentadoria por tempo de contribui\u00e7\u00e3o, a segurada ingressou com o recurso no TRF3 para que o per\u00edodo de trabalho de 29\/04\/1995 a 04\/03\/2015 fosse reconhecido como especial e a consequente concess\u00e3o da aposentadoria especial, desde o requerimento administrativo.\u00a0\u00a0<\/p>\n<p>Ao analisar os Perfis Profissiogr\u00e1ficos Previdenci\u00e1rios (PPP\u2019s), a Carteira de Trabalho e Previd\u00eancia Social (CTPS) e o laudo t\u00e9cnico pericial,\u00a0o relator do processo considerou que no per\u00edodo de\u00a029\/04\/1995 a 04\/03\/2015, a parte autora exerceu a atividade de copeira em ambiente hospitalar, estando em contato de forma habitual e cont\u00ednua com agentes biol\u00f3gicos.\u00a0\u00a0<\/p>\n<p>O magistrado ressaltou que a atividade exercida pelos profissionais nesta \u00e1rea \u00e9 de natureza insalubre, em raz\u00e3o do ambiente de trabalho (hospitais, cl\u00ednicas e centros de sa\u00fade). Nesse contexto, segundo o desembargador federal, os profissionais est\u00e3o sujeitos a contatos com pessoas doentes, v\u00edrus e bact\u00e9rias.\u00a0\u00a0<\/p>\n<p>O relator destacou\u00a0ainda\u00a0jurisprud\u00eancia do Superior Tribunal de Justi\u00e7a (STJ) no sentido de que os profissionais que\u00a0est\u00e3o expostos \u00e0 agentes agressivos biol\u00f3gicos t\u00eam direito \u00e0 aposentadoria especial.\u00a0\u00a0<\/p>\n<p>Com esse entendimento, o magistrado\u00a0reconheceu\u00a0o\u00a0per\u00edodo de atividade especial\u00a0da copeira e determinou a concess\u00e3o da\u00a0aposentadoria especial\u00a0desde o requerimento administrativo do benef\u00edcio.\u00a0\u00a0\u00a0<\/p>\n<p>Apela\u00e7\u00e3o C\u00edvel\u00a05002817-91.2018.4.03.6113\u00a0<\/p>\n<p>\u00a0\u00a0<\/p>\n<p><a href=\"http:\/\/www.twitter.com\/trf3_oficial\" rel=\"noreferrer noopener\" target=\"_blank\">www.twitter.com\/trf3_oficial<\/a>\u00a0\u00a0<\/p>\n<p><a href=\"http:\/\/www.instagram.com\/trf3_oficial\" rel=\"noreferrer noopener\" target=\"_blank\">www.instagram.com\/trf3_oficial<\/a>\u00a0<\/p>\n<p>\u00a0<br \/>\n\u00a0<\/p>\n<\/div>\n<p><script async src=\"https:\/\/platform.twitter.com\/widgets.js\" charset=\"utf-8\"><\/script><script async defer src=\"https:\/\/platform.instagram.com\/en_US\/embeds.js\"><\/script><br \/>\n<i>Com informa\u00e7\u00f5es da assessoria de imprensa do TRF3.<\/i><br \/>\n<br \/><a href=\"http:\/\/web.trf3.jus.br\/noticias\/Noticias\/Noticia\/Exibir\/405161\">Fonte<\/a><br \/>\n<br \/><\/p>\n","protected":false},"excerpt":{"rendered":"<p>Decis\u00e3o reconhece tempo especial por exposi\u00e7\u00e3o a agentes biol\u00f3gicos de pacientes\u00a0como v\u00edrus, fungos e bact\u00e9rias\u00a0\u00a0\u00a0 O desembargador federal David Dantas, da Oitava Turma do Tribunal Regional Federal da 3\u00aa Regi\u00e3o (TRF3), reconheceu como exerc\u00edcio de atividade especial\u00a0tempo de servi\u00e7o de uma copeira em ambiente hospitalar e concedeu aposentadoria especial a segurada do Instituto Nacional do [&hellip;]<\/p>\n","protected":false},"author":3063,"featured_media":6449,"comment_status":"open","ping_status":"open","sticky":false,"template":"","format":"standard","meta":{"footnotes":""},"categories":[5,110],"tags":[11,10,8,13,9,12,152],"class_list":{"0":"post-7908","1":"post","2":"type-post","3":"status-publish","4":"format-standard","5":"has-post-thumbnail","7":"category-previdenciario","8":"category-trf3","9":"tag-aposentadoria","10":"tag-calculos-previdenciarios","11":"tag-direito-previdenciario","12":"tag-inss","13":"tag-pericia","14":"tag-perito","15":"tag-trf3"},"yoast_head":"<!-- This site is optimized with the Yoast SEO plugin v27.2 - https:\/\/yoast.com\/product\/yoast-seo-wordpress\/ -->\n<title>TRF3: TRF3\u00a0CONCEDE\u00a0APOSENTADORIA ESPECIAL A COPEIRA\u00a0HOSPITALAR\u00a0 | Portal de Not\u00edcias<\/title>\n<meta name=\"robots\" content=\"index, follow, max-snippet:-1, max-image-preview:large, max-video-preview:-1\" \/>\n<link rel=\"canonical\" href=\"https:\/\/mhcalculos.com.br\/noticias\/area\/previdenciario\/trf3-trf3-concede-aposentadoria-especial-a-copeira-hospitalar.html\" \/>\n<meta property=\"og:locale\" content=\"pt_BR\" \/>\n<meta property=\"og:type\" content=\"article\" \/>\n<meta property=\"og:title\" content=\"TRF3: TRF3\u00a0CONCEDE\u00a0APOSENTADORIA ESPECIAL A COPEIRA\u00a0HOSPITALAR\u00a0 | Portal de Not\u00edcias\" \/>\n<meta property=\"og:description\" content=\"Decis\u00e3o reconhece tempo especial por exposi\u00e7\u00e3o a agentes biol\u00f3gicos de pacientes\u00a0como v\u00edrus, fungos e bact\u00e9rias\u00a0\u00a0\u00a0 O desembargador federal David Dantas, da Oitava Turma do Tribunal Regional Federal da 3\u00aa Regi\u00e3o (TRF3), reconheceu como exerc\u00edcio de atividade especial\u00a0tempo de servi\u00e7o de uma copeira em ambiente hospitalar e concedeu aposentadoria especial a segurada do Instituto Nacional do [&hellip;]\" \/>\n<meta property=\"og:url\" content=\"https:\/\/mhcalculos.com.br\/noticias\/area\/previdenciario\/trf3-trf3-concede-aposentadoria-especial-a-copeira-hospitalar.html\" \/>\n<meta property=\"og:site_name\" content=\"Portal de Not\u00edcias\" \/>\n<meta property=\"article:published_time\" content=\"2021-02-19T03:05:11+00:00\" \/>\n<meta property=\"article:modified_time\" content=\"2021-07-28T17:28:07+00:00\" \/>\n<meta property=\"og:image\" content=\"https:\/\/mhcalculos.com.br\/noticias\/wp-content\/uploads\/sites\/2\/2019\/12\/previdenciario-0036.jpg\" \/>\n\t<meta property=\"og:image:width\" content=\"2000\" \/>\n\t<meta property=\"og:image:height\" content=\"800\" \/>\n\t<meta property=\"og:image:type\" content=\"image\/jpeg\" \/>\n<meta name=\"author\" content=\"Equipe MH\" \/>\n<meta name=\"twitter:card\" content=\"summary_large_image\" \/>\n<meta name=\"twitter:label1\" content=\"Escrito por\" \/>\n\t<meta name=\"twitter:data1\" content=\"Equipe MH\" \/>\n\t<meta name=\"twitter:label2\" content=\"Est. tempo de leitura\" \/>\n\t<meta name=\"twitter:data2\" content=\"2 minutos\" \/>\n<script type=\"application\/ld+json\" class=\"yoast-schema-graph\">{\"@context\":\"https:\/\/schema.org\",\"@graph\":[{\"@type\":\"Article\",\"@id\":\"https:\/\/mhcalculos.com.br\/noticias\/area\/previdenciario\/trf3-trf3-concede-aposentadoria-especial-a-copeira-hospitalar.html#article\",\"isPartOf\":{\"@id\":\"https:\/\/mhcalculos.com.br\/noticias\/area\/previdenciario\/trf3-trf3-concede-aposentadoria-especial-a-copeira-hospitalar.html\"},\"author\":{\"name\":\"Equipe MH\",\"@id\":\"https:\/\/mhcalculos.com.br\/noticias\/#\/schema\/person\/88d1c34bf72dc779ea14a5a6b8e0ae8d\"},\"headline\":\"TRF3: TRF3\u00a0CONCEDE\u00a0APOSENTADORIA ESPECIAL A COPEIRA\u00a0HOSPITALAR\u00a0\",\"datePublished\":\"2021-02-19T03:05:11+00:00\",\"dateModified\":\"2021-07-28T17:28:07+00:00\",\"mainEntityOfPage\":{\"@id\":\"https:\/\/mhcalculos.com.br\/noticias\/area\/previdenciario\/trf3-trf3-concede-aposentadoria-especial-a-copeira-hospitalar.html\"},\"wordCount\":341,\"commentCount\":0,\"image\":{\"@id\":\"https:\/\/mhcalculos.com.br\/noticias\/area\/previdenciario\/trf3-trf3-concede-aposentadoria-especial-a-copeira-hospitalar.html#primaryimage\"},\"thumbnailUrl\":\"https:\/\/mhcalculos.com.br\/noticias\/wp-content\/uploads\/sites\/2\/2019\/12\/previdenciario-0036.jpg\",\"keywords\":[\"aposentadoria\",\"c\u00e1lculos previdenci\u00e1rios\",\"direito previdenci\u00e1rio\",\"inss\",\"per\u00edcia\",\"perito\",\"trf3\"],\"articleSection\":[\"Direito Previdenci\u00e1rio\",\"TRF3\"],\"inLanguage\":\"pt-BR\",\"potentialAction\":[{\"@type\":\"CommentAction\",\"name\":\"Comment\",\"target\":[\"https:\/\/mhcalculos.com.br\/noticias\/area\/previdenciario\/trf3-trf3-concede-aposentadoria-especial-a-copeira-hospitalar.html#respond\"]}]},{\"@type\":\"WebPage\",\"@id\":\"https:\/\/mhcalculos.com.br\/noticias\/area\/previdenciario\/trf3-trf3-concede-aposentadoria-especial-a-copeira-hospitalar.html\",\"url\":\"https:\/\/mhcalculos.com.br\/noticias\/area\/previdenciario\/trf3-trf3-concede-aposentadoria-especial-a-copeira-hospitalar.html\",\"name\":\"TRF3: TRF3\u00a0CONCEDE\u00a0APOSENTADORIA ESPECIAL A COPEIRA\u00a0HOSPITALAR\u00a0 | Portal de Not\u00edcias\",\"isPartOf\":{\"@id\":\"https:\/\/mhcalculos.com.br\/noticias\/#website\"},\"primaryImageOfPage\":{\"@id\":\"https:\/\/mhcalculos.com.br\/noticias\/area\/previdenciario\/trf3-trf3-concede-aposentadoria-especial-a-copeira-hospitalar.html#primaryimage\"},\"image\":{\"@id\":\"https:\/\/mhcalculos.com.br\/noticias\/area\/previdenciario\/trf3-trf3-concede-aposentadoria-especial-a-copeira-hospitalar.html#primaryimage\"},\"thumbnailUrl\":\"https:\/\/mhcalculos.com.br\/noticias\/wp-content\/uploads\/sites\/2\/2019\/12\/previdenciario-0036.jpg\",\"datePublished\":\"2021-02-19T03:05:11+00:00\",\"dateModified\":\"2021-07-28T17:28:07+00:00\",\"author\":{\"@id\":\"https:\/\/mhcalculos.com.br\/noticias\/#\/schema\/person\/88d1c34bf72dc779ea14a5a6b8e0ae8d\"},\"breadcrumb\":{\"@id\":\"https:\/\/mhcalculos.com.br\/noticias\/area\/previdenciario\/trf3-trf3-concede-aposentadoria-especial-a-copeira-hospitalar.html#breadcrumb\"},\"inLanguage\":\"pt-BR\",\"potentialAction\":[{\"@type\":\"ReadAction\",\"target\":[\"https:\/\/mhcalculos.com.br\/noticias\/area\/previdenciario\/trf3-trf3-concede-aposentadoria-especial-a-copeira-hospitalar.html\"]}]},{\"@type\":\"ImageObject\",\"inLanguage\":\"pt-BR\",\"@id\":\"https:\/\/mhcalculos.com.br\/noticias\/area\/previdenciario\/trf3-trf3-concede-aposentadoria-especial-a-copeira-hospitalar.html#primaryimage\",\"url\":\"https:\/\/mhcalculos.com.br\/noticias\/wp-content\/uploads\/sites\/2\/2019\/12\/previdenciario-0036.jpg\",\"contentUrl\":\"https:\/\/mhcalculos.com.br\/noticias\/wp-content\/uploads\/sites\/2\/2019\/12\/previdenciario-0036.jpg\",\"width\":2000,\"height\":800},{\"@type\":\"BreadcrumbList\",\"@id\":\"https:\/\/mhcalculos.com.br\/noticias\/area\/previdenciario\/trf3-trf3-concede-aposentadoria-especial-a-copeira-hospitalar.html#breadcrumb\",\"itemListElement\":[{\"@type\":\"ListItem\",\"position\":1,\"name\":\"In\u00edcio\",\"item\":\"https:\/\/mhcalculos.com.br\/noticias\/\"},{\"@type\":\"ListItem\",\"position\":2,\"name\":\"TRF3: TRF3\u00a0CONCEDE\u00a0APOSENTADORIA ESPECIAL A COPEIRA\u00a0HOSPITALAR\u00a0\"}]},{\"@type\":\"WebSite\",\"@id\":\"https:\/\/mhcalculos.com.br\/noticias\/#website\",\"url\":\"https:\/\/mhcalculos.com.br\/noticias\/\",\"name\":\"Portal de Not\u00edcias\",\"description\":\"Not\u00edcias e Jurisprud\u00eancia\",\"potentialAction\":[{\"@type\":\"SearchAction\",\"target\":{\"@type\":\"EntryPoint\",\"urlTemplate\":\"https:\/\/mhcalculos.com.br\/noticias\/?s={search_term_string}\"},\"query-input\":{\"@type\":\"PropertyValueSpecification\",\"valueRequired\":true,\"valueName\":\"search_term_string\"}}],\"inLanguage\":\"pt-BR\"},{\"@type\":\"Person\",\"@id\":\"https:\/\/mhcalculos.com.br\/noticias\/#\/schema\/person\/88d1c34bf72dc779ea14a5a6b8e0ae8d\",\"name\":\"Equipe MH\",\"image\":{\"@type\":\"ImageObject\",\"inLanguage\":\"pt-BR\",\"@id\":\"https:\/\/secure.gravatar.com\/avatar\/de1c686c2ecc9c5a3f327e3431d819eb39f8f05d4e1045f5a1caad6daaba987f?s=96&d=mm&r=g\",\"url\":\"https:\/\/secure.gravatar.com\/avatar\/de1c686c2ecc9c5a3f327e3431d819eb39f8f05d4e1045f5a1caad6daaba987f?s=96&d=mm&r=g\",\"contentUrl\":\"https:\/\/secure.gravatar.com\/avatar\/de1c686c2ecc9c5a3f327e3431d819eb39f8f05d4e1045f5a1caad6daaba987f?s=96&d=mm&r=g\",\"caption\":\"Equipe MH\"}}]}<\/script>\n<!-- \/ Yoast SEO plugin. -->","yoast_head_json":{"title":"TRF3: TRF3\u00a0CONCEDE\u00a0APOSENTADORIA ESPECIAL A COPEIRA\u00a0HOSPITALAR\u00a0 | Portal de Not\u00edcias","robots":{"index":"index","follow":"follow","max-snippet":"max-snippet:-1","max-image-preview":"max-image-preview:large","max-video-preview":"max-video-preview:-1"},"canonical":"https:\/\/mhcalculos.com.br\/noticias\/area\/previdenciario\/trf3-trf3-concede-aposentadoria-especial-a-copeira-hospitalar.html","og_locale":"pt_BR","og_type":"article","og_title":"TRF3: TRF3\u00a0CONCEDE\u00a0APOSENTADORIA ESPECIAL A COPEIRA\u00a0HOSPITALAR\u00a0 | Portal de Not\u00edcias","og_description":"Decis\u00e3o reconhece tempo especial por exposi\u00e7\u00e3o a agentes biol\u00f3gicos de pacientes\u00a0como v\u00edrus, fungos e bact\u00e9rias\u00a0\u00a0\u00a0 O desembargador federal David Dantas, da Oitava Turma do Tribunal Regional Federal da 3\u00aa Regi\u00e3o (TRF3), reconheceu como exerc\u00edcio de atividade especial\u00a0tempo de servi\u00e7o de uma copeira em ambiente hospitalar e concedeu aposentadoria especial a segurada do Instituto Nacional do [&hellip;]","og_url":"https:\/\/mhcalculos.com.br\/noticias\/area\/previdenciario\/trf3-trf3-concede-aposentadoria-especial-a-copeira-hospitalar.html","og_site_name":"Portal de Not\u00edcias","article_published_time":"2021-02-19T03:05:11+00:00","article_modified_time":"2021-07-28T17:28:07+00:00","og_image":[{"width":2000,"height":800,"url":"https:\/\/mhcalculos.com.br\/noticias\/wp-content\/uploads\/sites\/2\/2019\/12\/previdenciario-0036.jpg","type":"image\/jpeg"}],"author":"Equipe MH","twitter_card":"summary_large_image","twitter_misc":{"Escrito por":"Equipe MH","Est. tempo de leitura":"2 minutos"},"schema":{"@context":"https:\/\/schema.org","@graph":[{"@type":"Article","@id":"https:\/\/mhcalculos.com.br\/noticias\/area\/previdenciario\/trf3-trf3-concede-aposentadoria-especial-a-copeira-hospitalar.html#article","isPartOf":{"@id":"https:\/\/mhcalculos.com.br\/noticias\/area\/previdenciario\/trf3-trf3-concede-aposentadoria-especial-a-copeira-hospitalar.html"},"author":{"name":"Equipe MH","@id":"https:\/\/mhcalculos.com.br\/noticias\/#\/schema\/person\/88d1c34bf72dc779ea14a5a6b8e0ae8d"},"headline":"TRF3: TRF3\u00a0CONCEDE\u00a0APOSENTADORIA ESPECIAL A COPEIRA\u00a0HOSPITALAR\u00a0","datePublished":"2021-02-19T03:05:11+00:00","dateModified":"2021-07-28T17:28:07+00:00","mainEntityOfPage":{"@id":"https:\/\/mhcalculos.com.br\/noticias\/area\/previdenciario\/trf3-trf3-concede-aposentadoria-especial-a-copeira-hospitalar.html"},"wordCount":341,"commentCount":0,"image":{"@id":"https:\/\/mhcalculos.com.br\/noticias\/area\/previdenciario\/trf3-trf3-concede-aposentadoria-especial-a-copeira-hospitalar.html#primaryimage"},"thumbnailUrl":"https:\/\/mhcalculos.com.br\/noticias\/wp-content\/uploads\/sites\/2\/2019\/12\/previdenciario-0036.jpg","keywords":["aposentadoria","c\u00e1lculos previdenci\u00e1rios","direito previdenci\u00e1rio","inss","per\u00edcia","perito","trf3"],"articleSection":["Direito Previdenci\u00e1rio","TRF3"],"inLanguage":"pt-BR","potentialAction":[{"@type":"CommentAction","name":"Comment","target":["https:\/\/mhcalculos.com.br\/noticias\/area\/previdenciario\/trf3-trf3-concede-aposentadoria-especial-a-copeira-hospitalar.html#respond"]}]},{"@type":"WebPage","@id":"https:\/\/mhcalculos.com.br\/noticias\/area\/previdenciario\/trf3-trf3-concede-aposentadoria-especial-a-copeira-hospitalar.html","url":"https:\/\/mhcalculos.com.br\/noticias\/area\/previdenciario\/trf3-trf3-concede-aposentadoria-especial-a-copeira-hospitalar.html","name":"TRF3: TRF3\u00a0CONCEDE\u00a0APOSENTADORIA ESPECIAL A COPEIRA\u00a0HOSPITALAR\u00a0 | Portal de Not\u00edcias","isPartOf":{"@id":"https:\/\/mhcalculos.com.br\/noticias\/#website"},"primaryImageOfPage":{"@id":"https:\/\/mhcalculos.com.br\/noticias\/area\/previdenciario\/trf3-trf3-concede-aposentadoria-especial-a-copeira-hospitalar.html#primaryimage"},"image":{"@id":"https:\/\/mhcalculos.com.br\/noticias\/area\/previdenciario\/trf3-trf3-concede-aposentadoria-especial-a-copeira-hospitalar.html#primaryimage"},"thumbnailUrl":"https:\/\/mhcalculos.com.br\/noticias\/wp-content\/uploads\/sites\/2\/2019\/12\/previdenciario-0036.jpg","datePublished":"2021-02-19T03:05:11+00:00","dateModified":"2021-07-28T17:28:07+00:00","author":{"@id":"https:\/\/mhcalculos.com.br\/noticias\/#\/schema\/person\/88d1c34bf72dc779ea14a5a6b8e0ae8d"},"breadcrumb":{"@id":"https:\/\/mhcalculos.com.br\/noticias\/area\/previdenciario\/trf3-trf3-concede-aposentadoria-especial-a-copeira-hospitalar.html#breadcrumb"},"inLanguage":"pt-BR","potentialAction":[{"@type":"ReadAction","target":["https:\/\/mhcalculos.com.br\/noticias\/area\/previdenciario\/trf3-trf3-concede-aposentadoria-especial-a-copeira-hospitalar.html"]}]},{"@type":"ImageObject","inLanguage":"pt-BR","@id":"https:\/\/mhcalculos.com.br\/noticias\/area\/previdenciario\/trf3-trf3-concede-aposentadoria-especial-a-copeira-hospitalar.html#primaryimage","url":"https:\/\/mhcalculos.com.br\/noticias\/wp-content\/uploads\/sites\/2\/2019\/12\/previdenciario-0036.jpg","contentUrl":"https:\/\/mhcalculos.com.br\/noticias\/wp-content\/uploads\/sites\/2\/2019\/12\/previdenciario-0036.jpg","width":2000,"height":800},{"@type":"BreadcrumbList","@id":"https:\/\/mhcalculos.com.br\/noticias\/area\/previdenciario\/trf3-trf3-concede-aposentadoria-especial-a-copeira-hospitalar.html#breadcrumb","itemListElement":[{"@type":"ListItem","position":1,"name":"In\u00edcio","item":"https:\/\/mhcalculos.com.br\/noticias\/"},{"@type":"ListItem","position":2,"name":"TRF3: TRF3\u00a0CONCEDE\u00a0APOSENTADORIA ESPECIAL A COPEIRA\u00a0HOSPITALAR\u00a0"}]},{"@type":"WebSite","@id":"https:\/\/mhcalculos.com.br\/noticias\/#website","url":"https:\/\/mhcalculos.com.br\/noticias\/","name":"Portal de Not\u00edcias","description":"Not\u00edcias e Jurisprud\u00eancia","potentialAction":[{"@type":"SearchAction","target":{"@type":"EntryPoint","urlTemplate":"https:\/\/mhcalculos.com.br\/noticias\/?s={search_term_string}"},"query-input":{"@type":"PropertyValueSpecification","valueRequired":true,"valueName":"search_term_string"}}],"inLanguage":"pt-BR"},{"@type":"Person","@id":"https:\/\/mhcalculos.com.br\/noticias\/#\/schema\/person\/88d1c34bf72dc779ea14a5a6b8e0ae8d","name":"Equipe MH","image":{"@type":"ImageObject","inLanguage":"pt-BR","@id":"https:\/\/secure.gravatar.com\/avatar\/de1c686c2ecc9c5a3f327e3431d819eb39f8f05d4e1045f5a1caad6daaba987f?s=96&d=mm&r=g","url":"https:\/\/secure.gravatar.com\/avatar\/de1c686c2ecc9c5a3f327e3431d819eb39f8f05d4e1045f5a1caad6daaba987f?s=96&d=mm&r=g","contentUrl":"https:\/\/secure.gravatar.com\/avatar\/de1c686c2ecc9c5a3f327e3431d819eb39f8f05d4e1045f5a1caad6daaba987f?s=96&d=mm&r=g","caption":"Equipe MH"}}]}},"_links":{"self":[{"href":"https:\/\/mhcalculos.com.br\/noticias\/wp-json\/wp\/v2\/posts\/7908","targetHints":{"allow":["GET"]}}],"collection":[{"href":"https:\/\/mhcalculos.com.br\/noticias\/wp-json\/wp\/v2\/posts"}],"about":[{"href":"https:\/\/mhcalculos.com.br\/noticias\/wp-json\/wp\/v2\/types\/post"}],"author":[{"embeddable":true,"href":"https:\/\/mhcalculos.com.br\/noticias\/wp-json\/wp\/v2\/users\/3063"}],"replies":[{"embeddable":true,"href":"https:\/\/mhcalculos.com.br\/noticias\/wp-json\/wp\/v2\/comments?post=7908"}],"version-history":[{"count":1,"href":"https:\/\/mhcalculos.com.br\/noticias\/wp-json\/wp\/v2\/posts\/7908\/revisions"}],"predecessor-version":[{"id":8521,"href":"https:\/\/mhcalculos.com.br\/noticias\/wp-json\/wp\/v2\/posts\/7908\/revisions\/8521"}],"wp:featuredmedia":[{"embeddable":true,"href":"https:\/\/mhcalculos.com.br\/noticias\/wp-json\/wp\/v2\/media\/6449"}],"wp:attachment":[{"href":"https:\/\/mhcalculos.com.br\/noticias\/wp-json\/wp\/v2\/media?parent=7908"}],"wp:term":[{"taxonomy":"category","embeddable":true,"href":"https:\/\/mhcalculos.com.br\/noticias\/wp-json\/wp\/v2\/categories?post=7908"},{"taxonomy":"post_tag","embeddable":true,"href":"https:\/\/mhcalculos.com.br\/noticias\/wp-json\/wp\/v2\/tags?post=7908"}],"curies":[{"name":"wp","href":"https:\/\/api.w.org\/{rel}","templated":true}]}}