{"id":7901,"date":"2021-02-12T20:05:27","date_gmt":"2021-02-12T23:05:27","guid":{"rendered":"https:\/\/mhcalculos.com.br\/noticias\/tribunais\/stf\/stf-stf-garante-ao-estado-do-espirito-santo-recalculo-de-valores-do-fpe.html"},"modified":"2021-07-28T14:28:08","modified_gmt":"2021-07-28T17:28:08","slug":"stf-stf-garante-ao-estado-do-espirito-santo-recalculo-de-valores-do-fpe","status":"publish","type":"post","link":"https:\/\/mhcalculos.com.br\/noticias\/tribunais\/stf\/stf-stf-garante-ao-estado-do-espirito-santo-recalculo-de-valores-do-fpe.html","title":{"rendered":"STF: STF garante ao Estado do Esp\u00edrito Santo rec\u00e1lculo de valores do FPE"},"content":{"rendered":"<p><br \/>\n<\/p>\n<p>&nbsp;<\/p>\n<p>O Plen\u00e1rio do Supremo Tribunal Federal (STF) determinou que a Uni\u00e3o refa\u00e7a o c\u00e1lculo dos repasses do Fundo de Participa\u00e7\u00e3o dos Estados (FPE) destinados ao Esp\u00edrito Santo para incluir os valores recolhidos para o Programa de Integra\u00e7\u00e3o Nacional (PIN) e o Programa de Redistribui\u00e7\u00e3o de Terras e de Est\u00edmulo \u00e0 Agroind\u00fastria do Norte e do Nordeste (Proterra). O colegiado, por maioria de votos, julgou parcialmente procedente a A\u00e7\u00e3o C\u00edvel Origin\u00e1ria (ACO) 637, na sess\u00e3o virtual encerrada em 5\/2.<\/p>\n<p><b>Programas de incentivos fiscais<\/b><\/p>\n<p>O PIN e o Proterra foram criados pelos Decretos-lei 1.106\/1970 e 1.179\/1971, respectivamente, para promover maior integra\u00e7\u00e3o \u00e0 economia nacional, facilitar acesso \u00e0 terra, criar melhores condi\u00e7\u00f5es de emprego e fomentar a agroind\u00fastria. Nos dois casos, os recursos s\u00e3o provenientes das dedu\u00e7\u00f5es do Imposto de Renda de Pessoa Jur\u00eddica para aplica\u00e7\u00e3o em incentivos fiscais e t\u00eam como destina\u00e7\u00e3o as regi\u00f5es compreendidas nas \u00e1reas de atua\u00e7\u00e3o da Superintend\u00eancia do Desenvolvimento da Amaz\u00f4nia (Sudam) e da Superintend\u00eancia do Desenvolvimento do Nordeste (Sudene).<\/p>\n<p><b>Arrecada\u00e7\u00e3o indireta<\/b><\/p>\n<p>Prevaleceu, no julgamento, o entendimento do ministro Alexandre de Moraes de que os valores recolhidos a t\u00edtulo de PIN e Proterra n\u00e3o podem repercutir nos repasses do FPE aos entes federados. O ministro destacou que o STF tem jurisprud\u00eancia do STF de que os valores recolhidos para esses programas devem integrar a base de c\u00e1lculo do FPE, tendo em vista que, mesmo que indiretamente, foram arrecadados pela Uni\u00e3o e destinados a fundo espec\u00edfico na forma de benef\u00edcio fiscal.<\/p>\n<p>O ministro Alexandre salientou que, na ACO 758, o Plen\u00e1rio do STF entendeu que os dois programas federais n\u00e3o podem onerar os outros entes federativos quando da partilha da receita dos impostos sobre renda e proventos de qualquer natureza e sobre produtos industrializados. Citou, ainda, decis\u00e3o do ministro ministro Edson Fachin que, em controv\u00e9rsia semelhante (RE 1179685), assentou que o PIN e o Proterra n\u00e3o poderiam ser exclu\u00eddos da base de c\u00e1lculo do repasse do Fundo de Participa\u00e7\u00e3o dos Munic\u00edpios.<\/p>\n<p>Assim, o ministro reconheceu ao estado o direito \u00e0s diferen\u00e7as de c\u00e1lculo. Os demais pedidos formulados na ACO 637 foram julgados improcedentes. Ficaram vencidos o relator, ministro Marco Aur\u00e9lio, e o ministro Gilmar Mendes, que votaram pela integral improced\u00eancia dos pedidos.<\/p>\n<p><b>Prescri\u00e7\u00e3o<\/b><\/p>\n<p>Como a a\u00e7\u00e3o foi ajuizada em 2001, o rec\u00e1lculo das diferen\u00e7as apuradas dever\u00e1 observar a prescri\u00e7\u00e3o quinquenal e ser apurado a partir de 1996, e n\u00e3o 1994, como pleiteava o Estado do Esp\u00edrito Santo.<\/p>\n<p><span style=\"font-size: smaller\">PR\/AD\/CF<br \/>\nFoto: Lia de Paula\/Ag\u00eancia Senado<\/span><\/p>\n<p>&nbsp;<\/p>\n<p><i>Com informa\u00e7\u00f5es da assessoria de imprensa do STF.<\/i><br \/>\n<br \/><a href=\"http:\/\/www.stf.jus.br\/portal\/cms\/verNoticiaDetalhe.asp?idConteudo=460402\">Fonte<\/a><br \/>\n<br \/><\/p>\n","protected":false},"excerpt":{"rendered":"<p>&nbsp; O Plen\u00e1rio do Supremo Tribunal Federal (STF) determinou que a Uni\u00e3o refa\u00e7a o c\u00e1lculo dos repasses do Fundo de Participa\u00e7\u00e3o dos Estados (FPE) destinados ao Esp\u00edrito Santo para incluir os valores recolhidos para o Programa de Integra\u00e7\u00e3o Nacional (PIN) e o Programa de Redistribui\u00e7\u00e3o de Terras e de Est\u00edmulo \u00e0 Agroind\u00fastria do Norte e [&hellip;]<\/p>\n","protected":false},"author":3063,"featured_media":3140,"comment_status":"open","ping_status":"open","sticky":false,"template":"","format":"standard","meta":{"footnotes":""},"categories":[18,15],"tags":[32,31,42,30,29,213,9,12,16],"class_list":{"0":"post-7901","1":"post","2":"type-post","3":"status-publish","4":"format-standard","5":"has-post-thumbnail","7":"category-tributario","8":"category-stf","9":"tag-calculos-judiciais","10":"tag-calculos-tributarios","11":"tag-direito-tributario","12":"tag-divida-ativa","13":"tag-fazenda-publica","14":"tag-imposto","15":"tag-pericia","16":"tag-perito","17":"tag-stf"},"yoast_head":"<!-- This site is optimized with the Yoast SEO plugin v27.2 - https:\/\/yoast.com\/product\/yoast-seo-wordpress\/ -->\n<title>STF: STF garante ao Estado do Esp\u00edrito Santo rec\u00e1lculo de valores do FPE | Portal de Not\u00edcias<\/title>\n<meta name=\"robots\" content=\"index, follow, max-snippet:-1, max-image-preview:large, max-video-preview:-1\" \/>\n<link rel=\"canonical\" href=\"http:\/\/www.stf.jus.br\/portal\/cms\/verNoticiaDetalhe.asp?idConteudo=460402\" \/>\n<meta property=\"og:locale\" content=\"pt_BR\" \/>\n<meta property=\"og:type\" content=\"article\" \/>\n<meta property=\"og:title\" content=\"STF: STF garante ao Estado do Esp\u00edrito Santo rec\u00e1lculo de valores do FPE | Portal de Not\u00edcias\" \/>\n<meta property=\"og:description\" content=\"&nbsp; O Plen\u00e1rio do Supremo Tribunal Federal (STF) determinou que a Uni\u00e3o refa\u00e7a o c\u00e1lculo dos repasses do Fundo de Participa\u00e7\u00e3o dos Estados (FPE) destinados ao Esp\u00edrito Santo para incluir os valores recolhidos para o Programa de Integra\u00e7\u00e3o Nacional (PIN) e o Programa de Redistribui\u00e7\u00e3o de Terras e de Est\u00edmulo \u00e0 Agroind\u00fastria do Norte e [&hellip;]\" \/>\n<meta property=\"og:url\" content=\"http:\/\/www.stf.jus.br\/portal\/cms\/verNoticiaDetalhe.asp?idConteudo=460402\" \/>\n<meta property=\"og:site_name\" content=\"Portal de Not\u00edcias\" \/>\n<meta property=\"article:published_time\" content=\"2021-02-12T23:05:27+00:00\" \/>\n<meta property=\"article:modified_time\" content=\"2021-07-28T17:28:08+00:00\" \/>\n<meta property=\"og:image\" content=\"https:\/\/mhcalculos.com.br\/noticias\/wp-content\/uploads\/sites\/2\/2018\/09\/tributario-0036.jpg\" \/>\n\t<meta property=\"og:image:width\" content=\"2000\" \/>\n\t<meta property=\"og:image:height\" content=\"800\" \/>\n\t<meta property=\"og:image:type\" content=\"image\/jpeg\" \/>\n<meta name=\"author\" content=\"Equipe MH\" \/>\n<meta name=\"twitter:card\" content=\"summary_large_image\" \/>\n<meta name=\"twitter:label1\" content=\"Escrito por\" \/>\n\t<meta name=\"twitter:data1\" content=\"Equipe MH\" \/>\n\t<meta name=\"twitter:label2\" content=\"Est. tempo de leitura\" \/>\n\t<meta name=\"twitter:data2\" content=\"2 minutos\" \/>\n<script type=\"application\/ld+json\" class=\"yoast-schema-graph\">{\"@context\":\"https:\/\/schema.org\",\"@graph\":[{\"@type\":\"Article\",\"@id\":\"http:\/\/www.stf.jus.br\/portal\/cms\/verNoticiaDetalhe.asp?idConteudo=460402#article\",\"isPartOf\":{\"@id\":\"https:\/\/mhcalculos.com.br\/noticias\/tribunais\/stf\/stf-stf-garante-ao-estado-do-espirito-santo-recalculo-de-valores-do-fpe.html\"},\"author\":{\"name\":\"Equipe MH\",\"@id\":\"https:\/\/mhcalculos.com.br\/noticias\/#\/schema\/person\/88d1c34bf72dc779ea14a5a6b8e0ae8d\"},\"headline\":\"STF: STF garante ao Estado do Esp\u00edrito Santo rec\u00e1lculo de valores do FPE\",\"datePublished\":\"2021-02-12T23:05:27+00:00\",\"dateModified\":\"2021-07-28T17:28:08+00:00\",\"mainEntityOfPage\":{\"@id\":\"https:\/\/mhcalculos.com.br\/noticias\/tribunais\/stf\/stf-stf-garante-ao-estado-do-espirito-santo-recalculo-de-valores-do-fpe.html\"},\"wordCount\":480,\"commentCount\":0,\"image\":{\"@id\":\"http:\/\/www.stf.jus.br\/portal\/cms\/verNoticiaDetalhe.asp?idConteudo=460402#primaryimage\"},\"thumbnailUrl\":\"https:\/\/mhcalculos.com.br\/noticias\/wp-content\/uploads\/sites\/2\/2018\/09\/tributario-0036.jpg\",\"keywords\":[\"c\u00e1lculos judiciais\",\"c\u00e1lculos tribut\u00e1rios\",\"direito tribut\u00e1rio\",\"d\u00edvida ativa\",\"fazenda p\u00fablica\",\"Imposto\",\"per\u00edcia\",\"perito\",\"stf\"],\"articleSection\":[\"Direito Tribut\u00e1rio\",\"STF\"],\"inLanguage\":\"pt-BR\",\"potentialAction\":[{\"@type\":\"CommentAction\",\"name\":\"Comment\",\"target\":[\"http:\/\/www.stf.jus.br\/portal\/cms\/verNoticiaDetalhe.asp?idConteudo=460402#respond\"]}]},{\"@type\":\"WebPage\",\"@id\":\"https:\/\/mhcalculos.com.br\/noticias\/tribunais\/stf\/stf-stf-garante-ao-estado-do-espirito-santo-recalculo-de-valores-do-fpe.html\",\"url\":\"http:\/\/www.stf.jus.br\/portal\/cms\/verNoticiaDetalhe.asp?idConteudo=460402\",\"name\":\"STF: STF garante ao Estado do Esp\u00edrito Santo rec\u00e1lculo de valores do FPE | Portal de Not\u00edcias\",\"isPartOf\":{\"@id\":\"https:\/\/mhcalculos.com.br\/noticias\/#website\"},\"primaryImageOfPage\":{\"@id\":\"http:\/\/www.stf.jus.br\/portal\/cms\/verNoticiaDetalhe.asp?idConteudo=460402#primaryimage\"},\"image\":{\"@id\":\"http:\/\/www.stf.jus.br\/portal\/cms\/verNoticiaDetalhe.asp?idConteudo=460402#primaryimage\"},\"thumbnailUrl\":\"https:\/\/mhcalculos.com.br\/noticias\/wp-content\/uploads\/sites\/2\/2018\/09\/tributario-0036.jpg\",\"datePublished\":\"2021-02-12T23:05:27+00:00\",\"dateModified\":\"2021-07-28T17:28:08+00:00\",\"author\":{\"@id\":\"https:\/\/mhcalculos.com.br\/noticias\/#\/schema\/person\/88d1c34bf72dc779ea14a5a6b8e0ae8d\"},\"breadcrumb\":{\"@id\":\"http:\/\/www.stf.jus.br\/portal\/cms\/verNoticiaDetalhe.asp?idConteudo=460402#breadcrumb\"},\"inLanguage\":\"pt-BR\",\"potentialAction\":[{\"@type\":\"ReadAction\",\"target\":[\"http:\/\/www.stf.jus.br\/portal\/cms\/verNoticiaDetalhe.asp?idConteudo=460402\"]}]},{\"@type\":\"ImageObject\",\"inLanguage\":\"pt-BR\",\"@id\":\"http:\/\/www.stf.jus.br\/portal\/cms\/verNoticiaDetalhe.asp?idConteudo=460402#primaryimage\",\"url\":\"https:\/\/mhcalculos.com.br\/noticias\/wp-content\/uploads\/sites\/2\/2018\/09\/tributario-0036.jpg\",\"contentUrl\":\"https:\/\/mhcalculos.com.br\/noticias\/wp-content\/uploads\/sites\/2\/2018\/09\/tributario-0036.jpg\",\"width\":2000,\"height\":800},{\"@type\":\"BreadcrumbList\",\"@id\":\"http:\/\/www.stf.jus.br\/portal\/cms\/verNoticiaDetalhe.asp?idConteudo=460402#breadcrumb\",\"itemListElement\":[{\"@type\":\"ListItem\",\"position\":1,\"name\":\"In\u00edcio\",\"item\":\"https:\/\/mhcalculos.com.br\/noticias\/\"},{\"@type\":\"ListItem\",\"position\":2,\"name\":\"STF: STF garante ao Estado do Esp\u00edrito Santo rec\u00e1lculo de valores do FPE\"}]},{\"@type\":\"WebSite\",\"@id\":\"https:\/\/mhcalculos.com.br\/noticias\/#website\",\"url\":\"https:\/\/mhcalculos.com.br\/noticias\/\",\"name\":\"Portal de Not\u00edcias\",\"description\":\"Not\u00edcias e Jurisprud\u00eancia\",\"potentialAction\":[{\"@type\":\"SearchAction\",\"target\":{\"@type\":\"EntryPoint\",\"urlTemplate\":\"https:\/\/mhcalculos.com.br\/noticias\/?s={search_term_string}\"},\"query-input\":{\"@type\":\"PropertyValueSpecification\",\"valueRequired\":true,\"valueName\":\"search_term_string\"}}],\"inLanguage\":\"pt-BR\"},{\"@type\":\"Person\",\"@id\":\"https:\/\/mhcalculos.com.br\/noticias\/#\/schema\/person\/88d1c34bf72dc779ea14a5a6b8e0ae8d\",\"name\":\"Equipe MH\",\"image\":{\"@type\":\"ImageObject\",\"inLanguage\":\"pt-BR\",\"@id\":\"https:\/\/secure.gravatar.com\/avatar\/de1c686c2ecc9c5a3f327e3431d819eb39f8f05d4e1045f5a1caad6daaba987f?s=96&d=mm&r=g\",\"url\":\"https:\/\/secure.gravatar.com\/avatar\/de1c686c2ecc9c5a3f327e3431d819eb39f8f05d4e1045f5a1caad6daaba987f?s=96&d=mm&r=g\",\"contentUrl\":\"https:\/\/secure.gravatar.com\/avatar\/de1c686c2ecc9c5a3f327e3431d819eb39f8f05d4e1045f5a1caad6daaba987f?s=96&d=mm&r=g\",\"caption\":\"Equipe MH\"}}]}<\/script>\n<!-- \/ Yoast SEO plugin. -->","yoast_head_json":{"title":"STF: STF garante ao Estado do Esp\u00edrito Santo rec\u00e1lculo de valores do FPE | Portal de Not\u00edcias","robots":{"index":"index","follow":"follow","max-snippet":"max-snippet:-1","max-image-preview":"max-image-preview:large","max-video-preview":"max-video-preview:-1"},"canonical":"http:\/\/www.stf.jus.br\/portal\/cms\/verNoticiaDetalhe.asp?idConteudo=460402","og_locale":"pt_BR","og_type":"article","og_title":"STF: STF garante ao Estado do Esp\u00edrito Santo rec\u00e1lculo de valores do FPE | Portal de Not\u00edcias","og_description":"&nbsp; O Plen\u00e1rio do Supremo Tribunal Federal (STF) determinou que a Uni\u00e3o refa\u00e7a o c\u00e1lculo dos repasses do Fundo de Participa\u00e7\u00e3o dos Estados (FPE) destinados ao Esp\u00edrito Santo para incluir os valores recolhidos para o Programa de Integra\u00e7\u00e3o Nacional (PIN) e o Programa de Redistribui\u00e7\u00e3o de Terras e de Est\u00edmulo \u00e0 Agroind\u00fastria do Norte e [&hellip;]","og_url":"http:\/\/www.stf.jus.br\/portal\/cms\/verNoticiaDetalhe.asp?idConteudo=460402","og_site_name":"Portal de Not\u00edcias","article_published_time":"2021-02-12T23:05:27+00:00","article_modified_time":"2021-07-28T17:28:08+00:00","og_image":[{"width":2000,"height":800,"url":"https:\/\/mhcalculos.com.br\/noticias\/wp-content\/uploads\/sites\/2\/2018\/09\/tributario-0036.jpg","type":"image\/jpeg"}],"author":"Equipe MH","twitter_card":"summary_large_image","twitter_misc":{"Escrito por":"Equipe MH","Est. tempo de leitura":"2 minutos"},"schema":{"@context":"https:\/\/schema.org","@graph":[{"@type":"Article","@id":"http:\/\/www.stf.jus.br\/portal\/cms\/verNoticiaDetalhe.asp?idConteudo=460402#article","isPartOf":{"@id":"https:\/\/mhcalculos.com.br\/noticias\/tribunais\/stf\/stf-stf-garante-ao-estado-do-espirito-santo-recalculo-de-valores-do-fpe.html"},"author":{"name":"Equipe MH","@id":"https:\/\/mhcalculos.com.br\/noticias\/#\/schema\/person\/88d1c34bf72dc779ea14a5a6b8e0ae8d"},"headline":"STF: STF garante ao Estado do Esp\u00edrito Santo rec\u00e1lculo de valores do FPE","datePublished":"2021-02-12T23:05:27+00:00","dateModified":"2021-07-28T17:28:08+00:00","mainEntityOfPage":{"@id":"https:\/\/mhcalculos.com.br\/noticias\/tribunais\/stf\/stf-stf-garante-ao-estado-do-espirito-santo-recalculo-de-valores-do-fpe.html"},"wordCount":480,"commentCount":0,"image":{"@id":"http:\/\/www.stf.jus.br\/portal\/cms\/verNoticiaDetalhe.asp?idConteudo=460402#primaryimage"},"thumbnailUrl":"https:\/\/mhcalculos.com.br\/noticias\/wp-content\/uploads\/sites\/2\/2018\/09\/tributario-0036.jpg","keywords":["c\u00e1lculos judiciais","c\u00e1lculos tribut\u00e1rios","direito tribut\u00e1rio","d\u00edvida ativa","fazenda p\u00fablica","Imposto","per\u00edcia","perito","stf"],"articleSection":["Direito Tribut\u00e1rio","STF"],"inLanguage":"pt-BR","potentialAction":[{"@type":"CommentAction","name":"Comment","target":["http:\/\/www.stf.jus.br\/portal\/cms\/verNoticiaDetalhe.asp?idConteudo=460402#respond"]}]},{"@type":"WebPage","@id":"https:\/\/mhcalculos.com.br\/noticias\/tribunais\/stf\/stf-stf-garante-ao-estado-do-espirito-santo-recalculo-de-valores-do-fpe.html","url":"http:\/\/www.stf.jus.br\/portal\/cms\/verNoticiaDetalhe.asp?idConteudo=460402","name":"STF: STF garante ao Estado do Esp\u00edrito Santo rec\u00e1lculo de valores do FPE | Portal de Not\u00edcias","isPartOf":{"@id":"https:\/\/mhcalculos.com.br\/noticias\/#website"},"primaryImageOfPage":{"@id":"http:\/\/www.stf.jus.br\/portal\/cms\/verNoticiaDetalhe.asp?idConteudo=460402#primaryimage"},"image":{"@id":"http:\/\/www.stf.jus.br\/portal\/cms\/verNoticiaDetalhe.asp?idConteudo=460402#primaryimage"},"thumbnailUrl":"https:\/\/mhcalculos.com.br\/noticias\/wp-content\/uploads\/sites\/2\/2018\/09\/tributario-0036.jpg","datePublished":"2021-02-12T23:05:27+00:00","dateModified":"2021-07-28T17:28:08+00:00","author":{"@id":"https:\/\/mhcalculos.com.br\/noticias\/#\/schema\/person\/88d1c34bf72dc779ea14a5a6b8e0ae8d"},"breadcrumb":{"@id":"http:\/\/www.stf.jus.br\/portal\/cms\/verNoticiaDetalhe.asp?idConteudo=460402#breadcrumb"},"inLanguage":"pt-BR","potentialAction":[{"@type":"ReadAction","target":["http:\/\/www.stf.jus.br\/portal\/cms\/verNoticiaDetalhe.asp?idConteudo=460402"]}]},{"@type":"ImageObject","inLanguage":"pt-BR","@id":"http:\/\/www.stf.jus.br\/portal\/cms\/verNoticiaDetalhe.asp?idConteudo=460402#primaryimage","url":"https:\/\/mhcalculos.com.br\/noticias\/wp-content\/uploads\/sites\/2\/2018\/09\/tributario-0036.jpg","contentUrl":"https:\/\/mhcalculos.com.br\/noticias\/wp-content\/uploads\/sites\/2\/2018\/09\/tributario-0036.jpg","width":2000,"height":800},{"@type":"BreadcrumbList","@id":"http:\/\/www.stf.jus.br\/portal\/cms\/verNoticiaDetalhe.asp?idConteudo=460402#breadcrumb","itemListElement":[{"@type":"ListItem","position":1,"name":"In\u00edcio","item":"https:\/\/mhcalculos.com.br\/noticias\/"},{"@type":"ListItem","position":2,"name":"STF: STF garante ao Estado do Esp\u00edrito Santo rec\u00e1lculo de valores do FPE"}]},{"@type":"WebSite","@id":"https:\/\/mhcalculos.com.br\/noticias\/#website","url":"https:\/\/mhcalculos.com.br\/noticias\/","name":"Portal de Not\u00edcias","description":"Not\u00edcias e Jurisprud\u00eancia","potentialAction":[{"@type":"SearchAction","target":{"@type":"EntryPoint","urlTemplate":"https:\/\/mhcalculos.com.br\/noticias\/?s={search_term_string}"},"query-input":{"@type":"PropertyValueSpecification","valueRequired":true,"valueName":"search_term_string"}}],"inLanguage":"pt-BR"},{"@type":"Person","@id":"https:\/\/mhcalculos.com.br\/noticias\/#\/schema\/person\/88d1c34bf72dc779ea14a5a6b8e0ae8d","name":"Equipe MH","image":{"@type":"ImageObject","inLanguage":"pt-BR","@id":"https:\/\/secure.gravatar.com\/avatar\/de1c686c2ecc9c5a3f327e3431d819eb39f8f05d4e1045f5a1caad6daaba987f?s=96&d=mm&r=g","url":"https:\/\/secure.gravatar.com\/avatar\/de1c686c2ecc9c5a3f327e3431d819eb39f8f05d4e1045f5a1caad6daaba987f?s=96&d=mm&r=g","contentUrl":"https:\/\/secure.gravatar.com\/avatar\/de1c686c2ecc9c5a3f327e3431d819eb39f8f05d4e1045f5a1caad6daaba987f?s=96&d=mm&r=g","caption":"Equipe MH"}}]}},"_links":{"self":[{"href":"https:\/\/mhcalculos.com.br\/noticias\/wp-json\/wp\/v2\/posts\/7901","targetHints":{"allow":["GET"]}}],"collection":[{"href":"https:\/\/mhcalculos.com.br\/noticias\/wp-json\/wp\/v2\/posts"}],"about":[{"href":"https:\/\/mhcalculos.com.br\/noticias\/wp-json\/wp\/v2\/types\/post"}],"author":[{"embeddable":true,"href":"https:\/\/mhcalculos.com.br\/noticias\/wp-json\/wp\/v2\/users\/3063"}],"replies":[{"embeddable":true,"href":"https:\/\/mhcalculos.com.br\/noticias\/wp-json\/wp\/v2\/comments?post=7901"}],"version-history":[{"count":1,"href":"https:\/\/mhcalculos.com.br\/noticias\/wp-json\/wp\/v2\/posts\/7901\/revisions"}],"predecessor-version":[{"id":8527,"href":"https:\/\/mhcalculos.com.br\/noticias\/wp-json\/wp\/v2\/posts\/7901\/revisions\/8527"}],"wp:featuredmedia":[{"embeddable":true,"href":"https:\/\/mhcalculos.com.br\/noticias\/wp-json\/wp\/v2\/media\/3140"}],"wp:attachment":[{"href":"https:\/\/mhcalculos.com.br\/noticias\/wp-json\/wp\/v2\/media?parent=7901"}],"wp:term":[{"taxonomy":"category","embeddable":true,"href":"https:\/\/mhcalculos.com.br\/noticias\/wp-json\/wp\/v2\/categories?post=7901"},{"taxonomy":"post_tag","embeddable":true,"href":"https:\/\/mhcalculos.com.br\/noticias\/wp-json\/wp\/v2\/tags?post=7901"}],"curies":[{"name":"wp","href":"https:\/\/api.w.org\/{rel}","templated":true}]}}