{"id":7847,"date":"2021-01-28T11:05:27","date_gmt":"2021-01-28T14:05:27","guid":{"rendered":"https:\/\/mhcalculos.com.br\/noticias\/videos\/como-aplicar-a-nova-atualizacao-nos-calculos-trabalhistas-ipca-e-selic-2.html"},"modified":"2021-01-28T11:05:27","modified_gmt":"2021-01-28T14:05:27","slug":"como-aplicar-a-nova-atualizacao-nos-calculos-trabalhistas-ipca-e-selic-2","status":"publish","type":"post","link":"https:\/\/mhcalculos.com.br\/noticias\/videos\/como-aplicar-a-nova-atualizacao-nos-calculos-trabalhistas-ipca-e-selic-2.html","title":{"rendered":"Como aplicar a nova atualiza\u00e7\u00e3o nos C\u00e1lculos Trabalhistas (IPCA-e \/ SELIC)"},"content":{"rendered":"<p>Com a recente decis\u00e3o do STF, delimitando que o crit\u00e9rio de atualiza\u00e7\u00e3o dos d\u00e9bitos trabalhistas n\u00e3o mais ser\u00e3o realizados pela incid\u00eancia da Taxa Referencial (TR), mas sim pela varia\u00e7\u00e3o do IPCA-e na fase pr\u00e9-judicial e a partir da cita\u00e7\u00e3o utiliza-se a varia\u00e7\u00e3o da SELIC, a maior pergunta que recebo dos nossos clientes e alunos \u00e9: COMO ENTENDER E APLICAR NOS C\u00c1LCULOS JUDICIAIS ESSE CRIT\u00c9RIO? <\/p>\n<p>Sendo que ambos os crit\u00e9rios de atualiza\u00e7\u00e3o s\u00e3o apurados de forma diferente. Vou te ajudar&#8230;n\u00e3o \u00e9 t\u00e3o dif\u00edcil assim \ud83d\ude42 <\/p>\n<p>Um ponto que merece ressalva e vai ser ponto de bastante discuss\u00e3o, \u00e9 que a SELIC engloba juros de atualiza\u00e7\u00e3o monet\u00e1ria, entretando a decis\u00e3o do STF \u00e9 omissa nesse sentido, deixando em aberto a possibilidade dos advogados cobrarem juros de mora acrescido da SELIC. <\/p>\n<p>Assim aguardamos as cenas dos pr\u00f3ximos cap\u00edtulos.<\/p>\n<p>www.mhcalculos.com.br<br \/>\n www.escoladecalculos.com.br<br \/>\n<br \/><a href=\"https:\/\/www.youtube.com\/channel\/UCht7Pxd5XOcnNpgqTHHCNXg\" target=\"_blank\" rel=\"noopener noreferrer\">Clique aqui para acessar o canal da MH C\u00e1lculos no Youtube.<\/a><\/p>\n","protected":false},"excerpt":{"rendered":"<p>Com a recente decis\u00e3o do STF, delimitando que o crit\u00e9rio de atualiza\u00e7\u00e3o dos d\u00e9bitos trabalhistas n\u00e3o mais ser\u00e3o realizados pela incid\u00eancia da Taxa Referencial (TR), mas sim pela varia\u00e7\u00e3o do IPCA-e na fase pr\u00e9-judicial e a partir da cita\u00e7\u00e3o utiliza-se a varia\u00e7\u00e3o da SELIC, a maior pergunta que recebo dos nossos clientes e alunos \u00e9: [&hellip;]<\/p>\n","protected":false},"author":6,"featured_media":7848,"comment_status":"open","ping_status":"open","sticky":false,"template":"","format":"video","meta":{"footnotes":""},"categories":[40],"tags":[37,2228,38,32,33,36,2235,2234,2233,35,782,59,58,9,12,783,34,2236,2229,2231,2230,2232],"class_list":{"0":"post-7847","1":"post","2":"type-post","3":"status-publish","4":"format-video","5":"has-post-thumbnail","7":"category-videos","8":"tag-atualizacao-monetaria","9":"tag-atualizacao-stf","10":"tag-calculo-previdenciarios","11":"tag-calculos-judiciais","12":"tag-calculos-trabalhistas","13":"tag-correcao-monetaria","14":"tag-decisao-selic-stf","15":"tag-decisao-stf-trabalhista","16":"tag-direito-do-trabalho","17":"tag-justica","18":"tag-justica-do-trabalho","19":"tag-marlos-henrique","20":"tag-mh-calculos","21":"tag-pericia","22":"tag-perito","23":"tag-perito-trabalhista","24":"tag-processos-trabalhista","25":"tag-selic","26":"tag-stf-calculos-trabalhistas","27":"tag-stf-ipca-e","28":"tag-stf-tr","29":"tag-tr-e-ipca-e","30":"post_format-post-format-video"},"yoast_head":"<!-- This site is optimized with the Yoast SEO plugin v27.2 - https:\/\/yoast.com\/product\/yoast-seo-wordpress\/ -->\n<title>Como aplicar a nova atualiza\u00e7\u00e3o nos C\u00e1lculos Trabalhistas (IPCA-e \/ SELIC) | Portal de Not\u00edcias<\/title>\n<meta name=\"robots\" content=\"index, follow, max-snippet:-1, max-image-preview:large, max-video-preview:-1\" \/>\n<link rel=\"canonical\" href=\"https:\/\/www.youtube.com\/watch?v=Zby0J0tzax0\" \/>\n<meta property=\"og:locale\" content=\"pt_BR\" \/>\n<meta property=\"og:type\" content=\"article\" \/>\n<meta property=\"og:title\" content=\"Como aplicar a nova atualiza\u00e7\u00e3o nos C\u00e1lculos Trabalhistas (IPCA-e \/ SELIC) | Portal de Not\u00edcias\" \/>\n<meta property=\"og:description\" content=\"Com a recente decis\u00e3o do STF, delimitando que o crit\u00e9rio de atualiza\u00e7\u00e3o dos d\u00e9bitos trabalhistas n\u00e3o mais ser\u00e3o realizados pela incid\u00eancia da Taxa Referencial (TR), mas sim pela varia\u00e7\u00e3o do IPCA-e na fase pr\u00e9-judicial e a partir da cita\u00e7\u00e3o utiliza-se a varia\u00e7\u00e3o da SELIC, a maior pergunta que recebo dos nossos clientes e alunos \u00e9: [&hellip;]\" \/>\n<meta property=\"og:url\" content=\"https:\/\/www.youtube.com\/watch?v=Zby0J0tzax0\" \/>\n<meta property=\"og:site_name\" content=\"Portal de Not\u00edcias\" \/>\n<meta property=\"article:published_time\" content=\"2021-01-28T14:05:27+00:00\" \/>\n<meta property=\"og:image\" content=\"https:\/\/mhcalculos.com.br\/noticias\/wp-content\/uploads\/sites\/2\/2021\/01\/1611842727_maxresdefault.jpg\" \/>\n\t<meta property=\"og:image:width\" content=\"1280\" \/>\n\t<meta property=\"og:image:height\" content=\"720\" \/>\n\t<meta property=\"og:image:type\" content=\"image\/jpeg\" \/>\n<meta name=\"author\" content=\"MH C\u00e1lculos Judiciais\" \/>\n<meta name=\"twitter:card\" content=\"summary_large_image\" \/>\n<meta name=\"twitter:label1\" content=\"Escrito por\" \/>\n\t<meta name=\"twitter:data1\" content=\"MH C\u00e1lculos Judiciais\" \/>\n\t<meta name=\"twitter:label2\" content=\"Est. tempo de leitura\" \/>\n\t<meta name=\"twitter:data2\" content=\"1 minuto\" \/>\n<script type=\"application\/ld+json\" class=\"yoast-schema-graph\">{\"@context\":\"https:\/\/schema.org\",\"@graph\":[{\"@type\":\"Article\",\"@id\":\"https:\/\/www.youtube.com\/watch?v=Zby0J0tzax0#article\",\"isPartOf\":{\"@id\":\"https:\/\/mhcalculos.com.br\/noticias\/videos\/como-aplicar-a-nova-atualizacao-nos-calculos-trabalhistas-ipca-e-selic-2.html\"},\"author\":{\"name\":\"MH C\u00e1lculos Judiciais\",\"@id\":\"https:\/\/mhcalculos.com.br\/noticias\/#\/schema\/person\/bed59a52f868e043e87efe38b55d00e1\"},\"headline\":\"Como aplicar a nova atualiza\u00e7\u00e3o nos C\u00e1lculos Trabalhistas (IPCA-e \/ SELIC)\",\"datePublished\":\"2021-01-28T14:05:27+00:00\",\"mainEntityOfPage\":{\"@id\":\"https:\/\/mhcalculos.com.br\/noticias\/videos\/como-aplicar-a-nova-atualizacao-nos-calculos-trabalhistas-ipca-e-selic-2.html\"},\"wordCount\":188,\"commentCount\":3,\"image\":{\"@id\":\"https:\/\/www.youtube.com\/watch?v=Zby0J0tzax0#primaryimage\"},\"thumbnailUrl\":\"https:\/\/mhcalculos.com.br\/noticias\/wp-content\/uploads\/sites\/2\/2021\/01\/1611842727_maxresdefault.jpg\",\"keywords\":[\"atualiza\u00e7\u00e3o monet\u00e1ria\",\"atualiza\u00e7\u00e3o stf\",\"c\u00e1lculo previdenci\u00e1rios\",\"c\u00e1lculos judiciais\",\"c\u00e1lculos trabalhistas\",\"corre\u00e7\u00e3o monet\u00e1ria\",\"decis\u00e3o SELIC STF\",\"decis\u00e3o stf trabalhista\",\"direito do trabalho\",\"justi\u00e7a\",\"justica do trabalho\",\"marlos henrique\",\"mh c\u00e1lculos\",\"per\u00edcia\",\"perito\",\"perito trabalhista\",\"processos trabalhista\",\"SELIC\",\"stf c\u00e1lculos trabalhistas\",\"stf ipca-e\",\"stf tr\",\"tr e ipca-e\"],\"articleSection\":[\"V\u00eddeos\"],\"inLanguage\":\"pt-BR\",\"potentialAction\":[{\"@type\":\"CommentAction\",\"name\":\"Comment\",\"target\":[\"https:\/\/www.youtube.com\/watch?v=Zby0J0tzax0#respond\"]}]},{\"@type\":\"WebPage\",\"@id\":\"https:\/\/mhcalculos.com.br\/noticias\/videos\/como-aplicar-a-nova-atualizacao-nos-calculos-trabalhistas-ipca-e-selic-2.html\",\"url\":\"https:\/\/www.youtube.com\/watch?v=Zby0J0tzax0\",\"name\":\"Como aplicar a nova atualiza\u00e7\u00e3o nos C\u00e1lculos Trabalhistas (IPCA-e \/ SELIC) | Portal de Not\u00edcias\",\"isPartOf\":{\"@id\":\"https:\/\/mhcalculos.com.br\/noticias\/#website\"},\"primaryImageOfPage\":{\"@id\":\"https:\/\/www.youtube.com\/watch?v=Zby0J0tzax0#primaryimage\"},\"image\":{\"@id\":\"https:\/\/www.youtube.com\/watch?v=Zby0J0tzax0#primaryimage\"},\"thumbnailUrl\":\"https:\/\/mhcalculos.com.br\/noticias\/wp-content\/uploads\/sites\/2\/2021\/01\/1611842727_maxresdefault.jpg\",\"datePublished\":\"2021-01-28T14:05:27+00:00\",\"author\":{\"@id\":\"https:\/\/mhcalculos.com.br\/noticias\/#\/schema\/person\/bed59a52f868e043e87efe38b55d00e1\"},\"breadcrumb\":{\"@id\":\"https:\/\/www.youtube.com\/watch?v=Zby0J0tzax0#breadcrumb\"},\"inLanguage\":\"pt-BR\",\"potentialAction\":[{\"@type\":\"ReadAction\",\"target\":[\"https:\/\/www.youtube.com\/watch?v=Zby0J0tzax0\"]}]},{\"@type\":\"ImageObject\",\"inLanguage\":\"pt-BR\",\"@id\":\"https:\/\/www.youtube.com\/watch?v=Zby0J0tzax0#primaryimage\",\"url\":\"https:\/\/mhcalculos.com.br\/noticias\/wp-content\/uploads\/sites\/2\/2021\/01\/1611842727_maxresdefault.jpg\",\"contentUrl\":\"https:\/\/mhcalculos.com.br\/noticias\/wp-content\/uploads\/sites\/2\/2021\/01\/1611842727_maxresdefault.jpg\",\"width\":1280,\"height\":720},{\"@type\":\"BreadcrumbList\",\"@id\":\"https:\/\/www.youtube.com\/watch?v=Zby0J0tzax0#breadcrumb\",\"itemListElement\":[{\"@type\":\"ListItem\",\"position\":1,\"name\":\"In\u00edcio\",\"item\":\"https:\/\/mhcalculos.com.br\/noticias\/\"},{\"@type\":\"ListItem\",\"position\":2,\"name\":\"Como aplicar a nova atualiza\u00e7\u00e3o nos C\u00e1lculos Trabalhistas (IPCA-e \/ SELIC)\"}]},{\"@type\":\"WebSite\",\"@id\":\"https:\/\/mhcalculos.com.br\/noticias\/#website\",\"url\":\"https:\/\/mhcalculos.com.br\/noticias\/\",\"name\":\"Portal de Not\u00edcias\",\"description\":\"Not\u00edcias e Jurisprud\u00eancia\",\"potentialAction\":[{\"@type\":\"SearchAction\",\"target\":{\"@type\":\"EntryPoint\",\"urlTemplate\":\"https:\/\/mhcalculos.com.br\/noticias\/?s={search_term_string}\"},\"query-input\":{\"@type\":\"PropertyValueSpecification\",\"valueRequired\":true,\"valueName\":\"search_term_string\"}}],\"inLanguage\":\"pt-BR\"},{\"@type\":\"Person\",\"@id\":\"https:\/\/mhcalculos.com.br\/noticias\/#\/schema\/person\/bed59a52f868e043e87efe38b55d00e1\",\"name\":\"MH C\u00e1lculos Judiciais\",\"image\":{\"@type\":\"ImageObject\",\"inLanguage\":\"pt-BR\",\"@id\":\"https:\/\/secure.gravatar.com\/avatar\/?s=96&d=mm&r=g\",\"url\":\"https:\/\/secure.gravatar.com\/avatar\/?s=96&d=mm&r=g\",\"contentUrl\":\"https:\/\/secure.gravatar.com\/avatar\/?s=96&d=mm&r=g\",\"caption\":\"MH C\u00e1lculos Judiciais\"}}]}<\/script>\n<!-- \/ Yoast SEO plugin. -->","yoast_head_json":{"title":"Como aplicar a nova atualiza\u00e7\u00e3o nos C\u00e1lculos Trabalhistas (IPCA-e \/ SELIC) | Portal de Not\u00edcias","robots":{"index":"index","follow":"follow","max-snippet":"max-snippet:-1","max-image-preview":"max-image-preview:large","max-video-preview":"max-video-preview:-1"},"canonical":"https:\/\/www.youtube.com\/watch?v=Zby0J0tzax0","og_locale":"pt_BR","og_type":"article","og_title":"Como aplicar a nova atualiza\u00e7\u00e3o nos C\u00e1lculos Trabalhistas (IPCA-e \/ SELIC) | Portal de Not\u00edcias","og_description":"Com a recente decis\u00e3o do STF, delimitando que o crit\u00e9rio de atualiza\u00e7\u00e3o dos d\u00e9bitos trabalhistas n\u00e3o mais ser\u00e3o realizados pela incid\u00eancia da Taxa Referencial (TR), mas sim pela varia\u00e7\u00e3o do IPCA-e na fase pr\u00e9-judicial e a partir da cita\u00e7\u00e3o utiliza-se a varia\u00e7\u00e3o da SELIC, a maior pergunta que recebo dos nossos clientes e alunos \u00e9: [&hellip;]","og_url":"https:\/\/www.youtube.com\/watch?v=Zby0J0tzax0","og_site_name":"Portal de Not\u00edcias","article_published_time":"2021-01-28T14:05:27+00:00","og_image":[{"width":1280,"height":720,"url":"https:\/\/mhcalculos.com.br\/noticias\/wp-content\/uploads\/sites\/2\/2021\/01\/1611842727_maxresdefault.jpg","type":"image\/jpeg"}],"author":"MH C\u00e1lculos Judiciais","twitter_card":"summary_large_image","twitter_misc":{"Escrito por":"MH C\u00e1lculos Judiciais","Est. tempo de leitura":"1 minuto"},"schema":{"@context":"https:\/\/schema.org","@graph":[{"@type":"Article","@id":"https:\/\/www.youtube.com\/watch?v=Zby0J0tzax0#article","isPartOf":{"@id":"https:\/\/mhcalculos.com.br\/noticias\/videos\/como-aplicar-a-nova-atualizacao-nos-calculos-trabalhistas-ipca-e-selic-2.html"},"author":{"name":"MH C\u00e1lculos Judiciais","@id":"https:\/\/mhcalculos.com.br\/noticias\/#\/schema\/person\/bed59a52f868e043e87efe38b55d00e1"},"headline":"Como aplicar a nova atualiza\u00e7\u00e3o nos C\u00e1lculos Trabalhistas (IPCA-e \/ SELIC)","datePublished":"2021-01-28T14:05:27+00:00","mainEntityOfPage":{"@id":"https:\/\/mhcalculos.com.br\/noticias\/videos\/como-aplicar-a-nova-atualizacao-nos-calculos-trabalhistas-ipca-e-selic-2.html"},"wordCount":188,"commentCount":3,"image":{"@id":"https:\/\/www.youtube.com\/watch?v=Zby0J0tzax0#primaryimage"},"thumbnailUrl":"https:\/\/mhcalculos.com.br\/noticias\/wp-content\/uploads\/sites\/2\/2021\/01\/1611842727_maxresdefault.jpg","keywords":["atualiza\u00e7\u00e3o monet\u00e1ria","atualiza\u00e7\u00e3o stf","c\u00e1lculo previdenci\u00e1rios","c\u00e1lculos judiciais","c\u00e1lculos trabalhistas","corre\u00e7\u00e3o monet\u00e1ria","decis\u00e3o SELIC STF","decis\u00e3o stf trabalhista","direito do trabalho","justi\u00e7a","justica do trabalho","marlos henrique","mh c\u00e1lculos","per\u00edcia","perito","perito trabalhista","processos trabalhista","SELIC","stf c\u00e1lculos trabalhistas","stf ipca-e","stf tr","tr e ipca-e"],"articleSection":["V\u00eddeos"],"inLanguage":"pt-BR","potentialAction":[{"@type":"CommentAction","name":"Comment","target":["https:\/\/www.youtube.com\/watch?v=Zby0J0tzax0#respond"]}]},{"@type":"WebPage","@id":"https:\/\/mhcalculos.com.br\/noticias\/videos\/como-aplicar-a-nova-atualizacao-nos-calculos-trabalhistas-ipca-e-selic-2.html","url":"https:\/\/www.youtube.com\/watch?v=Zby0J0tzax0","name":"Como aplicar a nova atualiza\u00e7\u00e3o nos C\u00e1lculos Trabalhistas (IPCA-e \/ SELIC) | Portal de Not\u00edcias","isPartOf":{"@id":"https:\/\/mhcalculos.com.br\/noticias\/#website"},"primaryImageOfPage":{"@id":"https:\/\/www.youtube.com\/watch?v=Zby0J0tzax0#primaryimage"},"image":{"@id":"https:\/\/www.youtube.com\/watch?v=Zby0J0tzax0#primaryimage"},"thumbnailUrl":"https:\/\/mhcalculos.com.br\/noticias\/wp-content\/uploads\/sites\/2\/2021\/01\/1611842727_maxresdefault.jpg","datePublished":"2021-01-28T14:05:27+00:00","author":{"@id":"https:\/\/mhcalculos.com.br\/noticias\/#\/schema\/person\/bed59a52f868e043e87efe38b55d00e1"},"breadcrumb":{"@id":"https:\/\/www.youtube.com\/watch?v=Zby0J0tzax0#breadcrumb"},"inLanguage":"pt-BR","potentialAction":[{"@type":"ReadAction","target":["https:\/\/www.youtube.com\/watch?v=Zby0J0tzax0"]}]},{"@type":"ImageObject","inLanguage":"pt-BR","@id":"https:\/\/www.youtube.com\/watch?v=Zby0J0tzax0#primaryimage","url":"https:\/\/mhcalculos.com.br\/noticias\/wp-content\/uploads\/sites\/2\/2021\/01\/1611842727_maxresdefault.jpg","contentUrl":"https:\/\/mhcalculos.com.br\/noticias\/wp-content\/uploads\/sites\/2\/2021\/01\/1611842727_maxresdefault.jpg","width":1280,"height":720},{"@type":"BreadcrumbList","@id":"https:\/\/www.youtube.com\/watch?v=Zby0J0tzax0#breadcrumb","itemListElement":[{"@type":"ListItem","position":1,"name":"In\u00edcio","item":"https:\/\/mhcalculos.com.br\/noticias\/"},{"@type":"ListItem","position":2,"name":"Como aplicar a nova atualiza\u00e7\u00e3o nos C\u00e1lculos Trabalhistas (IPCA-e \/ SELIC)"}]},{"@type":"WebSite","@id":"https:\/\/mhcalculos.com.br\/noticias\/#website","url":"https:\/\/mhcalculos.com.br\/noticias\/","name":"Portal de Not\u00edcias","description":"Not\u00edcias e Jurisprud\u00eancia","potentialAction":[{"@type":"SearchAction","target":{"@type":"EntryPoint","urlTemplate":"https:\/\/mhcalculos.com.br\/noticias\/?s={search_term_string}"},"query-input":{"@type":"PropertyValueSpecification","valueRequired":true,"valueName":"search_term_string"}}],"inLanguage":"pt-BR"},{"@type":"Person","@id":"https:\/\/mhcalculos.com.br\/noticias\/#\/schema\/person\/bed59a52f868e043e87efe38b55d00e1","name":"MH C\u00e1lculos Judiciais","image":{"@type":"ImageObject","inLanguage":"pt-BR","@id":"https:\/\/secure.gravatar.com\/avatar\/?s=96&d=mm&r=g","url":"https:\/\/secure.gravatar.com\/avatar\/?s=96&d=mm&r=g","contentUrl":"https:\/\/secure.gravatar.com\/avatar\/?s=96&d=mm&r=g","caption":"MH C\u00e1lculos Judiciais"}}]}},"_links":{"self":[{"href":"https:\/\/mhcalculos.com.br\/noticias\/wp-json\/wp\/v2\/posts\/7847","targetHints":{"allow":["GET"]}}],"collection":[{"href":"https:\/\/mhcalculos.com.br\/noticias\/wp-json\/wp\/v2\/posts"}],"about":[{"href":"https:\/\/mhcalculos.com.br\/noticias\/wp-json\/wp\/v2\/types\/post"}],"author":[{"embeddable":true,"href":"https:\/\/mhcalculos.com.br\/noticias\/wp-json\/wp\/v2\/users\/6"}],"replies":[{"embeddable":true,"href":"https:\/\/mhcalculos.com.br\/noticias\/wp-json\/wp\/v2\/comments?post=7847"}],"version-history":[{"count":0,"href":"https:\/\/mhcalculos.com.br\/noticias\/wp-json\/wp\/v2\/posts\/7847\/revisions"}],"wp:featuredmedia":[{"embeddable":true,"href":"https:\/\/mhcalculos.com.br\/noticias\/wp-json\/wp\/v2\/media\/7848"}],"wp:attachment":[{"href":"https:\/\/mhcalculos.com.br\/noticias\/wp-json\/wp\/v2\/media?parent=7847"}],"wp:term":[{"taxonomy":"category","embeddable":true,"href":"https:\/\/mhcalculos.com.br\/noticias\/wp-json\/wp\/v2\/categories?post=7847"},{"taxonomy":"post_tag","embeddable":true,"href":"https:\/\/mhcalculos.com.br\/noticias\/wp-json\/wp\/v2\/tags?post=7847"}],"curies":[{"name":"wp","href":"https:\/\/api.w.org\/{rel}","templated":true}]}}