{"id":7836,"date":"2021-01-14T11:05:00","date_gmt":"2021-01-14T14:05:00","guid":{"rendered":"https:\/\/mhcalculos.com.br\/noticias\/area\/trabalhista\/tst-empresa-de-onibus-e-condenada-por-contratacao-insuficiente-de-pessoas-com-deficiencia.html"},"modified":"2021-07-28T14:28:17","modified_gmt":"2021-07-28T17:28:17","slug":"tst-empresa-de-onibus-e-condenada-por-contratacao-insuficiente-de-pessoas-com-deficiencia","status":"publish","type":"post","link":"https:\/\/mhcalculos.com.br\/noticias\/area\/trabalhista\/tst-empresa-de-onibus-e-condenada-por-contratacao-insuficiente-de-pessoas-com-deficiencia.html","title":{"rendered":"TST: Empresa de \u00f4nibus \u00e9 condenada por contrata\u00e7\u00e3o insuficiente de pessoas com defici\u00eancia"},"content":{"rendered":"<p><br \/>\n<\/p>\n<p><em><\/p>\n<p>A empresa dever\u00e1 pagar R$ 75 mil por danos morais coletivos.<\/p>\n<p><\/em><\/p>\n<p>        <a class=\"share-facebook\" href=\"https:\/\/www.facebook.com\/sharer.php?u=http:\/\/www.tst.jus.br\/-\/empresa-de-%C3%B4nibus-%C3%A9-condenada-por-contrata%C3%A7%C3%A3o-insuficiente-de-pessoas-com-defici%C3%AAncia\" target=\"_blank\" rel=\"noopener noreferrer\"><\/a><br \/>\n        <a class=\"share-twitter\" href=\"http:\/\/twitter.com\/intent\/tweet?text=Empresa de \u00f4nibus \u00e9 condenada por contrata\u00e7\u00e3o insuficiente de pessoas com defici\u00eancia%0AVeja%20mais%20em:&amp;url=http:\/\/www.tst.jus.br\/-\/empresa-de-%C3%B4nibus-%C3%A9-condenada-por-contrata%C3%A7%C3%A3o-insuficiente-de-pessoas-com-defici%C3%AAncia\" target=\"_blank\" rel=\"noopener noreferrer\"><\/a><br \/>\n        <a class=\"share-linkedin\" href=\"https:\/\/www.linkedin.com\/shareArticle?mini=true&amp;url=http:\/\/www.tst.jus.br\/-\/empresa-de-%C3%B4nibus-%C3%A9-condenada-por-contrata%C3%A7%C3%A3o-insuficiente-de-pessoas-com-defici%C3%AAncia&amp;title=Empresa de \u00f4nibus \u00e9 condenada por contrata\u00e7\u00e3o insuficiente de pessoas com defici\u00eancia\" target=\"_blank\" rel=\"noopener noreferrer\"><\/a><br \/>\n        <a class=\"share-whatsapp\" href=\"https:\/\/web.whatsapp.com\/send?text=http:\/\/www.tst.jus.br\/-\/empresa-de-%C3%B4nibus-%C3%A9-condenada-por-contrata%C3%A7%C3%A3o-insuficiente-de-pessoas-com-defici%C3%AAncia\" target=\"_blank\" rel=\"noopener noreferrer\"><\/a><br \/>\n        <a class=\"share-googleplus\" href=\"https:\/\/plus.google.com\/share?url=http:\/\/www.tst.jus.br\/-\/empresa-de-%C3%B4nibus-%C3%A9-condenada-por-contrata%C3%A7%C3%A3o-insuficiente-de-pessoas-com-defici%C3%AAncia\" target=\"_blank\" rel=\"noopener noreferrer\"><\/a><\/p>\n<p>                <\/p>\n<p>\u00d4nibus na rodovi\u00e1ria. Foto: Andr\u00e9 Borges\/Ag\u00eancia Bras\u00edlia<\/p>\n<p>                    <a class=\"share-facebook\" href=\"https:\/\/www.facebook.com\/sharer.php?u=http:\/\/www.tst.jus.br\/-\/empresa-de-%C3%B4nibus-%C3%A9-condenada-por-contrata%C3%A7%C3%A3o-insuficiente-de-pessoas-com-defici%C3%AAncia\" target=\"_blank\" rel=\"noopener noreferrer\"><\/a><br \/>\n                    <a class=\"share-twitter\" href=\"http:\/\/twitter.com\/intent\/tweet?text=Empresa de \u00f4nibus \u00e9 condenada por contrata\u00e7\u00e3o insuficiente de pessoas com defici\u00eancia%0AVeja%20mais%20em:&amp;url=http:\/\/www.tst.jus.br\/-\/empresa-de-%C3%B4nibus-%C3%A9-condenada-por-contrata%C3%A7%C3%A3o-insuficiente-de-pessoas-com-defici%C3%AAncia\" target=\"_blank\" rel=\"noopener noreferrer\"><\/a><br \/>\n                    <a class=\"share-linkedin\" href=\"https:\/\/www.linkedin.com\/shareArticle?mini=true&amp;url=http:\/\/www.tst.jus.br\/-\/empresa-de-%C3%B4nibus-%C3%A9-condenada-por-contrata%C3%A7%C3%A3o-insuficiente-de-pessoas-com-defici%C3%AAncia&amp;title=Empresa de \u00f4nibus \u00e9 condenada por contrata\u00e7\u00e3o insuficiente de pessoas com defici\u00eancia\" target=\"_blank\" rel=\"noopener noreferrer\"><\/a><br \/>\n                    <a class=\"share-whatsapp\" href=\"https:\/\/web.whatsapp.com\/send?text=http:\/\/www.tst.jus.br\/-\/empresa-de-%C3%B4nibus-%C3%A9-condenada-por-contrata%C3%A7%C3%A3o-insuficiente-de-pessoas-com-defici%C3%AAncia\" target=\"_blank\" rel=\"noopener noreferrer\"><\/a><br \/>\n                    <a class=\"share-googleplus\" href=\"https:\/\/plus.google.com\/share?url=http:\/\/www.tst.jus.br\/-\/empresa-de-%C3%B4nibus-%C3%A9-condenada-por-contrata%C3%A7%C3%A3o-insuficiente-de-pessoas-com-defici%C3%AAncia\" target=\"_blank\" rel=\"noopener noreferrer\"><\/a><\/p>\n<p>14\/01\/21 &#8211;&nbsp;A Terceira Turma do Tribunal Superior do Trabalho condenou a Empresa de \u00d4nibus P\u00e1ssaro Marrom&nbsp;S.A., de Guaratinguet\u00e1 (SP), a pagar R$ 75 mil por danos morais coletivos por n\u00e3o contratar empregados com defici\u00eancia e reabilitados em n\u00famero suficiente. Para o colegiado, apesar da alega\u00e7\u00e3o da empresa de dificuldades de cumprir a cota, a real impossibilidade n\u00e3o ficou demonstrada.&nbsp;<\/p>\n<h4>Percentual<\/h4>\n<p>Em a\u00e7\u00e3o civil p\u00fablica, o Minist\u00e9rio P\u00fablico do Trabalho (MPT) disse que a empresa havia se recusado a firmar Termo de Ajuste de Conduta (TAC) e n\u00e3o cumpria o percentual previsto no artigo 93 da Lei 8.213\/1991 para a contrata\u00e7\u00e3o de pessoas com defici\u00eancia e reabilitadas. Segundo o MPT, dos 19 estabelecimentos da P\u00e1ssaro Marrom, com um total de 1.308 empregados, havia apenas 18 nas vagas destinadas \u00e0 reserva legal, ou seja, 48 a menos do que necess\u00e1rio para cumprir a cota.<\/p>\n<h4>Dificuldades<\/h4>\n<p>Por sua vez, a empresa argumentou que tinha dificuldades para contratar pessoas nessas condi\u00e7\u00f5es e garantiu ter empenhado todos os esfor\u00e7os, \u201cinclusive por meio de sites de empregos e an\u00fancios em jornal comercial e da empresa\u201d. Alegou, ainda, que pedira a exclus\u00e3o dos cargos de motoristas do c\u00e1lculo da cota, uma vez que esses preenchem mais da metade de seu quadro de empregados e necessitam de qualifica\u00e7\u00e3o especial, o que, segundo a companhia, tornava mais \u00e1rdua a tarefa de encontrar pessoas qualificadas no mercado para cumprir a cota.<\/p>\n<h4>\u00c2nimo<\/h4>\n<p>Condenada em primeira inst\u00e2ncia, a empresa recorreu ao Tribunal Regional do Trabalho da 2\u00aa Regi\u00e3o (SP), que reformou a senten\u00e7a, com o fundamento de que houve a contrata\u00e7\u00e3o de empregados deficientes e reabilitados, \u201cembora em n\u00famero insuficiente\u201d. Na interpreta\u00e7\u00e3o do TRT, a empresa havia demonstrado \u00e2nimo de cumprir a lei, e, apesar do ato il\u00edcito do empregador, \u201cobservadas as repercuss\u00f5es sociais, n\u00e3o as idealizadas, mas as concretas\u201d, n\u00e3o via os malef\u00edcios que justificassem a condena\u00e7\u00e3o por dano moral coletivo.&nbsp;<\/p>\n<h4>Viola\u00e7\u00e3o<\/h4>\n<p>Todavia, para o relator do recurso de revista do MPT, ministro Agra Belmonte, a conduta antijur\u00eddica da empresa ficou comprovada. \u201cN\u00e3o ficou demonstrada a real impossibilidade de cumprimento da cota destinada \u00e0s pessoas com defici\u00eancia e reabilitadas nem que suas tentativas para tanto tenham sido infrut\u00edferas\u201d, explicou. O ministro lembrou que incumbe ao empregador, nos moldes do artigo 93 da Lei 8.213\/1991, promover a inclus\u00e3o das pessoas com defici\u00eancia ou reabilitadas pelo INSS. \u201cAo n\u00e3o o fazer, gera, sim, dano \u00e0 coletividade\u201d, observou.<\/p>\n<p>Por unanimidade, foi restabelecida a senten\u00e7a.<\/p>\n<p>(RR\/CF)<\/p>\n<p>Processo: <a href=\"http:\/\/aplicacao4.tst.jus.br\/consultaProcessual\/consultaTstNumUnica.do?consulta=Consultar&amp;conscsjt=&amp;numeroTst=982&amp;digitoTst=06&amp;anoTst=2015&amp;orgaoTst=5&amp;tribunalTst=02&amp;varaTst=0067&amp;submit=Consultar\" target=\"_blank\" rel=\"noopener noreferrer\">RRAg-982-06.2015.5.02.0067<\/a><\/p>\n<p>O TST possui oito Turmas, cada uma composta por tr\u00eas ministros, com a atribui\u00e7\u00e3o de analisar recursos de revista, agravos, agravos de instrumento, agravos regimentais e recursos ordin\u00e1rios em a\u00e7\u00e3o cautelar. Das decis\u00f5es das Turmas, a parte ainda pode, em alguns casos, recorrer \u00e0 Subse\u00e7\u00e3o I Especializada em Diss\u00eddios Individuais (SBDI-1).<\/p>\n<p>Esta mat\u00e9ria tem cunho meramente informativo<br \/>\nPermitida a reprodu\u00e7\u00e3o mediante cita\u00e7\u00e3o da fonte.<br \/>\nSecretaria de Comunica\u00e7\u00e3o Social<br \/>\n<a href=\"http:\/\/www.tst.jus.br\" target=\"_blank\" rel=\"noopener noreferrer\">Tribunal Superior do Trabalho<\/a><br \/>\nTel. (61) 3043-4907<br \/>\n<a href=\"mailto:secom@tst.jus.br\" target=\"\" rel=\"noopener noreferrer\">secom@tst.jus.br<\/a><\/p>\n<p>    $(&#8216;#lightbox-wmdf_ .slider-gallery-wrapper img&#8217;).hover(<br \/>\n    function() {<br \/>\n        const $text=$($($(this).parent()).next());<br \/>\n        $text.hasClass(&#8216;inside-description&#8217;) &amp;&amp; $text.fadeTo( &#8220;slow&#8221; , 0);<br \/>\n    }, function() {<br \/>\n        const $text=$($($(this).parent()).next());<br \/>\n        $text.hasClass(&#8216;inside-description&#8217;) &amp;&amp; $text.fadeTo( &#8220;slow&#8221; , 1);<br \/>\n    }<br \/>\n    );<br \/>\n    $(document).ready(function() {<br \/>\n        var wmdf_autoplaying=false;<br \/>\n        var wmdf_showingLightbox=false;<br \/>\n        const wmdf_playPauseControllers=&#8221;#slider-wmdf_-playpause, #slider-wmdf_-lightbox-playpause&#8221;;<br \/>\n        $(&#8220;#slider-wmdf_&#8221;).slick({<br \/>\n            slidesToShow: 1,<br \/>\n            slidesToScroll: 1,<br \/>\n            autoplay: wmdf_autoplaying,<br \/>\n            swipeToSlide: false,<br \/>\n            centerMode: false,<br \/>\n            autoplaySpeed: 3000,<br \/>\n            focusOnSelect: true,<br \/>\n            prevArrow:<br \/>\n            &#8221;,<br \/>\n            nextArrow:<br \/>\n            &#8221;,<br \/>\n            centerPadding: &#8220;60px&#8221;,<br \/>\n            responsive: [<br \/>\n                {<br \/>\n                    breakpoint: 767.98,<br \/>\n                    settings: {<br \/>\n                        slidesToShow: 3,<br \/>\n                        adaptiveHeight: true<br \/>\n                    }<br \/>\n                }<br \/>\n            ]<br \/>\n        });<br \/>\n        $(&#8220;#slider-wmdf_&#8221;).slickLightbox({<br \/>\n            src: &#8216;src&#8217;,<br \/>\n            itemSelector: &#8216;.galery-image .multimidia-wrapper img&#8217;,<br \/>\n            caption:&#8217;caption&#8217;<br \/>\n        });<br \/>\n    });<br \/>\n<script async src=\"https:\/\/platform.twitter.com\/widgets.js\" charset=\"utf-8\"><\/script><br \/>\n<br \/><i>Com informa\u00e7\u00f5es da assessoria de imprensa do TST.<\/i><br \/>\n<br \/><a href=\"http:\/\/www.tst.jus.br\/web\/guest\/noticias?p_p_id=89Dk&#038;p_p_lifecycle=0&#038;refererPlid=10730&#038;_89Dk_groupId=10157&#038;_89Dk_articleId=26949340\">Fonte<\/a><br \/>\n<br \/><\/p>\n","protected":false},"excerpt":{"rendered":"<p>A empresa dever\u00e1 pagar R$ 75 mil por danos morais coletivos. \u00d4nibus na rodovi\u00e1ria. Foto: Andr\u00e9 Borges\/Ag\u00eancia Bras\u00edlia 14\/01\/21 &#8211;&nbsp;A Terceira Turma do Tribunal Superior do Trabalho condenou a Empresa de \u00d4nibus P\u00e1ssaro Marrom&nbsp;S.A., de Guaratinguet\u00e1 (SP), a pagar R$ 75 mil por danos morais coletivos por n\u00e3o contratar empregados com defici\u00eancia e reabilitados em [&hellip;]<\/p>\n","protected":false},"author":3063,"featured_media":2159,"comment_status":"open","ping_status":"open","sticky":false,"template":"","format":"standard","meta":{"footnotes":""},"categories":[3,21],"tags":[33,216,9,12,217,215],"class_list":{"0":"post-7836","1":"post","2":"type-post","3":"status-publish","4":"format-standard","5":"has-post-thumbnail","7":"category-trabalhista","8":"category-tst","9":"tag-calculos-trabalhistas","10":"tag-direito-trabalhista","11":"tag-pericia","12":"tag-perito","13":"tag-trabalho","14":"tag-tst"},"yoast_head":"<!-- This site is optimized with the Yoast SEO plugin v27.2 - https:\/\/yoast.com\/product\/yoast-seo-wordpress\/ -->\n<title>TST: Empresa de \u00f4nibus \u00e9 condenada por contrata\u00e7\u00e3o insuficiente de pessoas com defici\u00eancia | Portal de Not\u00edcias<\/title>\n<meta name=\"robots\" content=\"index, follow, max-snippet:-1, max-image-preview:large, max-video-preview:-1\" \/>\n<link rel=\"canonical\" href=\"https:\/\/mhcalculos.com.br\/noticias\/area\/trabalhista\/tst-empresa-de-onibus-e-condenada-por-contratacao-insuficiente-de-pessoas-com-deficiencia.html\" \/>\n<meta property=\"og:locale\" content=\"pt_BR\" \/>\n<meta property=\"og:type\" content=\"article\" \/>\n<meta property=\"og:title\" content=\"TST: Empresa de \u00f4nibus \u00e9 condenada por contrata\u00e7\u00e3o insuficiente de pessoas com defici\u00eancia | Portal de Not\u00edcias\" \/>\n<meta property=\"og:description\" content=\"A empresa dever\u00e1 pagar R$ 75 mil por danos morais coletivos. \u00d4nibus na rodovi\u00e1ria. Foto: Andr\u00e9 Borges\/Ag\u00eancia Bras\u00edlia 14\/01\/21 &#8211;&nbsp;A Terceira Turma do Tribunal Superior do Trabalho condenou a Empresa de \u00d4nibus P\u00e1ssaro Marrom&nbsp;S.A., de Guaratinguet\u00e1 (SP), a pagar R$ 75 mil por danos morais coletivos por n\u00e3o contratar empregados com defici\u00eancia e reabilitados em [&hellip;]\" \/>\n<meta property=\"og:url\" content=\"https:\/\/mhcalculos.com.br\/noticias\/area\/trabalhista\/tst-empresa-de-onibus-e-condenada-por-contratacao-insuficiente-de-pessoas-com-deficiencia.html\" \/>\n<meta property=\"og:site_name\" content=\"Portal de Not\u00edcias\" \/>\n<meta property=\"article:published_time\" content=\"2021-01-14T14:05:00+00:00\" \/>\n<meta property=\"article:modified_time\" content=\"2021-07-28T17:28:17+00:00\" \/>\n<meta property=\"og:image\" content=\"https:\/\/mhcalculos.com.br\/noticias\/wp-content\/uploads\/sites\/2\/2018\/06\/trabalhista-0047.jpg\" \/>\n\t<meta property=\"og:image:width\" content=\"2000\" \/>\n\t<meta property=\"og:image:height\" content=\"800\" \/>\n\t<meta property=\"og:image:type\" content=\"image\/jpeg\" \/>\n<meta name=\"author\" content=\"Equipe MH\" \/>\n<meta name=\"twitter:card\" content=\"summary_large_image\" \/>\n<meta name=\"twitter:label1\" content=\"Escrito por\" \/>\n\t<meta name=\"twitter:data1\" content=\"Equipe MH\" \/>\n\t<meta name=\"twitter:label2\" content=\"Est. tempo de leitura\" \/>\n\t<meta name=\"twitter:data2\" content=\"3 minutos\" \/>\n<script type=\"application\/ld+json\" class=\"yoast-schema-graph\">{\"@context\":\"https:\/\/schema.org\",\"@graph\":[{\"@type\":\"Article\",\"@id\":\"https:\/\/mhcalculos.com.br\/noticias\/area\/trabalhista\/tst-empresa-de-onibus-e-condenada-por-contratacao-insuficiente-de-pessoas-com-deficiencia.html#article\",\"isPartOf\":{\"@id\":\"https:\/\/mhcalculos.com.br\/noticias\/area\/trabalhista\/tst-empresa-de-onibus-e-condenada-por-contratacao-insuficiente-de-pessoas-com-deficiencia.html\"},\"author\":{\"name\":\"Equipe MH\",\"@id\":\"https:\/\/mhcalculos.com.br\/noticias\/#\/schema\/person\/88d1c34bf72dc779ea14a5a6b8e0ae8d\"},\"headline\":\"TST: Empresa de \u00f4nibus \u00e9 condenada por contrata\u00e7\u00e3o insuficiente de pessoas com defici\u00eancia\",\"datePublished\":\"2021-01-14T14:05:00+00:00\",\"dateModified\":\"2021-07-28T17:28:17+00:00\",\"mainEntityOfPage\":{\"@id\":\"https:\/\/mhcalculos.com.br\/noticias\/area\/trabalhista\/tst-empresa-de-onibus-e-condenada-por-contratacao-insuficiente-de-pessoas-com-deficiencia.html\"},\"wordCount\":661,\"commentCount\":0,\"image\":{\"@id\":\"https:\/\/mhcalculos.com.br\/noticias\/area\/trabalhista\/tst-empresa-de-onibus-e-condenada-por-contratacao-insuficiente-de-pessoas-com-deficiencia.html#primaryimage\"},\"thumbnailUrl\":\"https:\/\/mhcalculos.com.br\/noticias\/wp-content\/uploads\/sites\/2\/2018\/06\/trabalhista-0047.jpg\",\"keywords\":[\"c\u00e1lculos trabalhistas\",\"direito trabalhista\",\"per\u00edcia\",\"perito\",\"trabalho\",\"TST\"],\"articleSection\":[\"Direito Trabalhista\",\"TST\"],\"inLanguage\":\"pt-BR\",\"potentialAction\":[{\"@type\":\"CommentAction\",\"name\":\"Comment\",\"target\":[\"https:\/\/mhcalculos.com.br\/noticias\/area\/trabalhista\/tst-empresa-de-onibus-e-condenada-por-contratacao-insuficiente-de-pessoas-com-deficiencia.html#respond\"]}]},{\"@type\":\"WebPage\",\"@id\":\"https:\/\/mhcalculos.com.br\/noticias\/area\/trabalhista\/tst-empresa-de-onibus-e-condenada-por-contratacao-insuficiente-de-pessoas-com-deficiencia.html\",\"url\":\"https:\/\/mhcalculos.com.br\/noticias\/area\/trabalhista\/tst-empresa-de-onibus-e-condenada-por-contratacao-insuficiente-de-pessoas-com-deficiencia.html\",\"name\":\"TST: Empresa de \u00f4nibus \u00e9 condenada por contrata\u00e7\u00e3o insuficiente de pessoas com defici\u00eancia | Portal de Not\u00edcias\",\"isPartOf\":{\"@id\":\"https:\/\/mhcalculos.com.br\/noticias\/#website\"},\"primaryImageOfPage\":{\"@id\":\"https:\/\/mhcalculos.com.br\/noticias\/area\/trabalhista\/tst-empresa-de-onibus-e-condenada-por-contratacao-insuficiente-de-pessoas-com-deficiencia.html#primaryimage\"},\"image\":{\"@id\":\"https:\/\/mhcalculos.com.br\/noticias\/area\/trabalhista\/tst-empresa-de-onibus-e-condenada-por-contratacao-insuficiente-de-pessoas-com-deficiencia.html#primaryimage\"},\"thumbnailUrl\":\"https:\/\/mhcalculos.com.br\/noticias\/wp-content\/uploads\/sites\/2\/2018\/06\/trabalhista-0047.jpg\",\"datePublished\":\"2021-01-14T14:05:00+00:00\",\"dateModified\":\"2021-07-28T17:28:17+00:00\",\"author\":{\"@id\":\"https:\/\/mhcalculos.com.br\/noticias\/#\/schema\/person\/88d1c34bf72dc779ea14a5a6b8e0ae8d\"},\"breadcrumb\":{\"@id\":\"https:\/\/mhcalculos.com.br\/noticias\/area\/trabalhista\/tst-empresa-de-onibus-e-condenada-por-contratacao-insuficiente-de-pessoas-com-deficiencia.html#breadcrumb\"},\"inLanguage\":\"pt-BR\",\"potentialAction\":[{\"@type\":\"ReadAction\",\"target\":[\"https:\/\/mhcalculos.com.br\/noticias\/area\/trabalhista\/tst-empresa-de-onibus-e-condenada-por-contratacao-insuficiente-de-pessoas-com-deficiencia.html\"]}]},{\"@type\":\"ImageObject\",\"inLanguage\":\"pt-BR\",\"@id\":\"https:\/\/mhcalculos.com.br\/noticias\/area\/trabalhista\/tst-empresa-de-onibus-e-condenada-por-contratacao-insuficiente-de-pessoas-com-deficiencia.html#primaryimage\",\"url\":\"https:\/\/mhcalculos.com.br\/noticias\/wp-content\/uploads\/sites\/2\/2018\/06\/trabalhista-0047.jpg\",\"contentUrl\":\"https:\/\/mhcalculos.com.br\/noticias\/wp-content\/uploads\/sites\/2\/2018\/06\/trabalhista-0047.jpg\",\"width\":2000,\"height\":800},{\"@type\":\"BreadcrumbList\",\"@id\":\"https:\/\/mhcalculos.com.br\/noticias\/area\/trabalhista\/tst-empresa-de-onibus-e-condenada-por-contratacao-insuficiente-de-pessoas-com-deficiencia.html#breadcrumb\",\"itemListElement\":[{\"@type\":\"ListItem\",\"position\":1,\"name\":\"In\u00edcio\",\"item\":\"https:\/\/mhcalculos.com.br\/noticias\/\"},{\"@type\":\"ListItem\",\"position\":2,\"name\":\"TST: Empresa de \u00f4nibus \u00e9 condenada por contrata\u00e7\u00e3o insuficiente de pessoas com defici\u00eancia\"}]},{\"@type\":\"WebSite\",\"@id\":\"https:\/\/mhcalculos.com.br\/noticias\/#website\",\"url\":\"https:\/\/mhcalculos.com.br\/noticias\/\",\"name\":\"Portal de Not\u00edcias\",\"description\":\"Not\u00edcias e Jurisprud\u00eancia\",\"potentialAction\":[{\"@type\":\"SearchAction\",\"target\":{\"@type\":\"EntryPoint\",\"urlTemplate\":\"https:\/\/mhcalculos.com.br\/noticias\/?s={search_term_string}\"},\"query-input\":{\"@type\":\"PropertyValueSpecification\",\"valueRequired\":true,\"valueName\":\"search_term_string\"}}],\"inLanguage\":\"pt-BR\"},{\"@type\":\"Person\",\"@id\":\"https:\/\/mhcalculos.com.br\/noticias\/#\/schema\/person\/88d1c34bf72dc779ea14a5a6b8e0ae8d\",\"name\":\"Equipe MH\",\"image\":{\"@type\":\"ImageObject\",\"inLanguage\":\"pt-BR\",\"@id\":\"https:\/\/secure.gravatar.com\/avatar\/de1c686c2ecc9c5a3f327e3431d819eb39f8f05d4e1045f5a1caad6daaba987f?s=96&d=mm&r=g\",\"url\":\"https:\/\/secure.gravatar.com\/avatar\/de1c686c2ecc9c5a3f327e3431d819eb39f8f05d4e1045f5a1caad6daaba987f?s=96&d=mm&r=g\",\"contentUrl\":\"https:\/\/secure.gravatar.com\/avatar\/de1c686c2ecc9c5a3f327e3431d819eb39f8f05d4e1045f5a1caad6daaba987f?s=96&d=mm&r=g\",\"caption\":\"Equipe MH\"}}]}<\/script>\n<!-- \/ Yoast SEO plugin. -->","yoast_head_json":{"title":"TST: Empresa de \u00f4nibus \u00e9 condenada por contrata\u00e7\u00e3o insuficiente de pessoas com defici\u00eancia | Portal de Not\u00edcias","robots":{"index":"index","follow":"follow","max-snippet":"max-snippet:-1","max-image-preview":"max-image-preview:large","max-video-preview":"max-video-preview:-1"},"canonical":"https:\/\/mhcalculos.com.br\/noticias\/area\/trabalhista\/tst-empresa-de-onibus-e-condenada-por-contratacao-insuficiente-de-pessoas-com-deficiencia.html","og_locale":"pt_BR","og_type":"article","og_title":"TST: Empresa de \u00f4nibus \u00e9 condenada por contrata\u00e7\u00e3o insuficiente de pessoas com defici\u00eancia | Portal de Not\u00edcias","og_description":"A empresa dever\u00e1 pagar R$ 75 mil por danos morais coletivos. \u00d4nibus na rodovi\u00e1ria. Foto: Andr\u00e9 Borges\/Ag\u00eancia Bras\u00edlia 14\/01\/21 &#8211;&nbsp;A Terceira Turma do Tribunal Superior do Trabalho condenou a Empresa de \u00d4nibus P\u00e1ssaro Marrom&nbsp;S.A., de Guaratinguet\u00e1 (SP), a pagar R$ 75 mil por danos morais coletivos por n\u00e3o contratar empregados com defici\u00eancia e reabilitados em [&hellip;]","og_url":"https:\/\/mhcalculos.com.br\/noticias\/area\/trabalhista\/tst-empresa-de-onibus-e-condenada-por-contratacao-insuficiente-de-pessoas-com-deficiencia.html","og_site_name":"Portal de Not\u00edcias","article_published_time":"2021-01-14T14:05:00+00:00","article_modified_time":"2021-07-28T17:28:17+00:00","og_image":[{"width":2000,"height":800,"url":"https:\/\/mhcalculos.com.br\/noticias\/wp-content\/uploads\/sites\/2\/2018\/06\/trabalhista-0047.jpg","type":"image\/jpeg"}],"author":"Equipe MH","twitter_card":"summary_large_image","twitter_misc":{"Escrito por":"Equipe MH","Est. tempo de leitura":"3 minutos"},"schema":{"@context":"https:\/\/schema.org","@graph":[{"@type":"Article","@id":"https:\/\/mhcalculos.com.br\/noticias\/area\/trabalhista\/tst-empresa-de-onibus-e-condenada-por-contratacao-insuficiente-de-pessoas-com-deficiencia.html#article","isPartOf":{"@id":"https:\/\/mhcalculos.com.br\/noticias\/area\/trabalhista\/tst-empresa-de-onibus-e-condenada-por-contratacao-insuficiente-de-pessoas-com-deficiencia.html"},"author":{"name":"Equipe MH","@id":"https:\/\/mhcalculos.com.br\/noticias\/#\/schema\/person\/88d1c34bf72dc779ea14a5a6b8e0ae8d"},"headline":"TST: Empresa de \u00f4nibus \u00e9 condenada por contrata\u00e7\u00e3o insuficiente de pessoas com defici\u00eancia","datePublished":"2021-01-14T14:05:00+00:00","dateModified":"2021-07-28T17:28:17+00:00","mainEntityOfPage":{"@id":"https:\/\/mhcalculos.com.br\/noticias\/area\/trabalhista\/tst-empresa-de-onibus-e-condenada-por-contratacao-insuficiente-de-pessoas-com-deficiencia.html"},"wordCount":661,"commentCount":0,"image":{"@id":"https:\/\/mhcalculos.com.br\/noticias\/area\/trabalhista\/tst-empresa-de-onibus-e-condenada-por-contratacao-insuficiente-de-pessoas-com-deficiencia.html#primaryimage"},"thumbnailUrl":"https:\/\/mhcalculos.com.br\/noticias\/wp-content\/uploads\/sites\/2\/2018\/06\/trabalhista-0047.jpg","keywords":["c\u00e1lculos trabalhistas","direito trabalhista","per\u00edcia","perito","trabalho","TST"],"articleSection":["Direito Trabalhista","TST"],"inLanguage":"pt-BR","potentialAction":[{"@type":"CommentAction","name":"Comment","target":["https:\/\/mhcalculos.com.br\/noticias\/area\/trabalhista\/tst-empresa-de-onibus-e-condenada-por-contratacao-insuficiente-de-pessoas-com-deficiencia.html#respond"]}]},{"@type":"WebPage","@id":"https:\/\/mhcalculos.com.br\/noticias\/area\/trabalhista\/tst-empresa-de-onibus-e-condenada-por-contratacao-insuficiente-de-pessoas-com-deficiencia.html","url":"https:\/\/mhcalculos.com.br\/noticias\/area\/trabalhista\/tst-empresa-de-onibus-e-condenada-por-contratacao-insuficiente-de-pessoas-com-deficiencia.html","name":"TST: Empresa de \u00f4nibus \u00e9 condenada por contrata\u00e7\u00e3o insuficiente de pessoas com defici\u00eancia | Portal de Not\u00edcias","isPartOf":{"@id":"https:\/\/mhcalculos.com.br\/noticias\/#website"},"primaryImageOfPage":{"@id":"https:\/\/mhcalculos.com.br\/noticias\/area\/trabalhista\/tst-empresa-de-onibus-e-condenada-por-contratacao-insuficiente-de-pessoas-com-deficiencia.html#primaryimage"},"image":{"@id":"https:\/\/mhcalculos.com.br\/noticias\/area\/trabalhista\/tst-empresa-de-onibus-e-condenada-por-contratacao-insuficiente-de-pessoas-com-deficiencia.html#primaryimage"},"thumbnailUrl":"https:\/\/mhcalculos.com.br\/noticias\/wp-content\/uploads\/sites\/2\/2018\/06\/trabalhista-0047.jpg","datePublished":"2021-01-14T14:05:00+00:00","dateModified":"2021-07-28T17:28:17+00:00","author":{"@id":"https:\/\/mhcalculos.com.br\/noticias\/#\/schema\/person\/88d1c34bf72dc779ea14a5a6b8e0ae8d"},"breadcrumb":{"@id":"https:\/\/mhcalculos.com.br\/noticias\/area\/trabalhista\/tst-empresa-de-onibus-e-condenada-por-contratacao-insuficiente-de-pessoas-com-deficiencia.html#breadcrumb"},"inLanguage":"pt-BR","potentialAction":[{"@type":"ReadAction","target":["https:\/\/mhcalculos.com.br\/noticias\/area\/trabalhista\/tst-empresa-de-onibus-e-condenada-por-contratacao-insuficiente-de-pessoas-com-deficiencia.html"]}]},{"@type":"ImageObject","inLanguage":"pt-BR","@id":"https:\/\/mhcalculos.com.br\/noticias\/area\/trabalhista\/tst-empresa-de-onibus-e-condenada-por-contratacao-insuficiente-de-pessoas-com-deficiencia.html#primaryimage","url":"https:\/\/mhcalculos.com.br\/noticias\/wp-content\/uploads\/sites\/2\/2018\/06\/trabalhista-0047.jpg","contentUrl":"https:\/\/mhcalculos.com.br\/noticias\/wp-content\/uploads\/sites\/2\/2018\/06\/trabalhista-0047.jpg","width":2000,"height":800},{"@type":"BreadcrumbList","@id":"https:\/\/mhcalculos.com.br\/noticias\/area\/trabalhista\/tst-empresa-de-onibus-e-condenada-por-contratacao-insuficiente-de-pessoas-com-deficiencia.html#breadcrumb","itemListElement":[{"@type":"ListItem","position":1,"name":"In\u00edcio","item":"https:\/\/mhcalculos.com.br\/noticias\/"},{"@type":"ListItem","position":2,"name":"TST: Empresa de \u00f4nibus \u00e9 condenada por contrata\u00e7\u00e3o insuficiente de pessoas com defici\u00eancia"}]},{"@type":"WebSite","@id":"https:\/\/mhcalculos.com.br\/noticias\/#website","url":"https:\/\/mhcalculos.com.br\/noticias\/","name":"Portal de Not\u00edcias","description":"Not\u00edcias e Jurisprud\u00eancia","potentialAction":[{"@type":"SearchAction","target":{"@type":"EntryPoint","urlTemplate":"https:\/\/mhcalculos.com.br\/noticias\/?s={search_term_string}"},"query-input":{"@type":"PropertyValueSpecification","valueRequired":true,"valueName":"search_term_string"}}],"inLanguage":"pt-BR"},{"@type":"Person","@id":"https:\/\/mhcalculos.com.br\/noticias\/#\/schema\/person\/88d1c34bf72dc779ea14a5a6b8e0ae8d","name":"Equipe MH","image":{"@type":"ImageObject","inLanguage":"pt-BR","@id":"https:\/\/secure.gravatar.com\/avatar\/de1c686c2ecc9c5a3f327e3431d819eb39f8f05d4e1045f5a1caad6daaba987f?s=96&d=mm&r=g","url":"https:\/\/secure.gravatar.com\/avatar\/de1c686c2ecc9c5a3f327e3431d819eb39f8f05d4e1045f5a1caad6daaba987f?s=96&d=mm&r=g","contentUrl":"https:\/\/secure.gravatar.com\/avatar\/de1c686c2ecc9c5a3f327e3431d819eb39f8f05d4e1045f5a1caad6daaba987f?s=96&d=mm&r=g","caption":"Equipe MH"}}]}},"_links":{"self":[{"href":"https:\/\/mhcalculos.com.br\/noticias\/wp-json\/wp\/v2\/posts\/7836","targetHints":{"allow":["GET"]}}],"collection":[{"href":"https:\/\/mhcalculos.com.br\/noticias\/wp-json\/wp\/v2\/posts"}],"about":[{"href":"https:\/\/mhcalculos.com.br\/noticias\/wp-json\/wp\/v2\/types\/post"}],"author":[{"embeddable":true,"href":"https:\/\/mhcalculos.com.br\/noticias\/wp-json\/wp\/v2\/users\/3063"}],"replies":[{"embeddable":true,"href":"https:\/\/mhcalculos.com.br\/noticias\/wp-json\/wp\/v2\/comments?post=7836"}],"version-history":[{"count":1,"href":"https:\/\/mhcalculos.com.br\/noticias\/wp-json\/wp\/v2\/posts\/7836\/revisions"}],"predecessor-version":[{"id":8589,"href":"https:\/\/mhcalculos.com.br\/noticias\/wp-json\/wp\/v2\/posts\/7836\/revisions\/8589"}],"wp:featuredmedia":[{"embeddable":true,"href":"https:\/\/mhcalculos.com.br\/noticias\/wp-json\/wp\/v2\/media\/2159"}],"wp:attachment":[{"href":"https:\/\/mhcalculos.com.br\/noticias\/wp-json\/wp\/v2\/media?parent=7836"}],"wp:term":[{"taxonomy":"category","embeddable":true,"href":"https:\/\/mhcalculos.com.br\/noticias\/wp-json\/wp\/v2\/categories?post=7836"},{"taxonomy":"post_tag","embeddable":true,"href":"https:\/\/mhcalculos.com.br\/noticias\/wp-json\/wp\/v2\/tags?post=7836"}],"curies":[{"name":"wp","href":"https:\/\/api.w.org\/{rel}","templated":true}]}}