{"id":7830,"date":"2021-01-17T14:05:25","date_gmt":"2021-01-17T17:05:25","guid":{"rendered":"https:\/\/mhcalculos.com.br\/noticias\/area\/previdenciario\/stf-suspenso-processo-de-aposentadoria-voluntaria-de-conselheiro-do-tribunal-de-contas-do-rio-de-janeiro.html"},"modified":"2021-07-28T14:28:16","modified_gmt":"2021-07-28T17:28:16","slug":"stf-suspenso-processo-de-aposentadoria-voluntaria-de-conselheiro-do-tribunal-de-contas-do-rio-de-janeiro","status":"publish","type":"post","link":"https:\/\/mhcalculos.com.br\/noticias\/area\/previdenciario\/stf-suspenso-processo-de-aposentadoria-voluntaria-de-conselheiro-do-tribunal-de-contas-do-rio-de-janeiro.html","title":{"rendered":"STF: Suspenso processo de aposentadoria volunt\u00e1ria de conselheiro do Tribunal de Contas do Rio de Janeiro"},"content":{"rendered":"<p><br \/>\n<\/p>\n<p>O presidente do Supremo Tribunal Federal (STF), ministro Luiz Fux, deferiu liminar na Suspens\u00e3o de Seguran\u00e7a (SS) 5459 para paralisar o julgamento do processo que discute, no Tribunal de Justi\u00e7a do Estado do Rio de Janeiro (TJ-RJ), a aposentadoria volunt\u00e1ria do conselheiro do Tribunal de Contas do estado Aloysio Neves Guedes. Ele responde pelos crimes de corrup\u00e7\u00e3o passiva, lavagem de dinheiro e associa\u00e7\u00e3o criminosa em a\u00e7\u00e3o penal em tr\u00e2mite no Superior Tribunal de Justi\u00e7a (STJ), em que teve o exerc\u00edcio de sua fun\u00e7\u00e3o p\u00fablica suspenso.<\/p>\n<p>Ao conceder o pedido do Minist\u00e9rio P\u00fablico do Estado do Rio de Janeiro (MP-RJ), o ministro Luiz Fux registrou que, no julgamento do agravo regimental na Peti\u00e7\u00e3o (PET) 7221, da qual \u00e9 relator, o STF firmou entendimento no sentido da incompatibilidade do pedido de aposentadoria volunt\u00e1ria de r\u00e9u afastado cautelarmente do cargo p\u00fablico em a\u00e7\u00e3o penal, sob pena de esvaziamento dos efeitos da medida cautelar e, no caso de eventual condena\u00e7\u00e3o, do efeito da perda do cargo e da fun\u00e7\u00e3o p\u00fablica.<\/p>\n<p>Segundo ele, o cotejo anal\u00edtico entre a decis\u00e3o do TJ-RJ e esse precedente revela, ao menos em exame preliminar, descompasso com a jurisprud\u00eancia do STF sobre o tema. Na decis\u00e3o, o ministro Fux defere o pedido de liminar para suspender o processo de aposentadoria volunt\u00e1ria at\u00e9 decis\u00e3o na a\u00e7\u00e3o penal em curso no STJ.<\/p>\n<p><span style=\"font-size: smaller\">RR\/AS\/\/CF<\/span><\/p>\n<p>Leia mais:<\/p>\n<p>3\/4\/2018 &#8211; <a href=\"http:\/\/portal.stf.jus.br\/noticias\/verNoticiaDetalhe.asp?idConteudo=374280&amp;ori=1\" target=\"_blank\" rel=\"noopener noreferrer\">1&ordf; Turma mant\u00e9m suspenso processo de aposentadoria de conselheiro do TCE-MT<\/a><\/p>\n<p>&nbsp;<\/p>\n<p><i>Com informa\u00e7\u00f5es da assessoria de imprensa do STF.<\/i><br \/>\n<br \/><br \/>\n<br \/><a href=\"http:\/\/www.stf.jus.br\/portal\/cms\/verNoticiaDetalhe.asp?idConteudo=458696\">Fonte<\/a><\/p>\n","protected":false},"excerpt":{"rendered":"<p>O presidente do Supremo Tribunal Federal (STF), ministro Luiz Fux, deferiu liminar na Suspens\u00e3o de Seguran\u00e7a (SS) 5459 para paralisar o julgamento do processo que discute, no Tribunal de Justi\u00e7a do Estado do Rio de Janeiro (TJ-RJ), a aposentadoria volunt\u00e1ria do conselheiro do Tribunal de Contas do estado Aloysio Neves Guedes. Ele responde pelos crimes [&hellip;]<\/p>\n","protected":false},"author":3063,"featured_media":2362,"comment_status":"open","ping_status":"open","sticky":false,"template":"","format":"standard","meta":{"footnotes":""},"categories":[5,15],"tags":[11,10,8,13,9,12,16],"class_list":{"0":"post-7830","1":"post","2":"type-post","3":"status-publish","4":"format-standard","5":"has-post-thumbnail","7":"category-previdenciario","8":"category-stf","9":"tag-aposentadoria","10":"tag-calculos-previdenciarios","11":"tag-direito-previdenciario","12":"tag-inss","13":"tag-pericia","14":"tag-perito","15":"tag-stf"},"yoast_head":"<!-- This site is optimized with the Yoast SEO plugin v27.2 - https:\/\/yoast.com\/product\/yoast-seo-wordpress\/ -->\n<title>STF: Suspenso processo de aposentadoria volunt\u00e1ria de conselheiro do Tribunal de Contas do Rio de Janeiro | Portal de Not\u00edcias<\/title>\n<meta name=\"robots\" content=\"index, follow, max-snippet:-1, max-image-preview:large, max-video-preview:-1\" \/>\n<link rel=\"canonical\" href=\"https:\/\/mhcalculos.com.br\/noticias\/area\/previdenciario\/stf-suspenso-processo-de-aposentadoria-voluntaria-de-conselheiro-do-tribunal-de-contas-do-rio-de-janeiro.html\" \/>\n<meta property=\"og:locale\" content=\"pt_BR\" \/>\n<meta property=\"og:type\" content=\"article\" \/>\n<meta property=\"og:title\" content=\"STF: Suspenso processo de aposentadoria volunt\u00e1ria de conselheiro do Tribunal de Contas do Rio de Janeiro | Portal de Not\u00edcias\" \/>\n<meta property=\"og:description\" content=\"O presidente do Supremo Tribunal Federal (STF), ministro Luiz Fux, deferiu liminar na Suspens\u00e3o de Seguran\u00e7a (SS) 5459 para paralisar o julgamento do processo que discute, no Tribunal de Justi\u00e7a do Estado do Rio de Janeiro (TJ-RJ), a aposentadoria volunt\u00e1ria do conselheiro do Tribunal de Contas do estado Aloysio Neves Guedes. Ele responde pelos crimes [&hellip;]\" \/>\n<meta property=\"og:url\" content=\"https:\/\/mhcalculos.com.br\/noticias\/area\/previdenciario\/stf-suspenso-processo-de-aposentadoria-voluntaria-de-conselheiro-do-tribunal-de-contas-do-rio-de-janeiro.html\" \/>\n<meta property=\"og:site_name\" content=\"Portal de Not\u00edcias\" \/>\n<meta property=\"article:published_time\" content=\"2021-01-17T17:05:25+00:00\" \/>\n<meta property=\"article:modified_time\" content=\"2021-07-28T17:28:16+00:00\" \/>\n<meta property=\"og:image\" content=\"https:\/\/mhcalculos.com.br\/noticias\/wp-content\/uploads\/sites\/2\/2018\/06\/previdenciario-0033.jpg\" \/>\n\t<meta property=\"og:image:width\" content=\"2000\" \/>\n\t<meta property=\"og:image:height\" content=\"800\" \/>\n\t<meta property=\"og:image:type\" content=\"image\/jpeg\" \/>\n<meta name=\"author\" content=\"Equipe MH\" \/>\n<meta name=\"twitter:card\" content=\"summary_large_image\" \/>\n<meta name=\"twitter:label1\" content=\"Escrito por\" \/>\n\t<meta name=\"twitter:data1\" content=\"Equipe MH\" \/>\n\t<meta name=\"twitter:label2\" content=\"Est. tempo de leitura\" \/>\n\t<meta name=\"twitter:data2\" content=\"1 minuto\" \/>\n<script type=\"application\/ld+json\" class=\"yoast-schema-graph\">{\"@context\":\"https:\/\/schema.org\",\"@graph\":[{\"@type\":\"Article\",\"@id\":\"https:\/\/mhcalculos.com.br\/noticias\/area\/previdenciario\/stf-suspenso-processo-de-aposentadoria-voluntaria-de-conselheiro-do-tribunal-de-contas-do-rio-de-janeiro.html#article\",\"isPartOf\":{\"@id\":\"https:\/\/mhcalculos.com.br\/noticias\/area\/previdenciario\/stf-suspenso-processo-de-aposentadoria-voluntaria-de-conselheiro-do-tribunal-de-contas-do-rio-de-janeiro.html\"},\"author\":{\"name\":\"Equipe MH\",\"@id\":\"https:\/\/mhcalculos.com.br\/noticias\/#\/schema\/person\/88d1c34bf72dc779ea14a5a6b8e0ae8d\"},\"headline\":\"STF: Suspenso processo de aposentadoria volunt\u00e1ria de conselheiro do Tribunal de Contas do Rio de Janeiro\",\"datePublished\":\"2021-01-17T17:05:25+00:00\",\"dateModified\":\"2021-07-28T17:28:16+00:00\",\"mainEntityOfPage\":{\"@id\":\"https:\/\/mhcalculos.com.br\/noticias\/area\/previdenciario\/stf-suspenso-processo-de-aposentadoria-voluntaria-de-conselheiro-do-tribunal-de-contas-do-rio-de-janeiro.html\"},\"wordCount\":294,\"commentCount\":0,\"image\":{\"@id\":\"https:\/\/mhcalculos.com.br\/noticias\/area\/previdenciario\/stf-suspenso-processo-de-aposentadoria-voluntaria-de-conselheiro-do-tribunal-de-contas-do-rio-de-janeiro.html#primaryimage\"},\"thumbnailUrl\":\"https:\/\/mhcalculos.com.br\/noticias\/wp-content\/uploads\/sites\/2\/2018\/06\/previdenciario-0033.jpg\",\"keywords\":[\"aposentadoria\",\"c\u00e1lculos previdenci\u00e1rios\",\"direito previdenci\u00e1rio\",\"inss\",\"per\u00edcia\",\"perito\",\"stf\"],\"articleSection\":[\"Direito Previdenci\u00e1rio\",\"STF\"],\"inLanguage\":\"pt-BR\",\"potentialAction\":[{\"@type\":\"CommentAction\",\"name\":\"Comment\",\"target\":[\"https:\/\/mhcalculos.com.br\/noticias\/area\/previdenciario\/stf-suspenso-processo-de-aposentadoria-voluntaria-de-conselheiro-do-tribunal-de-contas-do-rio-de-janeiro.html#respond\"]}]},{\"@type\":\"WebPage\",\"@id\":\"https:\/\/mhcalculos.com.br\/noticias\/area\/previdenciario\/stf-suspenso-processo-de-aposentadoria-voluntaria-de-conselheiro-do-tribunal-de-contas-do-rio-de-janeiro.html\",\"url\":\"https:\/\/mhcalculos.com.br\/noticias\/area\/previdenciario\/stf-suspenso-processo-de-aposentadoria-voluntaria-de-conselheiro-do-tribunal-de-contas-do-rio-de-janeiro.html\",\"name\":\"STF: Suspenso processo de aposentadoria volunt\u00e1ria de conselheiro do Tribunal de Contas do Rio de Janeiro | Portal de Not\u00edcias\",\"isPartOf\":{\"@id\":\"https:\/\/mhcalculos.com.br\/noticias\/#website\"},\"primaryImageOfPage\":{\"@id\":\"https:\/\/mhcalculos.com.br\/noticias\/area\/previdenciario\/stf-suspenso-processo-de-aposentadoria-voluntaria-de-conselheiro-do-tribunal-de-contas-do-rio-de-janeiro.html#primaryimage\"},\"image\":{\"@id\":\"https:\/\/mhcalculos.com.br\/noticias\/area\/previdenciario\/stf-suspenso-processo-de-aposentadoria-voluntaria-de-conselheiro-do-tribunal-de-contas-do-rio-de-janeiro.html#primaryimage\"},\"thumbnailUrl\":\"https:\/\/mhcalculos.com.br\/noticias\/wp-content\/uploads\/sites\/2\/2018\/06\/previdenciario-0033.jpg\",\"datePublished\":\"2021-01-17T17:05:25+00:00\",\"dateModified\":\"2021-07-28T17:28:16+00:00\",\"author\":{\"@id\":\"https:\/\/mhcalculos.com.br\/noticias\/#\/schema\/person\/88d1c34bf72dc779ea14a5a6b8e0ae8d\"},\"breadcrumb\":{\"@id\":\"https:\/\/mhcalculos.com.br\/noticias\/area\/previdenciario\/stf-suspenso-processo-de-aposentadoria-voluntaria-de-conselheiro-do-tribunal-de-contas-do-rio-de-janeiro.html#breadcrumb\"},\"inLanguage\":\"pt-BR\",\"potentialAction\":[{\"@type\":\"ReadAction\",\"target\":[\"https:\/\/mhcalculos.com.br\/noticias\/area\/previdenciario\/stf-suspenso-processo-de-aposentadoria-voluntaria-de-conselheiro-do-tribunal-de-contas-do-rio-de-janeiro.html\"]}]},{\"@type\":\"ImageObject\",\"inLanguage\":\"pt-BR\",\"@id\":\"https:\/\/mhcalculos.com.br\/noticias\/area\/previdenciario\/stf-suspenso-processo-de-aposentadoria-voluntaria-de-conselheiro-do-tribunal-de-contas-do-rio-de-janeiro.html#primaryimage\",\"url\":\"https:\/\/mhcalculos.com.br\/noticias\/wp-content\/uploads\/sites\/2\/2018\/06\/previdenciario-0033.jpg\",\"contentUrl\":\"https:\/\/mhcalculos.com.br\/noticias\/wp-content\/uploads\/sites\/2\/2018\/06\/previdenciario-0033.jpg\",\"width\":2000,\"height\":800},{\"@type\":\"BreadcrumbList\",\"@id\":\"https:\/\/mhcalculos.com.br\/noticias\/area\/previdenciario\/stf-suspenso-processo-de-aposentadoria-voluntaria-de-conselheiro-do-tribunal-de-contas-do-rio-de-janeiro.html#breadcrumb\",\"itemListElement\":[{\"@type\":\"ListItem\",\"position\":1,\"name\":\"In\u00edcio\",\"item\":\"https:\/\/mhcalculos.com.br\/noticias\/\"},{\"@type\":\"ListItem\",\"position\":2,\"name\":\"STF: Suspenso processo de aposentadoria volunt\u00e1ria de conselheiro do Tribunal de Contas do Rio de Janeiro\"}]},{\"@type\":\"WebSite\",\"@id\":\"https:\/\/mhcalculos.com.br\/noticias\/#website\",\"url\":\"https:\/\/mhcalculos.com.br\/noticias\/\",\"name\":\"Portal de Not\u00edcias\",\"description\":\"Not\u00edcias e Jurisprud\u00eancia\",\"potentialAction\":[{\"@type\":\"SearchAction\",\"target\":{\"@type\":\"EntryPoint\",\"urlTemplate\":\"https:\/\/mhcalculos.com.br\/noticias\/?s={search_term_string}\"},\"query-input\":{\"@type\":\"PropertyValueSpecification\",\"valueRequired\":true,\"valueName\":\"search_term_string\"}}],\"inLanguage\":\"pt-BR\"},{\"@type\":\"Person\",\"@id\":\"https:\/\/mhcalculos.com.br\/noticias\/#\/schema\/person\/88d1c34bf72dc779ea14a5a6b8e0ae8d\",\"name\":\"Equipe MH\",\"image\":{\"@type\":\"ImageObject\",\"inLanguage\":\"pt-BR\",\"@id\":\"https:\/\/secure.gravatar.com\/avatar\/de1c686c2ecc9c5a3f327e3431d819eb39f8f05d4e1045f5a1caad6daaba987f?s=96&d=mm&r=g\",\"url\":\"https:\/\/secure.gravatar.com\/avatar\/de1c686c2ecc9c5a3f327e3431d819eb39f8f05d4e1045f5a1caad6daaba987f?s=96&d=mm&r=g\",\"contentUrl\":\"https:\/\/secure.gravatar.com\/avatar\/de1c686c2ecc9c5a3f327e3431d819eb39f8f05d4e1045f5a1caad6daaba987f?s=96&d=mm&r=g\",\"caption\":\"Equipe MH\"}}]}<\/script>\n<!-- \/ Yoast SEO plugin. -->","yoast_head_json":{"title":"STF: Suspenso processo de aposentadoria volunt\u00e1ria de conselheiro do Tribunal de Contas do Rio de Janeiro | Portal de Not\u00edcias","robots":{"index":"index","follow":"follow","max-snippet":"max-snippet:-1","max-image-preview":"max-image-preview:large","max-video-preview":"max-video-preview:-1"},"canonical":"https:\/\/mhcalculos.com.br\/noticias\/area\/previdenciario\/stf-suspenso-processo-de-aposentadoria-voluntaria-de-conselheiro-do-tribunal-de-contas-do-rio-de-janeiro.html","og_locale":"pt_BR","og_type":"article","og_title":"STF: Suspenso processo de aposentadoria volunt\u00e1ria de conselheiro do Tribunal de Contas do Rio de Janeiro | Portal de Not\u00edcias","og_description":"O presidente do Supremo Tribunal Federal (STF), ministro Luiz Fux, deferiu liminar na Suspens\u00e3o de Seguran\u00e7a (SS) 5459 para paralisar o julgamento do processo que discute, no Tribunal de Justi\u00e7a do Estado do Rio de Janeiro (TJ-RJ), a aposentadoria volunt\u00e1ria do conselheiro do Tribunal de Contas do estado Aloysio Neves Guedes. Ele responde pelos crimes [&hellip;]","og_url":"https:\/\/mhcalculos.com.br\/noticias\/area\/previdenciario\/stf-suspenso-processo-de-aposentadoria-voluntaria-de-conselheiro-do-tribunal-de-contas-do-rio-de-janeiro.html","og_site_name":"Portal de Not\u00edcias","article_published_time":"2021-01-17T17:05:25+00:00","article_modified_time":"2021-07-28T17:28:16+00:00","og_image":[{"width":2000,"height":800,"url":"https:\/\/mhcalculos.com.br\/noticias\/wp-content\/uploads\/sites\/2\/2018\/06\/previdenciario-0033.jpg","type":"image\/jpeg"}],"author":"Equipe MH","twitter_card":"summary_large_image","twitter_misc":{"Escrito por":"Equipe MH","Est. tempo de leitura":"1 minuto"},"schema":{"@context":"https:\/\/schema.org","@graph":[{"@type":"Article","@id":"https:\/\/mhcalculos.com.br\/noticias\/area\/previdenciario\/stf-suspenso-processo-de-aposentadoria-voluntaria-de-conselheiro-do-tribunal-de-contas-do-rio-de-janeiro.html#article","isPartOf":{"@id":"https:\/\/mhcalculos.com.br\/noticias\/area\/previdenciario\/stf-suspenso-processo-de-aposentadoria-voluntaria-de-conselheiro-do-tribunal-de-contas-do-rio-de-janeiro.html"},"author":{"name":"Equipe MH","@id":"https:\/\/mhcalculos.com.br\/noticias\/#\/schema\/person\/88d1c34bf72dc779ea14a5a6b8e0ae8d"},"headline":"STF: Suspenso processo de aposentadoria volunt\u00e1ria de conselheiro do Tribunal de Contas do Rio de Janeiro","datePublished":"2021-01-17T17:05:25+00:00","dateModified":"2021-07-28T17:28:16+00:00","mainEntityOfPage":{"@id":"https:\/\/mhcalculos.com.br\/noticias\/area\/previdenciario\/stf-suspenso-processo-de-aposentadoria-voluntaria-de-conselheiro-do-tribunal-de-contas-do-rio-de-janeiro.html"},"wordCount":294,"commentCount":0,"image":{"@id":"https:\/\/mhcalculos.com.br\/noticias\/area\/previdenciario\/stf-suspenso-processo-de-aposentadoria-voluntaria-de-conselheiro-do-tribunal-de-contas-do-rio-de-janeiro.html#primaryimage"},"thumbnailUrl":"https:\/\/mhcalculos.com.br\/noticias\/wp-content\/uploads\/sites\/2\/2018\/06\/previdenciario-0033.jpg","keywords":["aposentadoria","c\u00e1lculos previdenci\u00e1rios","direito previdenci\u00e1rio","inss","per\u00edcia","perito","stf"],"articleSection":["Direito Previdenci\u00e1rio","STF"],"inLanguage":"pt-BR","potentialAction":[{"@type":"CommentAction","name":"Comment","target":["https:\/\/mhcalculos.com.br\/noticias\/area\/previdenciario\/stf-suspenso-processo-de-aposentadoria-voluntaria-de-conselheiro-do-tribunal-de-contas-do-rio-de-janeiro.html#respond"]}]},{"@type":"WebPage","@id":"https:\/\/mhcalculos.com.br\/noticias\/area\/previdenciario\/stf-suspenso-processo-de-aposentadoria-voluntaria-de-conselheiro-do-tribunal-de-contas-do-rio-de-janeiro.html","url":"https:\/\/mhcalculos.com.br\/noticias\/area\/previdenciario\/stf-suspenso-processo-de-aposentadoria-voluntaria-de-conselheiro-do-tribunal-de-contas-do-rio-de-janeiro.html","name":"STF: Suspenso processo de aposentadoria volunt\u00e1ria de conselheiro do Tribunal de Contas do Rio de Janeiro | Portal de Not\u00edcias","isPartOf":{"@id":"https:\/\/mhcalculos.com.br\/noticias\/#website"},"primaryImageOfPage":{"@id":"https:\/\/mhcalculos.com.br\/noticias\/area\/previdenciario\/stf-suspenso-processo-de-aposentadoria-voluntaria-de-conselheiro-do-tribunal-de-contas-do-rio-de-janeiro.html#primaryimage"},"image":{"@id":"https:\/\/mhcalculos.com.br\/noticias\/area\/previdenciario\/stf-suspenso-processo-de-aposentadoria-voluntaria-de-conselheiro-do-tribunal-de-contas-do-rio-de-janeiro.html#primaryimage"},"thumbnailUrl":"https:\/\/mhcalculos.com.br\/noticias\/wp-content\/uploads\/sites\/2\/2018\/06\/previdenciario-0033.jpg","datePublished":"2021-01-17T17:05:25+00:00","dateModified":"2021-07-28T17:28:16+00:00","author":{"@id":"https:\/\/mhcalculos.com.br\/noticias\/#\/schema\/person\/88d1c34bf72dc779ea14a5a6b8e0ae8d"},"breadcrumb":{"@id":"https:\/\/mhcalculos.com.br\/noticias\/area\/previdenciario\/stf-suspenso-processo-de-aposentadoria-voluntaria-de-conselheiro-do-tribunal-de-contas-do-rio-de-janeiro.html#breadcrumb"},"inLanguage":"pt-BR","potentialAction":[{"@type":"ReadAction","target":["https:\/\/mhcalculos.com.br\/noticias\/area\/previdenciario\/stf-suspenso-processo-de-aposentadoria-voluntaria-de-conselheiro-do-tribunal-de-contas-do-rio-de-janeiro.html"]}]},{"@type":"ImageObject","inLanguage":"pt-BR","@id":"https:\/\/mhcalculos.com.br\/noticias\/area\/previdenciario\/stf-suspenso-processo-de-aposentadoria-voluntaria-de-conselheiro-do-tribunal-de-contas-do-rio-de-janeiro.html#primaryimage","url":"https:\/\/mhcalculos.com.br\/noticias\/wp-content\/uploads\/sites\/2\/2018\/06\/previdenciario-0033.jpg","contentUrl":"https:\/\/mhcalculos.com.br\/noticias\/wp-content\/uploads\/sites\/2\/2018\/06\/previdenciario-0033.jpg","width":2000,"height":800},{"@type":"BreadcrumbList","@id":"https:\/\/mhcalculos.com.br\/noticias\/area\/previdenciario\/stf-suspenso-processo-de-aposentadoria-voluntaria-de-conselheiro-do-tribunal-de-contas-do-rio-de-janeiro.html#breadcrumb","itemListElement":[{"@type":"ListItem","position":1,"name":"In\u00edcio","item":"https:\/\/mhcalculos.com.br\/noticias\/"},{"@type":"ListItem","position":2,"name":"STF: Suspenso processo de aposentadoria volunt\u00e1ria de conselheiro do Tribunal de Contas do Rio de Janeiro"}]},{"@type":"WebSite","@id":"https:\/\/mhcalculos.com.br\/noticias\/#website","url":"https:\/\/mhcalculos.com.br\/noticias\/","name":"Portal de Not\u00edcias","description":"Not\u00edcias e Jurisprud\u00eancia","potentialAction":[{"@type":"SearchAction","target":{"@type":"EntryPoint","urlTemplate":"https:\/\/mhcalculos.com.br\/noticias\/?s={search_term_string}"},"query-input":{"@type":"PropertyValueSpecification","valueRequired":true,"valueName":"search_term_string"}}],"inLanguage":"pt-BR"},{"@type":"Person","@id":"https:\/\/mhcalculos.com.br\/noticias\/#\/schema\/person\/88d1c34bf72dc779ea14a5a6b8e0ae8d","name":"Equipe MH","image":{"@type":"ImageObject","inLanguage":"pt-BR","@id":"https:\/\/secure.gravatar.com\/avatar\/de1c686c2ecc9c5a3f327e3431d819eb39f8f05d4e1045f5a1caad6daaba987f?s=96&d=mm&r=g","url":"https:\/\/secure.gravatar.com\/avatar\/de1c686c2ecc9c5a3f327e3431d819eb39f8f05d4e1045f5a1caad6daaba987f?s=96&d=mm&r=g","contentUrl":"https:\/\/secure.gravatar.com\/avatar\/de1c686c2ecc9c5a3f327e3431d819eb39f8f05d4e1045f5a1caad6daaba987f?s=96&d=mm&r=g","caption":"Equipe MH"}}]}},"_links":{"self":[{"href":"https:\/\/mhcalculos.com.br\/noticias\/wp-json\/wp\/v2\/posts\/7830","targetHints":{"allow":["GET"]}}],"collection":[{"href":"https:\/\/mhcalculos.com.br\/noticias\/wp-json\/wp\/v2\/posts"}],"about":[{"href":"https:\/\/mhcalculos.com.br\/noticias\/wp-json\/wp\/v2\/types\/post"}],"author":[{"embeddable":true,"href":"https:\/\/mhcalculos.com.br\/noticias\/wp-json\/wp\/v2\/users\/3063"}],"replies":[{"embeddable":true,"href":"https:\/\/mhcalculos.com.br\/noticias\/wp-json\/wp\/v2\/comments?post=7830"}],"version-history":[{"count":1,"href":"https:\/\/mhcalculos.com.br\/noticias\/wp-json\/wp\/v2\/posts\/7830\/revisions"}],"predecessor-version":[{"id":8584,"href":"https:\/\/mhcalculos.com.br\/noticias\/wp-json\/wp\/v2\/posts\/7830\/revisions\/8584"}],"wp:featuredmedia":[{"embeddable":true,"href":"https:\/\/mhcalculos.com.br\/noticias\/wp-json\/wp\/v2\/media\/2362"}],"wp:attachment":[{"href":"https:\/\/mhcalculos.com.br\/noticias\/wp-json\/wp\/v2\/media?parent=7830"}],"wp:term":[{"taxonomy":"category","embeddable":true,"href":"https:\/\/mhcalculos.com.br\/noticias\/wp-json\/wp\/v2\/categories?post=7830"},{"taxonomy":"post_tag","embeddable":true,"href":"https:\/\/mhcalculos.com.br\/noticias\/wp-json\/wp\/v2\/tags?post=7830"}],"curies":[{"name":"wp","href":"https:\/\/api.w.org\/{rel}","templated":true}]}}