{"id":7824,"date":"2021-01-15T01:05:07","date_gmt":"2021-01-15T04:05:07","guid":{"rendered":"https:\/\/mhcalculos.com.br\/noticias\/area\/previdenciario\/stf-plenario-modula-efeitos-de-decisao-envolvendo-acoes-de-candidatos-sobre-criterios-de-concursos.html"},"modified":"2021-07-28T14:28:16","modified_gmt":"2021-07-28T17:28:16","slug":"stf-plenario-modula-efeitos-de-decisao-envolvendo-acoes-de-candidatos-sobre-criterios-de-concursos","status":"publish","type":"post","link":"https:\/\/mhcalculos.com.br\/noticias\/area\/previdenciario\/stf-plenario-modula-efeitos-de-decisao-envolvendo-acoes-de-candidatos-sobre-criterios-de-concursos.html","title":{"rendered":"STF: Plen\u00e1rio modula efeitos de decis\u00e3o envolvendo a\u00e7\u00f5es de candidatos sobre crit\u00e9rios de concursos"},"content":{"rendered":"<p><br \/>\n<\/p>\n<p>O Plen\u00e1rio do Supremo Tribunal Federal (STF) modulou os efeitos da decis\u00e3o no Recurso Extraordin\u00e1rio (RE) 960429, com tese de repercuss\u00e3o geral definida (<a href=\"http:\/\/stf.jus.br\/portal\/jurisprudenciaRepercussao\/verAndamentoProcesso.asp?incidente=4957598&amp;numeroProcesso=960429&amp;classeProcesso=RE&amp;numeroTema=992\" target=\"_blank\" rel=\"noopener noreferrer\">Tema 992<\/a>), e estabeleceu um marco temporal para a compet\u00eancia da Justi\u00e7a Comum (federal ou estadual) para processar e julgar a\u00e7\u00f5es ajuizadas por candidatos e empregados p\u00fablicos na fase pr\u00e9-contratual, a fim de discutir crit\u00e9rios para a sele\u00e7\u00e3o e a admiss\u00e3o em empresas p\u00fablicas. De acordo com a modula\u00e7\u00e3o, os processos que tiveram decis\u00e3o de m\u00e9rito (senten\u00e7a) at\u00e9 6\/6\/2018, data em que foi determinada a suspens\u00e3o geral dos casos com o mesmo tema, permanecem na compet\u00eancia da Justi\u00e7a do Trabalho at\u00e9 o tr\u00e2nsito em julgado e a sua execu\u00e7\u00e3o.<\/p>\n<p>A decis\u00e3o se deu no julgamento de embargos de declara\u00e7\u00e3o opostos no RE por diversas partes interessadas. O relator, ministro Gilmar Mendes, explicou que a indefini\u00e7\u00e3o sobre os limites da compet\u00eancia da Justi\u00e7a do Trabalho na mat\u00e9ria acabava por gerar um quadro de grave inseguran\u00e7a, em raz\u00e3o da multiplicidade de a\u00e7\u00f5es nos diversos ramos do Judici\u00e1rio e das pr\u00f3prias solu\u00e7\u00f5es conflitantes que estavam sendo proferidas pela Justi\u00e7a Comum e pela do Trabalho.<\/p>\n<p>O ministro lembrou que, no julgamento do RE 586453, com repercuss\u00e3o geral (<a href=\"http:\/\/stf.jus.br\/portal\/jurisprudenciaRepercussao\/verAndamentoProcesso.asp?incidente=2616941&amp;numeroProcesso=586453&amp;classeProcesso=RE&amp;numeroTema=190\" target=\"_blank\" rel=\"noopener noreferrer\">Tema 190<\/a>), em que foi definida a compet\u00eancia da Justi\u00e7a Comum para processar e julgar causas envolvendo complementa\u00e7\u00e3o de aposentadoria por entidades de previd\u00eancia privada, os efeitos da decis\u00e3o foram modulados para manter a compet\u00eancia da Justi\u00e7a Trabalhista em todas nas a\u00e7\u00f5es com decis\u00e3o de m\u00e9rito at\u00e9 a data do julgamento do processo paradigma. O objetivo foi resguardar atos praticados durante os anos em que perdurara a indefini\u00e7\u00e3o sobre o ju\u00edzo para apreciar demandas.<\/p>\n<p>Com essa fundamenta\u00e7\u00e3o, o relator prop\u00f4s o acolhimento dos embargos e a ado\u00e7\u00e3o de solu\u00e7\u00e3o semelhante, usando como marco temporal a data em que foi determinada a suspens\u00e3o nacional de todos os processos com mat\u00e9ria id\u00eantica. Ficou vencido o ministro Marco Aur\u00e9lio, que votou contra a modula\u00e7\u00e3o. O julgamento foi realizado na sess\u00e3o virtual encerrada em 14\/12\/2020.<\/p>\n<p><b>Tese<\/b><\/p>\n<p>A nova tese de repercuss\u00e3o geral \u00e9 a seguinte: &ldquo;Compete \u00e0 Justi\u00e7a Comum processar e julgar controv\u00e9rsias relacionadas \u00e0 fase pr\u00e9-contratual de sele\u00e7\u00e3o e de admiss\u00e3o de pessoal e eventual nulidade do certame em face da Administra\u00e7\u00e3o P\u00fablica, direta e indireta, nas hip\u00f3teses em que adotado o regime celetista de contrata\u00e7\u00e3o de pessoas, salvo quando a senten\u00e7a de m\u00e9rito tiver sido proferida antes de 6 de junho de 2018, situa\u00e7\u00e3o em que, at\u00e9 o tr\u00e2nsito em julgado e a sua execu\u00e7\u00e3o, a compet\u00eancia continuar\u00e1 a ser da Justi\u00e7a do Trabalho&rdquo;.<\/p>\n<p><span style=\"font-size: smaller\">PR\/AS\/\/CF<\/span><\/p>\n<p>Leia mais:<\/p>\n<p>05\/3\/2020 &#8211; <a href=\"http:\/\/portal.stf.jus.br\/noticias\/verNoticiaDetalhe.asp?idConteudo=438620&amp;ori=1\" target=\"_blank\" rel=\"noopener noreferrer\">Cabe \u00e0 Justi\u00e7a Comum julgar a\u00e7\u00f5es contra concurso p\u00fablico realizado por empresas estatais<\/a><\/p>\n<p><i>Com informa\u00e7\u00f5es da assessoria de imprensa do STF.<\/i><br \/>\n<br \/><br \/>\n<br \/><a href=\"http:\/\/www.stf.jus.br\/portal\/cms\/verNoticiaDetalhe.asp?idConteudo=458572\">Fonte<\/a><\/p>\n","protected":false},"excerpt":{"rendered":"<p>O Plen\u00e1rio do Supremo Tribunal Federal (STF) modulou os efeitos da decis\u00e3o no Recurso Extraordin\u00e1rio (RE) 960429, com tese de repercuss\u00e3o geral definida (Tema 992), e estabeleceu um marco temporal para a compet\u00eancia da Justi\u00e7a Comum (federal ou estadual) para processar e julgar a\u00e7\u00f5es ajuizadas por candidatos e empregados p\u00fablicos na fase pr\u00e9-contratual, a fim [&hellip;]<\/p>\n","protected":false},"author":3063,"featured_media":1607,"comment_status":"open","ping_status":"open","sticky":false,"template":"","format":"standard","meta":{"footnotes":""},"categories":[5,15],"tags":[11,10,8,13,9,12,16],"class_list":{"0":"post-7824","1":"post","2":"type-post","3":"status-publish","4":"format-standard","5":"has-post-thumbnail","7":"category-previdenciario","8":"category-stf","9":"tag-aposentadoria","10":"tag-calculos-previdenciarios","11":"tag-direito-previdenciario","12":"tag-inss","13":"tag-pericia","14":"tag-perito","15":"tag-stf"},"yoast_head":"<!-- This site is optimized with the Yoast SEO plugin v27.2 - https:\/\/yoast.com\/product\/yoast-seo-wordpress\/ -->\n<title>STF: Plen\u00e1rio modula efeitos de decis\u00e3o envolvendo a\u00e7\u00f5es de candidatos sobre crit\u00e9rios de concursos | Portal de Not\u00edcias<\/title>\n<meta name=\"robots\" content=\"index, follow, max-snippet:-1, max-image-preview:large, max-video-preview:-1\" \/>\n<link rel=\"canonical\" href=\"https:\/\/mhcalculos.com.br\/noticias\/area\/previdenciario\/stf-plenario-modula-efeitos-de-decisao-envolvendo-acoes-de-candidatos-sobre-criterios-de-concursos.html\" \/>\n<meta property=\"og:locale\" content=\"pt_BR\" \/>\n<meta property=\"og:type\" content=\"article\" \/>\n<meta property=\"og:title\" content=\"STF: Plen\u00e1rio modula efeitos de decis\u00e3o envolvendo a\u00e7\u00f5es de candidatos sobre crit\u00e9rios de concursos | Portal de Not\u00edcias\" \/>\n<meta property=\"og:description\" content=\"O Plen\u00e1rio do Supremo Tribunal Federal (STF) modulou os efeitos da decis\u00e3o no Recurso Extraordin\u00e1rio (RE) 960429, com tese de repercuss\u00e3o geral definida (Tema 992), e estabeleceu um marco temporal para a compet\u00eancia da Justi\u00e7a Comum (federal ou estadual) para processar e julgar a\u00e7\u00f5es ajuizadas por candidatos e empregados p\u00fablicos na fase pr\u00e9-contratual, a fim [&hellip;]\" \/>\n<meta property=\"og:url\" content=\"https:\/\/mhcalculos.com.br\/noticias\/area\/previdenciario\/stf-plenario-modula-efeitos-de-decisao-envolvendo-acoes-de-candidatos-sobre-criterios-de-concursos.html\" \/>\n<meta property=\"og:site_name\" content=\"Portal de Not\u00edcias\" \/>\n<meta property=\"article:published_time\" content=\"2021-01-15T04:05:07+00:00\" \/>\n<meta property=\"article:modified_time\" content=\"2021-07-28T17:28:16+00:00\" \/>\n<meta property=\"og:image\" content=\"https:\/\/mhcalculos.com.br\/noticias\/wp-content\/uploads\/sites\/2\/2018\/06\/judiciario-0004.jpg\" \/>\n\t<meta property=\"og:image:width\" content=\"2000\" \/>\n\t<meta property=\"og:image:height\" content=\"800\" \/>\n\t<meta property=\"og:image:type\" content=\"image\/jpeg\" \/>\n<meta name=\"author\" content=\"Equipe MH\" \/>\n<meta name=\"twitter:card\" content=\"summary_large_image\" \/>\n<meta name=\"twitter:label1\" content=\"Escrito por\" \/>\n\t<meta name=\"twitter:data1\" content=\"Equipe MH\" \/>\n\t<meta name=\"twitter:label2\" content=\"Est. tempo de leitura\" \/>\n\t<meta name=\"twitter:data2\" content=\"3 minutos\" \/>\n<script type=\"application\/ld+json\" class=\"yoast-schema-graph\">{\"@context\":\"https:\/\/schema.org\",\"@graph\":[{\"@type\":\"Article\",\"@id\":\"https:\/\/mhcalculos.com.br\/noticias\/area\/previdenciario\/stf-plenario-modula-efeitos-de-decisao-envolvendo-acoes-de-candidatos-sobre-criterios-de-concursos.html#article\",\"isPartOf\":{\"@id\":\"https:\/\/mhcalculos.com.br\/noticias\/area\/previdenciario\/stf-plenario-modula-efeitos-de-decisao-envolvendo-acoes-de-candidatos-sobre-criterios-de-concursos.html\"},\"author\":{\"name\":\"Equipe MH\",\"@id\":\"https:\/\/mhcalculos.com.br\/noticias\/#\/schema\/person\/88d1c34bf72dc779ea14a5a6b8e0ae8d\"},\"headline\":\"STF: Plen\u00e1rio modula efeitos de decis\u00e3o envolvendo a\u00e7\u00f5es de candidatos sobre crit\u00e9rios de concursos\",\"datePublished\":\"2021-01-15T04:05:07+00:00\",\"dateModified\":\"2021-07-28T17:28:16+00:00\",\"mainEntityOfPage\":{\"@id\":\"https:\/\/mhcalculos.com.br\/noticias\/area\/previdenciario\/stf-plenario-modula-efeitos-de-decisao-envolvendo-acoes-de-candidatos-sobre-criterios-de-concursos.html\"},\"wordCount\":535,\"commentCount\":0,\"image\":{\"@id\":\"https:\/\/mhcalculos.com.br\/noticias\/area\/previdenciario\/stf-plenario-modula-efeitos-de-decisao-envolvendo-acoes-de-candidatos-sobre-criterios-de-concursos.html#primaryimage\"},\"thumbnailUrl\":\"https:\/\/mhcalculos.com.br\/noticias\/wp-content\/uploads\/sites\/2\/2018\/06\/judiciario-0004.jpg\",\"keywords\":[\"aposentadoria\",\"c\u00e1lculos previdenci\u00e1rios\",\"direito previdenci\u00e1rio\",\"inss\",\"per\u00edcia\",\"perito\",\"stf\"],\"articleSection\":[\"Direito Previdenci\u00e1rio\",\"STF\"],\"inLanguage\":\"pt-BR\",\"potentialAction\":[{\"@type\":\"CommentAction\",\"name\":\"Comment\",\"target\":[\"https:\/\/mhcalculos.com.br\/noticias\/area\/previdenciario\/stf-plenario-modula-efeitos-de-decisao-envolvendo-acoes-de-candidatos-sobre-criterios-de-concursos.html#respond\"]}]},{\"@type\":\"WebPage\",\"@id\":\"https:\/\/mhcalculos.com.br\/noticias\/area\/previdenciario\/stf-plenario-modula-efeitos-de-decisao-envolvendo-acoes-de-candidatos-sobre-criterios-de-concursos.html\",\"url\":\"https:\/\/mhcalculos.com.br\/noticias\/area\/previdenciario\/stf-plenario-modula-efeitos-de-decisao-envolvendo-acoes-de-candidatos-sobre-criterios-de-concursos.html\",\"name\":\"STF: Plen\u00e1rio modula efeitos de decis\u00e3o envolvendo a\u00e7\u00f5es de candidatos sobre crit\u00e9rios de concursos | Portal de Not\u00edcias\",\"isPartOf\":{\"@id\":\"https:\/\/mhcalculos.com.br\/noticias\/#website\"},\"primaryImageOfPage\":{\"@id\":\"https:\/\/mhcalculos.com.br\/noticias\/area\/previdenciario\/stf-plenario-modula-efeitos-de-decisao-envolvendo-acoes-de-candidatos-sobre-criterios-de-concursos.html#primaryimage\"},\"image\":{\"@id\":\"https:\/\/mhcalculos.com.br\/noticias\/area\/previdenciario\/stf-plenario-modula-efeitos-de-decisao-envolvendo-acoes-de-candidatos-sobre-criterios-de-concursos.html#primaryimage\"},\"thumbnailUrl\":\"https:\/\/mhcalculos.com.br\/noticias\/wp-content\/uploads\/sites\/2\/2018\/06\/judiciario-0004.jpg\",\"datePublished\":\"2021-01-15T04:05:07+00:00\",\"dateModified\":\"2021-07-28T17:28:16+00:00\",\"author\":{\"@id\":\"https:\/\/mhcalculos.com.br\/noticias\/#\/schema\/person\/88d1c34bf72dc779ea14a5a6b8e0ae8d\"},\"breadcrumb\":{\"@id\":\"https:\/\/mhcalculos.com.br\/noticias\/area\/previdenciario\/stf-plenario-modula-efeitos-de-decisao-envolvendo-acoes-de-candidatos-sobre-criterios-de-concursos.html#breadcrumb\"},\"inLanguage\":\"pt-BR\",\"potentialAction\":[{\"@type\":\"ReadAction\",\"target\":[\"https:\/\/mhcalculos.com.br\/noticias\/area\/previdenciario\/stf-plenario-modula-efeitos-de-decisao-envolvendo-acoes-de-candidatos-sobre-criterios-de-concursos.html\"]}]},{\"@type\":\"ImageObject\",\"inLanguage\":\"pt-BR\",\"@id\":\"https:\/\/mhcalculos.com.br\/noticias\/area\/previdenciario\/stf-plenario-modula-efeitos-de-decisao-envolvendo-acoes-de-candidatos-sobre-criterios-de-concursos.html#primaryimage\",\"url\":\"https:\/\/mhcalculos.com.br\/noticias\/wp-content\/uploads\/sites\/2\/2018\/06\/judiciario-0004.jpg\",\"contentUrl\":\"https:\/\/mhcalculos.com.br\/noticias\/wp-content\/uploads\/sites\/2\/2018\/06\/judiciario-0004.jpg\",\"width\":2000,\"height\":800},{\"@type\":\"BreadcrumbList\",\"@id\":\"https:\/\/mhcalculos.com.br\/noticias\/area\/previdenciario\/stf-plenario-modula-efeitos-de-decisao-envolvendo-acoes-de-candidatos-sobre-criterios-de-concursos.html#breadcrumb\",\"itemListElement\":[{\"@type\":\"ListItem\",\"position\":1,\"name\":\"In\u00edcio\",\"item\":\"https:\/\/mhcalculos.com.br\/noticias\/\"},{\"@type\":\"ListItem\",\"position\":2,\"name\":\"STF: Plen\u00e1rio modula efeitos de decis\u00e3o envolvendo a\u00e7\u00f5es de candidatos sobre crit\u00e9rios de concursos\"}]},{\"@type\":\"WebSite\",\"@id\":\"https:\/\/mhcalculos.com.br\/noticias\/#website\",\"url\":\"https:\/\/mhcalculos.com.br\/noticias\/\",\"name\":\"Portal de Not\u00edcias\",\"description\":\"Not\u00edcias e Jurisprud\u00eancia\",\"potentialAction\":[{\"@type\":\"SearchAction\",\"target\":{\"@type\":\"EntryPoint\",\"urlTemplate\":\"https:\/\/mhcalculos.com.br\/noticias\/?s={search_term_string}\"},\"query-input\":{\"@type\":\"PropertyValueSpecification\",\"valueRequired\":true,\"valueName\":\"search_term_string\"}}],\"inLanguage\":\"pt-BR\"},{\"@type\":\"Person\",\"@id\":\"https:\/\/mhcalculos.com.br\/noticias\/#\/schema\/person\/88d1c34bf72dc779ea14a5a6b8e0ae8d\",\"name\":\"Equipe MH\",\"image\":{\"@type\":\"ImageObject\",\"inLanguage\":\"pt-BR\",\"@id\":\"https:\/\/secure.gravatar.com\/avatar\/de1c686c2ecc9c5a3f327e3431d819eb39f8f05d4e1045f5a1caad6daaba987f?s=96&d=mm&r=g\",\"url\":\"https:\/\/secure.gravatar.com\/avatar\/de1c686c2ecc9c5a3f327e3431d819eb39f8f05d4e1045f5a1caad6daaba987f?s=96&d=mm&r=g\",\"contentUrl\":\"https:\/\/secure.gravatar.com\/avatar\/de1c686c2ecc9c5a3f327e3431d819eb39f8f05d4e1045f5a1caad6daaba987f?s=96&d=mm&r=g\",\"caption\":\"Equipe MH\"}}]}<\/script>\n<!-- \/ Yoast SEO plugin. -->","yoast_head_json":{"title":"STF: Plen\u00e1rio modula efeitos de decis\u00e3o envolvendo a\u00e7\u00f5es de candidatos sobre crit\u00e9rios de concursos | Portal de Not\u00edcias","robots":{"index":"index","follow":"follow","max-snippet":"max-snippet:-1","max-image-preview":"max-image-preview:large","max-video-preview":"max-video-preview:-1"},"canonical":"https:\/\/mhcalculos.com.br\/noticias\/area\/previdenciario\/stf-plenario-modula-efeitos-de-decisao-envolvendo-acoes-de-candidatos-sobre-criterios-de-concursos.html","og_locale":"pt_BR","og_type":"article","og_title":"STF: Plen\u00e1rio modula efeitos de decis\u00e3o envolvendo a\u00e7\u00f5es de candidatos sobre crit\u00e9rios de concursos | Portal de Not\u00edcias","og_description":"O Plen\u00e1rio do Supremo Tribunal Federal (STF) modulou os efeitos da decis\u00e3o no Recurso Extraordin\u00e1rio (RE) 960429, com tese de repercuss\u00e3o geral definida (Tema 992), e estabeleceu um marco temporal para a compet\u00eancia da Justi\u00e7a Comum (federal ou estadual) para processar e julgar a\u00e7\u00f5es ajuizadas por candidatos e empregados p\u00fablicos na fase pr\u00e9-contratual, a fim [&hellip;]","og_url":"https:\/\/mhcalculos.com.br\/noticias\/area\/previdenciario\/stf-plenario-modula-efeitos-de-decisao-envolvendo-acoes-de-candidatos-sobre-criterios-de-concursos.html","og_site_name":"Portal de Not\u00edcias","article_published_time":"2021-01-15T04:05:07+00:00","article_modified_time":"2021-07-28T17:28:16+00:00","og_image":[{"width":2000,"height":800,"url":"https:\/\/mhcalculos.com.br\/noticias\/wp-content\/uploads\/sites\/2\/2018\/06\/judiciario-0004.jpg","type":"image\/jpeg"}],"author":"Equipe MH","twitter_card":"summary_large_image","twitter_misc":{"Escrito por":"Equipe MH","Est. tempo de leitura":"3 minutos"},"schema":{"@context":"https:\/\/schema.org","@graph":[{"@type":"Article","@id":"https:\/\/mhcalculos.com.br\/noticias\/area\/previdenciario\/stf-plenario-modula-efeitos-de-decisao-envolvendo-acoes-de-candidatos-sobre-criterios-de-concursos.html#article","isPartOf":{"@id":"https:\/\/mhcalculos.com.br\/noticias\/area\/previdenciario\/stf-plenario-modula-efeitos-de-decisao-envolvendo-acoes-de-candidatos-sobre-criterios-de-concursos.html"},"author":{"name":"Equipe MH","@id":"https:\/\/mhcalculos.com.br\/noticias\/#\/schema\/person\/88d1c34bf72dc779ea14a5a6b8e0ae8d"},"headline":"STF: Plen\u00e1rio modula efeitos de decis\u00e3o envolvendo a\u00e7\u00f5es de candidatos sobre crit\u00e9rios de concursos","datePublished":"2021-01-15T04:05:07+00:00","dateModified":"2021-07-28T17:28:16+00:00","mainEntityOfPage":{"@id":"https:\/\/mhcalculos.com.br\/noticias\/area\/previdenciario\/stf-plenario-modula-efeitos-de-decisao-envolvendo-acoes-de-candidatos-sobre-criterios-de-concursos.html"},"wordCount":535,"commentCount":0,"image":{"@id":"https:\/\/mhcalculos.com.br\/noticias\/area\/previdenciario\/stf-plenario-modula-efeitos-de-decisao-envolvendo-acoes-de-candidatos-sobre-criterios-de-concursos.html#primaryimage"},"thumbnailUrl":"https:\/\/mhcalculos.com.br\/noticias\/wp-content\/uploads\/sites\/2\/2018\/06\/judiciario-0004.jpg","keywords":["aposentadoria","c\u00e1lculos previdenci\u00e1rios","direito previdenci\u00e1rio","inss","per\u00edcia","perito","stf"],"articleSection":["Direito Previdenci\u00e1rio","STF"],"inLanguage":"pt-BR","potentialAction":[{"@type":"CommentAction","name":"Comment","target":["https:\/\/mhcalculos.com.br\/noticias\/area\/previdenciario\/stf-plenario-modula-efeitos-de-decisao-envolvendo-acoes-de-candidatos-sobre-criterios-de-concursos.html#respond"]}]},{"@type":"WebPage","@id":"https:\/\/mhcalculos.com.br\/noticias\/area\/previdenciario\/stf-plenario-modula-efeitos-de-decisao-envolvendo-acoes-de-candidatos-sobre-criterios-de-concursos.html","url":"https:\/\/mhcalculos.com.br\/noticias\/area\/previdenciario\/stf-plenario-modula-efeitos-de-decisao-envolvendo-acoes-de-candidatos-sobre-criterios-de-concursos.html","name":"STF: Plen\u00e1rio modula efeitos de decis\u00e3o envolvendo a\u00e7\u00f5es de candidatos sobre crit\u00e9rios de concursos | Portal de Not\u00edcias","isPartOf":{"@id":"https:\/\/mhcalculos.com.br\/noticias\/#website"},"primaryImageOfPage":{"@id":"https:\/\/mhcalculos.com.br\/noticias\/area\/previdenciario\/stf-plenario-modula-efeitos-de-decisao-envolvendo-acoes-de-candidatos-sobre-criterios-de-concursos.html#primaryimage"},"image":{"@id":"https:\/\/mhcalculos.com.br\/noticias\/area\/previdenciario\/stf-plenario-modula-efeitos-de-decisao-envolvendo-acoes-de-candidatos-sobre-criterios-de-concursos.html#primaryimage"},"thumbnailUrl":"https:\/\/mhcalculos.com.br\/noticias\/wp-content\/uploads\/sites\/2\/2018\/06\/judiciario-0004.jpg","datePublished":"2021-01-15T04:05:07+00:00","dateModified":"2021-07-28T17:28:16+00:00","author":{"@id":"https:\/\/mhcalculos.com.br\/noticias\/#\/schema\/person\/88d1c34bf72dc779ea14a5a6b8e0ae8d"},"breadcrumb":{"@id":"https:\/\/mhcalculos.com.br\/noticias\/area\/previdenciario\/stf-plenario-modula-efeitos-de-decisao-envolvendo-acoes-de-candidatos-sobre-criterios-de-concursos.html#breadcrumb"},"inLanguage":"pt-BR","potentialAction":[{"@type":"ReadAction","target":["https:\/\/mhcalculos.com.br\/noticias\/area\/previdenciario\/stf-plenario-modula-efeitos-de-decisao-envolvendo-acoes-de-candidatos-sobre-criterios-de-concursos.html"]}]},{"@type":"ImageObject","inLanguage":"pt-BR","@id":"https:\/\/mhcalculos.com.br\/noticias\/area\/previdenciario\/stf-plenario-modula-efeitos-de-decisao-envolvendo-acoes-de-candidatos-sobre-criterios-de-concursos.html#primaryimage","url":"https:\/\/mhcalculos.com.br\/noticias\/wp-content\/uploads\/sites\/2\/2018\/06\/judiciario-0004.jpg","contentUrl":"https:\/\/mhcalculos.com.br\/noticias\/wp-content\/uploads\/sites\/2\/2018\/06\/judiciario-0004.jpg","width":2000,"height":800},{"@type":"BreadcrumbList","@id":"https:\/\/mhcalculos.com.br\/noticias\/area\/previdenciario\/stf-plenario-modula-efeitos-de-decisao-envolvendo-acoes-de-candidatos-sobre-criterios-de-concursos.html#breadcrumb","itemListElement":[{"@type":"ListItem","position":1,"name":"In\u00edcio","item":"https:\/\/mhcalculos.com.br\/noticias\/"},{"@type":"ListItem","position":2,"name":"STF: Plen\u00e1rio modula efeitos de decis\u00e3o envolvendo a\u00e7\u00f5es de candidatos sobre crit\u00e9rios de concursos"}]},{"@type":"WebSite","@id":"https:\/\/mhcalculos.com.br\/noticias\/#website","url":"https:\/\/mhcalculos.com.br\/noticias\/","name":"Portal de Not\u00edcias","description":"Not\u00edcias e Jurisprud\u00eancia","potentialAction":[{"@type":"SearchAction","target":{"@type":"EntryPoint","urlTemplate":"https:\/\/mhcalculos.com.br\/noticias\/?s={search_term_string}"},"query-input":{"@type":"PropertyValueSpecification","valueRequired":true,"valueName":"search_term_string"}}],"inLanguage":"pt-BR"},{"@type":"Person","@id":"https:\/\/mhcalculos.com.br\/noticias\/#\/schema\/person\/88d1c34bf72dc779ea14a5a6b8e0ae8d","name":"Equipe MH","image":{"@type":"ImageObject","inLanguage":"pt-BR","@id":"https:\/\/secure.gravatar.com\/avatar\/de1c686c2ecc9c5a3f327e3431d819eb39f8f05d4e1045f5a1caad6daaba987f?s=96&d=mm&r=g","url":"https:\/\/secure.gravatar.com\/avatar\/de1c686c2ecc9c5a3f327e3431d819eb39f8f05d4e1045f5a1caad6daaba987f?s=96&d=mm&r=g","contentUrl":"https:\/\/secure.gravatar.com\/avatar\/de1c686c2ecc9c5a3f327e3431d819eb39f8f05d4e1045f5a1caad6daaba987f?s=96&d=mm&r=g","caption":"Equipe MH"}}]}},"_links":{"self":[{"href":"https:\/\/mhcalculos.com.br\/noticias\/wp-json\/wp\/v2\/posts\/7824","targetHints":{"allow":["GET"]}}],"collection":[{"href":"https:\/\/mhcalculos.com.br\/noticias\/wp-json\/wp\/v2\/posts"}],"about":[{"href":"https:\/\/mhcalculos.com.br\/noticias\/wp-json\/wp\/v2\/types\/post"}],"author":[{"embeddable":true,"href":"https:\/\/mhcalculos.com.br\/noticias\/wp-json\/wp\/v2\/users\/3063"}],"replies":[{"embeddable":true,"href":"https:\/\/mhcalculos.com.br\/noticias\/wp-json\/wp\/v2\/comments?post=7824"}],"version-history":[{"count":1,"href":"https:\/\/mhcalculos.com.br\/noticias\/wp-json\/wp\/v2\/posts\/7824\/revisions"}],"predecessor-version":[{"id":8586,"href":"https:\/\/mhcalculos.com.br\/noticias\/wp-json\/wp\/v2\/posts\/7824\/revisions\/8586"}],"wp:featuredmedia":[{"embeddable":true,"href":"https:\/\/mhcalculos.com.br\/noticias\/wp-json\/wp\/v2\/media\/1607"}],"wp:attachment":[{"href":"https:\/\/mhcalculos.com.br\/noticias\/wp-json\/wp\/v2\/media?parent=7824"}],"wp:term":[{"taxonomy":"category","embeddable":true,"href":"https:\/\/mhcalculos.com.br\/noticias\/wp-json\/wp\/v2\/categories?post=7824"},{"taxonomy":"post_tag","embeddable":true,"href":"https:\/\/mhcalculos.com.br\/noticias\/wp-json\/wp\/v2\/tags?post=7824"}],"curies":[{"name":"wp","href":"https:\/\/api.w.org\/{rel}","templated":true}]}}