{"id":7823,"date":"2021-01-11T11:05:00","date_gmt":"2021-01-11T14:05:00","guid":{"rendered":"https:\/\/mhcalculos.com.br\/noticias\/area\/trabalhista\/tst-negado-pedido-de-indenizacao-por-lesao-em-coluna-de-origem-degenerativa.html"},"modified":"2021-07-28T14:28:18","modified_gmt":"2021-07-28T17:28:18","slug":"tst-negado-pedido-de-indenizacao-por-lesao-em-coluna-de-origem-degenerativa","status":"publish","type":"post","link":"https:\/\/mhcalculos.com.br\/noticias\/area\/trabalhista\/tst-negado-pedido-de-indenizacao-por-lesao-em-coluna-de-origem-degenerativa.html","title":{"rendered":"TST: Negado pedido de indeniza\u00e7\u00e3o por les\u00e3o em coluna de origem degenerativa"},"content":{"rendered":"<p><br \/>\n<\/p>\n<p><em><\/p>\n<p>A aus\u00eancia de rela\u00e7\u00e3o com o trabalho afasta o direito \u00e0 repara\u00e7\u00e3o.<\/p>\n<p><\/em><\/p>\n<p>        <a class=\"share-facebook\" href=\"https:\/\/www.facebook.com\/sharer.php?u=http:\/\/www.tst.jus.br\/-\/negado-pedido-de-indeniza%C3%A7%C3%A3o-por-les%C3%A3o-em-coluna-de-origem-degenerativa\" target=\"_blank\" rel=\"noopener noreferrer\"><\/a><br \/>\n        <a class=\"share-twitter\" href=\"http:\/\/twitter.com\/intent\/tweet?text=Negado pedido de indeniza\u00e7\u00e3o por les\u00e3o em coluna de origem degenerativa%0AVeja%20mais%20em:&amp;url=http:\/\/www.tst.jus.br\/-\/negado-pedido-de-indeniza%C3%A7%C3%A3o-por-les%C3%A3o-em-coluna-de-origem-degenerativa\" target=\"_blank\" rel=\"noopener noreferrer\"><\/a><br \/>\n        <a class=\"share-linkedin\" href=\"https:\/\/www.linkedin.com\/shareArticle?mini=true&amp;url=http:\/\/www.tst.jus.br\/-\/negado-pedido-de-indeniza%C3%A7%C3%A3o-por-les%C3%A3o-em-coluna-de-origem-degenerativa&amp;title=Negado pedido de indeniza\u00e7\u00e3o por les\u00e3o em coluna de origem degenerativa\" target=\"_blank\" rel=\"noopener noreferrer\"><\/a><br \/>\n        <a class=\"share-whatsapp\" href=\"https:\/\/web.whatsapp.com\/send?text=http:\/\/www.tst.jus.br\/-\/negado-pedido-de-indeniza%C3%A7%C3%A3o-por-les%C3%A3o-em-coluna-de-origem-degenerativa\" target=\"_blank\" rel=\"noopener noreferrer\"><\/a><br \/>\n        <a class=\"share-googleplus\" href=\"https:\/\/plus.google.com\/share?url=http:\/\/www.tst.jus.br\/-\/negado-pedido-de-indeniza%C3%A7%C3%A3o-por-les%C3%A3o-em-coluna-de-origem-degenerativa\" target=\"_blank\" rel=\"noopener noreferrer\"><\/a><\/p>\n<p>                <\/p>\n<p>M\u00e9dico examina exames de imagem da coluna<\/p>\n<p>                    <a class=\"share-facebook\" href=\"https:\/\/www.facebook.com\/sharer.php?u=http:\/\/www.tst.jus.br\/-\/negado-pedido-de-indeniza%C3%A7%C3%A3o-por-les%C3%A3o-em-coluna-de-origem-degenerativa\" target=\"_blank\" rel=\"noopener noreferrer\"><\/a><br \/>\n                    <a class=\"share-twitter\" href=\"http:\/\/twitter.com\/intent\/tweet?text=Negado pedido de indeniza\u00e7\u00e3o por les\u00e3o em coluna de origem degenerativa%0AVeja%20mais%20em:&amp;url=http:\/\/www.tst.jus.br\/-\/negado-pedido-de-indeniza%C3%A7%C3%A3o-por-les%C3%A3o-em-coluna-de-origem-degenerativa\" target=\"_blank\" rel=\"noopener noreferrer\"><\/a><br \/>\n                    <a class=\"share-linkedin\" href=\"https:\/\/www.linkedin.com\/shareArticle?mini=true&amp;url=http:\/\/www.tst.jus.br\/-\/negado-pedido-de-indeniza%C3%A7%C3%A3o-por-les%C3%A3o-em-coluna-de-origem-degenerativa&amp;title=Negado pedido de indeniza\u00e7\u00e3o por les\u00e3o em coluna de origem degenerativa\" target=\"_blank\" rel=\"noopener noreferrer\"><\/a><br \/>\n                    <a class=\"share-whatsapp\" href=\"https:\/\/web.whatsapp.com\/send?text=http:\/\/www.tst.jus.br\/-\/negado-pedido-de-indeniza%C3%A7%C3%A3o-por-les%C3%A3o-em-coluna-de-origem-degenerativa\" target=\"_blank\" rel=\"noopener noreferrer\"><\/a><br \/>\n                    <a class=\"share-googleplus\" href=\"https:\/\/plus.google.com\/share?url=http:\/\/www.tst.jus.br\/-\/negado-pedido-de-indeniza%C3%A7%C3%A3o-por-les%C3%A3o-em-coluna-de-origem-degenerativa\" target=\"_blank\" rel=\"noopener noreferrer\"><\/a><\/p>\n<p>11\/01\/21 &#8211;&nbsp;A Terceira Turma do Tribunal Superior do Trabalho rejeitou o recurso de um auxiliar de produ\u00e7\u00e3o da Sankyu S. A., de S\u00e3o Francisco do Sul (SC), que pretendia receber indeniza\u00e7\u00e3o decorrente de les\u00f5es na coluna lombar. De acordo com o laudo t\u00e9cnico pericial, \u00fanica prova reconhecida no processo, n\u00e3o h\u00e1 nexo de causalidade entre as atividades realizadas por ele e a doen\u00e7a adquirida, que tem natureza degenerativa.&nbsp;<\/p>\n<h4>Patologia<\/h4>\n<p>O auxiliar foi contratado pela Sankyu para prestar servi\u00e7os na linha de produ\u00e7\u00e3o da sider\u00fargica Arcelormittal Brasil S. A. e, 2016, foi diagnosticada patologia na regi\u00e3o lombar. Na reclama\u00e7\u00e3o trabalhista, ele disse que a empresa n\u00e3o acatou a recomenda\u00e7\u00e3o do m\u00e9dico para que fosse mudado de fun\u00e7\u00e3o por 120 dias, a fim de permitir a recupera\u00e7\u00e3o e o refor\u00e7o muscular. Segundo ele, a doen\u00e7a se desenvolvera em raz\u00e3o das condi\u00e7\u00f5es ergon\u00f4micas inadequadas.<\/p>\n<h4>Les\u00e3o degenerativa<\/h4>\n<p>O Tribunal Regional do Trabalho da 12\u00aa Regi\u00e3o (SC) manteve a senten\u00e7a do ju\u00edzo da 1\u00aa Vara do Trabalho de Joinville, que acolheu integralmente o laudo e concluiu que n\u00e3o havia nexo causal entre as les\u00f5es na coluna vertebral e as atividades exercidas na empresa. De acordo com a conclus\u00e3o do perito, as les\u00f5es tinham origem degenerativa, sem qualquer rela\u00e7\u00e3o com o trabalho do auxiliar, que consistia em embalar bobinas de a\u00e7o.<\/p>\n<h4>Prova t\u00e9cnica<\/h4>\n<p>O relator do recurso de revista do empregado, ministro Mauricio Godinho Delgado, assinalou que, embora o juiz n\u00e3o esteja adstrito ao laudo pericial, no caso, a prova t\u00e9cnica n\u00e3o foi superada pelos demais elementos de prova constantes do processo. \u201cN\u00e3o cabe ao TST, diante da exiguidade de dados f\u00e1ticos explicitados pelo TRT, examinar, diretamente, o conjunto probat\u00f3rio e chegar a conclus\u00e3o diversa\u201d, explicou, apontando os limites processuais impostos pela S\u00famula 126 do TST.<\/p>\n<p>A decis\u00e3o foi un\u00e2nime.<\/p>\n<p>(GL\/CF)<\/p>\n<p>Processo: <a href=\"http:\/\/aplicacao4.tst.jus.br\/consultaProcessual\/consultaTstNumUnica.do?consulta=Consultar&amp;conscsjt=&amp;numeroTst=497&amp;digitoTst=51&amp;anoTst=2017&amp;orgaoTst=5&amp;tribunalTst=12&amp;varaTst=0004&amp;submit=Consultar\" target=\"_blank\" rel=\"noopener noreferrer\">RR-497-51.2017.5.12.0004<\/a><\/p>\n<p>O TST possui oito Turmas, cada uma composta por tr\u00eas ministros, com a atribui\u00e7\u00e3o de analisar recursos de revista, agravos, agravos de instrumento, agravos regimentais e recursos ordin\u00e1rios em a\u00e7\u00e3o cautelar. Das decis\u00f5es das Turmas, a parte ainda pode, em alguns casos, recorrer \u00e0 Subse\u00e7\u00e3o I Especializada em Diss\u00eddios Individuais (SBDI-1).<\/p>\n<p>Esta mat\u00e9ria tem cunho meramente informativo.<br \/>\nPermitida a reprodu\u00e7\u00e3o mediante cita\u00e7\u00e3o da fonte.<br \/>\nSecretaria de Comunica\u00e7\u00e3o Social<br \/>\n<a href=\"http:\/\/www.tst.jus.br\" target=\"_blank\" rel=\"noopener noreferrer\">Tribunal Superior do Trabalho<\/a><br \/>\nTel. (61) 3043-4907<br \/>\n<a href=\"mailto:secom@tst.jus.br\" target=\"\" rel=\"noopener noreferrer\">secom@tst.jus.br<\/a><\/p>\n<p>    $(&#8216;#lightbox-mnya_ .slider-gallery-wrapper img&#8217;).hover(<br \/>\n    function() {<br \/>\n        const $text=$($($(this).parent()).next());<br \/>\n        $text.hasClass(&#8216;inside-description&#8217;) &amp;&amp; $text.fadeTo( &#8220;slow&#8221; , 0);<br \/>\n    }, function() {<br \/>\n        const $text=$($($(this).parent()).next());<br \/>\n        $text.hasClass(&#8216;inside-description&#8217;) &amp;&amp; $text.fadeTo( &#8220;slow&#8221; , 1);<br \/>\n    }<br \/>\n    );<br \/>\n    $(document).ready(function() {<br \/>\n        var mnya_autoplaying=false;<br \/>\n        var mnya_showingLightbox=false;<br \/>\n        const mnya_playPauseControllers=&#8221;#slider-mnya_-playpause, #slider-mnya_-lightbox-playpause&#8221;;<br \/>\n        $(&#8220;#slider-mnya_&#8221;).slick({<br \/>\n            slidesToShow: 1,<br \/>\n            slidesToScroll: 1,<br \/>\n            autoplay: mnya_autoplaying,<br \/>\n            swipeToSlide: false,<br \/>\n            centerMode: false,<br \/>\n            autoplaySpeed: 3000,<br \/>\n            focusOnSelect: true,<br \/>\n            prevArrow:<br \/>\n            &#8221;,<br \/>\n            nextArrow:<br \/>\n            &#8221;,<br \/>\n            centerPadding: &#8220;60px&#8221;,<br \/>\n            responsive: [<br \/>\n                {<br \/>\n                    breakpoint: 767.98,<br \/>\n                    settings: {<br \/>\n                        slidesToShow: 3,<br \/>\n                        adaptiveHeight: true<br \/>\n                    }<br \/>\n                }<br \/>\n            ]<br \/>\n        });<br \/>\n        $(&#8220;#slider-mnya_&#8221;).slickLightbox({<br \/>\n            src: &#8216;src&#8217;,<br \/>\n            itemSelector: &#8216;.galery-image .multimidia-wrapper img&#8217;,<br \/>\n            caption:&#8217;caption&#8217;<br \/>\n        });<br \/>\n    });<br \/>\n<script async src=\"https:\/\/platform.twitter.com\/widgets.js\" charset=\"utf-8\"><\/script><br \/>\n<br \/><i>Com informa\u00e7\u00f5es da assessoria de imprensa do TST.<\/i><br \/>\n<br \/><a href=\"http:\/\/www.tst.jus.br\/web\/guest\/noticias?p_p_id=89Dk&#038;p_p_lifecycle=0&#038;refererPlid=10730&#038;_89Dk_groupId=10157&#038;_89Dk_articleId=26949194\">Fonte<\/a><br \/>\n<br \/><\/p>\n","protected":false},"excerpt":{"rendered":"<p>A aus\u00eancia de rela\u00e7\u00e3o com o trabalho afasta o direito \u00e0 repara\u00e7\u00e3o. M\u00e9dico examina exames de imagem da coluna 11\/01\/21 &#8211;&nbsp;A Terceira Turma do Tribunal Superior do Trabalho rejeitou o recurso de um auxiliar de produ\u00e7\u00e3o da Sankyu S. A., de S\u00e3o Francisco do Sul (SC), que pretendia receber indeniza\u00e7\u00e3o decorrente de les\u00f5es na coluna [&hellip;]<\/p>\n","protected":false},"author":3063,"featured_media":2198,"comment_status":"open","ping_status":"open","sticky":false,"template":"","format":"standard","meta":{"footnotes":""},"categories":[3,21],"tags":[33,216,9,12,217,215],"class_list":{"0":"post-7823","1":"post","2":"type-post","3":"status-publish","4":"format-standard","5":"has-post-thumbnail","7":"category-trabalhista","8":"category-tst","9":"tag-calculos-trabalhistas","10":"tag-direito-trabalhista","11":"tag-pericia","12":"tag-perito","13":"tag-trabalho","14":"tag-tst"},"yoast_head":"<!-- This site is optimized with the Yoast SEO plugin v27.2 - https:\/\/yoast.com\/product\/yoast-seo-wordpress\/ -->\n<title>TST: Negado pedido de indeniza\u00e7\u00e3o por les\u00e3o em coluna de origem degenerativa | Portal de Not\u00edcias<\/title>\n<meta name=\"robots\" content=\"index, follow, max-snippet:-1, max-image-preview:large, max-video-preview:-1\" \/>\n<link rel=\"canonical\" href=\"https:\/\/mhcalculos.com.br\/noticias\/area\/trabalhista\/tst-negado-pedido-de-indenizacao-por-lesao-em-coluna-de-origem-degenerativa.html\" \/>\n<meta property=\"og:locale\" content=\"pt_BR\" \/>\n<meta property=\"og:type\" content=\"article\" \/>\n<meta property=\"og:title\" content=\"TST: Negado pedido de indeniza\u00e7\u00e3o por les\u00e3o em coluna de origem degenerativa | Portal de Not\u00edcias\" \/>\n<meta property=\"og:description\" content=\"A aus\u00eancia de rela\u00e7\u00e3o com o trabalho afasta o direito \u00e0 repara\u00e7\u00e3o. M\u00e9dico examina exames de imagem da coluna 11\/01\/21 &#8211;&nbsp;A Terceira Turma do Tribunal Superior do Trabalho rejeitou o recurso de um auxiliar de produ\u00e7\u00e3o da Sankyu S. A., de S\u00e3o Francisco do Sul (SC), que pretendia receber indeniza\u00e7\u00e3o decorrente de les\u00f5es na coluna [&hellip;]\" \/>\n<meta property=\"og:url\" content=\"https:\/\/mhcalculos.com.br\/noticias\/area\/trabalhista\/tst-negado-pedido-de-indenizacao-por-lesao-em-coluna-de-origem-degenerativa.html\" \/>\n<meta property=\"og:site_name\" content=\"Portal de Not\u00edcias\" \/>\n<meta property=\"article:published_time\" content=\"2021-01-11T14:05:00+00:00\" \/>\n<meta property=\"article:modified_time\" content=\"2021-07-28T17:28:18+00:00\" \/>\n<meta property=\"og:image\" content=\"https:\/\/mhcalculos.com.br\/noticias\/wp-content\/uploads\/sites\/2\/2018\/06\/judiciario-0027.jpg\" \/>\n\t<meta property=\"og:image:width\" content=\"2000\" \/>\n\t<meta property=\"og:image:height\" content=\"800\" \/>\n\t<meta property=\"og:image:type\" content=\"image\/jpeg\" \/>\n<meta name=\"author\" content=\"Equipe MH\" \/>\n<meta name=\"twitter:card\" content=\"summary_large_image\" \/>\n<meta name=\"twitter:label1\" content=\"Escrito por\" \/>\n\t<meta name=\"twitter:data1\" content=\"Equipe MH\" \/>\n\t<meta name=\"twitter:label2\" content=\"Est. tempo de leitura\" \/>\n\t<meta name=\"twitter:data2\" content=\"3 minutos\" \/>\n<script type=\"application\/ld+json\" class=\"yoast-schema-graph\">{\"@context\":\"https:\/\/schema.org\",\"@graph\":[{\"@type\":\"Article\",\"@id\":\"https:\/\/mhcalculos.com.br\/noticias\/area\/trabalhista\/tst-negado-pedido-de-indenizacao-por-lesao-em-coluna-de-origem-degenerativa.html#article\",\"isPartOf\":{\"@id\":\"https:\/\/mhcalculos.com.br\/noticias\/area\/trabalhista\/tst-negado-pedido-de-indenizacao-por-lesao-em-coluna-de-origem-degenerativa.html\"},\"author\":{\"name\":\"Equipe MH\",\"@id\":\"https:\/\/mhcalculos.com.br\/noticias\/#\/schema\/person\/88d1c34bf72dc779ea14a5a6b8e0ae8d\"},\"headline\":\"TST: Negado pedido de indeniza\u00e7\u00e3o por les\u00e3o em coluna de origem degenerativa\",\"datePublished\":\"2021-01-11T14:05:00+00:00\",\"dateModified\":\"2021-07-28T17:28:18+00:00\",\"mainEntityOfPage\":{\"@id\":\"https:\/\/mhcalculos.com.br\/noticias\/area\/trabalhista\/tst-negado-pedido-de-indenizacao-por-lesao-em-coluna-de-origem-degenerativa.html\"},\"wordCount\":559,\"commentCount\":0,\"image\":{\"@id\":\"https:\/\/mhcalculos.com.br\/noticias\/area\/trabalhista\/tst-negado-pedido-de-indenizacao-por-lesao-em-coluna-de-origem-degenerativa.html#primaryimage\"},\"thumbnailUrl\":\"https:\/\/mhcalculos.com.br\/noticias\/wp-content\/uploads\/sites\/2\/2018\/06\/judiciario-0027.jpg\",\"keywords\":[\"c\u00e1lculos trabalhistas\",\"direito trabalhista\",\"per\u00edcia\",\"perito\",\"trabalho\",\"TST\"],\"articleSection\":[\"Direito Trabalhista\",\"TST\"],\"inLanguage\":\"pt-BR\",\"potentialAction\":[{\"@type\":\"CommentAction\",\"name\":\"Comment\",\"target\":[\"https:\/\/mhcalculos.com.br\/noticias\/area\/trabalhista\/tst-negado-pedido-de-indenizacao-por-lesao-em-coluna-de-origem-degenerativa.html#respond\"]}]},{\"@type\":\"WebPage\",\"@id\":\"https:\/\/mhcalculos.com.br\/noticias\/area\/trabalhista\/tst-negado-pedido-de-indenizacao-por-lesao-em-coluna-de-origem-degenerativa.html\",\"url\":\"https:\/\/mhcalculos.com.br\/noticias\/area\/trabalhista\/tst-negado-pedido-de-indenizacao-por-lesao-em-coluna-de-origem-degenerativa.html\",\"name\":\"TST: Negado pedido de indeniza\u00e7\u00e3o por les\u00e3o em coluna de origem degenerativa | Portal de Not\u00edcias\",\"isPartOf\":{\"@id\":\"https:\/\/mhcalculos.com.br\/noticias\/#website\"},\"primaryImageOfPage\":{\"@id\":\"https:\/\/mhcalculos.com.br\/noticias\/area\/trabalhista\/tst-negado-pedido-de-indenizacao-por-lesao-em-coluna-de-origem-degenerativa.html#primaryimage\"},\"image\":{\"@id\":\"https:\/\/mhcalculos.com.br\/noticias\/area\/trabalhista\/tst-negado-pedido-de-indenizacao-por-lesao-em-coluna-de-origem-degenerativa.html#primaryimage\"},\"thumbnailUrl\":\"https:\/\/mhcalculos.com.br\/noticias\/wp-content\/uploads\/sites\/2\/2018\/06\/judiciario-0027.jpg\",\"datePublished\":\"2021-01-11T14:05:00+00:00\",\"dateModified\":\"2021-07-28T17:28:18+00:00\",\"author\":{\"@id\":\"https:\/\/mhcalculos.com.br\/noticias\/#\/schema\/person\/88d1c34bf72dc779ea14a5a6b8e0ae8d\"},\"breadcrumb\":{\"@id\":\"https:\/\/mhcalculos.com.br\/noticias\/area\/trabalhista\/tst-negado-pedido-de-indenizacao-por-lesao-em-coluna-de-origem-degenerativa.html#breadcrumb\"},\"inLanguage\":\"pt-BR\",\"potentialAction\":[{\"@type\":\"ReadAction\",\"target\":[\"https:\/\/mhcalculos.com.br\/noticias\/area\/trabalhista\/tst-negado-pedido-de-indenizacao-por-lesao-em-coluna-de-origem-degenerativa.html\"]}]},{\"@type\":\"ImageObject\",\"inLanguage\":\"pt-BR\",\"@id\":\"https:\/\/mhcalculos.com.br\/noticias\/area\/trabalhista\/tst-negado-pedido-de-indenizacao-por-lesao-em-coluna-de-origem-degenerativa.html#primaryimage\",\"url\":\"https:\/\/mhcalculos.com.br\/noticias\/wp-content\/uploads\/sites\/2\/2018\/06\/judiciario-0027.jpg\",\"contentUrl\":\"https:\/\/mhcalculos.com.br\/noticias\/wp-content\/uploads\/sites\/2\/2018\/06\/judiciario-0027.jpg\",\"width\":2000,\"height\":800},{\"@type\":\"BreadcrumbList\",\"@id\":\"https:\/\/mhcalculos.com.br\/noticias\/area\/trabalhista\/tst-negado-pedido-de-indenizacao-por-lesao-em-coluna-de-origem-degenerativa.html#breadcrumb\",\"itemListElement\":[{\"@type\":\"ListItem\",\"position\":1,\"name\":\"In\u00edcio\",\"item\":\"https:\/\/mhcalculos.com.br\/noticias\/\"},{\"@type\":\"ListItem\",\"position\":2,\"name\":\"TST: Negado pedido de indeniza\u00e7\u00e3o por les\u00e3o em coluna de origem degenerativa\"}]},{\"@type\":\"WebSite\",\"@id\":\"https:\/\/mhcalculos.com.br\/noticias\/#website\",\"url\":\"https:\/\/mhcalculos.com.br\/noticias\/\",\"name\":\"Portal de Not\u00edcias\",\"description\":\"Not\u00edcias e Jurisprud\u00eancia\",\"potentialAction\":[{\"@type\":\"SearchAction\",\"target\":{\"@type\":\"EntryPoint\",\"urlTemplate\":\"https:\/\/mhcalculos.com.br\/noticias\/?s={search_term_string}\"},\"query-input\":{\"@type\":\"PropertyValueSpecification\",\"valueRequired\":true,\"valueName\":\"search_term_string\"}}],\"inLanguage\":\"pt-BR\"},{\"@type\":\"Person\",\"@id\":\"https:\/\/mhcalculos.com.br\/noticias\/#\/schema\/person\/88d1c34bf72dc779ea14a5a6b8e0ae8d\",\"name\":\"Equipe MH\",\"image\":{\"@type\":\"ImageObject\",\"inLanguage\":\"pt-BR\",\"@id\":\"https:\/\/secure.gravatar.com\/avatar\/de1c686c2ecc9c5a3f327e3431d819eb39f8f05d4e1045f5a1caad6daaba987f?s=96&d=mm&r=g\",\"url\":\"https:\/\/secure.gravatar.com\/avatar\/de1c686c2ecc9c5a3f327e3431d819eb39f8f05d4e1045f5a1caad6daaba987f?s=96&d=mm&r=g\",\"contentUrl\":\"https:\/\/secure.gravatar.com\/avatar\/de1c686c2ecc9c5a3f327e3431d819eb39f8f05d4e1045f5a1caad6daaba987f?s=96&d=mm&r=g\",\"caption\":\"Equipe MH\"}}]}<\/script>\n<!-- \/ Yoast SEO plugin. -->","yoast_head_json":{"title":"TST: Negado pedido de indeniza\u00e7\u00e3o por les\u00e3o em coluna de origem degenerativa | Portal de Not\u00edcias","robots":{"index":"index","follow":"follow","max-snippet":"max-snippet:-1","max-image-preview":"max-image-preview:large","max-video-preview":"max-video-preview:-1"},"canonical":"https:\/\/mhcalculos.com.br\/noticias\/area\/trabalhista\/tst-negado-pedido-de-indenizacao-por-lesao-em-coluna-de-origem-degenerativa.html","og_locale":"pt_BR","og_type":"article","og_title":"TST: Negado pedido de indeniza\u00e7\u00e3o por les\u00e3o em coluna de origem degenerativa | Portal de Not\u00edcias","og_description":"A aus\u00eancia de rela\u00e7\u00e3o com o trabalho afasta o direito \u00e0 repara\u00e7\u00e3o. M\u00e9dico examina exames de imagem da coluna 11\/01\/21 &#8211;&nbsp;A Terceira Turma do Tribunal Superior do Trabalho rejeitou o recurso de um auxiliar de produ\u00e7\u00e3o da Sankyu S. A., de S\u00e3o Francisco do Sul (SC), que pretendia receber indeniza\u00e7\u00e3o decorrente de les\u00f5es na coluna [&hellip;]","og_url":"https:\/\/mhcalculos.com.br\/noticias\/area\/trabalhista\/tst-negado-pedido-de-indenizacao-por-lesao-em-coluna-de-origem-degenerativa.html","og_site_name":"Portal de Not\u00edcias","article_published_time":"2021-01-11T14:05:00+00:00","article_modified_time":"2021-07-28T17:28:18+00:00","og_image":[{"width":2000,"height":800,"url":"https:\/\/mhcalculos.com.br\/noticias\/wp-content\/uploads\/sites\/2\/2018\/06\/judiciario-0027.jpg","type":"image\/jpeg"}],"author":"Equipe MH","twitter_card":"summary_large_image","twitter_misc":{"Escrito por":"Equipe MH","Est. tempo de leitura":"3 minutos"},"schema":{"@context":"https:\/\/schema.org","@graph":[{"@type":"Article","@id":"https:\/\/mhcalculos.com.br\/noticias\/area\/trabalhista\/tst-negado-pedido-de-indenizacao-por-lesao-em-coluna-de-origem-degenerativa.html#article","isPartOf":{"@id":"https:\/\/mhcalculos.com.br\/noticias\/area\/trabalhista\/tst-negado-pedido-de-indenizacao-por-lesao-em-coluna-de-origem-degenerativa.html"},"author":{"name":"Equipe MH","@id":"https:\/\/mhcalculos.com.br\/noticias\/#\/schema\/person\/88d1c34bf72dc779ea14a5a6b8e0ae8d"},"headline":"TST: Negado pedido de indeniza\u00e7\u00e3o por les\u00e3o em coluna de origem degenerativa","datePublished":"2021-01-11T14:05:00+00:00","dateModified":"2021-07-28T17:28:18+00:00","mainEntityOfPage":{"@id":"https:\/\/mhcalculos.com.br\/noticias\/area\/trabalhista\/tst-negado-pedido-de-indenizacao-por-lesao-em-coluna-de-origem-degenerativa.html"},"wordCount":559,"commentCount":0,"image":{"@id":"https:\/\/mhcalculos.com.br\/noticias\/area\/trabalhista\/tst-negado-pedido-de-indenizacao-por-lesao-em-coluna-de-origem-degenerativa.html#primaryimage"},"thumbnailUrl":"https:\/\/mhcalculos.com.br\/noticias\/wp-content\/uploads\/sites\/2\/2018\/06\/judiciario-0027.jpg","keywords":["c\u00e1lculos trabalhistas","direito trabalhista","per\u00edcia","perito","trabalho","TST"],"articleSection":["Direito Trabalhista","TST"],"inLanguage":"pt-BR","potentialAction":[{"@type":"CommentAction","name":"Comment","target":["https:\/\/mhcalculos.com.br\/noticias\/area\/trabalhista\/tst-negado-pedido-de-indenizacao-por-lesao-em-coluna-de-origem-degenerativa.html#respond"]}]},{"@type":"WebPage","@id":"https:\/\/mhcalculos.com.br\/noticias\/area\/trabalhista\/tst-negado-pedido-de-indenizacao-por-lesao-em-coluna-de-origem-degenerativa.html","url":"https:\/\/mhcalculos.com.br\/noticias\/area\/trabalhista\/tst-negado-pedido-de-indenizacao-por-lesao-em-coluna-de-origem-degenerativa.html","name":"TST: Negado pedido de indeniza\u00e7\u00e3o por les\u00e3o em coluna de origem degenerativa | Portal de Not\u00edcias","isPartOf":{"@id":"https:\/\/mhcalculos.com.br\/noticias\/#website"},"primaryImageOfPage":{"@id":"https:\/\/mhcalculos.com.br\/noticias\/area\/trabalhista\/tst-negado-pedido-de-indenizacao-por-lesao-em-coluna-de-origem-degenerativa.html#primaryimage"},"image":{"@id":"https:\/\/mhcalculos.com.br\/noticias\/area\/trabalhista\/tst-negado-pedido-de-indenizacao-por-lesao-em-coluna-de-origem-degenerativa.html#primaryimage"},"thumbnailUrl":"https:\/\/mhcalculos.com.br\/noticias\/wp-content\/uploads\/sites\/2\/2018\/06\/judiciario-0027.jpg","datePublished":"2021-01-11T14:05:00+00:00","dateModified":"2021-07-28T17:28:18+00:00","author":{"@id":"https:\/\/mhcalculos.com.br\/noticias\/#\/schema\/person\/88d1c34bf72dc779ea14a5a6b8e0ae8d"},"breadcrumb":{"@id":"https:\/\/mhcalculos.com.br\/noticias\/area\/trabalhista\/tst-negado-pedido-de-indenizacao-por-lesao-em-coluna-de-origem-degenerativa.html#breadcrumb"},"inLanguage":"pt-BR","potentialAction":[{"@type":"ReadAction","target":["https:\/\/mhcalculos.com.br\/noticias\/area\/trabalhista\/tst-negado-pedido-de-indenizacao-por-lesao-em-coluna-de-origem-degenerativa.html"]}]},{"@type":"ImageObject","inLanguage":"pt-BR","@id":"https:\/\/mhcalculos.com.br\/noticias\/area\/trabalhista\/tst-negado-pedido-de-indenizacao-por-lesao-em-coluna-de-origem-degenerativa.html#primaryimage","url":"https:\/\/mhcalculos.com.br\/noticias\/wp-content\/uploads\/sites\/2\/2018\/06\/judiciario-0027.jpg","contentUrl":"https:\/\/mhcalculos.com.br\/noticias\/wp-content\/uploads\/sites\/2\/2018\/06\/judiciario-0027.jpg","width":2000,"height":800},{"@type":"BreadcrumbList","@id":"https:\/\/mhcalculos.com.br\/noticias\/area\/trabalhista\/tst-negado-pedido-de-indenizacao-por-lesao-em-coluna-de-origem-degenerativa.html#breadcrumb","itemListElement":[{"@type":"ListItem","position":1,"name":"In\u00edcio","item":"https:\/\/mhcalculos.com.br\/noticias\/"},{"@type":"ListItem","position":2,"name":"TST: Negado pedido de indeniza\u00e7\u00e3o por les\u00e3o em coluna de origem degenerativa"}]},{"@type":"WebSite","@id":"https:\/\/mhcalculos.com.br\/noticias\/#website","url":"https:\/\/mhcalculos.com.br\/noticias\/","name":"Portal de Not\u00edcias","description":"Not\u00edcias e Jurisprud\u00eancia","potentialAction":[{"@type":"SearchAction","target":{"@type":"EntryPoint","urlTemplate":"https:\/\/mhcalculos.com.br\/noticias\/?s={search_term_string}"},"query-input":{"@type":"PropertyValueSpecification","valueRequired":true,"valueName":"search_term_string"}}],"inLanguage":"pt-BR"},{"@type":"Person","@id":"https:\/\/mhcalculos.com.br\/noticias\/#\/schema\/person\/88d1c34bf72dc779ea14a5a6b8e0ae8d","name":"Equipe MH","image":{"@type":"ImageObject","inLanguage":"pt-BR","@id":"https:\/\/secure.gravatar.com\/avatar\/de1c686c2ecc9c5a3f327e3431d819eb39f8f05d4e1045f5a1caad6daaba987f?s=96&d=mm&r=g","url":"https:\/\/secure.gravatar.com\/avatar\/de1c686c2ecc9c5a3f327e3431d819eb39f8f05d4e1045f5a1caad6daaba987f?s=96&d=mm&r=g","contentUrl":"https:\/\/secure.gravatar.com\/avatar\/de1c686c2ecc9c5a3f327e3431d819eb39f8f05d4e1045f5a1caad6daaba987f?s=96&d=mm&r=g","caption":"Equipe MH"}}]}},"_links":{"self":[{"href":"https:\/\/mhcalculos.com.br\/noticias\/wp-json\/wp\/v2\/posts\/7823","targetHints":{"allow":["GET"]}}],"collection":[{"href":"https:\/\/mhcalculos.com.br\/noticias\/wp-json\/wp\/v2\/posts"}],"about":[{"href":"https:\/\/mhcalculos.com.br\/noticias\/wp-json\/wp\/v2\/types\/post"}],"author":[{"embeddable":true,"href":"https:\/\/mhcalculos.com.br\/noticias\/wp-json\/wp\/v2\/users\/3063"}],"replies":[{"embeddable":true,"href":"https:\/\/mhcalculos.com.br\/noticias\/wp-json\/wp\/v2\/comments?post=7823"}],"version-history":[{"count":1,"href":"https:\/\/mhcalculos.com.br\/noticias\/wp-json\/wp\/v2\/posts\/7823\/revisions"}],"predecessor-version":[{"id":8598,"href":"https:\/\/mhcalculos.com.br\/noticias\/wp-json\/wp\/v2\/posts\/7823\/revisions\/8598"}],"wp:featuredmedia":[{"embeddable":true,"href":"https:\/\/mhcalculos.com.br\/noticias\/wp-json\/wp\/v2\/media\/2198"}],"wp:attachment":[{"href":"https:\/\/mhcalculos.com.br\/noticias\/wp-json\/wp\/v2\/media?parent=7823"}],"wp:term":[{"taxonomy":"category","embeddable":true,"href":"https:\/\/mhcalculos.com.br\/noticias\/wp-json\/wp\/v2\/categories?post=7823"},{"taxonomy":"post_tag","embeddable":true,"href":"https:\/\/mhcalculos.com.br\/noticias\/wp-json\/wp\/v2\/tags?post=7823"}],"curies":[{"name":"wp","href":"https:\/\/api.w.org\/{rel}","templated":true}]}}