{"id":7805,"date":"2021-01-04T20:05:16","date_gmt":"2021-01-04T23:05:16","guid":{"rendered":"https:\/\/mhcalculos.com.br\/noticias\/tribunais\/stf\/stf-grandes-temas-serao-objeto-de-analise-pelo-stf-em-2021.html"},"modified":"2021-07-28T14:28:20","modified_gmt":"2021-07-28T17:28:20","slug":"stf-grandes-temas-serao-objeto-de-analise-pelo-stf-em-2021","status":"publish","type":"post","link":"https:\/\/mhcalculos.com.br\/noticias\/tribunais\/stf\/stf-grandes-temas-serao-objeto-de-analise-pelo-stf-em-2021.html","title":{"rendered":"STF: Grandes temas ser\u00e3o objeto de an\u00e1lise pelo STF em 2021"},"content":{"rendered":"<p><br \/>\n<\/p>\n<div><span style=\"font-size: medium\">J\u00e1 est\u00e3o definidos o calend\u00e1rio e a pauta de julgamentos das 37 sess\u00f5es plen\u00e1rias que o Supremo Tribunal Federal (STF) realizar\u00e1 no primeiro semestre de 2021. A sele\u00e7\u00e3o dos processos privilegiou a concretiza\u00e7\u00e3o das liberdades civis e econ\u00f4micas, como, por exemplo, o direito ao esquecimento, o direito de resposta em peri\u00f3dicos jornal\u00edsticos, a comercializa\u00e7\u00e3o de bebidas alc\u00f3olicas em rodovias e em est\u00e1dios, a regulamenta\u00e7\u00e3o de jogos de azar, as restri\u00e7\u00f5es resultantes da propriedade intelectual e as cotas de produ\u00e7\u00f5es nacionais nos empreendimentos audiovisuais. Receberam prioridade os casos relacionados \u00e0 pandemia da Covid-19.<\/span><\/div>\n<div><span style=\"font-size: medium\"><br \/>\n<\/span><\/div>\n<div><span style=\"font-size: medium\">Com foco na retomada do crescimento econ\u00f4mico e no desenvolvimento nacional, foram inclu\u00eddos em pauta temas relacionados a setores regulados, em especial as telecomunica\u00e7\u00f5es, os transportes e os medicamentos. J\u00e1 em aten\u00e7\u00e3o aos direitos humanos, destacam-se os casos sobre os limites da publicidade infantil e sobre o cabimento de indeniza\u00e7\u00e3o por condi\u00e7\u00f5es sub-humanas em pres\u00eddios. No que se refere \u00e0 gest\u00e3o p\u00fablica, o Supremo julgar\u00e1 casos sobre a moderniza\u00e7\u00e3o e a pluraliza\u00e7\u00e3o das formas de contrata\u00e7\u00e3o de pessoal, de bens e de servi\u00e7os. Foram pautados processos que discutem a necessidade de licita\u00e7\u00e3o para servi\u00e7os advocat\u00edcios e a demiss\u00e3o de empregados de estatais.<\/span><\/div>\n<div><span style=\"font-size: medium\"><br \/>\n<\/span><\/div>\n<div><span style=\"font-size: medium\">Em mat\u00e9ria de Direito Processual, o Plen\u00e1rio analisar\u00e1 a extens\u00e3o do Processo Civil aos procedimentos administrativos nos estados, os deveres de apura\u00e7\u00e3o de valores da Uni\u00e3o na condi\u00e7\u00e3o de parte executada, a compet\u00eancia jurisdicional para a a\u00e7\u00e3o rescis\u00f3ria e as medidas coercitivas suficientes \u00e0 imposi\u00e7\u00e3o de ordens judiciais. Tamb\u00e9m ser\u00e1 retomado o julgamento sobre a forma como deve se dar o depoimento do presidente da Rep\u00fablica, Jair Bolsonaro, no autos do Inqu\u00e9rito (INQ) 4831.<\/span><\/div>\n<div><span style=\"font-size: medium\"><br \/>\n<\/span><\/div>\n<div><span style=\"font-size: medium\">Confira alguns destaques da pauta de julgamento para o primeiro semestre de 2021:<\/span><\/div>\n<div><span style=\"font-size: medium\"><br \/>\n<\/span><\/div>\n<div><span style=\"font-size: medium\"><b>Fevereiro<\/b><\/span><\/div>\n<div><span style=\"font-size: medium\"><br \/>\n<\/span><\/div>\n<div><span style=\"font-size: medium\">RE 1010606 &ndash; Direito ao esquecimento (dia 3) &ndash; Com repercuss\u00e3o geral reconhecida, o tema diz respeito a familiares da v\u00edtima de um crime praticado nos anos 1950 que questionam sua utiliza\u00e7\u00e3o em programa televisivo. <br \/>\nRelator: Ministro Dias Toffoli<\/span><\/div>\n<div><span style=\"font-size: medium\"><br \/>\nADI 1945 &ndash; Tributa\u00e7\u00e3o sobre software (dia 4) &ndash; A a\u00e7\u00e3o aponta inconstitucionalidade de dispositivos da Lei Estadual 7.098\/1998 de Mato Grosso, que consolida normas referentes ao ICMS, por bitributa\u00e7\u00e3o e invas\u00e3o da compet\u00eancia municipal. <br \/>\nRelatora: Ministra C\u00e1rmen L\u00facia<\/span><\/div>\n<div><span style=\"font-size: medium\"><br \/>\nADI 5659 &ndash; Tributa\u00e7\u00e3o sobre <i>software<\/i> (dia 4) &ndash; A a\u00e7\u00e3o questiona o Decreto Estadual 46.877\/2015 de Minas Gerais e outros diplomas legais. <br \/>\nRelator: Ministro Dias Toffoli<\/span><\/div>\n<div><span style=\"font-size: medium\"><br \/>\nADI 5469 &ndash; ICMS (dia 4) &ndash; A\u00e7\u00e3o ajuizada contra as cl\u00e1usulas do Conv\u00eanio ICMS 93\/2015 do Conselho Nacional de Pol\u00edtica Fazend\u00e1ria, que tratam dos procedimentos a serem observados nas opera\u00e7\u00f5es e presta\u00e7\u00f5es que destinem bens e servi\u00e7os a consumidor final n\u00e3o contribuinte do ICMS, localizado em outra unidade federada. <br \/>\nRelator: Ministro Dias Toffoli<\/span><\/div>\n<div><span style=\"font-size: medium\"><br \/>\nRE 1287019 &ndash; ICMS (dia 4) &ndash; Recurso contra decis\u00e3o do TJDFT, que entendeu que a cobran\u00e7a do diferencial de al\u00edquota do ICMS, acrescentado \u00e0 Constitui\u00e7\u00e3o Federal pela Emenda Constitucional 87\/2015, n\u00e3o est\u00e1 condicionada \u00e0 regulamenta\u00e7\u00e3o de lei complementar. <br \/>\nRelator: Ministro Marco Aur\u00e9lio<\/span><\/div>\n<div><span style=\"font-size: medium\"><br \/>\nADIs 4017 e 4103 &ndash; Bebidas alco\u00f3licas em rodovias (dia 10) &ndash; A\u00e7\u00f5es questionam constitucionalidade de norma que pro\u00edbe venda de bebidas alco\u00f3licas nas rodovias federais. <br \/>\nRelator: Ministro Luiz Fux<\/p>\n<p><\/span><\/div>\n<div><span style=\"font-size: medium\">ADI 5549 &ndash; Transporte terrestre coletivo (dia 11) &ndash; A\u00e7\u00e3o contra dispositivo da Lei 12.996\/2014 que alterou a Lei 10.233\/2001, que disp\u00f5e sobre a reestrutura\u00e7\u00e3o dos transportes aquavi\u00e1rio e terrestre. Relator: Ministro Luiz Fux<\/p>\n<p><\/span><\/div>\n<div><span style=\"font-size: medium\">ADI 6270 &ndash; Transporte terrestre (dia 11) &ndash; A\u00e7\u00e3o aborda a validade de normas que permitem o oferecimento de servi\u00e7os interestaduais de transporte terrestre coletivo de passageiros sem procedimento licitat\u00f3rio pr\u00e9vio, mediante simples autoriza\u00e7\u00e3o. <br \/>\nRelator: Ministro Luiz Fux<\/span><\/div>\n<div><span style=\"font-size: medium\"><br \/>\nINQ 4831 &ndash; Oitiva de presidente da Rep\u00fablica (dia 24) &#8211; Trata do depoimento do presidente da Rep\u00fablica para esclarecimento de fatos investigados no inqu\u00e9rito. <br \/>\nRelator: Ministro Alexandre de Moraes<\/span><\/div>\n<div><span style=\"font-size: medium\"><br \/>\n<\/span><\/div>\n<div><span style=\"font-size: medium\"><b>Mar\u00e7o<\/b><\/span><\/div>\n<div><span style=\"font-size: medium\"><br \/>\n<\/span><\/div>\n<div><span style=\"font-size: medium\">RE 627432 &ndash; Liberdade econ\u00f4mica e art\u00edstica (dia 3) &ndash; Discute a constitucionalidade da chamada &ldquo;cota de tela&rdquo;, relativa \u00e0 norma sobre a obrigatoriedade de exibi\u00e7\u00e3o de filmes nacionais nos cinemas brasileiros por determinados per\u00edodos. <br \/>\nRelator: Ministro Dias Toffoli<\/span><\/div>\n<div><span style=\"font-size: medium\"><br \/>\nADI 5664 &ndash; Gest\u00e3o p\u00fablica (dia 3) &#8211; Questiona leis complementares do Estado do Esp\u00edrito Santo que autorizam a contrata\u00e7\u00e3o tempor\u00e1ria de pessoal pelo Poder Executivo para empregos na \u00e1rea da sa\u00fade, sob o argumento de que a medida \u00e9 necess\u00e1ria para atender a necessidades urgentes e excepcionais. Relator: Ministro Marco Aur\u00e9lio<\/span><\/div>\n<div><span style=\"font-size: medium\"><br \/>\nADI 2135 &ndash; Gest\u00e3o p\u00fablica (dia 4) &#8211; A\u00e7\u00e3o pede declara\u00e7\u00e3o de inconstitucionalidade de dispositivo da Emenda Constitucional (EC) 19\/1998 que suprimia da Constitui\u00e7\u00e3o Federal a obriga\u00e7\u00e3o de que os entes federados institu\u00edssem o Regime Jur\u00eddico \u00danico (RJU) e planos de carreira para servidores da administra\u00e7\u00e3o p\u00fablica direta, das autarquias e das funda\u00e7\u00f5es p\u00fablicas. <br \/>\nRelatora: Ministra C\u00e1rmen L\u00facia<\/span><\/div>\n<div><span style=\"font-size: medium\"><br \/>\n<\/span><\/div>\n<div><span style=\"font-size: medium\">ADIs 5436, 5418 e 5415 &#8211; Direito de Resposta (dia 10) &#8211; A\u00e7\u00f5es abordam dispositivos da Lei 13.188\/2015 (Lei do Direito de Resposta). <br \/>\nRelator: Ministro Dias Toffoli<\/span><\/div>\n<div><span style=\"font-size: medium\"><br \/>\nADI 5667 &#8211; C\u00f3digo Brasileiro de Aeron\u00e1utica (dia 11) &#8211; A\u00e7\u00e3o questiona dispositivos do C\u00f3digo Brasileiro de Aeron\u00e1utica sobre acesso a informa\u00e7\u00f5es de acidentes. <br \/>\nRelator: Ministro Nunes Marques<\/span><\/div>\n<div><span style=\"font-size: medium\"><br \/>\nRE 979962 &ndash; Importa\u00e7\u00e3o de medicamentos (dia 17) &ndash; Discute a constitucionalidade da pena prevista no artigo 273 do C\u00f3digo Penal (10 a 15 anos de reclus\u00e3o) para as pessoas que importam medicamento sem registro sanit\u00e1rio. A mat\u00e9ria tem repercuss\u00e3o geral reconhecida. <br \/>\nRelator: Ministro Roberto Barroso<\/p>\n<p><\/span><\/div>\n<div><span style=\"font-size: medium\">ADI 6281 &#8211; Propaganda eleitoral paga (17\/3) &#8211; A\u00e7\u00e3o contra restri\u00e7\u00f5es impostas pela Lei 9.504\/1997 &ndash; Lei das Elei\u00e7\u00f5es &ndash; \u00e0 veicula\u00e7\u00e3o de propaganda eleitoral paga em jornais impressos.<br \/>\nRelator: Ministro Luiz Fux<\/p>\n<p><\/span><\/div>\n<div><span style=\"font-size: medium\">ADI 5941 &#8211; Medidas coercitivas (dia 18) &ndash; Discuss\u00e3o sobre a constitucionalidade da apreens\u00e3o da Carteira Nacional de Habilita\u00e7\u00e3o e\/ou a suspens\u00e3o do direito de dirigir, da apreens\u00e3o de passaporte e da proibi\u00e7\u00e3o de participa\u00e7\u00e3o em concurso p\u00fablico e em licita\u00e7\u00e3o p\u00fablica como medidas para assegurar o cumprimento de ordem judicial. <br \/>\nRelator: Ministro Luiz Fux<\/span><\/div>\n<div><span style=\"font-size: medium\"><br \/>\nADI 5631 &ndash; Publicidade infantil (dia 24) &ndash; Discute a constitucionalidade da Lei Estadual 13.582\/2016 da Bahia, que pro\u00edbe a publicidade dirigida a crian\u00e7as, de alimentos e bebidas pobres em nutrientes e com alto teor de a\u00e7\u00facar, gorduras saturadas ou s\u00f3dio. <br \/>\nRelator: Ministro Edson Fachin<\/span><\/div>\n<div><span style=\"font-size: medium\"><br \/>\nADI 4924 &ndash; Telecomunica\u00e7\u00f5es (dia 25) &#8211; A a\u00e7\u00e3o tem por objeto a Lei Estadual 17.107\/2012 do Paran\u00e1, que prev\u00ea penalidades ao respons\u00e1vel pelo acionamento indevido dos servi\u00e7os telef\u00f4nicos de atendimento a emerg\u00eancias envolvendo remo\u00e7\u00f5es ou resgates, combate a inc\u00eandios, ocorr\u00eancias policiais ou atendimento de desastres (trote telef\u00f4nico). <br \/>\nRelator: Ministro Gilmar Mendes<\/span><\/div>\n<div><span style=\"font-size: medium\"><br \/>\n<\/span><\/div>\n<div><span style=\"font-size: medium\"><b>Abril<\/b><\/span><\/div>\n<div><span style=\"font-size: medium\"><br \/>\n<\/span><\/div>\n<div><span style=\"font-size: medium\">RE 966177 &ndash; Jogos de azar (dia 7) &ndash; O julgamento aborda a tipicidade das condutas de estabelecer e explorar jogos de azar, afastada pelo ac\u00f3rd\u00e3o recorrido fundado nos preceitos da livre iniciativa e das liberdades fundamentais. O tema foi considerado de repercuss\u00e3o geral em novembro de 2016. <\/span><\/div>\n<div><span style=\"font-size: medium\">Relator: Ministro Luiz Fux<\/p>\n<p><\/span><\/div>\n<div><span style=\"font-size: medium\">ADI 5439 &#8211; ICMS em opera\u00e7\u00f5es interestaduais (dia 7) &ndash; A a\u00e7\u00e3o refere-se procedimentos a serem observados nas opera\u00e7\u00f5es e presta\u00e7\u00f5es que destinem bens e servi\u00e7os a consumidor final n\u00e3o contribuinte do ICMS, localizado em outra unidade da federa\u00e7\u00e3o. <br \/>\nRelatora: Ministra C\u00e1rmen L\u00facia<\/span><\/div>\n<div><span style=\"font-size: medium\"><br \/>\nADI 4858 &ndash; ICMS incidente sobre mercadorias importadas (dia 7) &ndash; Ajuizado pela Assembleia Legislativa do Esp\u00edrito Santo, o caso questiona a redu\u00e7\u00e3o das al\u00edquotas interestaduais de Imposto sobre Circula\u00e7\u00e3o de Mercadorias e Servi\u00e7os (ICMS) incidente sobre mercadorias importadas. <br \/>\nRelator: Ministro Ricardo Lewandowski<\/span><\/div>\n<div><span style=\"font-size: medium\"><br \/>\nADI 4844 &ndash; Gest\u00e3o P\u00fablica (dia 8) &ndash; Julgamento sobre dispositivos da Constitui\u00e7\u00e3o de Minas Gerais que tratam da fixa\u00e7\u00e3o do quadro de emprego das empresas p\u00fablicas e sociedades de economia mista. <br \/>\nRelatora: Ministra C\u00e1rmen L\u00facia<\/span><\/div>\n<div><span style=\"font-size: medium\"><br \/>\nADC 51 &ndash; Controle de dados por provedores de internet (dia 14) &ndash; A A\u00e7\u00e3o Declarat\u00f3ria de Constitucionalidade discute o controle de dados de usu\u00e1rios por provedores de internet no exterior como exposto em Acordo de Assist\u00eancia Judici\u00e1rio-Penal firmado entre o Brasil e os Estados Unidos. Relator: Ministro Gilmar Mendes<\/span><\/div>\n<div><span style=\"font-size: medium\"><br \/>\nADI 5625 &ndash; Novas rela\u00e7\u00f5es de trabalho (dia 15) &ndash; Essa norma disp\u00f5e sobre o contrato de parceria entre profissionais que exercem as atividades de cabeleireiro, barbeiro, esteticista, manicure, pedicure, depilador, maquiador e pessoas jur\u00eddicas registradas como sal\u00e3o de beleza. <br \/>\nRelator: Ministro Edson Fachin<\/p>\n<p><\/span><\/div>\n<div><span style=\"font-size: medium\">RE 887671 &ndash; Separa\u00e7\u00e3o dos Poderes (dia 22) &ndash; Com repercuss\u00e3o geral reconhecida, o Supremo decidir\u00e1 se o Poder Judici\u00e1rio pode determinar \u00e0 administra\u00e7\u00e3o p\u00fablica o preenchimento de cargo de defensor p\u00fablico em localidades desamparadas. <br \/>\nRelator: Ministro Marco Aur\u00e9lio<\/span><\/div>\n<div><span style=\"font-size: medium\"><br \/>\nRE 688267 &ndash; Dispensa de empregados de estatais (dia 28) &ndash; Processo que trata da dispensa de empregado de empresa p\u00fablica e de sociedade de economia mista admitido por concurso p\u00fablico. O caso tem repercuss\u00e3o geral reconhecida. <br \/>\nRelator: Ministro Alexandre de Moraes<\/span><\/div>\n<div><span style=\"font-size: medium\"><br \/>\n<\/span><\/div>\n<div><span style=\"font-size: medium\"><b>Maio<\/b><\/span><\/div>\n<div><span style=\"font-size: medium\"><br \/>\n<\/span><\/div>\n<div><span style=\"font-size: medium\">ADIs 5492 e 5737 &ndash; CPC (dia 5) &ndash; A\u00e7\u00f5es ajuizada pelo Estado do Rio de Janeiro e pelo Distrito Federal contra dispositivos da Lei Federal 13.105\/2015, que instituiu o novo C\u00f3digo de Processo Civil (CPC). <\/span><\/div>\n<div><span style=\"font-size: medium\">Relator: Ministro Dias Toffoli<\/span><\/div>\n<div><span style=\"font-size: medium\"><br \/>\nRE 598650 &ndash; Compet\u00eancia da Justi\u00e7a Federal para a\u00e7\u00e3o rescis\u00f3ria (dia 5) &ndash; O Supremo julgar\u00e1 recurso com repercuss\u00e3o geral em que se discute a amplitude da compet\u00eancia da Justi\u00e7a Federal para julgar a\u00e7\u00f5es rescis\u00f3rias de interesse da Uni\u00e3o. <br \/>\nRelator: Ministro Marco Aur\u00e9lio<\/p>\n<p><\/span><\/div>\n<div><span style=\"font-size: medium\">ADI 5779 &ndash; Comercializa\u00e7\u00e3o dos anorex\u00edgenos (dia 12) &ndash; Julgamento de lei que autoriza a produ\u00e7\u00e3o, a comercializa\u00e7\u00e3o e o consumo dos anorex\u00edgenos sibutramina, anfepramona, femproporex e mazindol. Relator: Ministro Nunes Marques<\/span><\/div>\n<div><span style=\"font-size: medium\"><br \/>\nADPF 219 &ndash; C\u00e1lculo em processos em que a Uni\u00e3o \u00e9 r\u00e9 (dia 12) &ndash; A Presid\u00eancia da Rep\u00fablica questiona decis\u00f5es proferidas pelos Juizados Especiais Federais que imp\u00f5em \u00e0 Uni\u00e3o o dever de apurar ou indicar, nos processos em que figure como r\u00e9 ou executada, o valor devido \u00e0 parte autora. <br \/>\nRelator: Ministro Marco Aur\u00e9lio<\/p>\n<p><\/span><\/div>\n<div><span style=\"font-size: medium\">RE 1188352 &ndash; Edi\u00e7\u00e3o de fases de processo licitat\u00f3rio (dia 13) &ndash; o Supremo reconheceu a exist\u00eancia de repercuss\u00e3o geral no processo onde se discute a compet\u00eancia legislativa para editar normas sobre a ordem de fases de processo licitat\u00f3rio. <br \/>\nRelator: Ministro Luiz Fux<\/p>\n<p><\/span><\/div>\n<div><span style=\"font-size: medium\">ADI 3481 &ndash; Comercializa\u00e7\u00e3o de testes psicol\u00f3gicos (19\/5) &ndash; A\u00e7\u00e3o que questiona dispositivos de resolu\u00e7\u00e3o do Conselho Federal de Psicologia que restringem a profissionais inscritos na entidade a comercializa\u00e7\u00e3o e o uso de manuais de testes psicol\u00f3gicos. <br \/>\nRelator: Ministro Alexandre de Moraes<\/p>\n<p><\/span><\/div>\n<div><span style=\"font-size: medium\">RE 1008166 &ndash; Direito \u00e0 creche (dia 19) &ndash; O recurso discute o dever estatal de assegurar o atendimento em creche e pr\u00e9-escola \u00e0s crian\u00e7as de zero a 6 anos de idade. <br \/>\nRelator: Ministro Luiz Fux<\/p>\n<p><\/span><\/div>\n<div><span style=\"font-size: medium\">ACO 1003 &ndash; Integra\u00e7\u00e3o do rio S\u00e3o Francisco (dia 20) &ndash; A\u00e7\u00e3o contra o projeto de integra\u00e7\u00e3o do rio S\u00e3o Francisco para o semi-\u00e1rido nordestino com requerimento para a imediata paralisa\u00e7\u00e3o da implementa\u00e7\u00e3o. <br \/>\nRelator: Ministro Edson Fachin<\/p>\n<p><\/span><\/div>\n<div><span style=\"font-size: medium\">ADI 5529 &ndash; Lei de Propriedade Industrial (dia 26) &ndash; A\u00e7\u00e3o questiona dispositivo que possibilita a abertura de prazo indeterminado para a vig\u00eancia de patentes de inven\u00e7\u00e3o e de modelos de utilidade. Relator: Ministro Dias Toffoli<\/p>\n<p><\/span><\/div>\n<div><span style=\"font-size: medium\">ADI 4234 &ndash; Patente &ldquo;<i>pipeline<\/i>&rdquo; (dia 26) &ndash; O Supremo julga a inconstitucionalidade de dispositivos da Lei da Propriedade Industrial brasileira que tratam das patentes &ldquo;<i>pipeline<\/i>&rdquo;, tamb\u00e9m conhecidas como patentes de revalida\u00e7\u00e3o, mecanismo que visa conceder patente a produtos que n\u00e3o eram patente\u00e1veis antes da lei de 1996 e que j\u00e1 estavam no dom\u00ednio p\u00fablico brasileiro. <br \/>\nRelatora: Ministra C\u00e1rmen L\u00facia<\/span><\/div>\n<div><span style=\"font-size: medium\"><br \/>\n<\/span><\/div>\n<div><span style=\"font-size: medium\"><b>Junho<\/b><\/span><\/div>\n<div><span style=\"font-size: medium\"><br \/>\n<\/span><\/div>\n<div><span style=\"font-size: medium\">ADI 3973 &#8211; ICMS em conta de energia (dia 2) &#8211; Contesta o Conv\u00eanio ICMS 60\/07, que autoriza os Estados da Bahia e de Rond\u00f4nia a conceder isen\u00e7\u00e3o de ICMS na parcela da tarifa de energia el\u00e9trica subsidiada pelo governo. <br \/>\nRelator: Ministro Luiz Fux<\/p>\n<p><\/span><\/div>\n<div><span style=\"font-size: medium\">RE 1209429 &#8211; Liberdade de imprensa (dia 9) &ndash; Com repercuss\u00e3o geral reconhecida, o recurso trata da responsabilidade civil do Estado em rela\u00e7\u00e3o a profissional da imprensa ferido pela pol\u00edcia, em situa\u00e7\u00e3o de tumulto, durante cobertura jornal\u00edstica. <br \/>\nRelator: Ministro Marco Aur\u00e9lio<\/p>\n<p><\/span><\/div>\n<div><span style=\"font-size: medium\">ADPF 221 &ndash; Regula\u00e7\u00e3o de produtos agrot\u00f3xicos (dia 10) &#8211; Questiona legisla\u00e7\u00e3o do Rio Grande do Sul sobre o cadastramento, a distribui\u00e7\u00e3o e a comercializa\u00e7\u00e3o de produtos agrot\u00f3xicos e biocidas no territ\u00f3rio estadual. <br \/>\nRelator: Ministro Dias Toffoli<\/p>\n<p><\/span><\/div>\n<div><span style=\"font-size: medium\">ADC 45 &ndash; Lei de Licita\u00e7\u00f5es (dia 16) &ndash; A\u00e7\u00e3o pede declara\u00e7\u00e3o de constitucionalidade dos dispositivos da Lei de Licita\u00e7\u00f5es que permitem a contrata\u00e7\u00e3o de advogados por entes p\u00fablicos pela modalidade de inexigibilidade de licita\u00e7\u00e3o. <br \/>\nRelator: Ministro Roberto Barroso<\/p>\n<p><\/span><\/div>\n<div><span style=\"font-size: medium\">REs 610523 e 656558 &#8211; Servi\u00e7os jur\u00eddicos (dia 16) &ndash; Recursos sobre a possibilidade de dispensa de licita\u00e7\u00e3o para contrata\u00e7\u00e3o de servi\u00e7os jur\u00eddicos por entes p\u00fablicos. <br \/>\nRelator: Ministro Dias Toffoli<\/p>\n<p><\/span><\/div>\n<div><span style=\"font-size: medium\">ADPF 323 &ndash; Acordo coletivo de trabalho (dia 17 &#8211; Discute se cl\u00e1usulas normativas dos acordos coletivos ou conven\u00e7\u00f5es coletivas integram os contratos individuais de trabalho ou se somente podem ser modificados ou suprimidos por meio de novo acordo ou conven\u00e7\u00e3o coletiva. <br \/>\nRelator: Ministro Gilmar Mendes<\/p>\n<p><\/span><\/div>\n<div><span style=\"font-size: medium\">ADPF 381 &ndash; Acordo coletivo de trabalho (dia 17) &#8211; Questionamento de decis\u00f5es que declararam inv\u00e1lidos dispositivos de conven\u00e7\u00f5es coletivas pactuadas entre transportadoras e motoristas, bem como condenaram empregadores ao pagamento de horas extras e de horas trabalhadas em dias de descanso, em situa\u00e7\u00f5es ocorridas antes da vig\u00eancia da Lei 12.619\/2012, que disciplinou os direitos e deveres dos motoristas profissionais. <br \/>\nRelator: Ministro Gilmar Mendes<\/p>\n<p><\/span><\/div>\n<div><span style=\"font-size: medium\">ARE 1121633 &#8211; Norma coletiva de trabalho (dia 17) &ndash; Aborda validade da norma coletiva de trabalho que limita ou restringe direito trabalhista n\u00e3o assegurado pela Constitui\u00e7\u00e3o Federal.<br \/>\nRelator: Ministro Gilmar Mendes<\/p>\n<p><\/span><\/div>\n<div><span style=\"font-size: medium\">ADI 5186 &ndash; CPC (dia 23) &#8211; A\u00e7\u00e3o contesta o par\u00e1grafo 5&ordm; do artigo 739-A do C\u00f3digo de Processo Civil (CPC), introduzido pela Lei 11.382\/2006, que trata dos embargos \u00e0 execu\u00e7\u00e3o. <br \/>\nRelatora: Ministra C\u00e1rmen L\u00facia<\/p>\n<p><\/span><\/div>\n<div><span style=\"font-size: medium\">ADI 5870 &ndash; Reforma Trabalhista (dia 30) &#8211; Contesta dispositivos da Consolida\u00e7\u00e3o das Leis do Trabalho (CLT), alterados em decorr\u00eancia da Reforma Trabalhista (Lei 13.467\/2017) e, posteriormente, pela edi\u00e7\u00e3o da Medida Provis\u00f3ria (MP) 808\/2017. <br \/>\nRelator: Ministro Gilmar Mendes<\/p>\n<p><\/span><\/div>\n<div><span style=\"font-size: medium\">ADI 6050 &#8211; Reforma Trabalhista (dia 30) &ndash; A\u00e7\u00e3o tem por objeto as novas regras da CLT relativas \u00e0s repara\u00e7\u00f5es de danos de natureza extrapatrimonial decorrentes da rela\u00e7\u00e3o de trabalho. <br \/>\nRelator: Ministro Gilmar Mendes<\/p>\n<p><\/span><\/div>\n<div><span style=\"font-size: medium\">ADIs 6069 e 6082 &#8211; Reforma Trabalhista (dia 30) &ndash; A\u00e7\u00f5es questionam altera\u00e7\u00f5es promovidas pela Lei 13.467\/2017 na CLT referentes \u00e0 repara\u00e7\u00e3o por danos morais decorrentes da rela\u00e7\u00e3o de trabalho. <br \/>\nRelator: Ministro Gilmar Mendes<\/span><\/div>\n<div>&nbsp;<\/div>\n<div><span style=\"font-size: smaller\">Com informa\u00e7\u00f5es da Assessoria da Presid\u00eancia<\/span><\/div>\n<p><i>Com informa\u00e7\u00f5es da assessoria de imprensa do STF.<\/i><br \/>\n<br \/><a href=\"http:\/\/www.stf.jus.br\/portal\/cms\/verNoticiaDetalhe.asp?idConteudo=458001\">Fonte<\/a><br \/>\n<br \/><\/p>\n","protected":false},"excerpt":{"rendered":"<p>J\u00e1 est\u00e3o definidos o calend\u00e1rio e a pauta de julgamentos das 37 sess\u00f5es plen\u00e1rias que o Supremo Tribunal Federal (STF) realizar\u00e1 no primeiro semestre de 2021. A sele\u00e7\u00e3o dos processos privilegiou a concretiza\u00e7\u00e3o das liberdades civis e econ\u00f4micas, como, por exemplo, o direito ao esquecimento, o direito de resposta em peri\u00f3dicos jornal\u00edsticos, a comercializa\u00e7\u00e3o de [&hellip;]<\/p>\n","protected":false},"author":3063,"featured_media":2151,"comment_status":"open","ping_status":"open","sticky":false,"template":"","format":"standard","meta":{"footnotes":""},"categories":[18,15],"tags":[32,31,42,30,29,213,9,12,16],"class_list":{"0":"post-7805","1":"post","2":"type-post","3":"status-publish","4":"format-standard","5":"has-post-thumbnail","7":"category-tributario","8":"category-stf","9":"tag-calculos-judiciais","10":"tag-calculos-tributarios","11":"tag-direito-tributario","12":"tag-divida-ativa","13":"tag-fazenda-publica","14":"tag-imposto","15":"tag-pericia","16":"tag-perito","17":"tag-stf"},"yoast_head":"<!-- This site is optimized with the Yoast SEO plugin v27.2 - https:\/\/yoast.com\/product\/yoast-seo-wordpress\/ -->\n<title>STF: Grandes temas ser\u00e3o objeto de an\u00e1lise pelo STF em 2021 | Portal de Not\u00edcias<\/title>\n<meta name=\"robots\" content=\"index, follow, max-snippet:-1, max-image-preview:large, max-video-preview:-1\" \/>\n<link rel=\"canonical\" href=\"http:\/\/www.stf.jus.br\/portal\/cms\/verNoticiaDetalhe.asp?idConteudo=458001\" \/>\n<meta property=\"og:locale\" content=\"pt_BR\" \/>\n<meta property=\"og:type\" content=\"article\" \/>\n<meta property=\"og:title\" content=\"STF: Grandes temas ser\u00e3o objeto de an\u00e1lise pelo STF em 2021 | Portal de Not\u00edcias\" \/>\n<meta property=\"og:description\" content=\"J\u00e1 est\u00e3o definidos o calend\u00e1rio e a pauta de julgamentos das 37 sess\u00f5es plen\u00e1rias que o Supremo Tribunal Federal (STF) realizar\u00e1 no primeiro semestre de 2021. A sele\u00e7\u00e3o dos processos privilegiou a concretiza\u00e7\u00e3o das liberdades civis e econ\u00f4micas, como, por exemplo, o direito ao esquecimento, o direito de resposta em peri\u00f3dicos jornal\u00edsticos, a comercializa\u00e7\u00e3o de [&hellip;]\" \/>\n<meta property=\"og:url\" content=\"http:\/\/www.stf.jus.br\/portal\/cms\/verNoticiaDetalhe.asp?idConteudo=458001\" \/>\n<meta property=\"og:site_name\" content=\"Portal de Not\u00edcias\" \/>\n<meta property=\"article:published_time\" content=\"2021-01-04T23:05:16+00:00\" \/>\n<meta property=\"article:modified_time\" content=\"2021-07-28T17:28:20+00:00\" \/>\n<meta property=\"og:image\" content=\"https:\/\/mhcalculos.com.br\/noticias\/wp-content\/uploads\/sites\/2\/2018\/06\/tributario-0019.jpg\" \/>\n\t<meta property=\"og:image:width\" content=\"2000\" \/>\n\t<meta property=\"og:image:height\" content=\"800\" \/>\n\t<meta property=\"og:image:type\" content=\"image\/jpeg\" \/>\n<meta name=\"author\" content=\"Equipe MH\" \/>\n<meta name=\"twitter:card\" content=\"summary_large_image\" \/>\n<meta name=\"twitter:label1\" content=\"Escrito por\" \/>\n\t<meta name=\"twitter:data1\" content=\"Equipe MH\" \/>\n\t<meta name=\"twitter:label2\" content=\"Est. tempo de leitura\" \/>\n\t<meta name=\"twitter:data2\" content=\"12 minutos\" \/>\n<script type=\"application\/ld+json\" class=\"yoast-schema-graph\">{\"@context\":\"https:\/\/schema.org\",\"@graph\":[{\"@type\":\"Article\",\"@id\":\"http:\/\/www.stf.jus.br\/portal\/cms\/verNoticiaDetalhe.asp?idConteudo=458001#article\",\"isPartOf\":{\"@id\":\"https:\/\/mhcalculos.com.br\/noticias\/tribunais\/stf\/stf-grandes-temas-serao-objeto-de-analise-pelo-stf-em-2021.html\"},\"author\":{\"name\":\"Equipe MH\",\"@id\":\"https:\/\/mhcalculos.com.br\/noticias\/#\/schema\/person\/88d1c34bf72dc779ea14a5a6b8e0ae8d\"},\"headline\":\"STF: Grandes temas ser\u00e3o objeto de an\u00e1lise pelo STF em 2021\",\"datePublished\":\"2021-01-04T23:05:16+00:00\",\"dateModified\":\"2021-07-28T17:28:20+00:00\",\"mainEntityOfPage\":{\"@id\":\"https:\/\/mhcalculos.com.br\/noticias\/tribunais\/stf\/stf-grandes-temas-serao-objeto-de-analise-pelo-stf-em-2021.html\"},\"wordCount\":2511,\"commentCount\":0,\"image\":{\"@id\":\"http:\/\/www.stf.jus.br\/portal\/cms\/verNoticiaDetalhe.asp?idConteudo=458001#primaryimage\"},\"thumbnailUrl\":\"https:\/\/mhcalculos.com.br\/noticias\/wp-content\/uploads\/sites\/2\/2018\/06\/tributario-0019.jpg\",\"keywords\":[\"c\u00e1lculos judiciais\",\"c\u00e1lculos tribut\u00e1rios\",\"direito tribut\u00e1rio\",\"d\u00edvida ativa\",\"fazenda p\u00fablica\",\"Imposto\",\"per\u00edcia\",\"perito\",\"stf\"],\"articleSection\":[\"Direito Tribut\u00e1rio\",\"STF\"],\"inLanguage\":\"pt-BR\",\"potentialAction\":[{\"@type\":\"CommentAction\",\"name\":\"Comment\",\"target\":[\"http:\/\/www.stf.jus.br\/portal\/cms\/verNoticiaDetalhe.asp?idConteudo=458001#respond\"]}]},{\"@type\":\"WebPage\",\"@id\":\"https:\/\/mhcalculos.com.br\/noticias\/tribunais\/stf\/stf-grandes-temas-serao-objeto-de-analise-pelo-stf-em-2021.html\",\"url\":\"http:\/\/www.stf.jus.br\/portal\/cms\/verNoticiaDetalhe.asp?idConteudo=458001\",\"name\":\"STF: Grandes temas ser\u00e3o objeto de an\u00e1lise pelo STF em 2021 | Portal de Not\u00edcias\",\"isPartOf\":{\"@id\":\"https:\/\/mhcalculos.com.br\/noticias\/#website\"},\"primaryImageOfPage\":{\"@id\":\"http:\/\/www.stf.jus.br\/portal\/cms\/verNoticiaDetalhe.asp?idConteudo=458001#primaryimage\"},\"image\":{\"@id\":\"http:\/\/www.stf.jus.br\/portal\/cms\/verNoticiaDetalhe.asp?idConteudo=458001#primaryimage\"},\"thumbnailUrl\":\"https:\/\/mhcalculos.com.br\/noticias\/wp-content\/uploads\/sites\/2\/2018\/06\/tributario-0019.jpg\",\"datePublished\":\"2021-01-04T23:05:16+00:00\",\"dateModified\":\"2021-07-28T17:28:20+00:00\",\"author\":{\"@id\":\"https:\/\/mhcalculos.com.br\/noticias\/#\/schema\/person\/88d1c34bf72dc779ea14a5a6b8e0ae8d\"},\"breadcrumb\":{\"@id\":\"http:\/\/www.stf.jus.br\/portal\/cms\/verNoticiaDetalhe.asp?idConteudo=458001#breadcrumb\"},\"inLanguage\":\"pt-BR\",\"potentialAction\":[{\"@type\":\"ReadAction\",\"target\":[\"http:\/\/www.stf.jus.br\/portal\/cms\/verNoticiaDetalhe.asp?idConteudo=458001\"]}]},{\"@type\":\"ImageObject\",\"inLanguage\":\"pt-BR\",\"@id\":\"http:\/\/www.stf.jus.br\/portal\/cms\/verNoticiaDetalhe.asp?idConteudo=458001#primaryimage\",\"url\":\"https:\/\/mhcalculos.com.br\/noticias\/wp-content\/uploads\/sites\/2\/2018\/06\/tributario-0019.jpg\",\"contentUrl\":\"https:\/\/mhcalculos.com.br\/noticias\/wp-content\/uploads\/sites\/2\/2018\/06\/tributario-0019.jpg\",\"width\":2000,\"height\":800},{\"@type\":\"BreadcrumbList\",\"@id\":\"http:\/\/www.stf.jus.br\/portal\/cms\/verNoticiaDetalhe.asp?idConteudo=458001#breadcrumb\",\"itemListElement\":[{\"@type\":\"ListItem\",\"position\":1,\"name\":\"In\u00edcio\",\"item\":\"https:\/\/mhcalculos.com.br\/noticias\/\"},{\"@type\":\"ListItem\",\"position\":2,\"name\":\"STF: Grandes temas ser\u00e3o objeto de an\u00e1lise pelo STF em 2021\"}]},{\"@type\":\"WebSite\",\"@id\":\"https:\/\/mhcalculos.com.br\/noticias\/#website\",\"url\":\"https:\/\/mhcalculos.com.br\/noticias\/\",\"name\":\"Portal de Not\u00edcias\",\"description\":\"Not\u00edcias e Jurisprud\u00eancia\",\"potentialAction\":[{\"@type\":\"SearchAction\",\"target\":{\"@type\":\"EntryPoint\",\"urlTemplate\":\"https:\/\/mhcalculos.com.br\/noticias\/?s={search_term_string}\"},\"query-input\":{\"@type\":\"PropertyValueSpecification\",\"valueRequired\":true,\"valueName\":\"search_term_string\"}}],\"inLanguage\":\"pt-BR\"},{\"@type\":\"Person\",\"@id\":\"https:\/\/mhcalculos.com.br\/noticias\/#\/schema\/person\/88d1c34bf72dc779ea14a5a6b8e0ae8d\",\"name\":\"Equipe MH\",\"image\":{\"@type\":\"ImageObject\",\"inLanguage\":\"pt-BR\",\"@id\":\"https:\/\/secure.gravatar.com\/avatar\/de1c686c2ecc9c5a3f327e3431d819eb39f8f05d4e1045f5a1caad6daaba987f?s=96&d=mm&r=g\",\"url\":\"https:\/\/secure.gravatar.com\/avatar\/de1c686c2ecc9c5a3f327e3431d819eb39f8f05d4e1045f5a1caad6daaba987f?s=96&d=mm&r=g\",\"contentUrl\":\"https:\/\/secure.gravatar.com\/avatar\/de1c686c2ecc9c5a3f327e3431d819eb39f8f05d4e1045f5a1caad6daaba987f?s=96&d=mm&r=g\",\"caption\":\"Equipe MH\"}}]}<\/script>\n<!-- \/ Yoast SEO plugin. -->","yoast_head_json":{"title":"STF: Grandes temas ser\u00e3o objeto de an\u00e1lise pelo STF em 2021 | Portal de Not\u00edcias","robots":{"index":"index","follow":"follow","max-snippet":"max-snippet:-1","max-image-preview":"max-image-preview:large","max-video-preview":"max-video-preview:-1"},"canonical":"http:\/\/www.stf.jus.br\/portal\/cms\/verNoticiaDetalhe.asp?idConteudo=458001","og_locale":"pt_BR","og_type":"article","og_title":"STF: Grandes temas ser\u00e3o objeto de an\u00e1lise pelo STF em 2021 | Portal de Not\u00edcias","og_description":"J\u00e1 est\u00e3o definidos o calend\u00e1rio e a pauta de julgamentos das 37 sess\u00f5es plen\u00e1rias que o Supremo Tribunal Federal (STF) realizar\u00e1 no primeiro semestre de 2021. A sele\u00e7\u00e3o dos processos privilegiou a concretiza\u00e7\u00e3o das liberdades civis e econ\u00f4micas, como, por exemplo, o direito ao esquecimento, o direito de resposta em peri\u00f3dicos jornal\u00edsticos, a comercializa\u00e7\u00e3o de [&hellip;]","og_url":"http:\/\/www.stf.jus.br\/portal\/cms\/verNoticiaDetalhe.asp?idConteudo=458001","og_site_name":"Portal de Not\u00edcias","article_published_time":"2021-01-04T23:05:16+00:00","article_modified_time":"2021-07-28T17:28:20+00:00","og_image":[{"width":2000,"height":800,"url":"https:\/\/mhcalculos.com.br\/noticias\/wp-content\/uploads\/sites\/2\/2018\/06\/tributario-0019.jpg","type":"image\/jpeg"}],"author":"Equipe MH","twitter_card":"summary_large_image","twitter_misc":{"Escrito por":"Equipe MH","Est. tempo de leitura":"12 minutos"},"schema":{"@context":"https:\/\/schema.org","@graph":[{"@type":"Article","@id":"http:\/\/www.stf.jus.br\/portal\/cms\/verNoticiaDetalhe.asp?idConteudo=458001#article","isPartOf":{"@id":"https:\/\/mhcalculos.com.br\/noticias\/tribunais\/stf\/stf-grandes-temas-serao-objeto-de-analise-pelo-stf-em-2021.html"},"author":{"name":"Equipe MH","@id":"https:\/\/mhcalculos.com.br\/noticias\/#\/schema\/person\/88d1c34bf72dc779ea14a5a6b8e0ae8d"},"headline":"STF: Grandes temas ser\u00e3o objeto de an\u00e1lise pelo STF em 2021","datePublished":"2021-01-04T23:05:16+00:00","dateModified":"2021-07-28T17:28:20+00:00","mainEntityOfPage":{"@id":"https:\/\/mhcalculos.com.br\/noticias\/tribunais\/stf\/stf-grandes-temas-serao-objeto-de-analise-pelo-stf-em-2021.html"},"wordCount":2511,"commentCount":0,"image":{"@id":"http:\/\/www.stf.jus.br\/portal\/cms\/verNoticiaDetalhe.asp?idConteudo=458001#primaryimage"},"thumbnailUrl":"https:\/\/mhcalculos.com.br\/noticias\/wp-content\/uploads\/sites\/2\/2018\/06\/tributario-0019.jpg","keywords":["c\u00e1lculos judiciais","c\u00e1lculos tribut\u00e1rios","direito tribut\u00e1rio","d\u00edvida ativa","fazenda p\u00fablica","Imposto","per\u00edcia","perito","stf"],"articleSection":["Direito Tribut\u00e1rio","STF"],"inLanguage":"pt-BR","potentialAction":[{"@type":"CommentAction","name":"Comment","target":["http:\/\/www.stf.jus.br\/portal\/cms\/verNoticiaDetalhe.asp?idConteudo=458001#respond"]}]},{"@type":"WebPage","@id":"https:\/\/mhcalculos.com.br\/noticias\/tribunais\/stf\/stf-grandes-temas-serao-objeto-de-analise-pelo-stf-em-2021.html","url":"http:\/\/www.stf.jus.br\/portal\/cms\/verNoticiaDetalhe.asp?idConteudo=458001","name":"STF: Grandes temas ser\u00e3o objeto de an\u00e1lise pelo STF em 2021 | Portal de Not\u00edcias","isPartOf":{"@id":"https:\/\/mhcalculos.com.br\/noticias\/#website"},"primaryImageOfPage":{"@id":"http:\/\/www.stf.jus.br\/portal\/cms\/verNoticiaDetalhe.asp?idConteudo=458001#primaryimage"},"image":{"@id":"http:\/\/www.stf.jus.br\/portal\/cms\/verNoticiaDetalhe.asp?idConteudo=458001#primaryimage"},"thumbnailUrl":"https:\/\/mhcalculos.com.br\/noticias\/wp-content\/uploads\/sites\/2\/2018\/06\/tributario-0019.jpg","datePublished":"2021-01-04T23:05:16+00:00","dateModified":"2021-07-28T17:28:20+00:00","author":{"@id":"https:\/\/mhcalculos.com.br\/noticias\/#\/schema\/person\/88d1c34bf72dc779ea14a5a6b8e0ae8d"},"breadcrumb":{"@id":"http:\/\/www.stf.jus.br\/portal\/cms\/verNoticiaDetalhe.asp?idConteudo=458001#breadcrumb"},"inLanguage":"pt-BR","potentialAction":[{"@type":"ReadAction","target":["http:\/\/www.stf.jus.br\/portal\/cms\/verNoticiaDetalhe.asp?idConteudo=458001"]}]},{"@type":"ImageObject","inLanguage":"pt-BR","@id":"http:\/\/www.stf.jus.br\/portal\/cms\/verNoticiaDetalhe.asp?idConteudo=458001#primaryimage","url":"https:\/\/mhcalculos.com.br\/noticias\/wp-content\/uploads\/sites\/2\/2018\/06\/tributario-0019.jpg","contentUrl":"https:\/\/mhcalculos.com.br\/noticias\/wp-content\/uploads\/sites\/2\/2018\/06\/tributario-0019.jpg","width":2000,"height":800},{"@type":"BreadcrumbList","@id":"http:\/\/www.stf.jus.br\/portal\/cms\/verNoticiaDetalhe.asp?idConteudo=458001#breadcrumb","itemListElement":[{"@type":"ListItem","position":1,"name":"In\u00edcio","item":"https:\/\/mhcalculos.com.br\/noticias\/"},{"@type":"ListItem","position":2,"name":"STF: Grandes temas ser\u00e3o objeto de an\u00e1lise pelo STF em 2021"}]},{"@type":"WebSite","@id":"https:\/\/mhcalculos.com.br\/noticias\/#website","url":"https:\/\/mhcalculos.com.br\/noticias\/","name":"Portal de Not\u00edcias","description":"Not\u00edcias e Jurisprud\u00eancia","potentialAction":[{"@type":"SearchAction","target":{"@type":"EntryPoint","urlTemplate":"https:\/\/mhcalculos.com.br\/noticias\/?s={search_term_string}"},"query-input":{"@type":"PropertyValueSpecification","valueRequired":true,"valueName":"search_term_string"}}],"inLanguage":"pt-BR"},{"@type":"Person","@id":"https:\/\/mhcalculos.com.br\/noticias\/#\/schema\/person\/88d1c34bf72dc779ea14a5a6b8e0ae8d","name":"Equipe MH","image":{"@type":"ImageObject","inLanguage":"pt-BR","@id":"https:\/\/secure.gravatar.com\/avatar\/de1c686c2ecc9c5a3f327e3431d819eb39f8f05d4e1045f5a1caad6daaba987f?s=96&d=mm&r=g","url":"https:\/\/secure.gravatar.com\/avatar\/de1c686c2ecc9c5a3f327e3431d819eb39f8f05d4e1045f5a1caad6daaba987f?s=96&d=mm&r=g","contentUrl":"https:\/\/secure.gravatar.com\/avatar\/de1c686c2ecc9c5a3f327e3431d819eb39f8f05d4e1045f5a1caad6daaba987f?s=96&d=mm&r=g","caption":"Equipe MH"}}]}},"_links":{"self":[{"href":"https:\/\/mhcalculos.com.br\/noticias\/wp-json\/wp\/v2\/posts\/7805","targetHints":{"allow":["GET"]}}],"collection":[{"href":"https:\/\/mhcalculos.com.br\/noticias\/wp-json\/wp\/v2\/posts"}],"about":[{"href":"https:\/\/mhcalculos.com.br\/noticias\/wp-json\/wp\/v2\/types\/post"}],"author":[{"embeddable":true,"href":"https:\/\/mhcalculos.com.br\/noticias\/wp-json\/wp\/v2\/users\/3063"}],"replies":[{"embeddable":true,"href":"https:\/\/mhcalculos.com.br\/noticias\/wp-json\/wp\/v2\/comments?post=7805"}],"version-history":[{"count":1,"href":"https:\/\/mhcalculos.com.br\/noticias\/wp-json\/wp\/v2\/posts\/7805\/revisions"}],"predecessor-version":[{"id":8610,"href":"https:\/\/mhcalculos.com.br\/noticias\/wp-json\/wp\/v2\/posts\/7805\/revisions\/8610"}],"wp:featuredmedia":[{"embeddable":true,"href":"https:\/\/mhcalculos.com.br\/noticias\/wp-json\/wp\/v2\/media\/2151"}],"wp:attachment":[{"href":"https:\/\/mhcalculos.com.br\/noticias\/wp-json\/wp\/v2\/media?parent=7805"}],"wp:term":[{"taxonomy":"category","embeddable":true,"href":"https:\/\/mhcalculos.com.br\/noticias\/wp-json\/wp\/v2\/categories?post=7805"},{"taxonomy":"post_tag","embeddable":true,"href":"https:\/\/mhcalculos.com.br\/noticias\/wp-json\/wp\/v2\/tags?post=7805"}],"curies":[{"name":"wp","href":"https:\/\/api.w.org\/{rel}","templated":true}]}}