{"id":7801,"date":"2021-01-02T06:05:23","date_gmt":"2021-01-02T09:05:23","guid":{"rendered":"https:\/\/mhcalculos.com.br\/noticias\/tribunais\/stf\/stf-fux-autoriza-suspensao-de-pagamento-do-plano-de-precatorios-de-2020-do-estado-de-sao-paulo.html"},"modified":"2021-07-28T14:28:20","modified_gmt":"2021-07-28T17:28:20","slug":"stf-fux-autoriza-suspensao-de-pagamento-do-plano-de-precatorios-de-2020-do-estado-de-sao-paulo","status":"publish","type":"post","link":"https:\/\/mhcalculos.com.br\/noticias\/tribunais\/stf\/stf-fux-autoriza-suspensao-de-pagamento-do-plano-de-precatorios-de-2020-do-estado-de-sao-paulo.html","title":{"rendered":"STF: Fux autoriza suspens\u00e3o de pagamento do plano de precat\u00f3rios de 2020 do Estado de S\u00e3o Paulo"},"content":{"rendered":"<p><br \/>\n<\/p>\n<p><span style=\"font-size: medium\">O presidente do Supremo Tribunal Federal (STF), ministro Luiz Fux, deferiu parcialmente pedido do Estado de S\u00e3o Paulo para autorizar a suspens\u00e3o do plano de pagamentos de precat\u00f3rios de 2020 determinado pelo Tribunal de Justi\u00e7a paulista (TJ-SP). No entanto, o governo estadual precisa comprovar que os valores respectivos foram integralmente aplicados para o custeio das a\u00e7\u00f5es de preven\u00e7\u00e3o, conten\u00e7\u00e3o e enfrentamento \u00e0 pandemia da Covid-19. A decis\u00e3o foi tomado nos autos da Ac\u00e3o C\u00edvel Origin\u00e1ria (ACO) 3458.<\/span><\/p>\n<div><span style=\"font-size: medium\">O TJ-SP havia suspendido ainda em mar\u00e7o, por 180 dias, o pagamento das parcelas considerando a excepcionalidade da pandemia do Covid-19. Ao final do prazo, o estado apresentou planos de pagamento de precat\u00f3rios dos exerc\u00edcios de 2020 a 2024. O tribunal local rejeitou os pedidos, estabeleceu valores que deveriam ser quitados at\u00e9 o final do exerc\u00edcio do ano corrente e fixou al\u00edquota para os pagamentos de 2021.<\/span><\/div>\n<div><span style=\"font-size: medium\">&nbsp;<\/span><\/div>\n<div><span style=\"font-size: medium\">&quot;N\u00e3o se desconhece a import\u00e2ncia e o dever do adimplemento dos precat\u00f3rios judiciais &quot;, disse Fux, mas, segundo ele, merece relev\u00e2ncia o argumento de que a imposi\u00e7\u00e3o de pagamento de mais R$ 2,2 bilh\u00f5es, com recursos pr\u00f3prios e \u00e0s v\u00e9speras do fechamento do ano or\u00e7ament\u00e1rio, prejudicaria o cumprimento do dever constitucional do ente estadual de proteger a vida e a sa\u00fade da popula\u00e7\u00e3o nesse contexto excepcional. O ministro enfatizou que a Constitui\u00e7\u00e3o confere ao STF a posi\u00e7\u00e3o de Tribunal da Federa\u00e7\u00e3o atribuindo-lhe o poder de dirimir controv\u00e9rsias entre as unidades federativas.<\/span><\/div>\n<div>&nbsp;<\/div>\n<div><span style=\"font-size: medium\"><b>Vacina\u00e7\u00e3o<\/b><\/span><\/div>\n<div><span style=\"font-size: medium\">&nbsp;<\/span><\/div>\n<div><span style=\"font-size: medium\">O ministro destacou ainda que a imin\u00eancia da implementa\u00e7\u00e3o do plano estadual de imuniza\u00e7\u00e3o, com previs\u00e3o de in\u00edcio em 25 de janeiro, e execu\u00e7\u00e3o de gastos na ordem de R$ 4,07 bilh\u00f5es, refor\u00e7a a necessidade de concentra\u00e7\u00e3o de esfor\u00e7os fiscais para o enfrentamento da pandemia. &quot;A documenta\u00e7\u00e3o apresentada pelo estado comprova situa\u00e7\u00e3o delicada do ponto de vista fiscal corroborando as informa\u00e7\u00f5es de not\u00f3rio conhecimento p\u00fablico acerca das escolhas tr\u00e1gicas que os entes federativos brasileiros, quaisquer que sejam eles, t\u00eam sido obrigados a empreender para enfrentar a pandemia da Covid-19&quot;, lembrou.<\/span><\/div>\n<div><span style=\"font-size: medium\">&nbsp;<\/span><\/div>\n<div><span style=\"font-size: medium\">Dessa forma, o presidente autorizou a suspens\u00e3o do plano de pagamentos de precat\u00f3rios do exerc\u00edcio de 2020, garantindo \u00e0 Fazenda P\u00fablica estadual a &quot;higidez fiscal necess\u00e1ria para o enfrentamento \u00e0 pandemia, com foco no iminente projeto de imuniza\u00e7\u00e3o&quot;. Luiz Fux ressaltou que as demais quest\u00f5es levantadas no pedido podem ser mais bem apreciados pelo relator, ministro Nunes Marques, ap\u00f3s o recesso forense.<\/span><\/div>\n<div><span style=\"font-size: medium\">&nbsp;<\/span><\/div>\n<div><span style=\"font-size: medium\">Leia<\/span><b><span style=\"font-size: medium\"> <\/span><\/b><a href=\"http:\/\/www.stf.jus.br\/arquivo\/cms\/noticiaNoticiaStf\/anexo\/ACO3458.pdf\"><b><span style=\"font-size: medium\">a \u00edntegra<\/span><\/b><\/a><span style=\"font-size: medium\"> da decis\u00e3o.<\/span><\/div>\n<div><span style=\"font-size: medium\">&nbsp;<\/span><\/div>\n<div><span style=\"font-size: smaller\">Assessoria de Comunica\u00e7\u00e3o da Presid\u00eancia<\/span><\/div>\n<p><i>Com informa\u00e7\u00f5es da assessoria de imprensa do STF.<\/i><br \/>\n<br \/><a href=\"http:\/\/www.stf.jus.br\/portal\/cms\/verNoticiaDetalhe.asp?idConteudo=457988\">Fonte<\/a><br \/>\n<br \/><\/p>\n","protected":false},"excerpt":{"rendered":"<p>O presidente do Supremo Tribunal Federal (STF), ministro Luiz Fux, deferiu parcialmente pedido do Estado de S\u00e3o Paulo para autorizar a suspens\u00e3o do plano de pagamentos de precat\u00f3rios de 2020 determinado pelo Tribunal de Justi\u00e7a paulista (TJ-SP). No entanto, o governo estadual precisa comprovar que os valores respectivos foram integralmente aplicados para o custeio das [&hellip;]<\/p>\n","protected":false},"author":3063,"featured_media":0,"comment_status":"open","ping_status":"open","sticky":false,"template":"","format":"standard","meta":{"footnotes":""},"categories":[18,15],"tags":[32,31,42,30,29,213,9,12,16],"class_list":{"0":"post-7801","1":"post","2":"type-post","3":"status-publish","4":"format-standard","6":"category-tributario","7":"category-stf","8":"tag-calculos-judiciais","9":"tag-calculos-tributarios","10":"tag-direito-tributario","11":"tag-divida-ativa","12":"tag-fazenda-publica","13":"tag-imposto","14":"tag-pericia","15":"tag-perito","16":"tag-stf"},"yoast_head":"<!-- This site is optimized with the Yoast SEO plugin v27.2 - https:\/\/yoast.com\/product\/yoast-seo-wordpress\/ -->\n<title>STF: Fux autoriza suspens\u00e3o de pagamento do plano de precat\u00f3rios de 2020 do Estado de S\u00e3o Paulo | Portal de Not\u00edcias<\/title>\n<meta name=\"robots\" content=\"index, follow, max-snippet:-1, max-image-preview:large, max-video-preview:-1\" \/>\n<link rel=\"canonical\" href=\"http:\/\/www.stf.jus.br\/portal\/cms\/verNoticiaDetalhe.asp?idConteudo=457988\" \/>\n<meta property=\"og:locale\" content=\"pt_BR\" \/>\n<meta property=\"og:type\" content=\"article\" \/>\n<meta property=\"og:title\" content=\"STF: Fux autoriza suspens\u00e3o de pagamento do plano de precat\u00f3rios de 2020 do Estado de S\u00e3o Paulo | Portal de Not\u00edcias\" \/>\n<meta property=\"og:description\" content=\"O presidente do Supremo Tribunal Federal (STF), ministro Luiz Fux, deferiu parcialmente pedido do Estado de S\u00e3o Paulo para autorizar a suspens\u00e3o do plano de pagamentos de precat\u00f3rios de 2020 determinado pelo Tribunal de Justi\u00e7a paulista (TJ-SP). No entanto, o governo estadual precisa comprovar que os valores respectivos foram integralmente aplicados para o custeio das [&hellip;]\" \/>\n<meta property=\"og:url\" content=\"http:\/\/www.stf.jus.br\/portal\/cms\/verNoticiaDetalhe.asp?idConteudo=457988\" \/>\n<meta property=\"og:site_name\" content=\"Portal de Not\u00edcias\" \/>\n<meta property=\"article:published_time\" content=\"2021-01-02T09:05:23+00:00\" \/>\n<meta property=\"article:modified_time\" content=\"2021-07-28T17:28:20+00:00\" \/>\n<meta name=\"author\" content=\"Equipe MH\" \/>\n<meta name=\"twitter:card\" content=\"summary_large_image\" \/>\n<meta name=\"twitter:label1\" content=\"Escrito por\" \/>\n\t<meta name=\"twitter:data1\" content=\"Equipe MH\" \/>\n\t<meta name=\"twitter:label2\" content=\"Est. tempo de leitura\" \/>\n\t<meta name=\"twitter:data2\" content=\"2 minutos\" \/>\n<script type=\"application\/ld+json\" class=\"yoast-schema-graph\">{\"@context\":\"https:\/\/schema.org\",\"@graph\":[{\"@type\":\"Article\",\"@id\":\"http:\/\/www.stf.jus.br\/portal\/cms\/verNoticiaDetalhe.asp?idConteudo=457988#article\",\"isPartOf\":{\"@id\":\"https:\/\/mhcalculos.com.br\/noticias\/tribunais\/stf\/stf-fux-autoriza-suspensao-de-pagamento-do-plano-de-precatorios-de-2020-do-estado-de-sao-paulo.html\"},\"author\":{\"name\":\"Equipe MH\",\"@id\":\"https:\/\/mhcalculos.com.br\/noticias\/#\/schema\/person\/88d1c34bf72dc779ea14a5a6b8e0ae8d\"},\"headline\":\"STF: Fux autoriza suspens\u00e3o de pagamento do plano de precat\u00f3rios de 2020 do Estado de S\u00e3o Paulo\",\"datePublished\":\"2021-01-02T09:05:23+00:00\",\"dateModified\":\"2021-07-28T17:28:20+00:00\",\"mainEntityOfPage\":{\"@id\":\"https:\/\/mhcalculos.com.br\/noticias\/tribunais\/stf\/stf-fux-autoriza-suspensao-de-pagamento-do-plano-de-precatorios-de-2020-do-estado-de-sao-paulo.html\"},\"wordCount\":488,\"commentCount\":0,\"keywords\":[\"c\u00e1lculos judiciais\",\"c\u00e1lculos tribut\u00e1rios\",\"direito tribut\u00e1rio\",\"d\u00edvida ativa\",\"fazenda p\u00fablica\",\"Imposto\",\"per\u00edcia\",\"perito\",\"stf\"],\"articleSection\":[\"Direito Tribut\u00e1rio\",\"STF\"],\"inLanguage\":\"pt-BR\",\"potentialAction\":[{\"@type\":\"CommentAction\",\"name\":\"Comment\",\"target\":[\"http:\/\/www.stf.jus.br\/portal\/cms\/verNoticiaDetalhe.asp?idConteudo=457988#respond\"]}]},{\"@type\":\"WebPage\",\"@id\":\"https:\/\/mhcalculos.com.br\/noticias\/tribunais\/stf\/stf-fux-autoriza-suspensao-de-pagamento-do-plano-de-precatorios-de-2020-do-estado-de-sao-paulo.html\",\"url\":\"http:\/\/www.stf.jus.br\/portal\/cms\/verNoticiaDetalhe.asp?idConteudo=457988\",\"name\":\"STF: Fux autoriza suspens\u00e3o de pagamento do plano de precat\u00f3rios de 2020 do Estado de S\u00e3o Paulo | Portal de Not\u00edcias\",\"isPartOf\":{\"@id\":\"https:\/\/mhcalculos.com.br\/noticias\/#website\"},\"datePublished\":\"2021-01-02T09:05:23+00:00\",\"dateModified\":\"2021-07-28T17:28:20+00:00\",\"author\":{\"@id\":\"https:\/\/mhcalculos.com.br\/noticias\/#\/schema\/person\/88d1c34bf72dc779ea14a5a6b8e0ae8d\"},\"breadcrumb\":{\"@id\":\"http:\/\/www.stf.jus.br\/portal\/cms\/verNoticiaDetalhe.asp?idConteudo=457988#breadcrumb\"},\"inLanguage\":\"pt-BR\",\"potentialAction\":[{\"@type\":\"ReadAction\",\"target\":[\"http:\/\/www.stf.jus.br\/portal\/cms\/verNoticiaDetalhe.asp?idConteudo=457988\"]}]},{\"@type\":\"BreadcrumbList\",\"@id\":\"http:\/\/www.stf.jus.br\/portal\/cms\/verNoticiaDetalhe.asp?idConteudo=457988#breadcrumb\",\"itemListElement\":[{\"@type\":\"ListItem\",\"position\":1,\"name\":\"In\u00edcio\",\"item\":\"https:\/\/mhcalculos.com.br\/noticias\/\"},{\"@type\":\"ListItem\",\"position\":2,\"name\":\"STF: Fux autoriza suspens\u00e3o de pagamento do plano de precat\u00f3rios de 2020 do Estado de S\u00e3o Paulo\"}]},{\"@type\":\"WebSite\",\"@id\":\"https:\/\/mhcalculos.com.br\/noticias\/#website\",\"url\":\"https:\/\/mhcalculos.com.br\/noticias\/\",\"name\":\"Portal de Not\u00edcias\",\"description\":\"Not\u00edcias e Jurisprud\u00eancia\",\"potentialAction\":[{\"@type\":\"SearchAction\",\"target\":{\"@type\":\"EntryPoint\",\"urlTemplate\":\"https:\/\/mhcalculos.com.br\/noticias\/?s={search_term_string}\"},\"query-input\":{\"@type\":\"PropertyValueSpecification\",\"valueRequired\":true,\"valueName\":\"search_term_string\"}}],\"inLanguage\":\"pt-BR\"},{\"@type\":\"Person\",\"@id\":\"https:\/\/mhcalculos.com.br\/noticias\/#\/schema\/person\/88d1c34bf72dc779ea14a5a6b8e0ae8d\",\"name\":\"Equipe MH\",\"image\":{\"@type\":\"ImageObject\",\"inLanguage\":\"pt-BR\",\"@id\":\"https:\/\/secure.gravatar.com\/avatar\/de1c686c2ecc9c5a3f327e3431d819eb39f8f05d4e1045f5a1caad6daaba987f?s=96&d=mm&r=g\",\"url\":\"https:\/\/secure.gravatar.com\/avatar\/de1c686c2ecc9c5a3f327e3431d819eb39f8f05d4e1045f5a1caad6daaba987f?s=96&d=mm&r=g\",\"contentUrl\":\"https:\/\/secure.gravatar.com\/avatar\/de1c686c2ecc9c5a3f327e3431d819eb39f8f05d4e1045f5a1caad6daaba987f?s=96&d=mm&r=g\",\"caption\":\"Equipe MH\"}}]}<\/script>\n<!-- \/ Yoast SEO plugin. -->","yoast_head_json":{"title":"STF: Fux autoriza suspens\u00e3o de pagamento do plano de precat\u00f3rios de 2020 do Estado de S\u00e3o Paulo | Portal de Not\u00edcias","robots":{"index":"index","follow":"follow","max-snippet":"max-snippet:-1","max-image-preview":"max-image-preview:large","max-video-preview":"max-video-preview:-1"},"canonical":"http:\/\/www.stf.jus.br\/portal\/cms\/verNoticiaDetalhe.asp?idConteudo=457988","og_locale":"pt_BR","og_type":"article","og_title":"STF: Fux autoriza suspens\u00e3o de pagamento do plano de precat\u00f3rios de 2020 do Estado de S\u00e3o Paulo | Portal de Not\u00edcias","og_description":"O presidente do Supremo Tribunal Federal (STF), ministro Luiz Fux, deferiu parcialmente pedido do Estado de S\u00e3o Paulo para autorizar a suspens\u00e3o do plano de pagamentos de precat\u00f3rios de 2020 determinado pelo Tribunal de Justi\u00e7a paulista (TJ-SP). No entanto, o governo estadual precisa comprovar que os valores respectivos foram integralmente aplicados para o custeio das [&hellip;]","og_url":"http:\/\/www.stf.jus.br\/portal\/cms\/verNoticiaDetalhe.asp?idConteudo=457988","og_site_name":"Portal de Not\u00edcias","article_published_time":"2021-01-02T09:05:23+00:00","article_modified_time":"2021-07-28T17:28:20+00:00","author":"Equipe MH","twitter_card":"summary_large_image","twitter_misc":{"Escrito por":"Equipe MH","Est. tempo de leitura":"2 minutos"},"schema":{"@context":"https:\/\/schema.org","@graph":[{"@type":"Article","@id":"http:\/\/www.stf.jus.br\/portal\/cms\/verNoticiaDetalhe.asp?idConteudo=457988#article","isPartOf":{"@id":"https:\/\/mhcalculos.com.br\/noticias\/tribunais\/stf\/stf-fux-autoriza-suspensao-de-pagamento-do-plano-de-precatorios-de-2020-do-estado-de-sao-paulo.html"},"author":{"name":"Equipe MH","@id":"https:\/\/mhcalculos.com.br\/noticias\/#\/schema\/person\/88d1c34bf72dc779ea14a5a6b8e0ae8d"},"headline":"STF: Fux autoriza suspens\u00e3o de pagamento do plano de precat\u00f3rios de 2020 do Estado de S\u00e3o Paulo","datePublished":"2021-01-02T09:05:23+00:00","dateModified":"2021-07-28T17:28:20+00:00","mainEntityOfPage":{"@id":"https:\/\/mhcalculos.com.br\/noticias\/tribunais\/stf\/stf-fux-autoriza-suspensao-de-pagamento-do-plano-de-precatorios-de-2020-do-estado-de-sao-paulo.html"},"wordCount":488,"commentCount":0,"keywords":["c\u00e1lculos judiciais","c\u00e1lculos tribut\u00e1rios","direito tribut\u00e1rio","d\u00edvida ativa","fazenda p\u00fablica","Imposto","per\u00edcia","perito","stf"],"articleSection":["Direito Tribut\u00e1rio","STF"],"inLanguage":"pt-BR","potentialAction":[{"@type":"CommentAction","name":"Comment","target":["http:\/\/www.stf.jus.br\/portal\/cms\/verNoticiaDetalhe.asp?idConteudo=457988#respond"]}]},{"@type":"WebPage","@id":"https:\/\/mhcalculos.com.br\/noticias\/tribunais\/stf\/stf-fux-autoriza-suspensao-de-pagamento-do-plano-de-precatorios-de-2020-do-estado-de-sao-paulo.html","url":"http:\/\/www.stf.jus.br\/portal\/cms\/verNoticiaDetalhe.asp?idConteudo=457988","name":"STF: Fux autoriza suspens\u00e3o de pagamento do plano de precat\u00f3rios de 2020 do Estado de S\u00e3o Paulo | Portal de Not\u00edcias","isPartOf":{"@id":"https:\/\/mhcalculos.com.br\/noticias\/#website"},"datePublished":"2021-01-02T09:05:23+00:00","dateModified":"2021-07-28T17:28:20+00:00","author":{"@id":"https:\/\/mhcalculos.com.br\/noticias\/#\/schema\/person\/88d1c34bf72dc779ea14a5a6b8e0ae8d"},"breadcrumb":{"@id":"http:\/\/www.stf.jus.br\/portal\/cms\/verNoticiaDetalhe.asp?idConteudo=457988#breadcrumb"},"inLanguage":"pt-BR","potentialAction":[{"@type":"ReadAction","target":["http:\/\/www.stf.jus.br\/portal\/cms\/verNoticiaDetalhe.asp?idConteudo=457988"]}]},{"@type":"BreadcrumbList","@id":"http:\/\/www.stf.jus.br\/portal\/cms\/verNoticiaDetalhe.asp?idConteudo=457988#breadcrumb","itemListElement":[{"@type":"ListItem","position":1,"name":"In\u00edcio","item":"https:\/\/mhcalculos.com.br\/noticias\/"},{"@type":"ListItem","position":2,"name":"STF: Fux autoriza suspens\u00e3o de pagamento do plano de precat\u00f3rios de 2020 do Estado de S\u00e3o Paulo"}]},{"@type":"WebSite","@id":"https:\/\/mhcalculos.com.br\/noticias\/#website","url":"https:\/\/mhcalculos.com.br\/noticias\/","name":"Portal de Not\u00edcias","description":"Not\u00edcias e Jurisprud\u00eancia","potentialAction":[{"@type":"SearchAction","target":{"@type":"EntryPoint","urlTemplate":"https:\/\/mhcalculos.com.br\/noticias\/?s={search_term_string}"},"query-input":{"@type":"PropertyValueSpecification","valueRequired":true,"valueName":"search_term_string"}}],"inLanguage":"pt-BR"},{"@type":"Person","@id":"https:\/\/mhcalculos.com.br\/noticias\/#\/schema\/person\/88d1c34bf72dc779ea14a5a6b8e0ae8d","name":"Equipe MH","image":{"@type":"ImageObject","inLanguage":"pt-BR","@id":"https:\/\/secure.gravatar.com\/avatar\/de1c686c2ecc9c5a3f327e3431d819eb39f8f05d4e1045f5a1caad6daaba987f?s=96&d=mm&r=g","url":"https:\/\/secure.gravatar.com\/avatar\/de1c686c2ecc9c5a3f327e3431d819eb39f8f05d4e1045f5a1caad6daaba987f?s=96&d=mm&r=g","contentUrl":"https:\/\/secure.gravatar.com\/avatar\/de1c686c2ecc9c5a3f327e3431d819eb39f8f05d4e1045f5a1caad6daaba987f?s=96&d=mm&r=g","caption":"Equipe MH"}}]}},"_links":{"self":[{"href":"https:\/\/mhcalculos.com.br\/noticias\/wp-json\/wp\/v2\/posts\/7801","targetHints":{"allow":["GET"]}}],"collection":[{"href":"https:\/\/mhcalculos.com.br\/noticias\/wp-json\/wp\/v2\/posts"}],"about":[{"href":"https:\/\/mhcalculos.com.br\/noticias\/wp-json\/wp\/v2\/types\/post"}],"author":[{"embeddable":true,"href":"https:\/\/mhcalculos.com.br\/noticias\/wp-json\/wp\/v2\/users\/3063"}],"replies":[{"embeddable":true,"href":"https:\/\/mhcalculos.com.br\/noticias\/wp-json\/wp\/v2\/comments?post=7801"}],"version-history":[{"count":1,"href":"https:\/\/mhcalculos.com.br\/noticias\/wp-json\/wp\/v2\/posts\/7801\/revisions"}],"predecessor-version":[{"id":8613,"href":"https:\/\/mhcalculos.com.br\/noticias\/wp-json\/wp\/v2\/posts\/7801\/revisions\/8613"}],"wp:attachment":[{"href":"https:\/\/mhcalculos.com.br\/noticias\/wp-json\/wp\/v2\/media?parent=7801"}],"wp:term":[{"taxonomy":"category","embeddable":true,"href":"https:\/\/mhcalculos.com.br\/noticias\/wp-json\/wp\/v2\/categories?post=7801"},{"taxonomy":"post_tag","embeddable":true,"href":"https:\/\/mhcalculos.com.br\/noticias\/wp-json\/wp\/v2\/tags?post=7801"}],"curies":[{"name":"wp","href":"https:\/\/api.w.org\/{rel}","templated":true}]}}