{"id":7788,"date":"2020-12-25T01:05:11","date_gmt":"2020-12-25T04:05:11","guid":{"rendered":"https:\/\/mhcalculos.com.br\/noticias\/area\/previdenciario\/stf-acao-contra-prorrogacao-de-desoneracao-da-folha-de-pagamento-sera-julgada-diretamente-pelo-plenario.html"},"modified":"2021-07-28T14:28:22","modified_gmt":"2021-07-28T17:28:22","slug":"stf-acao-contra-prorrogacao-de-desoneracao-da-folha-de-pagamento-sera-julgada-diretamente-pelo-plenario","status":"publish","type":"post","link":"https:\/\/mhcalculos.com.br\/noticias\/area\/previdenciario\/stf-acao-contra-prorrogacao-de-desoneracao-da-folha-de-pagamento-sera-julgada-diretamente-pelo-plenario.html","title":{"rendered":"STF: A\u00e7\u00e3o contra prorroga\u00e7\u00e3o de desonera\u00e7\u00e3o da folha de pagamento ser\u00e1 julgada diretamente pelo Plen\u00e1rio"},"content":{"rendered":"<p><br \/>\n<\/p>\n<p>O ministro Ricardo Lewandowski decidiu remeter diretamente ao Plen\u00e1rio do Supremo Tribunal Federal (STF) o exame da A\u00e7\u00e3o Direta de Inconstitucionalidade (ADI) 6632, em que o presidente da Rep\u00fablica, Jair Bolsonaro, pretende que a Corte suspenda a prorroga\u00e7\u00e3o da desonera\u00e7\u00e3o da folha de pagamento de 17 setores da economia. Em raz\u00e3o da relev\u00e2ncia da mat\u00e9ria e do seu especial significado para a ordem social e a seguran\u00e7a jur\u00eddica, o relator aplicou ao caso o rito abreviado previsto no artigo 12 da Lei das ADIs (Lei 9.868\/1999).<\/p>\n<p>Na a\u00e7\u00e3o, o presidente da Rep\u00fablica questiona a validade do artigo 33 da Lei 14.020\/2020, que prorrogou por um ano a desonera\u00e7\u00e3o, que se encerraria em 31\/12\/2020. Ele argumenta que, segundo informa\u00e7\u00f5es atualizadas da Receita Federal, a prorroga\u00e7\u00e3o representa uma redu\u00e7\u00e3o de R$ 9,78 bilh\u00f5es na arrecada\u00e7\u00e3o da contribui\u00e7\u00e3o previdenci\u00e1ria prevista para 2021.<\/p>\n<p>Bolsonaro sustenta que a tentativa de estender a concess\u00e3o de benef\u00edcio tribut\u00e1rio n\u00e3o est\u00e1 justificada de forma fundamentada no contexto de combate aos efeitos negativos da Covid-19, al\u00e9m de ultrapassar o prazo previsto na emenda do or\u00e7amento de guerra (Emenda Constitucional 106\/2020, artigo 3&ordm;). Tamb\u00e9m alega que o processo legislativo foi conclu\u00eddo sem a estimativa dos impactos or\u00e7ament\u00e1rios e financeiros.<\/p>\n<p><b>Pedido de informa\u00e7\u00f5es<\/b><\/p>\n<p>Em despacho, o ministro Ricardo Lewandowski solicitou informa\u00e7\u00f5es \u00e0 Presid\u00eancia do Congresso Nacional. Em seguida, os autos ser\u00e3o remetidos, sucessivamente, \u00e0 Advocacia-Geral da Uni\u00e3o (AGU) e \u00e0 Procuradoria-Geral da Rep\u00fablica (PGR), para manifesta\u00e7\u00e3o.<\/p>\n<p><span style=\"font-size: smaller\">EC\/CR\/\/CF<\/span><\/p>\n<p>Leia mais:<\/p>\n<p>17\/12\/2020 &#8211; <a href=\"http:\/\/portal.stf.jus.br\/noticias\/verNoticiaDetalhe.asp?idConteudo=457432&amp;ori=1\">Presidente da Rep\u00fablica questiona prorroga\u00e7\u00e3o de desonera\u00e7\u00e3o da folha de pagamento<\/a><\/p>\n<p>&nbsp;<\/p>\n<p><i>Com informa\u00e7\u00f5es da assessoria de imprensa do STF.<\/i><br \/>\n<br \/><br \/>\n<br \/><a href=\"http:\/\/www.stf.jus.br\/portal\/cms\/verNoticiaDetalhe.asp?idConteudo=457704\">Fonte<\/a><\/p>\n","protected":false},"excerpt":{"rendered":"<p>O ministro Ricardo Lewandowski decidiu remeter diretamente ao Plen\u00e1rio do Supremo Tribunal Federal (STF) o exame da A\u00e7\u00e3o Direta de Inconstitucionalidade (ADI) 6632, em que o presidente da Rep\u00fablica, Jair Bolsonaro, pretende que a Corte suspenda a prorroga\u00e7\u00e3o da desonera\u00e7\u00e3o da folha de pagamento de 17 setores da economia. Em raz\u00e3o da relev\u00e2ncia da mat\u00e9ria [&hellip;]<\/p>\n","protected":false},"author":3063,"featured_media":2740,"comment_status":"open","ping_status":"open","sticky":false,"template":"","format":"standard","meta":{"footnotes":""},"categories":[5,15],"tags":[11,10,8,13,9,12,16],"class_list":{"0":"post-7788","1":"post","2":"type-post","3":"status-publish","4":"format-standard","5":"has-post-thumbnail","7":"category-previdenciario","8":"category-stf","9":"tag-aposentadoria","10":"tag-calculos-previdenciarios","11":"tag-direito-previdenciario","12":"tag-inss","13":"tag-pericia","14":"tag-perito","15":"tag-stf"},"yoast_head":"<!-- This site is optimized with the Yoast SEO plugin v27.2 - https:\/\/yoast.com\/product\/yoast-seo-wordpress\/ -->\n<title>STF: A\u00e7\u00e3o contra prorroga\u00e7\u00e3o de desonera\u00e7\u00e3o da folha de pagamento ser\u00e1 julgada diretamente pelo Plen\u00e1rio | Portal de Not\u00edcias<\/title>\n<meta name=\"robots\" content=\"index, follow, max-snippet:-1, max-image-preview:large, max-video-preview:-1\" \/>\n<link rel=\"canonical\" href=\"https:\/\/mhcalculos.com.br\/noticias\/area\/previdenciario\/stf-acao-contra-prorrogacao-de-desoneracao-da-folha-de-pagamento-sera-julgada-diretamente-pelo-plenario.html\" \/>\n<meta property=\"og:locale\" content=\"pt_BR\" \/>\n<meta property=\"og:type\" content=\"article\" \/>\n<meta property=\"og:title\" content=\"STF: A\u00e7\u00e3o contra prorroga\u00e7\u00e3o de desonera\u00e7\u00e3o da folha de pagamento ser\u00e1 julgada diretamente pelo Plen\u00e1rio | Portal de Not\u00edcias\" \/>\n<meta property=\"og:description\" content=\"O ministro Ricardo Lewandowski decidiu remeter diretamente ao Plen\u00e1rio do Supremo Tribunal Federal (STF) o exame da A\u00e7\u00e3o Direta de Inconstitucionalidade (ADI) 6632, em que o presidente da Rep\u00fablica, Jair Bolsonaro, pretende que a Corte suspenda a prorroga\u00e7\u00e3o da desonera\u00e7\u00e3o da folha de pagamento de 17 setores da economia. Em raz\u00e3o da relev\u00e2ncia da mat\u00e9ria [&hellip;]\" \/>\n<meta property=\"og:url\" content=\"https:\/\/mhcalculos.com.br\/noticias\/area\/previdenciario\/stf-acao-contra-prorrogacao-de-desoneracao-da-folha-de-pagamento-sera-julgada-diretamente-pelo-plenario.html\" \/>\n<meta property=\"og:site_name\" content=\"Portal de Not\u00edcias\" \/>\n<meta property=\"article:published_time\" content=\"2020-12-25T04:05:11+00:00\" \/>\n<meta property=\"article:modified_time\" content=\"2021-07-28T17:28:22+00:00\" \/>\n<meta property=\"og:image\" content=\"https:\/\/mhcalculos.com.br\/noticias\/wp-content\/uploads\/sites\/2\/2018\/08\/judiciario-0020.jpg\" \/>\n\t<meta property=\"og:image:width\" content=\"2000\" \/>\n\t<meta property=\"og:image:height\" content=\"800\" \/>\n\t<meta property=\"og:image:type\" content=\"image\/jpeg\" \/>\n<meta name=\"author\" content=\"Equipe MH\" \/>\n<meta name=\"twitter:card\" content=\"summary_large_image\" \/>\n<meta name=\"twitter:label1\" content=\"Escrito por\" \/>\n\t<meta name=\"twitter:data1\" content=\"Equipe MH\" \/>\n\t<meta name=\"twitter:label2\" content=\"Est. tempo de leitura\" \/>\n\t<meta name=\"twitter:data2\" content=\"1 minuto\" \/>\n<script type=\"application\/ld+json\" class=\"yoast-schema-graph\">{\"@context\":\"https:\/\/schema.org\",\"@graph\":[{\"@type\":\"Article\",\"@id\":\"https:\/\/mhcalculos.com.br\/noticias\/area\/previdenciario\/stf-acao-contra-prorrogacao-de-desoneracao-da-folha-de-pagamento-sera-julgada-diretamente-pelo-plenario.html#article\",\"isPartOf\":{\"@id\":\"https:\/\/mhcalculos.com.br\/noticias\/area\/previdenciario\/stf-acao-contra-prorrogacao-de-desoneracao-da-folha-de-pagamento-sera-julgada-diretamente-pelo-plenario.html\"},\"author\":{\"name\":\"Equipe MH\",\"@id\":\"https:\/\/mhcalculos.com.br\/noticias\/#\/schema\/person\/88d1c34bf72dc779ea14a5a6b8e0ae8d\"},\"headline\":\"STF: A\u00e7\u00e3o contra prorroga\u00e7\u00e3o de desonera\u00e7\u00e3o da folha de pagamento ser\u00e1 julgada diretamente pelo Plen\u00e1rio\",\"datePublished\":\"2020-12-25T04:05:11+00:00\",\"dateModified\":\"2021-07-28T17:28:22+00:00\",\"mainEntityOfPage\":{\"@id\":\"https:\/\/mhcalculos.com.br\/noticias\/area\/previdenciario\/stf-acao-contra-prorrogacao-de-desoneracao-da-folha-de-pagamento-sera-julgada-diretamente-pelo-plenario.html\"},\"wordCount\":311,\"commentCount\":0,\"image\":{\"@id\":\"https:\/\/mhcalculos.com.br\/noticias\/area\/previdenciario\/stf-acao-contra-prorrogacao-de-desoneracao-da-folha-de-pagamento-sera-julgada-diretamente-pelo-plenario.html#primaryimage\"},\"thumbnailUrl\":\"https:\/\/mhcalculos.com.br\/noticias\/wp-content\/uploads\/sites\/2\/2018\/08\/judiciario-0020.jpg\",\"keywords\":[\"aposentadoria\",\"c\u00e1lculos previdenci\u00e1rios\",\"direito previdenci\u00e1rio\",\"inss\",\"per\u00edcia\",\"perito\",\"stf\"],\"articleSection\":[\"Direito Previdenci\u00e1rio\",\"STF\"],\"inLanguage\":\"pt-BR\",\"potentialAction\":[{\"@type\":\"CommentAction\",\"name\":\"Comment\",\"target\":[\"https:\/\/mhcalculos.com.br\/noticias\/area\/previdenciario\/stf-acao-contra-prorrogacao-de-desoneracao-da-folha-de-pagamento-sera-julgada-diretamente-pelo-plenario.html#respond\"]}]},{\"@type\":\"WebPage\",\"@id\":\"https:\/\/mhcalculos.com.br\/noticias\/area\/previdenciario\/stf-acao-contra-prorrogacao-de-desoneracao-da-folha-de-pagamento-sera-julgada-diretamente-pelo-plenario.html\",\"url\":\"https:\/\/mhcalculos.com.br\/noticias\/area\/previdenciario\/stf-acao-contra-prorrogacao-de-desoneracao-da-folha-de-pagamento-sera-julgada-diretamente-pelo-plenario.html\",\"name\":\"STF: A\u00e7\u00e3o contra prorroga\u00e7\u00e3o de desonera\u00e7\u00e3o da folha de pagamento ser\u00e1 julgada diretamente pelo Plen\u00e1rio | Portal de Not\u00edcias\",\"isPartOf\":{\"@id\":\"https:\/\/mhcalculos.com.br\/noticias\/#website\"},\"primaryImageOfPage\":{\"@id\":\"https:\/\/mhcalculos.com.br\/noticias\/area\/previdenciario\/stf-acao-contra-prorrogacao-de-desoneracao-da-folha-de-pagamento-sera-julgada-diretamente-pelo-plenario.html#primaryimage\"},\"image\":{\"@id\":\"https:\/\/mhcalculos.com.br\/noticias\/area\/previdenciario\/stf-acao-contra-prorrogacao-de-desoneracao-da-folha-de-pagamento-sera-julgada-diretamente-pelo-plenario.html#primaryimage\"},\"thumbnailUrl\":\"https:\/\/mhcalculos.com.br\/noticias\/wp-content\/uploads\/sites\/2\/2018\/08\/judiciario-0020.jpg\",\"datePublished\":\"2020-12-25T04:05:11+00:00\",\"dateModified\":\"2021-07-28T17:28:22+00:00\",\"author\":{\"@id\":\"https:\/\/mhcalculos.com.br\/noticias\/#\/schema\/person\/88d1c34bf72dc779ea14a5a6b8e0ae8d\"},\"breadcrumb\":{\"@id\":\"https:\/\/mhcalculos.com.br\/noticias\/area\/previdenciario\/stf-acao-contra-prorrogacao-de-desoneracao-da-folha-de-pagamento-sera-julgada-diretamente-pelo-plenario.html#breadcrumb\"},\"inLanguage\":\"pt-BR\",\"potentialAction\":[{\"@type\":\"ReadAction\",\"target\":[\"https:\/\/mhcalculos.com.br\/noticias\/area\/previdenciario\/stf-acao-contra-prorrogacao-de-desoneracao-da-folha-de-pagamento-sera-julgada-diretamente-pelo-plenario.html\"]}]},{\"@type\":\"ImageObject\",\"inLanguage\":\"pt-BR\",\"@id\":\"https:\/\/mhcalculos.com.br\/noticias\/area\/previdenciario\/stf-acao-contra-prorrogacao-de-desoneracao-da-folha-de-pagamento-sera-julgada-diretamente-pelo-plenario.html#primaryimage\",\"url\":\"https:\/\/mhcalculos.com.br\/noticias\/wp-content\/uploads\/sites\/2\/2018\/08\/judiciario-0020.jpg\",\"contentUrl\":\"https:\/\/mhcalculos.com.br\/noticias\/wp-content\/uploads\/sites\/2\/2018\/08\/judiciario-0020.jpg\",\"width\":2000,\"height\":800},{\"@type\":\"BreadcrumbList\",\"@id\":\"https:\/\/mhcalculos.com.br\/noticias\/area\/previdenciario\/stf-acao-contra-prorrogacao-de-desoneracao-da-folha-de-pagamento-sera-julgada-diretamente-pelo-plenario.html#breadcrumb\",\"itemListElement\":[{\"@type\":\"ListItem\",\"position\":1,\"name\":\"In\u00edcio\",\"item\":\"https:\/\/mhcalculos.com.br\/noticias\/\"},{\"@type\":\"ListItem\",\"position\":2,\"name\":\"STF: A\u00e7\u00e3o contra prorroga\u00e7\u00e3o de desonera\u00e7\u00e3o da folha de pagamento ser\u00e1 julgada diretamente pelo Plen\u00e1rio\"}]},{\"@type\":\"WebSite\",\"@id\":\"https:\/\/mhcalculos.com.br\/noticias\/#website\",\"url\":\"https:\/\/mhcalculos.com.br\/noticias\/\",\"name\":\"Portal de Not\u00edcias\",\"description\":\"Not\u00edcias e Jurisprud\u00eancia\",\"potentialAction\":[{\"@type\":\"SearchAction\",\"target\":{\"@type\":\"EntryPoint\",\"urlTemplate\":\"https:\/\/mhcalculos.com.br\/noticias\/?s={search_term_string}\"},\"query-input\":{\"@type\":\"PropertyValueSpecification\",\"valueRequired\":true,\"valueName\":\"search_term_string\"}}],\"inLanguage\":\"pt-BR\"},{\"@type\":\"Person\",\"@id\":\"https:\/\/mhcalculos.com.br\/noticias\/#\/schema\/person\/88d1c34bf72dc779ea14a5a6b8e0ae8d\",\"name\":\"Equipe MH\",\"image\":{\"@type\":\"ImageObject\",\"inLanguage\":\"pt-BR\",\"@id\":\"https:\/\/secure.gravatar.com\/avatar\/de1c686c2ecc9c5a3f327e3431d819eb39f8f05d4e1045f5a1caad6daaba987f?s=96&d=mm&r=g\",\"url\":\"https:\/\/secure.gravatar.com\/avatar\/de1c686c2ecc9c5a3f327e3431d819eb39f8f05d4e1045f5a1caad6daaba987f?s=96&d=mm&r=g\",\"contentUrl\":\"https:\/\/secure.gravatar.com\/avatar\/de1c686c2ecc9c5a3f327e3431d819eb39f8f05d4e1045f5a1caad6daaba987f?s=96&d=mm&r=g\",\"caption\":\"Equipe MH\"}}]}<\/script>\n<!-- \/ Yoast SEO plugin. -->","yoast_head_json":{"title":"STF: A\u00e7\u00e3o contra prorroga\u00e7\u00e3o de desonera\u00e7\u00e3o da folha de pagamento ser\u00e1 julgada diretamente pelo Plen\u00e1rio | Portal de Not\u00edcias","robots":{"index":"index","follow":"follow","max-snippet":"max-snippet:-1","max-image-preview":"max-image-preview:large","max-video-preview":"max-video-preview:-1"},"canonical":"https:\/\/mhcalculos.com.br\/noticias\/area\/previdenciario\/stf-acao-contra-prorrogacao-de-desoneracao-da-folha-de-pagamento-sera-julgada-diretamente-pelo-plenario.html","og_locale":"pt_BR","og_type":"article","og_title":"STF: A\u00e7\u00e3o contra prorroga\u00e7\u00e3o de desonera\u00e7\u00e3o da folha de pagamento ser\u00e1 julgada diretamente pelo Plen\u00e1rio | Portal de Not\u00edcias","og_description":"O ministro Ricardo Lewandowski decidiu remeter diretamente ao Plen\u00e1rio do Supremo Tribunal Federal (STF) o exame da A\u00e7\u00e3o Direta de Inconstitucionalidade (ADI) 6632, em que o presidente da Rep\u00fablica, Jair Bolsonaro, pretende que a Corte suspenda a prorroga\u00e7\u00e3o da desonera\u00e7\u00e3o da folha de pagamento de 17 setores da economia. Em raz\u00e3o da relev\u00e2ncia da mat\u00e9ria [&hellip;]","og_url":"https:\/\/mhcalculos.com.br\/noticias\/area\/previdenciario\/stf-acao-contra-prorrogacao-de-desoneracao-da-folha-de-pagamento-sera-julgada-diretamente-pelo-plenario.html","og_site_name":"Portal de Not\u00edcias","article_published_time":"2020-12-25T04:05:11+00:00","article_modified_time":"2021-07-28T17:28:22+00:00","og_image":[{"width":2000,"height":800,"url":"https:\/\/mhcalculos.com.br\/noticias\/wp-content\/uploads\/sites\/2\/2018\/08\/judiciario-0020.jpg","type":"image\/jpeg"}],"author":"Equipe MH","twitter_card":"summary_large_image","twitter_misc":{"Escrito por":"Equipe MH","Est. tempo de leitura":"1 minuto"},"schema":{"@context":"https:\/\/schema.org","@graph":[{"@type":"Article","@id":"https:\/\/mhcalculos.com.br\/noticias\/area\/previdenciario\/stf-acao-contra-prorrogacao-de-desoneracao-da-folha-de-pagamento-sera-julgada-diretamente-pelo-plenario.html#article","isPartOf":{"@id":"https:\/\/mhcalculos.com.br\/noticias\/area\/previdenciario\/stf-acao-contra-prorrogacao-de-desoneracao-da-folha-de-pagamento-sera-julgada-diretamente-pelo-plenario.html"},"author":{"name":"Equipe MH","@id":"https:\/\/mhcalculos.com.br\/noticias\/#\/schema\/person\/88d1c34bf72dc779ea14a5a6b8e0ae8d"},"headline":"STF: A\u00e7\u00e3o contra prorroga\u00e7\u00e3o de desonera\u00e7\u00e3o da folha de pagamento ser\u00e1 julgada diretamente pelo Plen\u00e1rio","datePublished":"2020-12-25T04:05:11+00:00","dateModified":"2021-07-28T17:28:22+00:00","mainEntityOfPage":{"@id":"https:\/\/mhcalculos.com.br\/noticias\/area\/previdenciario\/stf-acao-contra-prorrogacao-de-desoneracao-da-folha-de-pagamento-sera-julgada-diretamente-pelo-plenario.html"},"wordCount":311,"commentCount":0,"image":{"@id":"https:\/\/mhcalculos.com.br\/noticias\/area\/previdenciario\/stf-acao-contra-prorrogacao-de-desoneracao-da-folha-de-pagamento-sera-julgada-diretamente-pelo-plenario.html#primaryimage"},"thumbnailUrl":"https:\/\/mhcalculos.com.br\/noticias\/wp-content\/uploads\/sites\/2\/2018\/08\/judiciario-0020.jpg","keywords":["aposentadoria","c\u00e1lculos previdenci\u00e1rios","direito previdenci\u00e1rio","inss","per\u00edcia","perito","stf"],"articleSection":["Direito Previdenci\u00e1rio","STF"],"inLanguage":"pt-BR","potentialAction":[{"@type":"CommentAction","name":"Comment","target":["https:\/\/mhcalculos.com.br\/noticias\/area\/previdenciario\/stf-acao-contra-prorrogacao-de-desoneracao-da-folha-de-pagamento-sera-julgada-diretamente-pelo-plenario.html#respond"]}]},{"@type":"WebPage","@id":"https:\/\/mhcalculos.com.br\/noticias\/area\/previdenciario\/stf-acao-contra-prorrogacao-de-desoneracao-da-folha-de-pagamento-sera-julgada-diretamente-pelo-plenario.html","url":"https:\/\/mhcalculos.com.br\/noticias\/area\/previdenciario\/stf-acao-contra-prorrogacao-de-desoneracao-da-folha-de-pagamento-sera-julgada-diretamente-pelo-plenario.html","name":"STF: A\u00e7\u00e3o contra prorroga\u00e7\u00e3o de desonera\u00e7\u00e3o da folha de pagamento ser\u00e1 julgada diretamente pelo Plen\u00e1rio | Portal de Not\u00edcias","isPartOf":{"@id":"https:\/\/mhcalculos.com.br\/noticias\/#website"},"primaryImageOfPage":{"@id":"https:\/\/mhcalculos.com.br\/noticias\/area\/previdenciario\/stf-acao-contra-prorrogacao-de-desoneracao-da-folha-de-pagamento-sera-julgada-diretamente-pelo-plenario.html#primaryimage"},"image":{"@id":"https:\/\/mhcalculos.com.br\/noticias\/area\/previdenciario\/stf-acao-contra-prorrogacao-de-desoneracao-da-folha-de-pagamento-sera-julgada-diretamente-pelo-plenario.html#primaryimage"},"thumbnailUrl":"https:\/\/mhcalculos.com.br\/noticias\/wp-content\/uploads\/sites\/2\/2018\/08\/judiciario-0020.jpg","datePublished":"2020-12-25T04:05:11+00:00","dateModified":"2021-07-28T17:28:22+00:00","author":{"@id":"https:\/\/mhcalculos.com.br\/noticias\/#\/schema\/person\/88d1c34bf72dc779ea14a5a6b8e0ae8d"},"breadcrumb":{"@id":"https:\/\/mhcalculos.com.br\/noticias\/area\/previdenciario\/stf-acao-contra-prorrogacao-de-desoneracao-da-folha-de-pagamento-sera-julgada-diretamente-pelo-plenario.html#breadcrumb"},"inLanguage":"pt-BR","potentialAction":[{"@type":"ReadAction","target":["https:\/\/mhcalculos.com.br\/noticias\/area\/previdenciario\/stf-acao-contra-prorrogacao-de-desoneracao-da-folha-de-pagamento-sera-julgada-diretamente-pelo-plenario.html"]}]},{"@type":"ImageObject","inLanguage":"pt-BR","@id":"https:\/\/mhcalculos.com.br\/noticias\/area\/previdenciario\/stf-acao-contra-prorrogacao-de-desoneracao-da-folha-de-pagamento-sera-julgada-diretamente-pelo-plenario.html#primaryimage","url":"https:\/\/mhcalculos.com.br\/noticias\/wp-content\/uploads\/sites\/2\/2018\/08\/judiciario-0020.jpg","contentUrl":"https:\/\/mhcalculos.com.br\/noticias\/wp-content\/uploads\/sites\/2\/2018\/08\/judiciario-0020.jpg","width":2000,"height":800},{"@type":"BreadcrumbList","@id":"https:\/\/mhcalculos.com.br\/noticias\/area\/previdenciario\/stf-acao-contra-prorrogacao-de-desoneracao-da-folha-de-pagamento-sera-julgada-diretamente-pelo-plenario.html#breadcrumb","itemListElement":[{"@type":"ListItem","position":1,"name":"In\u00edcio","item":"https:\/\/mhcalculos.com.br\/noticias\/"},{"@type":"ListItem","position":2,"name":"STF: A\u00e7\u00e3o contra prorroga\u00e7\u00e3o de desonera\u00e7\u00e3o da folha de pagamento ser\u00e1 julgada diretamente pelo Plen\u00e1rio"}]},{"@type":"WebSite","@id":"https:\/\/mhcalculos.com.br\/noticias\/#website","url":"https:\/\/mhcalculos.com.br\/noticias\/","name":"Portal de Not\u00edcias","description":"Not\u00edcias e Jurisprud\u00eancia","potentialAction":[{"@type":"SearchAction","target":{"@type":"EntryPoint","urlTemplate":"https:\/\/mhcalculos.com.br\/noticias\/?s={search_term_string}"},"query-input":{"@type":"PropertyValueSpecification","valueRequired":true,"valueName":"search_term_string"}}],"inLanguage":"pt-BR"},{"@type":"Person","@id":"https:\/\/mhcalculos.com.br\/noticias\/#\/schema\/person\/88d1c34bf72dc779ea14a5a6b8e0ae8d","name":"Equipe MH","image":{"@type":"ImageObject","inLanguage":"pt-BR","@id":"https:\/\/secure.gravatar.com\/avatar\/de1c686c2ecc9c5a3f327e3431d819eb39f8f05d4e1045f5a1caad6daaba987f?s=96&d=mm&r=g","url":"https:\/\/secure.gravatar.com\/avatar\/de1c686c2ecc9c5a3f327e3431d819eb39f8f05d4e1045f5a1caad6daaba987f?s=96&d=mm&r=g","contentUrl":"https:\/\/secure.gravatar.com\/avatar\/de1c686c2ecc9c5a3f327e3431d819eb39f8f05d4e1045f5a1caad6daaba987f?s=96&d=mm&r=g","caption":"Equipe MH"}}]}},"_links":{"self":[{"href":"https:\/\/mhcalculos.com.br\/noticias\/wp-json\/wp\/v2\/posts\/7788","targetHints":{"allow":["GET"]}}],"collection":[{"href":"https:\/\/mhcalculos.com.br\/noticias\/wp-json\/wp\/v2\/posts"}],"about":[{"href":"https:\/\/mhcalculos.com.br\/noticias\/wp-json\/wp\/v2\/types\/post"}],"author":[{"embeddable":true,"href":"https:\/\/mhcalculos.com.br\/noticias\/wp-json\/wp\/v2\/users\/3063"}],"replies":[{"embeddable":true,"href":"https:\/\/mhcalculos.com.br\/noticias\/wp-json\/wp\/v2\/comments?post=7788"}],"version-history":[{"count":1,"href":"https:\/\/mhcalculos.com.br\/noticias\/wp-json\/wp\/v2\/posts\/7788\/revisions"}],"predecessor-version":[{"id":8622,"href":"https:\/\/mhcalculos.com.br\/noticias\/wp-json\/wp\/v2\/posts\/7788\/revisions\/8622"}],"wp:featuredmedia":[{"embeddable":true,"href":"https:\/\/mhcalculos.com.br\/noticias\/wp-json\/wp\/v2\/media\/2740"}],"wp:attachment":[{"href":"https:\/\/mhcalculos.com.br\/noticias\/wp-json\/wp\/v2\/media?parent=7788"}],"wp:term":[{"taxonomy":"category","embeddable":true,"href":"https:\/\/mhcalculos.com.br\/noticias\/wp-json\/wp\/v2\/categories?post=7788"},{"taxonomy":"post_tag","embeddable":true,"href":"https:\/\/mhcalculos.com.br\/noticias\/wp-json\/wp\/v2\/tags?post=7788"}],"curies":[{"name":"wp","href":"https:\/\/api.w.org\/{rel}","templated":true}]}}