{"id":7784,"date":"2020-12-23T14:05:07","date_gmt":"2020-12-23T17:05:07","guid":{"rendered":"https:\/\/mhcalculos.com.br\/noticias\/tribunais\/stf\/stf-stf-rejeita-recurso-do-botafogo-contra-penhora-de-direitos-do-clube.html"},"modified":"2021-07-28T14:28:22","modified_gmt":"2021-07-28T17:28:22","slug":"stf-stf-rejeita-recurso-do-botafogo-contra-penhora-de-direitos-do-clube","status":"publish","type":"post","link":"https:\/\/mhcalculos.com.br\/noticias\/tribunais\/stf\/stf-stf-rejeita-recurso-do-botafogo-contra-penhora-de-direitos-do-clube.html","title":{"rendered":"STF: STF rejeita recurso do Botafogo contra penhora de direitos do clube"},"content":{"rendered":"<p><br \/>\n<\/p>\n<p>Os ministros do Supremo Tribunal Federal (STF) confirmaram decis\u00e3o do presidente da Corte, ministro Luiz Fux, que negou seguimento ao Recurso Extraordin\u00e1rio com Agravo (ARE) 1281848, em que o Botafogo Futebol e Regatas, do Rio de Janeiro (RJ), pretendia rediscutir a penhora de direitos federativos e econ\u00f4micos de titularidade do clube relativos \u00e0 transfer\u00eancia de atleta profissional. Na sess\u00e3o virtual encerrada em 14\/12, os ministros negaram provimento ao agravo interno do Botafogo contra a decis\u00e3o monocr\u00e1tica de Fux.<\/p>\n<p><b>Execu\u00e7\u00e3o fiscal<\/b><\/p>\n<p>Com a negativa de seguimento confirmada pelo Plen\u00e1rio do STF, fica mantida a decis\u00e3o do Superior Tribunal de Justi\u00e7a (STJ) que julgou o recurso do Botafogo incab\u00edvel. Nele, o clube questionava a exigibilidade do cr\u00e9dito tribut\u00e1rio por afronta a dispositivos do C\u00f3digo Tribut\u00e1rio Nacional (CTN) e do C\u00f3digo de Processo Civil (CPC). Segundo os advogados, seria indevida a penhora dos direitos federativos e econ\u00f4micos relativos \u00e0 transfer\u00eancia do zagueiro D\u00f3ria (Matheus D\u00f3ria Macedo), e a situa\u00e7\u00e3o inviabilizaria a manuten\u00e7\u00e3o de suas atividades. O clube tamb\u00e9m alegava que n\u00e3o poderia ter havido a rescis\u00e3o do programa de parcelamento denominado Timemania, disposto na Lei 11.345\/2006.<\/p>\n<p>O Tribunal Regional Federal da 2&ordf; Regi\u00e3o (TRF-2), cuja decis\u00e3o foi mantida pelo STJ, negou recurso do clube contra a ordem de penhora imposta no \u00e2mbito de execu\u00e7\u00e3o fiscal. Para a corte regional, a rescis\u00e3o do parcelamento \u00e9 causa suficiente para a exigibilidade do cr\u00e9dito tribut\u00e1rio, e o clube n\u00e3o comprovou sua alega\u00e7\u00e3o de que a penhora dos direitos federativos e econ\u00f4micos inviabilizaria a manuten\u00e7\u00e3o das suas atividades.<\/p>\n<p><b>Decis\u00e3o<\/b><\/p>\n<p>No ARE, o Botafogo alegava viola\u00e7\u00e3o dos princ\u00edpios da ampla defesa e do contradit\u00f3rio. Em sua decis\u00e3o monocr\u00e1tica, o ministro Fux afirmou que a decis\u00e3o do STJ est\u00e1 amparada em aplica\u00e7\u00e3o de precedente firmado com base na sistem\u00e1tica da repercuss\u00e3o geral. O ministro explicou que o artigo 1.042 do C\u00f3digo de Processo Civil (CPC) \u00e9 expresso sobre o n\u00e3o cabimento de agravo dirigido ao STF nas hip\u00f3teses em que a negativa de seguimento do recurso extraordin\u00e1rio tiver se dado exclusivamente com base na sistem\u00e1tica da repercuss\u00e3o geral, sendo essa decis\u00e3o pass\u00edvel de impugna\u00e7\u00e3o somente por agravo interno perante o pr\u00f3prio Tribunal de origem. Al\u00e9m desse obst\u00e1culo processual, Fux assinalou que, para ultrapassar o entendimento do STJ, seria necess\u00e1rio interpretar a legisla\u00e7\u00e3o infraconstitucional pertinente e reexaminar fatos e provas dos autos, o que n\u00e3o \u00e9 cab\u00edvel em sede de recurso extraordin\u00e1rio.<\/p>\n<p><b>Multa e majora\u00e7\u00e3o de honor\u00e1rios<\/b><\/p>\n<p>No voto em que manteve seu entendimento, o ministro Fux prop\u00f4s a aplica\u00e7\u00e3o de multa de 5% do valor atualizado da causa, pois, em seu entendimento, o agravo interno se revelou &quot;manifestamente infundado&quot;, ao trazer argumentos reiteradamente rejeitados pelas inst\u00e2ncias anteriores. Ele prop\u00f4s tamb\u00e9m o aumento dos honor\u00e1rios advocat\u00edcios ao m\u00e1ximo legal em desfavor do Botafogo. O ministro Marco Aur\u00e9lio foi o \u00fanico a divergir, apenas com rela\u00e7\u00e3o \u00e0 majora\u00e7\u00e3o da verba honor\u00e1ria.<\/p>\n<p><span style=\"font-size: smaller\">VP\/AD\/\/CF<\/span><\/p>\n<p>&nbsp;<\/p>\n<p><i>Com informa\u00e7\u00f5es da assessoria de imprensa do STF.<\/i><br \/>\n<br \/><a href=\"http:\/\/www.stf.jus.br\/portal\/cms\/verNoticiaDetalhe.asp?idConteudo=457578\">Fonte<\/a><br \/>\n<br \/><\/p>\n","protected":false},"excerpt":{"rendered":"<p>Os ministros do Supremo Tribunal Federal (STF) confirmaram decis\u00e3o do presidente da Corte, ministro Luiz Fux, que negou seguimento ao Recurso Extraordin\u00e1rio com Agravo (ARE) 1281848, em que o Botafogo Futebol e Regatas, do Rio de Janeiro (RJ), pretendia rediscutir a penhora de direitos federativos e econ\u00f4micos de titularidade do clube relativos \u00e0 transfer\u00eancia de [&hellip;]<\/p>\n","protected":false},"author":3063,"featured_media":3480,"comment_status":"open","ping_status":"open","sticky":false,"template":"","format":"standard","meta":{"footnotes":""},"categories":[18,15],"tags":[32,31,42,30,29,213,9,12,16],"class_list":{"0":"post-7784","1":"post","2":"type-post","3":"status-publish","4":"format-standard","5":"has-post-thumbnail","7":"category-tributario","8":"category-stf","9":"tag-calculos-judiciais","10":"tag-calculos-tributarios","11":"tag-direito-tributario","12":"tag-divida-ativa","13":"tag-fazenda-publica","14":"tag-imposto","15":"tag-pericia","16":"tag-perito","17":"tag-stf"},"yoast_head":"<!-- This site is optimized with the Yoast SEO plugin v27.2 - https:\/\/yoast.com\/product\/yoast-seo-wordpress\/ -->\n<title>STF: STF rejeita recurso do Botafogo contra penhora de direitos do clube | Portal de Not\u00edcias<\/title>\n<meta name=\"robots\" content=\"index, follow, max-snippet:-1, max-image-preview:large, max-video-preview:-1\" \/>\n<link rel=\"canonical\" href=\"http:\/\/www.stf.jus.br\/portal\/cms\/verNoticiaDetalhe.asp?idConteudo=457578\" \/>\n<meta property=\"og:locale\" content=\"pt_BR\" \/>\n<meta property=\"og:type\" content=\"article\" \/>\n<meta property=\"og:title\" content=\"STF: STF rejeita recurso do Botafogo contra penhora de direitos do clube | Portal de Not\u00edcias\" \/>\n<meta property=\"og:description\" content=\"Os ministros do Supremo Tribunal Federal (STF) confirmaram decis\u00e3o do presidente da Corte, ministro Luiz Fux, que negou seguimento ao Recurso Extraordin\u00e1rio com Agravo (ARE) 1281848, em que o Botafogo Futebol e Regatas, do Rio de Janeiro (RJ), pretendia rediscutir a penhora de direitos federativos e econ\u00f4micos de titularidade do clube relativos \u00e0 transfer\u00eancia de [&hellip;]\" \/>\n<meta property=\"og:url\" content=\"http:\/\/www.stf.jus.br\/portal\/cms\/verNoticiaDetalhe.asp?idConteudo=457578\" \/>\n<meta property=\"og:site_name\" content=\"Portal de Not\u00edcias\" \/>\n<meta property=\"article:published_time\" content=\"2020-12-23T17:05:07+00:00\" \/>\n<meta property=\"article:modified_time\" content=\"2021-07-28T17:28:22+00:00\" \/>\n<meta property=\"og:image\" content=\"https:\/\/mhcalculos.com.br\/noticias\/wp-content\/uploads\/sites\/2\/2018\/12\/judiciario-0025.jpg\" \/>\n\t<meta property=\"og:image:width\" content=\"2000\" \/>\n\t<meta property=\"og:image:height\" content=\"800\" \/>\n\t<meta property=\"og:image:type\" content=\"image\/jpeg\" \/>\n<meta name=\"author\" content=\"Equipe MH\" \/>\n<meta name=\"twitter:card\" content=\"summary_large_image\" \/>\n<meta name=\"twitter:label1\" content=\"Escrito por\" \/>\n\t<meta name=\"twitter:data1\" content=\"Equipe MH\" \/>\n\t<meta name=\"twitter:label2\" content=\"Est. tempo de leitura\" \/>\n\t<meta name=\"twitter:data2\" content=\"3 minutos\" \/>\n<script type=\"application\/ld+json\" class=\"yoast-schema-graph\">{\"@context\":\"https:\/\/schema.org\",\"@graph\":[{\"@type\":\"Article\",\"@id\":\"http:\/\/www.stf.jus.br\/portal\/cms\/verNoticiaDetalhe.asp?idConteudo=457578#article\",\"isPartOf\":{\"@id\":\"https:\/\/mhcalculos.com.br\/noticias\/tribunais\/stf\/stf-stf-rejeita-recurso-do-botafogo-contra-penhora-de-direitos-do-clube.html\"},\"author\":{\"name\":\"Equipe MH\",\"@id\":\"https:\/\/mhcalculos.com.br\/noticias\/#\/schema\/person\/88d1c34bf72dc779ea14a5a6b8e0ae8d\"},\"headline\":\"STF: STF rejeita recurso do Botafogo contra penhora de direitos do clube\",\"datePublished\":\"2020-12-23T17:05:07+00:00\",\"dateModified\":\"2021-07-28T17:28:22+00:00\",\"mainEntityOfPage\":{\"@id\":\"https:\/\/mhcalculos.com.br\/noticias\/tribunais\/stf\/stf-stf-rejeita-recurso-do-botafogo-contra-penhora-de-direitos-do-clube.html\"},\"wordCount\":566,\"commentCount\":0,\"image\":{\"@id\":\"http:\/\/www.stf.jus.br\/portal\/cms\/verNoticiaDetalhe.asp?idConteudo=457578#primaryimage\"},\"thumbnailUrl\":\"https:\/\/mhcalculos.com.br\/noticias\/wp-content\/uploads\/sites\/2\/2018\/12\/judiciario-0025.jpg\",\"keywords\":[\"c\u00e1lculos judiciais\",\"c\u00e1lculos tribut\u00e1rios\",\"direito tribut\u00e1rio\",\"d\u00edvida ativa\",\"fazenda p\u00fablica\",\"Imposto\",\"per\u00edcia\",\"perito\",\"stf\"],\"articleSection\":[\"Direito Tribut\u00e1rio\",\"STF\"],\"inLanguage\":\"pt-BR\",\"potentialAction\":[{\"@type\":\"CommentAction\",\"name\":\"Comment\",\"target\":[\"http:\/\/www.stf.jus.br\/portal\/cms\/verNoticiaDetalhe.asp?idConteudo=457578#respond\"]}]},{\"@type\":\"WebPage\",\"@id\":\"https:\/\/mhcalculos.com.br\/noticias\/tribunais\/stf\/stf-stf-rejeita-recurso-do-botafogo-contra-penhora-de-direitos-do-clube.html\",\"url\":\"http:\/\/www.stf.jus.br\/portal\/cms\/verNoticiaDetalhe.asp?idConteudo=457578\",\"name\":\"STF: STF rejeita recurso do Botafogo contra penhora de direitos do clube | Portal de Not\u00edcias\",\"isPartOf\":{\"@id\":\"https:\/\/mhcalculos.com.br\/noticias\/#website\"},\"primaryImageOfPage\":{\"@id\":\"http:\/\/www.stf.jus.br\/portal\/cms\/verNoticiaDetalhe.asp?idConteudo=457578#primaryimage\"},\"image\":{\"@id\":\"http:\/\/www.stf.jus.br\/portal\/cms\/verNoticiaDetalhe.asp?idConteudo=457578#primaryimage\"},\"thumbnailUrl\":\"https:\/\/mhcalculos.com.br\/noticias\/wp-content\/uploads\/sites\/2\/2018\/12\/judiciario-0025.jpg\",\"datePublished\":\"2020-12-23T17:05:07+00:00\",\"dateModified\":\"2021-07-28T17:28:22+00:00\",\"author\":{\"@id\":\"https:\/\/mhcalculos.com.br\/noticias\/#\/schema\/person\/88d1c34bf72dc779ea14a5a6b8e0ae8d\"},\"breadcrumb\":{\"@id\":\"http:\/\/www.stf.jus.br\/portal\/cms\/verNoticiaDetalhe.asp?idConteudo=457578#breadcrumb\"},\"inLanguage\":\"pt-BR\",\"potentialAction\":[{\"@type\":\"ReadAction\",\"target\":[\"http:\/\/www.stf.jus.br\/portal\/cms\/verNoticiaDetalhe.asp?idConteudo=457578\"]}]},{\"@type\":\"ImageObject\",\"inLanguage\":\"pt-BR\",\"@id\":\"http:\/\/www.stf.jus.br\/portal\/cms\/verNoticiaDetalhe.asp?idConteudo=457578#primaryimage\",\"url\":\"https:\/\/mhcalculos.com.br\/noticias\/wp-content\/uploads\/sites\/2\/2018\/12\/judiciario-0025.jpg\",\"contentUrl\":\"https:\/\/mhcalculos.com.br\/noticias\/wp-content\/uploads\/sites\/2\/2018\/12\/judiciario-0025.jpg\",\"width\":2000,\"height\":800,\"caption\":\"Ap\u00f3s 28 anos de trabalho, servidor cego se aposenta e deixa exemplo de supera\u00e7\u00e3o\"},{\"@type\":\"BreadcrumbList\",\"@id\":\"http:\/\/www.stf.jus.br\/portal\/cms\/verNoticiaDetalhe.asp?idConteudo=457578#breadcrumb\",\"itemListElement\":[{\"@type\":\"ListItem\",\"position\":1,\"name\":\"In\u00edcio\",\"item\":\"https:\/\/mhcalculos.com.br\/noticias\/\"},{\"@type\":\"ListItem\",\"position\":2,\"name\":\"STF: STF rejeita recurso do Botafogo contra penhora de direitos do clube\"}]},{\"@type\":\"WebSite\",\"@id\":\"https:\/\/mhcalculos.com.br\/noticias\/#website\",\"url\":\"https:\/\/mhcalculos.com.br\/noticias\/\",\"name\":\"Portal de Not\u00edcias\",\"description\":\"Not\u00edcias e Jurisprud\u00eancia\",\"potentialAction\":[{\"@type\":\"SearchAction\",\"target\":{\"@type\":\"EntryPoint\",\"urlTemplate\":\"https:\/\/mhcalculos.com.br\/noticias\/?s={search_term_string}\"},\"query-input\":{\"@type\":\"PropertyValueSpecification\",\"valueRequired\":true,\"valueName\":\"search_term_string\"}}],\"inLanguage\":\"pt-BR\"},{\"@type\":\"Person\",\"@id\":\"https:\/\/mhcalculos.com.br\/noticias\/#\/schema\/person\/88d1c34bf72dc779ea14a5a6b8e0ae8d\",\"name\":\"Equipe MH\",\"image\":{\"@type\":\"ImageObject\",\"inLanguage\":\"pt-BR\",\"@id\":\"https:\/\/secure.gravatar.com\/avatar\/de1c686c2ecc9c5a3f327e3431d819eb39f8f05d4e1045f5a1caad6daaba987f?s=96&d=mm&r=g\",\"url\":\"https:\/\/secure.gravatar.com\/avatar\/de1c686c2ecc9c5a3f327e3431d819eb39f8f05d4e1045f5a1caad6daaba987f?s=96&d=mm&r=g\",\"contentUrl\":\"https:\/\/secure.gravatar.com\/avatar\/de1c686c2ecc9c5a3f327e3431d819eb39f8f05d4e1045f5a1caad6daaba987f?s=96&d=mm&r=g\",\"caption\":\"Equipe MH\"}}]}<\/script>\n<!-- \/ Yoast SEO plugin. -->","yoast_head_json":{"title":"STF: STF rejeita recurso do Botafogo contra penhora de direitos do clube | Portal de Not\u00edcias","robots":{"index":"index","follow":"follow","max-snippet":"max-snippet:-1","max-image-preview":"max-image-preview:large","max-video-preview":"max-video-preview:-1"},"canonical":"http:\/\/www.stf.jus.br\/portal\/cms\/verNoticiaDetalhe.asp?idConteudo=457578","og_locale":"pt_BR","og_type":"article","og_title":"STF: STF rejeita recurso do Botafogo contra penhora de direitos do clube | Portal de Not\u00edcias","og_description":"Os ministros do Supremo Tribunal Federal (STF) confirmaram decis\u00e3o do presidente da Corte, ministro Luiz Fux, que negou seguimento ao Recurso Extraordin\u00e1rio com Agravo (ARE) 1281848, em que o Botafogo Futebol e Regatas, do Rio de Janeiro (RJ), pretendia rediscutir a penhora de direitos federativos e econ\u00f4micos de titularidade do clube relativos \u00e0 transfer\u00eancia de [&hellip;]","og_url":"http:\/\/www.stf.jus.br\/portal\/cms\/verNoticiaDetalhe.asp?idConteudo=457578","og_site_name":"Portal de Not\u00edcias","article_published_time":"2020-12-23T17:05:07+00:00","article_modified_time":"2021-07-28T17:28:22+00:00","og_image":[{"width":2000,"height":800,"url":"https:\/\/mhcalculos.com.br\/noticias\/wp-content\/uploads\/sites\/2\/2018\/12\/judiciario-0025.jpg","type":"image\/jpeg"}],"author":"Equipe MH","twitter_card":"summary_large_image","twitter_misc":{"Escrito por":"Equipe MH","Est. tempo de leitura":"3 minutos"},"schema":{"@context":"https:\/\/schema.org","@graph":[{"@type":"Article","@id":"http:\/\/www.stf.jus.br\/portal\/cms\/verNoticiaDetalhe.asp?idConteudo=457578#article","isPartOf":{"@id":"https:\/\/mhcalculos.com.br\/noticias\/tribunais\/stf\/stf-stf-rejeita-recurso-do-botafogo-contra-penhora-de-direitos-do-clube.html"},"author":{"name":"Equipe MH","@id":"https:\/\/mhcalculos.com.br\/noticias\/#\/schema\/person\/88d1c34bf72dc779ea14a5a6b8e0ae8d"},"headline":"STF: STF rejeita recurso do Botafogo contra penhora de direitos do clube","datePublished":"2020-12-23T17:05:07+00:00","dateModified":"2021-07-28T17:28:22+00:00","mainEntityOfPage":{"@id":"https:\/\/mhcalculos.com.br\/noticias\/tribunais\/stf\/stf-stf-rejeita-recurso-do-botafogo-contra-penhora-de-direitos-do-clube.html"},"wordCount":566,"commentCount":0,"image":{"@id":"http:\/\/www.stf.jus.br\/portal\/cms\/verNoticiaDetalhe.asp?idConteudo=457578#primaryimage"},"thumbnailUrl":"https:\/\/mhcalculos.com.br\/noticias\/wp-content\/uploads\/sites\/2\/2018\/12\/judiciario-0025.jpg","keywords":["c\u00e1lculos judiciais","c\u00e1lculos tribut\u00e1rios","direito tribut\u00e1rio","d\u00edvida ativa","fazenda p\u00fablica","Imposto","per\u00edcia","perito","stf"],"articleSection":["Direito Tribut\u00e1rio","STF"],"inLanguage":"pt-BR","potentialAction":[{"@type":"CommentAction","name":"Comment","target":["http:\/\/www.stf.jus.br\/portal\/cms\/verNoticiaDetalhe.asp?idConteudo=457578#respond"]}]},{"@type":"WebPage","@id":"https:\/\/mhcalculos.com.br\/noticias\/tribunais\/stf\/stf-stf-rejeita-recurso-do-botafogo-contra-penhora-de-direitos-do-clube.html","url":"http:\/\/www.stf.jus.br\/portal\/cms\/verNoticiaDetalhe.asp?idConteudo=457578","name":"STF: STF rejeita recurso do Botafogo contra penhora de direitos do clube | Portal de Not\u00edcias","isPartOf":{"@id":"https:\/\/mhcalculos.com.br\/noticias\/#website"},"primaryImageOfPage":{"@id":"http:\/\/www.stf.jus.br\/portal\/cms\/verNoticiaDetalhe.asp?idConteudo=457578#primaryimage"},"image":{"@id":"http:\/\/www.stf.jus.br\/portal\/cms\/verNoticiaDetalhe.asp?idConteudo=457578#primaryimage"},"thumbnailUrl":"https:\/\/mhcalculos.com.br\/noticias\/wp-content\/uploads\/sites\/2\/2018\/12\/judiciario-0025.jpg","datePublished":"2020-12-23T17:05:07+00:00","dateModified":"2021-07-28T17:28:22+00:00","author":{"@id":"https:\/\/mhcalculos.com.br\/noticias\/#\/schema\/person\/88d1c34bf72dc779ea14a5a6b8e0ae8d"},"breadcrumb":{"@id":"http:\/\/www.stf.jus.br\/portal\/cms\/verNoticiaDetalhe.asp?idConteudo=457578#breadcrumb"},"inLanguage":"pt-BR","potentialAction":[{"@type":"ReadAction","target":["http:\/\/www.stf.jus.br\/portal\/cms\/verNoticiaDetalhe.asp?idConteudo=457578"]}]},{"@type":"ImageObject","inLanguage":"pt-BR","@id":"http:\/\/www.stf.jus.br\/portal\/cms\/verNoticiaDetalhe.asp?idConteudo=457578#primaryimage","url":"https:\/\/mhcalculos.com.br\/noticias\/wp-content\/uploads\/sites\/2\/2018\/12\/judiciario-0025.jpg","contentUrl":"https:\/\/mhcalculos.com.br\/noticias\/wp-content\/uploads\/sites\/2\/2018\/12\/judiciario-0025.jpg","width":2000,"height":800,"caption":"Ap\u00f3s 28 anos de trabalho, servidor cego se aposenta e deixa exemplo de supera\u00e7\u00e3o"},{"@type":"BreadcrumbList","@id":"http:\/\/www.stf.jus.br\/portal\/cms\/verNoticiaDetalhe.asp?idConteudo=457578#breadcrumb","itemListElement":[{"@type":"ListItem","position":1,"name":"In\u00edcio","item":"https:\/\/mhcalculos.com.br\/noticias\/"},{"@type":"ListItem","position":2,"name":"STF: STF rejeita recurso do Botafogo contra penhora de direitos do clube"}]},{"@type":"WebSite","@id":"https:\/\/mhcalculos.com.br\/noticias\/#website","url":"https:\/\/mhcalculos.com.br\/noticias\/","name":"Portal de Not\u00edcias","description":"Not\u00edcias e Jurisprud\u00eancia","potentialAction":[{"@type":"SearchAction","target":{"@type":"EntryPoint","urlTemplate":"https:\/\/mhcalculos.com.br\/noticias\/?s={search_term_string}"},"query-input":{"@type":"PropertyValueSpecification","valueRequired":true,"valueName":"search_term_string"}}],"inLanguage":"pt-BR"},{"@type":"Person","@id":"https:\/\/mhcalculos.com.br\/noticias\/#\/schema\/person\/88d1c34bf72dc779ea14a5a6b8e0ae8d","name":"Equipe MH","image":{"@type":"ImageObject","inLanguage":"pt-BR","@id":"https:\/\/secure.gravatar.com\/avatar\/de1c686c2ecc9c5a3f327e3431d819eb39f8f05d4e1045f5a1caad6daaba987f?s=96&d=mm&r=g","url":"https:\/\/secure.gravatar.com\/avatar\/de1c686c2ecc9c5a3f327e3431d819eb39f8f05d4e1045f5a1caad6daaba987f?s=96&d=mm&r=g","contentUrl":"https:\/\/secure.gravatar.com\/avatar\/de1c686c2ecc9c5a3f327e3431d819eb39f8f05d4e1045f5a1caad6daaba987f?s=96&d=mm&r=g","caption":"Equipe MH"}}]}},"_links":{"self":[{"href":"https:\/\/mhcalculos.com.br\/noticias\/wp-json\/wp\/v2\/posts\/7784","targetHints":{"allow":["GET"]}}],"collection":[{"href":"https:\/\/mhcalculos.com.br\/noticias\/wp-json\/wp\/v2\/posts"}],"about":[{"href":"https:\/\/mhcalculos.com.br\/noticias\/wp-json\/wp\/v2\/types\/post"}],"author":[{"embeddable":true,"href":"https:\/\/mhcalculos.com.br\/noticias\/wp-json\/wp\/v2\/users\/3063"}],"replies":[{"embeddable":true,"href":"https:\/\/mhcalculos.com.br\/noticias\/wp-json\/wp\/v2\/comments?post=7784"}],"version-history":[{"count":1,"href":"https:\/\/mhcalculos.com.br\/noticias\/wp-json\/wp\/v2\/posts\/7784\/revisions"}],"predecessor-version":[{"id":8625,"href":"https:\/\/mhcalculos.com.br\/noticias\/wp-json\/wp\/v2\/posts\/7784\/revisions\/8625"}],"wp:featuredmedia":[{"embeddable":true,"href":"https:\/\/mhcalculos.com.br\/noticias\/wp-json\/wp\/v2\/media\/3480"}],"wp:attachment":[{"href":"https:\/\/mhcalculos.com.br\/noticias\/wp-json\/wp\/v2\/media?parent=7784"}],"wp:term":[{"taxonomy":"category","embeddable":true,"href":"https:\/\/mhcalculos.com.br\/noticias\/wp-json\/wp\/v2\/categories?post=7784"},{"taxonomy":"post_tag","embeddable":true,"href":"https:\/\/mhcalculos.com.br\/noticias\/wp-json\/wp\/v2\/tags?post=7784"}],"curies":[{"name":"wp","href":"https:\/\/api.w.org\/{rel}","templated":true}]}}