{"id":7778,"date":"2020-12-20T01:05:31","date_gmt":"2020-12-20T04:05:31","guid":{"rendered":"https:\/\/mhcalculos.com.br\/noticias\/area\/previdenciario\/stf-stf-julga-constitucional-norma-de-sc-que-estabelece-prazo-para-processos-no-tce.html"},"modified":"2021-07-28T14:28:24","modified_gmt":"2021-07-28T17:28:24","slug":"stf-stf-julga-constitucional-norma-de-sc-que-estabelece-prazo-para-processos-no-tce","status":"publish","type":"post","link":"https:\/\/mhcalculos.com.br\/noticias\/area\/previdenciario\/stf-stf-julga-constitucional-norma-de-sc-que-estabelece-prazo-para-processos-no-tce.html","title":{"rendered":"STF: STF julga constitucional norma de SC que estabelece prazo para processos no TCE"},"content":{"rendered":"<p><br \/>\n<\/p>\n<p>Por maioria de votos, o Supremo Tribunal Federal (STF) manteve a efic\u00e1cia da Lei Complementar estadual 588\/2013 de Santa Catarina, que instituiu prazo de prescri\u00e7\u00e3o para processos administrativos submetidos \u00e0 aprecia\u00e7\u00e3o do Tribunal de Contas estadual (TCE-SC). O colegiado, na sess\u00e3o virtual encerrada em 14\/12, julgou improcedente a A\u00e7\u00e3o Direta de Inconstitucionalidade (ADI) 5259, ajuizada pela Procuradoria-Geral da Rep\u00fablica (PGR).<\/p>\n<p><b>Prazo<\/b><\/p>\n<p>A lei questionada, ao acrescentar o artigo 24-A \u00e0 Lei Complementar estadual 202\/2000, estabeleceu o prazo de cinco anos para an\u00e1lise e julgamento de todos os processos administrativos relativos a administradores e demais respons\u00e1veis que praticarem il\u00edcitos ofensivos ao er\u00e1rio. Ap\u00f3s esse per\u00edodo, o processo ser\u00e1 considerado extinto, sem julgamento do m\u00e9rito, com baixa autom\u00e1tica da responsabilidade do administrador ou respons\u00e1vel. Para a PGR, a norma contraria o par\u00e1grafo 5&ordm; do artigo 37 da Constitui\u00e7\u00e3o da Rep\u00fablica, que estabelece a imprescritibilidade dos processos de ressarcimento de danos causados ao er\u00e1rio.<\/p>\n<p><b>Compet\u00eancia estadual<\/b><\/p>\n<p>O colegiado acompanhou entendimento do relator, ministro Marco Aur\u00e9lio, de que a fixa\u00e7\u00e3o de prazo para an\u00e1lise e julgamento de processos administrativos em curso no Tribunal de Contas n\u00e3o \u00e9 incompat\u00edvel com a Constitui\u00e7\u00e3o. De acordo com o artigo 37, par\u00e1grafo 5&ordm;, da Carta, a lei estabelecer\u00e1 os prazos de prescri\u00e7\u00e3o para il\u00edcitos praticados por qualquer agente, servidor ou n\u00e3o, que causem preju\u00edzo ao er\u00e1rio, ressalvadas a\u00e7\u00f5es de ressarcimento.<\/p>\n<p>Segundo o ministro Marco Aur\u00e9lio, a lei catarinense n\u00e3o versa prazo desse instituto, apenas limita-se a assinar per\u00edodo para que o Tribunal de Contas atue. Em seu entendimento, o legislador estadual atuou com base em sua compet\u00eancia prevista no artigo 24, inciso I, do texto constitucional, para disciplinar o funcionamento de \u00f3rg\u00e3o de sua estrutura e tratar de normas de direito financeiro. Para ele, as normas &quot;visam atribuir maior responsabilidade ao \u00d3rg\u00e3o de Contas, para que atue a modo e a tempo&quot;.<\/p>\n<p><b>Jurisprud\u00eancia<\/b><\/p>\n<p>Ao acompanhar o relator, o ministro Alexandre de Moraes acrescentou que, no julgamento do Recurso Extraordin\u00e1rio (RE) 636886, com repercuss\u00e3o geral, o STF entendeu que a pretens\u00e3o de ressarcimento ao er\u00e1rio fundada em decis\u00e3o de Tribunal de Contas \u00e9 prescrit\u00edvel. Lembrou ainda que, no julgamento do RE 636553, tamb\u00e9m com repercuss\u00e3o geral, o Tribunal deliberou que o prazo para revis\u00e3o da legalidade do ato da aposentadoria pelos Tribunais de Contas \u00e9 de cinco anos. Portanto, o legislador de Santa Catarina, ao delimitar prazos para a atua\u00e7\u00e3o do Tribunal de Contas estadual, atuou de acordo com a jurisprud\u00eancia do STF.<\/p>\n<p>Ficaram vencidos o ministro Edson Fachin e a ministra Rosa Weber, que votaram pela proced\u00eancia da a\u00e7\u00e3o para excluir do campo de incid\u00eancia da norma os casos de ressarcimento de danos causados ao er\u00e1rio decorrentes de atos de improbidade administrativa.<\/p>\n<p><b>Leia mais:<\/b><\/p>\n<p>14\/4\/2015 &#8211; <a href=\"http:\/\/portal.stf.jus.br\/noticias\/verNoticiaDetalhe.asp?idConteudo=289414&amp;amp;ori=1\" target=\"_blank\" rel=\"noopener noreferrer\">ADI sobre prescri\u00e7\u00e3o administrativa de processos no TCE-SC tramitar\u00e1 sob rito abreviado<\/a><\/p>\n<p>&nbsp;<\/p>\n<p><i>Com informa\u00e7\u00f5es da assessoria de imprensa do STF.<\/i><br \/>\n<br \/><br \/>\n<br \/><a href=\"http:\/\/www.stf.jus.br\/portal\/cms\/verNoticiaDetalhe.asp?idConteudo=457537\">Fonte<\/a><\/p>\n","protected":false},"excerpt":{"rendered":"<p>Por maioria de votos, o Supremo Tribunal Federal (STF) manteve a efic\u00e1cia da Lei Complementar estadual 588\/2013 de Santa Catarina, que instituiu prazo de prescri\u00e7\u00e3o para processos administrativos submetidos \u00e0 aprecia\u00e7\u00e3o do Tribunal de Contas estadual (TCE-SC). O colegiado, na sess\u00e3o virtual encerrada em 14\/12, julgou improcedente a A\u00e7\u00e3o Direta de Inconstitucionalidade (ADI) 5259, ajuizada [&hellip;]<\/p>\n","protected":false},"author":3063,"featured_media":7270,"comment_status":"open","ping_status":"open","sticky":false,"template":"","format":"standard","meta":{"footnotes":""},"categories":[5,15],"tags":[11,10,8,13,9,12,16],"class_list":{"0":"post-7778","1":"post","2":"type-post","3":"status-publish","4":"format-standard","5":"has-post-thumbnail","7":"category-previdenciario","8":"category-stf","9":"tag-aposentadoria","10":"tag-calculos-previdenciarios","11":"tag-direito-previdenciario","12":"tag-inss","13":"tag-pericia","14":"tag-perito","15":"tag-stf"},"yoast_head":"<!-- This site is optimized with the Yoast SEO plugin v27.2 - https:\/\/yoast.com\/product\/yoast-seo-wordpress\/ -->\n<title>STF: STF julga constitucional norma de SC que estabelece prazo para processos no TCE | Portal de Not\u00edcias<\/title>\n<meta name=\"robots\" content=\"index, follow, max-snippet:-1, max-image-preview:large, max-video-preview:-1\" \/>\n<link rel=\"canonical\" href=\"https:\/\/mhcalculos.com.br\/noticias\/area\/previdenciario\/stf-stf-julga-constitucional-norma-de-sc-que-estabelece-prazo-para-processos-no-tce.html\" \/>\n<meta property=\"og:locale\" content=\"pt_BR\" \/>\n<meta property=\"og:type\" content=\"article\" \/>\n<meta property=\"og:title\" content=\"STF: STF julga constitucional norma de SC que estabelece prazo para processos no TCE | Portal de Not\u00edcias\" \/>\n<meta property=\"og:description\" content=\"Por maioria de votos, o Supremo Tribunal Federal (STF) manteve a efic\u00e1cia da Lei Complementar estadual 588\/2013 de Santa Catarina, que instituiu prazo de prescri\u00e7\u00e3o para processos administrativos submetidos \u00e0 aprecia\u00e7\u00e3o do Tribunal de Contas estadual (TCE-SC). O colegiado, na sess\u00e3o virtual encerrada em 14\/12, julgou improcedente a A\u00e7\u00e3o Direta de Inconstitucionalidade (ADI) 5259, ajuizada [&hellip;]\" \/>\n<meta property=\"og:url\" content=\"https:\/\/mhcalculos.com.br\/noticias\/area\/previdenciario\/stf-stf-julga-constitucional-norma-de-sc-que-estabelece-prazo-para-processos-no-tce.html\" \/>\n<meta property=\"og:site_name\" content=\"Portal de Not\u00edcias\" \/>\n<meta property=\"article:published_time\" content=\"2020-12-20T04:05:31+00:00\" \/>\n<meta property=\"article:modified_time\" content=\"2021-07-28T17:28:24+00:00\" \/>\n<meta property=\"og:image\" content=\"https:\/\/mhcalculos.com.br\/noticias\/wp-content\/uploads\/sites\/2\/2020\/06\/previdenciario-0034.jpgraw1.jpeg\" \/>\n\t<meta property=\"og:image:width\" content=\"2000\" \/>\n\t<meta property=\"og:image:height\" content=\"800\" \/>\n\t<meta property=\"og:image:type\" content=\"image\/jpeg\" \/>\n<meta name=\"author\" content=\"Equipe MH\" \/>\n<meta name=\"twitter:card\" content=\"summary_large_image\" \/>\n<meta name=\"twitter:label1\" content=\"Escrito por\" \/>\n\t<meta name=\"twitter:data1\" content=\"Equipe MH\" \/>\n\t<meta name=\"twitter:label2\" content=\"Est. tempo de leitura\" \/>\n\t<meta name=\"twitter:data2\" content=\"3 minutos\" \/>\n<script type=\"application\/ld+json\" class=\"yoast-schema-graph\">{\"@context\":\"https:\/\/schema.org\",\"@graph\":[{\"@type\":\"Article\",\"@id\":\"https:\/\/mhcalculos.com.br\/noticias\/area\/previdenciario\/stf-stf-julga-constitucional-norma-de-sc-que-estabelece-prazo-para-processos-no-tce.html#article\",\"isPartOf\":{\"@id\":\"https:\/\/mhcalculos.com.br\/noticias\/area\/previdenciario\/stf-stf-julga-constitucional-norma-de-sc-que-estabelece-prazo-para-processos-no-tce.html\"},\"author\":{\"name\":\"Equipe MH\",\"@id\":\"https:\/\/mhcalculos.com.br\/noticias\/#\/schema\/person\/88d1c34bf72dc779ea14a5a6b8e0ae8d\"},\"headline\":\"STF: STF julga constitucional norma de SC que estabelece prazo para processos no TCE\",\"datePublished\":\"2020-12-20T04:05:31+00:00\",\"dateModified\":\"2021-07-28T17:28:24+00:00\",\"mainEntityOfPage\":{\"@id\":\"https:\/\/mhcalculos.com.br\/noticias\/area\/previdenciario\/stf-stf-julga-constitucional-norma-de-sc-que-estabelece-prazo-para-processos-no-tce.html\"},\"wordCount\":530,\"commentCount\":0,\"image\":{\"@id\":\"https:\/\/mhcalculos.com.br\/noticias\/area\/previdenciario\/stf-stf-julga-constitucional-norma-de-sc-que-estabelece-prazo-para-processos-no-tce.html#primaryimage\"},\"thumbnailUrl\":\"https:\/\/mhcalculos.com.br\/noticias\/wp-content\/uploads\/sites\/2\/2020\/06\/previdenciario-0034.jpgraw1.jpeg\",\"keywords\":[\"aposentadoria\",\"c\u00e1lculos previdenci\u00e1rios\",\"direito previdenci\u00e1rio\",\"inss\",\"per\u00edcia\",\"perito\",\"stf\"],\"articleSection\":[\"Direito Previdenci\u00e1rio\",\"STF\"],\"inLanguage\":\"pt-BR\",\"potentialAction\":[{\"@type\":\"CommentAction\",\"name\":\"Comment\",\"target\":[\"https:\/\/mhcalculos.com.br\/noticias\/area\/previdenciario\/stf-stf-julga-constitucional-norma-de-sc-que-estabelece-prazo-para-processos-no-tce.html#respond\"]}]},{\"@type\":\"WebPage\",\"@id\":\"https:\/\/mhcalculos.com.br\/noticias\/area\/previdenciario\/stf-stf-julga-constitucional-norma-de-sc-que-estabelece-prazo-para-processos-no-tce.html\",\"url\":\"https:\/\/mhcalculos.com.br\/noticias\/area\/previdenciario\/stf-stf-julga-constitucional-norma-de-sc-que-estabelece-prazo-para-processos-no-tce.html\",\"name\":\"STF: STF julga constitucional norma de SC que estabelece prazo para processos no TCE | Portal de Not\u00edcias\",\"isPartOf\":{\"@id\":\"https:\/\/mhcalculos.com.br\/noticias\/#website\"},\"primaryImageOfPage\":{\"@id\":\"https:\/\/mhcalculos.com.br\/noticias\/area\/previdenciario\/stf-stf-julga-constitucional-norma-de-sc-que-estabelece-prazo-para-processos-no-tce.html#primaryimage\"},\"image\":{\"@id\":\"https:\/\/mhcalculos.com.br\/noticias\/area\/previdenciario\/stf-stf-julga-constitucional-norma-de-sc-que-estabelece-prazo-para-processos-no-tce.html#primaryimage\"},\"thumbnailUrl\":\"https:\/\/mhcalculos.com.br\/noticias\/wp-content\/uploads\/sites\/2\/2020\/06\/previdenciario-0034.jpgraw1.jpeg\",\"datePublished\":\"2020-12-20T04:05:31+00:00\",\"dateModified\":\"2021-07-28T17:28:24+00:00\",\"author\":{\"@id\":\"https:\/\/mhcalculos.com.br\/noticias\/#\/schema\/person\/88d1c34bf72dc779ea14a5a6b8e0ae8d\"},\"breadcrumb\":{\"@id\":\"https:\/\/mhcalculos.com.br\/noticias\/area\/previdenciario\/stf-stf-julga-constitucional-norma-de-sc-que-estabelece-prazo-para-processos-no-tce.html#breadcrumb\"},\"inLanguage\":\"pt-BR\",\"potentialAction\":[{\"@type\":\"ReadAction\",\"target\":[\"https:\/\/mhcalculos.com.br\/noticias\/area\/previdenciario\/stf-stf-julga-constitucional-norma-de-sc-que-estabelece-prazo-para-processos-no-tce.html\"]}]},{\"@type\":\"ImageObject\",\"inLanguage\":\"pt-BR\",\"@id\":\"https:\/\/mhcalculos.com.br\/noticias\/area\/previdenciario\/stf-stf-julga-constitucional-norma-de-sc-que-estabelece-prazo-para-processos-no-tce.html#primaryimage\",\"url\":\"https:\/\/mhcalculos.com.br\/noticias\/wp-content\/uploads\/sites\/2\/2020\/06\/previdenciario-0034.jpgraw1.jpeg\",\"contentUrl\":\"https:\/\/mhcalculos.com.br\/noticias\/wp-content\/uploads\/sites\/2\/2020\/06\/previdenciario-0034.jpgraw1.jpeg\",\"width\":2000,\"height\":800},{\"@type\":\"BreadcrumbList\",\"@id\":\"https:\/\/mhcalculos.com.br\/noticias\/area\/previdenciario\/stf-stf-julga-constitucional-norma-de-sc-que-estabelece-prazo-para-processos-no-tce.html#breadcrumb\",\"itemListElement\":[{\"@type\":\"ListItem\",\"position\":1,\"name\":\"In\u00edcio\",\"item\":\"https:\/\/mhcalculos.com.br\/noticias\/\"},{\"@type\":\"ListItem\",\"position\":2,\"name\":\"STF: STF julga constitucional norma de SC que estabelece prazo para processos no TCE\"}]},{\"@type\":\"WebSite\",\"@id\":\"https:\/\/mhcalculos.com.br\/noticias\/#website\",\"url\":\"https:\/\/mhcalculos.com.br\/noticias\/\",\"name\":\"Portal de Not\u00edcias\",\"description\":\"Not\u00edcias e Jurisprud\u00eancia\",\"potentialAction\":[{\"@type\":\"SearchAction\",\"target\":{\"@type\":\"EntryPoint\",\"urlTemplate\":\"https:\/\/mhcalculos.com.br\/noticias\/?s={search_term_string}\"},\"query-input\":{\"@type\":\"PropertyValueSpecification\",\"valueRequired\":true,\"valueName\":\"search_term_string\"}}],\"inLanguage\":\"pt-BR\"},{\"@type\":\"Person\",\"@id\":\"https:\/\/mhcalculos.com.br\/noticias\/#\/schema\/person\/88d1c34bf72dc779ea14a5a6b8e0ae8d\",\"name\":\"Equipe MH\",\"image\":{\"@type\":\"ImageObject\",\"inLanguage\":\"pt-BR\",\"@id\":\"https:\/\/secure.gravatar.com\/avatar\/de1c686c2ecc9c5a3f327e3431d819eb39f8f05d4e1045f5a1caad6daaba987f?s=96&d=mm&r=g\",\"url\":\"https:\/\/secure.gravatar.com\/avatar\/de1c686c2ecc9c5a3f327e3431d819eb39f8f05d4e1045f5a1caad6daaba987f?s=96&d=mm&r=g\",\"contentUrl\":\"https:\/\/secure.gravatar.com\/avatar\/de1c686c2ecc9c5a3f327e3431d819eb39f8f05d4e1045f5a1caad6daaba987f?s=96&d=mm&r=g\",\"caption\":\"Equipe MH\"}}]}<\/script>\n<!-- \/ Yoast SEO plugin. -->","yoast_head_json":{"title":"STF: STF julga constitucional norma de SC que estabelece prazo para processos no TCE | Portal de Not\u00edcias","robots":{"index":"index","follow":"follow","max-snippet":"max-snippet:-1","max-image-preview":"max-image-preview:large","max-video-preview":"max-video-preview:-1"},"canonical":"https:\/\/mhcalculos.com.br\/noticias\/area\/previdenciario\/stf-stf-julga-constitucional-norma-de-sc-que-estabelece-prazo-para-processos-no-tce.html","og_locale":"pt_BR","og_type":"article","og_title":"STF: STF julga constitucional norma de SC que estabelece prazo para processos no TCE | Portal de Not\u00edcias","og_description":"Por maioria de votos, o Supremo Tribunal Federal (STF) manteve a efic\u00e1cia da Lei Complementar estadual 588\/2013 de Santa Catarina, que instituiu prazo de prescri\u00e7\u00e3o para processos administrativos submetidos \u00e0 aprecia\u00e7\u00e3o do Tribunal de Contas estadual (TCE-SC). O colegiado, na sess\u00e3o virtual encerrada em 14\/12, julgou improcedente a A\u00e7\u00e3o Direta de Inconstitucionalidade (ADI) 5259, ajuizada [&hellip;]","og_url":"https:\/\/mhcalculos.com.br\/noticias\/area\/previdenciario\/stf-stf-julga-constitucional-norma-de-sc-que-estabelece-prazo-para-processos-no-tce.html","og_site_name":"Portal de Not\u00edcias","article_published_time":"2020-12-20T04:05:31+00:00","article_modified_time":"2021-07-28T17:28:24+00:00","og_image":[{"width":2000,"height":800,"url":"https:\/\/mhcalculos.com.br\/noticias\/wp-content\/uploads\/sites\/2\/2020\/06\/previdenciario-0034.jpgraw1.jpeg","type":"image\/jpeg"}],"author":"Equipe MH","twitter_card":"summary_large_image","twitter_misc":{"Escrito por":"Equipe MH","Est. tempo de leitura":"3 minutos"},"schema":{"@context":"https:\/\/schema.org","@graph":[{"@type":"Article","@id":"https:\/\/mhcalculos.com.br\/noticias\/area\/previdenciario\/stf-stf-julga-constitucional-norma-de-sc-que-estabelece-prazo-para-processos-no-tce.html#article","isPartOf":{"@id":"https:\/\/mhcalculos.com.br\/noticias\/area\/previdenciario\/stf-stf-julga-constitucional-norma-de-sc-que-estabelece-prazo-para-processos-no-tce.html"},"author":{"name":"Equipe MH","@id":"https:\/\/mhcalculos.com.br\/noticias\/#\/schema\/person\/88d1c34bf72dc779ea14a5a6b8e0ae8d"},"headline":"STF: STF julga constitucional norma de SC que estabelece prazo para processos no TCE","datePublished":"2020-12-20T04:05:31+00:00","dateModified":"2021-07-28T17:28:24+00:00","mainEntityOfPage":{"@id":"https:\/\/mhcalculos.com.br\/noticias\/area\/previdenciario\/stf-stf-julga-constitucional-norma-de-sc-que-estabelece-prazo-para-processos-no-tce.html"},"wordCount":530,"commentCount":0,"image":{"@id":"https:\/\/mhcalculos.com.br\/noticias\/area\/previdenciario\/stf-stf-julga-constitucional-norma-de-sc-que-estabelece-prazo-para-processos-no-tce.html#primaryimage"},"thumbnailUrl":"https:\/\/mhcalculos.com.br\/noticias\/wp-content\/uploads\/sites\/2\/2020\/06\/previdenciario-0034.jpgraw1.jpeg","keywords":["aposentadoria","c\u00e1lculos previdenci\u00e1rios","direito previdenci\u00e1rio","inss","per\u00edcia","perito","stf"],"articleSection":["Direito Previdenci\u00e1rio","STF"],"inLanguage":"pt-BR","potentialAction":[{"@type":"CommentAction","name":"Comment","target":["https:\/\/mhcalculos.com.br\/noticias\/area\/previdenciario\/stf-stf-julga-constitucional-norma-de-sc-que-estabelece-prazo-para-processos-no-tce.html#respond"]}]},{"@type":"WebPage","@id":"https:\/\/mhcalculos.com.br\/noticias\/area\/previdenciario\/stf-stf-julga-constitucional-norma-de-sc-que-estabelece-prazo-para-processos-no-tce.html","url":"https:\/\/mhcalculos.com.br\/noticias\/area\/previdenciario\/stf-stf-julga-constitucional-norma-de-sc-que-estabelece-prazo-para-processos-no-tce.html","name":"STF: STF julga constitucional norma de SC que estabelece prazo para processos no TCE | Portal de Not\u00edcias","isPartOf":{"@id":"https:\/\/mhcalculos.com.br\/noticias\/#website"},"primaryImageOfPage":{"@id":"https:\/\/mhcalculos.com.br\/noticias\/area\/previdenciario\/stf-stf-julga-constitucional-norma-de-sc-que-estabelece-prazo-para-processos-no-tce.html#primaryimage"},"image":{"@id":"https:\/\/mhcalculos.com.br\/noticias\/area\/previdenciario\/stf-stf-julga-constitucional-norma-de-sc-que-estabelece-prazo-para-processos-no-tce.html#primaryimage"},"thumbnailUrl":"https:\/\/mhcalculos.com.br\/noticias\/wp-content\/uploads\/sites\/2\/2020\/06\/previdenciario-0034.jpgraw1.jpeg","datePublished":"2020-12-20T04:05:31+00:00","dateModified":"2021-07-28T17:28:24+00:00","author":{"@id":"https:\/\/mhcalculos.com.br\/noticias\/#\/schema\/person\/88d1c34bf72dc779ea14a5a6b8e0ae8d"},"breadcrumb":{"@id":"https:\/\/mhcalculos.com.br\/noticias\/area\/previdenciario\/stf-stf-julga-constitucional-norma-de-sc-que-estabelece-prazo-para-processos-no-tce.html#breadcrumb"},"inLanguage":"pt-BR","potentialAction":[{"@type":"ReadAction","target":["https:\/\/mhcalculos.com.br\/noticias\/area\/previdenciario\/stf-stf-julga-constitucional-norma-de-sc-que-estabelece-prazo-para-processos-no-tce.html"]}]},{"@type":"ImageObject","inLanguage":"pt-BR","@id":"https:\/\/mhcalculos.com.br\/noticias\/area\/previdenciario\/stf-stf-julga-constitucional-norma-de-sc-que-estabelece-prazo-para-processos-no-tce.html#primaryimage","url":"https:\/\/mhcalculos.com.br\/noticias\/wp-content\/uploads\/sites\/2\/2020\/06\/previdenciario-0034.jpgraw1.jpeg","contentUrl":"https:\/\/mhcalculos.com.br\/noticias\/wp-content\/uploads\/sites\/2\/2020\/06\/previdenciario-0034.jpgraw1.jpeg","width":2000,"height":800},{"@type":"BreadcrumbList","@id":"https:\/\/mhcalculos.com.br\/noticias\/area\/previdenciario\/stf-stf-julga-constitucional-norma-de-sc-que-estabelece-prazo-para-processos-no-tce.html#breadcrumb","itemListElement":[{"@type":"ListItem","position":1,"name":"In\u00edcio","item":"https:\/\/mhcalculos.com.br\/noticias\/"},{"@type":"ListItem","position":2,"name":"STF: STF julga constitucional norma de SC que estabelece prazo para processos no TCE"}]},{"@type":"WebSite","@id":"https:\/\/mhcalculos.com.br\/noticias\/#website","url":"https:\/\/mhcalculos.com.br\/noticias\/","name":"Portal de Not\u00edcias","description":"Not\u00edcias e Jurisprud\u00eancia","potentialAction":[{"@type":"SearchAction","target":{"@type":"EntryPoint","urlTemplate":"https:\/\/mhcalculos.com.br\/noticias\/?s={search_term_string}"},"query-input":{"@type":"PropertyValueSpecification","valueRequired":true,"valueName":"search_term_string"}}],"inLanguage":"pt-BR"},{"@type":"Person","@id":"https:\/\/mhcalculos.com.br\/noticias\/#\/schema\/person\/88d1c34bf72dc779ea14a5a6b8e0ae8d","name":"Equipe MH","image":{"@type":"ImageObject","inLanguage":"pt-BR","@id":"https:\/\/secure.gravatar.com\/avatar\/de1c686c2ecc9c5a3f327e3431d819eb39f8f05d4e1045f5a1caad6daaba987f?s=96&d=mm&r=g","url":"https:\/\/secure.gravatar.com\/avatar\/de1c686c2ecc9c5a3f327e3431d819eb39f8f05d4e1045f5a1caad6daaba987f?s=96&d=mm&r=g","contentUrl":"https:\/\/secure.gravatar.com\/avatar\/de1c686c2ecc9c5a3f327e3431d819eb39f8f05d4e1045f5a1caad6daaba987f?s=96&d=mm&r=g","caption":"Equipe MH"}}]}},"_links":{"self":[{"href":"https:\/\/mhcalculos.com.br\/noticias\/wp-json\/wp\/v2\/posts\/7778","targetHints":{"allow":["GET"]}}],"collection":[{"href":"https:\/\/mhcalculos.com.br\/noticias\/wp-json\/wp\/v2\/posts"}],"about":[{"href":"https:\/\/mhcalculos.com.br\/noticias\/wp-json\/wp\/v2\/types\/post"}],"author":[{"embeddable":true,"href":"https:\/\/mhcalculos.com.br\/noticias\/wp-json\/wp\/v2\/users\/3063"}],"replies":[{"embeddable":true,"href":"https:\/\/mhcalculos.com.br\/noticias\/wp-json\/wp\/v2\/comments?post=7778"}],"version-history":[{"count":1,"href":"https:\/\/mhcalculos.com.br\/noticias\/wp-json\/wp\/v2\/posts\/7778\/revisions"}],"predecessor-version":[{"id":8635,"href":"https:\/\/mhcalculos.com.br\/noticias\/wp-json\/wp\/v2\/posts\/7778\/revisions\/8635"}],"wp:featuredmedia":[{"embeddable":true,"href":"https:\/\/mhcalculos.com.br\/noticias\/wp-json\/wp\/v2\/media\/7270"}],"wp:attachment":[{"href":"https:\/\/mhcalculos.com.br\/noticias\/wp-json\/wp\/v2\/media?parent=7778"}],"wp:term":[{"taxonomy":"category","embeddable":true,"href":"https:\/\/mhcalculos.com.br\/noticias\/wp-json\/wp\/v2\/categories?post=7778"},{"taxonomy":"post_tag","embeddable":true,"href":"https:\/\/mhcalculos.com.br\/noticias\/wp-json\/wp\/v2\/tags?post=7778"}],"curies":[{"name":"wp","href":"https:\/\/api.w.org\/{rel}","templated":true}]}}