{"id":7772,"date":"2020-12-18T12:05:13","date_gmt":"2020-12-18T15:05:13","guid":{"rendered":"https:\/\/mhcalculos.com.br\/noticias\/tribunais\/stf\/stf-stf-julga-em-2020-numero-recorde-de-recursos-com-repercussao-geral.html"},"modified":"2021-07-28T14:28:24","modified_gmt":"2021-07-28T17:28:24","slug":"stf-stf-julga-em-2020-numero-recorde-de-recursos-com-repercussao-geral","status":"publish","type":"post","link":"https:\/\/mhcalculos.com.br\/noticias\/tribunais\/stf\/stf-stf-julga-em-2020-numero-recorde-de-recursos-com-repercussao-geral.html","title":{"rendered":"STF: STF julga em 2020 n\u00famero recorde de recursos com repercuss\u00e3o geral"},"content":{"rendered":"<p><br \/>\n<\/p>\n<p>Em 2020, o Supremo Tribunal Federal (STF) registrou um recorde hist\u00f3rico no julgamento de recursos extraordin\u00e1rios com repercuss\u00e3o geral reconhecida. Foram 128 temas com m\u00e9rito julgado, cujo resultado possibilita um efeito multiplicador de resolu\u00e7\u00e3o de demandas em todas as inst\u00e2ncias judiciais.<\/p>\n<p>Institu\u00edda pela Emenda Constitucional 45\/2004 e regulamentada pelo C\u00f3digo de Processo Civil (CPC), a repercuss\u00e3o geral para o recurso extraordin\u00e1rio representou uma nova forma de julgamento no Supremo Tribunal Federal em que a atua\u00e7\u00e3o da Corte se volta completamente para a fixa\u00e7\u00e3o da tese jur\u00eddica e n\u00e3o para o julgamento individualizado de quest\u00f5es que at\u00e9 ent\u00e3o tramitavam na Corte em in\u00fameros recursos extraordin\u00e1rios por diversos anos.<\/p>\n<p>&ldquo;Esse \u00e9 um cen\u00e1rio que impressiona a todos n\u00f3s, pois estamos hoje a comemorar n\u00e3o um aumento de julgamentos da Corte Suprema na casa de milhares. Temos, agora, poucas centenas de julgados que impactar\u00e3o outros milhares nos tribunais e ju\u00edzos do Pa\u00eds inteiro. Isso, com certeza, demonstra o cumprimento da fun\u00e7\u00e3o paradigm\u00e1tica do STF voltada para voca\u00e7\u00e3o de Corte Constitucional formadora de precedentes est\u00e1veis, \u00edntegros e coerentes&rdquo;, destaca o presidente do STF, ministro Luiz Fux.<\/p>\n<p>&ldquo;Muito al\u00e9m de n\u00fameros, o julgamento de recursos extraordin\u00e1rios com repercuss\u00e3o geral reconhecida p\u00f5e fim a controv\u00e9rsias jur\u00eddicas, at\u00e9 ent\u00e3o judicializadas, que impactam diretamente a vida dos brasileiros no exerc\u00edcio de sua cidadania, nas rela\u00e7\u00f5es trabalhistas e contratuais, nas obriga\u00e7\u00f5es tribut\u00e1rias e previdenci\u00e1rias, al\u00e9m de outras infinidades de quest\u00f5es apresentadas ao Poder Judici\u00e1rio que necessitam de uma defini\u00e7\u00e3o do Supremo&rdquo;, complementa o ministro Fux.<\/p>\n<p><b>Celeridade e efici\u00eancia<\/b><\/p>\n<p>Em dezembro de 2020, o STF registra o n\u00famero de 753 recursos extraordin\u00e1rios com repercuss\u00e3o geral reconhecida, 20 temas reconhecidos este ano. Assim, com 208 temas de repercuss\u00e3o geral aguardando julgamento, \u00e9 poss\u00edvel prever que o tribunal, em breve, reduzir\u00e1 muito o quantitativo de temas pendentes de julgamento, acelerando as defini\u00e7\u00f5es jur\u00eddicas que impactam toda a sociedade em tempo menor de tramita\u00e7\u00e3o, conforme estabelece o artigo 1.035, par\u00e1grafo 9&ordm; do CPC.<\/p>\n<p><b>Plen\u00e1rio Virtual<\/b><\/p>\n<p>Dos 128 temas julgados, a grande maioria (104) foi analisada por meio de ambiente virtual, conforme previs\u00e3o da Emenda Regimental 53\/2020, que permitiu a an\u00e1lise do m\u00e9rito de recursos com repercuss\u00e3o geral reconhecida diretamente no Plen\u00e1rio eletr\u00f4nico, que conta com a participa\u00e7\u00e3o de todos os ministros do STF.<\/p>\n<p><b>Continuidade<\/b><\/p>\n<p>O resultado do ano de 2020 demonstra a efici\u00eancia do trabalho realizado pelas seguidas gest\u00f5es da Presid\u00eancia do STF e pelo enorme engajamento dos ministros da Corte. Segundo o secret\u00e1rio-geral da Presid\u00eancia, Pedro Felipe de Oliveira Santos, &ldquo;para o pr\u00f3ximo ano, est\u00e3o planejadas iniciativas em gest\u00e3o e em tecnologia da informa\u00e7\u00e3o com a finalidade direta de apoiar a atividade decis\u00f3ria da Presid\u00eancia e dos ministros, buscando a amplia\u00e7\u00e3o das condi\u00e7\u00f5es para que a jurisdi\u00e7\u00e3o constitucional possa continuar sendo prestada com qualidade e em tempo razo\u00e1vel&rdquo;.<\/p>\n<p>\/\/SG<\/p>\n<p><i>Com informa\u00e7\u00f5es da assessoria de imprensa do STF.<\/i><br \/>\n<br \/><a href=\"http:\/\/www.stf.jus.br\/portal\/cms\/verNoticiaDetalhe.asp?idConteudo=457420\">Fonte<\/a><br \/>\n<br \/><\/p>\n","protected":false},"excerpt":{"rendered":"<p>Em 2020, o Supremo Tribunal Federal (STF) registrou um recorde hist\u00f3rico no julgamento de recursos extraordin\u00e1rios com repercuss\u00e3o geral reconhecida. Foram 128 temas com m\u00e9rito julgado, cujo resultado possibilita um efeito multiplicador de resolu\u00e7\u00e3o de demandas em todas as inst\u00e2ncias judiciais. Institu\u00edda pela Emenda Constitucional 45\/2004 e regulamentada pelo C\u00f3digo de Processo Civil (CPC), a [&hellip;]<\/p>\n","protected":false},"author":3063,"featured_media":7633,"comment_status":"open","ping_status":"open","sticky":false,"template":"","format":"standard","meta":{"footnotes":""},"categories":[18,15],"tags":[32,31,42,30,29,213,9,12,16],"class_list":{"0":"post-7772","1":"post","2":"type-post","3":"status-publish","4":"format-standard","5":"has-post-thumbnail","7":"category-tributario","8":"category-stf","9":"tag-calculos-judiciais","10":"tag-calculos-tributarios","11":"tag-direito-tributario","12":"tag-divida-ativa","13":"tag-fazenda-publica","14":"tag-imposto","15":"tag-pericia","16":"tag-perito","17":"tag-stf"},"yoast_head":"<!-- This site is optimized with the Yoast SEO plugin v27.2 - https:\/\/yoast.com\/product\/yoast-seo-wordpress\/ -->\n<title>STF: STF julga em 2020 n\u00famero recorde de recursos com repercuss\u00e3o geral | Portal de Not\u00edcias<\/title>\n<meta name=\"robots\" content=\"index, follow, max-snippet:-1, max-image-preview:large, max-video-preview:-1\" \/>\n<link rel=\"canonical\" href=\"http:\/\/www.stf.jus.br\/portal\/cms\/verNoticiaDetalhe.asp?idConteudo=457420\" \/>\n<meta property=\"og:locale\" content=\"pt_BR\" \/>\n<meta property=\"og:type\" content=\"article\" \/>\n<meta property=\"og:title\" content=\"STF: STF julga em 2020 n\u00famero recorde de recursos com repercuss\u00e3o geral | Portal de Not\u00edcias\" \/>\n<meta property=\"og:description\" content=\"Em 2020, o Supremo Tribunal Federal (STF) registrou um recorde hist\u00f3rico no julgamento de recursos extraordin\u00e1rios com repercuss\u00e3o geral reconhecida. Foram 128 temas com m\u00e9rito julgado, cujo resultado possibilita um efeito multiplicador de resolu\u00e7\u00e3o de demandas em todas as inst\u00e2ncias judiciais. Institu\u00edda pela Emenda Constitucional 45\/2004 e regulamentada pelo C\u00f3digo de Processo Civil (CPC), a [&hellip;]\" \/>\n<meta property=\"og:url\" content=\"http:\/\/www.stf.jus.br\/portal\/cms\/verNoticiaDetalhe.asp?idConteudo=457420\" \/>\n<meta property=\"og:site_name\" content=\"Portal de Not\u00edcias\" \/>\n<meta property=\"article:published_time\" content=\"2020-12-18T15:05:13+00:00\" \/>\n<meta property=\"article:modified_time\" content=\"2021-07-28T17:28:24+00:00\" \/>\n<meta property=\"og:image\" content=\"https:\/\/mhcalculos.com.br\/noticias\/wp-content\/uploads\/sites\/2\/2020\/10\/judiciario-0039.jpg\" \/>\n\t<meta property=\"og:image:width\" content=\"2000\" \/>\n\t<meta property=\"og:image:height\" content=\"800\" \/>\n\t<meta property=\"og:image:type\" content=\"image\/jpeg\" \/>\n<meta name=\"author\" content=\"Equipe MH\" \/>\n<meta name=\"twitter:card\" content=\"summary_large_image\" \/>\n<meta name=\"twitter:label1\" content=\"Escrito por\" \/>\n\t<meta name=\"twitter:data1\" content=\"Equipe MH\" \/>\n\t<meta name=\"twitter:label2\" content=\"Est. tempo de leitura\" \/>\n\t<meta name=\"twitter:data2\" content=\"3 minutos\" \/>\n<script type=\"application\/ld+json\" class=\"yoast-schema-graph\">{\"@context\":\"https:\/\/schema.org\",\"@graph\":[{\"@type\":\"Article\",\"@id\":\"http:\/\/www.stf.jus.br\/portal\/cms\/verNoticiaDetalhe.asp?idConteudo=457420#article\",\"isPartOf\":{\"@id\":\"https:\/\/mhcalculos.com.br\/noticias\/tribunais\/stf\/stf-stf-julga-em-2020-numero-recorde-de-recursos-com-repercussao-geral.html\"},\"author\":{\"name\":\"Equipe MH\",\"@id\":\"https:\/\/mhcalculos.com.br\/noticias\/#\/schema\/person\/88d1c34bf72dc779ea14a5a6b8e0ae8d\"},\"headline\":\"STF: STF julga em 2020 n\u00famero recorde de recursos com repercuss\u00e3o geral\",\"datePublished\":\"2020-12-18T15:05:13+00:00\",\"dateModified\":\"2021-07-28T17:28:24+00:00\",\"mainEntityOfPage\":{\"@id\":\"https:\/\/mhcalculos.com.br\/noticias\/tribunais\/stf\/stf-stf-julga-em-2020-numero-recorde-de-recursos-com-repercussao-geral.html\"},\"wordCount\":552,\"commentCount\":0,\"image\":{\"@id\":\"http:\/\/www.stf.jus.br\/portal\/cms\/verNoticiaDetalhe.asp?idConteudo=457420#primaryimage\"},\"thumbnailUrl\":\"https:\/\/mhcalculos.com.br\/noticias\/wp-content\/uploads\/sites\/2\/2020\/10\/judiciario-0039.jpg\",\"keywords\":[\"c\u00e1lculos judiciais\",\"c\u00e1lculos tribut\u00e1rios\",\"direito tribut\u00e1rio\",\"d\u00edvida ativa\",\"fazenda p\u00fablica\",\"Imposto\",\"per\u00edcia\",\"perito\",\"stf\"],\"articleSection\":[\"Direito Tribut\u00e1rio\",\"STF\"],\"inLanguage\":\"pt-BR\",\"potentialAction\":[{\"@type\":\"CommentAction\",\"name\":\"Comment\",\"target\":[\"http:\/\/www.stf.jus.br\/portal\/cms\/verNoticiaDetalhe.asp?idConteudo=457420#respond\"]}]},{\"@type\":\"WebPage\",\"@id\":\"https:\/\/mhcalculos.com.br\/noticias\/tribunais\/stf\/stf-stf-julga-em-2020-numero-recorde-de-recursos-com-repercussao-geral.html\",\"url\":\"http:\/\/www.stf.jus.br\/portal\/cms\/verNoticiaDetalhe.asp?idConteudo=457420\",\"name\":\"STF: STF julga em 2020 n\u00famero recorde de recursos com repercuss\u00e3o geral | Portal de Not\u00edcias\",\"isPartOf\":{\"@id\":\"https:\/\/mhcalculos.com.br\/noticias\/#website\"},\"primaryImageOfPage\":{\"@id\":\"http:\/\/www.stf.jus.br\/portal\/cms\/verNoticiaDetalhe.asp?idConteudo=457420#primaryimage\"},\"image\":{\"@id\":\"http:\/\/www.stf.jus.br\/portal\/cms\/verNoticiaDetalhe.asp?idConteudo=457420#primaryimage\"},\"thumbnailUrl\":\"https:\/\/mhcalculos.com.br\/noticias\/wp-content\/uploads\/sites\/2\/2020\/10\/judiciario-0039.jpg\",\"datePublished\":\"2020-12-18T15:05:13+00:00\",\"dateModified\":\"2021-07-28T17:28:24+00:00\",\"author\":{\"@id\":\"https:\/\/mhcalculos.com.br\/noticias\/#\/schema\/person\/88d1c34bf72dc779ea14a5a6b8e0ae8d\"},\"breadcrumb\":{\"@id\":\"http:\/\/www.stf.jus.br\/portal\/cms\/verNoticiaDetalhe.asp?idConteudo=457420#breadcrumb\"},\"inLanguage\":\"pt-BR\",\"potentialAction\":[{\"@type\":\"ReadAction\",\"target\":[\"http:\/\/www.stf.jus.br\/portal\/cms\/verNoticiaDetalhe.asp?idConteudo=457420\"]}]},{\"@type\":\"ImageObject\",\"inLanguage\":\"pt-BR\",\"@id\":\"http:\/\/www.stf.jus.br\/portal\/cms\/verNoticiaDetalhe.asp?idConteudo=457420#primaryimage\",\"url\":\"https:\/\/mhcalculos.com.br\/noticias\/wp-content\/uploads\/sites\/2\/2020\/10\/judiciario-0039.jpg\",\"contentUrl\":\"https:\/\/mhcalculos.com.br\/noticias\/wp-content\/uploads\/sites\/2\/2020\/10\/judiciario-0039.jpg\",\"width\":2000,\"height\":800},{\"@type\":\"BreadcrumbList\",\"@id\":\"http:\/\/www.stf.jus.br\/portal\/cms\/verNoticiaDetalhe.asp?idConteudo=457420#breadcrumb\",\"itemListElement\":[{\"@type\":\"ListItem\",\"position\":1,\"name\":\"In\u00edcio\",\"item\":\"https:\/\/mhcalculos.com.br\/noticias\/\"},{\"@type\":\"ListItem\",\"position\":2,\"name\":\"STF: STF julga em 2020 n\u00famero recorde de recursos com repercuss\u00e3o geral\"}]},{\"@type\":\"WebSite\",\"@id\":\"https:\/\/mhcalculos.com.br\/noticias\/#website\",\"url\":\"https:\/\/mhcalculos.com.br\/noticias\/\",\"name\":\"Portal de Not\u00edcias\",\"description\":\"Not\u00edcias e Jurisprud\u00eancia\",\"potentialAction\":[{\"@type\":\"SearchAction\",\"target\":{\"@type\":\"EntryPoint\",\"urlTemplate\":\"https:\/\/mhcalculos.com.br\/noticias\/?s={search_term_string}\"},\"query-input\":{\"@type\":\"PropertyValueSpecification\",\"valueRequired\":true,\"valueName\":\"search_term_string\"}}],\"inLanguage\":\"pt-BR\"},{\"@type\":\"Person\",\"@id\":\"https:\/\/mhcalculos.com.br\/noticias\/#\/schema\/person\/88d1c34bf72dc779ea14a5a6b8e0ae8d\",\"name\":\"Equipe MH\",\"image\":{\"@type\":\"ImageObject\",\"inLanguage\":\"pt-BR\",\"@id\":\"https:\/\/secure.gravatar.com\/avatar\/de1c686c2ecc9c5a3f327e3431d819eb39f8f05d4e1045f5a1caad6daaba987f?s=96&d=mm&r=g\",\"url\":\"https:\/\/secure.gravatar.com\/avatar\/de1c686c2ecc9c5a3f327e3431d819eb39f8f05d4e1045f5a1caad6daaba987f?s=96&d=mm&r=g\",\"contentUrl\":\"https:\/\/secure.gravatar.com\/avatar\/de1c686c2ecc9c5a3f327e3431d819eb39f8f05d4e1045f5a1caad6daaba987f?s=96&d=mm&r=g\",\"caption\":\"Equipe MH\"}}]}<\/script>\n<!-- \/ Yoast SEO plugin. -->","yoast_head_json":{"title":"STF: STF julga em 2020 n\u00famero recorde de recursos com repercuss\u00e3o geral | Portal de Not\u00edcias","robots":{"index":"index","follow":"follow","max-snippet":"max-snippet:-1","max-image-preview":"max-image-preview:large","max-video-preview":"max-video-preview:-1"},"canonical":"http:\/\/www.stf.jus.br\/portal\/cms\/verNoticiaDetalhe.asp?idConteudo=457420","og_locale":"pt_BR","og_type":"article","og_title":"STF: STF julga em 2020 n\u00famero recorde de recursos com repercuss\u00e3o geral | Portal de Not\u00edcias","og_description":"Em 2020, o Supremo Tribunal Federal (STF) registrou um recorde hist\u00f3rico no julgamento de recursos extraordin\u00e1rios com repercuss\u00e3o geral reconhecida. Foram 128 temas com m\u00e9rito julgado, cujo resultado possibilita um efeito multiplicador de resolu\u00e7\u00e3o de demandas em todas as inst\u00e2ncias judiciais. Institu\u00edda pela Emenda Constitucional 45\/2004 e regulamentada pelo C\u00f3digo de Processo Civil (CPC), a [&hellip;]","og_url":"http:\/\/www.stf.jus.br\/portal\/cms\/verNoticiaDetalhe.asp?idConteudo=457420","og_site_name":"Portal de Not\u00edcias","article_published_time":"2020-12-18T15:05:13+00:00","article_modified_time":"2021-07-28T17:28:24+00:00","og_image":[{"width":2000,"height":800,"url":"https:\/\/mhcalculos.com.br\/noticias\/wp-content\/uploads\/sites\/2\/2020\/10\/judiciario-0039.jpg","type":"image\/jpeg"}],"author":"Equipe MH","twitter_card":"summary_large_image","twitter_misc":{"Escrito por":"Equipe MH","Est. tempo de leitura":"3 minutos"},"schema":{"@context":"https:\/\/schema.org","@graph":[{"@type":"Article","@id":"http:\/\/www.stf.jus.br\/portal\/cms\/verNoticiaDetalhe.asp?idConteudo=457420#article","isPartOf":{"@id":"https:\/\/mhcalculos.com.br\/noticias\/tribunais\/stf\/stf-stf-julga-em-2020-numero-recorde-de-recursos-com-repercussao-geral.html"},"author":{"name":"Equipe MH","@id":"https:\/\/mhcalculos.com.br\/noticias\/#\/schema\/person\/88d1c34bf72dc779ea14a5a6b8e0ae8d"},"headline":"STF: STF julga em 2020 n\u00famero recorde de recursos com repercuss\u00e3o geral","datePublished":"2020-12-18T15:05:13+00:00","dateModified":"2021-07-28T17:28:24+00:00","mainEntityOfPage":{"@id":"https:\/\/mhcalculos.com.br\/noticias\/tribunais\/stf\/stf-stf-julga-em-2020-numero-recorde-de-recursos-com-repercussao-geral.html"},"wordCount":552,"commentCount":0,"image":{"@id":"http:\/\/www.stf.jus.br\/portal\/cms\/verNoticiaDetalhe.asp?idConteudo=457420#primaryimage"},"thumbnailUrl":"https:\/\/mhcalculos.com.br\/noticias\/wp-content\/uploads\/sites\/2\/2020\/10\/judiciario-0039.jpg","keywords":["c\u00e1lculos judiciais","c\u00e1lculos tribut\u00e1rios","direito tribut\u00e1rio","d\u00edvida ativa","fazenda p\u00fablica","Imposto","per\u00edcia","perito","stf"],"articleSection":["Direito Tribut\u00e1rio","STF"],"inLanguage":"pt-BR","potentialAction":[{"@type":"CommentAction","name":"Comment","target":["http:\/\/www.stf.jus.br\/portal\/cms\/verNoticiaDetalhe.asp?idConteudo=457420#respond"]}]},{"@type":"WebPage","@id":"https:\/\/mhcalculos.com.br\/noticias\/tribunais\/stf\/stf-stf-julga-em-2020-numero-recorde-de-recursos-com-repercussao-geral.html","url":"http:\/\/www.stf.jus.br\/portal\/cms\/verNoticiaDetalhe.asp?idConteudo=457420","name":"STF: STF julga em 2020 n\u00famero recorde de recursos com repercuss\u00e3o geral | Portal de Not\u00edcias","isPartOf":{"@id":"https:\/\/mhcalculos.com.br\/noticias\/#website"},"primaryImageOfPage":{"@id":"http:\/\/www.stf.jus.br\/portal\/cms\/verNoticiaDetalhe.asp?idConteudo=457420#primaryimage"},"image":{"@id":"http:\/\/www.stf.jus.br\/portal\/cms\/verNoticiaDetalhe.asp?idConteudo=457420#primaryimage"},"thumbnailUrl":"https:\/\/mhcalculos.com.br\/noticias\/wp-content\/uploads\/sites\/2\/2020\/10\/judiciario-0039.jpg","datePublished":"2020-12-18T15:05:13+00:00","dateModified":"2021-07-28T17:28:24+00:00","author":{"@id":"https:\/\/mhcalculos.com.br\/noticias\/#\/schema\/person\/88d1c34bf72dc779ea14a5a6b8e0ae8d"},"breadcrumb":{"@id":"http:\/\/www.stf.jus.br\/portal\/cms\/verNoticiaDetalhe.asp?idConteudo=457420#breadcrumb"},"inLanguage":"pt-BR","potentialAction":[{"@type":"ReadAction","target":["http:\/\/www.stf.jus.br\/portal\/cms\/verNoticiaDetalhe.asp?idConteudo=457420"]}]},{"@type":"ImageObject","inLanguage":"pt-BR","@id":"http:\/\/www.stf.jus.br\/portal\/cms\/verNoticiaDetalhe.asp?idConteudo=457420#primaryimage","url":"https:\/\/mhcalculos.com.br\/noticias\/wp-content\/uploads\/sites\/2\/2020\/10\/judiciario-0039.jpg","contentUrl":"https:\/\/mhcalculos.com.br\/noticias\/wp-content\/uploads\/sites\/2\/2020\/10\/judiciario-0039.jpg","width":2000,"height":800},{"@type":"BreadcrumbList","@id":"http:\/\/www.stf.jus.br\/portal\/cms\/verNoticiaDetalhe.asp?idConteudo=457420#breadcrumb","itemListElement":[{"@type":"ListItem","position":1,"name":"In\u00edcio","item":"https:\/\/mhcalculos.com.br\/noticias\/"},{"@type":"ListItem","position":2,"name":"STF: STF julga em 2020 n\u00famero recorde de recursos com repercuss\u00e3o geral"}]},{"@type":"WebSite","@id":"https:\/\/mhcalculos.com.br\/noticias\/#website","url":"https:\/\/mhcalculos.com.br\/noticias\/","name":"Portal de Not\u00edcias","description":"Not\u00edcias e Jurisprud\u00eancia","potentialAction":[{"@type":"SearchAction","target":{"@type":"EntryPoint","urlTemplate":"https:\/\/mhcalculos.com.br\/noticias\/?s={search_term_string}"},"query-input":{"@type":"PropertyValueSpecification","valueRequired":true,"valueName":"search_term_string"}}],"inLanguage":"pt-BR"},{"@type":"Person","@id":"https:\/\/mhcalculos.com.br\/noticias\/#\/schema\/person\/88d1c34bf72dc779ea14a5a6b8e0ae8d","name":"Equipe MH","image":{"@type":"ImageObject","inLanguage":"pt-BR","@id":"https:\/\/secure.gravatar.com\/avatar\/de1c686c2ecc9c5a3f327e3431d819eb39f8f05d4e1045f5a1caad6daaba987f?s=96&d=mm&r=g","url":"https:\/\/secure.gravatar.com\/avatar\/de1c686c2ecc9c5a3f327e3431d819eb39f8f05d4e1045f5a1caad6daaba987f?s=96&d=mm&r=g","contentUrl":"https:\/\/secure.gravatar.com\/avatar\/de1c686c2ecc9c5a3f327e3431d819eb39f8f05d4e1045f5a1caad6daaba987f?s=96&d=mm&r=g","caption":"Equipe MH"}}]}},"_links":{"self":[{"href":"https:\/\/mhcalculos.com.br\/noticias\/wp-json\/wp\/v2\/posts\/7772","targetHints":{"allow":["GET"]}}],"collection":[{"href":"https:\/\/mhcalculos.com.br\/noticias\/wp-json\/wp\/v2\/posts"}],"about":[{"href":"https:\/\/mhcalculos.com.br\/noticias\/wp-json\/wp\/v2\/types\/post"}],"author":[{"embeddable":true,"href":"https:\/\/mhcalculos.com.br\/noticias\/wp-json\/wp\/v2\/users\/3063"}],"replies":[{"embeddable":true,"href":"https:\/\/mhcalculos.com.br\/noticias\/wp-json\/wp\/v2\/comments?post=7772"}],"version-history":[{"count":1,"href":"https:\/\/mhcalculos.com.br\/noticias\/wp-json\/wp\/v2\/posts\/7772\/revisions"}],"predecessor-version":[{"id":8639,"href":"https:\/\/mhcalculos.com.br\/noticias\/wp-json\/wp\/v2\/posts\/7772\/revisions\/8639"}],"wp:featuredmedia":[{"embeddable":true,"href":"https:\/\/mhcalculos.com.br\/noticias\/wp-json\/wp\/v2\/media\/7633"}],"wp:attachment":[{"href":"https:\/\/mhcalculos.com.br\/noticias\/wp-json\/wp\/v2\/media?parent=7772"}],"wp:term":[{"taxonomy":"category","embeddable":true,"href":"https:\/\/mhcalculos.com.br\/noticias\/wp-json\/wp\/v2\/categories?post=7772"},{"taxonomy":"post_tag","embeddable":true,"href":"https:\/\/mhcalculos.com.br\/noticias\/wp-json\/wp\/v2\/tags?post=7772"}],"curies":[{"name":"wp","href":"https:\/\/api.w.org\/{rel}","templated":true}]}}