{"id":7736,"date":"2020-12-07T07:05:31","date_gmt":"2020-12-07T10:05:31","guid":{"rendered":"https:\/\/mhcalculos.com.br\/noticias\/tribunais\/stf\/stf-plenario-comeca-a-discutir-indisponibilidade-de-bens-dos-devedores-da-fazenda-publica.html"},"modified":"2021-07-28T14:28:29","modified_gmt":"2021-07-28T17:28:29","slug":"stf-plenario-comeca-a-discutir-indisponibilidade-de-bens-dos-devedores-da-fazenda-publica","status":"publish","type":"post","link":"https:\/\/mhcalculos.com.br\/noticias\/tribunais\/stf\/stf-plenario-comeca-a-discutir-indisponibilidade-de-bens-dos-devedores-da-fazenda-publica.html","title":{"rendered":"STF: Plen\u00e1rio come\u00e7a a discutir indisponibilidade de bens dos devedores da Fazenda P\u00fablica"},"content":{"rendered":"<p><br \/>\n<\/p>\n<p>O Plen\u00e1rio do Supremo Tribunal Federal (STF) iniciou, nesta quinta-feira (3), o julgamento conjunto de seis A\u00e7\u00f5es Diretas de Inconstitucionalidade (ADIs) em que se discute a possibilidade da Fazenda Nacional poder, administrativamente, colocar o nome de devedores no servi\u00e7o de prote\u00e7\u00e3o ao cr\u00e9dito e averbar a indisponibilidade de bens desses contribuintes para garantir o pagamento dos d\u00e9bitos a serem executados. O ministro Marco Aur\u00e9lio, relator de todas as a\u00e7\u00f5es, foi o \u00fanico a votar e se manifestou pela inconstitucionalidade do artigo 25 da Lei 13.606\/2018, na parte que instituiu esse procedimento tribut\u00e1rio. O julgamento dever\u00e1 ser retomado na sess\u00e3o da pr\u00f3xima quarta-feira (9).<\/p>\n<p>O objeto de questionamento s\u00e3o dispositivos da Lei 13.606\/2018, que alterou a Lei 10.522\/2002 e instituiu o Programa de Regulariza\u00e7\u00e3o Tribut\u00e1ria Rural (PRR) na Secretaria da Receita Federal do Brasil e na Procuradoria-Geral da Fazenda Nacional. As normas possibilitam \u00e0 Fazenda P\u00fablica averbar a certid\u00e3o de d\u00edvida ativa nos \u00f3rg\u00e3os de registro de bens e direitos sujeitos a arresto e penhora, tornando-os indispon\u00edveis. As a\u00e7\u00f5es foram ajuizadas pelo Partido Socialista Brasileiro (ADI 5881), pela Associa\u00e7\u00e3o Brasileira de Atacadistas e Distribuidores de Produtos Industrializados (ADI 5886), pela Confedera\u00e7\u00e3o da Agricultura e Pecu\u00e1ria do Brasil (ADI 5890), pelo Conselho Federal da Ordem dos Advogados do Brasil (ADI 5925), pela Confedera\u00e7\u00e3o Nacional da Ind\u00fastria (ADI 5931) e pela Confedera\u00e7\u00e3o Nacional do Transporte (ADI 5932).<\/p>\n<p><b>Direito de propriedade<\/b><\/p>\n<p>Antes do voto do relator, os advogados Felipe Corr\u00eaa, Felipe Camargo, Gustavo Martins e Mateus Reis e Montenegro ,representantes das partes e das entidades interessadas admitidas no processo sustentaram que a Constitui\u00e7\u00e3o Federal exige edi\u00e7\u00e3o de lei complementar para a regulamenta\u00e7\u00e3o de cr\u00e9dito tribut\u00e1rio. Entre outros pontos, eles alegaram que a Fazenda P\u00fablica n\u00e3o pode impor constri\u00e7\u00e3o do direito \u00e0 propriedade sem qualquer participa\u00e7\u00e3o anterior do Poder Judici\u00e1rio, que \u00e9 um \u00f3rg\u00e3o neutro.<\/p>\n<p><b>Defesa das normas<\/b><\/p>\n<p>O procurador da Fazenda Nacional Fabr\u00edcio de Soller defendeu a validade dos dispositivos, observando que a averba\u00e7\u00e3o preexecut\u00f3ria n\u00e3o expropria bens, pois a indisponibilidade de bens se d\u00e1 de forma tempor\u00e1ria e restrita. Soller salientou que a anota\u00e7\u00e3o no registro de bens e direitos de d\u00e9bito em d\u00edvida ativa da Uni\u00e3o visa evitar fraudes e dar publicidade a terceiros de boa-f\u00e9 e disse que a norma foi editada visando dar maior efici\u00eancia \u00e0 recupera\u00e7\u00e3o do cr\u00e9dito p\u00fablico e descongestionar o Poder Judici\u00e1rio.<\/p>\n<p><b>Arbitrariedade do poder p\u00fablico<\/b><\/p>\n<p>Para o procurador-geral da Rep\u00fablica, Augusto Aras, a medida \u00e9 desproporcional e restringe o direito de propriedade garantido pela Constitui\u00e7\u00e3o Federal, al\u00e9m de violar a reserva da jurisdi\u00e7\u00e3o e o devido processo legal, que n\u00e3o pode ser afastado pelo fisco.<\/p>\n<p><b>Coa\u00e7\u00e3o ao pagamento<\/b><\/p>\n<p>Na avalia\u00e7\u00e3o do ministro Marco Aur\u00e9lio, a medida questionada \u00e9 &ldquo;coercitiva e constritiva&rdquo; e se enquadra no conceito de san\u00e7\u00e3o pol\u00edtica, inadmiss\u00edvel pela ordem constitucional e pela jurisprud\u00eancia consolidada do Supremo. Para o relator, a restri\u00e7\u00e3o \u00e9 desarrazoada e o meio escolhido pelo legislador para satisfazer a obriga\u00e7\u00e3o tribut\u00e1ria \u00e9 ileg\u00edtimo, pois, de forma coercitiva, compele o devedor \u00e0 satisfa\u00e7\u00e3o do d\u00e9bito existente, em viola\u00e7\u00e3o a garantias constitucionais como o devido processo legal, o livre exerc\u00edcio de atividades profissionais e econ\u00f4micas l\u00edcitas e o direito \u00e0 propriedade. Ele avaliou, ainda, que qualquer interven\u00e7\u00e3o estatal excessiva implica afronta ao estado democr\u00e1tico de direito.<\/p>\n<p><b>Amplia\u00e7\u00e3o inconstitucional<\/b><\/p>\n<p>Com base na Constitui\u00e7\u00e3o Federal (artigo 146, inciso III, al\u00ednea &ldquo;b&rdquo;), o ministro Marco Aur\u00e9lio salientou que compete \u00e0 lei complementar estabelecer normas gerais em mat\u00e9ria de legisla\u00e7\u00e3o tribut\u00e1ria. Na sua avalia\u00e7\u00e3o, a norma atacada n\u00e3o se limitou a disciplinar o procedimento para a cobran\u00e7a de tributos, mas ampliou ao Fisco os instrumentos voltados \u00e0 satisfa\u00e7\u00e3o do cr\u00e9dito. De acordo com ele, cabe \u00e0 Fazenda P\u00fablica recorrer aos meios adequados a essa finalidade, &ldquo;abandonando a pr\u00e1tica de fazer justi\u00e7a pelas pr\u00f3prias m\u00e3os, inviabilizando o prosseguimento da atividade econ\u00f4mica mediante a decreta\u00e7\u00e3o unilateral da indisponibilidade de bens e direitos titularizados pelo devedor&rdquo;.<\/p>\n<p><b>Pr\u00e9via manifesta\u00e7\u00e3o judicial<\/b><\/p>\n<p>Para o relator, o afastamento da necessidade de interven\u00e7\u00e3o do Poder Judici\u00e1rio desvirtuou o sistema de cobran\u00e7a da d\u00edvida da Uni\u00e3o. O ministro observou que o artigo 185-A do C\u00f3digo Tribut\u00e1rio Nacional  condiciona a poss\u00edvel indisponibilidade dos contribuintes \u00e0 formaliza\u00e7\u00e3o pr\u00e9via de decis\u00e3o judicial nos casos em que o devedor for devidamente citado, mas n\u00e3o pagar nem apresentar bens \u00e0 penhora, ou em que n\u00e3o forem encontrados bens penhor\u00e1veis. Segundo ele, previs\u00e3o contr\u00e1ria desrespeita os princ\u00edpios da seguran\u00e7a jur\u00eddica, da igualdade de chances e da efetividade da presta\u00e7\u00e3o jurisdicional, &ldquo;que devem ser observados em contraposi\u00e7\u00e3o \u00e0 primazia do cr\u00e9dito p\u00fablico&rdquo;.<\/p>\n<p><span style=\"font-size: smaller\">EC\/CR\/\/CF<\/span><\/p>\n<p>Leia mais:<\/p>\n<p>14\/2\/2018 &#8211; <a href=\"http:\/\/portal.stf.jus.br\/noticias\/verNoticiaDetalhe.asp?idConteudo=369333&amp;ori=1\" target=\"_blank\" rel=\"noopener noreferrer\">STF recebe nova ADI contra lei que permite bloqueio de bens de devedores da Uni\u00e3o<\/a><\/p>\n<p><i>Com informa\u00e7\u00f5es da assessoria de imprensa do STF.<\/i><br \/>\n<br \/><a href=\"http:\/\/www.stf.jus.br\/portal\/cms\/verNoticiaDetalhe.asp?idConteudo=456607\">Fonte<\/a><br \/>\n<br \/><\/p>\n","protected":false},"excerpt":{"rendered":"<p>O Plen\u00e1rio do Supremo Tribunal Federal (STF) iniciou, nesta quinta-feira (3), o julgamento conjunto de seis A\u00e7\u00f5es Diretas de Inconstitucionalidade (ADIs) em que se discute a possibilidade da Fazenda Nacional poder, administrativamente, colocar o nome de devedores no servi\u00e7o de prote\u00e7\u00e3o ao cr\u00e9dito e averbar a indisponibilidade de bens desses contribuintes para garantir o pagamento [&hellip;]<\/p>\n","protected":false},"author":3063,"featured_media":3865,"comment_status":"open","ping_status":"open","sticky":false,"template":"","format":"standard","meta":{"footnotes":""},"categories":[18,15],"tags":[32,31,42,30,29,213,9,12,16],"class_list":{"0":"post-7736","1":"post","2":"type-post","3":"status-publish","4":"format-standard","5":"has-post-thumbnail","7":"category-tributario","8":"category-stf","9":"tag-calculos-judiciais","10":"tag-calculos-tributarios","11":"tag-direito-tributario","12":"tag-divida-ativa","13":"tag-fazenda-publica","14":"tag-imposto","15":"tag-pericia","16":"tag-perito","17":"tag-stf"},"yoast_head":"<!-- This site is optimized with the Yoast SEO plugin v27.2 - https:\/\/yoast.com\/product\/yoast-seo-wordpress\/ -->\n<title>STF: Plen\u00e1rio come\u00e7a a discutir indisponibilidade de bens dos devedores da Fazenda P\u00fablica | Portal de Not\u00edcias<\/title>\n<meta name=\"robots\" content=\"index, follow, max-snippet:-1, max-image-preview:large, max-video-preview:-1\" \/>\n<link rel=\"canonical\" href=\"http:\/\/www.stf.jus.br\/portal\/cms\/verNoticiaDetalhe.asp?idConteudo=456607\" \/>\n<meta property=\"og:locale\" content=\"pt_BR\" \/>\n<meta property=\"og:type\" content=\"article\" \/>\n<meta property=\"og:title\" content=\"STF: Plen\u00e1rio come\u00e7a a discutir indisponibilidade de bens dos devedores da Fazenda P\u00fablica | Portal de Not\u00edcias\" \/>\n<meta property=\"og:description\" content=\"O Plen\u00e1rio do Supremo Tribunal Federal (STF) iniciou, nesta quinta-feira (3), o julgamento conjunto de seis A\u00e7\u00f5es Diretas de Inconstitucionalidade (ADIs) em que se discute a possibilidade da Fazenda Nacional poder, administrativamente, colocar o nome de devedores no servi\u00e7o de prote\u00e7\u00e3o ao cr\u00e9dito e averbar a indisponibilidade de bens desses contribuintes para garantir o pagamento [&hellip;]\" \/>\n<meta property=\"og:url\" content=\"http:\/\/www.stf.jus.br\/portal\/cms\/verNoticiaDetalhe.asp?idConteudo=456607\" \/>\n<meta property=\"og:site_name\" content=\"Portal de Not\u00edcias\" \/>\n<meta property=\"article:published_time\" content=\"2020-12-07T10:05:31+00:00\" \/>\n<meta property=\"article:modified_time\" content=\"2021-07-28T17:28:29+00:00\" \/>\n<meta property=\"og:image\" content=\"https:\/\/mhcalculos.com.br\/noticias\/wp-content\/uploads\/sites\/2\/2019\/03\/tributario-0006.jpg\" \/>\n\t<meta property=\"og:image:width\" content=\"2000\" \/>\n\t<meta property=\"og:image:height\" content=\"800\" \/>\n\t<meta property=\"og:image:type\" content=\"image\/jpeg\" \/>\n<meta name=\"author\" content=\"Equipe MH\" \/>\n<meta name=\"twitter:card\" content=\"summary_large_image\" \/>\n<meta name=\"twitter:label1\" content=\"Escrito por\" \/>\n\t<meta name=\"twitter:data1\" content=\"Equipe MH\" \/>\n\t<meta name=\"twitter:label2\" content=\"Est. tempo de leitura\" \/>\n\t<meta name=\"twitter:data2\" content=\"4 minutos\" \/>\n<script type=\"application\/ld+json\" class=\"yoast-schema-graph\">{\"@context\":\"https:\/\/schema.org\",\"@graph\":[{\"@type\":\"Article\",\"@id\":\"http:\/\/www.stf.jus.br\/portal\/cms\/verNoticiaDetalhe.asp?idConteudo=456607#article\",\"isPartOf\":{\"@id\":\"https:\/\/mhcalculos.com.br\/noticias\/tribunais\/stf\/stf-plenario-comeca-a-discutir-indisponibilidade-de-bens-dos-devedores-da-fazenda-publica.html\"},\"author\":{\"name\":\"Equipe MH\",\"@id\":\"https:\/\/mhcalculos.com.br\/noticias\/#\/schema\/person\/88d1c34bf72dc779ea14a5a6b8e0ae8d\"},\"headline\":\"STF: Plen\u00e1rio come\u00e7a a discutir indisponibilidade de bens dos devedores da Fazenda P\u00fablica\",\"datePublished\":\"2020-12-07T10:05:31+00:00\",\"dateModified\":\"2021-07-28T17:28:29+00:00\",\"mainEntityOfPage\":{\"@id\":\"https:\/\/mhcalculos.com.br\/noticias\/tribunais\/stf\/stf-plenario-comeca-a-discutir-indisponibilidade-de-bens-dos-devedores-da-fazenda-publica.html\"},\"wordCount\":890,\"commentCount\":0,\"image\":{\"@id\":\"http:\/\/www.stf.jus.br\/portal\/cms\/verNoticiaDetalhe.asp?idConteudo=456607#primaryimage\"},\"thumbnailUrl\":\"https:\/\/mhcalculos.com.br\/noticias\/wp-content\/uploads\/sites\/2\/2019\/03\/tributario-0006.jpg\",\"keywords\":[\"c\u00e1lculos judiciais\",\"c\u00e1lculos tribut\u00e1rios\",\"direito tribut\u00e1rio\",\"d\u00edvida ativa\",\"fazenda p\u00fablica\",\"Imposto\",\"per\u00edcia\",\"perito\",\"stf\"],\"articleSection\":[\"Direito Tribut\u00e1rio\",\"STF\"],\"inLanguage\":\"pt-BR\",\"potentialAction\":[{\"@type\":\"CommentAction\",\"name\":\"Comment\",\"target\":[\"http:\/\/www.stf.jus.br\/portal\/cms\/verNoticiaDetalhe.asp?idConteudo=456607#respond\"]}]},{\"@type\":\"WebPage\",\"@id\":\"https:\/\/mhcalculos.com.br\/noticias\/tribunais\/stf\/stf-plenario-comeca-a-discutir-indisponibilidade-de-bens-dos-devedores-da-fazenda-publica.html\",\"url\":\"http:\/\/www.stf.jus.br\/portal\/cms\/verNoticiaDetalhe.asp?idConteudo=456607\",\"name\":\"STF: Plen\u00e1rio come\u00e7a a discutir indisponibilidade de bens dos devedores da Fazenda P\u00fablica | Portal de Not\u00edcias\",\"isPartOf\":{\"@id\":\"https:\/\/mhcalculos.com.br\/noticias\/#website\"},\"primaryImageOfPage\":{\"@id\":\"http:\/\/www.stf.jus.br\/portal\/cms\/verNoticiaDetalhe.asp?idConteudo=456607#primaryimage\"},\"image\":{\"@id\":\"http:\/\/www.stf.jus.br\/portal\/cms\/verNoticiaDetalhe.asp?idConteudo=456607#primaryimage\"},\"thumbnailUrl\":\"https:\/\/mhcalculos.com.br\/noticias\/wp-content\/uploads\/sites\/2\/2019\/03\/tributario-0006.jpg\",\"datePublished\":\"2020-12-07T10:05:31+00:00\",\"dateModified\":\"2021-07-28T17:28:29+00:00\",\"author\":{\"@id\":\"https:\/\/mhcalculos.com.br\/noticias\/#\/schema\/person\/88d1c34bf72dc779ea14a5a6b8e0ae8d\"},\"breadcrumb\":{\"@id\":\"http:\/\/www.stf.jus.br\/portal\/cms\/verNoticiaDetalhe.asp?idConteudo=456607#breadcrumb\"},\"inLanguage\":\"pt-BR\",\"potentialAction\":[{\"@type\":\"ReadAction\",\"target\":[\"http:\/\/www.stf.jus.br\/portal\/cms\/verNoticiaDetalhe.asp?idConteudo=456607\"]}]},{\"@type\":\"ImageObject\",\"inLanguage\":\"pt-BR\",\"@id\":\"http:\/\/www.stf.jus.br\/portal\/cms\/verNoticiaDetalhe.asp?idConteudo=456607#primaryimage\",\"url\":\"https:\/\/mhcalculos.com.br\/noticias\/wp-content\/uploads\/sites\/2\/2019\/03\/tributario-0006.jpg\",\"contentUrl\":\"https:\/\/mhcalculos.com.br\/noticias\/wp-content\/uploads\/sites\/2\/2019\/03\/tributario-0006.jpg\",\"width\":2000,\"height\":800},{\"@type\":\"BreadcrumbList\",\"@id\":\"http:\/\/www.stf.jus.br\/portal\/cms\/verNoticiaDetalhe.asp?idConteudo=456607#breadcrumb\",\"itemListElement\":[{\"@type\":\"ListItem\",\"position\":1,\"name\":\"In\u00edcio\",\"item\":\"https:\/\/mhcalculos.com.br\/noticias\/\"},{\"@type\":\"ListItem\",\"position\":2,\"name\":\"STF: Plen\u00e1rio come\u00e7a a discutir indisponibilidade de bens dos devedores da Fazenda P\u00fablica\"}]},{\"@type\":\"WebSite\",\"@id\":\"https:\/\/mhcalculos.com.br\/noticias\/#website\",\"url\":\"https:\/\/mhcalculos.com.br\/noticias\/\",\"name\":\"Portal de Not\u00edcias\",\"description\":\"Not\u00edcias e Jurisprud\u00eancia\",\"potentialAction\":[{\"@type\":\"SearchAction\",\"target\":{\"@type\":\"EntryPoint\",\"urlTemplate\":\"https:\/\/mhcalculos.com.br\/noticias\/?s={search_term_string}\"},\"query-input\":{\"@type\":\"PropertyValueSpecification\",\"valueRequired\":true,\"valueName\":\"search_term_string\"}}],\"inLanguage\":\"pt-BR\"},{\"@type\":\"Person\",\"@id\":\"https:\/\/mhcalculos.com.br\/noticias\/#\/schema\/person\/88d1c34bf72dc779ea14a5a6b8e0ae8d\",\"name\":\"Equipe MH\",\"image\":{\"@type\":\"ImageObject\",\"inLanguage\":\"pt-BR\",\"@id\":\"https:\/\/secure.gravatar.com\/avatar\/de1c686c2ecc9c5a3f327e3431d819eb39f8f05d4e1045f5a1caad6daaba987f?s=96&d=mm&r=g\",\"url\":\"https:\/\/secure.gravatar.com\/avatar\/de1c686c2ecc9c5a3f327e3431d819eb39f8f05d4e1045f5a1caad6daaba987f?s=96&d=mm&r=g\",\"contentUrl\":\"https:\/\/secure.gravatar.com\/avatar\/de1c686c2ecc9c5a3f327e3431d819eb39f8f05d4e1045f5a1caad6daaba987f?s=96&d=mm&r=g\",\"caption\":\"Equipe MH\"}}]}<\/script>\n<!-- \/ Yoast SEO plugin. -->","yoast_head_json":{"title":"STF: Plen\u00e1rio come\u00e7a a discutir indisponibilidade de bens dos devedores da Fazenda P\u00fablica | Portal de Not\u00edcias","robots":{"index":"index","follow":"follow","max-snippet":"max-snippet:-1","max-image-preview":"max-image-preview:large","max-video-preview":"max-video-preview:-1"},"canonical":"http:\/\/www.stf.jus.br\/portal\/cms\/verNoticiaDetalhe.asp?idConteudo=456607","og_locale":"pt_BR","og_type":"article","og_title":"STF: Plen\u00e1rio come\u00e7a a discutir indisponibilidade de bens dos devedores da Fazenda P\u00fablica | Portal de Not\u00edcias","og_description":"O Plen\u00e1rio do Supremo Tribunal Federal (STF) iniciou, nesta quinta-feira (3), o julgamento conjunto de seis A\u00e7\u00f5es Diretas de Inconstitucionalidade (ADIs) em que se discute a possibilidade da Fazenda Nacional poder, administrativamente, colocar o nome de devedores no servi\u00e7o de prote\u00e7\u00e3o ao cr\u00e9dito e averbar a indisponibilidade de bens desses contribuintes para garantir o pagamento [&hellip;]","og_url":"http:\/\/www.stf.jus.br\/portal\/cms\/verNoticiaDetalhe.asp?idConteudo=456607","og_site_name":"Portal de Not\u00edcias","article_published_time":"2020-12-07T10:05:31+00:00","article_modified_time":"2021-07-28T17:28:29+00:00","og_image":[{"width":2000,"height":800,"url":"https:\/\/mhcalculos.com.br\/noticias\/wp-content\/uploads\/sites\/2\/2019\/03\/tributario-0006.jpg","type":"image\/jpeg"}],"author":"Equipe MH","twitter_card":"summary_large_image","twitter_misc":{"Escrito por":"Equipe MH","Est. tempo de leitura":"4 minutos"},"schema":{"@context":"https:\/\/schema.org","@graph":[{"@type":"Article","@id":"http:\/\/www.stf.jus.br\/portal\/cms\/verNoticiaDetalhe.asp?idConteudo=456607#article","isPartOf":{"@id":"https:\/\/mhcalculos.com.br\/noticias\/tribunais\/stf\/stf-plenario-comeca-a-discutir-indisponibilidade-de-bens-dos-devedores-da-fazenda-publica.html"},"author":{"name":"Equipe MH","@id":"https:\/\/mhcalculos.com.br\/noticias\/#\/schema\/person\/88d1c34bf72dc779ea14a5a6b8e0ae8d"},"headline":"STF: Plen\u00e1rio come\u00e7a a discutir indisponibilidade de bens dos devedores da Fazenda P\u00fablica","datePublished":"2020-12-07T10:05:31+00:00","dateModified":"2021-07-28T17:28:29+00:00","mainEntityOfPage":{"@id":"https:\/\/mhcalculos.com.br\/noticias\/tribunais\/stf\/stf-plenario-comeca-a-discutir-indisponibilidade-de-bens-dos-devedores-da-fazenda-publica.html"},"wordCount":890,"commentCount":0,"image":{"@id":"http:\/\/www.stf.jus.br\/portal\/cms\/verNoticiaDetalhe.asp?idConteudo=456607#primaryimage"},"thumbnailUrl":"https:\/\/mhcalculos.com.br\/noticias\/wp-content\/uploads\/sites\/2\/2019\/03\/tributario-0006.jpg","keywords":["c\u00e1lculos judiciais","c\u00e1lculos tribut\u00e1rios","direito tribut\u00e1rio","d\u00edvida ativa","fazenda p\u00fablica","Imposto","per\u00edcia","perito","stf"],"articleSection":["Direito Tribut\u00e1rio","STF"],"inLanguage":"pt-BR","potentialAction":[{"@type":"CommentAction","name":"Comment","target":["http:\/\/www.stf.jus.br\/portal\/cms\/verNoticiaDetalhe.asp?idConteudo=456607#respond"]}]},{"@type":"WebPage","@id":"https:\/\/mhcalculos.com.br\/noticias\/tribunais\/stf\/stf-plenario-comeca-a-discutir-indisponibilidade-de-bens-dos-devedores-da-fazenda-publica.html","url":"http:\/\/www.stf.jus.br\/portal\/cms\/verNoticiaDetalhe.asp?idConteudo=456607","name":"STF: Plen\u00e1rio come\u00e7a a discutir indisponibilidade de bens dos devedores da Fazenda P\u00fablica | Portal de Not\u00edcias","isPartOf":{"@id":"https:\/\/mhcalculos.com.br\/noticias\/#website"},"primaryImageOfPage":{"@id":"http:\/\/www.stf.jus.br\/portal\/cms\/verNoticiaDetalhe.asp?idConteudo=456607#primaryimage"},"image":{"@id":"http:\/\/www.stf.jus.br\/portal\/cms\/verNoticiaDetalhe.asp?idConteudo=456607#primaryimage"},"thumbnailUrl":"https:\/\/mhcalculos.com.br\/noticias\/wp-content\/uploads\/sites\/2\/2019\/03\/tributario-0006.jpg","datePublished":"2020-12-07T10:05:31+00:00","dateModified":"2021-07-28T17:28:29+00:00","author":{"@id":"https:\/\/mhcalculos.com.br\/noticias\/#\/schema\/person\/88d1c34bf72dc779ea14a5a6b8e0ae8d"},"breadcrumb":{"@id":"http:\/\/www.stf.jus.br\/portal\/cms\/verNoticiaDetalhe.asp?idConteudo=456607#breadcrumb"},"inLanguage":"pt-BR","potentialAction":[{"@type":"ReadAction","target":["http:\/\/www.stf.jus.br\/portal\/cms\/verNoticiaDetalhe.asp?idConteudo=456607"]}]},{"@type":"ImageObject","inLanguage":"pt-BR","@id":"http:\/\/www.stf.jus.br\/portal\/cms\/verNoticiaDetalhe.asp?idConteudo=456607#primaryimage","url":"https:\/\/mhcalculos.com.br\/noticias\/wp-content\/uploads\/sites\/2\/2019\/03\/tributario-0006.jpg","contentUrl":"https:\/\/mhcalculos.com.br\/noticias\/wp-content\/uploads\/sites\/2\/2019\/03\/tributario-0006.jpg","width":2000,"height":800},{"@type":"BreadcrumbList","@id":"http:\/\/www.stf.jus.br\/portal\/cms\/verNoticiaDetalhe.asp?idConteudo=456607#breadcrumb","itemListElement":[{"@type":"ListItem","position":1,"name":"In\u00edcio","item":"https:\/\/mhcalculos.com.br\/noticias\/"},{"@type":"ListItem","position":2,"name":"STF: Plen\u00e1rio come\u00e7a a discutir indisponibilidade de bens dos devedores da Fazenda P\u00fablica"}]},{"@type":"WebSite","@id":"https:\/\/mhcalculos.com.br\/noticias\/#website","url":"https:\/\/mhcalculos.com.br\/noticias\/","name":"Portal de Not\u00edcias","description":"Not\u00edcias e Jurisprud\u00eancia","potentialAction":[{"@type":"SearchAction","target":{"@type":"EntryPoint","urlTemplate":"https:\/\/mhcalculos.com.br\/noticias\/?s={search_term_string}"},"query-input":{"@type":"PropertyValueSpecification","valueRequired":true,"valueName":"search_term_string"}}],"inLanguage":"pt-BR"},{"@type":"Person","@id":"https:\/\/mhcalculos.com.br\/noticias\/#\/schema\/person\/88d1c34bf72dc779ea14a5a6b8e0ae8d","name":"Equipe MH","image":{"@type":"ImageObject","inLanguage":"pt-BR","@id":"https:\/\/secure.gravatar.com\/avatar\/de1c686c2ecc9c5a3f327e3431d819eb39f8f05d4e1045f5a1caad6daaba987f?s=96&d=mm&r=g","url":"https:\/\/secure.gravatar.com\/avatar\/de1c686c2ecc9c5a3f327e3431d819eb39f8f05d4e1045f5a1caad6daaba987f?s=96&d=mm&r=g","contentUrl":"https:\/\/secure.gravatar.com\/avatar\/de1c686c2ecc9c5a3f327e3431d819eb39f8f05d4e1045f5a1caad6daaba987f?s=96&d=mm&r=g","caption":"Equipe MH"}}]}},"_links":{"self":[{"href":"https:\/\/mhcalculos.com.br\/noticias\/wp-json\/wp\/v2\/posts\/7736","targetHints":{"allow":["GET"]}}],"collection":[{"href":"https:\/\/mhcalculos.com.br\/noticias\/wp-json\/wp\/v2\/posts"}],"about":[{"href":"https:\/\/mhcalculos.com.br\/noticias\/wp-json\/wp\/v2\/types\/post"}],"author":[{"embeddable":true,"href":"https:\/\/mhcalculos.com.br\/noticias\/wp-json\/wp\/v2\/users\/3063"}],"replies":[{"embeddable":true,"href":"https:\/\/mhcalculos.com.br\/noticias\/wp-json\/wp\/v2\/comments?post=7736"}],"version-history":[{"count":1,"href":"https:\/\/mhcalculos.com.br\/noticias\/wp-json\/wp\/v2\/posts\/7736\/revisions"}],"predecessor-version":[{"id":8671,"href":"https:\/\/mhcalculos.com.br\/noticias\/wp-json\/wp\/v2\/posts\/7736\/revisions\/8671"}],"wp:featuredmedia":[{"embeddable":true,"href":"https:\/\/mhcalculos.com.br\/noticias\/wp-json\/wp\/v2\/media\/3865"}],"wp:attachment":[{"href":"https:\/\/mhcalculos.com.br\/noticias\/wp-json\/wp\/v2\/media?parent=7736"}],"wp:term":[{"taxonomy":"category","embeddable":true,"href":"https:\/\/mhcalculos.com.br\/noticias\/wp-json\/wp\/v2\/categories?post=7736"},{"taxonomy":"post_tag","embeddable":true,"href":"https:\/\/mhcalculos.com.br\/noticias\/wp-json\/wp\/v2\/tags?post=7736"}],"curies":[{"name":"wp","href":"https:\/\/api.w.org\/{rel}","templated":true}]}}