{"id":7717,"date":"2020-11-30T19:05:18","date_gmt":"2020-11-30T22:05:18","guid":{"rendered":"https:\/\/mhcalculos.com.br\/noticias\/tribunais\/stf\/stf-norma-paranaense-que-impedia-revisao-de-parcela-de-salarios-de-pms-e-bombeiros-e-inconstitucional.html"},"modified":"2021-07-28T14:28:31","modified_gmt":"2021-07-28T17:28:31","slug":"stf-norma-paranaense-que-impedia-revisao-de-parcela-de-salarios-de-pms-e-bombeiros-e-inconstitucional","status":"publish","type":"post","link":"https:\/\/mhcalculos.com.br\/noticias\/tribunais\/stf\/stf-norma-paranaense-que-impedia-revisao-de-parcela-de-salarios-de-pms-e-bombeiros-e-inconstitucional.html","title":{"rendered":"STF: Norma paranaense que impedia revis\u00e3o de parcela de sal\u00e1rios de PMs e bombeiros \u00e9 inconstitucional"},"content":{"rendered":"<p><br \/>\n<\/p>\n<p>O Supremo Tribunal Federal (STF) julgou inconstitucional norma do Paran\u00e1 que impedia a revis\u00e3o geral anual de diferen\u00e7a remunerat\u00f3ria decorrente da implementa\u00e7\u00e3o do regime de remunera\u00e7\u00e3o por subs\u00eddio na Pol\u00edcia Militar e no Corpo de Bombeiros Militar do estado. Tamb\u00e9m foi julgado inconstitucional dispositivo que determinava a incorpora\u00e7\u00e3o do sal\u00e1rio-fam\u00edlia ao subs\u00eddio. A decis\u00e3o, un\u00e2nime, foi proferida na A\u00e7\u00e3o Direta de Inconstitucionalidade (ADI) 5054, na sess\u00e3o virtual encerrada em 20\/11.<\/p>\n<p>A ADI foi ajuizada pela Associa\u00e7\u00e3o Nacional das Entidades Representativas dos Militares Estaduais e Corpo de Bombeiros Militares do Brasil (Anermb) questionando, na \u00edntegra, duas normas paranaenses: a Lei 17.169\/2012, que fixou subs\u00eddio como forma de remunera\u00e7\u00e3o dos integrantes da carreira policial militar, e a Lei 17.172\/2012, que criou a gratifica\u00e7\u00e3o por exerc\u00edcio de fun\u00e7\u00e3o privativa policial. Entre outros pontos, a associa\u00e7\u00e3o sustentava a incompatibilidade de regras previstas na lei com o regime de subs\u00eddio, forma de remunera\u00e7\u00e3o paga em parcela \u00fanica a alguns agentes p\u00fablicos.<\/p>\n<p><b>Congelamento da diferen\u00e7a<\/b><\/p>\n<p>A relatora da a\u00e7\u00e3o, ministra C\u00e1rmen L\u00facia, observou que a Lei 17.169\/2012 (artigo 2&ordm;, par\u00e1grafos 1&ordm; e 2&ordm;) estabelece que eventual diferen\u00e7a remunerat\u00f3ria apurada individualmente n\u00e3o seria objeto de reajuste ou de revis\u00e3o geral anual, continuando a ser paga cumulativamente com o subs\u00eddio at\u00e9 sua absor\u00e7\u00e3o. Ela explicou que, embora o STF n\u00e3o reconhe\u00e7a direito adquirido a regime jur\u00eddico remunerat\u00f3rio, para que a regra implementada na lei paranaense fosse v\u00e1lida, seria necess\u00e1ria a preserva\u00e7\u00e3o do valor nominal da remunera\u00e7\u00e3o, sob pena de contrariedade ao princ\u00edpio da irredutibilidade de vencimentos (inciso XV do artigo 37 da Constitui\u00e7\u00e3o da Rep\u00fablica).<\/p>\n<p>Segundo a ministra, a norma estadual, ao impedir a revis\u00e3o da &ldquo;diferen\u00e7a de subs\u00eddio&rdquo;, acabou por instituir &ldquo;inadmiss\u00edvel congelamento&quot; dessa parcela individual. A relatora lembrou que, de acordo com a jurisprud\u00eancia do Supremo, uma vez destacada, a parcela individual se desvincula de sua origem e deixa de acompanhar futuros reajustes, passando a sujeitar-se, no entanto, aos \u00edndices gerais de revis\u00e3o. Assim, ao vedar o reajuste ou a submiss\u00e3o da parcela correspondente \u00e0 diferen\u00e7a de subs\u00eddio \u00e0 revis\u00e3o geral dos servidores p\u00fablicos, a norma questionada promove, de forma indireta, redu\u00e7\u00e3o dos subs\u00eddios e dos benef\u00edcios previdenci\u00e1rios decorrentes e suprime a garantia de revis\u00e3o geral estabelecida no inciso X do artigo 37 da Constitui\u00e7\u00e3o da Rep\u00fablica.<\/p>\n<p><b>Isonomia<\/b><\/p>\n<p>Tamb\u00e9m foi julgada inconstitucional a regra que estabelece a incorpora\u00e7\u00e3o do sal\u00e1rio-fam\u00edlia ao subs\u00eddio (artigo 11, inciso VII da Lei 17.169\/2012). A ministra C\u00e1rmen L\u00facia salientou que, conforme a Constitui\u00e7\u00e3o, a retribui\u00e7\u00e3o por subs\u00eddio em parcela \u00fanica (artigo 39, par\u00e1grafo 4&ordm;) n\u00e3o impede a cumula\u00e7\u00e3o com outras parcelas de natureza indenizat\u00f3ria, tempor\u00e1rias ou que com fundamento espec\u00edfico, especialmente as que s\u00e3o atribu\u00eddas pela pr\u00f3pria Constitui\u00e7\u00e3o em favor dos trabalhadores em geral, como \u00e9 o caso do sal\u00e1rio-fam\u00edlia. De acordo com a relatora, a exclus\u00e3o, se admitida, levaria \u00e0 conclus\u00e3o de que os servidores p\u00fablicos militares do Paran\u00e1 n\u00e3o teriam os mesmos direitos b\u00e1sicos atribu\u00eddos aos trabalhadores em geral, violando o princ\u00edpio da isonomia.<\/p>\n<p><b>Constitucionalidade<\/b><\/p>\n<p>Em rela\u00e7\u00e3o \u00e0 alegada inconstitucionalidade na fixa\u00e7\u00e3o de 11 refer\u00eancias para progress\u00e3o horizontal dos militares, de acordo com o tempo na carreira, a ministra observou que a ado\u00e7\u00e3o desse crit\u00e9rio n\u00e3o desvirtua o regime constitucional dos subs\u00eddios. C\u00e1rmen L\u00facia destacou que h\u00e1 exemplos da ado\u00e7\u00e3o do crit\u00e9rio temporal para a defini\u00e7\u00e3o de classes, padr\u00f5es e faixas em carreiras federais remuneradas dessa forma, como a dos policiais rodovi\u00e1rios federais, a dos auditores da Receita Federal e a dos auditores-fiscais do trabalho.<\/p>\n<p>A relatora tamb\u00e9m afastou a alega\u00e7\u00e3o de incompatibilidade do regime de subs\u00eddio com o recebimento de gratifica\u00e7\u00e3o de dire\u00e7\u00e3o, chefia e assessoramento na Pol\u00edcia Militar, Civil e Cient\u00edfica e pelo desempenho de atribui\u00e7\u00f5es inerentes \u00e0 Casa Militar da Governadoria do Estado, com previs\u00e3o na Lei Lei paranaense 17.172\/2012. &quot;S\u00e3o gratifica\u00e7\u00f5es validamente institu\u00eddas e decorrentes do espec\u00edfico exerc\u00edcio, provis\u00f3rio ou eventual, de atribui\u00e7\u00f5es extraordin\u00e1rias e distintas daquelas inerentes ao exerc\u00edcio do pr\u00f3prio cargo de policial, pelo que constituem parcelas remunerat\u00f3rias compat\u00edveis com o regime constitucional dos subs\u00eddios&quot;, concluiu.<\/p>\n<p><b>Resultado<\/b><\/p>\n<p>A ADI 5450 foi julgada parcialmente procedente, para declarar a inconstitucionalidade da express\u00e3o &ldquo;revis\u00f5es gerais anuais de subs\u00eddio&rdquo;, constante dos par\u00e1grafos 1&ordm; e 2&ordm; do artigo 2&deg; da Lei paranaense 17.169\/2012 e do artigo 11, inciso VII da mesma lei.<\/p>\n<p><span style=\"font-size: smaller\">PR\/AD\/\/CF<\/span><\/p>\n<p>Leia mais:<\/p>\n<p>28\/10\/2013 &#8211; <a href=\"https:\/\/bit.ly\/2JITVsq\">Policiais militares questionam leis paranaenses sobre subs\u00eddios<\/a><\/p>\n<p><i>Com informa\u00e7\u00f5es da assessoria de imprensa do STF.<\/i><br \/>\n<br \/><a href=\"http:\/\/www.stf.jus.br\/portal\/cms\/verNoticiaDetalhe.asp?idConteudo=456247\">Fonte<\/a><br \/>\n<br \/><\/p>\n","protected":false},"excerpt":{"rendered":"<p>O Supremo Tribunal Federal (STF) julgou inconstitucional norma do Paran\u00e1 que impedia a revis\u00e3o geral anual de diferen\u00e7a remunerat\u00f3ria decorrente da implementa\u00e7\u00e3o do regime de remunera\u00e7\u00e3o por subs\u00eddio na Pol\u00edcia Militar e no Corpo de Bombeiros Militar do estado. Tamb\u00e9m foi julgado inconstitucional dispositivo que determinava a incorpora\u00e7\u00e3o do sal\u00e1rio-fam\u00edlia ao subs\u00eddio. A decis\u00e3o, un\u00e2nime, [&hellip;]<\/p>\n","protected":false},"author":3063,"featured_media":2581,"comment_status":"open","ping_status":"open","sticky":false,"template":"","format":"standard","meta":{"footnotes":""},"categories":[18,15],"tags":[32,31,42,30,29,213,9,12,16],"class_list":{"0":"post-7717","1":"post","2":"type-post","3":"status-publish","4":"format-standard","5":"has-post-thumbnail","7":"category-tributario","8":"category-stf","9":"tag-calculos-judiciais","10":"tag-calculos-tributarios","11":"tag-direito-tributario","12":"tag-divida-ativa","13":"tag-fazenda-publica","14":"tag-imposto","15":"tag-pericia","16":"tag-perito","17":"tag-stf"},"yoast_head":"<!-- This site is optimized with the Yoast SEO plugin v27.2 - https:\/\/yoast.com\/product\/yoast-seo-wordpress\/ -->\n<title>STF: Norma paranaense que impedia revis\u00e3o de parcela de sal\u00e1rios de PMs e bombeiros \u00e9 inconstitucional | Portal de Not\u00edcias<\/title>\n<meta name=\"robots\" content=\"index, follow, max-snippet:-1, max-image-preview:large, max-video-preview:-1\" \/>\n<link rel=\"canonical\" href=\"http:\/\/www.stf.jus.br\/portal\/cms\/verNoticiaDetalhe.asp?idConteudo=456247\" \/>\n<meta property=\"og:locale\" content=\"pt_BR\" \/>\n<meta property=\"og:type\" content=\"article\" \/>\n<meta property=\"og:title\" content=\"STF: Norma paranaense que impedia revis\u00e3o de parcela de sal\u00e1rios de PMs e bombeiros \u00e9 inconstitucional | Portal de Not\u00edcias\" \/>\n<meta property=\"og:description\" content=\"O Supremo Tribunal Federal (STF) julgou inconstitucional norma do Paran\u00e1 que impedia a revis\u00e3o geral anual de diferen\u00e7a remunerat\u00f3ria decorrente da implementa\u00e7\u00e3o do regime de remunera\u00e7\u00e3o por subs\u00eddio na Pol\u00edcia Militar e no Corpo de Bombeiros Militar do estado. Tamb\u00e9m foi julgado inconstitucional dispositivo que determinava a incorpora\u00e7\u00e3o do sal\u00e1rio-fam\u00edlia ao subs\u00eddio. A decis\u00e3o, un\u00e2nime, [&hellip;]\" \/>\n<meta property=\"og:url\" content=\"http:\/\/www.stf.jus.br\/portal\/cms\/verNoticiaDetalhe.asp?idConteudo=456247\" \/>\n<meta property=\"og:site_name\" content=\"Portal de Not\u00edcias\" \/>\n<meta property=\"article:published_time\" content=\"2020-11-30T22:05:18+00:00\" \/>\n<meta property=\"article:modified_time\" content=\"2021-07-28T17:28:31+00:00\" \/>\n<meta property=\"og:image\" content=\"https:\/\/mhcalculos.com.br\/noticias\/wp-content\/uploads\/sites\/2\/2018\/07\/judiciario-0002.jpg\" \/>\n\t<meta property=\"og:image:width\" content=\"2000\" \/>\n\t<meta property=\"og:image:height\" content=\"800\" \/>\n\t<meta property=\"og:image:type\" content=\"image\/jpeg\" \/>\n<meta name=\"author\" content=\"Equipe MH\" \/>\n<meta name=\"twitter:card\" content=\"summary_large_image\" \/>\n<meta name=\"twitter:label1\" content=\"Escrito por\" \/>\n\t<meta name=\"twitter:data1\" content=\"Equipe MH\" \/>\n\t<meta name=\"twitter:label2\" content=\"Est. tempo de leitura\" \/>\n\t<meta name=\"twitter:data2\" content=\"4 minutos\" \/>\n<script type=\"application\/ld+json\" class=\"yoast-schema-graph\">{\"@context\":\"https:\/\/schema.org\",\"@graph\":[{\"@type\":\"Article\",\"@id\":\"http:\/\/www.stf.jus.br\/portal\/cms\/verNoticiaDetalhe.asp?idConteudo=456247#article\",\"isPartOf\":{\"@id\":\"https:\/\/mhcalculos.com.br\/noticias\/tribunais\/stf\/stf-norma-paranaense-que-impedia-revisao-de-parcela-de-salarios-de-pms-e-bombeiros-e-inconstitucional.html\"},\"author\":{\"name\":\"Equipe MH\",\"@id\":\"https:\/\/mhcalculos.com.br\/noticias\/#\/schema\/person\/88d1c34bf72dc779ea14a5a6b8e0ae8d\"},\"headline\":\"STF: Norma paranaense que impedia revis\u00e3o de parcela de sal\u00e1rios de PMs e bombeiros \u00e9 inconstitucional\",\"datePublished\":\"2020-11-30T22:05:18+00:00\",\"dateModified\":\"2021-07-28T17:28:31+00:00\",\"mainEntityOfPage\":{\"@id\":\"https:\/\/mhcalculos.com.br\/noticias\/tribunais\/stf\/stf-norma-paranaense-que-impedia-revisao-de-parcela-de-salarios-de-pms-e-bombeiros-e-inconstitucional.html\"},\"wordCount\":860,\"commentCount\":0,\"image\":{\"@id\":\"http:\/\/www.stf.jus.br\/portal\/cms\/verNoticiaDetalhe.asp?idConteudo=456247#primaryimage\"},\"thumbnailUrl\":\"https:\/\/mhcalculos.com.br\/noticias\/wp-content\/uploads\/sites\/2\/2018\/07\/judiciario-0002.jpg\",\"keywords\":[\"c\u00e1lculos judiciais\",\"c\u00e1lculos tribut\u00e1rios\",\"direito tribut\u00e1rio\",\"d\u00edvida ativa\",\"fazenda p\u00fablica\",\"Imposto\",\"per\u00edcia\",\"perito\",\"stf\"],\"articleSection\":[\"Direito Tribut\u00e1rio\",\"STF\"],\"inLanguage\":\"pt-BR\",\"potentialAction\":[{\"@type\":\"CommentAction\",\"name\":\"Comment\",\"target\":[\"http:\/\/www.stf.jus.br\/portal\/cms\/verNoticiaDetalhe.asp?idConteudo=456247#respond\"]}]},{\"@type\":\"WebPage\",\"@id\":\"https:\/\/mhcalculos.com.br\/noticias\/tribunais\/stf\/stf-norma-paranaense-que-impedia-revisao-de-parcela-de-salarios-de-pms-e-bombeiros-e-inconstitucional.html\",\"url\":\"http:\/\/www.stf.jus.br\/portal\/cms\/verNoticiaDetalhe.asp?idConteudo=456247\",\"name\":\"STF: Norma paranaense que impedia revis\u00e3o de parcela de sal\u00e1rios de PMs e bombeiros \u00e9 inconstitucional | Portal de Not\u00edcias\",\"isPartOf\":{\"@id\":\"https:\/\/mhcalculos.com.br\/noticias\/#website\"},\"primaryImageOfPage\":{\"@id\":\"http:\/\/www.stf.jus.br\/portal\/cms\/verNoticiaDetalhe.asp?idConteudo=456247#primaryimage\"},\"image\":{\"@id\":\"http:\/\/www.stf.jus.br\/portal\/cms\/verNoticiaDetalhe.asp?idConteudo=456247#primaryimage\"},\"thumbnailUrl\":\"https:\/\/mhcalculos.com.br\/noticias\/wp-content\/uploads\/sites\/2\/2018\/07\/judiciario-0002.jpg\",\"datePublished\":\"2020-11-30T22:05:18+00:00\",\"dateModified\":\"2021-07-28T17:28:31+00:00\",\"author\":{\"@id\":\"https:\/\/mhcalculos.com.br\/noticias\/#\/schema\/person\/88d1c34bf72dc779ea14a5a6b8e0ae8d\"},\"breadcrumb\":{\"@id\":\"http:\/\/www.stf.jus.br\/portal\/cms\/verNoticiaDetalhe.asp?idConteudo=456247#breadcrumb\"},\"inLanguage\":\"pt-BR\",\"potentialAction\":[{\"@type\":\"ReadAction\",\"target\":[\"http:\/\/www.stf.jus.br\/portal\/cms\/verNoticiaDetalhe.asp?idConteudo=456247\"]}]},{\"@type\":\"ImageObject\",\"inLanguage\":\"pt-BR\",\"@id\":\"http:\/\/www.stf.jus.br\/portal\/cms\/verNoticiaDetalhe.asp?idConteudo=456247#primaryimage\",\"url\":\"https:\/\/mhcalculos.com.br\/noticias\/wp-content\/uploads\/sites\/2\/2018\/07\/judiciario-0002.jpg\",\"contentUrl\":\"https:\/\/mhcalculos.com.br\/noticias\/wp-content\/uploads\/sites\/2\/2018\/07\/judiciario-0002.jpg\",\"width\":2000,\"height\":800},{\"@type\":\"BreadcrumbList\",\"@id\":\"http:\/\/www.stf.jus.br\/portal\/cms\/verNoticiaDetalhe.asp?idConteudo=456247#breadcrumb\",\"itemListElement\":[{\"@type\":\"ListItem\",\"position\":1,\"name\":\"In\u00edcio\",\"item\":\"https:\/\/mhcalculos.com.br\/noticias\/\"},{\"@type\":\"ListItem\",\"position\":2,\"name\":\"STF: Norma paranaense que impedia revis\u00e3o de parcela de sal\u00e1rios de PMs e bombeiros \u00e9 inconstitucional\"}]},{\"@type\":\"WebSite\",\"@id\":\"https:\/\/mhcalculos.com.br\/noticias\/#website\",\"url\":\"https:\/\/mhcalculos.com.br\/noticias\/\",\"name\":\"Portal de Not\u00edcias\",\"description\":\"Not\u00edcias e Jurisprud\u00eancia\",\"potentialAction\":[{\"@type\":\"SearchAction\",\"target\":{\"@type\":\"EntryPoint\",\"urlTemplate\":\"https:\/\/mhcalculos.com.br\/noticias\/?s={search_term_string}\"},\"query-input\":{\"@type\":\"PropertyValueSpecification\",\"valueRequired\":true,\"valueName\":\"search_term_string\"}}],\"inLanguage\":\"pt-BR\"},{\"@type\":\"Person\",\"@id\":\"https:\/\/mhcalculos.com.br\/noticias\/#\/schema\/person\/88d1c34bf72dc779ea14a5a6b8e0ae8d\",\"name\":\"Equipe MH\",\"image\":{\"@type\":\"ImageObject\",\"inLanguage\":\"pt-BR\",\"@id\":\"https:\/\/secure.gravatar.com\/avatar\/de1c686c2ecc9c5a3f327e3431d819eb39f8f05d4e1045f5a1caad6daaba987f?s=96&d=mm&r=g\",\"url\":\"https:\/\/secure.gravatar.com\/avatar\/de1c686c2ecc9c5a3f327e3431d819eb39f8f05d4e1045f5a1caad6daaba987f?s=96&d=mm&r=g\",\"contentUrl\":\"https:\/\/secure.gravatar.com\/avatar\/de1c686c2ecc9c5a3f327e3431d819eb39f8f05d4e1045f5a1caad6daaba987f?s=96&d=mm&r=g\",\"caption\":\"Equipe MH\"}}]}<\/script>\n<!-- \/ Yoast SEO plugin. -->","yoast_head_json":{"title":"STF: Norma paranaense que impedia revis\u00e3o de parcela de sal\u00e1rios de PMs e bombeiros \u00e9 inconstitucional | Portal de Not\u00edcias","robots":{"index":"index","follow":"follow","max-snippet":"max-snippet:-1","max-image-preview":"max-image-preview:large","max-video-preview":"max-video-preview:-1"},"canonical":"http:\/\/www.stf.jus.br\/portal\/cms\/verNoticiaDetalhe.asp?idConteudo=456247","og_locale":"pt_BR","og_type":"article","og_title":"STF: Norma paranaense que impedia revis\u00e3o de parcela de sal\u00e1rios de PMs e bombeiros \u00e9 inconstitucional | Portal de Not\u00edcias","og_description":"O Supremo Tribunal Federal (STF) julgou inconstitucional norma do Paran\u00e1 que impedia a revis\u00e3o geral anual de diferen\u00e7a remunerat\u00f3ria decorrente da implementa\u00e7\u00e3o do regime de remunera\u00e7\u00e3o por subs\u00eddio na Pol\u00edcia Militar e no Corpo de Bombeiros Militar do estado. Tamb\u00e9m foi julgado inconstitucional dispositivo que determinava a incorpora\u00e7\u00e3o do sal\u00e1rio-fam\u00edlia ao subs\u00eddio. A decis\u00e3o, un\u00e2nime, [&hellip;]","og_url":"http:\/\/www.stf.jus.br\/portal\/cms\/verNoticiaDetalhe.asp?idConteudo=456247","og_site_name":"Portal de Not\u00edcias","article_published_time":"2020-11-30T22:05:18+00:00","article_modified_time":"2021-07-28T17:28:31+00:00","og_image":[{"width":2000,"height":800,"url":"https:\/\/mhcalculos.com.br\/noticias\/wp-content\/uploads\/sites\/2\/2018\/07\/judiciario-0002.jpg","type":"image\/jpeg"}],"author":"Equipe MH","twitter_card":"summary_large_image","twitter_misc":{"Escrito por":"Equipe MH","Est. tempo de leitura":"4 minutos"},"schema":{"@context":"https:\/\/schema.org","@graph":[{"@type":"Article","@id":"http:\/\/www.stf.jus.br\/portal\/cms\/verNoticiaDetalhe.asp?idConteudo=456247#article","isPartOf":{"@id":"https:\/\/mhcalculos.com.br\/noticias\/tribunais\/stf\/stf-norma-paranaense-que-impedia-revisao-de-parcela-de-salarios-de-pms-e-bombeiros-e-inconstitucional.html"},"author":{"name":"Equipe MH","@id":"https:\/\/mhcalculos.com.br\/noticias\/#\/schema\/person\/88d1c34bf72dc779ea14a5a6b8e0ae8d"},"headline":"STF: Norma paranaense que impedia revis\u00e3o de parcela de sal\u00e1rios de PMs e bombeiros \u00e9 inconstitucional","datePublished":"2020-11-30T22:05:18+00:00","dateModified":"2021-07-28T17:28:31+00:00","mainEntityOfPage":{"@id":"https:\/\/mhcalculos.com.br\/noticias\/tribunais\/stf\/stf-norma-paranaense-que-impedia-revisao-de-parcela-de-salarios-de-pms-e-bombeiros-e-inconstitucional.html"},"wordCount":860,"commentCount":0,"image":{"@id":"http:\/\/www.stf.jus.br\/portal\/cms\/verNoticiaDetalhe.asp?idConteudo=456247#primaryimage"},"thumbnailUrl":"https:\/\/mhcalculos.com.br\/noticias\/wp-content\/uploads\/sites\/2\/2018\/07\/judiciario-0002.jpg","keywords":["c\u00e1lculos judiciais","c\u00e1lculos tribut\u00e1rios","direito tribut\u00e1rio","d\u00edvida ativa","fazenda p\u00fablica","Imposto","per\u00edcia","perito","stf"],"articleSection":["Direito Tribut\u00e1rio","STF"],"inLanguage":"pt-BR","potentialAction":[{"@type":"CommentAction","name":"Comment","target":["http:\/\/www.stf.jus.br\/portal\/cms\/verNoticiaDetalhe.asp?idConteudo=456247#respond"]}]},{"@type":"WebPage","@id":"https:\/\/mhcalculos.com.br\/noticias\/tribunais\/stf\/stf-norma-paranaense-que-impedia-revisao-de-parcela-de-salarios-de-pms-e-bombeiros-e-inconstitucional.html","url":"http:\/\/www.stf.jus.br\/portal\/cms\/verNoticiaDetalhe.asp?idConteudo=456247","name":"STF: Norma paranaense que impedia revis\u00e3o de parcela de sal\u00e1rios de PMs e bombeiros \u00e9 inconstitucional | Portal de Not\u00edcias","isPartOf":{"@id":"https:\/\/mhcalculos.com.br\/noticias\/#website"},"primaryImageOfPage":{"@id":"http:\/\/www.stf.jus.br\/portal\/cms\/verNoticiaDetalhe.asp?idConteudo=456247#primaryimage"},"image":{"@id":"http:\/\/www.stf.jus.br\/portal\/cms\/verNoticiaDetalhe.asp?idConteudo=456247#primaryimage"},"thumbnailUrl":"https:\/\/mhcalculos.com.br\/noticias\/wp-content\/uploads\/sites\/2\/2018\/07\/judiciario-0002.jpg","datePublished":"2020-11-30T22:05:18+00:00","dateModified":"2021-07-28T17:28:31+00:00","author":{"@id":"https:\/\/mhcalculos.com.br\/noticias\/#\/schema\/person\/88d1c34bf72dc779ea14a5a6b8e0ae8d"},"breadcrumb":{"@id":"http:\/\/www.stf.jus.br\/portal\/cms\/verNoticiaDetalhe.asp?idConteudo=456247#breadcrumb"},"inLanguage":"pt-BR","potentialAction":[{"@type":"ReadAction","target":["http:\/\/www.stf.jus.br\/portal\/cms\/verNoticiaDetalhe.asp?idConteudo=456247"]}]},{"@type":"ImageObject","inLanguage":"pt-BR","@id":"http:\/\/www.stf.jus.br\/portal\/cms\/verNoticiaDetalhe.asp?idConteudo=456247#primaryimage","url":"https:\/\/mhcalculos.com.br\/noticias\/wp-content\/uploads\/sites\/2\/2018\/07\/judiciario-0002.jpg","contentUrl":"https:\/\/mhcalculos.com.br\/noticias\/wp-content\/uploads\/sites\/2\/2018\/07\/judiciario-0002.jpg","width":2000,"height":800},{"@type":"BreadcrumbList","@id":"http:\/\/www.stf.jus.br\/portal\/cms\/verNoticiaDetalhe.asp?idConteudo=456247#breadcrumb","itemListElement":[{"@type":"ListItem","position":1,"name":"In\u00edcio","item":"https:\/\/mhcalculos.com.br\/noticias\/"},{"@type":"ListItem","position":2,"name":"STF: Norma paranaense que impedia revis\u00e3o de parcela de sal\u00e1rios de PMs e bombeiros \u00e9 inconstitucional"}]},{"@type":"WebSite","@id":"https:\/\/mhcalculos.com.br\/noticias\/#website","url":"https:\/\/mhcalculos.com.br\/noticias\/","name":"Portal de Not\u00edcias","description":"Not\u00edcias e Jurisprud\u00eancia","potentialAction":[{"@type":"SearchAction","target":{"@type":"EntryPoint","urlTemplate":"https:\/\/mhcalculos.com.br\/noticias\/?s={search_term_string}"},"query-input":{"@type":"PropertyValueSpecification","valueRequired":true,"valueName":"search_term_string"}}],"inLanguage":"pt-BR"},{"@type":"Person","@id":"https:\/\/mhcalculos.com.br\/noticias\/#\/schema\/person\/88d1c34bf72dc779ea14a5a6b8e0ae8d","name":"Equipe MH","image":{"@type":"ImageObject","inLanguage":"pt-BR","@id":"https:\/\/secure.gravatar.com\/avatar\/de1c686c2ecc9c5a3f327e3431d819eb39f8f05d4e1045f5a1caad6daaba987f?s=96&d=mm&r=g","url":"https:\/\/secure.gravatar.com\/avatar\/de1c686c2ecc9c5a3f327e3431d819eb39f8f05d4e1045f5a1caad6daaba987f?s=96&d=mm&r=g","contentUrl":"https:\/\/secure.gravatar.com\/avatar\/de1c686c2ecc9c5a3f327e3431d819eb39f8f05d4e1045f5a1caad6daaba987f?s=96&d=mm&r=g","caption":"Equipe MH"}}]}},"_links":{"self":[{"href":"https:\/\/mhcalculos.com.br\/noticias\/wp-json\/wp\/v2\/posts\/7717","targetHints":{"allow":["GET"]}}],"collection":[{"href":"https:\/\/mhcalculos.com.br\/noticias\/wp-json\/wp\/v2\/posts"}],"about":[{"href":"https:\/\/mhcalculos.com.br\/noticias\/wp-json\/wp\/v2\/types\/post"}],"author":[{"embeddable":true,"href":"https:\/\/mhcalculos.com.br\/noticias\/wp-json\/wp\/v2\/users\/3063"}],"replies":[{"embeddable":true,"href":"https:\/\/mhcalculos.com.br\/noticias\/wp-json\/wp\/v2\/comments?post=7717"}],"version-history":[{"count":1,"href":"https:\/\/mhcalculos.com.br\/noticias\/wp-json\/wp\/v2\/posts\/7717\/revisions"}],"predecessor-version":[{"id":8685,"href":"https:\/\/mhcalculos.com.br\/noticias\/wp-json\/wp\/v2\/posts\/7717\/revisions\/8685"}],"wp:featuredmedia":[{"embeddable":true,"href":"https:\/\/mhcalculos.com.br\/noticias\/wp-json\/wp\/v2\/media\/2581"}],"wp:attachment":[{"href":"https:\/\/mhcalculos.com.br\/noticias\/wp-json\/wp\/v2\/media?parent=7717"}],"wp:term":[{"taxonomy":"category","embeddable":true,"href":"https:\/\/mhcalculos.com.br\/noticias\/wp-json\/wp\/v2\/categories?post=7717"},{"taxonomy":"post_tag","embeddable":true,"href":"https:\/\/mhcalculos.com.br\/noticias\/wp-json\/wp\/v2\/tags?post=7717"}],"curies":[{"name":"wp","href":"https:\/\/api.w.org\/{rel}","templated":true}]}}