{"id":7694,"date":"2020-11-19T21:58:00","date_gmt":"2020-11-20T00:58:00","guid":{"rendered":"https:\/\/mhcalculos.com.br\/noticias\/area\/trabalhista\/tst-trt-de-mato-grosso-passa-por-correicao-ordinaria-na-proxima-semana.html"},"modified":"2021-07-28T14:28:34","modified_gmt":"2021-07-28T17:28:34","slug":"tst-trt-de-mato-grosso-passa-por-correicao-ordinaria-na-proxima-semana","status":"publish","type":"post","link":"https:\/\/mhcalculos.com.br\/noticias\/area\/trabalhista\/tst-trt-de-mato-grosso-passa-por-correicao-ordinaria-na-proxima-semana.html","title":{"rendered":"TST: TRT de Mato Grosso passa por correi\u00e7\u00e3o ordin\u00e1ria na pr\u00f3xima semana"},"content":{"rendered":"<p><br \/>\n<\/p>\n<p><em><\/p>\n<p>As atividades come\u00e7am na segunda (23) e seguem at\u00e9 sexta (27).<\/p>\n<p><\/em><\/p>\n<p>        <a class=\"share-facebook\" href=\"https:\/\/www.facebook.com\/sharer.php?u=http:\/\/www.tst.jus.br\/-\/trt-de-mato-grosso-passa-por-correi%C3%A7%C3%A3o-ordin%C3%A1ria-na-pr%C3%B3xima-semana\" target=\"_blank\" rel=\"noopener noreferrer\"><\/a><br \/>\n        <a class=\"share-twitter\" href=\"http:\/\/twitter.com\/intent\/tweet?text=TRT de Mato Grosso passa por correi\u00e7\u00e3o ordin\u00e1ria na pr\u00f3xima semana%0AVeja%20mais%20em:&amp;url=http:\/\/www.tst.jus.br\/-\/trt-de-mato-grosso-passa-por-correi%C3%A7%C3%A3o-ordin%C3%A1ria-na-pr%C3%B3xima-semana\" target=\"_blank\" rel=\"noopener noreferrer\"><\/a><br \/>\n        <a class=\"share-linkedin\" href=\"https:\/\/www.linkedin.com\/shareArticle?mini=true&amp;url=http:\/\/www.tst.jus.br\/-\/trt-de-mato-grosso-passa-por-correi%C3%A7%C3%A3o-ordin%C3%A1ria-na-pr%C3%B3xima-semana&amp;title=TRT de Mato Grosso passa por correi\u00e7\u00e3o ordin\u00e1ria na pr\u00f3xima semana\" target=\"_blank\" rel=\"noopener noreferrer\"><\/a><br \/>\n        <a class=\"share-whatsapp\" href=\"https:\/\/web.whatsapp.com\/send?text=http:\/\/www.tst.jus.br\/-\/trt-de-mato-grosso-passa-por-correi%C3%A7%C3%A3o-ordin%C3%A1ria-na-pr%C3%B3xima-semana\" target=\"_blank\" rel=\"noopener noreferrer\"><\/a><br \/>\n        <a class=\"share-googleplus\" href=\"https:\/\/plus.google.com\/share?url=http:\/\/www.tst.jus.br\/-\/trt-de-mato-grosso-passa-por-correi%C3%A7%C3%A3o-ordin%C3%A1ria-na-pr%C3%B3xima-semana\" target=\"_blank\" rel=\"noopener noreferrer\"><\/a><\/p>\n<p>                <\/p>\n<p>Parte da fachada espelhada do edif\u00edcio-sede do TRT-23<\/p>\n<p>                    <a class=\"share-facebook\" href=\"https:\/\/www.facebook.com\/sharer.php?u=http:\/\/www.tst.jus.br\/-\/trt-de-mato-grosso-passa-por-correi%C3%A7%C3%A3o-ordin%C3%A1ria-na-pr%C3%B3xima-semana\" target=\"_blank\" rel=\"noopener noreferrer\"><\/a><br \/>\n                    <a class=\"share-twitter\" href=\"http:\/\/twitter.com\/intent\/tweet?text=TRT de Mato Grosso passa por correi\u00e7\u00e3o ordin\u00e1ria na pr\u00f3xima semana%0AVeja%20mais%20em:&amp;url=http:\/\/www.tst.jus.br\/-\/trt-de-mato-grosso-passa-por-correi%C3%A7%C3%A3o-ordin%C3%A1ria-na-pr%C3%B3xima-semana\" target=\"_blank\" rel=\"noopener noreferrer\"><\/a><br \/>\n                    <a class=\"share-linkedin\" href=\"https:\/\/www.linkedin.com\/shareArticle?mini=true&amp;url=http:\/\/www.tst.jus.br\/-\/trt-de-mato-grosso-passa-por-correi%C3%A7%C3%A3o-ordin%C3%A1ria-na-pr%C3%B3xima-semana&amp;title=TRT de Mato Grosso passa por correi\u00e7\u00e3o ordin\u00e1ria na pr\u00f3xima semana\" target=\"_blank\" rel=\"noopener noreferrer\"><\/a><br \/>\n                    <a class=\"share-whatsapp\" href=\"https:\/\/web.whatsapp.com\/send?text=http:\/\/www.tst.jus.br\/-\/trt-de-mato-grosso-passa-por-correi%C3%A7%C3%A3o-ordin%C3%A1ria-na-pr%C3%B3xima-semana\" target=\"_blank\" rel=\"noopener noreferrer\"><\/a><br \/>\n                    <a class=\"share-googleplus\" href=\"https:\/\/plus.google.com\/share?url=http:\/\/www.tst.jus.br\/-\/trt-de-mato-grosso-passa-por-correi%C3%A7%C3%A3o-ordin%C3%A1ria-na-pr%C3%B3xima-semana\" target=\"_blank\" rel=\"noopener noreferrer\"><\/a><\/p>\n<p>A qualidade dos servi\u00e7os prestados pelo Tribunal Regional do Trabalho da 23\u00aa Regi\u00e3o (MT)&nbsp;ser\u00e1 avaliada na pr\u00f3xima semana, durante correi\u00e7\u00e3o ordin\u00e1ria realizada pela Corregedoria-Geral da Justi\u00e7a do Trabalho (CGJT). As atividades come\u00e7am na segunda (23) e seguem at\u00e9 sexta (27), quando o corregedor-geral, ministro Aloysio Corr\u00eaa da Veiga, presidir\u00e1 sess\u00e3o p\u00fablica para a leitura da ata com o resultado final dos trabalhos.<\/p>\n<p>Este ano, por conta da pandemia, a correi\u00e7\u00e3o ser\u00e1 realizada totalmente de forma telepresencial. Essa ser\u00e1 a quinta correi\u00e7\u00e3o realizada por meio totalmente remoto.<\/p>\n<p><strong>Correi\u00e7\u00e3o<\/strong><\/p>\n<p>Ao longo da semana, a equipe t\u00e9cnica que acompanha o ministro-corregedor verificar\u00e1 informa\u00e7\u00f5es relativas \u00e0 quantidade de a\u00e7\u00f5es distribu\u00eddas, movimenta\u00e7\u00e3o processual, estruturas judicial e administrativa, Escola Judicial, Ju\u00edzos Auxiliares de Execu\u00e7\u00e3o, sistemas informatizados, quantitativos de cargos, cumprimento de metas e resolu\u00e7\u00f5es, entre outros pontos.<\/p>\n<p>O ministro-corregedor se reunir\u00e1, de forma telepresencial, com ju\u00edzes, servidores, representantes da Ordem dos Advogados (OAB), de sindicatos, associa\u00e7\u00f5es e do Minist\u00e9rio P\u00fablico do Trabalho (MPT).<\/p>\n<p><strong>Coletiva de imprensa<\/strong><\/p>\n<p>O ministro-corregedor conceder\u00e1, na sexta-feira (27), \u00e0s 11h30, uma coletiva \u00e0 imprensa sobre os trabalhos realizados no TRT de Mato Grosso. Profissionais da comunica\u00e7\u00e3o interessados em participar devem fazer pr\u00e9vio agendamento, por meio do&nbsp;e-mail&nbsp;<strong><a href=\"mailto:gcg@tst.jus.br\">gcg@tst.jus.br<\/a><\/strong>, at\u00e9 o dia 24 de novembro, \u00e0s 16h (enviar c\u00f3pia da solicita\u00e7\u00e3o \u00e0 Comunica\u00e7\u00e3o do Tribunal, pelo endere\u00e7o eletr\u00f4nico&nbsp;<strong><a href=\"mailto:comunicacao@trt23.jus.br\">comunicacao@trt23.jus.br<\/a><\/strong>)_.<\/p>\n<p>A coletiva ser\u00e1 realizada por videoconfer\u00eancia, pelo sistema Cisco Webex Meetins (sala da Corregedoria-Geral da Justi\u00e7a do Trabalho), com o link de acesso encaminhado ao e-mail do interessado.<\/p>\n<p><strong>Corregedoria-Geral<\/strong><\/p>\n<p>A Corregedoria-Geral da Justi\u00e7a do Trabalho \u00e9 o \u00f3rg\u00e3o respons\u00e1vel pela fiscaliza\u00e7\u00e3o, disciplina e orienta\u00e7\u00e3o da administra\u00e7\u00e3o da Justi\u00e7a do Trabalho sobre os TRTs, seus magistrados e servi\u00e7os judici\u00e1rios.<\/p>\n<p>De acordo com o artigo 709 da CLT, compete \u00e0 Corregedoria-Geral exercer fun\u00e7\u00f5es de inspe\u00e7\u00e3o e correi\u00e7\u00e3o permanente com rela\u00e7\u00e3o aos TRTs e seus presidentes e decidir reclama\u00e7\u00f5es contra atos que afetem a ordem processual. Est\u00e3o sujeitos \u00e0 essa a\u00e7\u00e3o fiscalizadora os presidentes, desembargadores, se\u00e7\u00f5es e servi\u00e7os judici\u00e1rios dos TRTs, para a verifica\u00e7\u00e3o do andamento dos processos, regularidade dos servi\u00e7os, observ\u00e2ncia de prazos e seus regimentos internos.<\/p>\n<p>(<a href=\"https:\/\/portal.trt23.jus.br\/portal\/noticias\/telepresencial-%E2%80%93-trt-de-mato-grosso-passa-por-correi%C3%A7%C3%A3o-ordin%C3%A1ria-na-pr%C3%B3xima-semana\" target=\"_blank\" rel=\"noopener noreferrer\"><em>Com informa\u00e7\u00f5es do TRT-23<\/em><\/a>)<\/p>\n<p>    $(&#8216;#lightbox-hqzc_ .slider-gallery-wrapper img&#8217;).hover(<br \/>\n    function() {<br \/>\n        const $text=$($($(this).parent()).next());<br \/>\n        $text.hasClass(&#8216;inside-description&#8217;) &amp;&amp; $text.fadeTo( &#8220;slow&#8221; , 0);<br \/>\n    }, function() {<br \/>\n        const $text=$($($(this).parent()).next());<br \/>\n        $text.hasClass(&#8216;inside-description&#8217;) &amp;&amp; $text.fadeTo( &#8220;slow&#8221; , 1);<br \/>\n    }<br \/>\n    );<br \/>\n    $(document).ready(function() {<br \/>\n        var hqzc_autoplaying=false;<br \/>\n        var hqzc_showingLightbox=false;<br \/>\n        const hqzc_playPauseControllers=&#8221;#slider-hqzc_-playpause, #slider-hqzc_-lightbox-playpause&#8221;;<br \/>\n        $(&#8220;#slider-hqzc_&#8221;).slick({<br \/>\n            slidesToShow: 1,<br \/>\n            slidesToScroll: 1,<br \/>\n            autoplay: hqzc_autoplaying,<br \/>\n            swipeToSlide: false,<br \/>\n            centerMode: false,<br \/>\n            autoplaySpeed: 3000,<br \/>\n            focusOnSelect: true,<br \/>\n            prevArrow:<br \/>\n            &#8221;,<br \/>\n            nextArrow:<br \/>\n            &#8221;,<br \/>\n            centerPadding: &#8220;60px&#8221;,<br \/>\n            responsive: [<br \/>\n                {<br \/>\n                    breakpoint: 767.98,<br \/>\n                    settings: {<br \/>\n                        slidesToShow: 3,<br \/>\n                        adaptiveHeight: true<br \/>\n                    }<br \/>\n                }<br \/>\n            ]<br \/>\n        });<br \/>\n        $(&#8220;#slider-hqzc_&#8221;).slickLightbox({<br \/>\n            src: &#8216;src&#8217;,<br \/>\n            itemSelector: &#8216;.galery-image .multimidia-wrapper img&#8217;,<br \/>\n            caption:&#8217;caption&#8217;<br \/>\n        });<br \/>\n    });<br \/>\n<script async src=\"https:\/\/platform.twitter.com\/widgets.js\" charset=\"utf-8\"><\/script><br \/>\n<br \/><i>Com informa\u00e7\u00f5es da assessoria de imprensa do TST.<\/i><br \/>\n<br \/><a href=\"http:\/\/www.tst.jus.br\/web\/guest\/noticias?p_p_id=89Dk&#038;p_p_lifecycle=0&#038;refererPlid=10730&#038;_89Dk_groupId=10157&#038;_89Dk_articleId=26853936\">Fonte<\/a><br \/>\n<br \/><\/p>\n","protected":false},"excerpt":{"rendered":"<p>As atividades come\u00e7am na segunda (23) e seguem at\u00e9 sexta (27). Parte da fachada espelhada do edif\u00edcio-sede do TRT-23 A qualidade dos servi\u00e7os prestados pelo Tribunal Regional do Trabalho da 23\u00aa Regi\u00e3o (MT)&nbsp;ser\u00e1 avaliada na pr\u00f3xima semana, durante correi\u00e7\u00e3o ordin\u00e1ria realizada pela Corregedoria-Geral da Justi\u00e7a do Trabalho (CGJT). As atividades come\u00e7am na segunda (23) e [&hellip;]<\/p>\n","protected":false},"author":3063,"featured_media":5713,"comment_status":"open","ping_status":"open","sticky":false,"template":"","format":"standard","meta":{"footnotes":""},"categories":[3,21],"tags":[33,216,9,12,217,215],"class_list":{"0":"post-7694","1":"post","2":"type-post","3":"status-publish","4":"format-standard","5":"has-post-thumbnail","7":"category-trabalhista","8":"category-tst","9":"tag-calculos-trabalhistas","10":"tag-direito-trabalhista","11":"tag-pericia","12":"tag-perito","13":"tag-trabalho","14":"tag-tst"},"yoast_head":"<!-- This site is optimized with the Yoast SEO plugin v27.2 - https:\/\/yoast.com\/product\/yoast-seo-wordpress\/ -->\n<title>TST: TRT de Mato Grosso passa por correi\u00e7\u00e3o ordin\u00e1ria na pr\u00f3xima semana | Portal de Not\u00edcias<\/title>\n<meta name=\"robots\" content=\"index, follow, max-snippet:-1, max-image-preview:large, max-video-preview:-1\" \/>\n<link rel=\"canonical\" href=\"https:\/\/mhcalculos.com.br\/noticias\/area\/trabalhista\/tst-trt-de-mato-grosso-passa-por-correicao-ordinaria-na-proxima-semana.html\" \/>\n<meta property=\"og:locale\" content=\"pt_BR\" \/>\n<meta property=\"og:type\" content=\"article\" \/>\n<meta property=\"og:title\" content=\"TST: TRT de Mato Grosso passa por correi\u00e7\u00e3o ordin\u00e1ria na pr\u00f3xima semana | Portal de Not\u00edcias\" \/>\n<meta property=\"og:description\" content=\"As atividades come\u00e7am na segunda (23) e seguem at\u00e9 sexta (27). Parte da fachada espelhada do edif\u00edcio-sede do TRT-23 A qualidade dos servi\u00e7os prestados pelo Tribunal Regional do Trabalho da 23\u00aa Regi\u00e3o (MT)&nbsp;ser\u00e1 avaliada na pr\u00f3xima semana, durante correi\u00e7\u00e3o ordin\u00e1ria realizada pela Corregedoria-Geral da Justi\u00e7a do Trabalho (CGJT). As atividades come\u00e7am na segunda (23) e [&hellip;]\" \/>\n<meta property=\"og:url\" content=\"https:\/\/mhcalculos.com.br\/noticias\/area\/trabalhista\/tst-trt-de-mato-grosso-passa-por-correicao-ordinaria-na-proxima-semana.html\" \/>\n<meta property=\"og:site_name\" content=\"Portal de Not\u00edcias\" \/>\n<meta property=\"article:published_time\" content=\"2020-11-20T00:58:00+00:00\" \/>\n<meta property=\"article:modified_time\" content=\"2021-07-28T17:28:34+00:00\" \/>\n<meta property=\"og:image\" content=\"https:\/\/mhcalculos.com.br\/noticias\/wp-content\/uploads\/sites\/2\/2019\/08\/trabalhista-0038.jpg\" \/>\n\t<meta property=\"og:image:width\" content=\"2000\" \/>\n\t<meta property=\"og:image:height\" content=\"800\" \/>\n\t<meta property=\"og:image:type\" content=\"image\/jpeg\" \/>\n<meta name=\"author\" content=\"Equipe MH\" \/>\n<meta name=\"twitter:card\" content=\"summary_large_image\" \/>\n<meta name=\"twitter:label1\" content=\"Escrito por\" \/>\n\t<meta name=\"twitter:data1\" content=\"Equipe MH\" \/>\n\t<meta name=\"twitter:label2\" content=\"Est. tempo de leitura\" \/>\n\t<meta name=\"twitter:data2\" content=\"3 minutos\" \/>\n<script type=\"application\/ld+json\" class=\"yoast-schema-graph\">{\"@context\":\"https:\/\/schema.org\",\"@graph\":[{\"@type\":\"Article\",\"@id\":\"https:\/\/mhcalculos.com.br\/noticias\/area\/trabalhista\/tst-trt-de-mato-grosso-passa-por-correicao-ordinaria-na-proxima-semana.html#article\",\"isPartOf\":{\"@id\":\"https:\/\/mhcalculos.com.br\/noticias\/area\/trabalhista\/tst-trt-de-mato-grosso-passa-por-correicao-ordinaria-na-proxima-semana.html\"},\"author\":{\"name\":\"Equipe MH\",\"@id\":\"https:\/\/mhcalculos.com.br\/noticias\/#\/schema\/person\/88d1c34bf72dc779ea14a5a6b8e0ae8d\"},\"headline\":\"TST: TRT de Mato Grosso passa por correi\u00e7\u00e3o ordin\u00e1ria na pr\u00f3xima semana\",\"datePublished\":\"2020-11-20T00:58:00+00:00\",\"dateModified\":\"2021-07-28T17:28:34+00:00\",\"mainEntityOfPage\":{\"@id\":\"https:\/\/mhcalculos.com.br\/noticias\/area\/trabalhista\/tst-trt-de-mato-grosso-passa-por-correicao-ordinaria-na-proxima-semana.html\"},\"wordCount\":531,\"commentCount\":0,\"image\":{\"@id\":\"https:\/\/mhcalculos.com.br\/noticias\/area\/trabalhista\/tst-trt-de-mato-grosso-passa-por-correicao-ordinaria-na-proxima-semana.html#primaryimage\"},\"thumbnailUrl\":\"https:\/\/mhcalculos.com.br\/noticias\/wp-content\/uploads\/sites\/2\/2019\/08\/trabalhista-0038.jpg\",\"keywords\":[\"c\u00e1lculos trabalhistas\",\"direito trabalhista\",\"per\u00edcia\",\"perito\",\"trabalho\",\"TST\"],\"articleSection\":[\"Direito Trabalhista\",\"TST\"],\"inLanguage\":\"pt-BR\",\"potentialAction\":[{\"@type\":\"CommentAction\",\"name\":\"Comment\",\"target\":[\"https:\/\/mhcalculos.com.br\/noticias\/area\/trabalhista\/tst-trt-de-mato-grosso-passa-por-correicao-ordinaria-na-proxima-semana.html#respond\"]}]},{\"@type\":\"WebPage\",\"@id\":\"https:\/\/mhcalculos.com.br\/noticias\/area\/trabalhista\/tst-trt-de-mato-grosso-passa-por-correicao-ordinaria-na-proxima-semana.html\",\"url\":\"https:\/\/mhcalculos.com.br\/noticias\/area\/trabalhista\/tst-trt-de-mato-grosso-passa-por-correicao-ordinaria-na-proxima-semana.html\",\"name\":\"TST: TRT de Mato Grosso passa por correi\u00e7\u00e3o ordin\u00e1ria na pr\u00f3xima semana | Portal de Not\u00edcias\",\"isPartOf\":{\"@id\":\"https:\/\/mhcalculos.com.br\/noticias\/#website\"},\"primaryImageOfPage\":{\"@id\":\"https:\/\/mhcalculos.com.br\/noticias\/area\/trabalhista\/tst-trt-de-mato-grosso-passa-por-correicao-ordinaria-na-proxima-semana.html#primaryimage\"},\"image\":{\"@id\":\"https:\/\/mhcalculos.com.br\/noticias\/area\/trabalhista\/tst-trt-de-mato-grosso-passa-por-correicao-ordinaria-na-proxima-semana.html#primaryimage\"},\"thumbnailUrl\":\"https:\/\/mhcalculos.com.br\/noticias\/wp-content\/uploads\/sites\/2\/2019\/08\/trabalhista-0038.jpg\",\"datePublished\":\"2020-11-20T00:58:00+00:00\",\"dateModified\":\"2021-07-28T17:28:34+00:00\",\"author\":{\"@id\":\"https:\/\/mhcalculos.com.br\/noticias\/#\/schema\/person\/88d1c34bf72dc779ea14a5a6b8e0ae8d\"},\"breadcrumb\":{\"@id\":\"https:\/\/mhcalculos.com.br\/noticias\/area\/trabalhista\/tst-trt-de-mato-grosso-passa-por-correicao-ordinaria-na-proxima-semana.html#breadcrumb\"},\"inLanguage\":\"pt-BR\",\"potentialAction\":[{\"@type\":\"ReadAction\",\"target\":[\"https:\/\/mhcalculos.com.br\/noticias\/area\/trabalhista\/tst-trt-de-mato-grosso-passa-por-correicao-ordinaria-na-proxima-semana.html\"]}]},{\"@type\":\"ImageObject\",\"inLanguage\":\"pt-BR\",\"@id\":\"https:\/\/mhcalculos.com.br\/noticias\/area\/trabalhista\/tst-trt-de-mato-grosso-passa-por-correicao-ordinaria-na-proxima-semana.html#primaryimage\",\"url\":\"https:\/\/mhcalculos.com.br\/noticias\/wp-content\/uploads\/sites\/2\/2019\/08\/trabalhista-0038.jpg\",\"contentUrl\":\"https:\/\/mhcalculos.com.br\/noticias\/wp-content\/uploads\/sites\/2\/2019\/08\/trabalhista-0038.jpg\",\"width\":2000,\"height\":800},{\"@type\":\"BreadcrumbList\",\"@id\":\"https:\/\/mhcalculos.com.br\/noticias\/area\/trabalhista\/tst-trt-de-mato-grosso-passa-por-correicao-ordinaria-na-proxima-semana.html#breadcrumb\",\"itemListElement\":[{\"@type\":\"ListItem\",\"position\":1,\"name\":\"In\u00edcio\",\"item\":\"https:\/\/mhcalculos.com.br\/noticias\/\"},{\"@type\":\"ListItem\",\"position\":2,\"name\":\"TST: TRT de Mato Grosso passa por correi\u00e7\u00e3o ordin\u00e1ria na pr\u00f3xima semana\"}]},{\"@type\":\"WebSite\",\"@id\":\"https:\/\/mhcalculos.com.br\/noticias\/#website\",\"url\":\"https:\/\/mhcalculos.com.br\/noticias\/\",\"name\":\"Portal de Not\u00edcias\",\"description\":\"Not\u00edcias e Jurisprud\u00eancia\",\"potentialAction\":[{\"@type\":\"SearchAction\",\"target\":{\"@type\":\"EntryPoint\",\"urlTemplate\":\"https:\/\/mhcalculos.com.br\/noticias\/?s={search_term_string}\"},\"query-input\":{\"@type\":\"PropertyValueSpecification\",\"valueRequired\":true,\"valueName\":\"search_term_string\"}}],\"inLanguage\":\"pt-BR\"},{\"@type\":\"Person\",\"@id\":\"https:\/\/mhcalculos.com.br\/noticias\/#\/schema\/person\/88d1c34bf72dc779ea14a5a6b8e0ae8d\",\"name\":\"Equipe MH\",\"image\":{\"@type\":\"ImageObject\",\"inLanguage\":\"pt-BR\",\"@id\":\"https:\/\/secure.gravatar.com\/avatar\/de1c686c2ecc9c5a3f327e3431d819eb39f8f05d4e1045f5a1caad6daaba987f?s=96&d=mm&r=g\",\"url\":\"https:\/\/secure.gravatar.com\/avatar\/de1c686c2ecc9c5a3f327e3431d819eb39f8f05d4e1045f5a1caad6daaba987f?s=96&d=mm&r=g\",\"contentUrl\":\"https:\/\/secure.gravatar.com\/avatar\/de1c686c2ecc9c5a3f327e3431d819eb39f8f05d4e1045f5a1caad6daaba987f?s=96&d=mm&r=g\",\"caption\":\"Equipe MH\"}}]}<\/script>\n<!-- \/ Yoast SEO plugin. -->","yoast_head_json":{"title":"TST: TRT de Mato Grosso passa por correi\u00e7\u00e3o ordin\u00e1ria na pr\u00f3xima semana | Portal de Not\u00edcias","robots":{"index":"index","follow":"follow","max-snippet":"max-snippet:-1","max-image-preview":"max-image-preview:large","max-video-preview":"max-video-preview:-1"},"canonical":"https:\/\/mhcalculos.com.br\/noticias\/area\/trabalhista\/tst-trt-de-mato-grosso-passa-por-correicao-ordinaria-na-proxima-semana.html","og_locale":"pt_BR","og_type":"article","og_title":"TST: TRT de Mato Grosso passa por correi\u00e7\u00e3o ordin\u00e1ria na pr\u00f3xima semana | Portal de Not\u00edcias","og_description":"As atividades come\u00e7am na segunda (23) e seguem at\u00e9 sexta (27). Parte da fachada espelhada do edif\u00edcio-sede do TRT-23 A qualidade dos servi\u00e7os prestados pelo Tribunal Regional do Trabalho da 23\u00aa Regi\u00e3o (MT)&nbsp;ser\u00e1 avaliada na pr\u00f3xima semana, durante correi\u00e7\u00e3o ordin\u00e1ria realizada pela Corregedoria-Geral da Justi\u00e7a do Trabalho (CGJT). As atividades come\u00e7am na segunda (23) e [&hellip;]","og_url":"https:\/\/mhcalculos.com.br\/noticias\/area\/trabalhista\/tst-trt-de-mato-grosso-passa-por-correicao-ordinaria-na-proxima-semana.html","og_site_name":"Portal de Not\u00edcias","article_published_time":"2020-11-20T00:58:00+00:00","article_modified_time":"2021-07-28T17:28:34+00:00","og_image":[{"width":2000,"height":800,"url":"https:\/\/mhcalculos.com.br\/noticias\/wp-content\/uploads\/sites\/2\/2019\/08\/trabalhista-0038.jpg","type":"image\/jpeg"}],"author":"Equipe MH","twitter_card":"summary_large_image","twitter_misc":{"Escrito por":"Equipe MH","Est. tempo de leitura":"3 minutos"},"schema":{"@context":"https:\/\/schema.org","@graph":[{"@type":"Article","@id":"https:\/\/mhcalculos.com.br\/noticias\/area\/trabalhista\/tst-trt-de-mato-grosso-passa-por-correicao-ordinaria-na-proxima-semana.html#article","isPartOf":{"@id":"https:\/\/mhcalculos.com.br\/noticias\/area\/trabalhista\/tst-trt-de-mato-grosso-passa-por-correicao-ordinaria-na-proxima-semana.html"},"author":{"name":"Equipe MH","@id":"https:\/\/mhcalculos.com.br\/noticias\/#\/schema\/person\/88d1c34bf72dc779ea14a5a6b8e0ae8d"},"headline":"TST: TRT de Mato Grosso passa por correi\u00e7\u00e3o ordin\u00e1ria na pr\u00f3xima semana","datePublished":"2020-11-20T00:58:00+00:00","dateModified":"2021-07-28T17:28:34+00:00","mainEntityOfPage":{"@id":"https:\/\/mhcalculos.com.br\/noticias\/area\/trabalhista\/tst-trt-de-mato-grosso-passa-por-correicao-ordinaria-na-proxima-semana.html"},"wordCount":531,"commentCount":0,"image":{"@id":"https:\/\/mhcalculos.com.br\/noticias\/area\/trabalhista\/tst-trt-de-mato-grosso-passa-por-correicao-ordinaria-na-proxima-semana.html#primaryimage"},"thumbnailUrl":"https:\/\/mhcalculos.com.br\/noticias\/wp-content\/uploads\/sites\/2\/2019\/08\/trabalhista-0038.jpg","keywords":["c\u00e1lculos trabalhistas","direito trabalhista","per\u00edcia","perito","trabalho","TST"],"articleSection":["Direito Trabalhista","TST"],"inLanguage":"pt-BR","potentialAction":[{"@type":"CommentAction","name":"Comment","target":["https:\/\/mhcalculos.com.br\/noticias\/area\/trabalhista\/tst-trt-de-mato-grosso-passa-por-correicao-ordinaria-na-proxima-semana.html#respond"]}]},{"@type":"WebPage","@id":"https:\/\/mhcalculos.com.br\/noticias\/area\/trabalhista\/tst-trt-de-mato-grosso-passa-por-correicao-ordinaria-na-proxima-semana.html","url":"https:\/\/mhcalculos.com.br\/noticias\/area\/trabalhista\/tst-trt-de-mato-grosso-passa-por-correicao-ordinaria-na-proxima-semana.html","name":"TST: TRT de Mato Grosso passa por correi\u00e7\u00e3o ordin\u00e1ria na pr\u00f3xima semana | Portal de Not\u00edcias","isPartOf":{"@id":"https:\/\/mhcalculos.com.br\/noticias\/#website"},"primaryImageOfPage":{"@id":"https:\/\/mhcalculos.com.br\/noticias\/area\/trabalhista\/tst-trt-de-mato-grosso-passa-por-correicao-ordinaria-na-proxima-semana.html#primaryimage"},"image":{"@id":"https:\/\/mhcalculos.com.br\/noticias\/area\/trabalhista\/tst-trt-de-mato-grosso-passa-por-correicao-ordinaria-na-proxima-semana.html#primaryimage"},"thumbnailUrl":"https:\/\/mhcalculos.com.br\/noticias\/wp-content\/uploads\/sites\/2\/2019\/08\/trabalhista-0038.jpg","datePublished":"2020-11-20T00:58:00+00:00","dateModified":"2021-07-28T17:28:34+00:00","author":{"@id":"https:\/\/mhcalculos.com.br\/noticias\/#\/schema\/person\/88d1c34bf72dc779ea14a5a6b8e0ae8d"},"breadcrumb":{"@id":"https:\/\/mhcalculos.com.br\/noticias\/area\/trabalhista\/tst-trt-de-mato-grosso-passa-por-correicao-ordinaria-na-proxima-semana.html#breadcrumb"},"inLanguage":"pt-BR","potentialAction":[{"@type":"ReadAction","target":["https:\/\/mhcalculos.com.br\/noticias\/area\/trabalhista\/tst-trt-de-mato-grosso-passa-por-correicao-ordinaria-na-proxima-semana.html"]}]},{"@type":"ImageObject","inLanguage":"pt-BR","@id":"https:\/\/mhcalculos.com.br\/noticias\/area\/trabalhista\/tst-trt-de-mato-grosso-passa-por-correicao-ordinaria-na-proxima-semana.html#primaryimage","url":"https:\/\/mhcalculos.com.br\/noticias\/wp-content\/uploads\/sites\/2\/2019\/08\/trabalhista-0038.jpg","contentUrl":"https:\/\/mhcalculos.com.br\/noticias\/wp-content\/uploads\/sites\/2\/2019\/08\/trabalhista-0038.jpg","width":2000,"height":800},{"@type":"BreadcrumbList","@id":"https:\/\/mhcalculos.com.br\/noticias\/area\/trabalhista\/tst-trt-de-mato-grosso-passa-por-correicao-ordinaria-na-proxima-semana.html#breadcrumb","itemListElement":[{"@type":"ListItem","position":1,"name":"In\u00edcio","item":"https:\/\/mhcalculos.com.br\/noticias\/"},{"@type":"ListItem","position":2,"name":"TST: TRT de Mato Grosso passa por correi\u00e7\u00e3o ordin\u00e1ria na pr\u00f3xima semana"}]},{"@type":"WebSite","@id":"https:\/\/mhcalculos.com.br\/noticias\/#website","url":"https:\/\/mhcalculos.com.br\/noticias\/","name":"Portal de Not\u00edcias","description":"Not\u00edcias e Jurisprud\u00eancia","potentialAction":[{"@type":"SearchAction","target":{"@type":"EntryPoint","urlTemplate":"https:\/\/mhcalculos.com.br\/noticias\/?s={search_term_string}"},"query-input":{"@type":"PropertyValueSpecification","valueRequired":true,"valueName":"search_term_string"}}],"inLanguage":"pt-BR"},{"@type":"Person","@id":"https:\/\/mhcalculos.com.br\/noticias\/#\/schema\/person\/88d1c34bf72dc779ea14a5a6b8e0ae8d","name":"Equipe MH","image":{"@type":"ImageObject","inLanguage":"pt-BR","@id":"https:\/\/secure.gravatar.com\/avatar\/de1c686c2ecc9c5a3f327e3431d819eb39f8f05d4e1045f5a1caad6daaba987f?s=96&d=mm&r=g","url":"https:\/\/secure.gravatar.com\/avatar\/de1c686c2ecc9c5a3f327e3431d819eb39f8f05d4e1045f5a1caad6daaba987f?s=96&d=mm&r=g","contentUrl":"https:\/\/secure.gravatar.com\/avatar\/de1c686c2ecc9c5a3f327e3431d819eb39f8f05d4e1045f5a1caad6daaba987f?s=96&d=mm&r=g","caption":"Equipe MH"}}]}},"_links":{"self":[{"href":"https:\/\/mhcalculos.com.br\/noticias\/wp-json\/wp\/v2\/posts\/7694","targetHints":{"allow":["GET"]}}],"collection":[{"href":"https:\/\/mhcalculos.com.br\/noticias\/wp-json\/wp\/v2\/posts"}],"about":[{"href":"https:\/\/mhcalculos.com.br\/noticias\/wp-json\/wp\/v2\/types\/post"}],"author":[{"embeddable":true,"href":"https:\/\/mhcalculos.com.br\/noticias\/wp-json\/wp\/v2\/users\/3063"}],"replies":[{"embeddable":true,"href":"https:\/\/mhcalculos.com.br\/noticias\/wp-json\/wp\/v2\/comments?post=7694"}],"version-history":[{"count":1,"href":"https:\/\/mhcalculos.com.br\/noticias\/wp-json\/wp\/v2\/posts\/7694\/revisions"}],"predecessor-version":[{"id":8707,"href":"https:\/\/mhcalculos.com.br\/noticias\/wp-json\/wp\/v2\/posts\/7694\/revisions\/8707"}],"wp:featuredmedia":[{"embeddable":true,"href":"https:\/\/mhcalculos.com.br\/noticias\/wp-json\/wp\/v2\/media\/5713"}],"wp:attachment":[{"href":"https:\/\/mhcalculos.com.br\/noticias\/wp-json\/wp\/v2\/media?parent=7694"}],"wp:term":[{"taxonomy":"category","embeddable":true,"href":"https:\/\/mhcalculos.com.br\/noticias\/wp-json\/wp\/v2\/categories?post=7694"},{"taxonomy":"post_tag","embeddable":true,"href":"https:\/\/mhcalculos.com.br\/noticias\/wp-json\/wp\/v2\/tags?post=7694"}],"curies":[{"name":"wp","href":"https:\/\/api.w.org\/{rel}","templated":true}]}}