{"id":7685,"date":"2020-11-17T11:05:08","date_gmt":"2020-11-17T14:05:08","guid":{"rendered":"https:\/\/mhcalculos.com.br\/noticias\/area\/previdenciario\/stf-stf-decide-que-julgamento-do-mensalao-nao-anula-reforma-da-previdencia-de-2003.html"},"modified":"2021-07-28T14:28:35","modified_gmt":"2021-07-28T17:28:35","slug":"stf-stf-decide-que-julgamento-do-mensalao-nao-anula-reforma-da-previdencia-de-2003","status":"publish","type":"post","link":"https:\/\/mhcalculos.com.br\/noticias\/area\/previdenciario\/stf-stf-decide-que-julgamento-do-mensalao-nao-anula-reforma-da-previdencia-de-2003.html","title":{"rendered":"STF: STF decide que julgamento do &quot;mensal\u00e3o&quot; n\u00e3o anula Reforma da Previd\u00eancia de 2003"},"content":{"rendered":"<p><br \/>\n<\/p>\n<p>O Plen\u00e1rio do Supremo Tribunal Federal (STF) julgou improcedentes tr\u00eas A\u00e7\u00f5es Diretas de Inconstitucionalidade (ADIs 4887, 4888 e 4889) ajuizadas contra a Emenda Constitucional (EC) 41\/2003 (Reforma da Previd\u00eancia) sob alega\u00e7\u00e3o de que a mat\u00e9ria teria sido aprovada por meio de compra de votos, com o aux\u00edlio de parlamentares condenados na A\u00e7\u00e3o Penal (AP) 470, referente ao &quot;mensal\u00e3o&quot;. A decis\u00e3o, un\u00e2nime, foi tomada na sess\u00e3o virtual encerrada em 10\/11 e seguiu o voto da ministra C\u00e1rmen L\u00facia, relatora dos processos.<\/p>\n<p>A Associa\u00e7\u00e3o dos Delegados de Pol\u00edcia do Brasil (Adepol\/Brasil), a Confedera\u00e7\u00e3o dos Servidores P\u00fablicos do Brasil (CSPB) e o Partido Socialismo e Liberdade (Psol) argumentavam, nas a\u00e7\u00f5es, que a Reforma da Previd\u00eancia de 2003 era fruto de um processo legislativo fraudulento, que corrompeu a express\u00e3o da vontade popular. Na ADI 4887, a Adepol questionava, pelos mesmos motivos, a aprova\u00e7\u00e3o da Emenda Constitucional 47\/2005, que alterou pontos da EC 41\/2003. Esse pedido tamb\u00e9m foi julgado improcedente.<\/p>\n<p><b>Processo legislativo<\/b><\/p>\n<p>Em seu voto, a ministra C\u00e1rmen L\u00facia explicou que, sob o aspecto formal, as emendas constitucionais devem respeitar o devido processo legislativo, que inclui, entre outros requisitos, a observ\u00e2ncia dos princ\u00edpios da moralidade e da probidade. Segundo ela, \u00e9 poss\u00edvel o reconhecimento de inconstitucionalidade formal no processo de reforma constituinte quando houver v\u00edcio de manifesta\u00e7\u00e3o de vontade do parlamentar, pela pr\u00e1tica de il\u00edcitos.<\/p>\n<p>Por\u00e9m, para tanto, \u00e9 necess\u00e1ria a demonstra\u00e7\u00e3o inequ\u00edvoca de que, sem os votos viciados pela ilicitude, o resultado teria sido outro. No caso, ela registrou que sete parlamentares foram condenados pelo Supremo na AP 470, por ficar comprovado que eles participaram do esquema de compra e venda de votos e apoio pol\u00edtico conhecido como mensal\u00e3o. Portanto, o n\u00famero comprovado de &ldquo;votos comprados&rdquo; n\u00e3o \u00e9 suficiente para comprometer as vota\u00e7\u00f5es das ECs 41\/2003 e 47\/2005. &ldquo;Ainda que retirados os votos viciados, permanece respeitado o r\u00edgido qu\u00f3rum estabelecido na Constitui\u00e7\u00e3o Federal para aprova\u00e7\u00e3o de emendas constitucionais, que \u00e9 tr\u00eas quintos em cada casa do Congresso Nacional&quot;, assinalou.<\/p>\n<p><b>Decoro parlamentar<\/b><\/p>\n<p>A ministra acrescentou que, no julgamento da AP 470, o STF chegou \u00e0 conclus\u00e3o de que, pelos elementos probat\u00f3rios produzidos, n\u00e3o seria poss\u00edvel precisar quais vota\u00e7\u00f5es caracterizariam quebra de decoro parlamentar decorrente de valores recebidos para influenciar nas decis\u00f5es parlamentares.<\/p>\n<p><span style=\"font-size: smaller\">RR\/AD\/\/CF<\/span><\/p>\n<p>Leia mais:<\/p>\n<p>12\/12\/2012 &#8211; <a href=\"http:\/\/portal.stf.jus.br\/noticias\/verNoticiaDetalhe.asp?idConteudo=226456&amp;amp;ori=1\">ADIs questionam Reforma da Previd\u00eancia em raz\u00e3o do julgamento da AP 470<\/a><br \/>\n&nbsp;<\/p>\n<p><i>Com informa\u00e7\u00f5es da assessoria de imprensa do STF.<\/i><br \/>\n<br \/><br \/>\n<br \/><a href=\"http:\/\/www.stf.jus.br\/portal\/cms\/verNoticiaDetalhe.asp?idConteudo=455360\">Fonte<\/a><\/p>\n","protected":false},"excerpt":{"rendered":"<p>O Plen\u00e1rio do Supremo Tribunal Federal (STF) julgou improcedentes tr\u00eas A\u00e7\u00f5es Diretas de Inconstitucionalidade (ADIs 4887, 4888 e 4889) ajuizadas contra a Emenda Constitucional (EC) 41\/2003 (Reforma da Previd\u00eancia) sob alega\u00e7\u00e3o de que a mat\u00e9ria teria sido aprovada por meio de compra de votos, com o aux\u00edlio de parlamentares condenados na A\u00e7\u00e3o Penal (AP) 470, [&hellip;]<\/p>\n","protected":false},"author":3063,"featured_media":0,"comment_status":"open","ping_status":"open","sticky":false,"template":"","format":"standard","meta":{"footnotes":""},"categories":[5,15],"tags":[11,10,8,13,9,12,16],"class_list":{"0":"post-7685","1":"post","2":"type-post","3":"status-publish","4":"format-standard","6":"category-previdenciario","7":"category-stf","8":"tag-aposentadoria","9":"tag-calculos-previdenciarios","10":"tag-direito-previdenciario","11":"tag-inss","12":"tag-pericia","13":"tag-perito","14":"tag-stf"},"yoast_head":"<!-- This site is optimized with the Yoast SEO plugin v27.2 - https:\/\/yoast.com\/product\/yoast-seo-wordpress\/ -->\n<title>STF: STF decide que julgamento do &quot;mensal\u00e3o&quot; n\u00e3o anula Reforma da Previd\u00eancia de 2003 | Portal de Not\u00edcias<\/title>\n<meta name=\"robots\" content=\"index, follow, max-snippet:-1, max-image-preview:large, max-video-preview:-1\" \/>\n<link rel=\"canonical\" href=\"https:\/\/mhcalculos.com.br\/noticias\/area\/previdenciario\/stf-stf-decide-que-julgamento-do-mensalao-nao-anula-reforma-da-previdencia-de-2003.html\" \/>\n<meta property=\"og:locale\" content=\"pt_BR\" \/>\n<meta property=\"og:type\" content=\"article\" \/>\n<meta property=\"og:title\" content=\"STF: STF decide que julgamento do &quot;mensal\u00e3o&quot; n\u00e3o anula Reforma da Previd\u00eancia de 2003 | Portal de Not\u00edcias\" \/>\n<meta property=\"og:description\" content=\"O Plen\u00e1rio do Supremo Tribunal Federal (STF) julgou improcedentes tr\u00eas A\u00e7\u00f5es Diretas de Inconstitucionalidade (ADIs 4887, 4888 e 4889) ajuizadas contra a Emenda Constitucional (EC) 41\/2003 (Reforma da Previd\u00eancia) sob alega\u00e7\u00e3o de que a mat\u00e9ria teria sido aprovada por meio de compra de votos, com o aux\u00edlio de parlamentares condenados na A\u00e7\u00e3o Penal (AP) 470, [&hellip;]\" \/>\n<meta property=\"og:url\" content=\"https:\/\/mhcalculos.com.br\/noticias\/area\/previdenciario\/stf-stf-decide-que-julgamento-do-mensalao-nao-anula-reforma-da-previdencia-de-2003.html\" \/>\n<meta property=\"og:site_name\" content=\"Portal de Not\u00edcias\" \/>\n<meta property=\"article:published_time\" content=\"2020-11-17T14:05:08+00:00\" \/>\n<meta property=\"article:modified_time\" content=\"2021-07-28T17:28:35+00:00\" \/>\n<meta name=\"author\" content=\"Equipe MH\" \/>\n<meta name=\"twitter:card\" content=\"summary_large_image\" \/>\n<meta name=\"twitter:label1\" content=\"Escrito por\" \/>\n\t<meta name=\"twitter:data1\" content=\"Equipe MH\" \/>\n\t<meta name=\"twitter:label2\" content=\"Est. tempo de leitura\" \/>\n\t<meta name=\"twitter:data2\" content=\"2 minutos\" \/>\n<script type=\"application\/ld+json\" class=\"yoast-schema-graph\">{\"@context\":\"https:\/\/schema.org\",\"@graph\":[{\"@type\":\"Article\",\"@id\":\"https:\/\/mhcalculos.com.br\/noticias\/area\/previdenciario\/stf-stf-decide-que-julgamento-do-mensalao-nao-anula-reforma-da-previdencia-de-2003.html#article\",\"isPartOf\":{\"@id\":\"https:\/\/mhcalculos.com.br\/noticias\/area\/previdenciario\/stf-stf-decide-que-julgamento-do-mensalao-nao-anula-reforma-da-previdencia-de-2003.html\"},\"author\":{\"name\":\"Equipe MH\",\"@id\":\"https:\/\/mhcalculos.com.br\/noticias\/#\/schema\/person\/88d1c34bf72dc779ea14a5a6b8e0ae8d\"},\"headline\":\"STF: STF decide que julgamento do &quot;mensal\u00e3o&quot; n\u00e3o anula Reforma da Previd\u00eancia de 2003\",\"datePublished\":\"2020-11-17T14:05:08+00:00\",\"dateModified\":\"2021-07-28T17:28:35+00:00\",\"mainEntityOfPage\":{\"@id\":\"https:\/\/mhcalculos.com.br\/noticias\/area\/previdenciario\/stf-stf-decide-que-julgamento-do-mensalao-nao-anula-reforma-da-previdencia-de-2003.html\"},\"wordCount\":457,\"commentCount\":0,\"keywords\":[\"aposentadoria\",\"c\u00e1lculos previdenci\u00e1rios\",\"direito previdenci\u00e1rio\",\"inss\",\"per\u00edcia\",\"perito\",\"stf\"],\"articleSection\":[\"Direito Previdenci\u00e1rio\",\"STF\"],\"inLanguage\":\"pt-BR\",\"potentialAction\":[{\"@type\":\"CommentAction\",\"name\":\"Comment\",\"target\":[\"https:\/\/mhcalculos.com.br\/noticias\/area\/previdenciario\/stf-stf-decide-que-julgamento-do-mensalao-nao-anula-reforma-da-previdencia-de-2003.html#respond\"]}]},{\"@type\":\"WebPage\",\"@id\":\"https:\/\/mhcalculos.com.br\/noticias\/area\/previdenciario\/stf-stf-decide-que-julgamento-do-mensalao-nao-anula-reforma-da-previdencia-de-2003.html\",\"url\":\"https:\/\/mhcalculos.com.br\/noticias\/area\/previdenciario\/stf-stf-decide-que-julgamento-do-mensalao-nao-anula-reforma-da-previdencia-de-2003.html\",\"name\":\"STF: STF decide que julgamento do &quot;mensal\u00e3o&quot; n\u00e3o anula Reforma da Previd\u00eancia de 2003 | Portal de Not\u00edcias\",\"isPartOf\":{\"@id\":\"https:\/\/mhcalculos.com.br\/noticias\/#website\"},\"datePublished\":\"2020-11-17T14:05:08+00:00\",\"dateModified\":\"2021-07-28T17:28:35+00:00\",\"author\":{\"@id\":\"https:\/\/mhcalculos.com.br\/noticias\/#\/schema\/person\/88d1c34bf72dc779ea14a5a6b8e0ae8d\"},\"breadcrumb\":{\"@id\":\"https:\/\/mhcalculos.com.br\/noticias\/area\/previdenciario\/stf-stf-decide-que-julgamento-do-mensalao-nao-anula-reforma-da-previdencia-de-2003.html#breadcrumb\"},\"inLanguage\":\"pt-BR\",\"potentialAction\":[{\"@type\":\"ReadAction\",\"target\":[\"https:\/\/mhcalculos.com.br\/noticias\/area\/previdenciario\/stf-stf-decide-que-julgamento-do-mensalao-nao-anula-reforma-da-previdencia-de-2003.html\"]}]},{\"@type\":\"BreadcrumbList\",\"@id\":\"https:\/\/mhcalculos.com.br\/noticias\/area\/previdenciario\/stf-stf-decide-que-julgamento-do-mensalao-nao-anula-reforma-da-previdencia-de-2003.html#breadcrumb\",\"itemListElement\":[{\"@type\":\"ListItem\",\"position\":1,\"name\":\"In\u00edcio\",\"item\":\"https:\/\/mhcalculos.com.br\/noticias\/\"},{\"@type\":\"ListItem\",\"position\":2,\"name\":\"STF: STF decide que julgamento do &quot;mensal\u00e3o&quot; n\u00e3o anula Reforma da Previd\u00eancia de 2003\"}]},{\"@type\":\"WebSite\",\"@id\":\"https:\/\/mhcalculos.com.br\/noticias\/#website\",\"url\":\"https:\/\/mhcalculos.com.br\/noticias\/\",\"name\":\"Portal de Not\u00edcias\",\"description\":\"Not\u00edcias e Jurisprud\u00eancia\",\"potentialAction\":[{\"@type\":\"SearchAction\",\"target\":{\"@type\":\"EntryPoint\",\"urlTemplate\":\"https:\/\/mhcalculos.com.br\/noticias\/?s={search_term_string}\"},\"query-input\":{\"@type\":\"PropertyValueSpecification\",\"valueRequired\":true,\"valueName\":\"search_term_string\"}}],\"inLanguage\":\"pt-BR\"},{\"@type\":\"Person\",\"@id\":\"https:\/\/mhcalculos.com.br\/noticias\/#\/schema\/person\/88d1c34bf72dc779ea14a5a6b8e0ae8d\",\"name\":\"Equipe MH\",\"image\":{\"@type\":\"ImageObject\",\"inLanguage\":\"pt-BR\",\"@id\":\"https:\/\/secure.gravatar.com\/avatar\/de1c686c2ecc9c5a3f327e3431d819eb39f8f05d4e1045f5a1caad6daaba987f?s=96&d=mm&r=g\",\"url\":\"https:\/\/secure.gravatar.com\/avatar\/de1c686c2ecc9c5a3f327e3431d819eb39f8f05d4e1045f5a1caad6daaba987f?s=96&d=mm&r=g\",\"contentUrl\":\"https:\/\/secure.gravatar.com\/avatar\/de1c686c2ecc9c5a3f327e3431d819eb39f8f05d4e1045f5a1caad6daaba987f?s=96&d=mm&r=g\",\"caption\":\"Equipe MH\"}}]}<\/script>\n<!-- \/ Yoast SEO plugin. -->","yoast_head_json":{"title":"STF: STF decide que julgamento do &quot;mensal\u00e3o&quot; n\u00e3o anula Reforma da Previd\u00eancia de 2003 | Portal de Not\u00edcias","robots":{"index":"index","follow":"follow","max-snippet":"max-snippet:-1","max-image-preview":"max-image-preview:large","max-video-preview":"max-video-preview:-1"},"canonical":"https:\/\/mhcalculos.com.br\/noticias\/area\/previdenciario\/stf-stf-decide-que-julgamento-do-mensalao-nao-anula-reforma-da-previdencia-de-2003.html","og_locale":"pt_BR","og_type":"article","og_title":"STF: STF decide que julgamento do &quot;mensal\u00e3o&quot; n\u00e3o anula Reforma da Previd\u00eancia de 2003 | Portal de Not\u00edcias","og_description":"O Plen\u00e1rio do Supremo Tribunal Federal (STF) julgou improcedentes tr\u00eas A\u00e7\u00f5es Diretas de Inconstitucionalidade (ADIs 4887, 4888 e 4889) ajuizadas contra a Emenda Constitucional (EC) 41\/2003 (Reforma da Previd\u00eancia) sob alega\u00e7\u00e3o de que a mat\u00e9ria teria sido aprovada por meio de compra de votos, com o aux\u00edlio de parlamentares condenados na A\u00e7\u00e3o Penal (AP) 470, [&hellip;]","og_url":"https:\/\/mhcalculos.com.br\/noticias\/area\/previdenciario\/stf-stf-decide-que-julgamento-do-mensalao-nao-anula-reforma-da-previdencia-de-2003.html","og_site_name":"Portal de Not\u00edcias","article_published_time":"2020-11-17T14:05:08+00:00","article_modified_time":"2021-07-28T17:28:35+00:00","author":"Equipe MH","twitter_card":"summary_large_image","twitter_misc":{"Escrito por":"Equipe MH","Est. tempo de leitura":"2 minutos"},"schema":{"@context":"https:\/\/schema.org","@graph":[{"@type":"Article","@id":"https:\/\/mhcalculos.com.br\/noticias\/area\/previdenciario\/stf-stf-decide-que-julgamento-do-mensalao-nao-anula-reforma-da-previdencia-de-2003.html#article","isPartOf":{"@id":"https:\/\/mhcalculos.com.br\/noticias\/area\/previdenciario\/stf-stf-decide-que-julgamento-do-mensalao-nao-anula-reforma-da-previdencia-de-2003.html"},"author":{"name":"Equipe MH","@id":"https:\/\/mhcalculos.com.br\/noticias\/#\/schema\/person\/88d1c34bf72dc779ea14a5a6b8e0ae8d"},"headline":"STF: STF decide que julgamento do &quot;mensal\u00e3o&quot; n\u00e3o anula Reforma da Previd\u00eancia de 2003","datePublished":"2020-11-17T14:05:08+00:00","dateModified":"2021-07-28T17:28:35+00:00","mainEntityOfPage":{"@id":"https:\/\/mhcalculos.com.br\/noticias\/area\/previdenciario\/stf-stf-decide-que-julgamento-do-mensalao-nao-anula-reforma-da-previdencia-de-2003.html"},"wordCount":457,"commentCount":0,"keywords":["aposentadoria","c\u00e1lculos previdenci\u00e1rios","direito previdenci\u00e1rio","inss","per\u00edcia","perito","stf"],"articleSection":["Direito Previdenci\u00e1rio","STF"],"inLanguage":"pt-BR","potentialAction":[{"@type":"CommentAction","name":"Comment","target":["https:\/\/mhcalculos.com.br\/noticias\/area\/previdenciario\/stf-stf-decide-que-julgamento-do-mensalao-nao-anula-reforma-da-previdencia-de-2003.html#respond"]}]},{"@type":"WebPage","@id":"https:\/\/mhcalculos.com.br\/noticias\/area\/previdenciario\/stf-stf-decide-que-julgamento-do-mensalao-nao-anula-reforma-da-previdencia-de-2003.html","url":"https:\/\/mhcalculos.com.br\/noticias\/area\/previdenciario\/stf-stf-decide-que-julgamento-do-mensalao-nao-anula-reforma-da-previdencia-de-2003.html","name":"STF: STF decide que julgamento do &quot;mensal\u00e3o&quot; n\u00e3o anula Reforma da Previd\u00eancia de 2003 | Portal de Not\u00edcias","isPartOf":{"@id":"https:\/\/mhcalculos.com.br\/noticias\/#website"},"datePublished":"2020-11-17T14:05:08+00:00","dateModified":"2021-07-28T17:28:35+00:00","author":{"@id":"https:\/\/mhcalculos.com.br\/noticias\/#\/schema\/person\/88d1c34bf72dc779ea14a5a6b8e0ae8d"},"breadcrumb":{"@id":"https:\/\/mhcalculos.com.br\/noticias\/area\/previdenciario\/stf-stf-decide-que-julgamento-do-mensalao-nao-anula-reforma-da-previdencia-de-2003.html#breadcrumb"},"inLanguage":"pt-BR","potentialAction":[{"@type":"ReadAction","target":["https:\/\/mhcalculos.com.br\/noticias\/area\/previdenciario\/stf-stf-decide-que-julgamento-do-mensalao-nao-anula-reforma-da-previdencia-de-2003.html"]}]},{"@type":"BreadcrumbList","@id":"https:\/\/mhcalculos.com.br\/noticias\/area\/previdenciario\/stf-stf-decide-que-julgamento-do-mensalao-nao-anula-reforma-da-previdencia-de-2003.html#breadcrumb","itemListElement":[{"@type":"ListItem","position":1,"name":"In\u00edcio","item":"https:\/\/mhcalculos.com.br\/noticias\/"},{"@type":"ListItem","position":2,"name":"STF: STF decide que julgamento do &quot;mensal\u00e3o&quot; n\u00e3o anula Reforma da Previd\u00eancia de 2003"}]},{"@type":"WebSite","@id":"https:\/\/mhcalculos.com.br\/noticias\/#website","url":"https:\/\/mhcalculos.com.br\/noticias\/","name":"Portal de Not\u00edcias","description":"Not\u00edcias e Jurisprud\u00eancia","potentialAction":[{"@type":"SearchAction","target":{"@type":"EntryPoint","urlTemplate":"https:\/\/mhcalculos.com.br\/noticias\/?s={search_term_string}"},"query-input":{"@type":"PropertyValueSpecification","valueRequired":true,"valueName":"search_term_string"}}],"inLanguage":"pt-BR"},{"@type":"Person","@id":"https:\/\/mhcalculos.com.br\/noticias\/#\/schema\/person\/88d1c34bf72dc779ea14a5a6b8e0ae8d","name":"Equipe MH","image":{"@type":"ImageObject","inLanguage":"pt-BR","@id":"https:\/\/secure.gravatar.com\/avatar\/de1c686c2ecc9c5a3f327e3431d819eb39f8f05d4e1045f5a1caad6daaba987f?s=96&d=mm&r=g","url":"https:\/\/secure.gravatar.com\/avatar\/de1c686c2ecc9c5a3f327e3431d819eb39f8f05d4e1045f5a1caad6daaba987f?s=96&d=mm&r=g","contentUrl":"https:\/\/secure.gravatar.com\/avatar\/de1c686c2ecc9c5a3f327e3431d819eb39f8f05d4e1045f5a1caad6daaba987f?s=96&d=mm&r=g","caption":"Equipe MH"}}]}},"_links":{"self":[{"href":"https:\/\/mhcalculos.com.br\/noticias\/wp-json\/wp\/v2\/posts\/7685","targetHints":{"allow":["GET"]}}],"collection":[{"href":"https:\/\/mhcalculos.com.br\/noticias\/wp-json\/wp\/v2\/posts"}],"about":[{"href":"https:\/\/mhcalculos.com.br\/noticias\/wp-json\/wp\/v2\/types\/post"}],"author":[{"embeddable":true,"href":"https:\/\/mhcalculos.com.br\/noticias\/wp-json\/wp\/v2\/users\/3063"}],"replies":[{"embeddable":true,"href":"https:\/\/mhcalculos.com.br\/noticias\/wp-json\/wp\/v2\/comments?post=7685"}],"version-history":[{"count":1,"href":"https:\/\/mhcalculos.com.br\/noticias\/wp-json\/wp\/v2\/posts\/7685\/revisions"}],"predecessor-version":[{"id":8712,"href":"https:\/\/mhcalculos.com.br\/noticias\/wp-json\/wp\/v2\/posts\/7685\/revisions\/8712"}],"wp:attachment":[{"href":"https:\/\/mhcalculos.com.br\/noticias\/wp-json\/wp\/v2\/media?parent=7685"}],"wp:term":[{"taxonomy":"category","embeddable":true,"href":"https:\/\/mhcalculos.com.br\/noticias\/wp-json\/wp\/v2\/categories?post=7685"},{"taxonomy":"post_tag","embeddable":true,"href":"https:\/\/mhcalculos.com.br\/noticias\/wp-json\/wp\/v2\/tags?post=7685"}],"curies":[{"name":"wp","href":"https:\/\/api.w.org\/{rel}","templated":true}]}}