{"id":7684,"date":"2020-11-16T16:40:00","date_gmt":"2020-11-16T19:40:00","guid":{"rendered":"https:\/\/mhcalculos.com.br\/noticias\/area\/trabalhista\/tst-tribunal-inaugura-novo-sistema-de-iluminacao-durante-outubro-rosa.html"},"modified":"2021-07-28T14:28:36","modified_gmt":"2021-07-28T17:28:36","slug":"tst-tribunal-inaugura-novo-sistema-de-iluminacao-durante-outubro-rosa","status":"publish","type":"post","link":"https:\/\/mhcalculos.com.br\/noticias\/area\/trabalhista\/tst-tribunal-inaugura-novo-sistema-de-iluminacao-durante-outubro-rosa.html","title":{"rendered":"TST: Tribunal&nbsp;inaugura novo sistema de ilumina\u00e7\u00e3o durante Outubro Rosa"},"content":{"rendered":"<p><br \/>\n<\/p>\n<p ><em>Novo sistema permite economia de energia em cerca de 40%<\/em><\/p>\n<p >O m\u00eas de outubro chegou, e, com ele, a necessidade de conscientizar e alertar a sociedade sobre a import\u00e2ncia da preven\u00e7\u00e3o e do diagn\u00f3stico precoce do c\u00e2ncer de mama. Em apoio \u00e0 causa, mais uma vez o Tribunal Superior do Trabalho (TST) iluminar\u00e1 &nbsp;as fachadas dos blocos A e B com a cor rosa. Mas, neste ano, com uma novidade: uma nova estrutura, totalmente automatizada, permitir\u00e1 dar mais intensidade \u00e0 ilumina\u00e7\u00e3o do pr\u00e9dio.&nbsp;<\/p>\n<p >A mudan\u00e7a \u00e9 resultado da moderniza\u00e7\u00e3o do sistema de ilumina\u00e7\u00e3o externa do TST. No total, s\u00e3o 69 novos projetores que substitu\u00edram as l\u00e2mpadas de vapor met\u00e1lico anteriormente usadas e oferecerem&nbsp;mais pot\u00eancia, qualidade e efici\u00eancia \u00e0 ilumina\u00e7\u00e3o do local. O novo sistema &nbsp;tamb\u00e9m permite economia de energia em cerca de 40%.&nbsp;<\/p>\n<p >A ideia de inaugurar o novo sistema em outubro partiu da presidente do TST, ministra Maria Cristina Peduzzi. \u201cAl\u00e9m dos benef\u00edcios que a nova estrutura traz, a inaugura\u00e7\u00e3o dessa ilumina\u00e7\u00e3o durante o m\u00eas de outubro tem um significado muito importante que \u00e9 o de alertar as mulheres sobre a import\u00e2ncia do diagn\u00f3stico precoce contra o c\u00e2ncer de mama\u201d, afirmou a presidente do TST.&nbsp;<\/p>\n<p >As luzes das fachadas ficar\u00e3o acesas na cor rosa das 18h10 \u00e0s 23h, de segunda a sexta-feira, durante todo o m\u00eas de outubro.<\/p>\n<p ><strong>La\u00e7o rosa<\/strong><\/p>\n<p >A campanha Outubro Rosa \u00e9 conhecida mundialmente e foi criada na d\u00e9cada de 1990, com o movimento \u201cCorrida pela Cura\u201d, organizado pela Funda\u00e7\u00e3o Susan G. Komen for the Cure. Na ocasi\u00e3o foram distribu\u00eddos la\u00e7os cor de rosa que marcam at\u00e9 hoje a luta contra o c\u00e2ncer de mama.<\/p>\n<p >Atualmente, diversas institui\u00e7\u00f5es p\u00fablicas e privadas aderem ao movimento, intensificando a\u00e7\u00f5es para a conscientiza\u00e7\u00e3o da sociedade sobre a necessidade de preven\u00e7\u00e3o da doen\u00e7a. Iniciativas como a ilumina\u00e7\u00e3o de pr\u00e9dios na cor rosa, durante o m\u00eas de outubro, ajudam a dar visibilidade \u00e0 campanha.<\/p>\n<p>(Secom)<\/p>\n<p><i>Com informa\u00e7\u00f5es da assessoria de imprensa do TST.<\/i><br \/>\n<br \/><a href=\"http:\/\/www.tst.jus.br\/web\/guest\/noticias?p_p_id=89Dk&#038;p_p_lifecycle=0&#038;refererPlid=10730&#038;_89Dk_groupId=10157&#038;_89Dk_articleId=26845053\">Fonte<\/a><br \/>\n<br \/><\/p>\n","protected":false},"excerpt":{"rendered":"<p>Novo sistema permite economia de energia em cerca de 40% O m\u00eas de outubro chegou, e, com ele, a necessidade de conscientizar e alertar a sociedade sobre a import\u00e2ncia da preven\u00e7\u00e3o e do diagn\u00f3stico precoce do c\u00e2ncer de mama. Em apoio \u00e0 causa, mais uma vez o Tribunal Superior do Trabalho (TST) iluminar\u00e1 &nbsp;as fachadas [&hellip;]<\/p>\n","protected":false},"author":3063,"featured_media":2779,"comment_status":"open","ping_status":"open","sticky":false,"template":"","format":"standard","meta":{"footnotes":""},"categories":[3,21],"tags":[33,216,9,12,217,215],"class_list":{"0":"post-7684","1":"post","2":"type-post","3":"status-publish","4":"format-standard","5":"has-post-thumbnail","7":"category-trabalhista","8":"category-tst","9":"tag-calculos-trabalhistas","10":"tag-direito-trabalhista","11":"tag-pericia","12":"tag-perito","13":"tag-trabalho","14":"tag-tst"},"yoast_head":"<!-- This site is optimized with the Yoast SEO plugin v27.2 - https:\/\/yoast.com\/product\/yoast-seo-wordpress\/ -->\n<title>TST: Tribunal&nbsp;inaugura novo sistema de ilumina\u00e7\u00e3o durante Outubro Rosa | Portal de Not\u00edcias<\/title>\n<meta name=\"robots\" content=\"index, follow, max-snippet:-1, max-image-preview:large, max-video-preview:-1\" \/>\n<link rel=\"canonical\" href=\"https:\/\/mhcalculos.com.br\/noticias\/area\/trabalhista\/tst-tribunal-inaugura-novo-sistema-de-iluminacao-durante-outubro-rosa.html\" \/>\n<meta property=\"og:locale\" content=\"pt_BR\" \/>\n<meta property=\"og:type\" content=\"article\" \/>\n<meta property=\"og:title\" content=\"TST: Tribunal&nbsp;inaugura novo sistema de ilumina\u00e7\u00e3o durante Outubro Rosa | Portal de Not\u00edcias\" \/>\n<meta property=\"og:description\" content=\"Novo sistema permite economia de energia em cerca de 40% O m\u00eas de outubro chegou, e, com ele, a necessidade de conscientizar e alertar a sociedade sobre a import\u00e2ncia da preven\u00e7\u00e3o e do diagn\u00f3stico precoce do c\u00e2ncer de mama. Em apoio \u00e0 causa, mais uma vez o Tribunal Superior do Trabalho (TST) iluminar\u00e1 &nbsp;as fachadas [&hellip;]\" \/>\n<meta property=\"og:url\" content=\"https:\/\/mhcalculos.com.br\/noticias\/area\/trabalhista\/tst-tribunal-inaugura-novo-sistema-de-iluminacao-durante-outubro-rosa.html\" \/>\n<meta property=\"og:site_name\" content=\"Portal de Not\u00edcias\" \/>\n<meta property=\"article:published_time\" content=\"2020-11-16T19:40:00+00:00\" \/>\n<meta property=\"article:modified_time\" content=\"2021-07-28T17:28:36+00:00\" \/>\n<meta property=\"og:image\" content=\"https:\/\/mhcalculos.com.br\/noticias\/wp-content\/uploads\/sites\/2\/2018\/08\/judiciario-0009.jpg\" \/>\n\t<meta property=\"og:image:width\" content=\"2000\" \/>\n\t<meta property=\"og:image:height\" content=\"800\" \/>\n\t<meta property=\"og:image:type\" content=\"image\/jpeg\" \/>\n<meta name=\"author\" content=\"Equipe MH\" \/>\n<meta name=\"twitter:card\" content=\"summary_large_image\" \/>\n<meta name=\"twitter:label1\" content=\"Escrito por\" \/>\n\t<meta name=\"twitter:data1\" content=\"Equipe MH\" \/>\n\t<meta name=\"twitter:label2\" content=\"Est. tempo de leitura\" \/>\n\t<meta name=\"twitter:data2\" content=\"2 minutos\" \/>\n<script type=\"application\/ld+json\" class=\"yoast-schema-graph\">{\"@context\":\"https:\/\/schema.org\",\"@graph\":[{\"@type\":\"Article\",\"@id\":\"https:\/\/mhcalculos.com.br\/noticias\/area\/trabalhista\/tst-tribunal-inaugura-novo-sistema-de-iluminacao-durante-outubro-rosa.html#article\",\"isPartOf\":{\"@id\":\"https:\/\/mhcalculos.com.br\/noticias\/area\/trabalhista\/tst-tribunal-inaugura-novo-sistema-de-iluminacao-durante-outubro-rosa.html\"},\"author\":{\"name\":\"Equipe MH\",\"@id\":\"https:\/\/mhcalculos.com.br\/noticias\/#\/schema\/person\/88d1c34bf72dc779ea14a5a6b8e0ae8d\"},\"headline\":\"TST: Tribunal&nbsp;inaugura novo sistema de ilumina\u00e7\u00e3o durante Outubro Rosa\",\"datePublished\":\"2020-11-16T19:40:00+00:00\",\"dateModified\":\"2021-07-28T17:28:36+00:00\",\"mainEntityOfPage\":{\"@id\":\"https:\/\/mhcalculos.com.br\/noticias\/area\/trabalhista\/tst-tribunal-inaugura-novo-sistema-de-iluminacao-durante-outubro-rosa.html\"},\"wordCount\":377,\"commentCount\":0,\"image\":{\"@id\":\"https:\/\/mhcalculos.com.br\/noticias\/area\/trabalhista\/tst-tribunal-inaugura-novo-sistema-de-iluminacao-durante-outubro-rosa.html#primaryimage\"},\"thumbnailUrl\":\"https:\/\/mhcalculos.com.br\/noticias\/wp-content\/uploads\/sites\/2\/2018\/08\/judiciario-0009.jpg\",\"keywords\":[\"c\u00e1lculos trabalhistas\",\"direito trabalhista\",\"per\u00edcia\",\"perito\",\"trabalho\",\"TST\"],\"articleSection\":[\"Direito Trabalhista\",\"TST\"],\"inLanguage\":\"pt-BR\",\"potentialAction\":[{\"@type\":\"CommentAction\",\"name\":\"Comment\",\"target\":[\"https:\/\/mhcalculos.com.br\/noticias\/area\/trabalhista\/tst-tribunal-inaugura-novo-sistema-de-iluminacao-durante-outubro-rosa.html#respond\"]}]},{\"@type\":\"WebPage\",\"@id\":\"https:\/\/mhcalculos.com.br\/noticias\/area\/trabalhista\/tst-tribunal-inaugura-novo-sistema-de-iluminacao-durante-outubro-rosa.html\",\"url\":\"https:\/\/mhcalculos.com.br\/noticias\/area\/trabalhista\/tst-tribunal-inaugura-novo-sistema-de-iluminacao-durante-outubro-rosa.html\",\"name\":\"TST: Tribunal&nbsp;inaugura novo sistema de ilumina\u00e7\u00e3o durante Outubro Rosa | Portal de Not\u00edcias\",\"isPartOf\":{\"@id\":\"https:\/\/mhcalculos.com.br\/noticias\/#website\"},\"primaryImageOfPage\":{\"@id\":\"https:\/\/mhcalculos.com.br\/noticias\/area\/trabalhista\/tst-tribunal-inaugura-novo-sistema-de-iluminacao-durante-outubro-rosa.html#primaryimage\"},\"image\":{\"@id\":\"https:\/\/mhcalculos.com.br\/noticias\/area\/trabalhista\/tst-tribunal-inaugura-novo-sistema-de-iluminacao-durante-outubro-rosa.html#primaryimage\"},\"thumbnailUrl\":\"https:\/\/mhcalculos.com.br\/noticias\/wp-content\/uploads\/sites\/2\/2018\/08\/judiciario-0009.jpg\",\"datePublished\":\"2020-11-16T19:40:00+00:00\",\"dateModified\":\"2021-07-28T17:28:36+00:00\",\"author\":{\"@id\":\"https:\/\/mhcalculos.com.br\/noticias\/#\/schema\/person\/88d1c34bf72dc779ea14a5a6b8e0ae8d\"},\"breadcrumb\":{\"@id\":\"https:\/\/mhcalculos.com.br\/noticias\/area\/trabalhista\/tst-tribunal-inaugura-novo-sistema-de-iluminacao-durante-outubro-rosa.html#breadcrumb\"},\"inLanguage\":\"pt-BR\",\"potentialAction\":[{\"@type\":\"ReadAction\",\"target\":[\"https:\/\/mhcalculos.com.br\/noticias\/area\/trabalhista\/tst-tribunal-inaugura-novo-sistema-de-iluminacao-durante-outubro-rosa.html\"]}]},{\"@type\":\"ImageObject\",\"inLanguage\":\"pt-BR\",\"@id\":\"https:\/\/mhcalculos.com.br\/noticias\/area\/trabalhista\/tst-tribunal-inaugura-novo-sistema-de-iluminacao-durante-outubro-rosa.html#primaryimage\",\"url\":\"https:\/\/mhcalculos.com.br\/noticias\/wp-content\/uploads\/sites\/2\/2018\/08\/judiciario-0009.jpg\",\"contentUrl\":\"https:\/\/mhcalculos.com.br\/noticias\/wp-content\/uploads\/sites\/2\/2018\/08\/judiciario-0009.jpg\",\"width\":2000,\"height\":800},{\"@type\":\"BreadcrumbList\",\"@id\":\"https:\/\/mhcalculos.com.br\/noticias\/area\/trabalhista\/tst-tribunal-inaugura-novo-sistema-de-iluminacao-durante-outubro-rosa.html#breadcrumb\",\"itemListElement\":[{\"@type\":\"ListItem\",\"position\":1,\"name\":\"In\u00edcio\",\"item\":\"https:\/\/mhcalculos.com.br\/noticias\/\"},{\"@type\":\"ListItem\",\"position\":2,\"name\":\"TST: Tribunal&nbsp;inaugura novo sistema de ilumina\u00e7\u00e3o durante Outubro Rosa\"}]},{\"@type\":\"WebSite\",\"@id\":\"https:\/\/mhcalculos.com.br\/noticias\/#website\",\"url\":\"https:\/\/mhcalculos.com.br\/noticias\/\",\"name\":\"Portal de Not\u00edcias\",\"description\":\"Not\u00edcias e Jurisprud\u00eancia\",\"potentialAction\":[{\"@type\":\"SearchAction\",\"target\":{\"@type\":\"EntryPoint\",\"urlTemplate\":\"https:\/\/mhcalculos.com.br\/noticias\/?s={search_term_string}\"},\"query-input\":{\"@type\":\"PropertyValueSpecification\",\"valueRequired\":true,\"valueName\":\"search_term_string\"}}],\"inLanguage\":\"pt-BR\"},{\"@type\":\"Person\",\"@id\":\"https:\/\/mhcalculos.com.br\/noticias\/#\/schema\/person\/88d1c34bf72dc779ea14a5a6b8e0ae8d\",\"name\":\"Equipe MH\",\"image\":{\"@type\":\"ImageObject\",\"inLanguage\":\"pt-BR\",\"@id\":\"https:\/\/secure.gravatar.com\/avatar\/de1c686c2ecc9c5a3f327e3431d819eb39f8f05d4e1045f5a1caad6daaba987f?s=96&d=mm&r=g\",\"url\":\"https:\/\/secure.gravatar.com\/avatar\/de1c686c2ecc9c5a3f327e3431d819eb39f8f05d4e1045f5a1caad6daaba987f?s=96&d=mm&r=g\",\"contentUrl\":\"https:\/\/secure.gravatar.com\/avatar\/de1c686c2ecc9c5a3f327e3431d819eb39f8f05d4e1045f5a1caad6daaba987f?s=96&d=mm&r=g\",\"caption\":\"Equipe MH\"}}]}<\/script>\n<!-- \/ Yoast SEO plugin. -->","yoast_head_json":{"title":"TST: Tribunal&nbsp;inaugura novo sistema de ilumina\u00e7\u00e3o durante Outubro Rosa | Portal de Not\u00edcias","robots":{"index":"index","follow":"follow","max-snippet":"max-snippet:-1","max-image-preview":"max-image-preview:large","max-video-preview":"max-video-preview:-1"},"canonical":"https:\/\/mhcalculos.com.br\/noticias\/area\/trabalhista\/tst-tribunal-inaugura-novo-sistema-de-iluminacao-durante-outubro-rosa.html","og_locale":"pt_BR","og_type":"article","og_title":"TST: Tribunal&nbsp;inaugura novo sistema de ilumina\u00e7\u00e3o durante Outubro Rosa | Portal de Not\u00edcias","og_description":"Novo sistema permite economia de energia em cerca de 40% O m\u00eas de outubro chegou, e, com ele, a necessidade de conscientizar e alertar a sociedade sobre a import\u00e2ncia da preven\u00e7\u00e3o e do diagn\u00f3stico precoce do c\u00e2ncer de mama. Em apoio \u00e0 causa, mais uma vez o Tribunal Superior do Trabalho (TST) iluminar\u00e1 &nbsp;as fachadas [&hellip;]","og_url":"https:\/\/mhcalculos.com.br\/noticias\/area\/trabalhista\/tst-tribunal-inaugura-novo-sistema-de-iluminacao-durante-outubro-rosa.html","og_site_name":"Portal de Not\u00edcias","article_published_time":"2020-11-16T19:40:00+00:00","article_modified_time":"2021-07-28T17:28:36+00:00","og_image":[{"width":2000,"height":800,"url":"https:\/\/mhcalculos.com.br\/noticias\/wp-content\/uploads\/sites\/2\/2018\/08\/judiciario-0009.jpg","type":"image\/jpeg"}],"author":"Equipe MH","twitter_card":"summary_large_image","twitter_misc":{"Escrito por":"Equipe MH","Est. tempo de leitura":"2 minutos"},"schema":{"@context":"https:\/\/schema.org","@graph":[{"@type":"Article","@id":"https:\/\/mhcalculos.com.br\/noticias\/area\/trabalhista\/tst-tribunal-inaugura-novo-sistema-de-iluminacao-durante-outubro-rosa.html#article","isPartOf":{"@id":"https:\/\/mhcalculos.com.br\/noticias\/area\/trabalhista\/tst-tribunal-inaugura-novo-sistema-de-iluminacao-durante-outubro-rosa.html"},"author":{"name":"Equipe MH","@id":"https:\/\/mhcalculos.com.br\/noticias\/#\/schema\/person\/88d1c34bf72dc779ea14a5a6b8e0ae8d"},"headline":"TST: Tribunal&nbsp;inaugura novo sistema de ilumina\u00e7\u00e3o durante Outubro Rosa","datePublished":"2020-11-16T19:40:00+00:00","dateModified":"2021-07-28T17:28:36+00:00","mainEntityOfPage":{"@id":"https:\/\/mhcalculos.com.br\/noticias\/area\/trabalhista\/tst-tribunal-inaugura-novo-sistema-de-iluminacao-durante-outubro-rosa.html"},"wordCount":377,"commentCount":0,"image":{"@id":"https:\/\/mhcalculos.com.br\/noticias\/area\/trabalhista\/tst-tribunal-inaugura-novo-sistema-de-iluminacao-durante-outubro-rosa.html#primaryimage"},"thumbnailUrl":"https:\/\/mhcalculos.com.br\/noticias\/wp-content\/uploads\/sites\/2\/2018\/08\/judiciario-0009.jpg","keywords":["c\u00e1lculos trabalhistas","direito trabalhista","per\u00edcia","perito","trabalho","TST"],"articleSection":["Direito Trabalhista","TST"],"inLanguage":"pt-BR","potentialAction":[{"@type":"CommentAction","name":"Comment","target":["https:\/\/mhcalculos.com.br\/noticias\/area\/trabalhista\/tst-tribunal-inaugura-novo-sistema-de-iluminacao-durante-outubro-rosa.html#respond"]}]},{"@type":"WebPage","@id":"https:\/\/mhcalculos.com.br\/noticias\/area\/trabalhista\/tst-tribunal-inaugura-novo-sistema-de-iluminacao-durante-outubro-rosa.html","url":"https:\/\/mhcalculos.com.br\/noticias\/area\/trabalhista\/tst-tribunal-inaugura-novo-sistema-de-iluminacao-durante-outubro-rosa.html","name":"TST: Tribunal&nbsp;inaugura novo sistema de ilumina\u00e7\u00e3o durante Outubro Rosa | Portal de Not\u00edcias","isPartOf":{"@id":"https:\/\/mhcalculos.com.br\/noticias\/#website"},"primaryImageOfPage":{"@id":"https:\/\/mhcalculos.com.br\/noticias\/area\/trabalhista\/tst-tribunal-inaugura-novo-sistema-de-iluminacao-durante-outubro-rosa.html#primaryimage"},"image":{"@id":"https:\/\/mhcalculos.com.br\/noticias\/area\/trabalhista\/tst-tribunal-inaugura-novo-sistema-de-iluminacao-durante-outubro-rosa.html#primaryimage"},"thumbnailUrl":"https:\/\/mhcalculos.com.br\/noticias\/wp-content\/uploads\/sites\/2\/2018\/08\/judiciario-0009.jpg","datePublished":"2020-11-16T19:40:00+00:00","dateModified":"2021-07-28T17:28:36+00:00","author":{"@id":"https:\/\/mhcalculos.com.br\/noticias\/#\/schema\/person\/88d1c34bf72dc779ea14a5a6b8e0ae8d"},"breadcrumb":{"@id":"https:\/\/mhcalculos.com.br\/noticias\/area\/trabalhista\/tst-tribunal-inaugura-novo-sistema-de-iluminacao-durante-outubro-rosa.html#breadcrumb"},"inLanguage":"pt-BR","potentialAction":[{"@type":"ReadAction","target":["https:\/\/mhcalculos.com.br\/noticias\/area\/trabalhista\/tst-tribunal-inaugura-novo-sistema-de-iluminacao-durante-outubro-rosa.html"]}]},{"@type":"ImageObject","inLanguage":"pt-BR","@id":"https:\/\/mhcalculos.com.br\/noticias\/area\/trabalhista\/tst-tribunal-inaugura-novo-sistema-de-iluminacao-durante-outubro-rosa.html#primaryimage","url":"https:\/\/mhcalculos.com.br\/noticias\/wp-content\/uploads\/sites\/2\/2018\/08\/judiciario-0009.jpg","contentUrl":"https:\/\/mhcalculos.com.br\/noticias\/wp-content\/uploads\/sites\/2\/2018\/08\/judiciario-0009.jpg","width":2000,"height":800},{"@type":"BreadcrumbList","@id":"https:\/\/mhcalculos.com.br\/noticias\/area\/trabalhista\/tst-tribunal-inaugura-novo-sistema-de-iluminacao-durante-outubro-rosa.html#breadcrumb","itemListElement":[{"@type":"ListItem","position":1,"name":"In\u00edcio","item":"https:\/\/mhcalculos.com.br\/noticias\/"},{"@type":"ListItem","position":2,"name":"TST: Tribunal&nbsp;inaugura novo sistema de ilumina\u00e7\u00e3o durante Outubro Rosa"}]},{"@type":"WebSite","@id":"https:\/\/mhcalculos.com.br\/noticias\/#website","url":"https:\/\/mhcalculos.com.br\/noticias\/","name":"Portal de Not\u00edcias","description":"Not\u00edcias e Jurisprud\u00eancia","potentialAction":[{"@type":"SearchAction","target":{"@type":"EntryPoint","urlTemplate":"https:\/\/mhcalculos.com.br\/noticias\/?s={search_term_string}"},"query-input":{"@type":"PropertyValueSpecification","valueRequired":true,"valueName":"search_term_string"}}],"inLanguage":"pt-BR"},{"@type":"Person","@id":"https:\/\/mhcalculos.com.br\/noticias\/#\/schema\/person\/88d1c34bf72dc779ea14a5a6b8e0ae8d","name":"Equipe MH","image":{"@type":"ImageObject","inLanguage":"pt-BR","@id":"https:\/\/secure.gravatar.com\/avatar\/de1c686c2ecc9c5a3f327e3431d819eb39f8f05d4e1045f5a1caad6daaba987f?s=96&d=mm&r=g","url":"https:\/\/secure.gravatar.com\/avatar\/de1c686c2ecc9c5a3f327e3431d819eb39f8f05d4e1045f5a1caad6daaba987f?s=96&d=mm&r=g","contentUrl":"https:\/\/secure.gravatar.com\/avatar\/de1c686c2ecc9c5a3f327e3431d819eb39f8f05d4e1045f5a1caad6daaba987f?s=96&d=mm&r=g","caption":"Equipe MH"}}]}},"_links":{"self":[{"href":"https:\/\/mhcalculos.com.br\/noticias\/wp-json\/wp\/v2\/posts\/7684","targetHints":{"allow":["GET"]}}],"collection":[{"href":"https:\/\/mhcalculos.com.br\/noticias\/wp-json\/wp\/v2\/posts"}],"about":[{"href":"https:\/\/mhcalculos.com.br\/noticias\/wp-json\/wp\/v2\/types\/post"}],"author":[{"embeddable":true,"href":"https:\/\/mhcalculos.com.br\/noticias\/wp-json\/wp\/v2\/users\/3063"}],"replies":[{"embeddable":true,"href":"https:\/\/mhcalculos.com.br\/noticias\/wp-json\/wp\/v2\/comments?post=7684"}],"version-history":[{"count":1,"href":"https:\/\/mhcalculos.com.br\/noticias\/wp-json\/wp\/v2\/posts\/7684\/revisions"}],"predecessor-version":[{"id":8715,"href":"https:\/\/mhcalculos.com.br\/noticias\/wp-json\/wp\/v2\/posts\/7684\/revisions\/8715"}],"wp:featuredmedia":[{"embeddable":true,"href":"https:\/\/mhcalculos.com.br\/noticias\/wp-json\/wp\/v2\/media\/2779"}],"wp:attachment":[{"href":"https:\/\/mhcalculos.com.br\/noticias\/wp-json\/wp\/v2\/media?parent=7684"}],"wp:term":[{"taxonomy":"category","embeddable":true,"href":"https:\/\/mhcalculos.com.br\/noticias\/wp-json\/wp\/v2\/categories?post=7684"},{"taxonomy":"post_tag","embeddable":true,"href":"https:\/\/mhcalculos.com.br\/noticias\/wp-json\/wp\/v2\/tags?post=7684"}],"curies":[{"name":"wp","href":"https:\/\/api.w.org\/{rel}","templated":true}]}}