{"id":7668,"date":"2020-11-11T06:05:20","date_gmt":"2020-11-11T09:05:20","guid":{"rendered":"https:\/\/mhcalculos.com.br\/noticias\/area\/previdenciario\/stf-2a-turma-confirma-competencia-da-justica-estadual-para-julgar-promotor-aposentado-do-rj.html"},"modified":"2021-07-28T14:28:37","modified_gmt":"2021-07-28T17:28:37","slug":"stf-2a-turma-confirma-competencia-da-justica-estadual-para-julgar-promotor-aposentado-do-rj","status":"publish","type":"post","link":"https:\/\/mhcalculos.com.br\/noticias\/area\/previdenciario\/stf-2a-turma-confirma-competencia-da-justica-estadual-para-julgar-promotor-aposentado-do-rj.html","title":{"rendered":"STF: 2\u00aa Turma confirma compet\u00eancia da Justi\u00e7a estadual para julgar promotor aposentado do RJ"},"content":{"rendered":"<p><br \/>\n<\/p>\n<p>Por maioria de votos, a Segunda Turma do Supremo Tribunal Federal (STF) manteve decis\u00e3o do ministro Gilmar Mendes que revogou a pris\u00e3o preventiva do promotor de Justi\u00e7a aposentado Fl\u00e1vio Bonazza, decretada pelo Ju\u00edzo da 7&ordf; Vara Federal do Rio de Janeiro (RJ), e declarou a compet\u00eancia da primeira inst\u00e2ncia da Justi\u00e7a estadual para process\u00e1-lo e julg\u00e1-lo. A decis\u00e3o foi proferida no julgamento de agravo da Procuradoria-Geral da Rep\u00fablica (PGR) no Habeas Corpus (HC) 181978.<\/p>\n<p>Bonazza, que se aposentou no decorrer da a\u00e7\u00e3o penal, foi denunciado pelo Minist\u00e9rio P\u00fablico estadual pela suposta pr\u00e1tica dos crimes de corrup\u00e7\u00e3o passiva e de integrar organiza\u00e7\u00e3o criminosa. Em raz\u00e3o de sua aposentadoria e da consequente extin\u00e7\u00e3o do foro por prerrogativa de fun\u00e7\u00e3o, o Tribunal de Justi\u00e7a do Rio de Janeiro (TJ-RJ) declinou da compet\u00eancia em favor da Justi\u00e7a Federal, em raz\u00e3o de conex\u00e3o com a\u00e7\u00e3o nela em curso. No STJ, monocraticamente, o ministro relator n\u00e3o conheceu do HC.<\/p>\n<p>No habeas corpus ao Supremo, a defesa sustentava n\u00e3o haver conex\u00e3o entre os atos imputados a Bonazza e os fatos investigados na Opera\u00e7\u00e3o Ponto Final (desdobramento da Lava-Jato que revelou o pagamento de propina a agentes p\u00fablicos por empres\u00e1rios do setor de transporte no Rio de Janeiro), a cargo da 7&ordf; Vara Federal do Rio de Janeiro. Segundo a defesa, a compet\u00eancia da Justi\u00e7a Federal para o processamento e o julgamento das condutas criminosas relacionadas \u00e0s empresas do setor de transporte p\u00fablico do do Estado do Rio de Janeiro tem sido afirmada unicamente pela suposta conex\u00e3o entre essas condutas e os crimes praticados pela organiza\u00e7\u00e3o criminosa capitaneada pelo ex-governador S\u00e9rgio Cabral.<\/p>\n<p><b>Dela\u00e7\u00e3o n\u00e3o fixa compet\u00eancia<\/b><\/p>\n<p>Ao votar pela rejei\u00e7\u00e3o do agravo, o ministro Gilmar Mendes reafirmou seu entendimento de que a argumenta\u00e7\u00e3o jur\u00eddica que fundamenta a suposta conex\u00e3o entre a conduta de Bonazza e os fatos investigados na Opera\u00e7\u00e3o Ponto Final \u00e9 a colabora\u00e7\u00e3o premiada de Lelis Teixeira, presidente executivo da Federa\u00e7\u00e3o das Empresas de Transportes de Passageiros do Estado do Rio de Janeiro (Fetranspor) na \u00e9poca dos fatos. Segundo Teixeira, na qualidade de titular da 3&ordf; Promotoria de Justi\u00e7a de Tutela Coletiva da Cidadania do Rio de Janeiro, Bonazza teria favorecido os interesses de empres\u00e1rios e agentes de diversas empresas do setor, mediante o oferecimento de informa\u00e7\u00f5es privilegiadas sobre as investiga\u00e7\u00f5es em curso e a promessa de inviabilizar o ajuizamento de a\u00e7\u00f5es civis p\u00fablicas contra a organiza\u00e7\u00e3o. Em troca, teria recebido vantagem indevida no valor de R$ 60 mil por m\u00eas, entre junho de 2014 e mar\u00e7o de 2016.<\/p>\n<p>O ministro Gilmar Mendes enfatizou que a jurisprud\u00eancia do Supremo j\u00e1 pacificou o entendimento de que a colabora\u00e7\u00e3o premiada n\u00e3o fixa compet\u00eancia e que, conforme decis\u00e3o no Inqu\u00e9rito (INQ) 4130, os fatos relatados em colabora\u00e7\u00e3o premiada n\u00e3o geram preven\u00e7\u00e3o. Enquanto meio de obten\u00e7\u00e3o de prova, esses fatos, quando n\u00e3o conexos com o objeto do processo que deu origem ao acordo, devem receber o tratamento conferido ao encontro fortuito de provas.<\/p>\n<p>&ldquo;A regra, no processo penal, \u00e9 o respeito ao princ\u00edpio do juiz natural, com a devida separa\u00e7\u00e3o das compet\u00eancias entre Justi\u00e7a Estadual e Justi\u00e7a Federal&rdquo;, afirmou. Segundo o relator, a compet\u00eancia n\u00e3o pode ser definida com base em crit\u00e9rio tem\u00e1tico e aglutinativo de casos atribu\u00eddos aleatoriamente pelos \u00f3rg\u00e3os de persecu\u00e7\u00e3o e julgamento, &ldquo;como se tudo fizesse parte de um mesmo contexto, independente das peculiaridades de cada situa\u00e7\u00e3o&rdquo;.<\/p>\n<p><b>Decreto prisional<\/b><\/p>\n<p>Quanto \u00e0 pris\u00e3o preventiva, Gilmar Mendes reafirmou que n\u00e3o h\u00e1 elementos concretos que justifiquem a necessidade de segrega\u00e7\u00e3o cautelar ou que demonstrem sua periculosidade, mas apenas se fundamenta em &ldquo;suposi\u00e7\u00f5es e ila\u00e7\u00f5es&rdquo;. O decreto prisional utiliza como principal fundamento para a pris\u00e3o um fato ocorrido em 31\/10\/2019, quando Bonazza teria solicitado a exclus\u00e3o de sua conta de e-mail da provedora Apple, ap\u00f3s o vazamento de not\u00edcias da poss\u00edvel colabora\u00e7\u00e3o premiada de Lelis Teixeira e depois de Jacob Barata, ent\u00e3o dirigente da Fetranspor, ter admitido a exist\u00eancia de &ldquo;caixinha&rdquo; para pagamentos peri\u00f3dicos de propina a agentes p\u00fablicos.<\/p>\n<p>Para o ministro Gilmar Mendes, n\u00e3o \u00e9 poss\u00edvel afirmar com convic\u00e7\u00e3o que conduta de Bonazza tenha o objetivo de causar embara\u00e7o \u00e0s investiga\u00e7\u00f5es, tampouco indica que ele tenha praticado atos para evitar a persecu\u00e7\u00e3o penal. &ldquo;A gest\u00e3o de contas de e-mail, sua cria\u00e7\u00e3o e exclus\u00e3o s\u00e3o atos corriqueiros, e \u00e9 suposi\u00e7\u00e3o afirmar que a exclus\u00e3o tenha sido feita com essa finalidade&rdquo;, conclui o relator.<\/p>\n<p><b>Novo ministro<\/b><\/p>\n<p>O voto do ministro Gilmar foi seguido integralmente pelo ministro Nunes Marques, em seu primeiro julgamento na Corte, e pelo ministro Ricardo Lewandowski. A ministra C\u00e1rmen L\u00facia acompanhou o relator somente em rela\u00e7\u00e3o \u00e0 revoga\u00e7\u00e3o da pris\u00e3o preventiva de Bonazza, divergindo quanto \u00e0 compet\u00eancia para process\u00e1-lo e julg\u00e1-lo, que, para ela, \u00e9 da 7&ordf; Vara Federal do Rio de Janeiro. O ministro Edson Fachin votou pelo acolhimento do agravo da PGR e pelo n\u00e3o conhecimento do habeas corpus.<\/p>\n<p><span style=\"font-size: smaller\">VP\/AS\/\/CF<\/span><\/p>\n<p><i>Com informa\u00e7\u00f5es da assessoria de imprensa do STF.<\/i><br \/>\n<br \/><br \/>\n<br \/><a href=\"http:\/\/www.stf.jus.br\/portal\/cms\/verNoticiaDetalhe.asp?idConteudo=455064\">Fonte<\/a><\/p>\n","protected":false},"excerpt":{"rendered":"<p>Por maioria de votos, a Segunda Turma do Supremo Tribunal Federal (STF) manteve decis\u00e3o do ministro Gilmar Mendes que revogou a pris\u00e3o preventiva do promotor de Justi\u00e7a aposentado Fl\u00e1vio Bonazza, decretada pelo Ju\u00edzo da 7&ordf; Vara Federal do Rio de Janeiro (RJ), e declarou a compet\u00eancia da primeira inst\u00e2ncia da Justi\u00e7a estadual para process\u00e1-lo e [&hellip;]<\/p>\n","protected":false},"author":3063,"featured_media":2927,"comment_status":"open","ping_status":"open","sticky":false,"template":"","format":"standard","meta":{"footnotes":""},"categories":[5,15],"tags":[11,10,8,13,9,12,16],"class_list":{"0":"post-7668","1":"post","2":"type-post","3":"status-publish","4":"format-standard","5":"has-post-thumbnail","7":"category-previdenciario","8":"category-stf","9":"tag-aposentadoria","10":"tag-calculos-previdenciarios","11":"tag-direito-previdenciario","12":"tag-inss","13":"tag-pericia","14":"tag-perito","15":"tag-stf"},"yoast_head":"<!-- This site is optimized with the Yoast SEO plugin v27.2 - https:\/\/yoast.com\/product\/yoast-seo-wordpress\/ -->\n<title>STF: 2\u00aa Turma confirma compet\u00eancia da Justi\u00e7a estadual para julgar promotor aposentado do RJ | Portal de Not\u00edcias<\/title>\n<meta name=\"robots\" content=\"index, follow, max-snippet:-1, max-image-preview:large, max-video-preview:-1\" \/>\n<link rel=\"canonical\" href=\"https:\/\/mhcalculos.com.br\/noticias\/area\/previdenciario\/stf-2a-turma-confirma-competencia-da-justica-estadual-para-julgar-promotor-aposentado-do-rj.html\" \/>\n<meta property=\"og:locale\" content=\"pt_BR\" \/>\n<meta property=\"og:type\" content=\"article\" \/>\n<meta property=\"og:title\" content=\"STF: 2\u00aa Turma confirma compet\u00eancia da Justi\u00e7a estadual para julgar promotor aposentado do RJ | Portal de Not\u00edcias\" \/>\n<meta property=\"og:description\" content=\"Por maioria de votos, a Segunda Turma do Supremo Tribunal Federal (STF) manteve decis\u00e3o do ministro Gilmar Mendes que revogou a pris\u00e3o preventiva do promotor de Justi\u00e7a aposentado Fl\u00e1vio Bonazza, decretada pelo Ju\u00edzo da 7&ordf; Vara Federal do Rio de Janeiro (RJ), e declarou a compet\u00eancia da primeira inst\u00e2ncia da Justi\u00e7a estadual para process\u00e1-lo e [&hellip;]\" \/>\n<meta property=\"og:url\" content=\"https:\/\/mhcalculos.com.br\/noticias\/area\/previdenciario\/stf-2a-turma-confirma-competencia-da-justica-estadual-para-julgar-promotor-aposentado-do-rj.html\" \/>\n<meta property=\"og:site_name\" content=\"Portal de Not\u00edcias\" \/>\n<meta property=\"article:published_time\" content=\"2020-11-11T09:05:20+00:00\" \/>\n<meta property=\"article:modified_time\" content=\"2021-07-28T17:28:37+00:00\" \/>\n<meta property=\"og:image\" content=\"https:\/\/mhcalculos.com.br\/noticias\/wp-content\/uploads\/sites\/2\/2018\/08\/previdenciario-0017.jpg\" \/>\n\t<meta property=\"og:image:width\" content=\"2000\" \/>\n\t<meta property=\"og:image:height\" content=\"800\" \/>\n\t<meta property=\"og:image:type\" content=\"image\/jpeg\" \/>\n<meta name=\"author\" content=\"Equipe MH\" \/>\n<meta name=\"twitter:card\" content=\"summary_large_image\" \/>\n<meta name=\"twitter:label1\" content=\"Escrito por\" \/>\n\t<meta name=\"twitter:data1\" content=\"Equipe MH\" \/>\n\t<meta name=\"twitter:label2\" content=\"Est. tempo de leitura\" \/>\n\t<meta name=\"twitter:data2\" content=\"5 minutos\" \/>\n<script type=\"application\/ld+json\" class=\"yoast-schema-graph\">{\"@context\":\"https:\/\/schema.org\",\"@graph\":[{\"@type\":\"Article\",\"@id\":\"https:\/\/mhcalculos.com.br\/noticias\/area\/previdenciario\/stf-2a-turma-confirma-competencia-da-justica-estadual-para-julgar-promotor-aposentado-do-rj.html#article\",\"isPartOf\":{\"@id\":\"https:\/\/mhcalculos.com.br\/noticias\/area\/previdenciario\/stf-2a-turma-confirma-competencia-da-justica-estadual-para-julgar-promotor-aposentado-do-rj.html\"},\"author\":{\"name\":\"Equipe MH\",\"@id\":\"https:\/\/mhcalculos.com.br\/noticias\/#\/schema\/person\/88d1c34bf72dc779ea14a5a6b8e0ae8d\"},\"headline\":\"STF: 2\u00aa Turma confirma compet\u00eancia da Justi\u00e7a estadual para julgar promotor aposentado do RJ\",\"datePublished\":\"2020-11-11T09:05:20+00:00\",\"dateModified\":\"2021-07-28T17:28:37+00:00\",\"mainEntityOfPage\":{\"@id\":\"https:\/\/mhcalculos.com.br\/noticias\/area\/previdenciario\/stf-2a-turma-confirma-competencia-da-justica-estadual-para-julgar-promotor-aposentado-do-rj.html\"},\"wordCount\":936,\"commentCount\":0,\"image\":{\"@id\":\"https:\/\/mhcalculos.com.br\/noticias\/area\/previdenciario\/stf-2a-turma-confirma-competencia-da-justica-estadual-para-julgar-promotor-aposentado-do-rj.html#primaryimage\"},\"thumbnailUrl\":\"https:\/\/mhcalculos.com.br\/noticias\/wp-content\/uploads\/sites\/2\/2018\/08\/previdenciario-0017.jpg\",\"keywords\":[\"aposentadoria\",\"c\u00e1lculos previdenci\u00e1rios\",\"direito previdenci\u00e1rio\",\"inss\",\"per\u00edcia\",\"perito\",\"stf\"],\"articleSection\":[\"Direito Previdenci\u00e1rio\",\"STF\"],\"inLanguage\":\"pt-BR\",\"potentialAction\":[{\"@type\":\"CommentAction\",\"name\":\"Comment\",\"target\":[\"https:\/\/mhcalculos.com.br\/noticias\/area\/previdenciario\/stf-2a-turma-confirma-competencia-da-justica-estadual-para-julgar-promotor-aposentado-do-rj.html#respond\"]}]},{\"@type\":\"WebPage\",\"@id\":\"https:\/\/mhcalculos.com.br\/noticias\/area\/previdenciario\/stf-2a-turma-confirma-competencia-da-justica-estadual-para-julgar-promotor-aposentado-do-rj.html\",\"url\":\"https:\/\/mhcalculos.com.br\/noticias\/area\/previdenciario\/stf-2a-turma-confirma-competencia-da-justica-estadual-para-julgar-promotor-aposentado-do-rj.html\",\"name\":\"STF: 2\u00aa Turma confirma compet\u00eancia da Justi\u00e7a estadual para julgar promotor aposentado do RJ | Portal de Not\u00edcias\",\"isPartOf\":{\"@id\":\"https:\/\/mhcalculos.com.br\/noticias\/#website\"},\"primaryImageOfPage\":{\"@id\":\"https:\/\/mhcalculos.com.br\/noticias\/area\/previdenciario\/stf-2a-turma-confirma-competencia-da-justica-estadual-para-julgar-promotor-aposentado-do-rj.html#primaryimage\"},\"image\":{\"@id\":\"https:\/\/mhcalculos.com.br\/noticias\/area\/previdenciario\/stf-2a-turma-confirma-competencia-da-justica-estadual-para-julgar-promotor-aposentado-do-rj.html#primaryimage\"},\"thumbnailUrl\":\"https:\/\/mhcalculos.com.br\/noticias\/wp-content\/uploads\/sites\/2\/2018\/08\/previdenciario-0017.jpg\",\"datePublished\":\"2020-11-11T09:05:20+00:00\",\"dateModified\":\"2021-07-28T17:28:37+00:00\",\"author\":{\"@id\":\"https:\/\/mhcalculos.com.br\/noticias\/#\/schema\/person\/88d1c34bf72dc779ea14a5a6b8e0ae8d\"},\"breadcrumb\":{\"@id\":\"https:\/\/mhcalculos.com.br\/noticias\/area\/previdenciario\/stf-2a-turma-confirma-competencia-da-justica-estadual-para-julgar-promotor-aposentado-do-rj.html#breadcrumb\"},\"inLanguage\":\"pt-BR\",\"potentialAction\":[{\"@type\":\"ReadAction\",\"target\":[\"https:\/\/mhcalculos.com.br\/noticias\/area\/previdenciario\/stf-2a-turma-confirma-competencia-da-justica-estadual-para-julgar-promotor-aposentado-do-rj.html\"]}]},{\"@type\":\"ImageObject\",\"inLanguage\":\"pt-BR\",\"@id\":\"https:\/\/mhcalculos.com.br\/noticias\/area\/previdenciario\/stf-2a-turma-confirma-competencia-da-justica-estadual-para-julgar-promotor-aposentado-do-rj.html#primaryimage\",\"url\":\"https:\/\/mhcalculos.com.br\/noticias\/wp-content\/uploads\/sites\/2\/2018\/08\/previdenciario-0017.jpg\",\"contentUrl\":\"https:\/\/mhcalculos.com.br\/noticias\/wp-content\/uploads\/sites\/2\/2018\/08\/previdenciario-0017.jpg\",\"width\":2000,\"height\":800},{\"@type\":\"BreadcrumbList\",\"@id\":\"https:\/\/mhcalculos.com.br\/noticias\/area\/previdenciario\/stf-2a-turma-confirma-competencia-da-justica-estadual-para-julgar-promotor-aposentado-do-rj.html#breadcrumb\",\"itemListElement\":[{\"@type\":\"ListItem\",\"position\":1,\"name\":\"In\u00edcio\",\"item\":\"https:\/\/mhcalculos.com.br\/noticias\/\"},{\"@type\":\"ListItem\",\"position\":2,\"name\":\"STF: 2\u00aa Turma confirma compet\u00eancia da Justi\u00e7a estadual para julgar promotor aposentado do RJ\"}]},{\"@type\":\"WebSite\",\"@id\":\"https:\/\/mhcalculos.com.br\/noticias\/#website\",\"url\":\"https:\/\/mhcalculos.com.br\/noticias\/\",\"name\":\"Portal de Not\u00edcias\",\"description\":\"Not\u00edcias e Jurisprud\u00eancia\",\"potentialAction\":[{\"@type\":\"SearchAction\",\"target\":{\"@type\":\"EntryPoint\",\"urlTemplate\":\"https:\/\/mhcalculos.com.br\/noticias\/?s={search_term_string}\"},\"query-input\":{\"@type\":\"PropertyValueSpecification\",\"valueRequired\":true,\"valueName\":\"search_term_string\"}}],\"inLanguage\":\"pt-BR\"},{\"@type\":\"Person\",\"@id\":\"https:\/\/mhcalculos.com.br\/noticias\/#\/schema\/person\/88d1c34bf72dc779ea14a5a6b8e0ae8d\",\"name\":\"Equipe MH\",\"image\":{\"@type\":\"ImageObject\",\"inLanguage\":\"pt-BR\",\"@id\":\"https:\/\/secure.gravatar.com\/avatar\/de1c686c2ecc9c5a3f327e3431d819eb39f8f05d4e1045f5a1caad6daaba987f?s=96&d=mm&r=g\",\"url\":\"https:\/\/secure.gravatar.com\/avatar\/de1c686c2ecc9c5a3f327e3431d819eb39f8f05d4e1045f5a1caad6daaba987f?s=96&d=mm&r=g\",\"contentUrl\":\"https:\/\/secure.gravatar.com\/avatar\/de1c686c2ecc9c5a3f327e3431d819eb39f8f05d4e1045f5a1caad6daaba987f?s=96&d=mm&r=g\",\"caption\":\"Equipe MH\"}}]}<\/script>\n<!-- \/ Yoast SEO plugin. -->","yoast_head_json":{"title":"STF: 2\u00aa Turma confirma compet\u00eancia da Justi\u00e7a estadual para julgar promotor aposentado do RJ | Portal de Not\u00edcias","robots":{"index":"index","follow":"follow","max-snippet":"max-snippet:-1","max-image-preview":"max-image-preview:large","max-video-preview":"max-video-preview:-1"},"canonical":"https:\/\/mhcalculos.com.br\/noticias\/area\/previdenciario\/stf-2a-turma-confirma-competencia-da-justica-estadual-para-julgar-promotor-aposentado-do-rj.html","og_locale":"pt_BR","og_type":"article","og_title":"STF: 2\u00aa Turma confirma compet\u00eancia da Justi\u00e7a estadual para julgar promotor aposentado do RJ | Portal de Not\u00edcias","og_description":"Por maioria de votos, a Segunda Turma do Supremo Tribunal Federal (STF) manteve decis\u00e3o do ministro Gilmar Mendes que revogou a pris\u00e3o preventiva do promotor de Justi\u00e7a aposentado Fl\u00e1vio Bonazza, decretada pelo Ju\u00edzo da 7&ordf; Vara Federal do Rio de Janeiro (RJ), e declarou a compet\u00eancia da primeira inst\u00e2ncia da Justi\u00e7a estadual para process\u00e1-lo e [&hellip;]","og_url":"https:\/\/mhcalculos.com.br\/noticias\/area\/previdenciario\/stf-2a-turma-confirma-competencia-da-justica-estadual-para-julgar-promotor-aposentado-do-rj.html","og_site_name":"Portal de Not\u00edcias","article_published_time":"2020-11-11T09:05:20+00:00","article_modified_time":"2021-07-28T17:28:37+00:00","og_image":[{"width":2000,"height":800,"url":"https:\/\/mhcalculos.com.br\/noticias\/wp-content\/uploads\/sites\/2\/2018\/08\/previdenciario-0017.jpg","type":"image\/jpeg"}],"author":"Equipe MH","twitter_card":"summary_large_image","twitter_misc":{"Escrito por":"Equipe MH","Est. tempo de leitura":"5 minutos"},"schema":{"@context":"https:\/\/schema.org","@graph":[{"@type":"Article","@id":"https:\/\/mhcalculos.com.br\/noticias\/area\/previdenciario\/stf-2a-turma-confirma-competencia-da-justica-estadual-para-julgar-promotor-aposentado-do-rj.html#article","isPartOf":{"@id":"https:\/\/mhcalculos.com.br\/noticias\/area\/previdenciario\/stf-2a-turma-confirma-competencia-da-justica-estadual-para-julgar-promotor-aposentado-do-rj.html"},"author":{"name":"Equipe MH","@id":"https:\/\/mhcalculos.com.br\/noticias\/#\/schema\/person\/88d1c34bf72dc779ea14a5a6b8e0ae8d"},"headline":"STF: 2\u00aa Turma confirma compet\u00eancia da Justi\u00e7a estadual para julgar promotor aposentado do RJ","datePublished":"2020-11-11T09:05:20+00:00","dateModified":"2021-07-28T17:28:37+00:00","mainEntityOfPage":{"@id":"https:\/\/mhcalculos.com.br\/noticias\/area\/previdenciario\/stf-2a-turma-confirma-competencia-da-justica-estadual-para-julgar-promotor-aposentado-do-rj.html"},"wordCount":936,"commentCount":0,"image":{"@id":"https:\/\/mhcalculos.com.br\/noticias\/area\/previdenciario\/stf-2a-turma-confirma-competencia-da-justica-estadual-para-julgar-promotor-aposentado-do-rj.html#primaryimage"},"thumbnailUrl":"https:\/\/mhcalculos.com.br\/noticias\/wp-content\/uploads\/sites\/2\/2018\/08\/previdenciario-0017.jpg","keywords":["aposentadoria","c\u00e1lculos previdenci\u00e1rios","direito previdenci\u00e1rio","inss","per\u00edcia","perito","stf"],"articleSection":["Direito Previdenci\u00e1rio","STF"],"inLanguage":"pt-BR","potentialAction":[{"@type":"CommentAction","name":"Comment","target":["https:\/\/mhcalculos.com.br\/noticias\/area\/previdenciario\/stf-2a-turma-confirma-competencia-da-justica-estadual-para-julgar-promotor-aposentado-do-rj.html#respond"]}]},{"@type":"WebPage","@id":"https:\/\/mhcalculos.com.br\/noticias\/area\/previdenciario\/stf-2a-turma-confirma-competencia-da-justica-estadual-para-julgar-promotor-aposentado-do-rj.html","url":"https:\/\/mhcalculos.com.br\/noticias\/area\/previdenciario\/stf-2a-turma-confirma-competencia-da-justica-estadual-para-julgar-promotor-aposentado-do-rj.html","name":"STF: 2\u00aa Turma confirma compet\u00eancia da Justi\u00e7a estadual para julgar promotor aposentado do RJ | Portal de Not\u00edcias","isPartOf":{"@id":"https:\/\/mhcalculos.com.br\/noticias\/#website"},"primaryImageOfPage":{"@id":"https:\/\/mhcalculos.com.br\/noticias\/area\/previdenciario\/stf-2a-turma-confirma-competencia-da-justica-estadual-para-julgar-promotor-aposentado-do-rj.html#primaryimage"},"image":{"@id":"https:\/\/mhcalculos.com.br\/noticias\/area\/previdenciario\/stf-2a-turma-confirma-competencia-da-justica-estadual-para-julgar-promotor-aposentado-do-rj.html#primaryimage"},"thumbnailUrl":"https:\/\/mhcalculos.com.br\/noticias\/wp-content\/uploads\/sites\/2\/2018\/08\/previdenciario-0017.jpg","datePublished":"2020-11-11T09:05:20+00:00","dateModified":"2021-07-28T17:28:37+00:00","author":{"@id":"https:\/\/mhcalculos.com.br\/noticias\/#\/schema\/person\/88d1c34bf72dc779ea14a5a6b8e0ae8d"},"breadcrumb":{"@id":"https:\/\/mhcalculos.com.br\/noticias\/area\/previdenciario\/stf-2a-turma-confirma-competencia-da-justica-estadual-para-julgar-promotor-aposentado-do-rj.html#breadcrumb"},"inLanguage":"pt-BR","potentialAction":[{"@type":"ReadAction","target":["https:\/\/mhcalculos.com.br\/noticias\/area\/previdenciario\/stf-2a-turma-confirma-competencia-da-justica-estadual-para-julgar-promotor-aposentado-do-rj.html"]}]},{"@type":"ImageObject","inLanguage":"pt-BR","@id":"https:\/\/mhcalculos.com.br\/noticias\/area\/previdenciario\/stf-2a-turma-confirma-competencia-da-justica-estadual-para-julgar-promotor-aposentado-do-rj.html#primaryimage","url":"https:\/\/mhcalculos.com.br\/noticias\/wp-content\/uploads\/sites\/2\/2018\/08\/previdenciario-0017.jpg","contentUrl":"https:\/\/mhcalculos.com.br\/noticias\/wp-content\/uploads\/sites\/2\/2018\/08\/previdenciario-0017.jpg","width":2000,"height":800},{"@type":"BreadcrumbList","@id":"https:\/\/mhcalculos.com.br\/noticias\/area\/previdenciario\/stf-2a-turma-confirma-competencia-da-justica-estadual-para-julgar-promotor-aposentado-do-rj.html#breadcrumb","itemListElement":[{"@type":"ListItem","position":1,"name":"In\u00edcio","item":"https:\/\/mhcalculos.com.br\/noticias\/"},{"@type":"ListItem","position":2,"name":"STF: 2\u00aa Turma confirma compet\u00eancia da Justi\u00e7a estadual para julgar promotor aposentado do RJ"}]},{"@type":"WebSite","@id":"https:\/\/mhcalculos.com.br\/noticias\/#website","url":"https:\/\/mhcalculos.com.br\/noticias\/","name":"Portal de Not\u00edcias","description":"Not\u00edcias e Jurisprud\u00eancia","potentialAction":[{"@type":"SearchAction","target":{"@type":"EntryPoint","urlTemplate":"https:\/\/mhcalculos.com.br\/noticias\/?s={search_term_string}"},"query-input":{"@type":"PropertyValueSpecification","valueRequired":true,"valueName":"search_term_string"}}],"inLanguage":"pt-BR"},{"@type":"Person","@id":"https:\/\/mhcalculos.com.br\/noticias\/#\/schema\/person\/88d1c34bf72dc779ea14a5a6b8e0ae8d","name":"Equipe MH","image":{"@type":"ImageObject","inLanguage":"pt-BR","@id":"https:\/\/secure.gravatar.com\/avatar\/de1c686c2ecc9c5a3f327e3431d819eb39f8f05d4e1045f5a1caad6daaba987f?s=96&d=mm&r=g","url":"https:\/\/secure.gravatar.com\/avatar\/de1c686c2ecc9c5a3f327e3431d819eb39f8f05d4e1045f5a1caad6daaba987f?s=96&d=mm&r=g","contentUrl":"https:\/\/secure.gravatar.com\/avatar\/de1c686c2ecc9c5a3f327e3431d819eb39f8f05d4e1045f5a1caad6daaba987f?s=96&d=mm&r=g","caption":"Equipe MH"}}]}},"_links":{"self":[{"href":"https:\/\/mhcalculos.com.br\/noticias\/wp-json\/wp\/v2\/posts\/7668","targetHints":{"allow":["GET"]}}],"collection":[{"href":"https:\/\/mhcalculos.com.br\/noticias\/wp-json\/wp\/v2\/posts"}],"about":[{"href":"https:\/\/mhcalculos.com.br\/noticias\/wp-json\/wp\/v2\/types\/post"}],"author":[{"embeddable":true,"href":"https:\/\/mhcalculos.com.br\/noticias\/wp-json\/wp\/v2\/users\/3063"}],"replies":[{"embeddable":true,"href":"https:\/\/mhcalculos.com.br\/noticias\/wp-json\/wp\/v2\/comments?post=7668"}],"version-history":[{"count":1,"href":"https:\/\/mhcalculos.com.br\/noticias\/wp-json\/wp\/v2\/posts\/7668\/revisions"}],"predecessor-version":[{"id":8727,"href":"https:\/\/mhcalculos.com.br\/noticias\/wp-json\/wp\/v2\/posts\/7668\/revisions\/8727"}],"wp:featuredmedia":[{"embeddable":true,"href":"https:\/\/mhcalculos.com.br\/noticias\/wp-json\/wp\/v2\/media\/2927"}],"wp:attachment":[{"href":"https:\/\/mhcalculos.com.br\/noticias\/wp-json\/wp\/v2\/media?parent=7668"}],"wp:term":[{"taxonomy":"category","embeddable":true,"href":"https:\/\/mhcalculos.com.br\/noticias\/wp-json\/wp\/v2\/categories?post=7668"},{"taxonomy":"post_tag","embeddable":true,"href":"https:\/\/mhcalculos.com.br\/noticias\/wp-json\/wp\/v2\/tags?post=7668"}],"curies":[{"name":"wp","href":"https:\/\/api.w.org\/{rel}","templated":true}]}}