{"id":7667,"date":"2020-11-10T17:05:07","date_gmt":"2020-11-10T20:05:07","guid":{"rendered":"https:\/\/mhcalculos.com.br\/noticias\/area\/previdenciario\/trf3-trf3-converte-25-anos-de-tempo-de-servico-especial-em-comum-e-confirma-aposentadoria-a-tratorista.html"},"modified":"2021-07-28T14:28:37","modified_gmt":"2021-07-28T17:28:37","slug":"trf3-trf3-converte-25-anos-de-tempo-de-servico-especial-em-comum-e-confirma-aposentadoria-a-tratorista","status":"publish","type":"post","link":"https:\/\/mhcalculos.com.br\/noticias\/area\/previdenciario\/trf3-trf3-converte-25-anos-de-tempo-de-servico-especial-em-comum-e-confirma-aposentadoria-a-tratorista.html","title":{"rendered":"TRF3: TRF3\u00a0CONVERTE\u00a025 ANOS DE\u00a0TEMPO DE SERVI\u00c7O ESPECIAL EM COMUM E CONFIRMA APOSENTADORIA\u00a0A\u00a0TRATORISTA\u00a0"},"content":{"rendered":"\n<div class=\"mat\">\n<p><em>Trabalhador era exposto a\u00a0n\u00edveis de ru\u00eddo superiores aos limites de toler\u00e2ncia previstos na legisla\u00e7\u00e3o\u00a0<\/em><\/p>\n<p>\u00a0\u00a0A Nona Turma do Tribunal Regional Federal da 3\u00aa Regi\u00e3o (TRF3), por unanimidade, determinou ao Instituto Nacional do Seguro Social (INSS) converter em tempo comum os\u00a025 anos de atividade especial exercida\u00a0por um\u00a0morador\u00a0de Piraju\/SP\u00a0como tratorista e operador de m\u00e1quina\u00a0e confirmou a concess\u00e3o de aposentadoria por tempo de contribui\u00e7\u00e3o.\u00a0<\/p>\n<p>Para o colegiado, o autor conseguiu comprovar o direito ao benef\u00edcio por meio de laudo t\u00e9cnico, do registro em Carteira de Trabalho e Previd\u00eancia Social (CTPS) e outros documentos.\u00a0A\u00a02\u00aa Vara Estadual\u00a0de Piraju, em compet\u00eancia delegada,\u00a0j\u00e1 havia determinado ao INSS que convertesse os per\u00edodos especiais em atividade comum com a respectiva concess\u00e3o da aposentadoria. A autarquia apelou ao TRF3 pela\u00a0impugna\u00e7\u00e3o dos enquadramentos efetuados.\u00a0\u00a0<\/p>\n<p>Ao analisar o caso, a relatora do processo, ju\u00edza federal convocada Vanessa Mello,\u00a0ressaltou que\u00a0o laudo t\u00e9cnico\u00a0judicial\u00a0comprovou\u00a0que, entre\u00a01984\u00a0e 2017, a parte autora\u00a0trabalhou como tratorista e operador de m\u00e1quina\u00a0por pelo menos 25 anos.\u00a0Durante a atividade, o homem\u00a0esteve\u00a0exposto\u00a0de forma habitual e permanente a n\u00edveis de ru\u00eddo superiores aos limites de toler\u00e2ncia previstos na legisla\u00e7\u00e3o previdenci\u00e1ria, fato que viabiliza a contagem diferenciada pretendida,\u00a0em conformidade com os\u00a0Decretos\u00a0n\u00bas\u00a053.831\/1964, 83.080\/1979,\u00a02.172\/1997 e 3.048\/1999.\u00a0\u201cNa hip\u00f3tese, o equipamento de prote\u00e7\u00e3o individual (EPI) n\u00e3o \u00e9 capaz de neutralizar a nocividade dos agentes\u201d,\u00a0salientou.\u00a0<\/p>\n<p>Al\u00e9m disso, a magistrada destacou\u00a0que\u00a0as anota\u00e7\u00f5es\u00a0com\u00a0o\u00a0registro\u00a0da fun\u00e7\u00e3o de tratorista\u00a0na CTPS\u00a0permitem\u00a0o reconhecimento de natureza\u00a0de atividade\u00a0especial, por enquadramento profissional (at\u00e9 28\/4\/1995), pois a jurisprud\u00eancia dominante\u00a0o equipara ao de &#8220;motorista de \u00f4nibus&#8221; ou de &#8220;motorista de caminh\u00e3o&#8221;.\u00a0<\/p>\n<p>Assim, a Nona Turma manteve a senten\u00e7a, com a devida soma dos per\u00edodos enquadrados e atendidos os requisitos de car\u00eancia e tempo de servi\u00e7o para a concess\u00e3o da aposentadoria por tempo de contribui\u00e7\u00e3o integral \u00e0 parte autora. O INSS deve pagar o benef\u00edcio a partir da data do requerimento administrativo.\u00a0<\/p>\n<p>Apela\u00e7\u00e3o C\u00edvel\u00a05278491-05.2020.4.03.9999\u00a0<\/p>\n<p>\u00a0\u00a0\u00a0\u00a0<\/p>\n<p><a href=\"http:\/\/www.twitter.com\/trf3_oficial\" rel=\"noreferrer noopener\" target=\"_blank\">www.twitter.com\/trf3_oficial<\/a>\u00a0<\/p>\n<p><a href=\"http:\/\/www.instagram.com\/trf3_oficial\" rel=\"noreferrer noopener\" target=\"_blank\">www.instagram.com\/trf3_oficial<\/a>\u00a0<\/p>\n<\/div>\n<p><script async src=\"https:\/\/platform.twitter.com\/widgets.js\" charset=\"utf-8\"><\/script><script async defer src=\"https:\/\/platform.instagram.com\/en_US\/embeds.js\"><\/script><br \/>\n<i>Com informa\u00e7\u00f5es da assessoria de imprensa do TRF3.<\/i><br \/>\n<br \/><a href=\"http:\/\/web.trf3.jus.br\/noticias\/Noticias\/Noticia\/Exibir\/401236\">Fonte<\/a><br \/>\n<br \/><\/p>\n","protected":false},"excerpt":{"rendered":"<p>Trabalhador era exposto a\u00a0n\u00edveis de ru\u00eddo superiores aos limites de toler\u00e2ncia previstos na legisla\u00e7\u00e3o\u00a0 \u00a0\u00a0A Nona Turma do Tribunal Regional Federal da 3\u00aa Regi\u00e3o (TRF3), por unanimidade, determinou ao Instituto Nacional do Seguro Social (INSS) converter em tempo comum os\u00a025 anos de atividade especial exercida\u00a0por um\u00a0morador\u00a0de Piraju\/SP\u00a0como tratorista e operador de m\u00e1quina\u00a0e confirmou a concess\u00e3o [&hellip;]<\/p>\n","protected":false},"author":3063,"featured_media":1787,"comment_status":"open","ping_status":"open","sticky":false,"template":"","format":"standard","meta":{"footnotes":""},"categories":[5,110],"tags":[11,10,8,13,9,12,152],"class_list":{"0":"post-7667","1":"post","2":"type-post","3":"status-publish","4":"format-standard","5":"has-post-thumbnail","7":"category-previdenciario","8":"category-trf3","9":"tag-aposentadoria","10":"tag-calculos-previdenciarios","11":"tag-direito-previdenciario","12":"tag-inss","13":"tag-pericia","14":"tag-perito","15":"tag-trf3"},"yoast_head":"<!-- This site is optimized with the Yoast SEO plugin v27.2 - https:\/\/yoast.com\/product\/yoast-seo-wordpress\/ -->\n<title>TRF3: TRF3\u00a0CONVERTE\u00a025 ANOS DE\u00a0TEMPO DE SERVI\u00c7O ESPECIAL EM COMUM E CONFIRMA APOSENTADORIA\u00a0A\u00a0TRATORISTA\u00a0 | Portal de Not\u00edcias<\/title>\n<meta name=\"robots\" content=\"index, follow, max-snippet:-1, max-image-preview:large, max-video-preview:-1\" \/>\n<link rel=\"canonical\" href=\"https:\/\/mhcalculos.com.br\/noticias\/area\/previdenciario\/trf3-trf3-converte-25-anos-de-tempo-de-servico-especial-em-comum-e-confirma-aposentadoria-a-tratorista.html\" \/>\n<meta property=\"og:locale\" content=\"pt_BR\" \/>\n<meta property=\"og:type\" content=\"article\" \/>\n<meta property=\"og:title\" content=\"TRF3: TRF3\u00a0CONVERTE\u00a025 ANOS DE\u00a0TEMPO DE SERVI\u00c7O ESPECIAL EM COMUM E CONFIRMA APOSENTADORIA\u00a0A\u00a0TRATORISTA\u00a0 | Portal de Not\u00edcias\" \/>\n<meta property=\"og:description\" content=\"Trabalhador era exposto a\u00a0n\u00edveis de ru\u00eddo superiores aos limites de toler\u00e2ncia previstos na legisla\u00e7\u00e3o\u00a0 \u00a0\u00a0A Nona Turma do Tribunal Regional Federal da 3\u00aa Regi\u00e3o (TRF3), por unanimidade, determinou ao Instituto Nacional do Seguro Social (INSS) converter em tempo comum os\u00a025 anos de atividade especial exercida\u00a0por um\u00a0morador\u00a0de Piraju\/SP\u00a0como tratorista e operador de m\u00e1quina\u00a0e confirmou a concess\u00e3o [&hellip;]\" \/>\n<meta property=\"og:url\" content=\"https:\/\/mhcalculos.com.br\/noticias\/area\/previdenciario\/trf3-trf3-converte-25-anos-de-tempo-de-servico-especial-em-comum-e-confirma-aposentadoria-a-tratorista.html\" \/>\n<meta property=\"og:site_name\" content=\"Portal de Not\u00edcias\" \/>\n<meta property=\"article:published_time\" content=\"2020-11-10T20:05:07+00:00\" \/>\n<meta property=\"article:modified_time\" content=\"2021-07-28T17:28:37+00:00\" \/>\n<meta property=\"og:image\" content=\"https:\/\/mhcalculos.com.br\/noticias\/wp-content\/uploads\/sites\/2\/2018\/06\/judiciario-0018.jpg\" \/>\n\t<meta property=\"og:image:width\" content=\"2000\" \/>\n\t<meta property=\"og:image:height\" content=\"800\" \/>\n\t<meta property=\"og:image:type\" content=\"image\/jpeg\" \/>\n<meta name=\"author\" content=\"Equipe MH\" \/>\n<meta name=\"twitter:card\" content=\"summary_large_image\" \/>\n<meta name=\"twitter:label1\" content=\"Escrito por\" \/>\n\t<meta name=\"twitter:data1\" content=\"Equipe MH\" \/>\n\t<meta name=\"twitter:label2\" content=\"Est. tempo de leitura\" \/>\n\t<meta name=\"twitter:data2\" content=\"2 minutos\" \/>\n<script type=\"application\/ld+json\" class=\"yoast-schema-graph\">{\"@context\":\"https:\/\/schema.org\",\"@graph\":[{\"@type\":\"Article\",\"@id\":\"https:\/\/mhcalculos.com.br\/noticias\/area\/previdenciario\/trf3-trf3-converte-25-anos-de-tempo-de-servico-especial-em-comum-e-confirma-aposentadoria-a-tratorista.html#article\",\"isPartOf\":{\"@id\":\"https:\/\/mhcalculos.com.br\/noticias\/area\/previdenciario\/trf3-trf3-converte-25-anos-de-tempo-de-servico-especial-em-comum-e-confirma-aposentadoria-a-tratorista.html\"},\"author\":{\"name\":\"Equipe MH\",\"@id\":\"https:\/\/mhcalculos.com.br\/noticias\/#\/schema\/person\/88d1c34bf72dc779ea14a5a6b8e0ae8d\"},\"headline\":\"TRF3: TRF3\u00a0CONVERTE\u00a025 ANOS DE\u00a0TEMPO DE SERVI\u00c7O ESPECIAL EM COMUM E CONFIRMA APOSENTADORIA\u00a0A\u00a0TRATORISTA\u00a0\",\"datePublished\":\"2020-11-10T20:05:07+00:00\",\"dateModified\":\"2021-07-28T17:28:37+00:00\",\"mainEntityOfPage\":{\"@id\":\"https:\/\/mhcalculos.com.br\/noticias\/area\/previdenciario\/trf3-trf3-converte-25-anos-de-tempo-de-servico-especial-em-comum-e-confirma-aposentadoria-a-tratorista.html\"},\"wordCount\":403,\"commentCount\":0,\"image\":{\"@id\":\"https:\/\/mhcalculos.com.br\/noticias\/area\/previdenciario\/trf3-trf3-converte-25-anos-de-tempo-de-servico-especial-em-comum-e-confirma-aposentadoria-a-tratorista.html#primaryimage\"},\"thumbnailUrl\":\"https:\/\/mhcalculos.com.br\/noticias\/wp-content\/uploads\/sites\/2\/2018\/06\/judiciario-0018.jpg\",\"keywords\":[\"aposentadoria\",\"c\u00e1lculos previdenci\u00e1rios\",\"direito previdenci\u00e1rio\",\"inss\",\"per\u00edcia\",\"perito\",\"trf3\"],\"articleSection\":[\"Direito Previdenci\u00e1rio\",\"TRF3\"],\"inLanguage\":\"pt-BR\",\"potentialAction\":[{\"@type\":\"CommentAction\",\"name\":\"Comment\",\"target\":[\"https:\/\/mhcalculos.com.br\/noticias\/area\/previdenciario\/trf3-trf3-converte-25-anos-de-tempo-de-servico-especial-em-comum-e-confirma-aposentadoria-a-tratorista.html#respond\"]}]},{\"@type\":\"WebPage\",\"@id\":\"https:\/\/mhcalculos.com.br\/noticias\/area\/previdenciario\/trf3-trf3-converte-25-anos-de-tempo-de-servico-especial-em-comum-e-confirma-aposentadoria-a-tratorista.html\",\"url\":\"https:\/\/mhcalculos.com.br\/noticias\/area\/previdenciario\/trf3-trf3-converte-25-anos-de-tempo-de-servico-especial-em-comum-e-confirma-aposentadoria-a-tratorista.html\",\"name\":\"TRF3: TRF3\u00a0CONVERTE\u00a025 ANOS DE\u00a0TEMPO DE SERVI\u00c7O ESPECIAL EM COMUM E CONFIRMA APOSENTADORIA\u00a0A\u00a0TRATORISTA\u00a0 | Portal de Not\u00edcias\",\"isPartOf\":{\"@id\":\"https:\/\/mhcalculos.com.br\/noticias\/#website\"},\"primaryImageOfPage\":{\"@id\":\"https:\/\/mhcalculos.com.br\/noticias\/area\/previdenciario\/trf3-trf3-converte-25-anos-de-tempo-de-servico-especial-em-comum-e-confirma-aposentadoria-a-tratorista.html#primaryimage\"},\"image\":{\"@id\":\"https:\/\/mhcalculos.com.br\/noticias\/area\/previdenciario\/trf3-trf3-converte-25-anos-de-tempo-de-servico-especial-em-comum-e-confirma-aposentadoria-a-tratorista.html#primaryimage\"},\"thumbnailUrl\":\"https:\/\/mhcalculos.com.br\/noticias\/wp-content\/uploads\/sites\/2\/2018\/06\/judiciario-0018.jpg\",\"datePublished\":\"2020-11-10T20:05:07+00:00\",\"dateModified\":\"2021-07-28T17:28:37+00:00\",\"author\":{\"@id\":\"https:\/\/mhcalculos.com.br\/noticias\/#\/schema\/person\/88d1c34bf72dc779ea14a5a6b8e0ae8d\"},\"breadcrumb\":{\"@id\":\"https:\/\/mhcalculos.com.br\/noticias\/area\/previdenciario\/trf3-trf3-converte-25-anos-de-tempo-de-servico-especial-em-comum-e-confirma-aposentadoria-a-tratorista.html#breadcrumb\"},\"inLanguage\":\"pt-BR\",\"potentialAction\":[{\"@type\":\"ReadAction\",\"target\":[\"https:\/\/mhcalculos.com.br\/noticias\/area\/previdenciario\/trf3-trf3-converte-25-anos-de-tempo-de-servico-especial-em-comum-e-confirma-aposentadoria-a-tratorista.html\"]}]},{\"@type\":\"ImageObject\",\"inLanguage\":\"pt-BR\",\"@id\":\"https:\/\/mhcalculos.com.br\/noticias\/area\/previdenciario\/trf3-trf3-converte-25-anos-de-tempo-de-servico-especial-em-comum-e-confirma-aposentadoria-a-tratorista.html#primaryimage\",\"url\":\"https:\/\/mhcalculos.com.br\/noticias\/wp-content\/uploads\/sites\/2\/2018\/06\/judiciario-0018.jpg\",\"contentUrl\":\"https:\/\/mhcalculos.com.br\/noticias\/wp-content\/uploads\/sites\/2\/2018\/06\/judiciario-0018.jpg\",\"width\":2000,\"height\":800},{\"@type\":\"BreadcrumbList\",\"@id\":\"https:\/\/mhcalculos.com.br\/noticias\/area\/previdenciario\/trf3-trf3-converte-25-anos-de-tempo-de-servico-especial-em-comum-e-confirma-aposentadoria-a-tratorista.html#breadcrumb\",\"itemListElement\":[{\"@type\":\"ListItem\",\"position\":1,\"name\":\"In\u00edcio\",\"item\":\"https:\/\/mhcalculos.com.br\/noticias\/\"},{\"@type\":\"ListItem\",\"position\":2,\"name\":\"TRF3: TRF3\u00a0CONVERTE\u00a025 ANOS DE\u00a0TEMPO DE SERVI\u00c7O ESPECIAL EM COMUM E CONFIRMA APOSENTADORIA\u00a0A\u00a0TRATORISTA\u00a0\"}]},{\"@type\":\"WebSite\",\"@id\":\"https:\/\/mhcalculos.com.br\/noticias\/#website\",\"url\":\"https:\/\/mhcalculos.com.br\/noticias\/\",\"name\":\"Portal de Not\u00edcias\",\"description\":\"Not\u00edcias e Jurisprud\u00eancia\",\"potentialAction\":[{\"@type\":\"SearchAction\",\"target\":{\"@type\":\"EntryPoint\",\"urlTemplate\":\"https:\/\/mhcalculos.com.br\/noticias\/?s={search_term_string}\"},\"query-input\":{\"@type\":\"PropertyValueSpecification\",\"valueRequired\":true,\"valueName\":\"search_term_string\"}}],\"inLanguage\":\"pt-BR\"},{\"@type\":\"Person\",\"@id\":\"https:\/\/mhcalculos.com.br\/noticias\/#\/schema\/person\/88d1c34bf72dc779ea14a5a6b8e0ae8d\",\"name\":\"Equipe MH\",\"image\":{\"@type\":\"ImageObject\",\"inLanguage\":\"pt-BR\",\"@id\":\"https:\/\/secure.gravatar.com\/avatar\/de1c686c2ecc9c5a3f327e3431d819eb39f8f05d4e1045f5a1caad6daaba987f?s=96&d=mm&r=g\",\"url\":\"https:\/\/secure.gravatar.com\/avatar\/de1c686c2ecc9c5a3f327e3431d819eb39f8f05d4e1045f5a1caad6daaba987f?s=96&d=mm&r=g\",\"contentUrl\":\"https:\/\/secure.gravatar.com\/avatar\/de1c686c2ecc9c5a3f327e3431d819eb39f8f05d4e1045f5a1caad6daaba987f?s=96&d=mm&r=g\",\"caption\":\"Equipe MH\"}}]}<\/script>\n<!-- \/ Yoast SEO plugin. -->","yoast_head_json":{"title":"TRF3: TRF3\u00a0CONVERTE\u00a025 ANOS DE\u00a0TEMPO DE SERVI\u00c7O ESPECIAL EM COMUM E CONFIRMA APOSENTADORIA\u00a0A\u00a0TRATORISTA\u00a0 | Portal de Not\u00edcias","robots":{"index":"index","follow":"follow","max-snippet":"max-snippet:-1","max-image-preview":"max-image-preview:large","max-video-preview":"max-video-preview:-1"},"canonical":"https:\/\/mhcalculos.com.br\/noticias\/area\/previdenciario\/trf3-trf3-converte-25-anos-de-tempo-de-servico-especial-em-comum-e-confirma-aposentadoria-a-tratorista.html","og_locale":"pt_BR","og_type":"article","og_title":"TRF3: TRF3\u00a0CONVERTE\u00a025 ANOS DE\u00a0TEMPO DE SERVI\u00c7O ESPECIAL EM COMUM E CONFIRMA APOSENTADORIA\u00a0A\u00a0TRATORISTA\u00a0 | Portal de Not\u00edcias","og_description":"Trabalhador era exposto a\u00a0n\u00edveis de ru\u00eddo superiores aos limites de toler\u00e2ncia previstos na legisla\u00e7\u00e3o\u00a0 \u00a0\u00a0A Nona Turma do Tribunal Regional Federal da 3\u00aa Regi\u00e3o (TRF3), por unanimidade, determinou ao Instituto Nacional do Seguro Social (INSS) converter em tempo comum os\u00a025 anos de atividade especial exercida\u00a0por um\u00a0morador\u00a0de Piraju\/SP\u00a0como tratorista e operador de m\u00e1quina\u00a0e confirmou a concess\u00e3o [&hellip;]","og_url":"https:\/\/mhcalculos.com.br\/noticias\/area\/previdenciario\/trf3-trf3-converte-25-anos-de-tempo-de-servico-especial-em-comum-e-confirma-aposentadoria-a-tratorista.html","og_site_name":"Portal de Not\u00edcias","article_published_time":"2020-11-10T20:05:07+00:00","article_modified_time":"2021-07-28T17:28:37+00:00","og_image":[{"width":2000,"height":800,"url":"https:\/\/mhcalculos.com.br\/noticias\/wp-content\/uploads\/sites\/2\/2018\/06\/judiciario-0018.jpg","type":"image\/jpeg"}],"author":"Equipe MH","twitter_card":"summary_large_image","twitter_misc":{"Escrito por":"Equipe MH","Est. tempo de leitura":"2 minutos"},"schema":{"@context":"https:\/\/schema.org","@graph":[{"@type":"Article","@id":"https:\/\/mhcalculos.com.br\/noticias\/area\/previdenciario\/trf3-trf3-converte-25-anos-de-tempo-de-servico-especial-em-comum-e-confirma-aposentadoria-a-tratorista.html#article","isPartOf":{"@id":"https:\/\/mhcalculos.com.br\/noticias\/area\/previdenciario\/trf3-trf3-converte-25-anos-de-tempo-de-servico-especial-em-comum-e-confirma-aposentadoria-a-tratorista.html"},"author":{"name":"Equipe MH","@id":"https:\/\/mhcalculos.com.br\/noticias\/#\/schema\/person\/88d1c34bf72dc779ea14a5a6b8e0ae8d"},"headline":"TRF3: TRF3\u00a0CONVERTE\u00a025 ANOS DE\u00a0TEMPO DE SERVI\u00c7O ESPECIAL EM COMUM E CONFIRMA APOSENTADORIA\u00a0A\u00a0TRATORISTA\u00a0","datePublished":"2020-11-10T20:05:07+00:00","dateModified":"2021-07-28T17:28:37+00:00","mainEntityOfPage":{"@id":"https:\/\/mhcalculos.com.br\/noticias\/area\/previdenciario\/trf3-trf3-converte-25-anos-de-tempo-de-servico-especial-em-comum-e-confirma-aposentadoria-a-tratorista.html"},"wordCount":403,"commentCount":0,"image":{"@id":"https:\/\/mhcalculos.com.br\/noticias\/area\/previdenciario\/trf3-trf3-converte-25-anos-de-tempo-de-servico-especial-em-comum-e-confirma-aposentadoria-a-tratorista.html#primaryimage"},"thumbnailUrl":"https:\/\/mhcalculos.com.br\/noticias\/wp-content\/uploads\/sites\/2\/2018\/06\/judiciario-0018.jpg","keywords":["aposentadoria","c\u00e1lculos previdenci\u00e1rios","direito previdenci\u00e1rio","inss","per\u00edcia","perito","trf3"],"articleSection":["Direito Previdenci\u00e1rio","TRF3"],"inLanguage":"pt-BR","potentialAction":[{"@type":"CommentAction","name":"Comment","target":["https:\/\/mhcalculos.com.br\/noticias\/area\/previdenciario\/trf3-trf3-converte-25-anos-de-tempo-de-servico-especial-em-comum-e-confirma-aposentadoria-a-tratorista.html#respond"]}]},{"@type":"WebPage","@id":"https:\/\/mhcalculos.com.br\/noticias\/area\/previdenciario\/trf3-trf3-converte-25-anos-de-tempo-de-servico-especial-em-comum-e-confirma-aposentadoria-a-tratorista.html","url":"https:\/\/mhcalculos.com.br\/noticias\/area\/previdenciario\/trf3-trf3-converte-25-anos-de-tempo-de-servico-especial-em-comum-e-confirma-aposentadoria-a-tratorista.html","name":"TRF3: TRF3\u00a0CONVERTE\u00a025 ANOS DE\u00a0TEMPO DE SERVI\u00c7O ESPECIAL EM COMUM E CONFIRMA APOSENTADORIA\u00a0A\u00a0TRATORISTA\u00a0 | Portal de Not\u00edcias","isPartOf":{"@id":"https:\/\/mhcalculos.com.br\/noticias\/#website"},"primaryImageOfPage":{"@id":"https:\/\/mhcalculos.com.br\/noticias\/area\/previdenciario\/trf3-trf3-converte-25-anos-de-tempo-de-servico-especial-em-comum-e-confirma-aposentadoria-a-tratorista.html#primaryimage"},"image":{"@id":"https:\/\/mhcalculos.com.br\/noticias\/area\/previdenciario\/trf3-trf3-converte-25-anos-de-tempo-de-servico-especial-em-comum-e-confirma-aposentadoria-a-tratorista.html#primaryimage"},"thumbnailUrl":"https:\/\/mhcalculos.com.br\/noticias\/wp-content\/uploads\/sites\/2\/2018\/06\/judiciario-0018.jpg","datePublished":"2020-11-10T20:05:07+00:00","dateModified":"2021-07-28T17:28:37+00:00","author":{"@id":"https:\/\/mhcalculos.com.br\/noticias\/#\/schema\/person\/88d1c34bf72dc779ea14a5a6b8e0ae8d"},"breadcrumb":{"@id":"https:\/\/mhcalculos.com.br\/noticias\/area\/previdenciario\/trf3-trf3-converte-25-anos-de-tempo-de-servico-especial-em-comum-e-confirma-aposentadoria-a-tratorista.html#breadcrumb"},"inLanguage":"pt-BR","potentialAction":[{"@type":"ReadAction","target":["https:\/\/mhcalculos.com.br\/noticias\/area\/previdenciario\/trf3-trf3-converte-25-anos-de-tempo-de-servico-especial-em-comum-e-confirma-aposentadoria-a-tratorista.html"]}]},{"@type":"ImageObject","inLanguage":"pt-BR","@id":"https:\/\/mhcalculos.com.br\/noticias\/area\/previdenciario\/trf3-trf3-converte-25-anos-de-tempo-de-servico-especial-em-comum-e-confirma-aposentadoria-a-tratorista.html#primaryimage","url":"https:\/\/mhcalculos.com.br\/noticias\/wp-content\/uploads\/sites\/2\/2018\/06\/judiciario-0018.jpg","contentUrl":"https:\/\/mhcalculos.com.br\/noticias\/wp-content\/uploads\/sites\/2\/2018\/06\/judiciario-0018.jpg","width":2000,"height":800},{"@type":"BreadcrumbList","@id":"https:\/\/mhcalculos.com.br\/noticias\/area\/previdenciario\/trf3-trf3-converte-25-anos-de-tempo-de-servico-especial-em-comum-e-confirma-aposentadoria-a-tratorista.html#breadcrumb","itemListElement":[{"@type":"ListItem","position":1,"name":"In\u00edcio","item":"https:\/\/mhcalculos.com.br\/noticias\/"},{"@type":"ListItem","position":2,"name":"TRF3: TRF3\u00a0CONVERTE\u00a025 ANOS DE\u00a0TEMPO DE SERVI\u00c7O ESPECIAL EM COMUM E CONFIRMA APOSENTADORIA\u00a0A\u00a0TRATORISTA\u00a0"}]},{"@type":"WebSite","@id":"https:\/\/mhcalculos.com.br\/noticias\/#website","url":"https:\/\/mhcalculos.com.br\/noticias\/","name":"Portal de Not\u00edcias","description":"Not\u00edcias e Jurisprud\u00eancia","potentialAction":[{"@type":"SearchAction","target":{"@type":"EntryPoint","urlTemplate":"https:\/\/mhcalculos.com.br\/noticias\/?s={search_term_string}"},"query-input":{"@type":"PropertyValueSpecification","valueRequired":true,"valueName":"search_term_string"}}],"inLanguage":"pt-BR"},{"@type":"Person","@id":"https:\/\/mhcalculos.com.br\/noticias\/#\/schema\/person\/88d1c34bf72dc779ea14a5a6b8e0ae8d","name":"Equipe MH","image":{"@type":"ImageObject","inLanguage":"pt-BR","@id":"https:\/\/secure.gravatar.com\/avatar\/de1c686c2ecc9c5a3f327e3431d819eb39f8f05d4e1045f5a1caad6daaba987f?s=96&d=mm&r=g","url":"https:\/\/secure.gravatar.com\/avatar\/de1c686c2ecc9c5a3f327e3431d819eb39f8f05d4e1045f5a1caad6daaba987f?s=96&d=mm&r=g","contentUrl":"https:\/\/secure.gravatar.com\/avatar\/de1c686c2ecc9c5a3f327e3431d819eb39f8f05d4e1045f5a1caad6daaba987f?s=96&d=mm&r=g","caption":"Equipe MH"}}]}},"_links":{"self":[{"href":"https:\/\/mhcalculos.com.br\/noticias\/wp-json\/wp\/v2\/posts\/7667","targetHints":{"allow":["GET"]}}],"collection":[{"href":"https:\/\/mhcalculos.com.br\/noticias\/wp-json\/wp\/v2\/posts"}],"about":[{"href":"https:\/\/mhcalculos.com.br\/noticias\/wp-json\/wp\/v2\/types\/post"}],"author":[{"embeddable":true,"href":"https:\/\/mhcalculos.com.br\/noticias\/wp-json\/wp\/v2\/users\/3063"}],"replies":[{"embeddable":true,"href":"https:\/\/mhcalculos.com.br\/noticias\/wp-json\/wp\/v2\/comments?post=7667"}],"version-history":[{"count":1,"href":"https:\/\/mhcalculos.com.br\/noticias\/wp-json\/wp\/v2\/posts\/7667\/revisions"}],"predecessor-version":[{"id":8728,"href":"https:\/\/mhcalculos.com.br\/noticias\/wp-json\/wp\/v2\/posts\/7667\/revisions\/8728"}],"wp:featuredmedia":[{"embeddable":true,"href":"https:\/\/mhcalculos.com.br\/noticias\/wp-json\/wp\/v2\/media\/1787"}],"wp:attachment":[{"href":"https:\/\/mhcalculos.com.br\/noticias\/wp-json\/wp\/v2\/media?parent=7667"}],"wp:term":[{"taxonomy":"category","embeddable":true,"href":"https:\/\/mhcalculos.com.br\/noticias\/wp-json\/wp\/v2\/categories?post=7667"},{"taxonomy":"post_tag","embeddable":true,"href":"https:\/\/mhcalculos.com.br\/noticias\/wp-json\/wp\/v2\/tags?post=7667"}],"curies":[{"name":"wp","href":"https:\/\/api.w.org\/{rel}","templated":true}]}}