{"id":7666,"date":"2020-11-10T05:05:13","date_gmt":"2020-11-10T08:05:13","guid":{"rendered":"https:\/\/mhcalculos.com.br\/noticias\/area\/previdenciario\/trf4-reativado-o-pagamento-de-beneficio-assistencial-para-idoso-de-82-anos-que-havia-sido-suspenso-por-falta-de-cadastro-09-11-2020.html"},"modified":"2021-07-28T14:28:38","modified_gmt":"2021-07-28T17:28:38","slug":"trf4-reativado-o-pagamento-de-beneficio-assistencial-para-idoso-de-82-anos-que-havia-sido-suspenso-por-falta-de-cadastro-09-11-2020","status":"publish","type":"post","link":"https:\/\/mhcalculos.com.br\/noticias\/area\/previdenciario\/trf4-reativado-o-pagamento-de-beneficio-assistencial-para-idoso-de-82-anos-que-havia-sido-suspenso-por-falta-de-cadastro-09-11-2020.html","title":{"rendered":"TRF4: Reativado o pagamento de benef\u00edcio assistencial para idoso de 82 anos que havia sido suspenso por falta de cadastro (09\/11\/2020)"},"content":{"rendered":"<p><br \/>\n<\/p>\n<p>O Tribunal Regional Federal da 4\u00aa Regi\u00e3o (TRF4) negou provimento a um recurso interposto pelo Instituto Nacional do Seguro Social (INSS) e manteve a senten\u00e7a de primeira inst\u00e2ncia que determinou a reativa\u00e7\u00e3o do benef\u00edcio de presta\u00e7\u00e3o continuada (BPC-LOAS) para um homem de 82 anos, morador de Porto Alegre, cujo pagamento havia sido suspenso pela autarquia. A decis\u00e3o foi proferida por unanimidade pela 5\u00aa Turma da Corte em sess\u00e3o virtual de julgamento realizada na \u00faltima semana (5\/11).<\/p>\n<p><strong>Benef\u00edcio suspenso<\/strong><\/p>\n<p>Em novembro do ano passado, o autor ingressou na Justi\u00e7a com um mandado de seguran\u00e7a pleiteando que lhe fosse concedida a reimplementa\u00e7\u00e3o do benef\u00edcio assistencial ao idoso.<\/p>\n<p>No processo, ele narrou que recebeu o BPC de agosto de 2006 at\u00e9 julho de 2019. Segundo o INSS, o homem foi notificado em abril e em maio do ano passado sobre pend\u00eancias em seu benef\u00edcio, sendo orientado a procurar um Centro de Refer\u00eancia da Assist\u00eancia Social (CRAS) e realizar a sua inscri\u00e7\u00e3o e de sua fam\u00edlia no Sistema de Cadastro \u00danico (Cad\u00danico).<\/p>\n<p>Devido ao n\u00e3o cumprimento da notifica\u00e7\u00e3o por parte do segurado, o BPC foi suspenso pela autarquia previdenci\u00e1ria em julho. O autor afirmou que acabou realizando a atualiza\u00e7\u00e3o do Cad\u00danico em agosto de 2019, por\u00e9m o pagamento do benef\u00edcio continuou suspenso.<\/p>\n<p><strong>Senten\u00e7a<\/strong><\/p>\n<p>O ju\u00edzo da 25\u00aa Vara Federal de Porto Alegre, em julho deste ano, analisou o mandado de seguran\u00e7a e determinou ao INSS a reativa\u00e7\u00e3o do BPC do idoso, no prazo m\u00e1ximo de 30 dias contados a partir da intima\u00e7\u00e3o da senten\u00e7a.<\/p>\n<p><strong>Recurso<\/strong><\/p>\n<p>A autarquia recorreu ao TRF4. Na apela\u00e7\u00e3o, sustentou a inexist\u00eancia de direito l\u00edquido e certo do autor, porquanto o homem foi notificado para apresenta\u00e7\u00e3o da inscri\u00e7\u00e3o no Cad\u00danico, solicita\u00e7\u00e3o n\u00e3o atendida e levada a efeito somente ap\u00f3s o cancelamento do benef\u00edcio. O INSS ainda defendeu a presun\u00e7\u00e3o de legalidade dos seus atos administrativos e que, no caso, n\u00e3o houve ilegalidade ou abuso de poder que justificasse o mandado de seguran\u00e7a.<\/p>\n<p><strong>Ac\u00f3rd\u00e3o<\/strong><\/p>\n<p>A ju\u00edza federal convocada para atuar no Tribunal Gisele Lemke, relatora do recurso na Corte, posicionou-se em concord\u00e2ncia com a senten\u00e7a do ju\u00edzo de origem.<\/p>\n<p>&ldquo;Ap\u00f3s realizada a inscri\u00e7\u00e3o no Cad\u00danico, a parte autora requereu administrativamente a reativa\u00e7\u00e3o do benef\u00edcio. No entanto, o INSS indeferiu o pedido alegando que este s\u00f3 poderia ser analisado em inst\u00e2ncia recursal. Ocorre que, quando protocolado o requerimento de reativa\u00e7\u00e3o do BPC, a parte j\u00e1 havia regularizado a situa\u00e7\u00e3o cadastral pendente, comprovando o cumprimento da pend\u00eancia que ocasionou a cessa\u00e7\u00e3o do pagamento. O INSS, assim, j\u00e1 dispunha de todos os elementos necess\u00e1rios para a an\u00e1lise do pedido administrativo de reativa\u00e7\u00e3o. Desta forma, n\u00e3o \u00e9 razo\u00e1vel a exig\u00eancia de interposi\u00e7\u00e3o de recurso administrativo, j\u00e1 que era dever do INSS analisar, antes, o pedido de reativa\u00e7\u00e3o. Verifica-se, assim, a configura\u00e7\u00e3o de ilegalidade do ato, j\u00e1 que o motivo da cessa\u00e7\u00e3o do benef\u00edcio assistencial j\u00e1 foi solucionado&rdquo;, ressaltou a magistrada em sua manifesta\u00e7\u00e3o.<\/p>\n<p>A 5\u00aa Turma, dessa forma, votou unanimemente no sentido de negar provimento \u00e0 apela\u00e7\u00e3o e manter a reativa\u00e7\u00e3o do pagamento do BPC para o idoso.<\/p>\n<p><br \/> (Ag\u00eancia Brasil)<\/p>\n<p><i>Com informa\u00e7\u00f5es da assessoria de imprensa do TRF4.<\/i><br \/>\n<br \/><a href=\"http:\/\/www2.trf4.jus.br\/trf4\/controlador.php?acao=noticia_visualizar&#038;id_noticia=15551\">Fonte<\/a><br \/>\n<br \/><\/p>\n","protected":false},"excerpt":{"rendered":"<p>O Tribunal Regional Federal da 4\u00aa Regi\u00e3o (TRF4) negou provimento a um recurso interposto pelo Instituto Nacional do Seguro Social (INSS) e manteve a senten\u00e7a de primeira inst\u00e2ncia que determinou a reativa\u00e7\u00e3o do benef\u00edcio de presta\u00e7\u00e3o continuada (BPC-LOAS) para um homem de 82 anos, morador de Porto Alegre, cujo pagamento havia sido suspenso pela autarquia. [&hellip;]<\/p>\n","protected":false},"author":3063,"featured_media":1593,"comment_status":"open","ping_status":"open","sticky":false,"template":"","format":"standard","meta":{"footnotes":""},"categories":[5,6],"tags":[11,10,8,13,9,12,17],"class_list":{"0":"post-7666","1":"post","2":"type-post","3":"status-publish","4":"format-standard","5":"has-post-thumbnail","7":"category-previdenciario","8":"category-trf4","9":"tag-aposentadoria","10":"tag-calculos-previdenciarios","11":"tag-direito-previdenciario","12":"tag-inss","13":"tag-pericia","14":"tag-perito","15":"tag-trf4"},"yoast_head":"<!-- This site is optimized with the Yoast SEO plugin v27.2 - https:\/\/yoast.com\/product\/yoast-seo-wordpress\/ -->\n<title>TRF4: Reativado o pagamento de benef\u00edcio assistencial para idoso de 82 anos que havia sido suspenso por falta de cadastro (09\/11\/2020) | Portal de Not\u00edcias<\/title>\n<meta name=\"robots\" content=\"index, follow, max-snippet:-1, max-image-preview:large, max-video-preview:-1\" \/>\n<link rel=\"canonical\" href=\"https:\/\/mhcalculos.com.br\/noticias\/area\/previdenciario\/trf4-reativado-o-pagamento-de-beneficio-assistencial-para-idoso-de-82-anos-que-havia-sido-suspenso-por-falta-de-cadastro-09-11-2020.html\" \/>\n<meta property=\"og:locale\" content=\"pt_BR\" \/>\n<meta property=\"og:type\" content=\"article\" \/>\n<meta property=\"og:title\" content=\"TRF4: Reativado o pagamento de benef\u00edcio assistencial para idoso de 82 anos que havia sido suspenso por falta de cadastro (09\/11\/2020) | Portal de Not\u00edcias\" \/>\n<meta property=\"og:description\" content=\"O Tribunal Regional Federal da 4\u00aa Regi\u00e3o (TRF4) negou provimento a um recurso interposto pelo Instituto Nacional do Seguro Social (INSS) e manteve a senten\u00e7a de primeira inst\u00e2ncia que determinou a reativa\u00e7\u00e3o do benef\u00edcio de presta\u00e7\u00e3o continuada (BPC-LOAS) para um homem de 82 anos, morador de Porto Alegre, cujo pagamento havia sido suspenso pela autarquia. [&hellip;]\" \/>\n<meta property=\"og:url\" content=\"https:\/\/mhcalculos.com.br\/noticias\/area\/previdenciario\/trf4-reativado-o-pagamento-de-beneficio-assistencial-para-idoso-de-82-anos-que-havia-sido-suspenso-por-falta-de-cadastro-09-11-2020.html\" \/>\n<meta property=\"og:site_name\" content=\"Portal de Not\u00edcias\" \/>\n<meta property=\"article:published_time\" content=\"2020-11-10T08:05:13+00:00\" \/>\n<meta property=\"article:modified_time\" content=\"2021-07-28T17:28:38+00:00\" \/>\n<meta property=\"og:image\" content=\"https:\/\/mhcalculos.com.br\/noticias\/wp-content\/uploads\/sites\/2\/2018\/06\/judiciario-0035.jpg\" \/>\n\t<meta property=\"og:image:width\" content=\"2000\" \/>\n\t<meta property=\"og:image:height\" content=\"800\" \/>\n\t<meta property=\"og:image:type\" content=\"image\/jpeg\" \/>\n<meta name=\"author\" content=\"Equipe MH\" \/>\n<meta name=\"twitter:card\" content=\"summary_large_image\" \/>\n<meta name=\"twitter:label1\" content=\"Escrito por\" \/>\n\t<meta name=\"twitter:data1\" content=\"Equipe MH\" \/>\n\t<meta name=\"twitter:label2\" content=\"Est. tempo de leitura\" \/>\n\t<meta name=\"twitter:data2\" content=\"3 minutos\" \/>\n<script type=\"application\/ld+json\" class=\"yoast-schema-graph\">{\"@context\":\"https:\/\/schema.org\",\"@graph\":[{\"@type\":\"Article\",\"@id\":\"https:\/\/mhcalculos.com.br\/noticias\/area\/previdenciario\/trf4-reativado-o-pagamento-de-beneficio-assistencial-para-idoso-de-82-anos-que-havia-sido-suspenso-por-falta-de-cadastro-09-11-2020.html#article\",\"isPartOf\":{\"@id\":\"https:\/\/mhcalculos.com.br\/noticias\/area\/previdenciario\/trf4-reativado-o-pagamento-de-beneficio-assistencial-para-idoso-de-82-anos-que-havia-sido-suspenso-por-falta-de-cadastro-09-11-2020.html\"},\"author\":{\"name\":\"Equipe MH\",\"@id\":\"https:\/\/mhcalculos.com.br\/noticias\/#\/schema\/person\/88d1c34bf72dc779ea14a5a6b8e0ae8d\"},\"headline\":\"TRF4: Reativado o pagamento de benef\u00edcio assistencial para idoso de 82 anos que havia sido suspenso por falta de cadastro (09\/11\/2020)\",\"datePublished\":\"2020-11-10T08:05:13+00:00\",\"dateModified\":\"2021-07-28T17:28:38+00:00\",\"mainEntityOfPage\":{\"@id\":\"https:\/\/mhcalculos.com.br\/noticias\/area\/previdenciario\/trf4-reativado-o-pagamento-de-beneficio-assistencial-para-idoso-de-82-anos-que-havia-sido-suspenso-por-falta-de-cadastro-09-11-2020.html\"},\"wordCount\":604,\"commentCount\":0,\"image\":{\"@id\":\"https:\/\/mhcalculos.com.br\/noticias\/area\/previdenciario\/trf4-reativado-o-pagamento-de-beneficio-assistencial-para-idoso-de-82-anos-que-havia-sido-suspenso-por-falta-de-cadastro-09-11-2020.html#primaryimage\"},\"thumbnailUrl\":\"https:\/\/mhcalculos.com.br\/noticias\/wp-content\/uploads\/sites\/2\/2018\/06\/judiciario-0035.jpg\",\"keywords\":[\"aposentadoria\",\"c\u00e1lculos previdenci\u00e1rios\",\"direito previdenci\u00e1rio\",\"inss\",\"per\u00edcia\",\"perito\",\"trf4\"],\"articleSection\":[\"Direito Previdenci\u00e1rio\",\"TRF4\"],\"inLanguage\":\"pt-BR\",\"potentialAction\":[{\"@type\":\"CommentAction\",\"name\":\"Comment\",\"target\":[\"https:\/\/mhcalculos.com.br\/noticias\/area\/previdenciario\/trf4-reativado-o-pagamento-de-beneficio-assistencial-para-idoso-de-82-anos-que-havia-sido-suspenso-por-falta-de-cadastro-09-11-2020.html#respond\"]}]},{\"@type\":\"WebPage\",\"@id\":\"https:\/\/mhcalculos.com.br\/noticias\/area\/previdenciario\/trf4-reativado-o-pagamento-de-beneficio-assistencial-para-idoso-de-82-anos-que-havia-sido-suspenso-por-falta-de-cadastro-09-11-2020.html\",\"url\":\"https:\/\/mhcalculos.com.br\/noticias\/area\/previdenciario\/trf4-reativado-o-pagamento-de-beneficio-assistencial-para-idoso-de-82-anos-que-havia-sido-suspenso-por-falta-de-cadastro-09-11-2020.html\",\"name\":\"TRF4: Reativado o pagamento de benef\u00edcio assistencial para idoso de 82 anos que havia sido suspenso por falta de cadastro (09\/11\/2020) | Portal de Not\u00edcias\",\"isPartOf\":{\"@id\":\"https:\/\/mhcalculos.com.br\/noticias\/#website\"},\"primaryImageOfPage\":{\"@id\":\"https:\/\/mhcalculos.com.br\/noticias\/area\/previdenciario\/trf4-reativado-o-pagamento-de-beneficio-assistencial-para-idoso-de-82-anos-que-havia-sido-suspenso-por-falta-de-cadastro-09-11-2020.html#primaryimage\"},\"image\":{\"@id\":\"https:\/\/mhcalculos.com.br\/noticias\/area\/previdenciario\/trf4-reativado-o-pagamento-de-beneficio-assistencial-para-idoso-de-82-anos-que-havia-sido-suspenso-por-falta-de-cadastro-09-11-2020.html#primaryimage\"},\"thumbnailUrl\":\"https:\/\/mhcalculos.com.br\/noticias\/wp-content\/uploads\/sites\/2\/2018\/06\/judiciario-0035.jpg\",\"datePublished\":\"2020-11-10T08:05:13+00:00\",\"dateModified\":\"2021-07-28T17:28:38+00:00\",\"author\":{\"@id\":\"https:\/\/mhcalculos.com.br\/noticias\/#\/schema\/person\/88d1c34bf72dc779ea14a5a6b8e0ae8d\"},\"breadcrumb\":{\"@id\":\"https:\/\/mhcalculos.com.br\/noticias\/area\/previdenciario\/trf4-reativado-o-pagamento-de-beneficio-assistencial-para-idoso-de-82-anos-que-havia-sido-suspenso-por-falta-de-cadastro-09-11-2020.html#breadcrumb\"},\"inLanguage\":\"pt-BR\",\"potentialAction\":[{\"@type\":\"ReadAction\",\"target\":[\"https:\/\/mhcalculos.com.br\/noticias\/area\/previdenciario\/trf4-reativado-o-pagamento-de-beneficio-assistencial-para-idoso-de-82-anos-que-havia-sido-suspenso-por-falta-de-cadastro-09-11-2020.html\"]}]},{\"@type\":\"ImageObject\",\"inLanguage\":\"pt-BR\",\"@id\":\"https:\/\/mhcalculos.com.br\/noticias\/area\/previdenciario\/trf4-reativado-o-pagamento-de-beneficio-assistencial-para-idoso-de-82-anos-que-havia-sido-suspenso-por-falta-de-cadastro-09-11-2020.html#primaryimage\",\"url\":\"https:\/\/mhcalculos.com.br\/noticias\/wp-content\/uploads\/sites\/2\/2018\/06\/judiciario-0035.jpg\",\"contentUrl\":\"https:\/\/mhcalculos.com.br\/noticias\/wp-content\/uploads\/sites\/2\/2018\/06\/judiciario-0035.jpg\",\"width\":2000,\"height\":800},{\"@type\":\"BreadcrumbList\",\"@id\":\"https:\/\/mhcalculos.com.br\/noticias\/area\/previdenciario\/trf4-reativado-o-pagamento-de-beneficio-assistencial-para-idoso-de-82-anos-que-havia-sido-suspenso-por-falta-de-cadastro-09-11-2020.html#breadcrumb\",\"itemListElement\":[{\"@type\":\"ListItem\",\"position\":1,\"name\":\"In\u00edcio\",\"item\":\"https:\/\/mhcalculos.com.br\/noticias\/\"},{\"@type\":\"ListItem\",\"position\":2,\"name\":\"TRF4: Reativado o pagamento de benef\u00edcio assistencial para idoso de 82 anos que havia sido suspenso por falta de cadastro (09\/11\/2020)\"}]},{\"@type\":\"WebSite\",\"@id\":\"https:\/\/mhcalculos.com.br\/noticias\/#website\",\"url\":\"https:\/\/mhcalculos.com.br\/noticias\/\",\"name\":\"Portal de Not\u00edcias\",\"description\":\"Not\u00edcias e Jurisprud\u00eancia\",\"potentialAction\":[{\"@type\":\"SearchAction\",\"target\":{\"@type\":\"EntryPoint\",\"urlTemplate\":\"https:\/\/mhcalculos.com.br\/noticias\/?s={search_term_string}\"},\"query-input\":{\"@type\":\"PropertyValueSpecification\",\"valueRequired\":true,\"valueName\":\"search_term_string\"}}],\"inLanguage\":\"pt-BR\"},{\"@type\":\"Person\",\"@id\":\"https:\/\/mhcalculos.com.br\/noticias\/#\/schema\/person\/88d1c34bf72dc779ea14a5a6b8e0ae8d\",\"name\":\"Equipe MH\",\"image\":{\"@type\":\"ImageObject\",\"inLanguage\":\"pt-BR\",\"@id\":\"https:\/\/secure.gravatar.com\/avatar\/de1c686c2ecc9c5a3f327e3431d819eb39f8f05d4e1045f5a1caad6daaba987f?s=96&d=mm&r=g\",\"url\":\"https:\/\/secure.gravatar.com\/avatar\/de1c686c2ecc9c5a3f327e3431d819eb39f8f05d4e1045f5a1caad6daaba987f?s=96&d=mm&r=g\",\"contentUrl\":\"https:\/\/secure.gravatar.com\/avatar\/de1c686c2ecc9c5a3f327e3431d819eb39f8f05d4e1045f5a1caad6daaba987f?s=96&d=mm&r=g\",\"caption\":\"Equipe MH\"}}]}<\/script>\n<!-- \/ Yoast SEO plugin. -->","yoast_head_json":{"title":"TRF4: Reativado o pagamento de benef\u00edcio assistencial para idoso de 82 anos que havia sido suspenso por falta de cadastro (09\/11\/2020) | Portal de Not\u00edcias","robots":{"index":"index","follow":"follow","max-snippet":"max-snippet:-1","max-image-preview":"max-image-preview:large","max-video-preview":"max-video-preview:-1"},"canonical":"https:\/\/mhcalculos.com.br\/noticias\/area\/previdenciario\/trf4-reativado-o-pagamento-de-beneficio-assistencial-para-idoso-de-82-anos-que-havia-sido-suspenso-por-falta-de-cadastro-09-11-2020.html","og_locale":"pt_BR","og_type":"article","og_title":"TRF4: Reativado o pagamento de benef\u00edcio assistencial para idoso de 82 anos que havia sido suspenso por falta de cadastro (09\/11\/2020) | Portal de Not\u00edcias","og_description":"O Tribunal Regional Federal da 4\u00aa Regi\u00e3o (TRF4) negou provimento a um recurso interposto pelo Instituto Nacional do Seguro Social (INSS) e manteve a senten\u00e7a de primeira inst\u00e2ncia que determinou a reativa\u00e7\u00e3o do benef\u00edcio de presta\u00e7\u00e3o continuada (BPC-LOAS) para um homem de 82 anos, morador de Porto Alegre, cujo pagamento havia sido suspenso pela autarquia. [&hellip;]","og_url":"https:\/\/mhcalculos.com.br\/noticias\/area\/previdenciario\/trf4-reativado-o-pagamento-de-beneficio-assistencial-para-idoso-de-82-anos-que-havia-sido-suspenso-por-falta-de-cadastro-09-11-2020.html","og_site_name":"Portal de Not\u00edcias","article_published_time":"2020-11-10T08:05:13+00:00","article_modified_time":"2021-07-28T17:28:38+00:00","og_image":[{"width":2000,"height":800,"url":"https:\/\/mhcalculos.com.br\/noticias\/wp-content\/uploads\/sites\/2\/2018\/06\/judiciario-0035.jpg","type":"image\/jpeg"}],"author":"Equipe MH","twitter_card":"summary_large_image","twitter_misc":{"Escrito por":"Equipe MH","Est. tempo de leitura":"3 minutos"},"schema":{"@context":"https:\/\/schema.org","@graph":[{"@type":"Article","@id":"https:\/\/mhcalculos.com.br\/noticias\/area\/previdenciario\/trf4-reativado-o-pagamento-de-beneficio-assistencial-para-idoso-de-82-anos-que-havia-sido-suspenso-por-falta-de-cadastro-09-11-2020.html#article","isPartOf":{"@id":"https:\/\/mhcalculos.com.br\/noticias\/area\/previdenciario\/trf4-reativado-o-pagamento-de-beneficio-assistencial-para-idoso-de-82-anos-que-havia-sido-suspenso-por-falta-de-cadastro-09-11-2020.html"},"author":{"name":"Equipe MH","@id":"https:\/\/mhcalculos.com.br\/noticias\/#\/schema\/person\/88d1c34bf72dc779ea14a5a6b8e0ae8d"},"headline":"TRF4: Reativado o pagamento de benef\u00edcio assistencial para idoso de 82 anos que havia sido suspenso por falta de cadastro (09\/11\/2020)","datePublished":"2020-11-10T08:05:13+00:00","dateModified":"2021-07-28T17:28:38+00:00","mainEntityOfPage":{"@id":"https:\/\/mhcalculos.com.br\/noticias\/area\/previdenciario\/trf4-reativado-o-pagamento-de-beneficio-assistencial-para-idoso-de-82-anos-que-havia-sido-suspenso-por-falta-de-cadastro-09-11-2020.html"},"wordCount":604,"commentCount":0,"image":{"@id":"https:\/\/mhcalculos.com.br\/noticias\/area\/previdenciario\/trf4-reativado-o-pagamento-de-beneficio-assistencial-para-idoso-de-82-anos-que-havia-sido-suspenso-por-falta-de-cadastro-09-11-2020.html#primaryimage"},"thumbnailUrl":"https:\/\/mhcalculos.com.br\/noticias\/wp-content\/uploads\/sites\/2\/2018\/06\/judiciario-0035.jpg","keywords":["aposentadoria","c\u00e1lculos previdenci\u00e1rios","direito previdenci\u00e1rio","inss","per\u00edcia","perito","trf4"],"articleSection":["Direito Previdenci\u00e1rio","TRF4"],"inLanguage":"pt-BR","potentialAction":[{"@type":"CommentAction","name":"Comment","target":["https:\/\/mhcalculos.com.br\/noticias\/area\/previdenciario\/trf4-reativado-o-pagamento-de-beneficio-assistencial-para-idoso-de-82-anos-que-havia-sido-suspenso-por-falta-de-cadastro-09-11-2020.html#respond"]}]},{"@type":"WebPage","@id":"https:\/\/mhcalculos.com.br\/noticias\/area\/previdenciario\/trf4-reativado-o-pagamento-de-beneficio-assistencial-para-idoso-de-82-anos-que-havia-sido-suspenso-por-falta-de-cadastro-09-11-2020.html","url":"https:\/\/mhcalculos.com.br\/noticias\/area\/previdenciario\/trf4-reativado-o-pagamento-de-beneficio-assistencial-para-idoso-de-82-anos-que-havia-sido-suspenso-por-falta-de-cadastro-09-11-2020.html","name":"TRF4: Reativado o pagamento de benef\u00edcio assistencial para idoso de 82 anos que havia sido suspenso por falta de cadastro (09\/11\/2020) | Portal de Not\u00edcias","isPartOf":{"@id":"https:\/\/mhcalculos.com.br\/noticias\/#website"},"primaryImageOfPage":{"@id":"https:\/\/mhcalculos.com.br\/noticias\/area\/previdenciario\/trf4-reativado-o-pagamento-de-beneficio-assistencial-para-idoso-de-82-anos-que-havia-sido-suspenso-por-falta-de-cadastro-09-11-2020.html#primaryimage"},"image":{"@id":"https:\/\/mhcalculos.com.br\/noticias\/area\/previdenciario\/trf4-reativado-o-pagamento-de-beneficio-assistencial-para-idoso-de-82-anos-que-havia-sido-suspenso-por-falta-de-cadastro-09-11-2020.html#primaryimage"},"thumbnailUrl":"https:\/\/mhcalculos.com.br\/noticias\/wp-content\/uploads\/sites\/2\/2018\/06\/judiciario-0035.jpg","datePublished":"2020-11-10T08:05:13+00:00","dateModified":"2021-07-28T17:28:38+00:00","author":{"@id":"https:\/\/mhcalculos.com.br\/noticias\/#\/schema\/person\/88d1c34bf72dc779ea14a5a6b8e0ae8d"},"breadcrumb":{"@id":"https:\/\/mhcalculos.com.br\/noticias\/area\/previdenciario\/trf4-reativado-o-pagamento-de-beneficio-assistencial-para-idoso-de-82-anos-que-havia-sido-suspenso-por-falta-de-cadastro-09-11-2020.html#breadcrumb"},"inLanguage":"pt-BR","potentialAction":[{"@type":"ReadAction","target":["https:\/\/mhcalculos.com.br\/noticias\/area\/previdenciario\/trf4-reativado-o-pagamento-de-beneficio-assistencial-para-idoso-de-82-anos-que-havia-sido-suspenso-por-falta-de-cadastro-09-11-2020.html"]}]},{"@type":"ImageObject","inLanguage":"pt-BR","@id":"https:\/\/mhcalculos.com.br\/noticias\/area\/previdenciario\/trf4-reativado-o-pagamento-de-beneficio-assistencial-para-idoso-de-82-anos-que-havia-sido-suspenso-por-falta-de-cadastro-09-11-2020.html#primaryimage","url":"https:\/\/mhcalculos.com.br\/noticias\/wp-content\/uploads\/sites\/2\/2018\/06\/judiciario-0035.jpg","contentUrl":"https:\/\/mhcalculos.com.br\/noticias\/wp-content\/uploads\/sites\/2\/2018\/06\/judiciario-0035.jpg","width":2000,"height":800},{"@type":"BreadcrumbList","@id":"https:\/\/mhcalculos.com.br\/noticias\/area\/previdenciario\/trf4-reativado-o-pagamento-de-beneficio-assistencial-para-idoso-de-82-anos-que-havia-sido-suspenso-por-falta-de-cadastro-09-11-2020.html#breadcrumb","itemListElement":[{"@type":"ListItem","position":1,"name":"In\u00edcio","item":"https:\/\/mhcalculos.com.br\/noticias\/"},{"@type":"ListItem","position":2,"name":"TRF4: Reativado o pagamento de benef\u00edcio assistencial para idoso de 82 anos que havia sido suspenso por falta de cadastro (09\/11\/2020)"}]},{"@type":"WebSite","@id":"https:\/\/mhcalculos.com.br\/noticias\/#website","url":"https:\/\/mhcalculos.com.br\/noticias\/","name":"Portal de Not\u00edcias","description":"Not\u00edcias e Jurisprud\u00eancia","potentialAction":[{"@type":"SearchAction","target":{"@type":"EntryPoint","urlTemplate":"https:\/\/mhcalculos.com.br\/noticias\/?s={search_term_string}"},"query-input":{"@type":"PropertyValueSpecification","valueRequired":true,"valueName":"search_term_string"}}],"inLanguage":"pt-BR"},{"@type":"Person","@id":"https:\/\/mhcalculos.com.br\/noticias\/#\/schema\/person\/88d1c34bf72dc779ea14a5a6b8e0ae8d","name":"Equipe MH","image":{"@type":"ImageObject","inLanguage":"pt-BR","@id":"https:\/\/secure.gravatar.com\/avatar\/de1c686c2ecc9c5a3f327e3431d819eb39f8f05d4e1045f5a1caad6daaba987f?s=96&d=mm&r=g","url":"https:\/\/secure.gravatar.com\/avatar\/de1c686c2ecc9c5a3f327e3431d819eb39f8f05d4e1045f5a1caad6daaba987f?s=96&d=mm&r=g","contentUrl":"https:\/\/secure.gravatar.com\/avatar\/de1c686c2ecc9c5a3f327e3431d819eb39f8f05d4e1045f5a1caad6daaba987f?s=96&d=mm&r=g","caption":"Equipe MH"}}]}},"_links":{"self":[{"href":"https:\/\/mhcalculos.com.br\/noticias\/wp-json\/wp\/v2\/posts\/7666","targetHints":{"allow":["GET"]}}],"collection":[{"href":"https:\/\/mhcalculos.com.br\/noticias\/wp-json\/wp\/v2\/posts"}],"about":[{"href":"https:\/\/mhcalculos.com.br\/noticias\/wp-json\/wp\/v2\/types\/post"}],"author":[{"embeddable":true,"href":"https:\/\/mhcalculos.com.br\/noticias\/wp-json\/wp\/v2\/users\/3063"}],"replies":[{"embeddable":true,"href":"https:\/\/mhcalculos.com.br\/noticias\/wp-json\/wp\/v2\/comments?post=7666"}],"version-history":[{"count":1,"href":"https:\/\/mhcalculos.com.br\/noticias\/wp-json\/wp\/v2\/posts\/7666\/revisions"}],"predecessor-version":[{"id":8730,"href":"https:\/\/mhcalculos.com.br\/noticias\/wp-json\/wp\/v2\/posts\/7666\/revisions\/8730"}],"wp:featuredmedia":[{"embeddable":true,"href":"https:\/\/mhcalculos.com.br\/noticias\/wp-json\/wp\/v2\/media\/1593"}],"wp:attachment":[{"href":"https:\/\/mhcalculos.com.br\/noticias\/wp-json\/wp\/v2\/media?parent=7666"}],"wp:term":[{"taxonomy":"category","embeddable":true,"href":"https:\/\/mhcalculos.com.br\/noticias\/wp-json\/wp\/v2\/categories?post=7666"},{"taxonomy":"post_tag","embeddable":true,"href":"https:\/\/mhcalculos.com.br\/noticias\/wp-json\/wp\/v2\/tags?post=7666"}],"curies":[{"name":"wp","href":"https:\/\/api.w.org\/{rel}","templated":true}]}}