{"id":7659,"date":"2020-11-07T15:05:08","date_gmt":"2020-11-07T18:05:08","guid":{"rendered":"https:\/\/mhcalculos.com.br\/noticias\/area\/previdenciario\/trf4-projeto-reduz-em-mais-de-95-atraso-na-implantacao-de-beneficios-pelo-inss-06-11-2020.html"},"modified":"2021-07-28T14:28:38","modified_gmt":"2021-07-28T17:28:38","slug":"trf4-projeto-reduz-em-mais-de-95-atraso-na-implantacao-de-beneficios-pelo-inss-06-11-2020","status":"publish","type":"post","link":"https:\/\/mhcalculos.com.br\/noticias\/area\/previdenciario\/trf4-projeto-reduz-em-mais-de-95-atraso-na-implantacao-de-beneficios-pelo-inss-06-11-2020.html","title":{"rendered":"TRF4: Projeto reduz em mais de 95% atraso na implanta\u00e7\u00e3o de benef\u00edcios pelo INSS (06\/11\/2020)"},"content":{"rendered":"<p><br \/>\n<\/p>\n<p>O atraso nas tarefas processuais em a\u00e7\u00f5es em tr\u00e2mite na Justi\u00e7a Federal da 4\u00aa Regi\u00e3o solicitando a implanta\u00e7\u00e3o de benef\u00edcios pelo Instituto Nacional do Seguro Social (INSS) como aux\u00edlio-doen\u00e7a, aposentadorias especiais e previd\u00eancia rural, por exemplo, foi reduzido de 73% para 3% de mar\u00e7o at\u00e9 o final de outubro deste ano, uma queda superior a 95%. A redu\u00e7\u00e3o foi fruto de um projeto que teve in\u00edcio no F\u00f3rum Interinstitucional Previdenci\u00e1rio, cujos resultados foram apresentados durante a 6\u00aa reuni\u00e3o virtual do grupo, ocorrida na manh\u00e3 de hoje (6\/11). Conduzido pela presidente do f\u00f3rum e coordenadora dos Juizados Especiais Federais da 4\u00aa Regi\u00e3o, desembargadora federal V\u00e2nia Hack de Almeida, o encontro contou com a presen\u00e7a do presidente do INSS, Leonardo Jos\u00e9 Rolim Guimar\u00e3es.<\/p>\n<p>Guimar\u00e3es informou que o projeto desenvolvido na Justi\u00e7a Federal da Regi\u00e3o Sul foi considerado modelo para a altera\u00e7\u00e3o nos fluxos de trabalho do INSS em todo o pa\u00eds. &ldquo;Hoje, cerca de 17% do total de benef\u00edcios previdenci\u00e1rios t\u00eam origem judicial. Nas aposentadorias especiais, o \u00edndice chega a 80%&rdquo;, disse. &ldquo;Criamos as Centrais Especiais de An\u00e1lise de Benef\u00edcio (Ceabs) e esse trabalho vem evoluindo coletivamente, de forma que estamos hoje implantando, nos prazos, as decis\u00f5es judiciais.&rdquo; Da mesma maneira, o diretor de atendimento do INSS, Jobson Sales, comemorou a implanta\u00e7\u00e3o do projeto. &ldquo;Hoje, as filas de gerenciamento do cumprimento de decis\u00f5es judiciais t\u00eam o melhor desempenho no pa\u00eds, o que se deve ao projeto desenvolvido na 4\u00aa Regi\u00e3o&rdquo;, apontou.<\/p>\n<p><strong>Resultados<\/strong><\/p>\n<p>A gerente da Ceab da Superintend\u00eancia Regional Sul do INSS, Id\u00e9sia Silva, apresentou os resultados obtidos a partir do projeto, que redesenhou os fluxos de trabalho entre todas as institui\u00e7\u00f5es envolvidas. Segundo ela, em 30 de mar\u00e7o, havia um estoque de tarefas pendentes de 131 mil processos e, desses, 73% estavam em atraso. No dia 31 de outubro, ap\u00f3s a implanta\u00e7\u00e3o da nova metodologia de trabalho, h\u00e1 21 mil processos pendentes, sendo apenas 753 em atraso &ndash; o que representa 3%.<\/p>\n<p>O mesmo ocorre em rela\u00e7\u00e3o ao cumprimento de tarefas: de 85% dos cumprimentos em atraso, o sistema passou a registrar apenas 5,3%. Hoje, h\u00e1 20 mil tarefas aguardando cumprimento, sendo que apenas 809 (3,8%) com prazo vencido. &ldquo;\u00c9 um momento de grande satisfa\u00e7\u00e3o, com menos de mil processos em atraso em universo de dezenas de milhares que passaram pela Ceab em 2020&rdquo;, celebrou.<\/p>\n<p><strong>A\u00e7\u00e3o conjunta<\/strong><\/p>\n<p>O juiz auxiliar da Corregedoria Regional da Justi\u00e7a Federal da 4\u00aa Regi\u00e3o, Eduardo Picarelli, apontou que &ldquo;os resultados refletem muito positivamente na presta\u00e7\u00e3o jurisdicional, especialmente no momento de pandemia em que vivemos, foi fundamental, porque muitas pessoas que ingressaram com as a\u00e7\u00f5es estavam sem renda, j\u00e1 que a maioria dos casos envolve benef\u00edcio por incapacidade, e essas medidas proporcionaram dignidade \u00e0s pessoas&rdquo;. Durante a reuni\u00e3o, o juiz federal Erivaldo Ribeiro dos Santos, coordenador do Centro Local de Intelig\u00eancia da Se\u00e7\u00e3o Judici\u00e1ria do Paran\u00e1, destacou o especial reconhecimento a todos que fizeram parte do projeto.<\/p>\n<p>A possibilidade de intima\u00e7\u00e3o da Ceab para cumprir as decis\u00f5es judiciais tamb\u00e9m foi adotada no segundo grau. Conforme a desembargadora federal da 6\u00aa Turma do TRF4 Ta\u00eds Schilling Ferraz, desde agosto, foi desenvolvido um projeto-piloto em seu gabinete, que obteve \u00f3timos resultados e deve ser estendido para toda a 3\u00aa Se\u00e7\u00e3o. &ldquo;J\u00e1 tivemos os primeiros resultados, com pouqu\u00edssimas situa\u00e7\u00f5es de prazos n\u00e3o cumpridos&rdquo;, relatou.<\/p>\n<p>A reuni\u00e3o foi encerrada pela desembargadora V\u00e2nia Hack de Almeida, que fez refer\u00eancia ao momento &ldquo;de um trabalho extraordin\u00e1rio de todos os envolvidos. O desafio, quando superado, \u00e9 uma conquista. A porta do di\u00e1logo interinstitucional est\u00e1 aberta e descobrimos o caminho para a resolu\u00e7\u00e3o dos problemas&rdquo;, concluiu.<\/p>\n<p><strong>F\u00f3rum Interinstitucional Previdenci\u00e1rio Regional<\/strong><\/p>\n<p>Criado em 2010, o f\u00f3rum tem o objetivo de ampliar a discuss\u00e3o sobre o aperfei\u00e7oamento e a padroniza\u00e7\u00e3o das pr\u00e1ticas e dos procedimentos nas demandas previdenci\u00e1rias da Justi\u00e7a Federal, facilitando a interlocu\u00e7\u00e3o, fomentando a postura de colabora\u00e7\u00e3o e promovendo a democratiza\u00e7\u00e3o do di\u00e1logo entre as partes envolvidas.<\/p>\n<p>Al\u00e9m de integrantes da Justi\u00e7a Federal da 4\u00aa Regi\u00e3o, o f\u00f3rum \u00e9 composto por representantes dos Tribunais de Justi\u00e7a de Santa Catarina, Paran\u00e1 e Rio Grande do Sul, das seccionais da Ordem dos Advogados do Brasil nos tr\u00eas estados, da Procuradoria Regional Federal da 4\u00aa Regi\u00e3o, da Procuradoria Federal Especializada do INSS na 4\u00aa Regi\u00e3o, do Minist\u00e9rio P\u00fablico Federal, da Defensoria P\u00fablica da Uni\u00e3o, da Federa\u00e7\u00e3o de Trabalhadores Aposentados e Pensionistas, da Superintend\u00eancia Regional do INSS e do Instituto Brasileiro de Direito Previdenci\u00e1rio.<\/p>\n<p><br \/>Redu\u00e7\u00e3o foi fruto de projeto que teve in\u00edcio no F\u00f3rum Interinstitucional Previdenci\u00e1rio ()<\/p>\n<p><img decoding=\"async\" data-src=\"https:\/\/www2.trf4.jus.br\/trf4\/upload\/editor\/dxa_captura-de-ecra--190-_edited.jpg\" title=\"\" alt=\"Presidente do F\u00f3rum conduziu os trabalhos\" style=\"width:800px\" src=\"data:image\/svg+xml;base64,PHN2ZyB3aWR0aD0iMSIgaGVpZ2h0PSIxIiB4bWxucz0iaHR0cDovL3d3dy53My5vcmcvMjAwMC9zdmciPjwvc3ZnPg==\" class=\"lazyload\" \/><br \/>Presidente do F\u00f3rum conduziu os trabalhos ()<\/p>\n<p><img decoding=\"async\" data-src=\"https:\/\/www2.trf4.jus.br\/trf4\/upload\/editor\/dxa_captura-de-ecra--166-_edited.jpg\" title=\"\" alt=\"Presidente do INSS participou da reuni\u00e3o\" style=\"width:800px\" src=\"data:image\/svg+xml;base64,PHN2ZyB3aWR0aD0iMSIgaGVpZ2h0PSIxIiB4bWxucz0iaHR0cDovL3d3dy53My5vcmcvMjAwMC9zdmciPjwvc3ZnPg==\" class=\"lazyload\" \/><br \/>Presidente do INSS participou da reuni\u00e3o ()<\/p>\n<p><img decoding=\"async\" data-src=\"https:\/\/www2.trf4.jus.br\/trf4\/upload\/editor\/dxa_captura-de-ecra--204-_edited.jpg\" title=\"\" alt=\"Gerente da Ceab da Superintend\u00eancia Regional Sul do INSS apresentou os resultados\" style=\"width:800px\" src=\"data:image\/svg+xml;base64,PHN2ZyB3aWR0aD0iMSIgaGVpZ2h0PSIxIiB4bWxucz0iaHR0cDovL3d3dy53My5vcmcvMjAwMC9zdmciPjwvc3ZnPg==\" class=\"lazyload\" \/><br \/>Gerente da Ceab da Superintend\u00eancia Regional Sul do INSS apresentou os resultados ()<\/p>\n<p><img decoding=\"async\" data-src=\"https:\/\/www2.trf4.jus.br\/trf4\/upload\/editor\/dxa_captura-de-ecra--198-_edited.jpg\" title=\"\" alt=\"Projeto-piloto est\u00e1 em desenvolvimento na 6\u00aa Turma do TRF4\" style=\"width:800px\" src=\"data:image\/svg+xml;base64,PHN2ZyB3aWR0aD0iMSIgaGVpZ2h0PSIxIiB4bWxucz0iaHR0cDovL3d3dy53My5vcmcvMjAwMC9zdmciPjwvc3ZnPg==\" class=\"lazyload\" \/><br \/>Projeto-piloto est\u00e1 em desenvolvimento na 6\u00aa Turma do TRF4 ()<\/p>\n<p><img decoding=\"async\" data-src=\"https:\/\/www2.trf4.jus.br\/trf4\/upload\/editor\/dxa_captura-de-ecra--211-_edited.jpg\" title=\"\" alt=\"Coordenador do Centro Local de Intelig\u00eancia da Se\u00e7\u00e3o Judici\u00e1ria do Paran\u00e1 destacou o especial reconhecimento a todos que fizeram parte do projeto\" style=\"width:800px\" src=\"data:image\/svg+xml;base64,PHN2ZyB3aWR0aD0iMSIgaGVpZ2h0PSIxIiB4bWxucz0iaHR0cDovL3d3dy53My5vcmcvMjAwMC9zdmciPjwvc3ZnPg==\" class=\"lazyload\" \/><br \/>Coordenador do Centro Local de Intelig\u00eancia da Se\u00e7\u00e3o Judici\u00e1ria do Paran\u00e1 destacou o especial reconhecimento a todos que fizeram parte do projeto ()<\/p>\n<p><i>Com informa\u00e7\u00f5es da assessoria de imprensa do TRF4.<\/i><br \/>\n<br \/><a href=\"http:\/\/www2.trf4.jus.br\/trf4\/controlador.php?acao=noticia_visualizar&#038;id_noticia=15548\">Fonte<\/a><br \/>\n<br \/><\/p>\n","protected":false},"excerpt":{"rendered":"<p>O atraso nas tarefas processuais em a\u00e7\u00f5es em tr\u00e2mite na Justi\u00e7a Federal da 4\u00aa Regi\u00e3o solicitando a implanta\u00e7\u00e3o de benef\u00edcios pelo Instituto Nacional do Seguro Social (INSS) como aux\u00edlio-doen\u00e7a, aposentadorias especiais e previd\u00eancia rural, por exemplo, foi reduzido de 73% para 3% de mar\u00e7o at\u00e9 o final de outubro deste ano, uma queda superior a [&hellip;]<\/p>\n","protected":false},"author":3063,"featured_media":7660,"comment_status":"open","ping_status":"open","sticky":false,"template":"","format":"standard","meta":{"footnotes":""},"categories":[5,6],"tags":[11,10,8,13,9,12,17],"class_list":{"0":"post-7659","1":"post","2":"type-post","3":"status-publish","4":"format-standard","5":"has-post-thumbnail","7":"category-previdenciario","8":"category-trf4","9":"tag-aposentadoria","10":"tag-calculos-previdenciarios","11":"tag-direito-previdenciario","12":"tag-inss","13":"tag-pericia","14":"tag-perito","15":"tag-trf4"},"yoast_head":"<!-- This site is optimized with the Yoast SEO plugin v27.2 - https:\/\/yoast.com\/product\/yoast-seo-wordpress\/ -->\n<title>TRF4: Projeto reduz em mais de 95% atraso na implanta\u00e7\u00e3o de benef\u00edcios pelo INSS (06\/11\/2020) | Portal de Not\u00edcias<\/title>\n<meta name=\"robots\" content=\"index, follow, max-snippet:-1, max-image-preview:large, max-video-preview:-1\" \/>\n<link rel=\"canonical\" href=\"https:\/\/mhcalculos.com.br\/noticias\/area\/previdenciario\/trf4-projeto-reduz-em-mais-de-95-atraso-na-implantacao-de-beneficios-pelo-inss-06-11-2020.html\" \/>\n<meta property=\"og:locale\" content=\"pt_BR\" \/>\n<meta property=\"og:type\" content=\"article\" \/>\n<meta property=\"og:title\" content=\"TRF4: Projeto reduz em mais de 95% atraso na implanta\u00e7\u00e3o de benef\u00edcios pelo INSS (06\/11\/2020) | Portal de Not\u00edcias\" \/>\n<meta property=\"og:description\" content=\"O atraso nas tarefas processuais em a\u00e7\u00f5es em tr\u00e2mite na Justi\u00e7a Federal da 4\u00aa Regi\u00e3o solicitando a implanta\u00e7\u00e3o de benef\u00edcios pelo Instituto Nacional do Seguro Social (INSS) como aux\u00edlio-doen\u00e7a, aposentadorias especiais e previd\u00eancia rural, por exemplo, foi reduzido de 73% para 3% de mar\u00e7o at\u00e9 o final de outubro deste ano, uma queda superior a [&hellip;]\" \/>\n<meta property=\"og:url\" content=\"https:\/\/mhcalculos.com.br\/noticias\/area\/previdenciario\/trf4-projeto-reduz-em-mais-de-95-atraso-na-implantacao-de-beneficios-pelo-inss-06-11-2020.html\" \/>\n<meta property=\"og:site_name\" content=\"Portal de Not\u00edcias\" \/>\n<meta property=\"article:published_time\" content=\"2020-11-07T18:05:08+00:00\" \/>\n<meta property=\"article:modified_time\" content=\"2021-07-28T17:28:38+00:00\" \/>\n<meta property=\"og:image\" content=\"https:\/\/mhcalculos.com.br\/noticias\/wp-content\/uploads\/sites\/2\/2020\/11\/dxa_1593618982.jpeg\" \/>\n\t<meta property=\"og:image:width\" content=\"1024\" \/>\n\t<meta property=\"og:image:height\" content=\"622\" \/>\n\t<meta property=\"og:image:type\" content=\"image\/jpeg\" \/>\n<meta name=\"author\" content=\"Equipe MH\" \/>\n<meta name=\"twitter:card\" content=\"summary_large_image\" \/>\n<meta name=\"twitter:label1\" content=\"Escrito por\" \/>\n\t<meta name=\"twitter:data1\" content=\"Equipe MH\" \/>\n\t<meta name=\"twitter:label2\" content=\"Est. tempo de leitura\" \/>\n\t<meta name=\"twitter:data2\" content=\"4 minutos\" \/>\n<script type=\"application\/ld+json\" class=\"yoast-schema-graph\">{\"@context\":\"https:\/\/schema.org\",\"@graph\":[{\"@type\":\"Article\",\"@id\":\"https:\/\/mhcalculos.com.br\/noticias\/area\/previdenciario\/trf4-projeto-reduz-em-mais-de-95-atraso-na-implantacao-de-beneficios-pelo-inss-06-11-2020.html#article\",\"isPartOf\":{\"@id\":\"https:\/\/mhcalculos.com.br\/noticias\/area\/previdenciario\/trf4-projeto-reduz-em-mais-de-95-atraso-na-implantacao-de-beneficios-pelo-inss-06-11-2020.html\"},\"author\":{\"name\":\"Equipe MH\",\"@id\":\"https:\/\/mhcalculos.com.br\/noticias\/#\/schema\/person\/88d1c34bf72dc779ea14a5a6b8e0ae8d\"},\"headline\":\"TRF4: Projeto reduz em mais de 95% atraso na implanta\u00e7\u00e3o de benef\u00edcios pelo INSS (06\/11\/2020)\",\"datePublished\":\"2020-11-07T18:05:08+00:00\",\"dateModified\":\"2021-07-28T17:28:38+00:00\",\"mainEntityOfPage\":{\"@id\":\"https:\/\/mhcalculos.com.br\/noticias\/area\/previdenciario\/trf4-projeto-reduz-em-mais-de-95-atraso-na-implantacao-de-beneficios-pelo-inss-06-11-2020.html\"},\"wordCount\":905,\"commentCount\":0,\"image\":{\"@id\":\"https:\/\/mhcalculos.com.br\/noticias\/area\/previdenciario\/trf4-projeto-reduz-em-mais-de-95-atraso-na-implantacao-de-beneficios-pelo-inss-06-11-2020.html#primaryimage\"},\"thumbnailUrl\":\"https:\/\/mhcalculos.com.br\/noticias\/wp-content\/uploads\/sites\/2\/2020\/11\/dxa_1593618982.jpeg\",\"keywords\":[\"aposentadoria\",\"c\u00e1lculos previdenci\u00e1rios\",\"direito previdenci\u00e1rio\",\"inss\",\"per\u00edcia\",\"perito\",\"trf4\"],\"articleSection\":[\"Direito Previdenci\u00e1rio\",\"TRF4\"],\"inLanguage\":\"pt-BR\",\"potentialAction\":[{\"@type\":\"CommentAction\",\"name\":\"Comment\",\"target\":[\"https:\/\/mhcalculos.com.br\/noticias\/area\/previdenciario\/trf4-projeto-reduz-em-mais-de-95-atraso-na-implantacao-de-beneficios-pelo-inss-06-11-2020.html#respond\"]}]},{\"@type\":\"WebPage\",\"@id\":\"https:\/\/mhcalculos.com.br\/noticias\/area\/previdenciario\/trf4-projeto-reduz-em-mais-de-95-atraso-na-implantacao-de-beneficios-pelo-inss-06-11-2020.html\",\"url\":\"https:\/\/mhcalculos.com.br\/noticias\/area\/previdenciario\/trf4-projeto-reduz-em-mais-de-95-atraso-na-implantacao-de-beneficios-pelo-inss-06-11-2020.html\",\"name\":\"TRF4: Projeto reduz em mais de 95% atraso na implanta\u00e7\u00e3o de benef\u00edcios pelo INSS (06\/11\/2020) | Portal de Not\u00edcias\",\"isPartOf\":{\"@id\":\"https:\/\/mhcalculos.com.br\/noticias\/#website\"},\"primaryImageOfPage\":{\"@id\":\"https:\/\/mhcalculos.com.br\/noticias\/area\/previdenciario\/trf4-projeto-reduz-em-mais-de-95-atraso-na-implantacao-de-beneficios-pelo-inss-06-11-2020.html#primaryimage\"},\"image\":{\"@id\":\"https:\/\/mhcalculos.com.br\/noticias\/area\/previdenciario\/trf4-projeto-reduz-em-mais-de-95-atraso-na-implantacao-de-beneficios-pelo-inss-06-11-2020.html#primaryimage\"},\"thumbnailUrl\":\"https:\/\/mhcalculos.com.br\/noticias\/wp-content\/uploads\/sites\/2\/2020\/11\/dxa_1593618982.jpeg\",\"datePublished\":\"2020-11-07T18:05:08+00:00\",\"dateModified\":\"2021-07-28T17:28:38+00:00\",\"author\":{\"@id\":\"https:\/\/mhcalculos.com.br\/noticias\/#\/schema\/person\/88d1c34bf72dc779ea14a5a6b8e0ae8d\"},\"breadcrumb\":{\"@id\":\"https:\/\/mhcalculos.com.br\/noticias\/area\/previdenciario\/trf4-projeto-reduz-em-mais-de-95-atraso-na-implantacao-de-beneficios-pelo-inss-06-11-2020.html#breadcrumb\"},\"inLanguage\":\"pt-BR\",\"potentialAction\":[{\"@type\":\"ReadAction\",\"target\":[\"https:\/\/mhcalculos.com.br\/noticias\/area\/previdenciario\/trf4-projeto-reduz-em-mais-de-95-atraso-na-implantacao-de-beneficios-pelo-inss-06-11-2020.html\"]}]},{\"@type\":\"ImageObject\",\"inLanguage\":\"pt-BR\",\"@id\":\"https:\/\/mhcalculos.com.br\/noticias\/area\/previdenciario\/trf4-projeto-reduz-em-mais-de-95-atraso-na-implantacao-de-beneficios-pelo-inss-06-11-2020.html#primaryimage\",\"url\":\"https:\/\/mhcalculos.com.br\/noticias\/wp-content\/uploads\/sites\/2\/2020\/11\/dxa_1593618982.jpeg\",\"contentUrl\":\"https:\/\/mhcalculos.com.br\/noticias\/wp-content\/uploads\/sites\/2\/2020\/11\/dxa_1593618982.jpeg\",\"width\":1024,\"height\":622},{\"@type\":\"BreadcrumbList\",\"@id\":\"https:\/\/mhcalculos.com.br\/noticias\/area\/previdenciario\/trf4-projeto-reduz-em-mais-de-95-atraso-na-implantacao-de-beneficios-pelo-inss-06-11-2020.html#breadcrumb\",\"itemListElement\":[{\"@type\":\"ListItem\",\"position\":1,\"name\":\"In\u00edcio\",\"item\":\"https:\/\/mhcalculos.com.br\/noticias\/\"},{\"@type\":\"ListItem\",\"position\":2,\"name\":\"TRF4: Projeto reduz em mais de 95% atraso na implanta\u00e7\u00e3o de benef\u00edcios pelo INSS (06\/11\/2020)\"}]},{\"@type\":\"WebSite\",\"@id\":\"https:\/\/mhcalculos.com.br\/noticias\/#website\",\"url\":\"https:\/\/mhcalculos.com.br\/noticias\/\",\"name\":\"Portal de Not\u00edcias\",\"description\":\"Not\u00edcias e Jurisprud\u00eancia\",\"potentialAction\":[{\"@type\":\"SearchAction\",\"target\":{\"@type\":\"EntryPoint\",\"urlTemplate\":\"https:\/\/mhcalculos.com.br\/noticias\/?s={search_term_string}\"},\"query-input\":{\"@type\":\"PropertyValueSpecification\",\"valueRequired\":true,\"valueName\":\"search_term_string\"}}],\"inLanguage\":\"pt-BR\"},{\"@type\":\"Person\",\"@id\":\"https:\/\/mhcalculos.com.br\/noticias\/#\/schema\/person\/88d1c34bf72dc779ea14a5a6b8e0ae8d\",\"name\":\"Equipe MH\",\"image\":{\"@type\":\"ImageObject\",\"inLanguage\":\"pt-BR\",\"@id\":\"https:\/\/secure.gravatar.com\/avatar\/de1c686c2ecc9c5a3f327e3431d819eb39f8f05d4e1045f5a1caad6daaba987f?s=96&d=mm&r=g\",\"url\":\"https:\/\/secure.gravatar.com\/avatar\/de1c686c2ecc9c5a3f327e3431d819eb39f8f05d4e1045f5a1caad6daaba987f?s=96&d=mm&r=g\",\"contentUrl\":\"https:\/\/secure.gravatar.com\/avatar\/de1c686c2ecc9c5a3f327e3431d819eb39f8f05d4e1045f5a1caad6daaba987f?s=96&d=mm&r=g\",\"caption\":\"Equipe MH\"}}]}<\/script>\n<!-- \/ Yoast SEO plugin. -->","yoast_head_json":{"title":"TRF4: Projeto reduz em mais de 95% atraso na implanta\u00e7\u00e3o de benef\u00edcios pelo INSS (06\/11\/2020) | Portal de Not\u00edcias","robots":{"index":"index","follow":"follow","max-snippet":"max-snippet:-1","max-image-preview":"max-image-preview:large","max-video-preview":"max-video-preview:-1"},"canonical":"https:\/\/mhcalculos.com.br\/noticias\/area\/previdenciario\/trf4-projeto-reduz-em-mais-de-95-atraso-na-implantacao-de-beneficios-pelo-inss-06-11-2020.html","og_locale":"pt_BR","og_type":"article","og_title":"TRF4: Projeto reduz em mais de 95% atraso na implanta\u00e7\u00e3o de benef\u00edcios pelo INSS (06\/11\/2020) | Portal de Not\u00edcias","og_description":"O atraso nas tarefas processuais em a\u00e7\u00f5es em tr\u00e2mite na Justi\u00e7a Federal da 4\u00aa Regi\u00e3o solicitando a implanta\u00e7\u00e3o de benef\u00edcios pelo Instituto Nacional do Seguro Social (INSS) como aux\u00edlio-doen\u00e7a, aposentadorias especiais e previd\u00eancia rural, por exemplo, foi reduzido de 73% para 3% de mar\u00e7o at\u00e9 o final de outubro deste ano, uma queda superior a [&hellip;]","og_url":"https:\/\/mhcalculos.com.br\/noticias\/area\/previdenciario\/trf4-projeto-reduz-em-mais-de-95-atraso-na-implantacao-de-beneficios-pelo-inss-06-11-2020.html","og_site_name":"Portal de Not\u00edcias","article_published_time":"2020-11-07T18:05:08+00:00","article_modified_time":"2021-07-28T17:28:38+00:00","og_image":[{"width":1024,"height":622,"url":"https:\/\/mhcalculos.com.br\/noticias\/wp-content\/uploads\/sites\/2\/2020\/11\/dxa_1593618982.jpeg","type":"image\/jpeg"}],"author":"Equipe MH","twitter_card":"summary_large_image","twitter_misc":{"Escrito por":"Equipe MH","Est. tempo de leitura":"4 minutos"},"schema":{"@context":"https:\/\/schema.org","@graph":[{"@type":"Article","@id":"https:\/\/mhcalculos.com.br\/noticias\/area\/previdenciario\/trf4-projeto-reduz-em-mais-de-95-atraso-na-implantacao-de-beneficios-pelo-inss-06-11-2020.html#article","isPartOf":{"@id":"https:\/\/mhcalculos.com.br\/noticias\/area\/previdenciario\/trf4-projeto-reduz-em-mais-de-95-atraso-na-implantacao-de-beneficios-pelo-inss-06-11-2020.html"},"author":{"name":"Equipe MH","@id":"https:\/\/mhcalculos.com.br\/noticias\/#\/schema\/person\/88d1c34bf72dc779ea14a5a6b8e0ae8d"},"headline":"TRF4: Projeto reduz em mais de 95% atraso na implanta\u00e7\u00e3o de benef\u00edcios pelo INSS (06\/11\/2020)","datePublished":"2020-11-07T18:05:08+00:00","dateModified":"2021-07-28T17:28:38+00:00","mainEntityOfPage":{"@id":"https:\/\/mhcalculos.com.br\/noticias\/area\/previdenciario\/trf4-projeto-reduz-em-mais-de-95-atraso-na-implantacao-de-beneficios-pelo-inss-06-11-2020.html"},"wordCount":905,"commentCount":0,"image":{"@id":"https:\/\/mhcalculos.com.br\/noticias\/area\/previdenciario\/trf4-projeto-reduz-em-mais-de-95-atraso-na-implantacao-de-beneficios-pelo-inss-06-11-2020.html#primaryimage"},"thumbnailUrl":"https:\/\/mhcalculos.com.br\/noticias\/wp-content\/uploads\/sites\/2\/2020\/11\/dxa_1593618982.jpeg","keywords":["aposentadoria","c\u00e1lculos previdenci\u00e1rios","direito previdenci\u00e1rio","inss","per\u00edcia","perito","trf4"],"articleSection":["Direito Previdenci\u00e1rio","TRF4"],"inLanguage":"pt-BR","potentialAction":[{"@type":"CommentAction","name":"Comment","target":["https:\/\/mhcalculos.com.br\/noticias\/area\/previdenciario\/trf4-projeto-reduz-em-mais-de-95-atraso-na-implantacao-de-beneficios-pelo-inss-06-11-2020.html#respond"]}]},{"@type":"WebPage","@id":"https:\/\/mhcalculos.com.br\/noticias\/area\/previdenciario\/trf4-projeto-reduz-em-mais-de-95-atraso-na-implantacao-de-beneficios-pelo-inss-06-11-2020.html","url":"https:\/\/mhcalculos.com.br\/noticias\/area\/previdenciario\/trf4-projeto-reduz-em-mais-de-95-atraso-na-implantacao-de-beneficios-pelo-inss-06-11-2020.html","name":"TRF4: Projeto reduz em mais de 95% atraso na implanta\u00e7\u00e3o de benef\u00edcios pelo INSS (06\/11\/2020) | Portal de Not\u00edcias","isPartOf":{"@id":"https:\/\/mhcalculos.com.br\/noticias\/#website"},"primaryImageOfPage":{"@id":"https:\/\/mhcalculos.com.br\/noticias\/area\/previdenciario\/trf4-projeto-reduz-em-mais-de-95-atraso-na-implantacao-de-beneficios-pelo-inss-06-11-2020.html#primaryimage"},"image":{"@id":"https:\/\/mhcalculos.com.br\/noticias\/area\/previdenciario\/trf4-projeto-reduz-em-mais-de-95-atraso-na-implantacao-de-beneficios-pelo-inss-06-11-2020.html#primaryimage"},"thumbnailUrl":"https:\/\/mhcalculos.com.br\/noticias\/wp-content\/uploads\/sites\/2\/2020\/11\/dxa_1593618982.jpeg","datePublished":"2020-11-07T18:05:08+00:00","dateModified":"2021-07-28T17:28:38+00:00","author":{"@id":"https:\/\/mhcalculos.com.br\/noticias\/#\/schema\/person\/88d1c34bf72dc779ea14a5a6b8e0ae8d"},"breadcrumb":{"@id":"https:\/\/mhcalculos.com.br\/noticias\/area\/previdenciario\/trf4-projeto-reduz-em-mais-de-95-atraso-na-implantacao-de-beneficios-pelo-inss-06-11-2020.html#breadcrumb"},"inLanguage":"pt-BR","potentialAction":[{"@type":"ReadAction","target":["https:\/\/mhcalculos.com.br\/noticias\/area\/previdenciario\/trf4-projeto-reduz-em-mais-de-95-atraso-na-implantacao-de-beneficios-pelo-inss-06-11-2020.html"]}]},{"@type":"ImageObject","inLanguage":"pt-BR","@id":"https:\/\/mhcalculos.com.br\/noticias\/area\/previdenciario\/trf4-projeto-reduz-em-mais-de-95-atraso-na-implantacao-de-beneficios-pelo-inss-06-11-2020.html#primaryimage","url":"https:\/\/mhcalculos.com.br\/noticias\/wp-content\/uploads\/sites\/2\/2020\/11\/dxa_1593618982.jpeg","contentUrl":"https:\/\/mhcalculos.com.br\/noticias\/wp-content\/uploads\/sites\/2\/2020\/11\/dxa_1593618982.jpeg","width":1024,"height":622},{"@type":"BreadcrumbList","@id":"https:\/\/mhcalculos.com.br\/noticias\/area\/previdenciario\/trf4-projeto-reduz-em-mais-de-95-atraso-na-implantacao-de-beneficios-pelo-inss-06-11-2020.html#breadcrumb","itemListElement":[{"@type":"ListItem","position":1,"name":"In\u00edcio","item":"https:\/\/mhcalculos.com.br\/noticias\/"},{"@type":"ListItem","position":2,"name":"TRF4: Projeto reduz em mais de 95% atraso na implanta\u00e7\u00e3o de benef\u00edcios pelo INSS (06\/11\/2020)"}]},{"@type":"WebSite","@id":"https:\/\/mhcalculos.com.br\/noticias\/#website","url":"https:\/\/mhcalculos.com.br\/noticias\/","name":"Portal de Not\u00edcias","description":"Not\u00edcias e Jurisprud\u00eancia","potentialAction":[{"@type":"SearchAction","target":{"@type":"EntryPoint","urlTemplate":"https:\/\/mhcalculos.com.br\/noticias\/?s={search_term_string}"},"query-input":{"@type":"PropertyValueSpecification","valueRequired":true,"valueName":"search_term_string"}}],"inLanguage":"pt-BR"},{"@type":"Person","@id":"https:\/\/mhcalculos.com.br\/noticias\/#\/schema\/person\/88d1c34bf72dc779ea14a5a6b8e0ae8d","name":"Equipe MH","image":{"@type":"ImageObject","inLanguage":"pt-BR","@id":"https:\/\/secure.gravatar.com\/avatar\/de1c686c2ecc9c5a3f327e3431d819eb39f8f05d4e1045f5a1caad6daaba987f?s=96&d=mm&r=g","url":"https:\/\/secure.gravatar.com\/avatar\/de1c686c2ecc9c5a3f327e3431d819eb39f8f05d4e1045f5a1caad6daaba987f?s=96&d=mm&r=g","contentUrl":"https:\/\/secure.gravatar.com\/avatar\/de1c686c2ecc9c5a3f327e3431d819eb39f8f05d4e1045f5a1caad6daaba987f?s=96&d=mm&r=g","caption":"Equipe MH"}}]}},"_links":{"self":[{"href":"https:\/\/mhcalculos.com.br\/noticias\/wp-json\/wp\/v2\/posts\/7659","targetHints":{"allow":["GET"]}}],"collection":[{"href":"https:\/\/mhcalculos.com.br\/noticias\/wp-json\/wp\/v2\/posts"}],"about":[{"href":"https:\/\/mhcalculos.com.br\/noticias\/wp-json\/wp\/v2\/types\/post"}],"author":[{"embeddable":true,"href":"https:\/\/mhcalculos.com.br\/noticias\/wp-json\/wp\/v2\/users\/3063"}],"replies":[{"embeddable":true,"href":"https:\/\/mhcalculos.com.br\/noticias\/wp-json\/wp\/v2\/comments?post=7659"}],"version-history":[{"count":1,"href":"https:\/\/mhcalculos.com.br\/noticias\/wp-json\/wp\/v2\/posts\/7659\/revisions"}],"predecessor-version":[{"id":8734,"href":"https:\/\/mhcalculos.com.br\/noticias\/wp-json\/wp\/v2\/posts\/7659\/revisions\/8734"}],"wp:featuredmedia":[{"embeddable":true,"href":"https:\/\/mhcalculos.com.br\/noticias\/wp-json\/wp\/v2\/media\/7660"}],"wp:attachment":[{"href":"https:\/\/mhcalculos.com.br\/noticias\/wp-json\/wp\/v2\/media?parent=7659"}],"wp:term":[{"taxonomy":"category","embeddable":true,"href":"https:\/\/mhcalculos.com.br\/noticias\/wp-json\/wp\/v2\/categories?post=7659"},{"taxonomy":"post_tag","embeddable":true,"href":"https:\/\/mhcalculos.com.br\/noticias\/wp-json\/wp\/v2\/tags?post=7659"}],"curies":[{"name":"wp","href":"https:\/\/api.w.org\/{rel}","templated":true}]}}