{"id":7656,"date":"2020-11-06T22:05:07","date_gmt":"2020-11-07T01:05:07","guid":{"rendered":"https:\/\/mhcalculos.com.br\/noticias\/area\/previdenciario\/trf3-decisao-converte-tempo-de-servico-especial-em-comum-e-confirma-aposentadoria-de-tecnico-de-enfermagem.html"},"modified":"2021-07-28T14:28:39","modified_gmt":"2021-07-28T17:28:39","slug":"trf3-decisao-converte-tempo-de-servico-especial-em-comum-e-confirma-aposentadoria-de-tecnico-de-enfermagem","status":"publish","type":"post","link":"https:\/\/mhcalculos.com.br\/noticias\/area\/previdenciario\/trf3-decisao-converte-tempo-de-servico-especial-em-comum-e-confirma-aposentadoria-de-tecnico-de-enfermagem.html","title":{"rendered":"TRF3: DECIS\u00c3O CONVERTE TEMPO DE SERVI\u00c7O ESPECIAL EM COMUM E CONFIRMA APOSENTADORIA DE\u00a0T\u00c9CNICO DE ENFERMAGEM\u00a0"},"content":{"rendered":"\n<div class=\"mat\">\n<p><em>Trabalhador exercia atividade\u00a0sujeita\u00a0\u00e0\u00a0exposi\u00e7\u00e3o permanente a agentes biol\u00f3gicos infectocontagiosos<\/em><\/p>\n<p>A Nona Turma do Tribunal Regional Federal da 3\u00aa Regi\u00e3o (TRF3), por unanimidade, determinou ao Instituto Nacional do Seguro Social (INSS) converter em tempo comum os\u00a025\u00a0anos de atividade especial exercida\u00a0em ambientes hospitalares\u00a0e em\u00a0ind\u00fastria gr\u00e1fica\u00a0por um\u00a0homem\u00a0de\u00a0S\u00e3o Jos\u00e9 dos Campos\/SP e confirmou a concess\u00e3o de aposentadoria por tempo de contribui\u00e7\u00e3o.<\/p>\n<p>Para o colegiado,\u00a0o autor\u00a0conseguiu\u00a0comprovar\u00a0o direito\u00a0ao benef\u00edcio\u00a0por meio\u00a0de\u00a0laudo t\u00e9cnico,\u00a0do registro em\u00a0Carteira de Trabalho e Previd\u00eancia Social (CTPS)\u00a0e outros documentos.<\/p>\n<p>A\u00a03\u00aa Vara Federal de S\u00e3o Jos\u00e9 dos Campos\u00a0j\u00e1 havia determinado ao INSS que convertesse os per\u00edodos especiais em atividade comum com a respectiva concess\u00e3o da aposentadoria. A autarquia apelou ao TRF3 pedindo a impugna\u00e7\u00e3o dos enquadramentos efetuados e a improced\u00eancia do benef\u00edcio.<\/p>\n<p>Ao analisar o caso, a\u00a0relatora\u00a0do processo,\u00a0ju\u00edza federal convocada Vanessa Mello, afirmou\u00a0que o laudo t\u00e9cnico e o Perfil Profissiogr\u00e1fico Previdenci\u00e1rio (PPP) comprovaram que, entre 1992 e 2018, a parte autora exercia suas atividades em ambientes hospitalares com exposi\u00e7\u00e3o habitual e permanente a agentes biol\u00f3gicos infectocontagiosos, como v\u00edrus, bact\u00e9rias e micro-organismos. \u201cDiante das circunst\u00e2ncias da presta\u00e7\u00e3o laboral descritas, conclui-se que, na hip\u00f3tese, o equipamento de prote\u00e7\u00e3o individual (EPI) n\u00e3o \u00e9 realmente capaz de neutralizar a nocividade dos agentes\u201d, ressaltou.<\/p>\n<p>Al\u00e9m disso, a magistrada\u00a0destacou\u00a0que\u00a0a\u00a0CTPS\u00a0do autor\u00a0registra que, entre\u00a024\/8\/1982\u00a0e\u00a01\u00ba\/3\/1983,\u00a0ele\u00a0trabalhou em ind\u00fastria gr\u00e1fica\u00a0como aprendiz de encaderna\u00e7\u00e3o,\u00a0o\u00a0que,\u00a0de acordo o Decreto n\u00ba 53.831\/1964, vigente \u00e0 \u00e9poca,\u00a0permite o enquadramento da atividade como especial.<\/p>\n<p>Assim, a Nona Turma\u00a0manteve a senten\u00e7a,\u00a0com a\u00a0devida\u00a0soma dos per\u00edodos enquadrados\u00a0e atendidos os requisitos\u00a0de\u00a0car\u00eancia e tempo de servi\u00e7o para a concess\u00e3o da aposentadoria por tempo de contribui\u00e7\u00e3o integral \u00e0 parte autora. O\u00a0INSS\u00a0deve\u00a0pagar o benef\u00edcio a partir da data do requerimento administrativo.<\/p>\n<p>Apela\u00e7\u00e3o C\u00edvel 5006890-39.2018.4.03.6103\u00a0<\/p>\n<p>\u00a0\u00a0\u00a0<\/p>\n<p><a href=\"http:\/\/www.twitter.com\/trf3_oficial\">www.twitter.com\/trf3_oficial<\/a>\u00a0\u00a0<\/p>\n<p><a href=\"http:\/\/www.instagram.com\/trf3_oficial\">www.instagram.com\/trf3_oficial<\/a>\u00a0\u00a0<\/p>\n<\/div>\n<p><script async src=\"https:\/\/platform.twitter.com\/widgets.js\" charset=\"utf-8\"><\/script><script async defer src=\"https:\/\/platform.instagram.com\/en_US\/embeds.js\"><\/script><br \/>\n<i>Com informa\u00e7\u00f5es da assessoria de imprensa do TRF3.<\/i><br \/>\n<br \/><a href=\"http:\/\/web.trf3.jus.br\/noticias\/Noticias\/Noticia\/Exibir\/401151\">Fonte<\/a><br \/>\n<br \/><\/p>\n","protected":false},"excerpt":{"rendered":"<p>Trabalhador exercia atividade\u00a0sujeita\u00a0\u00e0\u00a0exposi\u00e7\u00e3o permanente a agentes biol\u00f3gicos infectocontagiosos A Nona Turma do Tribunal Regional Federal da 3\u00aa Regi\u00e3o (TRF3), por unanimidade, determinou ao Instituto Nacional do Seguro Social (INSS) converter em tempo comum os\u00a025\u00a0anos de atividade especial exercida\u00a0em ambientes hospitalares\u00a0e em\u00a0ind\u00fastria gr\u00e1fica\u00a0por um\u00a0homem\u00a0de\u00a0S\u00e3o Jos\u00e9 dos Campos\/SP e confirmou a concess\u00e3o de aposentadoria por tempo de [&hellip;]<\/p>\n","protected":false},"author":3063,"featured_media":3334,"comment_status":"open","ping_status":"open","sticky":false,"template":"","format":"standard","meta":{"footnotes":""},"categories":[5,110],"tags":[11,10,8,13,9,12,152],"class_list":{"0":"post-7656","1":"post","2":"type-post","3":"status-publish","4":"format-standard","5":"has-post-thumbnail","7":"category-previdenciario","8":"category-trf3","9":"tag-aposentadoria","10":"tag-calculos-previdenciarios","11":"tag-direito-previdenciario","12":"tag-inss","13":"tag-pericia","14":"tag-perito","15":"tag-trf3"},"yoast_head":"<!-- This site is optimized with the Yoast SEO plugin v27.2 - https:\/\/yoast.com\/product\/yoast-seo-wordpress\/ -->\n<title>TRF3: DECIS\u00c3O CONVERTE TEMPO DE SERVI\u00c7O ESPECIAL EM COMUM E CONFIRMA APOSENTADORIA DE\u00a0T\u00c9CNICO DE ENFERMAGEM\u00a0 | Portal de Not\u00edcias<\/title>\n<meta name=\"robots\" content=\"index, follow, max-snippet:-1, max-image-preview:large, max-video-preview:-1\" \/>\n<link rel=\"canonical\" href=\"https:\/\/mhcalculos.com.br\/noticias\/area\/previdenciario\/trf3-decisao-converte-tempo-de-servico-especial-em-comum-e-confirma-aposentadoria-de-tecnico-de-enfermagem.html\" \/>\n<meta property=\"og:locale\" content=\"pt_BR\" \/>\n<meta property=\"og:type\" content=\"article\" \/>\n<meta property=\"og:title\" content=\"TRF3: DECIS\u00c3O CONVERTE TEMPO DE SERVI\u00c7O ESPECIAL EM COMUM E CONFIRMA APOSENTADORIA DE\u00a0T\u00c9CNICO DE ENFERMAGEM\u00a0 | Portal de Not\u00edcias\" \/>\n<meta property=\"og:description\" content=\"Trabalhador exercia atividade\u00a0sujeita\u00a0\u00e0\u00a0exposi\u00e7\u00e3o permanente a agentes biol\u00f3gicos infectocontagiosos A Nona Turma do Tribunal Regional Federal da 3\u00aa Regi\u00e3o (TRF3), por unanimidade, determinou ao Instituto Nacional do Seguro Social (INSS) converter em tempo comum os\u00a025\u00a0anos de atividade especial exercida\u00a0em ambientes hospitalares\u00a0e em\u00a0ind\u00fastria gr\u00e1fica\u00a0por um\u00a0homem\u00a0de\u00a0S\u00e3o Jos\u00e9 dos Campos\/SP e confirmou a concess\u00e3o de aposentadoria por tempo de [&hellip;]\" \/>\n<meta property=\"og:url\" content=\"https:\/\/mhcalculos.com.br\/noticias\/area\/previdenciario\/trf3-decisao-converte-tempo-de-servico-especial-em-comum-e-confirma-aposentadoria-de-tecnico-de-enfermagem.html\" \/>\n<meta property=\"og:site_name\" content=\"Portal de Not\u00edcias\" \/>\n<meta property=\"article:published_time\" content=\"2020-11-07T01:05:07+00:00\" \/>\n<meta property=\"article:modified_time\" content=\"2021-07-28T17:28:39+00:00\" \/>\n<meta property=\"og:image\" content=\"https:\/\/mhcalculos.com.br\/noticias\/wp-content\/uploads\/sites\/2\/2018\/10\/previdenciario-0046.jpg\" \/>\n\t<meta property=\"og:image:width\" content=\"2000\" \/>\n\t<meta property=\"og:image:height\" content=\"800\" \/>\n\t<meta property=\"og:image:type\" content=\"image\/jpeg\" \/>\n<meta name=\"author\" content=\"Equipe MH\" \/>\n<meta name=\"twitter:card\" content=\"summary_large_image\" \/>\n<meta name=\"twitter:label1\" content=\"Escrito por\" \/>\n\t<meta name=\"twitter:data1\" content=\"Equipe MH\" \/>\n\t<meta name=\"twitter:label2\" content=\"Est. tempo de leitura\" \/>\n\t<meta name=\"twitter:data2\" content=\"2 minutos\" \/>\n<script type=\"application\/ld+json\" class=\"yoast-schema-graph\">{\"@context\":\"https:\/\/schema.org\",\"@graph\":[{\"@type\":\"Article\",\"@id\":\"https:\/\/mhcalculos.com.br\/noticias\/area\/previdenciario\/trf3-decisao-converte-tempo-de-servico-especial-em-comum-e-confirma-aposentadoria-de-tecnico-de-enfermagem.html#article\",\"isPartOf\":{\"@id\":\"https:\/\/mhcalculos.com.br\/noticias\/area\/previdenciario\/trf3-decisao-converte-tempo-de-servico-especial-em-comum-e-confirma-aposentadoria-de-tecnico-de-enfermagem.html\"},\"author\":{\"name\":\"Equipe MH\",\"@id\":\"https:\/\/mhcalculos.com.br\/noticias\/#\/schema\/person\/88d1c34bf72dc779ea14a5a6b8e0ae8d\"},\"headline\":\"TRF3: DECIS\u00c3O CONVERTE TEMPO DE SERVI\u00c7O ESPECIAL EM COMUM E CONFIRMA APOSENTADORIA DE\u00a0T\u00c9CNICO DE ENFERMAGEM\u00a0\",\"datePublished\":\"2020-11-07T01:05:07+00:00\",\"dateModified\":\"2021-07-28T17:28:39+00:00\",\"mainEntityOfPage\":{\"@id\":\"https:\/\/mhcalculos.com.br\/noticias\/area\/previdenciario\/trf3-decisao-converte-tempo-de-servico-especial-em-comum-e-confirma-aposentadoria-de-tecnico-de-enfermagem.html\"},\"wordCount\":391,\"commentCount\":0,\"image\":{\"@id\":\"https:\/\/mhcalculos.com.br\/noticias\/area\/previdenciario\/trf3-decisao-converte-tempo-de-servico-especial-em-comum-e-confirma-aposentadoria-de-tecnico-de-enfermagem.html#primaryimage\"},\"thumbnailUrl\":\"https:\/\/mhcalculos.com.br\/noticias\/wp-content\/uploads\/sites\/2\/2018\/10\/previdenciario-0046.jpg\",\"keywords\":[\"aposentadoria\",\"c\u00e1lculos previdenci\u00e1rios\",\"direito previdenci\u00e1rio\",\"inss\",\"per\u00edcia\",\"perito\",\"trf3\"],\"articleSection\":[\"Direito Previdenci\u00e1rio\",\"TRF3\"],\"inLanguage\":\"pt-BR\",\"potentialAction\":[{\"@type\":\"CommentAction\",\"name\":\"Comment\",\"target\":[\"https:\/\/mhcalculos.com.br\/noticias\/area\/previdenciario\/trf3-decisao-converte-tempo-de-servico-especial-em-comum-e-confirma-aposentadoria-de-tecnico-de-enfermagem.html#respond\"]}]},{\"@type\":\"WebPage\",\"@id\":\"https:\/\/mhcalculos.com.br\/noticias\/area\/previdenciario\/trf3-decisao-converte-tempo-de-servico-especial-em-comum-e-confirma-aposentadoria-de-tecnico-de-enfermagem.html\",\"url\":\"https:\/\/mhcalculos.com.br\/noticias\/area\/previdenciario\/trf3-decisao-converte-tempo-de-servico-especial-em-comum-e-confirma-aposentadoria-de-tecnico-de-enfermagem.html\",\"name\":\"TRF3: DECIS\u00c3O CONVERTE TEMPO DE SERVI\u00c7O ESPECIAL EM COMUM E CONFIRMA APOSENTADORIA DE\u00a0T\u00c9CNICO DE ENFERMAGEM\u00a0 | Portal de Not\u00edcias\",\"isPartOf\":{\"@id\":\"https:\/\/mhcalculos.com.br\/noticias\/#website\"},\"primaryImageOfPage\":{\"@id\":\"https:\/\/mhcalculos.com.br\/noticias\/area\/previdenciario\/trf3-decisao-converte-tempo-de-servico-especial-em-comum-e-confirma-aposentadoria-de-tecnico-de-enfermagem.html#primaryimage\"},\"image\":{\"@id\":\"https:\/\/mhcalculos.com.br\/noticias\/area\/previdenciario\/trf3-decisao-converte-tempo-de-servico-especial-em-comum-e-confirma-aposentadoria-de-tecnico-de-enfermagem.html#primaryimage\"},\"thumbnailUrl\":\"https:\/\/mhcalculos.com.br\/noticias\/wp-content\/uploads\/sites\/2\/2018\/10\/previdenciario-0046.jpg\",\"datePublished\":\"2020-11-07T01:05:07+00:00\",\"dateModified\":\"2021-07-28T17:28:39+00:00\",\"author\":{\"@id\":\"https:\/\/mhcalculos.com.br\/noticias\/#\/schema\/person\/88d1c34bf72dc779ea14a5a6b8e0ae8d\"},\"breadcrumb\":{\"@id\":\"https:\/\/mhcalculos.com.br\/noticias\/area\/previdenciario\/trf3-decisao-converte-tempo-de-servico-especial-em-comum-e-confirma-aposentadoria-de-tecnico-de-enfermagem.html#breadcrumb\"},\"inLanguage\":\"pt-BR\",\"potentialAction\":[{\"@type\":\"ReadAction\",\"target\":[\"https:\/\/mhcalculos.com.br\/noticias\/area\/previdenciario\/trf3-decisao-converte-tempo-de-servico-especial-em-comum-e-confirma-aposentadoria-de-tecnico-de-enfermagem.html\"]}]},{\"@type\":\"ImageObject\",\"inLanguage\":\"pt-BR\",\"@id\":\"https:\/\/mhcalculos.com.br\/noticias\/area\/previdenciario\/trf3-decisao-converte-tempo-de-servico-especial-em-comum-e-confirma-aposentadoria-de-tecnico-de-enfermagem.html#primaryimage\",\"url\":\"https:\/\/mhcalculos.com.br\/noticias\/wp-content\/uploads\/sites\/2\/2018\/10\/previdenciario-0046.jpg\",\"contentUrl\":\"https:\/\/mhcalculos.com.br\/noticias\/wp-content\/uploads\/sites\/2\/2018\/10\/previdenciario-0046.jpg\",\"width\":2000,\"height\":800},{\"@type\":\"BreadcrumbList\",\"@id\":\"https:\/\/mhcalculos.com.br\/noticias\/area\/previdenciario\/trf3-decisao-converte-tempo-de-servico-especial-em-comum-e-confirma-aposentadoria-de-tecnico-de-enfermagem.html#breadcrumb\",\"itemListElement\":[{\"@type\":\"ListItem\",\"position\":1,\"name\":\"In\u00edcio\",\"item\":\"https:\/\/mhcalculos.com.br\/noticias\/\"},{\"@type\":\"ListItem\",\"position\":2,\"name\":\"TRF3: DECIS\u00c3O CONVERTE TEMPO DE SERVI\u00c7O ESPECIAL EM COMUM E CONFIRMA APOSENTADORIA DE\u00a0T\u00c9CNICO DE ENFERMAGEM\u00a0\"}]},{\"@type\":\"WebSite\",\"@id\":\"https:\/\/mhcalculos.com.br\/noticias\/#website\",\"url\":\"https:\/\/mhcalculos.com.br\/noticias\/\",\"name\":\"Portal de Not\u00edcias\",\"description\":\"Not\u00edcias e Jurisprud\u00eancia\",\"potentialAction\":[{\"@type\":\"SearchAction\",\"target\":{\"@type\":\"EntryPoint\",\"urlTemplate\":\"https:\/\/mhcalculos.com.br\/noticias\/?s={search_term_string}\"},\"query-input\":{\"@type\":\"PropertyValueSpecification\",\"valueRequired\":true,\"valueName\":\"search_term_string\"}}],\"inLanguage\":\"pt-BR\"},{\"@type\":\"Person\",\"@id\":\"https:\/\/mhcalculos.com.br\/noticias\/#\/schema\/person\/88d1c34bf72dc779ea14a5a6b8e0ae8d\",\"name\":\"Equipe MH\",\"image\":{\"@type\":\"ImageObject\",\"inLanguage\":\"pt-BR\",\"@id\":\"https:\/\/secure.gravatar.com\/avatar\/de1c686c2ecc9c5a3f327e3431d819eb39f8f05d4e1045f5a1caad6daaba987f?s=96&d=mm&r=g\",\"url\":\"https:\/\/secure.gravatar.com\/avatar\/de1c686c2ecc9c5a3f327e3431d819eb39f8f05d4e1045f5a1caad6daaba987f?s=96&d=mm&r=g\",\"contentUrl\":\"https:\/\/secure.gravatar.com\/avatar\/de1c686c2ecc9c5a3f327e3431d819eb39f8f05d4e1045f5a1caad6daaba987f?s=96&d=mm&r=g\",\"caption\":\"Equipe MH\"}}]}<\/script>\n<!-- \/ Yoast SEO plugin. -->","yoast_head_json":{"title":"TRF3: DECIS\u00c3O CONVERTE TEMPO DE SERVI\u00c7O ESPECIAL EM COMUM E CONFIRMA APOSENTADORIA DE\u00a0T\u00c9CNICO DE ENFERMAGEM\u00a0 | Portal de Not\u00edcias","robots":{"index":"index","follow":"follow","max-snippet":"max-snippet:-1","max-image-preview":"max-image-preview:large","max-video-preview":"max-video-preview:-1"},"canonical":"https:\/\/mhcalculos.com.br\/noticias\/area\/previdenciario\/trf3-decisao-converte-tempo-de-servico-especial-em-comum-e-confirma-aposentadoria-de-tecnico-de-enfermagem.html","og_locale":"pt_BR","og_type":"article","og_title":"TRF3: DECIS\u00c3O CONVERTE TEMPO DE SERVI\u00c7O ESPECIAL EM COMUM E CONFIRMA APOSENTADORIA DE\u00a0T\u00c9CNICO DE ENFERMAGEM\u00a0 | Portal de Not\u00edcias","og_description":"Trabalhador exercia atividade\u00a0sujeita\u00a0\u00e0\u00a0exposi\u00e7\u00e3o permanente a agentes biol\u00f3gicos infectocontagiosos A Nona Turma do Tribunal Regional Federal da 3\u00aa Regi\u00e3o (TRF3), por unanimidade, determinou ao Instituto Nacional do Seguro Social (INSS) converter em tempo comum os\u00a025\u00a0anos de atividade especial exercida\u00a0em ambientes hospitalares\u00a0e em\u00a0ind\u00fastria gr\u00e1fica\u00a0por um\u00a0homem\u00a0de\u00a0S\u00e3o Jos\u00e9 dos Campos\/SP e confirmou a concess\u00e3o de aposentadoria por tempo de [&hellip;]","og_url":"https:\/\/mhcalculos.com.br\/noticias\/area\/previdenciario\/trf3-decisao-converte-tempo-de-servico-especial-em-comum-e-confirma-aposentadoria-de-tecnico-de-enfermagem.html","og_site_name":"Portal de Not\u00edcias","article_published_time":"2020-11-07T01:05:07+00:00","article_modified_time":"2021-07-28T17:28:39+00:00","og_image":[{"width":2000,"height":800,"url":"https:\/\/mhcalculos.com.br\/noticias\/wp-content\/uploads\/sites\/2\/2018\/10\/previdenciario-0046.jpg","type":"image\/jpeg"}],"author":"Equipe MH","twitter_card":"summary_large_image","twitter_misc":{"Escrito por":"Equipe MH","Est. tempo de leitura":"2 minutos"},"schema":{"@context":"https:\/\/schema.org","@graph":[{"@type":"Article","@id":"https:\/\/mhcalculos.com.br\/noticias\/area\/previdenciario\/trf3-decisao-converte-tempo-de-servico-especial-em-comum-e-confirma-aposentadoria-de-tecnico-de-enfermagem.html#article","isPartOf":{"@id":"https:\/\/mhcalculos.com.br\/noticias\/area\/previdenciario\/trf3-decisao-converte-tempo-de-servico-especial-em-comum-e-confirma-aposentadoria-de-tecnico-de-enfermagem.html"},"author":{"name":"Equipe MH","@id":"https:\/\/mhcalculos.com.br\/noticias\/#\/schema\/person\/88d1c34bf72dc779ea14a5a6b8e0ae8d"},"headline":"TRF3: DECIS\u00c3O CONVERTE TEMPO DE SERVI\u00c7O ESPECIAL EM COMUM E CONFIRMA APOSENTADORIA DE\u00a0T\u00c9CNICO DE ENFERMAGEM\u00a0","datePublished":"2020-11-07T01:05:07+00:00","dateModified":"2021-07-28T17:28:39+00:00","mainEntityOfPage":{"@id":"https:\/\/mhcalculos.com.br\/noticias\/area\/previdenciario\/trf3-decisao-converte-tempo-de-servico-especial-em-comum-e-confirma-aposentadoria-de-tecnico-de-enfermagem.html"},"wordCount":391,"commentCount":0,"image":{"@id":"https:\/\/mhcalculos.com.br\/noticias\/area\/previdenciario\/trf3-decisao-converte-tempo-de-servico-especial-em-comum-e-confirma-aposentadoria-de-tecnico-de-enfermagem.html#primaryimage"},"thumbnailUrl":"https:\/\/mhcalculos.com.br\/noticias\/wp-content\/uploads\/sites\/2\/2018\/10\/previdenciario-0046.jpg","keywords":["aposentadoria","c\u00e1lculos previdenci\u00e1rios","direito previdenci\u00e1rio","inss","per\u00edcia","perito","trf3"],"articleSection":["Direito Previdenci\u00e1rio","TRF3"],"inLanguage":"pt-BR","potentialAction":[{"@type":"CommentAction","name":"Comment","target":["https:\/\/mhcalculos.com.br\/noticias\/area\/previdenciario\/trf3-decisao-converte-tempo-de-servico-especial-em-comum-e-confirma-aposentadoria-de-tecnico-de-enfermagem.html#respond"]}]},{"@type":"WebPage","@id":"https:\/\/mhcalculos.com.br\/noticias\/area\/previdenciario\/trf3-decisao-converte-tempo-de-servico-especial-em-comum-e-confirma-aposentadoria-de-tecnico-de-enfermagem.html","url":"https:\/\/mhcalculos.com.br\/noticias\/area\/previdenciario\/trf3-decisao-converte-tempo-de-servico-especial-em-comum-e-confirma-aposentadoria-de-tecnico-de-enfermagem.html","name":"TRF3: DECIS\u00c3O CONVERTE TEMPO DE SERVI\u00c7O ESPECIAL EM COMUM E CONFIRMA APOSENTADORIA DE\u00a0T\u00c9CNICO DE ENFERMAGEM\u00a0 | Portal de Not\u00edcias","isPartOf":{"@id":"https:\/\/mhcalculos.com.br\/noticias\/#website"},"primaryImageOfPage":{"@id":"https:\/\/mhcalculos.com.br\/noticias\/area\/previdenciario\/trf3-decisao-converte-tempo-de-servico-especial-em-comum-e-confirma-aposentadoria-de-tecnico-de-enfermagem.html#primaryimage"},"image":{"@id":"https:\/\/mhcalculos.com.br\/noticias\/area\/previdenciario\/trf3-decisao-converte-tempo-de-servico-especial-em-comum-e-confirma-aposentadoria-de-tecnico-de-enfermagem.html#primaryimage"},"thumbnailUrl":"https:\/\/mhcalculos.com.br\/noticias\/wp-content\/uploads\/sites\/2\/2018\/10\/previdenciario-0046.jpg","datePublished":"2020-11-07T01:05:07+00:00","dateModified":"2021-07-28T17:28:39+00:00","author":{"@id":"https:\/\/mhcalculos.com.br\/noticias\/#\/schema\/person\/88d1c34bf72dc779ea14a5a6b8e0ae8d"},"breadcrumb":{"@id":"https:\/\/mhcalculos.com.br\/noticias\/area\/previdenciario\/trf3-decisao-converte-tempo-de-servico-especial-em-comum-e-confirma-aposentadoria-de-tecnico-de-enfermagem.html#breadcrumb"},"inLanguage":"pt-BR","potentialAction":[{"@type":"ReadAction","target":["https:\/\/mhcalculos.com.br\/noticias\/area\/previdenciario\/trf3-decisao-converte-tempo-de-servico-especial-em-comum-e-confirma-aposentadoria-de-tecnico-de-enfermagem.html"]}]},{"@type":"ImageObject","inLanguage":"pt-BR","@id":"https:\/\/mhcalculos.com.br\/noticias\/area\/previdenciario\/trf3-decisao-converte-tempo-de-servico-especial-em-comum-e-confirma-aposentadoria-de-tecnico-de-enfermagem.html#primaryimage","url":"https:\/\/mhcalculos.com.br\/noticias\/wp-content\/uploads\/sites\/2\/2018\/10\/previdenciario-0046.jpg","contentUrl":"https:\/\/mhcalculos.com.br\/noticias\/wp-content\/uploads\/sites\/2\/2018\/10\/previdenciario-0046.jpg","width":2000,"height":800},{"@type":"BreadcrumbList","@id":"https:\/\/mhcalculos.com.br\/noticias\/area\/previdenciario\/trf3-decisao-converte-tempo-de-servico-especial-em-comum-e-confirma-aposentadoria-de-tecnico-de-enfermagem.html#breadcrumb","itemListElement":[{"@type":"ListItem","position":1,"name":"In\u00edcio","item":"https:\/\/mhcalculos.com.br\/noticias\/"},{"@type":"ListItem","position":2,"name":"TRF3: DECIS\u00c3O CONVERTE TEMPO DE SERVI\u00c7O ESPECIAL EM COMUM E CONFIRMA APOSENTADORIA DE\u00a0T\u00c9CNICO DE ENFERMAGEM\u00a0"}]},{"@type":"WebSite","@id":"https:\/\/mhcalculos.com.br\/noticias\/#website","url":"https:\/\/mhcalculos.com.br\/noticias\/","name":"Portal de Not\u00edcias","description":"Not\u00edcias e Jurisprud\u00eancia","potentialAction":[{"@type":"SearchAction","target":{"@type":"EntryPoint","urlTemplate":"https:\/\/mhcalculos.com.br\/noticias\/?s={search_term_string}"},"query-input":{"@type":"PropertyValueSpecification","valueRequired":true,"valueName":"search_term_string"}}],"inLanguage":"pt-BR"},{"@type":"Person","@id":"https:\/\/mhcalculos.com.br\/noticias\/#\/schema\/person\/88d1c34bf72dc779ea14a5a6b8e0ae8d","name":"Equipe MH","image":{"@type":"ImageObject","inLanguage":"pt-BR","@id":"https:\/\/secure.gravatar.com\/avatar\/de1c686c2ecc9c5a3f327e3431d819eb39f8f05d4e1045f5a1caad6daaba987f?s=96&d=mm&r=g","url":"https:\/\/secure.gravatar.com\/avatar\/de1c686c2ecc9c5a3f327e3431d819eb39f8f05d4e1045f5a1caad6daaba987f?s=96&d=mm&r=g","contentUrl":"https:\/\/secure.gravatar.com\/avatar\/de1c686c2ecc9c5a3f327e3431d819eb39f8f05d4e1045f5a1caad6daaba987f?s=96&d=mm&r=g","caption":"Equipe MH"}}]}},"_links":{"self":[{"href":"https:\/\/mhcalculos.com.br\/noticias\/wp-json\/wp\/v2\/posts\/7656","targetHints":{"allow":["GET"]}}],"collection":[{"href":"https:\/\/mhcalculos.com.br\/noticias\/wp-json\/wp\/v2\/posts"}],"about":[{"href":"https:\/\/mhcalculos.com.br\/noticias\/wp-json\/wp\/v2\/types\/post"}],"author":[{"embeddable":true,"href":"https:\/\/mhcalculos.com.br\/noticias\/wp-json\/wp\/v2\/users\/3063"}],"replies":[{"embeddable":true,"href":"https:\/\/mhcalculos.com.br\/noticias\/wp-json\/wp\/v2\/comments?post=7656"}],"version-history":[{"count":1,"href":"https:\/\/mhcalculos.com.br\/noticias\/wp-json\/wp\/v2\/posts\/7656\/revisions"}],"predecessor-version":[{"id":8736,"href":"https:\/\/mhcalculos.com.br\/noticias\/wp-json\/wp\/v2\/posts\/7656\/revisions\/8736"}],"wp:featuredmedia":[{"embeddable":true,"href":"https:\/\/mhcalculos.com.br\/noticias\/wp-json\/wp\/v2\/media\/3334"}],"wp:attachment":[{"href":"https:\/\/mhcalculos.com.br\/noticias\/wp-json\/wp\/v2\/media?parent=7656"}],"wp:term":[{"taxonomy":"category","embeddable":true,"href":"https:\/\/mhcalculos.com.br\/noticias\/wp-json\/wp\/v2\/categories?post=7656"},{"taxonomy":"post_tag","embeddable":true,"href":"https:\/\/mhcalculos.com.br\/noticias\/wp-json\/wp\/v2\/tags?post=7656"}],"curies":[{"name":"wp","href":"https:\/\/api.w.org\/{rel}","templated":true}]}}