{"id":7653,"date":"2020-11-05T20:05:22","date_gmt":"2020-11-05T23:05:22","guid":{"rendered":"https:\/\/mhcalculos.com.br\/noticias\/tribunais\/stf\/stf-suspenso-julgamento-de-acoes-que-discutem-a-incidencia-do-iss-ou-do-icms-sobre-o-direito-de-uso-de-software.html"},"modified":"2021-07-28T14:28:39","modified_gmt":"2021-07-28T17:28:39","slug":"stf-suspenso-julgamento-de-acoes-que-discutem-a-incidencia-do-iss-ou-do-icms-sobre-o-direito-de-uso-de-software","status":"publish","type":"post","link":"https:\/\/mhcalculos.com.br\/noticias\/tribunais\/stf\/stf-suspenso-julgamento-de-acoes-que-discutem-a-incidencia-do-iss-ou-do-icms-sobre-o-direito-de-uso-de-software.html","title":{"rendered":"STF: Suspenso julgamento de a\u00e7\u00f5es que discutem a incid\u00eancia do ISS ou do ICMS sobre o direito de uso de software"},"content":{"rendered":"<p><br \/>\n<\/p>\n<p>Pedido de vista do ministro Luiz Fux, presidente do Supremo Tribunal Federal (STF), suspendeu o julgamento, pelo Plen\u00e1rio, de duas A\u00e7\u00f5es Direta de Inconstitucionalidade (ADIs 5659 e 1945) em que se discute a incid\u00eancia do Imposto sobre Opera\u00e7\u00f5es relativas \u00e0 Circula\u00e7\u00e3o de Mercadorias e Presta\u00e7\u00e3o de Servi\u00e7os de Transporte Interestadual e Intermunicipal e de Comunica\u00e7\u00e3o (ICMS) sobre suporte e programas de computador (software).<\/p>\n<p>A ADI 5659, da relatoria do ministro Dias Toffoli, proposta pela Confedera\u00e7\u00e3o Nacional de Servi\u00e7os (CNS), tem por objeto o Decreto estadual 46.877\/2015 de Minas Gerais e outros diplomas legais. A confedera\u00e7\u00e3o alega que essas opera\u00e7\u00f5es n\u00e3o poderiam ser tributadas pelo ICMS, pois sobre elas j\u00e1 incide o Imposto sobre Servi\u00e7os de Qualquer Natureza (ISS). Na ADI 1945, da relatoria da ministra C\u00e1rmen L\u00facia, o Partido do Movimento Democr\u00e1tico Brasileiro (PMDB) argumenta a inconstitucionalidade de dispositivos da Lei estadual 7.098\/1998 de Mato Grosso, que consolida normas referentes ao ICMS, por bitributa\u00e7\u00e3o e invas\u00e3o da compet\u00eancia municipal.<\/p>\n<p><b>Previs\u00e3o legal<\/b><\/p>\n<p>A sess\u00e3o desta quinta-feira (4) teve in\u00edcio com o voto do ministro Dias Toffoli, relator da ADI 5659. Para ele, o licenciamento ou a cess\u00e3o de direito de uso de software, padronizado ou por encomenda, enquadra-se no subitem 1.05 da lista de servi\u00e7os anexa \u00e0 Lei Complementar federal 116\/2003 como tribut\u00e1vel pelo ISS, independentemente de a transfer\u00eancia do uso ocorrer via download ou por meio de acesso \u00e0 nuvem. O relator frisou que, nos termos da orienta\u00e7\u00e3o do Supremo, o simples fato de o servi\u00e7o estar definido em lei complementar como tribut\u00e1vel pelo ISS j\u00e1 atrairia, em tese, a incid\u00eancia somente desse imposto sobre o valor total da opera\u00e7\u00e3o e afastaria a do ICMS.<\/p>\n<p><b>Servi\u00e7o<\/b><\/p>\n<p>Toffoli ressaltou, ainda, que a elabora\u00e7\u00e3o de um software \u00e9 um servi\u00e7o que resulta do esfor\u00e7o humano. Nesse sentido, no seu entendimento, no caso de fornecimento de software personalizado por meio do com\u00e9rcio eletr\u00f4nico direto, deve incidir o ISS, pois ficam claras a obriga\u00e7\u00e3o de fazer (fornecimento software personalizado e confec\u00e7\u00e3o do programa de computador) e a obriga\u00e7\u00e3o acess\u00f3ria de dar (a transfer\u00eancia do bem digital). Tamb\u00e9m no licenciamento ou na cess\u00e3o de direito de uso, para o relator, h\u00e1 inequivocamente um servi\u00e7o &#8211; o desenvolvimento de um programa de computador personalizado. A obriga\u00e7\u00e3o de fazer est\u00e1 presente no esfor\u00e7o intelectual e, ainda, nos demais servi\u00e7os prestados ao usu\u00e1rio, como, o help desk, a disponibiliza\u00e7\u00e3o de manuais, as atualiza\u00e7\u00f5es tecnol\u00f3gicas e outras funcionalidades previstas no contrato de licenciamento.<\/p>\n<p>Votaram no mesmo sentido os ministros Alexandre de Moraes, Lu\u00eds Roberto Barroso, Rosa Weber e Ricardo Lewandowski. E, na conclus\u00e3o, pelo afastamento da incid\u00eancia do ICMS sobre o licenciamento e a cess\u00e3o de direito de uso de software, o ministro Marco Aur\u00e9lio.<\/p>\n<p><b>Mercadoria<\/b><\/p>\n<p>A ministra C\u00e1rmen L\u00facia, relatora da ADI 1945, e o ministro Edson Fachin, que j\u00e1 haviam votado na a\u00e7\u00e3o proposta pelo PMDB, mantiveram seu entendimento ao votarem na a\u00e7\u00e3o da CNS. No seu entendimento, programas de computador s\u00f3 n\u00e3o s\u00e3o considerados mercadoria quando se contrata o servi\u00e7o para desenvolv\u00ea-los. Quando a cria\u00e7\u00e3o intelectual \u00e9 produzida em s\u00e9rie e h\u00e1 atividade mercantil, deve incidir o ICMS, e n\u00e3o o ISS.<\/p>\n<p>O ministro Gilmar Mendes divergiu em parte, ao admitir a incid\u00eancia do ISS sobre os softwares desenvolvidos de forma personalizada e do ICMS sobre os softwares padronizados, comercializados em escala industrial e massificada.<\/p>\n<p><span style=\"font-size: smaller\">SP\/AS\/\/CF<\/span><\/p>\n<p>Leia mais:<\/p>\n<p>29\/10\/2020 &#8211; <a href=\"http:\/\/portal.stf.jus.br\/noticias\/verNoticiaDetalhe.asp?idConteudo=454415&amp;ori=1\" target=\"_blank\" rel=\"noopener noreferrer\">STF inicia julgamento sobre incid\u00eancia de ICMS no licenciamento de software<\/a><\/p>\n<p><i>Com informa\u00e7\u00f5es da assessoria de imprensa do STF.<\/i><br \/>\n<br \/><a href=\"http:\/\/www.stf.jus.br\/portal\/cms\/verNoticiaDetalhe.asp?idConteudo=454692\">Fonte<\/a><br \/>\n<br \/><\/p>\n","protected":false},"excerpt":{"rendered":"<p>Pedido de vista do ministro Luiz Fux, presidente do Supremo Tribunal Federal (STF), suspendeu o julgamento, pelo Plen\u00e1rio, de duas A\u00e7\u00f5es Direta de Inconstitucionalidade (ADIs 5659 e 1945) em que se discute a incid\u00eancia do Imposto sobre Opera\u00e7\u00f5es relativas \u00e0 Circula\u00e7\u00e3o de Mercadorias e Presta\u00e7\u00e3o de Servi\u00e7os de Transporte Interestadual e Intermunicipal e de Comunica\u00e7\u00e3o [&hellip;]<\/p>\n","protected":false},"author":3063,"featured_media":2365,"comment_status":"open","ping_status":"open","sticky":false,"template":"","format":"standard","meta":{"footnotes":""},"categories":[18,15],"tags":[32,31,42,30,29,213,9,12,16],"class_list":{"0":"post-7653","1":"post","2":"type-post","3":"status-publish","4":"format-standard","5":"has-post-thumbnail","7":"category-tributario","8":"category-stf","9":"tag-calculos-judiciais","10":"tag-calculos-tributarios","11":"tag-direito-tributario","12":"tag-divida-ativa","13":"tag-fazenda-publica","14":"tag-imposto","15":"tag-pericia","16":"tag-perito","17":"tag-stf"},"yoast_head":"<!-- This site is optimized with the Yoast SEO plugin v27.2 - https:\/\/yoast.com\/product\/yoast-seo-wordpress\/ -->\n<title>STF: Suspenso julgamento de a\u00e7\u00f5es que discutem a incid\u00eancia do ISS ou do ICMS sobre o direito de uso de software | Portal de Not\u00edcias<\/title>\n<meta name=\"robots\" content=\"index, follow, max-snippet:-1, max-image-preview:large, max-video-preview:-1\" \/>\n<link rel=\"canonical\" href=\"http:\/\/www.stf.jus.br\/portal\/cms\/verNoticiaDetalhe.asp?idConteudo=454692\" \/>\n<meta property=\"og:locale\" content=\"pt_BR\" \/>\n<meta property=\"og:type\" content=\"article\" \/>\n<meta property=\"og:title\" content=\"STF: Suspenso julgamento de a\u00e7\u00f5es que discutem a incid\u00eancia do ISS ou do ICMS sobre o direito de uso de software | Portal de Not\u00edcias\" \/>\n<meta property=\"og:description\" content=\"Pedido de vista do ministro Luiz Fux, presidente do Supremo Tribunal Federal (STF), suspendeu o julgamento, pelo Plen\u00e1rio, de duas A\u00e7\u00f5es Direta de Inconstitucionalidade (ADIs 5659 e 1945) em que se discute a incid\u00eancia do Imposto sobre Opera\u00e7\u00f5es relativas \u00e0 Circula\u00e7\u00e3o de Mercadorias e Presta\u00e7\u00e3o de Servi\u00e7os de Transporte Interestadual e Intermunicipal e de Comunica\u00e7\u00e3o [&hellip;]\" \/>\n<meta property=\"og:url\" content=\"http:\/\/www.stf.jus.br\/portal\/cms\/verNoticiaDetalhe.asp?idConteudo=454692\" \/>\n<meta property=\"og:site_name\" content=\"Portal de Not\u00edcias\" \/>\n<meta property=\"article:published_time\" content=\"2020-11-05T23:05:22+00:00\" \/>\n<meta property=\"article:modified_time\" content=\"2021-07-28T17:28:39+00:00\" \/>\n<meta property=\"og:image\" content=\"https:\/\/mhcalculos.com.br\/noticias\/wp-content\/uploads\/sites\/2\/2018\/06\/judiciario-0028.jpg\" \/>\n\t<meta property=\"og:image:width\" content=\"2000\" \/>\n\t<meta property=\"og:image:height\" content=\"800\" \/>\n\t<meta property=\"og:image:type\" content=\"image\/jpeg\" \/>\n<meta name=\"author\" content=\"Equipe MH\" \/>\n<meta name=\"twitter:card\" content=\"summary_large_image\" \/>\n<meta name=\"twitter:label1\" content=\"Escrito por\" \/>\n\t<meta name=\"twitter:data1\" content=\"Equipe MH\" \/>\n\t<meta name=\"twitter:label2\" content=\"Est. tempo de leitura\" \/>\n\t<meta name=\"twitter:data2\" content=\"3 minutos\" \/>\n<script type=\"application\/ld+json\" class=\"yoast-schema-graph\">{\"@context\":\"https:\/\/schema.org\",\"@graph\":[{\"@type\":\"Article\",\"@id\":\"http:\/\/www.stf.jus.br\/portal\/cms\/verNoticiaDetalhe.asp?idConteudo=454692#article\",\"isPartOf\":{\"@id\":\"https:\/\/mhcalculos.com.br\/noticias\/tribunais\/stf\/stf-suspenso-julgamento-de-acoes-que-discutem-a-incidencia-do-iss-ou-do-icms-sobre-o-direito-de-uso-de-software.html\"},\"author\":{\"name\":\"Equipe MH\",\"@id\":\"https:\/\/mhcalculos.com.br\/noticias\/#\/schema\/person\/88d1c34bf72dc779ea14a5a6b8e0ae8d\"},\"headline\":\"STF: Suspenso julgamento de a\u00e7\u00f5es que discutem a incid\u00eancia do ISS ou do ICMS sobre o direito de uso de software\",\"datePublished\":\"2020-11-05T23:05:22+00:00\",\"dateModified\":\"2021-07-28T17:28:39+00:00\",\"mainEntityOfPage\":{\"@id\":\"https:\/\/mhcalculos.com.br\/noticias\/tribunais\/stf\/stf-suspenso-julgamento-de-acoes-que-discutem-a-incidencia-do-iss-ou-do-icms-sobre-o-direito-de-uso-de-software.html\"},\"wordCount\":656,\"commentCount\":0,\"image\":{\"@id\":\"http:\/\/www.stf.jus.br\/portal\/cms\/verNoticiaDetalhe.asp?idConteudo=454692#primaryimage\"},\"thumbnailUrl\":\"https:\/\/mhcalculos.com.br\/noticias\/wp-content\/uploads\/sites\/2\/2018\/06\/judiciario-0028.jpg\",\"keywords\":[\"c\u00e1lculos judiciais\",\"c\u00e1lculos tribut\u00e1rios\",\"direito tribut\u00e1rio\",\"d\u00edvida ativa\",\"fazenda p\u00fablica\",\"Imposto\",\"per\u00edcia\",\"perito\",\"stf\"],\"articleSection\":[\"Direito Tribut\u00e1rio\",\"STF\"],\"inLanguage\":\"pt-BR\",\"potentialAction\":[{\"@type\":\"CommentAction\",\"name\":\"Comment\",\"target\":[\"http:\/\/www.stf.jus.br\/portal\/cms\/verNoticiaDetalhe.asp?idConteudo=454692#respond\"]}]},{\"@type\":\"WebPage\",\"@id\":\"https:\/\/mhcalculos.com.br\/noticias\/tribunais\/stf\/stf-suspenso-julgamento-de-acoes-que-discutem-a-incidencia-do-iss-ou-do-icms-sobre-o-direito-de-uso-de-software.html\",\"url\":\"http:\/\/www.stf.jus.br\/portal\/cms\/verNoticiaDetalhe.asp?idConteudo=454692\",\"name\":\"STF: Suspenso julgamento de a\u00e7\u00f5es que discutem a incid\u00eancia do ISS ou do ICMS sobre o direito de uso de software | Portal de Not\u00edcias\",\"isPartOf\":{\"@id\":\"https:\/\/mhcalculos.com.br\/noticias\/#website\"},\"primaryImageOfPage\":{\"@id\":\"http:\/\/www.stf.jus.br\/portal\/cms\/verNoticiaDetalhe.asp?idConteudo=454692#primaryimage\"},\"image\":{\"@id\":\"http:\/\/www.stf.jus.br\/portal\/cms\/verNoticiaDetalhe.asp?idConteudo=454692#primaryimage\"},\"thumbnailUrl\":\"https:\/\/mhcalculos.com.br\/noticias\/wp-content\/uploads\/sites\/2\/2018\/06\/judiciario-0028.jpg\",\"datePublished\":\"2020-11-05T23:05:22+00:00\",\"dateModified\":\"2021-07-28T17:28:39+00:00\",\"author\":{\"@id\":\"https:\/\/mhcalculos.com.br\/noticias\/#\/schema\/person\/88d1c34bf72dc779ea14a5a6b8e0ae8d\"},\"breadcrumb\":{\"@id\":\"http:\/\/www.stf.jus.br\/portal\/cms\/verNoticiaDetalhe.asp?idConteudo=454692#breadcrumb\"},\"inLanguage\":\"pt-BR\",\"potentialAction\":[{\"@type\":\"ReadAction\",\"target\":[\"http:\/\/www.stf.jus.br\/portal\/cms\/verNoticiaDetalhe.asp?idConteudo=454692\"]}]},{\"@type\":\"ImageObject\",\"inLanguage\":\"pt-BR\",\"@id\":\"http:\/\/www.stf.jus.br\/portal\/cms\/verNoticiaDetalhe.asp?idConteudo=454692#primaryimage\",\"url\":\"https:\/\/mhcalculos.com.br\/noticias\/wp-content\/uploads\/sites\/2\/2018\/06\/judiciario-0028.jpg\",\"contentUrl\":\"https:\/\/mhcalculos.com.br\/noticias\/wp-content\/uploads\/sites\/2\/2018\/06\/judiciario-0028.jpg\",\"width\":2000,\"height\":800},{\"@type\":\"BreadcrumbList\",\"@id\":\"http:\/\/www.stf.jus.br\/portal\/cms\/verNoticiaDetalhe.asp?idConteudo=454692#breadcrumb\",\"itemListElement\":[{\"@type\":\"ListItem\",\"position\":1,\"name\":\"In\u00edcio\",\"item\":\"https:\/\/mhcalculos.com.br\/noticias\/\"},{\"@type\":\"ListItem\",\"position\":2,\"name\":\"STF: Suspenso julgamento de a\u00e7\u00f5es que discutem a incid\u00eancia do ISS ou do ICMS sobre o direito de uso de software\"}]},{\"@type\":\"WebSite\",\"@id\":\"https:\/\/mhcalculos.com.br\/noticias\/#website\",\"url\":\"https:\/\/mhcalculos.com.br\/noticias\/\",\"name\":\"Portal de Not\u00edcias\",\"description\":\"Not\u00edcias e Jurisprud\u00eancia\",\"potentialAction\":[{\"@type\":\"SearchAction\",\"target\":{\"@type\":\"EntryPoint\",\"urlTemplate\":\"https:\/\/mhcalculos.com.br\/noticias\/?s={search_term_string}\"},\"query-input\":{\"@type\":\"PropertyValueSpecification\",\"valueRequired\":true,\"valueName\":\"search_term_string\"}}],\"inLanguage\":\"pt-BR\"},{\"@type\":\"Person\",\"@id\":\"https:\/\/mhcalculos.com.br\/noticias\/#\/schema\/person\/88d1c34bf72dc779ea14a5a6b8e0ae8d\",\"name\":\"Equipe MH\",\"image\":{\"@type\":\"ImageObject\",\"inLanguage\":\"pt-BR\",\"@id\":\"https:\/\/secure.gravatar.com\/avatar\/de1c686c2ecc9c5a3f327e3431d819eb39f8f05d4e1045f5a1caad6daaba987f?s=96&d=mm&r=g\",\"url\":\"https:\/\/secure.gravatar.com\/avatar\/de1c686c2ecc9c5a3f327e3431d819eb39f8f05d4e1045f5a1caad6daaba987f?s=96&d=mm&r=g\",\"contentUrl\":\"https:\/\/secure.gravatar.com\/avatar\/de1c686c2ecc9c5a3f327e3431d819eb39f8f05d4e1045f5a1caad6daaba987f?s=96&d=mm&r=g\",\"caption\":\"Equipe MH\"}}]}<\/script>\n<!-- \/ Yoast SEO plugin. -->","yoast_head_json":{"title":"STF: Suspenso julgamento de a\u00e7\u00f5es que discutem a incid\u00eancia do ISS ou do ICMS sobre o direito de uso de software | Portal de Not\u00edcias","robots":{"index":"index","follow":"follow","max-snippet":"max-snippet:-1","max-image-preview":"max-image-preview:large","max-video-preview":"max-video-preview:-1"},"canonical":"http:\/\/www.stf.jus.br\/portal\/cms\/verNoticiaDetalhe.asp?idConteudo=454692","og_locale":"pt_BR","og_type":"article","og_title":"STF: Suspenso julgamento de a\u00e7\u00f5es que discutem a incid\u00eancia do ISS ou do ICMS sobre o direito de uso de software | Portal de Not\u00edcias","og_description":"Pedido de vista do ministro Luiz Fux, presidente do Supremo Tribunal Federal (STF), suspendeu o julgamento, pelo Plen\u00e1rio, de duas A\u00e7\u00f5es Direta de Inconstitucionalidade (ADIs 5659 e 1945) em que se discute a incid\u00eancia do Imposto sobre Opera\u00e7\u00f5es relativas \u00e0 Circula\u00e7\u00e3o de Mercadorias e Presta\u00e7\u00e3o de Servi\u00e7os de Transporte Interestadual e Intermunicipal e de Comunica\u00e7\u00e3o [&hellip;]","og_url":"http:\/\/www.stf.jus.br\/portal\/cms\/verNoticiaDetalhe.asp?idConteudo=454692","og_site_name":"Portal de Not\u00edcias","article_published_time":"2020-11-05T23:05:22+00:00","article_modified_time":"2021-07-28T17:28:39+00:00","og_image":[{"width":2000,"height":800,"url":"https:\/\/mhcalculos.com.br\/noticias\/wp-content\/uploads\/sites\/2\/2018\/06\/judiciario-0028.jpg","type":"image\/jpeg"}],"author":"Equipe MH","twitter_card":"summary_large_image","twitter_misc":{"Escrito por":"Equipe MH","Est. tempo de leitura":"3 minutos"},"schema":{"@context":"https:\/\/schema.org","@graph":[{"@type":"Article","@id":"http:\/\/www.stf.jus.br\/portal\/cms\/verNoticiaDetalhe.asp?idConteudo=454692#article","isPartOf":{"@id":"https:\/\/mhcalculos.com.br\/noticias\/tribunais\/stf\/stf-suspenso-julgamento-de-acoes-que-discutem-a-incidencia-do-iss-ou-do-icms-sobre-o-direito-de-uso-de-software.html"},"author":{"name":"Equipe MH","@id":"https:\/\/mhcalculos.com.br\/noticias\/#\/schema\/person\/88d1c34bf72dc779ea14a5a6b8e0ae8d"},"headline":"STF: Suspenso julgamento de a\u00e7\u00f5es que discutem a incid\u00eancia do ISS ou do ICMS sobre o direito de uso de software","datePublished":"2020-11-05T23:05:22+00:00","dateModified":"2021-07-28T17:28:39+00:00","mainEntityOfPage":{"@id":"https:\/\/mhcalculos.com.br\/noticias\/tribunais\/stf\/stf-suspenso-julgamento-de-acoes-que-discutem-a-incidencia-do-iss-ou-do-icms-sobre-o-direito-de-uso-de-software.html"},"wordCount":656,"commentCount":0,"image":{"@id":"http:\/\/www.stf.jus.br\/portal\/cms\/verNoticiaDetalhe.asp?idConteudo=454692#primaryimage"},"thumbnailUrl":"https:\/\/mhcalculos.com.br\/noticias\/wp-content\/uploads\/sites\/2\/2018\/06\/judiciario-0028.jpg","keywords":["c\u00e1lculos judiciais","c\u00e1lculos tribut\u00e1rios","direito tribut\u00e1rio","d\u00edvida ativa","fazenda p\u00fablica","Imposto","per\u00edcia","perito","stf"],"articleSection":["Direito Tribut\u00e1rio","STF"],"inLanguage":"pt-BR","potentialAction":[{"@type":"CommentAction","name":"Comment","target":["http:\/\/www.stf.jus.br\/portal\/cms\/verNoticiaDetalhe.asp?idConteudo=454692#respond"]}]},{"@type":"WebPage","@id":"https:\/\/mhcalculos.com.br\/noticias\/tribunais\/stf\/stf-suspenso-julgamento-de-acoes-que-discutem-a-incidencia-do-iss-ou-do-icms-sobre-o-direito-de-uso-de-software.html","url":"http:\/\/www.stf.jus.br\/portal\/cms\/verNoticiaDetalhe.asp?idConteudo=454692","name":"STF: Suspenso julgamento de a\u00e7\u00f5es que discutem a incid\u00eancia do ISS ou do ICMS sobre o direito de uso de software | Portal de Not\u00edcias","isPartOf":{"@id":"https:\/\/mhcalculos.com.br\/noticias\/#website"},"primaryImageOfPage":{"@id":"http:\/\/www.stf.jus.br\/portal\/cms\/verNoticiaDetalhe.asp?idConteudo=454692#primaryimage"},"image":{"@id":"http:\/\/www.stf.jus.br\/portal\/cms\/verNoticiaDetalhe.asp?idConteudo=454692#primaryimage"},"thumbnailUrl":"https:\/\/mhcalculos.com.br\/noticias\/wp-content\/uploads\/sites\/2\/2018\/06\/judiciario-0028.jpg","datePublished":"2020-11-05T23:05:22+00:00","dateModified":"2021-07-28T17:28:39+00:00","author":{"@id":"https:\/\/mhcalculos.com.br\/noticias\/#\/schema\/person\/88d1c34bf72dc779ea14a5a6b8e0ae8d"},"breadcrumb":{"@id":"http:\/\/www.stf.jus.br\/portal\/cms\/verNoticiaDetalhe.asp?idConteudo=454692#breadcrumb"},"inLanguage":"pt-BR","potentialAction":[{"@type":"ReadAction","target":["http:\/\/www.stf.jus.br\/portal\/cms\/verNoticiaDetalhe.asp?idConteudo=454692"]}]},{"@type":"ImageObject","inLanguage":"pt-BR","@id":"http:\/\/www.stf.jus.br\/portal\/cms\/verNoticiaDetalhe.asp?idConteudo=454692#primaryimage","url":"https:\/\/mhcalculos.com.br\/noticias\/wp-content\/uploads\/sites\/2\/2018\/06\/judiciario-0028.jpg","contentUrl":"https:\/\/mhcalculos.com.br\/noticias\/wp-content\/uploads\/sites\/2\/2018\/06\/judiciario-0028.jpg","width":2000,"height":800},{"@type":"BreadcrumbList","@id":"http:\/\/www.stf.jus.br\/portal\/cms\/verNoticiaDetalhe.asp?idConteudo=454692#breadcrumb","itemListElement":[{"@type":"ListItem","position":1,"name":"In\u00edcio","item":"https:\/\/mhcalculos.com.br\/noticias\/"},{"@type":"ListItem","position":2,"name":"STF: Suspenso julgamento de a\u00e7\u00f5es que discutem a incid\u00eancia do ISS ou do ICMS sobre o direito de uso de software"}]},{"@type":"WebSite","@id":"https:\/\/mhcalculos.com.br\/noticias\/#website","url":"https:\/\/mhcalculos.com.br\/noticias\/","name":"Portal de Not\u00edcias","description":"Not\u00edcias e Jurisprud\u00eancia","potentialAction":[{"@type":"SearchAction","target":{"@type":"EntryPoint","urlTemplate":"https:\/\/mhcalculos.com.br\/noticias\/?s={search_term_string}"},"query-input":{"@type":"PropertyValueSpecification","valueRequired":true,"valueName":"search_term_string"}}],"inLanguage":"pt-BR"},{"@type":"Person","@id":"https:\/\/mhcalculos.com.br\/noticias\/#\/schema\/person\/88d1c34bf72dc779ea14a5a6b8e0ae8d","name":"Equipe MH","image":{"@type":"ImageObject","inLanguage":"pt-BR","@id":"https:\/\/secure.gravatar.com\/avatar\/de1c686c2ecc9c5a3f327e3431d819eb39f8f05d4e1045f5a1caad6daaba987f?s=96&d=mm&r=g","url":"https:\/\/secure.gravatar.com\/avatar\/de1c686c2ecc9c5a3f327e3431d819eb39f8f05d4e1045f5a1caad6daaba987f?s=96&d=mm&r=g","contentUrl":"https:\/\/secure.gravatar.com\/avatar\/de1c686c2ecc9c5a3f327e3431d819eb39f8f05d4e1045f5a1caad6daaba987f?s=96&d=mm&r=g","caption":"Equipe MH"}}]}},"_links":{"self":[{"href":"https:\/\/mhcalculos.com.br\/noticias\/wp-json\/wp\/v2\/posts\/7653","targetHints":{"allow":["GET"]}}],"collection":[{"href":"https:\/\/mhcalculos.com.br\/noticias\/wp-json\/wp\/v2\/posts"}],"about":[{"href":"https:\/\/mhcalculos.com.br\/noticias\/wp-json\/wp\/v2\/types\/post"}],"author":[{"embeddable":true,"href":"https:\/\/mhcalculos.com.br\/noticias\/wp-json\/wp\/v2\/users\/3063"}],"replies":[{"embeddable":true,"href":"https:\/\/mhcalculos.com.br\/noticias\/wp-json\/wp\/v2\/comments?post=7653"}],"version-history":[{"count":1,"href":"https:\/\/mhcalculos.com.br\/noticias\/wp-json\/wp\/v2\/posts\/7653\/revisions"}],"predecessor-version":[{"id":8740,"href":"https:\/\/mhcalculos.com.br\/noticias\/wp-json\/wp\/v2\/posts\/7653\/revisions\/8740"}],"wp:featuredmedia":[{"embeddable":true,"href":"https:\/\/mhcalculos.com.br\/noticias\/wp-json\/wp\/v2\/media\/2365"}],"wp:attachment":[{"href":"https:\/\/mhcalculos.com.br\/noticias\/wp-json\/wp\/v2\/media?parent=7653"}],"wp:term":[{"taxonomy":"category","embeddable":true,"href":"https:\/\/mhcalculos.com.br\/noticias\/wp-json\/wp\/v2\/categories?post=7653"},{"taxonomy":"post_tag","embeddable":true,"href":"https:\/\/mhcalculos.com.br\/noticias\/wp-json\/wp\/v2\/tags?post=7653"}],"curies":[{"name":"wp","href":"https:\/\/api.w.org\/{rel}","templated":true}]}}