{"id":7630,"date":"2020-10-27T19:05:51","date_gmt":"2020-10-27T22:05:51","guid":{"rendered":"https:\/\/mhcalculos.com.br\/noticias\/tribunais\/stf\/stf-empresa-optante-do-refis-nao-pode-ser-excluida-do-programa-sem-notificacao-previa.html"},"modified":"2021-07-28T14:28:42","modified_gmt":"2021-07-28T17:28:42","slug":"stf-empresa-optante-do-refis-nao-pode-ser-excluida-do-programa-sem-notificacao-previa","status":"publish","type":"post","link":"https:\/\/mhcalculos.com.br\/noticias\/tribunais\/stf\/stf-empresa-optante-do-refis-nao-pode-ser-excluida-do-programa-sem-notificacao-previa.html","title":{"rendered":"STF: Empresa optante do Refis n\u00e3o pode ser exclu\u00edda do programa sem notifica\u00e7\u00e3o pr\u00e9via"},"content":{"rendered":"<p><br \/>\n<\/p>\n<p>Por unanimidade, o Plen\u00e1rio do Supremo Tribunal Federal (STF) julgou inconstitucional a exclus\u00e3o de empresa participante do Programa de Recupera\u00e7\u00e3o Fiscal (Refis) sem que tenha havido notifica\u00e7\u00e3o pr\u00e9via oficial, por meio da internet ou do Di\u00e1rio Oficial. Na sess\u00e3o virtual encerrada em 23\/10, o Tribunal acompanhou o voto do relator, ministro Dias Toffoli, para negar provimento ao Recurso Extraordin\u00e1rio (RE) 669196, com repercuss\u00e3o geral (Tema 668 https:\/\/bit.ly\/3os5RP8).<\/p>\n<p>Na origem da controv\u00e9rsia, a Bonus Ind\u00fastria e Com\u00e9rcio de Confec\u00e7\u00f5es Ltda.  questionava a Resolu\u00e7\u00e3o CG\/REFIS 20\/2001, que revogou dispositivos de norma anterior que determinavam a notifica\u00e7\u00e3o do contribuinte antes da exclus\u00e3o do programa. A mudan\u00e7a foi considerada inconstitucional pelo Tribunal Regional Federal da 1&ordf; Regi\u00e3o (TRF-1).<\/p>\n<p>No RE, a Uni\u00e3o sustentava a desnecessidade do aviso pr\u00e9vio ao contribuinte sobre a exclus\u00e3o, pois a Lei 9.964\/2000, que instituiu o Refis, prev\u00ea, no artigo 5&ordm;, inciso II, que &ldquo;a pessoa jur\u00eddica optante pelo Refis ser\u00e1 dele exclu\u00edda na hip\u00f3tese de inadimpl\u00eancia, por tr\u00eas meses consecutivos ou seis meses alternados, o que primeiro ocorrer&quot;.<\/p>\n<p><b>Mudan\u00e7as<\/b><\/p>\n<p>Ao analisar o processo, o ministro Dias Toffoli observou que a resolu\u00e7\u00e3o anterior previa a abertura de um processo administrativo, com representa\u00e7\u00e3o fundamentada de servidor de unidades da Secretaria da Receita Federal (SRF), da Procuradoria-Geral da Fazenda Nacional (PGFN) ou do Instituto Nacional do Seguro Social (INSS). Tamb\u00e9m garantia a notifica\u00e7\u00e3o pr\u00e9via do contribuinte para, no prazo de 15 dias, manifestar-se sobre as irregularidades apontadas na representa\u00e7\u00e3o.<\/p>\n<p>Entretanto, com a nova reda\u00e7\u00e3o dada pela Resolu\u00e7\u00e3o 20, a notifica\u00e7\u00e3o pr\u00e9via foi suprimida, e o prazo de manifesta\u00e7\u00e3o de 15 dias \u00e9 concedido somente ap\u00f3s a publica\u00e7\u00e3o do ato de exclus\u00e3o, em inst\u00e2ncia \u00fanica, pela autoridade respons\u00e1vel pela retirada da empresa do Refis e sem possibilidade de conferir efeito suspensivo ao ato.<\/p>\n<p>Toffoli lembrou que a Segunda Turma do STF j\u00e1 se manifestou contrariamente \u00e0 Resolu\u00e7\u00e3o 20\/2001 do Comit\u00ea Gestor do Refis, ressaltando que a mera recomenda\u00e7\u00e3o de consulta do contribuinte \u00e0 rela\u00e7\u00e3o dos exclu\u00eddos dispon\u00edvel na internet n\u00e3o \u00e9 suficiente para cumprir os princ\u00edpios constitucionais que regem a administra\u00e7\u00e3o p\u00fablica.<\/p>\n<p><b>Devido processo administrativo<\/b><\/p>\n<p>Na avalia\u00e7\u00e3o do relator, o que est\u00e1 em jogo n\u00e3o \u00e9 o direito do contribuinte aos recursos inerentes ao ato de exclus\u00e3o do Refis, mas seu direito a um devido processo administrativo, com obrigatoriedade de notifica\u00e7\u00e3o pr\u00e9via e an\u00e1lise particularizada. &ldquo;A exclus\u00e3o restringe direitos patrimoniais do contribuinte, devendo ser dada ao interessado a oportunidade para exercer sua defesa&rdquo;, afirmou.<\/p>\n<p><b>Tese<\/b><\/p>\n<p>A tese de repercuss\u00e3o geral fixada foi a seguinte: &quot;\u00c9 inconstitucional o artigo 1&ordm; da Resolu\u00e7\u00e3o CG\/REFIS n&ordm; 20\/2001, no que suprimiu a notifica\u00e7\u00e3o da pessoa jur\u00eddica optante do Refis, pr\u00e9via ao ato de exclus\u00e3o&quot;.<\/p>\n<p><span style=\"font-size: smaller\">AR\/AS\/\/CF<\/span><\/p>\n<p>Leia mais:<\/p>\n<p>6\/9\/2013 &#8211; <a href=\"https:\/\/bit.ly\/2SWBqC1\" target=\"_blank\" rel=\"noopener noreferrer\">STF analisar\u00e1 validade da notifica\u00e7\u00e3o de exclus\u00e3o de contribuinte do Refis&nbsp;<\/a><\/p>\n<p>&nbsp;<\/p>\n<p><i>Com informa\u00e7\u00f5es da assessoria de imprensa do STF.<\/i><br \/>\n<br \/><a href=\"http:\/\/www.stf.jus.br\/portal\/cms\/verNoticiaDetalhe.asp?idConteudo=454169\">Fonte<\/a><br \/>\n<br \/><\/p>\n","protected":false},"excerpt":{"rendered":"<p>Por unanimidade, o Plen\u00e1rio do Supremo Tribunal Federal (STF) julgou inconstitucional a exclus\u00e3o de empresa participante do Programa de Recupera\u00e7\u00e3o Fiscal (Refis) sem que tenha havido notifica\u00e7\u00e3o pr\u00e9via oficial, por meio da internet ou do Di\u00e1rio Oficial. Na sess\u00e3o virtual encerrada em 23\/10, o Tribunal acompanhou o voto do relator, ministro Dias Toffoli, para negar [&hellip;]<\/p>\n","protected":false},"author":3063,"featured_media":2652,"comment_status":"open","ping_status":"open","sticky":false,"template":"","format":"standard","meta":{"footnotes":""},"categories":[18,15],"tags":[32,31,42,30,29,213,9,12,16],"class_list":{"0":"post-7630","1":"post","2":"type-post","3":"status-publish","4":"format-standard","5":"has-post-thumbnail","7":"category-tributario","8":"category-stf","9":"tag-calculos-judiciais","10":"tag-calculos-tributarios","11":"tag-direito-tributario","12":"tag-divida-ativa","13":"tag-fazenda-publica","14":"tag-imposto","15":"tag-pericia","16":"tag-perito","17":"tag-stf"},"yoast_head":"<!-- This site is optimized with the Yoast SEO plugin v27.2 - https:\/\/yoast.com\/product\/yoast-seo-wordpress\/ -->\n<title>STF: Empresa optante do Refis n\u00e3o pode ser exclu\u00edda do programa sem notifica\u00e7\u00e3o pr\u00e9via | Portal de Not\u00edcias<\/title>\n<meta name=\"robots\" content=\"index, follow, max-snippet:-1, max-image-preview:large, max-video-preview:-1\" \/>\n<link rel=\"canonical\" href=\"http:\/\/www.stf.jus.br\/portal\/cms\/verNoticiaDetalhe.asp?idConteudo=454169\" \/>\n<meta property=\"og:locale\" content=\"pt_BR\" \/>\n<meta property=\"og:type\" content=\"article\" \/>\n<meta property=\"og:title\" content=\"STF: Empresa optante do Refis n\u00e3o pode ser exclu\u00edda do programa sem notifica\u00e7\u00e3o pr\u00e9via | Portal de Not\u00edcias\" \/>\n<meta property=\"og:description\" content=\"Por unanimidade, o Plen\u00e1rio do Supremo Tribunal Federal (STF) julgou inconstitucional a exclus\u00e3o de empresa participante do Programa de Recupera\u00e7\u00e3o Fiscal (Refis) sem que tenha havido notifica\u00e7\u00e3o pr\u00e9via oficial, por meio da internet ou do Di\u00e1rio Oficial. Na sess\u00e3o virtual encerrada em 23\/10, o Tribunal acompanhou o voto do relator, ministro Dias Toffoli, para negar [&hellip;]\" \/>\n<meta property=\"og:url\" content=\"http:\/\/www.stf.jus.br\/portal\/cms\/verNoticiaDetalhe.asp?idConteudo=454169\" \/>\n<meta property=\"og:site_name\" content=\"Portal de Not\u00edcias\" \/>\n<meta property=\"article:published_time\" content=\"2020-10-27T22:05:51+00:00\" \/>\n<meta property=\"article:modified_time\" content=\"2021-07-28T17:28:42+00:00\" \/>\n<meta property=\"og:image\" content=\"https:\/\/mhcalculos.com.br\/noticias\/wp-content\/uploads\/sites\/2\/2018\/07\/judiciario-0012.jpg\" \/>\n\t<meta property=\"og:image:width\" content=\"2000\" \/>\n\t<meta property=\"og:image:height\" content=\"800\" \/>\n\t<meta property=\"og:image:type\" content=\"image\/jpeg\" \/>\n<meta name=\"author\" content=\"Equipe MH\" \/>\n<meta name=\"twitter:card\" content=\"summary_large_image\" \/>\n<meta name=\"twitter:label1\" content=\"Escrito por\" \/>\n\t<meta name=\"twitter:data1\" content=\"Equipe MH\" \/>\n\t<meta name=\"twitter:label2\" content=\"Est. tempo de leitura\" \/>\n\t<meta name=\"twitter:data2\" content=\"3 minutos\" \/>\n<script type=\"application\/ld+json\" class=\"yoast-schema-graph\">{\"@context\":\"https:\/\/schema.org\",\"@graph\":[{\"@type\":\"Article\",\"@id\":\"http:\/\/www.stf.jus.br\/portal\/cms\/verNoticiaDetalhe.asp?idConteudo=454169#article\",\"isPartOf\":{\"@id\":\"https:\/\/mhcalculos.com.br\/noticias\/tribunais\/stf\/stf-empresa-optante-do-refis-nao-pode-ser-excluida-do-programa-sem-notificacao-previa.html\"},\"author\":{\"name\":\"Equipe MH\",\"@id\":\"https:\/\/mhcalculos.com.br\/noticias\/#\/schema\/person\/88d1c34bf72dc779ea14a5a6b8e0ae8d\"},\"headline\":\"STF: Empresa optante do Refis n\u00e3o pode ser exclu\u00edda do programa sem notifica\u00e7\u00e3o pr\u00e9via\",\"datePublished\":\"2020-10-27T22:05:51+00:00\",\"dateModified\":\"2021-07-28T17:28:42+00:00\",\"mainEntityOfPage\":{\"@id\":\"https:\/\/mhcalculos.com.br\/noticias\/tribunais\/stf\/stf-empresa-optante-do-refis-nao-pode-ser-excluida-do-programa-sem-notificacao-previa.html\"},\"wordCount\":550,\"commentCount\":0,\"image\":{\"@id\":\"http:\/\/www.stf.jus.br\/portal\/cms\/verNoticiaDetalhe.asp?idConteudo=454169#primaryimage\"},\"thumbnailUrl\":\"https:\/\/mhcalculos.com.br\/noticias\/wp-content\/uploads\/sites\/2\/2018\/07\/judiciario-0012.jpg\",\"keywords\":[\"c\u00e1lculos judiciais\",\"c\u00e1lculos tribut\u00e1rios\",\"direito tribut\u00e1rio\",\"d\u00edvida ativa\",\"fazenda p\u00fablica\",\"Imposto\",\"per\u00edcia\",\"perito\",\"stf\"],\"articleSection\":[\"Direito Tribut\u00e1rio\",\"STF\"],\"inLanguage\":\"pt-BR\",\"potentialAction\":[{\"@type\":\"CommentAction\",\"name\":\"Comment\",\"target\":[\"http:\/\/www.stf.jus.br\/portal\/cms\/verNoticiaDetalhe.asp?idConteudo=454169#respond\"]}]},{\"@type\":\"WebPage\",\"@id\":\"https:\/\/mhcalculos.com.br\/noticias\/tribunais\/stf\/stf-empresa-optante-do-refis-nao-pode-ser-excluida-do-programa-sem-notificacao-previa.html\",\"url\":\"http:\/\/www.stf.jus.br\/portal\/cms\/verNoticiaDetalhe.asp?idConteudo=454169\",\"name\":\"STF: Empresa optante do Refis n\u00e3o pode ser exclu\u00edda do programa sem notifica\u00e7\u00e3o pr\u00e9via | Portal de Not\u00edcias\",\"isPartOf\":{\"@id\":\"https:\/\/mhcalculos.com.br\/noticias\/#website\"},\"primaryImageOfPage\":{\"@id\":\"http:\/\/www.stf.jus.br\/portal\/cms\/verNoticiaDetalhe.asp?idConteudo=454169#primaryimage\"},\"image\":{\"@id\":\"http:\/\/www.stf.jus.br\/portal\/cms\/verNoticiaDetalhe.asp?idConteudo=454169#primaryimage\"},\"thumbnailUrl\":\"https:\/\/mhcalculos.com.br\/noticias\/wp-content\/uploads\/sites\/2\/2018\/07\/judiciario-0012.jpg\",\"datePublished\":\"2020-10-27T22:05:51+00:00\",\"dateModified\":\"2021-07-28T17:28:42+00:00\",\"author\":{\"@id\":\"https:\/\/mhcalculos.com.br\/noticias\/#\/schema\/person\/88d1c34bf72dc779ea14a5a6b8e0ae8d\"},\"breadcrumb\":{\"@id\":\"http:\/\/www.stf.jus.br\/portal\/cms\/verNoticiaDetalhe.asp?idConteudo=454169#breadcrumb\"},\"inLanguage\":\"pt-BR\",\"potentialAction\":[{\"@type\":\"ReadAction\",\"target\":[\"http:\/\/www.stf.jus.br\/portal\/cms\/verNoticiaDetalhe.asp?idConteudo=454169\"]}]},{\"@type\":\"ImageObject\",\"inLanguage\":\"pt-BR\",\"@id\":\"http:\/\/www.stf.jus.br\/portal\/cms\/verNoticiaDetalhe.asp?idConteudo=454169#primaryimage\",\"url\":\"https:\/\/mhcalculos.com.br\/noticias\/wp-content\/uploads\/sites\/2\/2018\/07\/judiciario-0012.jpg\",\"contentUrl\":\"https:\/\/mhcalculos.com.br\/noticias\/wp-content\/uploads\/sites\/2\/2018\/07\/judiciario-0012.jpg\",\"width\":2000,\"height\":800},{\"@type\":\"BreadcrumbList\",\"@id\":\"http:\/\/www.stf.jus.br\/portal\/cms\/verNoticiaDetalhe.asp?idConteudo=454169#breadcrumb\",\"itemListElement\":[{\"@type\":\"ListItem\",\"position\":1,\"name\":\"In\u00edcio\",\"item\":\"https:\/\/mhcalculos.com.br\/noticias\/\"},{\"@type\":\"ListItem\",\"position\":2,\"name\":\"STF: Empresa optante do Refis n\u00e3o pode ser exclu\u00edda do programa sem notifica\u00e7\u00e3o pr\u00e9via\"}]},{\"@type\":\"WebSite\",\"@id\":\"https:\/\/mhcalculos.com.br\/noticias\/#website\",\"url\":\"https:\/\/mhcalculos.com.br\/noticias\/\",\"name\":\"Portal de Not\u00edcias\",\"description\":\"Not\u00edcias e Jurisprud\u00eancia\",\"potentialAction\":[{\"@type\":\"SearchAction\",\"target\":{\"@type\":\"EntryPoint\",\"urlTemplate\":\"https:\/\/mhcalculos.com.br\/noticias\/?s={search_term_string}\"},\"query-input\":{\"@type\":\"PropertyValueSpecification\",\"valueRequired\":true,\"valueName\":\"search_term_string\"}}],\"inLanguage\":\"pt-BR\"},{\"@type\":\"Person\",\"@id\":\"https:\/\/mhcalculos.com.br\/noticias\/#\/schema\/person\/88d1c34bf72dc779ea14a5a6b8e0ae8d\",\"name\":\"Equipe MH\",\"image\":{\"@type\":\"ImageObject\",\"inLanguage\":\"pt-BR\",\"@id\":\"https:\/\/secure.gravatar.com\/avatar\/de1c686c2ecc9c5a3f327e3431d819eb39f8f05d4e1045f5a1caad6daaba987f?s=96&d=mm&r=g\",\"url\":\"https:\/\/secure.gravatar.com\/avatar\/de1c686c2ecc9c5a3f327e3431d819eb39f8f05d4e1045f5a1caad6daaba987f?s=96&d=mm&r=g\",\"contentUrl\":\"https:\/\/secure.gravatar.com\/avatar\/de1c686c2ecc9c5a3f327e3431d819eb39f8f05d4e1045f5a1caad6daaba987f?s=96&d=mm&r=g\",\"caption\":\"Equipe MH\"}}]}<\/script>\n<!-- \/ Yoast SEO plugin. -->","yoast_head_json":{"title":"STF: Empresa optante do Refis n\u00e3o pode ser exclu\u00edda do programa sem notifica\u00e7\u00e3o pr\u00e9via | Portal de Not\u00edcias","robots":{"index":"index","follow":"follow","max-snippet":"max-snippet:-1","max-image-preview":"max-image-preview:large","max-video-preview":"max-video-preview:-1"},"canonical":"http:\/\/www.stf.jus.br\/portal\/cms\/verNoticiaDetalhe.asp?idConteudo=454169","og_locale":"pt_BR","og_type":"article","og_title":"STF: Empresa optante do Refis n\u00e3o pode ser exclu\u00edda do programa sem notifica\u00e7\u00e3o pr\u00e9via | Portal de Not\u00edcias","og_description":"Por unanimidade, o Plen\u00e1rio do Supremo Tribunal Federal (STF) julgou inconstitucional a exclus\u00e3o de empresa participante do Programa de Recupera\u00e7\u00e3o Fiscal (Refis) sem que tenha havido notifica\u00e7\u00e3o pr\u00e9via oficial, por meio da internet ou do Di\u00e1rio Oficial. Na sess\u00e3o virtual encerrada em 23\/10, o Tribunal acompanhou o voto do relator, ministro Dias Toffoli, para negar [&hellip;]","og_url":"http:\/\/www.stf.jus.br\/portal\/cms\/verNoticiaDetalhe.asp?idConteudo=454169","og_site_name":"Portal de Not\u00edcias","article_published_time":"2020-10-27T22:05:51+00:00","article_modified_time":"2021-07-28T17:28:42+00:00","og_image":[{"width":2000,"height":800,"url":"https:\/\/mhcalculos.com.br\/noticias\/wp-content\/uploads\/sites\/2\/2018\/07\/judiciario-0012.jpg","type":"image\/jpeg"}],"author":"Equipe MH","twitter_card":"summary_large_image","twitter_misc":{"Escrito por":"Equipe MH","Est. tempo de leitura":"3 minutos"},"schema":{"@context":"https:\/\/schema.org","@graph":[{"@type":"Article","@id":"http:\/\/www.stf.jus.br\/portal\/cms\/verNoticiaDetalhe.asp?idConteudo=454169#article","isPartOf":{"@id":"https:\/\/mhcalculos.com.br\/noticias\/tribunais\/stf\/stf-empresa-optante-do-refis-nao-pode-ser-excluida-do-programa-sem-notificacao-previa.html"},"author":{"name":"Equipe MH","@id":"https:\/\/mhcalculos.com.br\/noticias\/#\/schema\/person\/88d1c34bf72dc779ea14a5a6b8e0ae8d"},"headline":"STF: Empresa optante do Refis n\u00e3o pode ser exclu\u00edda do programa sem notifica\u00e7\u00e3o pr\u00e9via","datePublished":"2020-10-27T22:05:51+00:00","dateModified":"2021-07-28T17:28:42+00:00","mainEntityOfPage":{"@id":"https:\/\/mhcalculos.com.br\/noticias\/tribunais\/stf\/stf-empresa-optante-do-refis-nao-pode-ser-excluida-do-programa-sem-notificacao-previa.html"},"wordCount":550,"commentCount":0,"image":{"@id":"http:\/\/www.stf.jus.br\/portal\/cms\/verNoticiaDetalhe.asp?idConteudo=454169#primaryimage"},"thumbnailUrl":"https:\/\/mhcalculos.com.br\/noticias\/wp-content\/uploads\/sites\/2\/2018\/07\/judiciario-0012.jpg","keywords":["c\u00e1lculos judiciais","c\u00e1lculos tribut\u00e1rios","direito tribut\u00e1rio","d\u00edvida ativa","fazenda p\u00fablica","Imposto","per\u00edcia","perito","stf"],"articleSection":["Direito Tribut\u00e1rio","STF"],"inLanguage":"pt-BR","potentialAction":[{"@type":"CommentAction","name":"Comment","target":["http:\/\/www.stf.jus.br\/portal\/cms\/verNoticiaDetalhe.asp?idConteudo=454169#respond"]}]},{"@type":"WebPage","@id":"https:\/\/mhcalculos.com.br\/noticias\/tribunais\/stf\/stf-empresa-optante-do-refis-nao-pode-ser-excluida-do-programa-sem-notificacao-previa.html","url":"http:\/\/www.stf.jus.br\/portal\/cms\/verNoticiaDetalhe.asp?idConteudo=454169","name":"STF: Empresa optante do Refis n\u00e3o pode ser exclu\u00edda do programa sem notifica\u00e7\u00e3o pr\u00e9via | Portal de Not\u00edcias","isPartOf":{"@id":"https:\/\/mhcalculos.com.br\/noticias\/#website"},"primaryImageOfPage":{"@id":"http:\/\/www.stf.jus.br\/portal\/cms\/verNoticiaDetalhe.asp?idConteudo=454169#primaryimage"},"image":{"@id":"http:\/\/www.stf.jus.br\/portal\/cms\/verNoticiaDetalhe.asp?idConteudo=454169#primaryimage"},"thumbnailUrl":"https:\/\/mhcalculos.com.br\/noticias\/wp-content\/uploads\/sites\/2\/2018\/07\/judiciario-0012.jpg","datePublished":"2020-10-27T22:05:51+00:00","dateModified":"2021-07-28T17:28:42+00:00","author":{"@id":"https:\/\/mhcalculos.com.br\/noticias\/#\/schema\/person\/88d1c34bf72dc779ea14a5a6b8e0ae8d"},"breadcrumb":{"@id":"http:\/\/www.stf.jus.br\/portal\/cms\/verNoticiaDetalhe.asp?idConteudo=454169#breadcrumb"},"inLanguage":"pt-BR","potentialAction":[{"@type":"ReadAction","target":["http:\/\/www.stf.jus.br\/portal\/cms\/verNoticiaDetalhe.asp?idConteudo=454169"]}]},{"@type":"ImageObject","inLanguage":"pt-BR","@id":"http:\/\/www.stf.jus.br\/portal\/cms\/verNoticiaDetalhe.asp?idConteudo=454169#primaryimage","url":"https:\/\/mhcalculos.com.br\/noticias\/wp-content\/uploads\/sites\/2\/2018\/07\/judiciario-0012.jpg","contentUrl":"https:\/\/mhcalculos.com.br\/noticias\/wp-content\/uploads\/sites\/2\/2018\/07\/judiciario-0012.jpg","width":2000,"height":800},{"@type":"BreadcrumbList","@id":"http:\/\/www.stf.jus.br\/portal\/cms\/verNoticiaDetalhe.asp?idConteudo=454169#breadcrumb","itemListElement":[{"@type":"ListItem","position":1,"name":"In\u00edcio","item":"https:\/\/mhcalculos.com.br\/noticias\/"},{"@type":"ListItem","position":2,"name":"STF: Empresa optante do Refis n\u00e3o pode ser exclu\u00edda do programa sem notifica\u00e7\u00e3o pr\u00e9via"}]},{"@type":"WebSite","@id":"https:\/\/mhcalculos.com.br\/noticias\/#website","url":"https:\/\/mhcalculos.com.br\/noticias\/","name":"Portal de Not\u00edcias","description":"Not\u00edcias e Jurisprud\u00eancia","potentialAction":[{"@type":"SearchAction","target":{"@type":"EntryPoint","urlTemplate":"https:\/\/mhcalculos.com.br\/noticias\/?s={search_term_string}"},"query-input":{"@type":"PropertyValueSpecification","valueRequired":true,"valueName":"search_term_string"}}],"inLanguage":"pt-BR"},{"@type":"Person","@id":"https:\/\/mhcalculos.com.br\/noticias\/#\/schema\/person\/88d1c34bf72dc779ea14a5a6b8e0ae8d","name":"Equipe MH","image":{"@type":"ImageObject","inLanguage":"pt-BR","@id":"https:\/\/secure.gravatar.com\/avatar\/de1c686c2ecc9c5a3f327e3431d819eb39f8f05d4e1045f5a1caad6daaba987f?s=96&d=mm&r=g","url":"https:\/\/secure.gravatar.com\/avatar\/de1c686c2ecc9c5a3f327e3431d819eb39f8f05d4e1045f5a1caad6daaba987f?s=96&d=mm&r=g","contentUrl":"https:\/\/secure.gravatar.com\/avatar\/de1c686c2ecc9c5a3f327e3431d819eb39f8f05d4e1045f5a1caad6daaba987f?s=96&d=mm&r=g","caption":"Equipe MH"}}]}},"_links":{"self":[{"href":"https:\/\/mhcalculos.com.br\/noticias\/wp-json\/wp\/v2\/posts\/7630","targetHints":{"allow":["GET"]}}],"collection":[{"href":"https:\/\/mhcalculos.com.br\/noticias\/wp-json\/wp\/v2\/posts"}],"about":[{"href":"https:\/\/mhcalculos.com.br\/noticias\/wp-json\/wp\/v2\/types\/post"}],"author":[{"embeddable":true,"href":"https:\/\/mhcalculos.com.br\/noticias\/wp-json\/wp\/v2\/users\/3063"}],"replies":[{"embeddable":true,"href":"https:\/\/mhcalculos.com.br\/noticias\/wp-json\/wp\/v2\/comments?post=7630"}],"version-history":[{"count":1,"href":"https:\/\/mhcalculos.com.br\/noticias\/wp-json\/wp\/v2\/posts\/7630\/revisions"}],"predecessor-version":[{"id":8761,"href":"https:\/\/mhcalculos.com.br\/noticias\/wp-json\/wp\/v2\/posts\/7630\/revisions\/8761"}],"wp:featuredmedia":[{"embeddable":true,"href":"https:\/\/mhcalculos.com.br\/noticias\/wp-json\/wp\/v2\/media\/2652"}],"wp:attachment":[{"href":"https:\/\/mhcalculos.com.br\/noticias\/wp-json\/wp\/v2\/media?parent=7630"}],"wp:term":[{"taxonomy":"category","embeddable":true,"href":"https:\/\/mhcalculos.com.br\/noticias\/wp-json\/wp\/v2\/categories?post=7630"},{"taxonomy":"post_tag","embeddable":true,"href":"https:\/\/mhcalculos.com.br\/noticias\/wp-json\/wp\/v2\/tags?post=7630"}],"curies":[{"name":"wp","href":"https:\/\/api.w.org\/{rel}","templated":true}]}}