{"id":7627,"date":"2020-10-27T00:05:14","date_gmt":"2020-10-27T03:05:14","guid":{"rendered":"https:\/\/mhcalculos.com.br\/noticias\/area\/previdenciario\/trf4-tribunal-assina-cessao-de-uso-do-sei-com-seis-instituicoes-26-10-2020.html"},"modified":"2021-07-28T14:28:43","modified_gmt":"2021-07-28T17:28:43","slug":"trf4-tribunal-assina-cessao-de-uso-do-sei-com-seis-instituicoes-26-10-2020","status":"publish","type":"post","link":"https:\/\/mhcalculos.com.br\/noticias\/area\/previdenciario\/trf4-tribunal-assina-cessao-de-uso-do-sei-com-seis-instituicoes-26-10-2020.html","title":{"rendered":"TRF4: Tribunal&nbsp;assina cess\u00e3o de uso do SEI com seis institui\u00e7\u00f5es (26\/10\/2020)"},"content":{"rendered":"<p><br \/>\n<\/p>\n<p>Na tarde de hoje (26\/10), o Tribunal Regional Federal da 4\u00aa Regi\u00e3o (TRF4) assinou acordos de coopera\u00e7\u00e3o t\u00e9cnica para a cess\u00e3o do direito de uso do Sistema Eletr\u00f4nico de Informa\u00e7\u00f5es (SEI) com o Tribunal de Contas do Estado de Santa Catarina (TCE\/SC), a Assembleia Legislativa de Santa Catarina (Alesc), o Tribunal de Justi\u00e7a do Estado do Amazonas (TJAM), a Defensoria P\u00fablica do Estado de S\u00e3o Paulo (DPE\/SP), a Associa\u00e7\u00e3o dos Magistrados Brasileiros (AMB) e a Funda\u00e7\u00e3o de Previd\u00eancia Complementar do Servidor P\u00fablico Federal do Poder Executivo (Funpresp-Exec).<\/p>\n<p>O SEI \u00e9 um sistema de gest\u00e3o documental totalmente criado e desenvolvido por servidores da Justi\u00e7a Federal da 4\u00aa Regi\u00e3o em 2009. Cedido pelo TRF4 sem custos para outras institui\u00e7\u00f5es, o SEI permite transferir toda a gest\u00e3o de processos administrativos para o meio eletr\u00f4nico. Com a ferramenta, a tramita\u00e7\u00e3o de expedientes, desde a cria\u00e7\u00e3o, a edi\u00e7\u00e3o e a assinatura at\u00e9 o armazenamento, \u00e9 realizada em ambiente virtual. Atualmente, est\u00e1 em uso em mais de 400 \u00f3rg\u00e3os p\u00fablicos dos Poderes Executivo, Legislativo e Judici\u00e1rio, al\u00e9m de associa\u00e7\u00f5es e outras entidades.<\/p>\n<p>As assinaturas ocorreram em dois momentos: a primeira durante a sess\u00e3o ordin\u00e1ria telepresencial do TCE\/SC e a segunda em uma solenidade virtual conduzida pelo presidente do TRF4, desembargador federal Victor Luiz dos Santos Laus.<\/p>\n<p>Na sess\u00e3o presidida pelo TRF4, estiveram presentes o presidente da Alesc, deputado estadual Julio Garcia, o presidente do TJAM, desembargador Domingos Jorge Chalub Pereira, o defensor p\u00fablico-geral do Estado de SP, Florisvaldo Fiorentino J\u00fanior, a presidente da AMB, Renata Gil de Alc\u00e2ntara Videira, o diretor-presidente da Funpresp-Exec, Ricardo Pena, e o coordenador do Sistema SEI na 4\u00aa Regi\u00e3o, juiz federal Jos\u00e9 Luiz Luvizetto Terra.<\/p>\n<p><strong>Economia de tempo e recursos p\u00fablicos<\/strong><\/p>\n<p>Na abertura da cerim\u00f4nia, o presidente do TRF4 apontou que o SEI reduz o tempo de realiza\u00e7\u00e3o das atividades administrativas e possibilita o enxugamento dos fluxos de trabalho, al\u00e9m de promover a transpar\u00eancia e a atualiza\u00e7\u00e3o das informa\u00e7\u00f5es em tempo real. &ldquo;A economia do dinheiro p\u00fablico \u00e9 indiscut\u00edvel, pois cada \u00f3rg\u00e3o deixa de gastar valores m\u00e9dios equivalentes a R$ 5 milh\u00f5es, cada um, em programas privados que, n\u00e3o raro, n\u00e3o solucionam os problemas da administra\u00e7\u00e3o&rdquo;, disse.<\/p>\n<p>Segundo Laus, esse \u00e9 um sistema p\u00fablico preparado para absorver todas as demandas, com cess\u00e3o e manuten\u00e7\u00e3o gratuitas. &ldquo;O SEI inaugurou uma nova era da administra\u00e7\u00e3o p\u00fablica, agora solid\u00e1ria, respons\u00e1vel, sustent\u00e1vel e totalmente conectada&rdquo;, apontou.<\/p>\n<p><strong>Aux\u00edlio no controle externo de munic\u00edpios catarinenses<\/strong><\/p>\n<p>No come\u00e7o da tarde, o presidente do TRF4 participou da sess\u00e3o ordin\u00e1ria telepresencial do TCE\/SC, que teve in\u00edcio com o ato de formaliza\u00e7\u00e3o da assinatura do acordo de coopera\u00e7\u00e3o t\u00e9cnica para a cess\u00e3o do SEI para utiliza\u00e7\u00e3o em base \u00fanica. Assim, al\u00e9m do uso na gest\u00e3o do pr\u00f3prio Tribunal de Contas, a inten\u00e7\u00e3o \u00e9 disponibilizar a plataforma tamb\u00e9m para os 295 munic\u00edpios catarinenses, o que evita a necessidade de aquisi\u00e7\u00e3o de <em>softwares<\/em> de gest\u00e3o administrativa com recursos p\u00fablicos.<\/p>\n<p>Na solenidade, o conselheiro-presidente do TCE\/SC, Adirc\u00e9lio de Moraes Ferreira J\u00fanior, refor\u00e7ou que o acordo &ldquo;representa um avan\u00e7o no compartilhamento de recursos tecnol\u00f3gicos aplic\u00e1veis \u00e0s atividades de controle, atingindo <span style=\"background-color:white\"><span style=\"color:black\">a inova\u00e7\u00e3o, a economia do dinheiro p\u00fablico, a transpar\u00eancia administrativa, o compartilhamento do conhecimento produzido e a sustentabilidade&rdquo;. Ele argumentou que <\/span><\/span>&ldquo;a atividade de controle externo ser\u00e1 grandemente potencializada pela utiliza\u00e7\u00e3o dessa ferramenta&rdquo;.<\/p>\n<p>Por sua vez, Laus celebrou a possibilidade de cess\u00e3o para as prefeituras: &ldquo;A casa d\u00e1 um passo decisivo no sentido de aumentar sua capacidade operacional, ficando \u00e0 frente de uma base multi\u00f3rg\u00e3os, poder\u00e1 colocar \u00e0 disposi\u00e7\u00e3o de todos os munic\u00edpios catarinenses, multiplicando assim a capacidade de fiscalizar a utiliza\u00e7\u00e3o de recursos p\u00fablicos&rdquo;. &ldquo;A parceria ir\u00e1 permitir que os escassos recursos administrados pelos gestores municipais deixem de ser utilizados para o pagamento de sistemas privados e possam ser realocados para as \u00e1reas da sa\u00fade, educa\u00e7\u00e3o e seguran\u00e7a p\u00fablica, t\u00e3o vitais para a popula\u00e7\u00e3o&rdquo;, finalizou.<\/p>\n<p><strong>Administra\u00e7\u00e3o moderna, solid\u00e1ria e sustent\u00e1vel<\/strong><\/p>\n<p>O diretor-presidente da Funpresp-Exec, Ricardo Pena, afirmou que o SEI ir\u00e1 fazer muita diferen\u00e7a na funda\u00e7\u00e3o, que congrega mais de 100 milh\u00f5es de contribui\u00e7\u00f5es todo o ano e mobiliza milhares de intera\u00e7\u00f5es mensalmente ainda em papel. Por sua vez, a presidente da AMB, Renata Gil de Alc\u00e2ntara Videira, relatou que o sistema ir\u00e1 auxiliar no trabalho relacionado aos 14 mil magistrados representados pela Associa\u00e7\u00e3o. &ldquo;Cada vez mais, a administra\u00e7\u00e3o p\u00fablica precisa de inova\u00e7\u00f5es como essa&rdquo;, disse.<\/p>\n<p>O defensor p\u00fablico-geral do Estado de SP, Florisvaldo Fiorentino J\u00fanior, apontou o aumento de efici\u00eancia administrativa na tramita\u00e7\u00e3o de processos como fundamental para que as institui\u00e7\u00f5es p\u00fablicas prezem pela busca de um padr\u00e3o administrativo. Nesse sentido, o presidente do TJAM, desembargador Domingos Jorge Chalub Pereira, comemorou o avan\u00e7o tecnol\u00f3gico para o Tribunal, pois muda drasticamente a rotina, hoje ainda dependente do suporte em papel. &ldquo;\u00c9 um passo gigante para que o TJAM se integre \u00e0 modernidade e cumpra sua responsabilidade com o contribuinte, que \u00e9 o verdadeiro patr\u00e3o&rdquo;, resumiu.<\/p>\n<p>Por fim, o presidente da Alesc, Julio Garcia, argumentou que a plataforma ajuda a construir uma administra\u00e7\u00e3o tecnologicamente moderna, solid\u00e1ria e sustent\u00e1vel. &ldquo;Devemos acelerar o tempo de modernidade, de integra\u00e7\u00e3o e de respeito com os recursos p\u00fablicos. Na Alesc, viveremos outros tempos a partir de agora&rdquo;, concluiu.<\/p>\n<p><br \/>Cerim\u00f4nia ocorreu por plataforma virtual (Reprodu\u00e7\u00e3o\/Imprensa\/TRF4)<\/p>\n<p><img decoding=\"async\" data-src=\"https:\/\/www2.trf4.jus.br\/trf4\/upload\/editor\/dxa_sei-26-out-746.jpg\" title=\"\" alt=\"Solenidade formalizou assinatura do termo de cess\u00e3o\" style=\"width:800px\" src=\"data:image\/svg+xml;base64,PHN2ZyB3aWR0aD0iMSIgaGVpZ2h0PSIxIiB4bWxucz0iaHR0cDovL3d3dy53My5vcmcvMjAwMC9zdmciPjwvc3ZnPg==\" class=\"lazyload\" \/><br \/>Solenidade formalizou assinatura do termo de cess\u00e3o ()<\/p>\n<p><img decoding=\"async\" data-src=\"https:\/\/www2.trf4.jus.br\/trf4\/upload\/editor\/dxa_sei-26-out-759.jpg\" title=\"\" alt=\"Diretor-presidente da Funpresp, Ricardo Pena\" style=\"width:800px\" src=\"data:image\/svg+xml;base64,PHN2ZyB3aWR0aD0iMSIgaGVpZ2h0PSIxIiB4bWxucz0iaHR0cDovL3d3dy53My5vcmcvMjAwMC9zdmciPjwvc3ZnPg==\" class=\"lazyload\" \/><br \/>Diretor-presidente da Funpresp, Ricardo Pena ()<\/p>\n<p><img decoding=\"async\" data-src=\"https:\/\/www2.trf4.jus.br\/trf4\/upload\/editor\/dxa_sei-26-out-767.jpg\" title=\"\" alt=\"Presidente da AMB, Renata Gil de Alc\u00e2ntara Videira\" style=\"width:800px\" src=\"data:image\/svg+xml;base64,PHN2ZyB3aWR0aD0iMSIgaGVpZ2h0PSIxIiB4bWxucz0iaHR0cDovL3d3dy53My5vcmcvMjAwMC9zdmciPjwvc3ZnPg==\" class=\"lazyload\" \/><br \/>Presidente da AMB, Renata Gil de Alc\u00e2ntara Videira ()<\/p>\n<p><img decoding=\"async\" data-src=\"https:\/\/www2.trf4.jus.br\/trf4\/upload\/editor\/dxa_sei-26-out-773.jpg\" title=\"\" alt=\"Defensor p\u00fablico-geral do Estado de SP, Florisvaldo Fiorentino J\u00fanior\" style=\"width:800px\" src=\"data:image\/svg+xml;base64,PHN2ZyB3aWR0aD0iMSIgaGVpZ2h0PSIxIiB4bWxucz0iaHR0cDovL3d3dy53My5vcmcvMjAwMC9zdmciPjwvc3ZnPg==\" class=\"lazyload\" \/><br \/>Defensor p\u00fablico-geral do Estado de SP, Florisvaldo Fiorentino J\u00fanior ()<\/p>\n<p><img decoding=\"async\" data-src=\"https:\/\/www2.trf4.jus.br\/trf4\/upload\/editor\/dxa_sei-26-out-784.jpg\" title=\"\" alt=\"Presidente do TJAM, desembargador Domingos Jorge Chalub Pereira\" style=\"width:800px\" src=\"data:image\/svg+xml;base64,PHN2ZyB3aWR0aD0iMSIgaGVpZ2h0PSIxIiB4bWxucz0iaHR0cDovL3d3dy53My5vcmcvMjAwMC9zdmciPjwvc3ZnPg==\" class=\"lazyload\" \/><br \/>Presidente do TJAM, desembargador Domingos Jorge Chalub Pereira ()<\/p>\n<p><img decoding=\"async\" data-src=\"https:\/\/www2.trf4.jus.br\/trf4\/upload\/editor\/dxa_sei-26-out-804.jpg\" title=\"\" alt=\"Presidente da Alesc, Julio Garcia\" style=\"width:800px\" src=\"data:image\/svg+xml;base64,PHN2ZyB3aWR0aD0iMSIgaGVpZ2h0PSIxIiB4bWxucz0iaHR0cDovL3d3dy53My5vcmcvMjAwMC9zdmciPjwvc3ZnPg==\" class=\"lazyload\" \/><br \/>Presidente da Alesc, Julio Garcia ()<\/p>\n<p><img decoding=\"async\" data-src=\"https:\/\/www2.trf4.jus.br\/trf4\/upload\/editor\/dxa_tce-sc-697.jpg\" title=\"\" alt=\"Presidente do TRF4, Victor Luiz dos Santos Laus, participou da sess\u00e3o do TCE\/SC para a formaliza\u00e7\u00e3o do acordo\" style=\"width:800px\" src=\"data:image\/svg+xml;base64,PHN2ZyB3aWR0aD0iMSIgaGVpZ2h0PSIxIiB4bWxucz0iaHR0cDovL3d3dy53My5vcmcvMjAwMC9zdmciPjwvc3ZnPg==\" class=\"lazyload\" \/><br \/>Presidente do TRF4, Victor Luiz dos Santos Laus, participou da sess\u00e3o do TCE\/SC para a formaliza\u00e7\u00e3o do acordo ()<\/p>\n<p><i>Com informa\u00e7\u00f5es da assessoria de imprensa do TRF4.<\/i><br \/>\n<br \/><a href=\"http:\/\/www2.trf4.jus.br\/trf4\/controlador.php?acao=noticia_visualizar&#038;id_noticia=15524\">Fonte<\/a><br \/>\n<br \/><\/p>\n","protected":false},"excerpt":{"rendered":"<p>Na tarde de hoje (26\/10), o Tribunal Regional Federal da 4\u00aa Regi\u00e3o (TRF4) assinou acordos de coopera\u00e7\u00e3o t\u00e9cnica para a cess\u00e3o do direito de uso do Sistema Eletr\u00f4nico de Informa\u00e7\u00f5es (SEI) com o Tribunal de Contas do Estado de Santa Catarina (TCE\/SC), a Assembleia Legislativa de Santa Catarina (Alesc), o Tribunal de Justi\u00e7a do Estado [&hellip;]<\/p>\n","protected":false},"author":3063,"featured_media":2594,"comment_status":"open","ping_status":"open","sticky":false,"template":"","format":"standard","meta":{"footnotes":""},"categories":[5,6],"tags":[11,10,8,13,9,12,17],"class_list":{"0":"post-7627","1":"post","2":"type-post","3":"status-publish","4":"format-standard","5":"has-post-thumbnail","7":"category-previdenciario","8":"category-trf4","9":"tag-aposentadoria","10":"tag-calculos-previdenciarios","11":"tag-direito-previdenciario","12":"tag-inss","13":"tag-pericia","14":"tag-perito","15":"tag-trf4"},"yoast_head":"<!-- This site is optimized with the Yoast SEO plugin v27.2 - https:\/\/yoast.com\/product\/yoast-seo-wordpress\/ -->\n<title>TRF4: Tribunal&nbsp;assina cess\u00e3o de uso do SEI com seis institui\u00e7\u00f5es (26\/10\/2020) | Portal de Not\u00edcias<\/title>\n<meta name=\"robots\" content=\"index, follow, max-snippet:-1, max-image-preview:large, max-video-preview:-1\" \/>\n<link rel=\"canonical\" href=\"https:\/\/mhcalculos.com.br\/noticias\/area\/previdenciario\/trf4-tribunal-assina-cessao-de-uso-do-sei-com-seis-instituicoes-26-10-2020.html\" \/>\n<meta property=\"og:locale\" content=\"pt_BR\" \/>\n<meta property=\"og:type\" content=\"article\" \/>\n<meta property=\"og:title\" content=\"TRF4: Tribunal&nbsp;assina cess\u00e3o de uso do SEI com seis institui\u00e7\u00f5es (26\/10\/2020) | Portal de Not\u00edcias\" \/>\n<meta property=\"og:description\" content=\"Na tarde de hoje (26\/10), o Tribunal Regional Federal da 4\u00aa Regi\u00e3o (TRF4) assinou acordos de coopera\u00e7\u00e3o t\u00e9cnica para a cess\u00e3o do direito de uso do Sistema Eletr\u00f4nico de Informa\u00e7\u00f5es (SEI) com o Tribunal de Contas do Estado de Santa Catarina (TCE\/SC), a Assembleia Legislativa de Santa Catarina (Alesc), o Tribunal de Justi\u00e7a do Estado [&hellip;]\" \/>\n<meta property=\"og:url\" content=\"https:\/\/mhcalculos.com.br\/noticias\/area\/previdenciario\/trf4-tribunal-assina-cessao-de-uso-do-sei-com-seis-instituicoes-26-10-2020.html\" \/>\n<meta property=\"og:site_name\" content=\"Portal de Not\u00edcias\" \/>\n<meta property=\"article:published_time\" content=\"2020-10-27T03:05:14+00:00\" \/>\n<meta property=\"article:modified_time\" content=\"2021-07-28T17:28:43+00:00\" \/>\n<meta property=\"og:image\" content=\"https:\/\/mhcalculos.com.br\/noticias\/wp-content\/uploads\/sites\/2\/2018\/07\/judiciario-0032.jpg\" \/>\n\t<meta property=\"og:image:width\" content=\"2000\" \/>\n\t<meta property=\"og:image:height\" content=\"800\" \/>\n\t<meta property=\"og:image:type\" content=\"image\/jpeg\" \/>\n<meta name=\"author\" content=\"Equipe MH\" \/>\n<meta name=\"twitter:card\" content=\"summary_large_image\" \/>\n<meta name=\"twitter:label1\" content=\"Escrito por\" \/>\n\t<meta name=\"twitter:data1\" content=\"Equipe MH\" \/>\n\t<meta name=\"twitter:label2\" content=\"Est. tempo de leitura\" \/>\n\t<meta name=\"twitter:data2\" content=\"5 minutos\" \/>\n<script type=\"application\/ld+json\" class=\"yoast-schema-graph\">{\"@context\":\"https:\/\/schema.org\",\"@graph\":[{\"@type\":\"Article\",\"@id\":\"https:\/\/mhcalculos.com.br\/noticias\/area\/previdenciario\/trf4-tribunal-assina-cessao-de-uso-do-sei-com-seis-instituicoes-26-10-2020.html#article\",\"isPartOf\":{\"@id\":\"https:\/\/mhcalculos.com.br\/noticias\/area\/previdenciario\/trf4-tribunal-assina-cessao-de-uso-do-sei-com-seis-instituicoes-26-10-2020.html\"},\"author\":{\"name\":\"Equipe MH\",\"@id\":\"https:\/\/mhcalculos.com.br\/noticias\/#\/schema\/person\/88d1c34bf72dc779ea14a5a6b8e0ae8d\"},\"headline\":\"TRF4: Tribunal&nbsp;assina cess\u00e3o de uso do SEI com seis institui\u00e7\u00f5es (26\/10\/2020)\",\"datePublished\":\"2020-10-27T03:05:14+00:00\",\"dateModified\":\"2021-07-28T17:28:43+00:00\",\"mainEntityOfPage\":{\"@id\":\"https:\/\/mhcalculos.com.br\/noticias\/area\/previdenciario\/trf4-tribunal-assina-cessao-de-uso-do-sei-com-seis-instituicoes-26-10-2020.html\"},\"wordCount\":1082,\"commentCount\":0,\"image\":{\"@id\":\"https:\/\/mhcalculos.com.br\/noticias\/area\/previdenciario\/trf4-tribunal-assina-cessao-de-uso-do-sei-com-seis-instituicoes-26-10-2020.html#primaryimage\"},\"thumbnailUrl\":\"https:\/\/mhcalculos.com.br\/noticias\/wp-content\/uploads\/sites\/2\/2018\/07\/judiciario-0032.jpg\",\"keywords\":[\"aposentadoria\",\"c\u00e1lculos previdenci\u00e1rios\",\"direito previdenci\u00e1rio\",\"inss\",\"per\u00edcia\",\"perito\",\"trf4\"],\"articleSection\":[\"Direito Previdenci\u00e1rio\",\"TRF4\"],\"inLanguage\":\"pt-BR\",\"potentialAction\":[{\"@type\":\"CommentAction\",\"name\":\"Comment\",\"target\":[\"https:\/\/mhcalculos.com.br\/noticias\/area\/previdenciario\/trf4-tribunal-assina-cessao-de-uso-do-sei-com-seis-instituicoes-26-10-2020.html#respond\"]}]},{\"@type\":\"WebPage\",\"@id\":\"https:\/\/mhcalculos.com.br\/noticias\/area\/previdenciario\/trf4-tribunal-assina-cessao-de-uso-do-sei-com-seis-instituicoes-26-10-2020.html\",\"url\":\"https:\/\/mhcalculos.com.br\/noticias\/area\/previdenciario\/trf4-tribunal-assina-cessao-de-uso-do-sei-com-seis-instituicoes-26-10-2020.html\",\"name\":\"TRF4: Tribunal&nbsp;assina cess\u00e3o de uso do SEI com seis institui\u00e7\u00f5es (26\/10\/2020) | Portal de Not\u00edcias\",\"isPartOf\":{\"@id\":\"https:\/\/mhcalculos.com.br\/noticias\/#website\"},\"primaryImageOfPage\":{\"@id\":\"https:\/\/mhcalculos.com.br\/noticias\/area\/previdenciario\/trf4-tribunal-assina-cessao-de-uso-do-sei-com-seis-instituicoes-26-10-2020.html#primaryimage\"},\"image\":{\"@id\":\"https:\/\/mhcalculos.com.br\/noticias\/area\/previdenciario\/trf4-tribunal-assina-cessao-de-uso-do-sei-com-seis-instituicoes-26-10-2020.html#primaryimage\"},\"thumbnailUrl\":\"https:\/\/mhcalculos.com.br\/noticias\/wp-content\/uploads\/sites\/2\/2018\/07\/judiciario-0032.jpg\",\"datePublished\":\"2020-10-27T03:05:14+00:00\",\"dateModified\":\"2021-07-28T17:28:43+00:00\",\"author\":{\"@id\":\"https:\/\/mhcalculos.com.br\/noticias\/#\/schema\/person\/88d1c34bf72dc779ea14a5a6b8e0ae8d\"},\"breadcrumb\":{\"@id\":\"https:\/\/mhcalculos.com.br\/noticias\/area\/previdenciario\/trf4-tribunal-assina-cessao-de-uso-do-sei-com-seis-instituicoes-26-10-2020.html#breadcrumb\"},\"inLanguage\":\"pt-BR\",\"potentialAction\":[{\"@type\":\"ReadAction\",\"target\":[\"https:\/\/mhcalculos.com.br\/noticias\/area\/previdenciario\/trf4-tribunal-assina-cessao-de-uso-do-sei-com-seis-instituicoes-26-10-2020.html\"]}]},{\"@type\":\"ImageObject\",\"inLanguage\":\"pt-BR\",\"@id\":\"https:\/\/mhcalculos.com.br\/noticias\/area\/previdenciario\/trf4-tribunal-assina-cessao-de-uso-do-sei-com-seis-instituicoes-26-10-2020.html#primaryimage\",\"url\":\"https:\/\/mhcalculos.com.br\/noticias\/wp-content\/uploads\/sites\/2\/2018\/07\/judiciario-0032.jpg\",\"contentUrl\":\"https:\/\/mhcalculos.com.br\/noticias\/wp-content\/uploads\/sites\/2\/2018\/07\/judiciario-0032.jpg\",\"width\":2000,\"height\":800},{\"@type\":\"BreadcrumbList\",\"@id\":\"https:\/\/mhcalculos.com.br\/noticias\/area\/previdenciario\/trf4-tribunal-assina-cessao-de-uso-do-sei-com-seis-instituicoes-26-10-2020.html#breadcrumb\",\"itemListElement\":[{\"@type\":\"ListItem\",\"position\":1,\"name\":\"In\u00edcio\",\"item\":\"https:\/\/mhcalculos.com.br\/noticias\/\"},{\"@type\":\"ListItem\",\"position\":2,\"name\":\"TRF4: Tribunal&nbsp;assina cess\u00e3o de uso do SEI com seis institui\u00e7\u00f5es (26\/10\/2020)\"}]},{\"@type\":\"WebSite\",\"@id\":\"https:\/\/mhcalculos.com.br\/noticias\/#website\",\"url\":\"https:\/\/mhcalculos.com.br\/noticias\/\",\"name\":\"Portal de Not\u00edcias\",\"description\":\"Not\u00edcias e Jurisprud\u00eancia\",\"potentialAction\":[{\"@type\":\"SearchAction\",\"target\":{\"@type\":\"EntryPoint\",\"urlTemplate\":\"https:\/\/mhcalculos.com.br\/noticias\/?s={search_term_string}\"},\"query-input\":{\"@type\":\"PropertyValueSpecification\",\"valueRequired\":true,\"valueName\":\"search_term_string\"}}],\"inLanguage\":\"pt-BR\"},{\"@type\":\"Person\",\"@id\":\"https:\/\/mhcalculos.com.br\/noticias\/#\/schema\/person\/88d1c34bf72dc779ea14a5a6b8e0ae8d\",\"name\":\"Equipe MH\",\"image\":{\"@type\":\"ImageObject\",\"inLanguage\":\"pt-BR\",\"@id\":\"https:\/\/secure.gravatar.com\/avatar\/de1c686c2ecc9c5a3f327e3431d819eb39f8f05d4e1045f5a1caad6daaba987f?s=96&d=mm&r=g\",\"url\":\"https:\/\/secure.gravatar.com\/avatar\/de1c686c2ecc9c5a3f327e3431d819eb39f8f05d4e1045f5a1caad6daaba987f?s=96&d=mm&r=g\",\"contentUrl\":\"https:\/\/secure.gravatar.com\/avatar\/de1c686c2ecc9c5a3f327e3431d819eb39f8f05d4e1045f5a1caad6daaba987f?s=96&d=mm&r=g\",\"caption\":\"Equipe MH\"}}]}<\/script>\n<!-- \/ Yoast SEO plugin. -->","yoast_head_json":{"title":"TRF4: Tribunal&nbsp;assina cess\u00e3o de uso do SEI com seis institui\u00e7\u00f5es (26\/10\/2020) | Portal de Not\u00edcias","robots":{"index":"index","follow":"follow","max-snippet":"max-snippet:-1","max-image-preview":"max-image-preview:large","max-video-preview":"max-video-preview:-1"},"canonical":"https:\/\/mhcalculos.com.br\/noticias\/area\/previdenciario\/trf4-tribunal-assina-cessao-de-uso-do-sei-com-seis-instituicoes-26-10-2020.html","og_locale":"pt_BR","og_type":"article","og_title":"TRF4: Tribunal&nbsp;assina cess\u00e3o de uso do SEI com seis institui\u00e7\u00f5es (26\/10\/2020) | Portal de Not\u00edcias","og_description":"Na tarde de hoje (26\/10), o Tribunal Regional Federal da 4\u00aa Regi\u00e3o (TRF4) assinou acordos de coopera\u00e7\u00e3o t\u00e9cnica para a cess\u00e3o do direito de uso do Sistema Eletr\u00f4nico de Informa\u00e7\u00f5es (SEI) com o Tribunal de Contas do Estado de Santa Catarina (TCE\/SC), a Assembleia Legislativa de Santa Catarina (Alesc), o Tribunal de Justi\u00e7a do Estado [&hellip;]","og_url":"https:\/\/mhcalculos.com.br\/noticias\/area\/previdenciario\/trf4-tribunal-assina-cessao-de-uso-do-sei-com-seis-instituicoes-26-10-2020.html","og_site_name":"Portal de Not\u00edcias","article_published_time":"2020-10-27T03:05:14+00:00","article_modified_time":"2021-07-28T17:28:43+00:00","og_image":[{"width":2000,"height":800,"url":"https:\/\/mhcalculos.com.br\/noticias\/wp-content\/uploads\/sites\/2\/2018\/07\/judiciario-0032.jpg","type":"image\/jpeg"}],"author":"Equipe MH","twitter_card":"summary_large_image","twitter_misc":{"Escrito por":"Equipe MH","Est. tempo de leitura":"5 minutos"},"schema":{"@context":"https:\/\/schema.org","@graph":[{"@type":"Article","@id":"https:\/\/mhcalculos.com.br\/noticias\/area\/previdenciario\/trf4-tribunal-assina-cessao-de-uso-do-sei-com-seis-instituicoes-26-10-2020.html#article","isPartOf":{"@id":"https:\/\/mhcalculos.com.br\/noticias\/area\/previdenciario\/trf4-tribunal-assina-cessao-de-uso-do-sei-com-seis-instituicoes-26-10-2020.html"},"author":{"name":"Equipe MH","@id":"https:\/\/mhcalculos.com.br\/noticias\/#\/schema\/person\/88d1c34bf72dc779ea14a5a6b8e0ae8d"},"headline":"TRF4: Tribunal&nbsp;assina cess\u00e3o de uso do SEI com seis institui\u00e7\u00f5es (26\/10\/2020)","datePublished":"2020-10-27T03:05:14+00:00","dateModified":"2021-07-28T17:28:43+00:00","mainEntityOfPage":{"@id":"https:\/\/mhcalculos.com.br\/noticias\/area\/previdenciario\/trf4-tribunal-assina-cessao-de-uso-do-sei-com-seis-instituicoes-26-10-2020.html"},"wordCount":1082,"commentCount":0,"image":{"@id":"https:\/\/mhcalculos.com.br\/noticias\/area\/previdenciario\/trf4-tribunal-assina-cessao-de-uso-do-sei-com-seis-instituicoes-26-10-2020.html#primaryimage"},"thumbnailUrl":"https:\/\/mhcalculos.com.br\/noticias\/wp-content\/uploads\/sites\/2\/2018\/07\/judiciario-0032.jpg","keywords":["aposentadoria","c\u00e1lculos previdenci\u00e1rios","direito previdenci\u00e1rio","inss","per\u00edcia","perito","trf4"],"articleSection":["Direito Previdenci\u00e1rio","TRF4"],"inLanguage":"pt-BR","potentialAction":[{"@type":"CommentAction","name":"Comment","target":["https:\/\/mhcalculos.com.br\/noticias\/area\/previdenciario\/trf4-tribunal-assina-cessao-de-uso-do-sei-com-seis-instituicoes-26-10-2020.html#respond"]}]},{"@type":"WebPage","@id":"https:\/\/mhcalculos.com.br\/noticias\/area\/previdenciario\/trf4-tribunal-assina-cessao-de-uso-do-sei-com-seis-instituicoes-26-10-2020.html","url":"https:\/\/mhcalculos.com.br\/noticias\/area\/previdenciario\/trf4-tribunal-assina-cessao-de-uso-do-sei-com-seis-instituicoes-26-10-2020.html","name":"TRF4: Tribunal&nbsp;assina cess\u00e3o de uso do SEI com seis institui\u00e7\u00f5es (26\/10\/2020) | Portal de Not\u00edcias","isPartOf":{"@id":"https:\/\/mhcalculos.com.br\/noticias\/#website"},"primaryImageOfPage":{"@id":"https:\/\/mhcalculos.com.br\/noticias\/area\/previdenciario\/trf4-tribunal-assina-cessao-de-uso-do-sei-com-seis-instituicoes-26-10-2020.html#primaryimage"},"image":{"@id":"https:\/\/mhcalculos.com.br\/noticias\/area\/previdenciario\/trf4-tribunal-assina-cessao-de-uso-do-sei-com-seis-instituicoes-26-10-2020.html#primaryimage"},"thumbnailUrl":"https:\/\/mhcalculos.com.br\/noticias\/wp-content\/uploads\/sites\/2\/2018\/07\/judiciario-0032.jpg","datePublished":"2020-10-27T03:05:14+00:00","dateModified":"2021-07-28T17:28:43+00:00","author":{"@id":"https:\/\/mhcalculos.com.br\/noticias\/#\/schema\/person\/88d1c34bf72dc779ea14a5a6b8e0ae8d"},"breadcrumb":{"@id":"https:\/\/mhcalculos.com.br\/noticias\/area\/previdenciario\/trf4-tribunal-assina-cessao-de-uso-do-sei-com-seis-instituicoes-26-10-2020.html#breadcrumb"},"inLanguage":"pt-BR","potentialAction":[{"@type":"ReadAction","target":["https:\/\/mhcalculos.com.br\/noticias\/area\/previdenciario\/trf4-tribunal-assina-cessao-de-uso-do-sei-com-seis-instituicoes-26-10-2020.html"]}]},{"@type":"ImageObject","inLanguage":"pt-BR","@id":"https:\/\/mhcalculos.com.br\/noticias\/area\/previdenciario\/trf4-tribunal-assina-cessao-de-uso-do-sei-com-seis-instituicoes-26-10-2020.html#primaryimage","url":"https:\/\/mhcalculos.com.br\/noticias\/wp-content\/uploads\/sites\/2\/2018\/07\/judiciario-0032.jpg","contentUrl":"https:\/\/mhcalculos.com.br\/noticias\/wp-content\/uploads\/sites\/2\/2018\/07\/judiciario-0032.jpg","width":2000,"height":800},{"@type":"BreadcrumbList","@id":"https:\/\/mhcalculos.com.br\/noticias\/area\/previdenciario\/trf4-tribunal-assina-cessao-de-uso-do-sei-com-seis-instituicoes-26-10-2020.html#breadcrumb","itemListElement":[{"@type":"ListItem","position":1,"name":"In\u00edcio","item":"https:\/\/mhcalculos.com.br\/noticias\/"},{"@type":"ListItem","position":2,"name":"TRF4: Tribunal&nbsp;assina cess\u00e3o de uso do SEI com seis institui\u00e7\u00f5es (26\/10\/2020)"}]},{"@type":"WebSite","@id":"https:\/\/mhcalculos.com.br\/noticias\/#website","url":"https:\/\/mhcalculos.com.br\/noticias\/","name":"Portal de Not\u00edcias","description":"Not\u00edcias e Jurisprud\u00eancia","potentialAction":[{"@type":"SearchAction","target":{"@type":"EntryPoint","urlTemplate":"https:\/\/mhcalculos.com.br\/noticias\/?s={search_term_string}"},"query-input":{"@type":"PropertyValueSpecification","valueRequired":true,"valueName":"search_term_string"}}],"inLanguage":"pt-BR"},{"@type":"Person","@id":"https:\/\/mhcalculos.com.br\/noticias\/#\/schema\/person\/88d1c34bf72dc779ea14a5a6b8e0ae8d","name":"Equipe MH","image":{"@type":"ImageObject","inLanguage":"pt-BR","@id":"https:\/\/secure.gravatar.com\/avatar\/de1c686c2ecc9c5a3f327e3431d819eb39f8f05d4e1045f5a1caad6daaba987f?s=96&d=mm&r=g","url":"https:\/\/secure.gravatar.com\/avatar\/de1c686c2ecc9c5a3f327e3431d819eb39f8f05d4e1045f5a1caad6daaba987f?s=96&d=mm&r=g","contentUrl":"https:\/\/secure.gravatar.com\/avatar\/de1c686c2ecc9c5a3f327e3431d819eb39f8f05d4e1045f5a1caad6daaba987f?s=96&d=mm&r=g","caption":"Equipe MH"}}]}},"_links":{"self":[{"href":"https:\/\/mhcalculos.com.br\/noticias\/wp-json\/wp\/v2\/posts\/7627","targetHints":{"allow":["GET"]}}],"collection":[{"href":"https:\/\/mhcalculos.com.br\/noticias\/wp-json\/wp\/v2\/posts"}],"about":[{"href":"https:\/\/mhcalculos.com.br\/noticias\/wp-json\/wp\/v2\/types\/post"}],"author":[{"embeddable":true,"href":"https:\/\/mhcalculos.com.br\/noticias\/wp-json\/wp\/v2\/users\/3063"}],"replies":[{"embeddable":true,"href":"https:\/\/mhcalculos.com.br\/noticias\/wp-json\/wp\/v2\/comments?post=7627"}],"version-history":[{"count":1,"href":"https:\/\/mhcalculos.com.br\/noticias\/wp-json\/wp\/v2\/posts\/7627\/revisions"}],"predecessor-version":[{"id":8763,"href":"https:\/\/mhcalculos.com.br\/noticias\/wp-json\/wp\/v2\/posts\/7627\/revisions\/8763"}],"wp:featuredmedia":[{"embeddable":true,"href":"https:\/\/mhcalculos.com.br\/noticias\/wp-json\/wp\/v2\/media\/2594"}],"wp:attachment":[{"href":"https:\/\/mhcalculos.com.br\/noticias\/wp-json\/wp\/v2\/media?parent=7627"}],"wp:term":[{"taxonomy":"category","embeddable":true,"href":"https:\/\/mhcalculos.com.br\/noticias\/wp-json\/wp\/v2\/categories?post=7627"},{"taxonomy":"post_tag","embeddable":true,"href":"https:\/\/mhcalculos.com.br\/noticias\/wp-json\/wp\/v2\/tags?post=7627"}],"curies":[{"name":"wp","href":"https:\/\/api.w.org\/{rel}","templated":true}]}}