{"id":7615,"date":"2020-10-21T23:05:47","date_gmt":"2020-10-22T02:05:47","guid":{"rendered":"https:\/\/mhcalculos.com.br\/noticias\/area\/previdenciario\/stf-ministro-concede-de-oficio-hc-que-discute-direito-de-acusado-nao-produzir-prova-contra-si.html"},"modified":"2021-07-28T14:28:44","modified_gmt":"2021-07-28T17:28:44","slug":"stf-ministro-concede-de-oficio-hc-que-discute-direito-de-acusado-nao-produzir-prova-contra-si","status":"publish","type":"post","link":"https:\/\/mhcalculos.com.br\/noticias\/area\/previdenciario\/stf-ministro-concede-de-oficio-hc-que-discute-direito-de-acusado-nao-produzir-prova-contra-si.html","title":{"rendered":"STF: Ministro concede de of\u00edcio HC que discute direito de acusado n\u00e3o produzir prova contra si"},"content":{"rendered":"<p><br \/>\n<\/p>\n<p>Em sua \u00faltima decis\u00e3o assinada no Supremo Tribunal Federal (STF), antes da aposentadoria, o ministro Celso de Mello restabeleceu senten\u00e7a da 4&ordf; Vara Federal Criminal do Rio de Janeiro que absolveu, por insufici\u00eancia de provas,  um homem acusado de tr\u00e1fico postal em raz\u00e3o do envio de encomenda com 47 gramas de coca\u00edna para Barcelona (Espanha). O relator julgou incab\u00edvel o Habeas Corpus (HC) 186797, impetrado pela Defensoria P\u00fablica da Uni\u00e3o (DPU), mas concedeu a ordem de of\u00edcio ap\u00f3s verificar que o acusado havia fornecido, de pr\u00f3prio punho, os padr\u00f5es gr\u00e1ficos necess\u00e1rios \u00e0 realiza\u00e7\u00e3o de exame pericial mediante a compara\u00e7\u00e3o com os endere\u00e7os escritos na encomenda, interceptada pela Receita Federal, sem ser advertido de que tinha o direito de n\u00e3o produzir prova contra si pr\u00f3prio, nos termos do artigo 5&ordm;, inciso LVIII, da Constitui\u00e7\u00e3o Federal.<\/p>\n<p>Segundo o ministro Celso, a condena\u00e7\u00e3o se baseou em prova il\u00edcita. Em sua decis\u00e3o, o relator afirmou que ningu\u00e9m pode ser constrangido a produzir provas contra si mesmo nem compelido a cooperar com as autoridades incumbidas da persecu\u00e7\u00e3o penal em ju\u00edzo ou fora dele. &ldquo;Nesse ponto, houve clara falha do Estado provocada pela aus\u00eancia, por parte da autoridade policial, dessa necess\u00e1ria e essencial cientifica\u00e7\u00e3o de que o investigado n\u00e3o estava obrigado nem podia ser juridicamente compelido a fornecer, de pr\u00f3prio punho, padr\u00f5es gr\u00e1ficos para a realiza\u00e7\u00e3o da per\u00edcia grafot\u00e9cnica&rdquo;, afirmou.<\/p>\n<p><a href=\"http:\/\/www.stf.jus.br\/arquivo\/cms\/noticiaNoticiaStf\/anexo\/186797.pdf\">Leia a \u00edntegra da decis\u00e3o<\/a>.<\/p>\n<p><span style=\"font-size: smaller\">VP\/AS<\/span><\/p>\n<p><i>Com informa\u00e7\u00f5es da assessoria de imprensa do STF.<\/i><br \/>\n<br \/><br \/>\n<br \/><a href=\"http:\/\/www.stf.jus.br\/portal\/cms\/verNoticiaDetalhe.asp?idConteudo=453761\">Fonte<\/a><\/p>\n","protected":false},"excerpt":{"rendered":"<p>Em sua \u00faltima decis\u00e3o assinada no Supremo Tribunal Federal (STF), antes da aposentadoria, o ministro Celso de Mello restabeleceu senten\u00e7a da 4&ordf; Vara Federal Criminal do Rio de Janeiro que absolveu, por insufici\u00eancia de provas, um homem acusado de tr\u00e1fico postal em raz\u00e3o do envio de encomenda com 47 gramas de coca\u00edna para Barcelona (Espanha). [&hellip;]<\/p>\n","protected":false},"author":3063,"featured_media":3921,"comment_status":"open","ping_status":"open","sticky":false,"template":"","format":"standard","meta":{"footnotes":""},"categories":[5,15],"tags":[11,10,8,13,9,12,16],"class_list":{"0":"post-7615","1":"post","2":"type-post","3":"status-publish","4":"format-standard","5":"has-post-thumbnail","7":"category-previdenciario","8":"category-stf","9":"tag-aposentadoria","10":"tag-calculos-previdenciarios","11":"tag-direito-previdenciario","12":"tag-inss","13":"tag-pericia","14":"tag-perito","15":"tag-stf"},"yoast_head":"<!-- This site is optimized with the Yoast SEO plugin v27.2 - https:\/\/yoast.com\/product\/yoast-seo-wordpress\/ -->\n<title>STF: Ministro concede de of\u00edcio HC que discute direito de acusado n\u00e3o produzir prova contra si | Portal de Not\u00edcias<\/title>\n<meta name=\"robots\" content=\"index, follow, max-snippet:-1, max-image-preview:large, max-video-preview:-1\" \/>\n<link rel=\"canonical\" href=\"https:\/\/mhcalculos.com.br\/noticias\/area\/previdenciario\/stf-ministro-concede-de-oficio-hc-que-discute-direito-de-acusado-nao-produzir-prova-contra-si.html\" \/>\n<meta property=\"og:locale\" content=\"pt_BR\" \/>\n<meta property=\"og:type\" content=\"article\" \/>\n<meta property=\"og:title\" content=\"STF: Ministro concede de of\u00edcio HC que discute direito de acusado n\u00e3o produzir prova contra si | Portal de Not\u00edcias\" \/>\n<meta property=\"og:description\" content=\"Em sua \u00faltima decis\u00e3o assinada no Supremo Tribunal Federal (STF), antes da aposentadoria, o ministro Celso de Mello restabeleceu senten\u00e7a da 4&ordf; Vara Federal Criminal do Rio de Janeiro que absolveu, por insufici\u00eancia de provas, um homem acusado de tr\u00e1fico postal em raz\u00e3o do envio de encomenda com 47 gramas de coca\u00edna para Barcelona (Espanha). [&hellip;]\" \/>\n<meta property=\"og:url\" content=\"https:\/\/mhcalculos.com.br\/noticias\/area\/previdenciario\/stf-ministro-concede-de-oficio-hc-que-discute-direito-de-acusado-nao-produzir-prova-contra-si.html\" \/>\n<meta property=\"og:site_name\" content=\"Portal de Not\u00edcias\" \/>\n<meta property=\"article:published_time\" content=\"2020-10-22T02:05:47+00:00\" \/>\n<meta property=\"article:modified_time\" content=\"2021-07-28T17:28:44+00:00\" \/>\n<meta property=\"og:image\" content=\"https:\/\/mhcalculos.com.br\/noticias\/wp-content\/uploads\/sites\/2\/2019\/03\/previdenciario-0005.jpg\" \/>\n\t<meta property=\"og:image:width\" content=\"2000\" \/>\n\t<meta property=\"og:image:height\" content=\"800\" \/>\n\t<meta property=\"og:image:type\" content=\"image\/jpeg\" \/>\n<meta name=\"author\" content=\"Equipe MH\" \/>\n<meta name=\"twitter:card\" content=\"summary_large_image\" \/>\n<meta name=\"twitter:label1\" content=\"Escrito por\" \/>\n\t<meta name=\"twitter:data1\" content=\"Equipe MH\" \/>\n\t<meta name=\"twitter:label2\" content=\"Est. tempo de leitura\" \/>\n\t<meta name=\"twitter:data2\" content=\"1 minuto\" \/>\n<script type=\"application\/ld+json\" class=\"yoast-schema-graph\">{\"@context\":\"https:\/\/schema.org\",\"@graph\":[{\"@type\":\"Article\",\"@id\":\"https:\/\/mhcalculos.com.br\/noticias\/area\/previdenciario\/stf-ministro-concede-de-oficio-hc-que-discute-direito-de-acusado-nao-produzir-prova-contra-si.html#article\",\"isPartOf\":{\"@id\":\"https:\/\/mhcalculos.com.br\/noticias\/area\/previdenciario\/stf-ministro-concede-de-oficio-hc-que-discute-direito-de-acusado-nao-produzir-prova-contra-si.html\"},\"author\":{\"name\":\"Equipe MH\",\"@id\":\"https:\/\/mhcalculos.com.br\/noticias\/#\/schema\/person\/88d1c34bf72dc779ea14a5a6b8e0ae8d\"},\"headline\":\"STF: Ministro concede de of\u00edcio HC que discute direito de acusado n\u00e3o produzir prova contra si\",\"datePublished\":\"2020-10-22T02:05:47+00:00\",\"dateModified\":\"2021-07-28T17:28:44+00:00\",\"mainEntityOfPage\":{\"@id\":\"https:\/\/mhcalculos.com.br\/noticias\/area\/previdenciario\/stf-ministro-concede-de-oficio-hc-que-discute-direito-de-acusado-nao-produzir-prova-contra-si.html\"},\"wordCount\":298,\"commentCount\":0,\"image\":{\"@id\":\"https:\/\/mhcalculos.com.br\/noticias\/area\/previdenciario\/stf-ministro-concede-de-oficio-hc-que-discute-direito-de-acusado-nao-produzir-prova-contra-si.html#primaryimage\"},\"thumbnailUrl\":\"https:\/\/mhcalculos.com.br\/noticias\/wp-content\/uploads\/sites\/2\/2019\/03\/previdenciario-0005.jpg\",\"keywords\":[\"aposentadoria\",\"c\u00e1lculos previdenci\u00e1rios\",\"direito previdenci\u00e1rio\",\"inss\",\"per\u00edcia\",\"perito\",\"stf\"],\"articleSection\":[\"Direito Previdenci\u00e1rio\",\"STF\"],\"inLanguage\":\"pt-BR\",\"potentialAction\":[{\"@type\":\"CommentAction\",\"name\":\"Comment\",\"target\":[\"https:\/\/mhcalculos.com.br\/noticias\/area\/previdenciario\/stf-ministro-concede-de-oficio-hc-que-discute-direito-de-acusado-nao-produzir-prova-contra-si.html#respond\"]}]},{\"@type\":\"WebPage\",\"@id\":\"https:\/\/mhcalculos.com.br\/noticias\/area\/previdenciario\/stf-ministro-concede-de-oficio-hc-que-discute-direito-de-acusado-nao-produzir-prova-contra-si.html\",\"url\":\"https:\/\/mhcalculos.com.br\/noticias\/area\/previdenciario\/stf-ministro-concede-de-oficio-hc-que-discute-direito-de-acusado-nao-produzir-prova-contra-si.html\",\"name\":\"STF: Ministro concede de of\u00edcio HC que discute direito de acusado n\u00e3o produzir prova contra si | Portal de Not\u00edcias\",\"isPartOf\":{\"@id\":\"https:\/\/mhcalculos.com.br\/noticias\/#website\"},\"primaryImageOfPage\":{\"@id\":\"https:\/\/mhcalculos.com.br\/noticias\/area\/previdenciario\/stf-ministro-concede-de-oficio-hc-que-discute-direito-de-acusado-nao-produzir-prova-contra-si.html#primaryimage\"},\"image\":{\"@id\":\"https:\/\/mhcalculos.com.br\/noticias\/area\/previdenciario\/stf-ministro-concede-de-oficio-hc-que-discute-direito-de-acusado-nao-produzir-prova-contra-si.html#primaryimage\"},\"thumbnailUrl\":\"https:\/\/mhcalculos.com.br\/noticias\/wp-content\/uploads\/sites\/2\/2019\/03\/previdenciario-0005.jpg\",\"datePublished\":\"2020-10-22T02:05:47+00:00\",\"dateModified\":\"2021-07-28T17:28:44+00:00\",\"author\":{\"@id\":\"https:\/\/mhcalculos.com.br\/noticias\/#\/schema\/person\/88d1c34bf72dc779ea14a5a6b8e0ae8d\"},\"breadcrumb\":{\"@id\":\"https:\/\/mhcalculos.com.br\/noticias\/area\/previdenciario\/stf-ministro-concede-de-oficio-hc-que-discute-direito-de-acusado-nao-produzir-prova-contra-si.html#breadcrumb\"},\"inLanguage\":\"pt-BR\",\"potentialAction\":[{\"@type\":\"ReadAction\",\"target\":[\"https:\/\/mhcalculos.com.br\/noticias\/area\/previdenciario\/stf-ministro-concede-de-oficio-hc-que-discute-direito-de-acusado-nao-produzir-prova-contra-si.html\"]}]},{\"@type\":\"ImageObject\",\"inLanguage\":\"pt-BR\",\"@id\":\"https:\/\/mhcalculos.com.br\/noticias\/area\/previdenciario\/stf-ministro-concede-de-oficio-hc-que-discute-direito-de-acusado-nao-produzir-prova-contra-si.html#primaryimage\",\"url\":\"https:\/\/mhcalculos.com.br\/noticias\/wp-content\/uploads\/sites\/2\/2019\/03\/previdenciario-0005.jpg\",\"contentUrl\":\"https:\/\/mhcalculos.com.br\/noticias\/wp-content\/uploads\/sites\/2\/2019\/03\/previdenciario-0005.jpg\",\"width\":2000,\"height\":800,\"caption\":\"Ministras discutem desafios da mulher no Judici\u00e1rio\"},{\"@type\":\"BreadcrumbList\",\"@id\":\"https:\/\/mhcalculos.com.br\/noticias\/area\/previdenciario\/stf-ministro-concede-de-oficio-hc-que-discute-direito-de-acusado-nao-produzir-prova-contra-si.html#breadcrumb\",\"itemListElement\":[{\"@type\":\"ListItem\",\"position\":1,\"name\":\"In\u00edcio\",\"item\":\"https:\/\/mhcalculos.com.br\/noticias\/\"},{\"@type\":\"ListItem\",\"position\":2,\"name\":\"STF: Ministro concede de of\u00edcio HC que discute direito de acusado n\u00e3o produzir prova contra si\"}]},{\"@type\":\"WebSite\",\"@id\":\"https:\/\/mhcalculos.com.br\/noticias\/#website\",\"url\":\"https:\/\/mhcalculos.com.br\/noticias\/\",\"name\":\"Portal de Not\u00edcias\",\"description\":\"Not\u00edcias e Jurisprud\u00eancia\",\"potentialAction\":[{\"@type\":\"SearchAction\",\"target\":{\"@type\":\"EntryPoint\",\"urlTemplate\":\"https:\/\/mhcalculos.com.br\/noticias\/?s={search_term_string}\"},\"query-input\":{\"@type\":\"PropertyValueSpecification\",\"valueRequired\":true,\"valueName\":\"search_term_string\"}}],\"inLanguage\":\"pt-BR\"},{\"@type\":\"Person\",\"@id\":\"https:\/\/mhcalculos.com.br\/noticias\/#\/schema\/person\/88d1c34bf72dc779ea14a5a6b8e0ae8d\",\"name\":\"Equipe MH\",\"image\":{\"@type\":\"ImageObject\",\"inLanguage\":\"pt-BR\",\"@id\":\"https:\/\/secure.gravatar.com\/avatar\/de1c686c2ecc9c5a3f327e3431d819eb39f8f05d4e1045f5a1caad6daaba987f?s=96&d=mm&r=g\",\"url\":\"https:\/\/secure.gravatar.com\/avatar\/de1c686c2ecc9c5a3f327e3431d819eb39f8f05d4e1045f5a1caad6daaba987f?s=96&d=mm&r=g\",\"contentUrl\":\"https:\/\/secure.gravatar.com\/avatar\/de1c686c2ecc9c5a3f327e3431d819eb39f8f05d4e1045f5a1caad6daaba987f?s=96&d=mm&r=g\",\"caption\":\"Equipe MH\"}}]}<\/script>\n<!-- \/ Yoast SEO plugin. -->","yoast_head_json":{"title":"STF: Ministro concede de of\u00edcio HC que discute direito de acusado n\u00e3o produzir prova contra si | Portal de Not\u00edcias","robots":{"index":"index","follow":"follow","max-snippet":"max-snippet:-1","max-image-preview":"max-image-preview:large","max-video-preview":"max-video-preview:-1"},"canonical":"https:\/\/mhcalculos.com.br\/noticias\/area\/previdenciario\/stf-ministro-concede-de-oficio-hc-que-discute-direito-de-acusado-nao-produzir-prova-contra-si.html","og_locale":"pt_BR","og_type":"article","og_title":"STF: Ministro concede de of\u00edcio HC que discute direito de acusado n\u00e3o produzir prova contra si | Portal de Not\u00edcias","og_description":"Em sua \u00faltima decis\u00e3o assinada no Supremo Tribunal Federal (STF), antes da aposentadoria, o ministro Celso de Mello restabeleceu senten\u00e7a da 4&ordf; Vara Federal Criminal do Rio de Janeiro que absolveu, por insufici\u00eancia de provas, um homem acusado de tr\u00e1fico postal em raz\u00e3o do envio de encomenda com 47 gramas de coca\u00edna para Barcelona (Espanha). [&hellip;]","og_url":"https:\/\/mhcalculos.com.br\/noticias\/area\/previdenciario\/stf-ministro-concede-de-oficio-hc-que-discute-direito-de-acusado-nao-produzir-prova-contra-si.html","og_site_name":"Portal de Not\u00edcias","article_published_time":"2020-10-22T02:05:47+00:00","article_modified_time":"2021-07-28T17:28:44+00:00","og_image":[{"width":2000,"height":800,"url":"https:\/\/mhcalculos.com.br\/noticias\/wp-content\/uploads\/sites\/2\/2019\/03\/previdenciario-0005.jpg","type":"image\/jpeg"}],"author":"Equipe MH","twitter_card":"summary_large_image","twitter_misc":{"Escrito por":"Equipe MH","Est. tempo de leitura":"1 minuto"},"schema":{"@context":"https:\/\/schema.org","@graph":[{"@type":"Article","@id":"https:\/\/mhcalculos.com.br\/noticias\/area\/previdenciario\/stf-ministro-concede-de-oficio-hc-que-discute-direito-de-acusado-nao-produzir-prova-contra-si.html#article","isPartOf":{"@id":"https:\/\/mhcalculos.com.br\/noticias\/area\/previdenciario\/stf-ministro-concede-de-oficio-hc-que-discute-direito-de-acusado-nao-produzir-prova-contra-si.html"},"author":{"name":"Equipe MH","@id":"https:\/\/mhcalculos.com.br\/noticias\/#\/schema\/person\/88d1c34bf72dc779ea14a5a6b8e0ae8d"},"headline":"STF: Ministro concede de of\u00edcio HC que discute direito de acusado n\u00e3o produzir prova contra si","datePublished":"2020-10-22T02:05:47+00:00","dateModified":"2021-07-28T17:28:44+00:00","mainEntityOfPage":{"@id":"https:\/\/mhcalculos.com.br\/noticias\/area\/previdenciario\/stf-ministro-concede-de-oficio-hc-que-discute-direito-de-acusado-nao-produzir-prova-contra-si.html"},"wordCount":298,"commentCount":0,"image":{"@id":"https:\/\/mhcalculos.com.br\/noticias\/area\/previdenciario\/stf-ministro-concede-de-oficio-hc-que-discute-direito-de-acusado-nao-produzir-prova-contra-si.html#primaryimage"},"thumbnailUrl":"https:\/\/mhcalculos.com.br\/noticias\/wp-content\/uploads\/sites\/2\/2019\/03\/previdenciario-0005.jpg","keywords":["aposentadoria","c\u00e1lculos previdenci\u00e1rios","direito previdenci\u00e1rio","inss","per\u00edcia","perito","stf"],"articleSection":["Direito Previdenci\u00e1rio","STF"],"inLanguage":"pt-BR","potentialAction":[{"@type":"CommentAction","name":"Comment","target":["https:\/\/mhcalculos.com.br\/noticias\/area\/previdenciario\/stf-ministro-concede-de-oficio-hc-que-discute-direito-de-acusado-nao-produzir-prova-contra-si.html#respond"]}]},{"@type":"WebPage","@id":"https:\/\/mhcalculos.com.br\/noticias\/area\/previdenciario\/stf-ministro-concede-de-oficio-hc-que-discute-direito-de-acusado-nao-produzir-prova-contra-si.html","url":"https:\/\/mhcalculos.com.br\/noticias\/area\/previdenciario\/stf-ministro-concede-de-oficio-hc-que-discute-direito-de-acusado-nao-produzir-prova-contra-si.html","name":"STF: Ministro concede de of\u00edcio HC que discute direito de acusado n\u00e3o produzir prova contra si | Portal de Not\u00edcias","isPartOf":{"@id":"https:\/\/mhcalculos.com.br\/noticias\/#website"},"primaryImageOfPage":{"@id":"https:\/\/mhcalculos.com.br\/noticias\/area\/previdenciario\/stf-ministro-concede-de-oficio-hc-que-discute-direito-de-acusado-nao-produzir-prova-contra-si.html#primaryimage"},"image":{"@id":"https:\/\/mhcalculos.com.br\/noticias\/area\/previdenciario\/stf-ministro-concede-de-oficio-hc-que-discute-direito-de-acusado-nao-produzir-prova-contra-si.html#primaryimage"},"thumbnailUrl":"https:\/\/mhcalculos.com.br\/noticias\/wp-content\/uploads\/sites\/2\/2019\/03\/previdenciario-0005.jpg","datePublished":"2020-10-22T02:05:47+00:00","dateModified":"2021-07-28T17:28:44+00:00","author":{"@id":"https:\/\/mhcalculos.com.br\/noticias\/#\/schema\/person\/88d1c34bf72dc779ea14a5a6b8e0ae8d"},"breadcrumb":{"@id":"https:\/\/mhcalculos.com.br\/noticias\/area\/previdenciario\/stf-ministro-concede-de-oficio-hc-que-discute-direito-de-acusado-nao-produzir-prova-contra-si.html#breadcrumb"},"inLanguage":"pt-BR","potentialAction":[{"@type":"ReadAction","target":["https:\/\/mhcalculos.com.br\/noticias\/area\/previdenciario\/stf-ministro-concede-de-oficio-hc-que-discute-direito-de-acusado-nao-produzir-prova-contra-si.html"]}]},{"@type":"ImageObject","inLanguage":"pt-BR","@id":"https:\/\/mhcalculos.com.br\/noticias\/area\/previdenciario\/stf-ministro-concede-de-oficio-hc-que-discute-direito-de-acusado-nao-produzir-prova-contra-si.html#primaryimage","url":"https:\/\/mhcalculos.com.br\/noticias\/wp-content\/uploads\/sites\/2\/2019\/03\/previdenciario-0005.jpg","contentUrl":"https:\/\/mhcalculos.com.br\/noticias\/wp-content\/uploads\/sites\/2\/2019\/03\/previdenciario-0005.jpg","width":2000,"height":800,"caption":"Ministras discutem desafios da mulher no Judici\u00e1rio"},{"@type":"BreadcrumbList","@id":"https:\/\/mhcalculos.com.br\/noticias\/area\/previdenciario\/stf-ministro-concede-de-oficio-hc-que-discute-direito-de-acusado-nao-produzir-prova-contra-si.html#breadcrumb","itemListElement":[{"@type":"ListItem","position":1,"name":"In\u00edcio","item":"https:\/\/mhcalculos.com.br\/noticias\/"},{"@type":"ListItem","position":2,"name":"STF: Ministro concede de of\u00edcio HC que discute direito de acusado n\u00e3o produzir prova contra si"}]},{"@type":"WebSite","@id":"https:\/\/mhcalculos.com.br\/noticias\/#website","url":"https:\/\/mhcalculos.com.br\/noticias\/","name":"Portal de Not\u00edcias","description":"Not\u00edcias e Jurisprud\u00eancia","potentialAction":[{"@type":"SearchAction","target":{"@type":"EntryPoint","urlTemplate":"https:\/\/mhcalculos.com.br\/noticias\/?s={search_term_string}"},"query-input":{"@type":"PropertyValueSpecification","valueRequired":true,"valueName":"search_term_string"}}],"inLanguage":"pt-BR"},{"@type":"Person","@id":"https:\/\/mhcalculos.com.br\/noticias\/#\/schema\/person\/88d1c34bf72dc779ea14a5a6b8e0ae8d","name":"Equipe MH","image":{"@type":"ImageObject","inLanguage":"pt-BR","@id":"https:\/\/secure.gravatar.com\/avatar\/de1c686c2ecc9c5a3f327e3431d819eb39f8f05d4e1045f5a1caad6daaba987f?s=96&d=mm&r=g","url":"https:\/\/secure.gravatar.com\/avatar\/de1c686c2ecc9c5a3f327e3431d819eb39f8f05d4e1045f5a1caad6daaba987f?s=96&d=mm&r=g","contentUrl":"https:\/\/secure.gravatar.com\/avatar\/de1c686c2ecc9c5a3f327e3431d819eb39f8f05d4e1045f5a1caad6daaba987f?s=96&d=mm&r=g","caption":"Equipe MH"}}]}},"_links":{"self":[{"href":"https:\/\/mhcalculos.com.br\/noticias\/wp-json\/wp\/v2\/posts\/7615","targetHints":{"allow":["GET"]}}],"collection":[{"href":"https:\/\/mhcalculos.com.br\/noticias\/wp-json\/wp\/v2\/posts"}],"about":[{"href":"https:\/\/mhcalculos.com.br\/noticias\/wp-json\/wp\/v2\/types\/post"}],"author":[{"embeddable":true,"href":"https:\/\/mhcalculos.com.br\/noticias\/wp-json\/wp\/v2\/users\/3063"}],"replies":[{"embeddable":true,"href":"https:\/\/mhcalculos.com.br\/noticias\/wp-json\/wp\/v2\/comments?post=7615"}],"version-history":[{"count":1,"href":"https:\/\/mhcalculos.com.br\/noticias\/wp-json\/wp\/v2\/posts\/7615\/revisions"}],"predecessor-version":[{"id":8775,"href":"https:\/\/mhcalculos.com.br\/noticias\/wp-json\/wp\/v2\/posts\/7615\/revisions\/8775"}],"wp:featuredmedia":[{"embeddable":true,"href":"https:\/\/mhcalculos.com.br\/noticias\/wp-json\/wp\/v2\/media\/3921"}],"wp:attachment":[{"href":"https:\/\/mhcalculos.com.br\/noticias\/wp-json\/wp\/v2\/media?parent=7615"}],"wp:term":[{"taxonomy":"category","embeddable":true,"href":"https:\/\/mhcalculos.com.br\/noticias\/wp-json\/wp\/v2\/categories?post=7615"},{"taxonomy":"post_tag","embeddable":true,"href":"https:\/\/mhcalculos.com.br\/noticias\/wp-json\/wp\/v2\/tags?post=7615"}],"curies":[{"name":"wp","href":"https:\/\/api.w.org\/{rel}","templated":true}]}}