{"id":7614,"date":"2020-10-21T17:05:20","date_gmt":"2020-10-21T20:05:20","guid":{"rendered":"https:\/\/mhcalculos.com.br\/noticias\/tribunais\/stf\/stf-ministro-nega-tramite-a-pedido-sobre-divulgacao-de-informacoes-de-inquerito-das-rachadinhas.html"},"modified":"2021-07-28T14:28:45","modified_gmt":"2021-07-28T17:28:45","slug":"stf-ministro-nega-tramite-a-pedido-sobre-divulgacao-de-informacoes-de-inquerito-das-rachadinhas","status":"publish","type":"post","link":"https:\/\/mhcalculos.com.br\/noticias\/tribunais\/stf\/stf-ministro-nega-tramite-a-pedido-sobre-divulgacao-de-informacoes-de-inquerito-das-rachadinhas.html","title":{"rendered":"STF: Ministro nega tr\u00e2mite a pedido sobre divulga\u00e7\u00e3o de informa\u00e7\u00f5es de inqu\u00e9rito das \u201crachadinhas\u201d"},"content":{"rendered":"<p><br \/>\n<\/p>\n<p>O ministro Ricardo Lewandowski, do Supremo Tribunal Federal (STF), negou seguimento \u00e0 Reclama\u00e7\u00e3o (RCL) 43671, em que a Globo Comunica\u00e7\u00e3o e Participa\u00e7\u00f5es S\/A busca desconstituir decis\u00f5es da Justi\u00e7a do Rio de Janeiro que a pro\u00edbem de divulgar informa\u00e7\u00f5es, exibir documentos e expor andamento do processo investigativo criminal em que se apura o suposto envolvimento do senador Fl\u00e1vio Bolsonaro (Republicanos-RJ), que, na \u00e9poca dos fatos, era deputado estadual, no esquema de &ldquo;rachadinhas&rdquo; da Assembleia Legislativa do Estado do Rio de Janeiro (Alerj).<\/p>\n<p>Embora tenha considerado incab\u00edvel a reclama\u00e7\u00e3o, o ministro determinou \u00e0 Primeira C\u00e2mara C\u00edvel do Tribunal de Justi\u00e7a do Rio de Janeiro (TJ-RJ) que julgue o m\u00e9rito do agravo interposto pela Globo na primeira sess\u00e3o ap\u00f3s o recebimento da intima\u00e7\u00e3o desta decis\u00e3o. A provid\u00eancia se deve, segundo afirmou, \u00e0 relev\u00e2ncia dos valores constitucionais envolvidos ao direito \u00e0 razo\u00e1vel dura\u00e7\u00e3o do processo (artigo 5&ordm;, inciso LXXVIII, da Constitui\u00e7\u00e3o da Rep\u00fablica).<\/p>\n<p>Ap\u00f3s solicitar informa\u00e7\u00f5es \u00e0s autoridades envolvidas, o ministro observou que a quest\u00e3o relativa ao cerceamento da liberdade de express\u00e3o e ao direito de prestar informa\u00e7\u00f5es que teria sido imposto \u00e0 Globo pela primeira inst\u00e2ncia ainda n\u00e3o foi examinada pela Primeira C\u00e2mara C\u00edvel do TJ-RJ, a quem cabe decidir de acordo com a legisla\u00e7\u00e3o aplic\u00e1vel e com respeito \u00e0 jurisprud\u00eancia dominante.<\/p>\n<p>Segundo Lewandowski, nesses casos, o Supremo tem exigido o esgotamento das inst\u00e2ncias ordin\u00e1rias, com o exaurimento de todos os recursos cab\u00edveis, como requisito para o ajuizamento da reclama\u00e7\u00e3o, que n\u00e3o pode ser utilizada como suced\u00e2neo do recurso apropriado. De acordo com as informa\u00e7\u00f5es prestadas ao ministro pelo Ju\u00edzo da 33&ordf; Vara C\u00edvel do Rio de Janeiro, existem fortes ind\u00edcios de vazamento para a m\u00eddia de dados e pe\u00e7as que estavam sob segredo de justi\u00e7a, nos autos do procedimento de investiga\u00e7\u00e3o criminal que tramita perante o TJ-RJ sobre as &ldquo;rachadinhas&rdquo; da Alerj.<\/p>\n<p><span style=\"font-size: smaller\">VP\/AS\/\/CF<\/span><\/p>\n<p>Leia mais:<\/p>\n<p>06\/10\/2020 &#8211; <a href=\"http:\/\/portal.stf.jus.br\/noticias\/verNoticiaDetalhe.asp?idConteudo=452914&amp;ori=1\" target=\"_blank\" rel=\"noopener noreferrer\">Lewandowski pede informa\u00e7\u00f5es antes de decidir pedido de divulga\u00e7\u00e3o de not\u00edcias sobre Fl\u00e1vio Bolsonaro<\/a><\/p>\n<p>&nbsp;<\/p>\n<p><i>Com informa\u00e7\u00f5es da assessoria de imprensa do STF.<\/i><br \/>\n<br \/><a href=\"http:\/\/www.stf.jus.br\/portal\/cms\/verNoticiaDetalhe.asp?idConteudo=453610\">Fonte<\/a><br \/>\n<br \/><\/p>\n","protected":false},"excerpt":{"rendered":"<p>O ministro Ricardo Lewandowski, do Supremo Tribunal Federal (STF), negou seguimento \u00e0 Reclama\u00e7\u00e3o (RCL) 43671, em que a Globo Comunica\u00e7\u00e3o e Participa\u00e7\u00f5es S\/A busca desconstituir decis\u00f5es da Justi\u00e7a do Rio de Janeiro que a pro\u00edbem de divulgar informa\u00e7\u00f5es, exibir documentos e expor andamento do processo investigativo criminal em que se apura o suposto envolvimento do [&hellip;]<\/p>\n","protected":false},"author":3063,"featured_media":0,"comment_status":"open","ping_status":"open","sticky":false,"template":"","format":"standard","meta":{"footnotes":""},"categories":[18,15],"tags":[32,31,42,30,29,213,9,12,16],"class_list":{"0":"post-7614","1":"post","2":"type-post","3":"status-publish","4":"format-standard","6":"category-tributario","7":"category-stf","8":"tag-calculos-judiciais","9":"tag-calculos-tributarios","10":"tag-direito-tributario","11":"tag-divida-ativa","12":"tag-fazenda-publica","13":"tag-imposto","14":"tag-pericia","15":"tag-perito","16":"tag-stf"},"yoast_head":"<!-- This site is optimized with the Yoast SEO plugin v27.2 - https:\/\/yoast.com\/product\/yoast-seo-wordpress\/ -->\n<title>STF: Ministro nega tr\u00e2mite a pedido sobre divulga\u00e7\u00e3o de informa\u00e7\u00f5es de inqu\u00e9rito das \u201crachadinhas\u201d | Portal de Not\u00edcias<\/title>\n<meta name=\"robots\" content=\"index, follow, max-snippet:-1, max-image-preview:large, max-video-preview:-1\" \/>\n<link rel=\"canonical\" href=\"http:\/\/www.stf.jus.br\/portal\/cms\/verNoticiaDetalhe.asp?idConteudo=453610\" \/>\n<meta property=\"og:locale\" content=\"pt_BR\" \/>\n<meta property=\"og:type\" content=\"article\" \/>\n<meta property=\"og:title\" content=\"STF: Ministro nega tr\u00e2mite a pedido sobre divulga\u00e7\u00e3o de informa\u00e7\u00f5es de inqu\u00e9rito das \u201crachadinhas\u201d | Portal de Not\u00edcias\" \/>\n<meta property=\"og:description\" content=\"O ministro Ricardo Lewandowski, do Supremo Tribunal Federal (STF), negou seguimento \u00e0 Reclama\u00e7\u00e3o (RCL) 43671, em que a Globo Comunica\u00e7\u00e3o e Participa\u00e7\u00f5es S\/A busca desconstituir decis\u00f5es da Justi\u00e7a do Rio de Janeiro que a pro\u00edbem de divulgar informa\u00e7\u00f5es, exibir documentos e expor andamento do processo investigativo criminal em que se apura o suposto envolvimento do [&hellip;]\" \/>\n<meta property=\"og:url\" content=\"http:\/\/www.stf.jus.br\/portal\/cms\/verNoticiaDetalhe.asp?idConteudo=453610\" \/>\n<meta property=\"og:site_name\" content=\"Portal de Not\u00edcias\" \/>\n<meta property=\"article:published_time\" content=\"2020-10-21T20:05:20+00:00\" \/>\n<meta property=\"article:modified_time\" content=\"2021-07-28T17:28:45+00:00\" \/>\n<meta name=\"author\" content=\"Equipe MH\" \/>\n<meta name=\"twitter:card\" content=\"summary_large_image\" \/>\n<meta name=\"twitter:label1\" content=\"Escrito por\" \/>\n\t<meta name=\"twitter:data1\" content=\"Equipe MH\" \/>\n\t<meta name=\"twitter:label2\" content=\"Est. tempo de leitura\" \/>\n\t<meta name=\"twitter:data2\" content=\"2 minutos\" \/>\n<script type=\"application\/ld+json\" class=\"yoast-schema-graph\">{\"@context\":\"https:\/\/schema.org\",\"@graph\":[{\"@type\":\"Article\",\"@id\":\"http:\/\/www.stf.jus.br\/portal\/cms\/verNoticiaDetalhe.asp?idConteudo=453610#article\",\"isPartOf\":{\"@id\":\"https:\/\/mhcalculos.com.br\/noticias\/tribunais\/stf\/stf-ministro-nega-tramite-a-pedido-sobre-divulgacao-de-informacoes-de-inquerito-das-rachadinhas.html\"},\"author\":{\"name\":\"Equipe MH\",\"@id\":\"https:\/\/mhcalculos.com.br\/noticias\/#\/schema\/person\/88d1c34bf72dc779ea14a5a6b8e0ae8d\"},\"headline\":\"STF: Ministro nega tr\u00e2mite a pedido sobre divulga\u00e7\u00e3o de informa\u00e7\u00f5es de inqu\u00e9rito das \u201crachadinhas\u201d\",\"datePublished\":\"2020-10-21T20:05:20+00:00\",\"dateModified\":\"2021-07-28T17:28:45+00:00\",\"mainEntityOfPage\":{\"@id\":\"https:\/\/mhcalculos.com.br\/noticias\/tribunais\/stf\/stf-ministro-nega-tramite-a-pedido-sobre-divulgacao-de-informacoes-de-inquerito-das-rachadinhas.html\"},\"wordCount\":403,\"commentCount\":0,\"keywords\":[\"c\u00e1lculos judiciais\",\"c\u00e1lculos tribut\u00e1rios\",\"direito tribut\u00e1rio\",\"d\u00edvida ativa\",\"fazenda p\u00fablica\",\"Imposto\",\"per\u00edcia\",\"perito\",\"stf\"],\"articleSection\":[\"Direito Tribut\u00e1rio\",\"STF\"],\"inLanguage\":\"pt-BR\",\"potentialAction\":[{\"@type\":\"CommentAction\",\"name\":\"Comment\",\"target\":[\"http:\/\/www.stf.jus.br\/portal\/cms\/verNoticiaDetalhe.asp?idConteudo=453610#respond\"]}]},{\"@type\":\"WebPage\",\"@id\":\"https:\/\/mhcalculos.com.br\/noticias\/tribunais\/stf\/stf-ministro-nega-tramite-a-pedido-sobre-divulgacao-de-informacoes-de-inquerito-das-rachadinhas.html\",\"url\":\"http:\/\/www.stf.jus.br\/portal\/cms\/verNoticiaDetalhe.asp?idConteudo=453610\",\"name\":\"STF: Ministro nega tr\u00e2mite a pedido sobre divulga\u00e7\u00e3o de informa\u00e7\u00f5es de inqu\u00e9rito das \u201crachadinhas\u201d | Portal de Not\u00edcias\",\"isPartOf\":{\"@id\":\"https:\/\/mhcalculos.com.br\/noticias\/#website\"},\"datePublished\":\"2020-10-21T20:05:20+00:00\",\"dateModified\":\"2021-07-28T17:28:45+00:00\",\"author\":{\"@id\":\"https:\/\/mhcalculos.com.br\/noticias\/#\/schema\/person\/88d1c34bf72dc779ea14a5a6b8e0ae8d\"},\"breadcrumb\":{\"@id\":\"http:\/\/www.stf.jus.br\/portal\/cms\/verNoticiaDetalhe.asp?idConteudo=453610#breadcrumb\"},\"inLanguage\":\"pt-BR\",\"potentialAction\":[{\"@type\":\"ReadAction\",\"target\":[\"http:\/\/www.stf.jus.br\/portal\/cms\/verNoticiaDetalhe.asp?idConteudo=453610\"]}]},{\"@type\":\"BreadcrumbList\",\"@id\":\"http:\/\/www.stf.jus.br\/portal\/cms\/verNoticiaDetalhe.asp?idConteudo=453610#breadcrumb\",\"itemListElement\":[{\"@type\":\"ListItem\",\"position\":1,\"name\":\"In\u00edcio\",\"item\":\"https:\/\/mhcalculos.com.br\/noticias\/\"},{\"@type\":\"ListItem\",\"position\":2,\"name\":\"STF: Ministro nega tr\u00e2mite a pedido sobre divulga\u00e7\u00e3o de informa\u00e7\u00f5es de inqu\u00e9rito das \u201crachadinhas\u201d\"}]},{\"@type\":\"WebSite\",\"@id\":\"https:\/\/mhcalculos.com.br\/noticias\/#website\",\"url\":\"https:\/\/mhcalculos.com.br\/noticias\/\",\"name\":\"Portal de Not\u00edcias\",\"description\":\"Not\u00edcias e Jurisprud\u00eancia\",\"potentialAction\":[{\"@type\":\"SearchAction\",\"target\":{\"@type\":\"EntryPoint\",\"urlTemplate\":\"https:\/\/mhcalculos.com.br\/noticias\/?s={search_term_string}\"},\"query-input\":{\"@type\":\"PropertyValueSpecification\",\"valueRequired\":true,\"valueName\":\"search_term_string\"}}],\"inLanguage\":\"pt-BR\"},{\"@type\":\"Person\",\"@id\":\"https:\/\/mhcalculos.com.br\/noticias\/#\/schema\/person\/88d1c34bf72dc779ea14a5a6b8e0ae8d\",\"name\":\"Equipe MH\",\"image\":{\"@type\":\"ImageObject\",\"inLanguage\":\"pt-BR\",\"@id\":\"https:\/\/secure.gravatar.com\/avatar\/de1c686c2ecc9c5a3f327e3431d819eb39f8f05d4e1045f5a1caad6daaba987f?s=96&d=mm&r=g\",\"url\":\"https:\/\/secure.gravatar.com\/avatar\/de1c686c2ecc9c5a3f327e3431d819eb39f8f05d4e1045f5a1caad6daaba987f?s=96&d=mm&r=g\",\"contentUrl\":\"https:\/\/secure.gravatar.com\/avatar\/de1c686c2ecc9c5a3f327e3431d819eb39f8f05d4e1045f5a1caad6daaba987f?s=96&d=mm&r=g\",\"caption\":\"Equipe MH\"}}]}<\/script>\n<!-- \/ Yoast SEO plugin. -->","yoast_head_json":{"title":"STF: Ministro nega tr\u00e2mite a pedido sobre divulga\u00e7\u00e3o de informa\u00e7\u00f5es de inqu\u00e9rito das \u201crachadinhas\u201d | Portal de Not\u00edcias","robots":{"index":"index","follow":"follow","max-snippet":"max-snippet:-1","max-image-preview":"max-image-preview:large","max-video-preview":"max-video-preview:-1"},"canonical":"http:\/\/www.stf.jus.br\/portal\/cms\/verNoticiaDetalhe.asp?idConteudo=453610","og_locale":"pt_BR","og_type":"article","og_title":"STF: Ministro nega tr\u00e2mite a pedido sobre divulga\u00e7\u00e3o de informa\u00e7\u00f5es de inqu\u00e9rito das \u201crachadinhas\u201d | Portal de Not\u00edcias","og_description":"O ministro Ricardo Lewandowski, do Supremo Tribunal Federal (STF), negou seguimento \u00e0 Reclama\u00e7\u00e3o (RCL) 43671, em que a Globo Comunica\u00e7\u00e3o e Participa\u00e7\u00f5es S\/A busca desconstituir decis\u00f5es da Justi\u00e7a do Rio de Janeiro que a pro\u00edbem de divulgar informa\u00e7\u00f5es, exibir documentos e expor andamento do processo investigativo criminal em que se apura o suposto envolvimento do [&hellip;]","og_url":"http:\/\/www.stf.jus.br\/portal\/cms\/verNoticiaDetalhe.asp?idConteudo=453610","og_site_name":"Portal de Not\u00edcias","article_published_time":"2020-10-21T20:05:20+00:00","article_modified_time":"2021-07-28T17:28:45+00:00","author":"Equipe MH","twitter_card":"summary_large_image","twitter_misc":{"Escrito por":"Equipe MH","Est. tempo de leitura":"2 minutos"},"schema":{"@context":"https:\/\/schema.org","@graph":[{"@type":"Article","@id":"http:\/\/www.stf.jus.br\/portal\/cms\/verNoticiaDetalhe.asp?idConteudo=453610#article","isPartOf":{"@id":"https:\/\/mhcalculos.com.br\/noticias\/tribunais\/stf\/stf-ministro-nega-tramite-a-pedido-sobre-divulgacao-de-informacoes-de-inquerito-das-rachadinhas.html"},"author":{"name":"Equipe MH","@id":"https:\/\/mhcalculos.com.br\/noticias\/#\/schema\/person\/88d1c34bf72dc779ea14a5a6b8e0ae8d"},"headline":"STF: Ministro nega tr\u00e2mite a pedido sobre divulga\u00e7\u00e3o de informa\u00e7\u00f5es de inqu\u00e9rito das \u201crachadinhas\u201d","datePublished":"2020-10-21T20:05:20+00:00","dateModified":"2021-07-28T17:28:45+00:00","mainEntityOfPage":{"@id":"https:\/\/mhcalculos.com.br\/noticias\/tribunais\/stf\/stf-ministro-nega-tramite-a-pedido-sobre-divulgacao-de-informacoes-de-inquerito-das-rachadinhas.html"},"wordCount":403,"commentCount":0,"keywords":["c\u00e1lculos judiciais","c\u00e1lculos tribut\u00e1rios","direito tribut\u00e1rio","d\u00edvida ativa","fazenda p\u00fablica","Imposto","per\u00edcia","perito","stf"],"articleSection":["Direito Tribut\u00e1rio","STF"],"inLanguage":"pt-BR","potentialAction":[{"@type":"CommentAction","name":"Comment","target":["http:\/\/www.stf.jus.br\/portal\/cms\/verNoticiaDetalhe.asp?idConteudo=453610#respond"]}]},{"@type":"WebPage","@id":"https:\/\/mhcalculos.com.br\/noticias\/tribunais\/stf\/stf-ministro-nega-tramite-a-pedido-sobre-divulgacao-de-informacoes-de-inquerito-das-rachadinhas.html","url":"http:\/\/www.stf.jus.br\/portal\/cms\/verNoticiaDetalhe.asp?idConteudo=453610","name":"STF: Ministro nega tr\u00e2mite a pedido sobre divulga\u00e7\u00e3o de informa\u00e7\u00f5es de inqu\u00e9rito das \u201crachadinhas\u201d | Portal de Not\u00edcias","isPartOf":{"@id":"https:\/\/mhcalculos.com.br\/noticias\/#website"},"datePublished":"2020-10-21T20:05:20+00:00","dateModified":"2021-07-28T17:28:45+00:00","author":{"@id":"https:\/\/mhcalculos.com.br\/noticias\/#\/schema\/person\/88d1c34bf72dc779ea14a5a6b8e0ae8d"},"breadcrumb":{"@id":"http:\/\/www.stf.jus.br\/portal\/cms\/verNoticiaDetalhe.asp?idConteudo=453610#breadcrumb"},"inLanguage":"pt-BR","potentialAction":[{"@type":"ReadAction","target":["http:\/\/www.stf.jus.br\/portal\/cms\/verNoticiaDetalhe.asp?idConteudo=453610"]}]},{"@type":"BreadcrumbList","@id":"http:\/\/www.stf.jus.br\/portal\/cms\/verNoticiaDetalhe.asp?idConteudo=453610#breadcrumb","itemListElement":[{"@type":"ListItem","position":1,"name":"In\u00edcio","item":"https:\/\/mhcalculos.com.br\/noticias\/"},{"@type":"ListItem","position":2,"name":"STF: Ministro nega tr\u00e2mite a pedido sobre divulga\u00e7\u00e3o de informa\u00e7\u00f5es de inqu\u00e9rito das \u201crachadinhas\u201d"}]},{"@type":"WebSite","@id":"https:\/\/mhcalculos.com.br\/noticias\/#website","url":"https:\/\/mhcalculos.com.br\/noticias\/","name":"Portal de Not\u00edcias","description":"Not\u00edcias e Jurisprud\u00eancia","potentialAction":[{"@type":"SearchAction","target":{"@type":"EntryPoint","urlTemplate":"https:\/\/mhcalculos.com.br\/noticias\/?s={search_term_string}"},"query-input":{"@type":"PropertyValueSpecification","valueRequired":true,"valueName":"search_term_string"}}],"inLanguage":"pt-BR"},{"@type":"Person","@id":"https:\/\/mhcalculos.com.br\/noticias\/#\/schema\/person\/88d1c34bf72dc779ea14a5a6b8e0ae8d","name":"Equipe MH","image":{"@type":"ImageObject","inLanguage":"pt-BR","@id":"https:\/\/secure.gravatar.com\/avatar\/de1c686c2ecc9c5a3f327e3431d819eb39f8f05d4e1045f5a1caad6daaba987f?s=96&d=mm&r=g","url":"https:\/\/secure.gravatar.com\/avatar\/de1c686c2ecc9c5a3f327e3431d819eb39f8f05d4e1045f5a1caad6daaba987f?s=96&d=mm&r=g","contentUrl":"https:\/\/secure.gravatar.com\/avatar\/de1c686c2ecc9c5a3f327e3431d819eb39f8f05d4e1045f5a1caad6daaba987f?s=96&d=mm&r=g","caption":"Equipe MH"}}]}},"_links":{"self":[{"href":"https:\/\/mhcalculos.com.br\/noticias\/wp-json\/wp\/v2\/posts\/7614","targetHints":{"allow":["GET"]}}],"collection":[{"href":"https:\/\/mhcalculos.com.br\/noticias\/wp-json\/wp\/v2\/posts"}],"about":[{"href":"https:\/\/mhcalculos.com.br\/noticias\/wp-json\/wp\/v2\/types\/post"}],"author":[{"embeddable":true,"href":"https:\/\/mhcalculos.com.br\/noticias\/wp-json\/wp\/v2\/users\/3063"}],"replies":[{"embeddable":true,"href":"https:\/\/mhcalculos.com.br\/noticias\/wp-json\/wp\/v2\/comments?post=7614"}],"version-history":[{"count":1,"href":"https:\/\/mhcalculos.com.br\/noticias\/wp-json\/wp\/v2\/posts\/7614\/revisions"}],"predecessor-version":[{"id":8776,"href":"https:\/\/mhcalculos.com.br\/noticias\/wp-json\/wp\/v2\/posts\/7614\/revisions\/8776"}],"wp:attachment":[{"href":"https:\/\/mhcalculos.com.br\/noticias\/wp-json\/wp\/v2\/media?parent=7614"}],"wp:term":[{"taxonomy":"category","embeddable":true,"href":"https:\/\/mhcalculos.com.br\/noticias\/wp-json\/wp\/v2\/categories?post=7614"},{"taxonomy":"post_tag","embeddable":true,"href":"https:\/\/mhcalculos.com.br\/noticias\/wp-json\/wp\/v2\/tags?post=7614"}],"curies":[{"name":"wp","href":"https:\/\/api.w.org\/{rel}","templated":true}]}}