{"id":7601,"date":"2020-10-16T08:05:11","date_gmt":"2020-10-16T11:05:11","guid":{"rendered":"https:\/\/mhcalculos.com.br\/noticias\/area\/previdenciario\/trf3-tribunal-julga-4-168-processos-de-5-a-9-de-outubro.html"},"modified":"2021-07-28T14:28:46","modified_gmt":"2021-07-28T17:28:46","slug":"trf3-tribunal-julga-4-168-processos-de-5-a-9-de-outubro","status":"publish","type":"post","link":"https:\/\/mhcalculos.com.br\/noticias\/area\/previdenciario\/trf3-tribunal-julga-4-168-processos-de-5-a-9-de-outubro.html","title":{"rendered":"TRF3: TRIBUNAL&nbsp;JULGA\u00a04.168\u00a0PROCESSOS DE\u00a05 A 9 DE OUTUBRO\u00a0"},"content":{"rendered":"\n<div class=\"mat\">\n<p><em>Balan\u00e7o re\u00fane sess\u00f5es eletr\u00f4nicas realizadas por\u00a0sete\u00a0Turmas\u00a0e\u00a0duas Se\u00e7\u00f5es\u00a0<\/em><\/p>\n<p>Sete\u00a0Turmas\u00a0e\u00a0duas Se\u00e7\u00f5es\u00a0do Tribunal Regional Federal\u00a0da 3\u00aa Regi\u00e3o\u00a0(TRF3)\u00a0julgaram\u00a04.168\u00a0processos em sess\u00f5es virtuais do sistema do Processo Judicial Eletr\u00f4nico (PJe) e do Sistema de Acompanhamento Processual (Siapro),\u00a0entre os dias 5 e 9 de outubro. Como medida para o enfrentamento da emerg\u00eancia de sa\u00fade p\u00fablica decorrente do novo\u00a0coronav\u00edrus, sess\u00f5es previstas como presenciais foram realizadas por meio eletr\u00f4nico, garantindo a continuidade da presta\u00e7\u00e3o jurisdicional.\u00a0<\/p>\n<p><strong>Terceira Turma\u00a0<\/strong><\/p>\n<p>A Terceira Turma realizou sess\u00e3o no dia\u00a07\u00a0de\u00a0outubro, quando\u00a0484\u00a0processos foram julgados.\u00a0<\/p>\n<p>Os desembargadores federais Nery Junior, Carlos Muta,\u00a0Nelton\u00a0dos Santos e\u00a0Antonio\u00a0Cedenho\u00a0(presidente) integram o colegiado que aprecia mat\u00e9rias de direito constitucional, licita\u00e7\u00f5es, nulidade e anulabilidade de atos administrativos, ensino superior, inscri\u00e7\u00e3o no exerc\u00edcio profissional, tributos em geral e pre\u00e7os p\u00fablicos e contribui\u00e7\u00f5es.\u00a0<\/p>\n<p>A pr\u00f3xima sess\u00e3o de julgamento ocorrer\u00e1 no dia\u00a021\u00a0de\u00a0outubro, na modalidade virtual.\u00a0<\/p>\n<p><strong>Quarta Turma \u00a0<\/strong><\/p>\n<p>A Quarta Turma realizou sess\u00e3o no dia 8 de outubro,\u00a0quando 697 processos foram julgados. \u00a0<\/p>\n<p>Composta pelos desembargadores federais Andr\u00e9\u00a0Nabarrete, Marli Ferreira, M\u00f4nica Nobre e Marcelo Saraiva (presidente), o colegiado faz parte da Segunda Se\u00e7\u00e3o da corte e aprecia mat\u00e9rias de direito constitucional, licita\u00e7\u00f5es, nulidade e anulabilidade de atos administrativos, ensino superior, inscri\u00e7\u00e3o no exerc\u00edcio profissional, tributos em geral e pre\u00e7os p\u00fablicos e contribui\u00e7\u00f5es. \u00a0<\/p>\n<p>A pr\u00f3xima sess\u00e3o de julgamento do colegiado ocorre no dia 15 de outubro.\u00a0 \u00a0<\/p>\n<p><strong>Sexta Turma<\/strong>\u00a0<\/p>\n<p>No dia\u00a09\u00a0de\u00a0outubro, a Sexta Turma julgou\u00a01 de 4 processos\u00a0que estavam na pauta\u00a0da sess\u00e3o extraordin\u00e1ria.\u00a0<\/p>\n<p>O \u00f3rg\u00e3o julgador \u00e9 composto pelos desembargadores federais Diva\u00a0Malerbi, F\u00e1bio Prieto (presidente),\u00a0Johonsom\u00a0Di Salvo e Souza Ribeiro. O colegiado aprecia mat\u00e9rias de direito constitucional, licita\u00e7\u00f5es, nulidade e anulabilidade de atos administrativos, ensino superior, inscri\u00e7\u00e3o no exerc\u00edcio profissional, tributos em geral e pre\u00e7os p\u00fablicos e contribui\u00e7\u00f5es.\u00a0<\/p>\n<p>A pr\u00f3xima sess\u00e3o de julgamento ser\u00e1 realizada no dia 16\u00a0de\u00a0outubro.\u00a0<\/p>\n<p><strong>S\u00e9tima Turma\u00a0<\/strong><\/p>\n<p>A S\u00e9tima Turma realizou sess\u00e3o de julgamento eletr\u00f4nica no dia\u00a05\u00a0de\u00a0outubro. Na ocasi\u00e3o, foram julgados 1.048\u00a0de 1.082\u00a0processos pautados.\u00a0<\/p>\n<p>Integrante da Terceira Se\u00e7\u00e3o, o colegiado tem compet\u00eancia para julgar mat\u00e9rias relacionadas \u00e0 Previd\u00eancia e a Assist\u00eancia Social, como aposentadoria por idade rural e urbana, aux\u00edlio-doen\u00e7a, aposentadoria por invalidez, aux\u00edlio-reclus\u00e3o, Loas, pens\u00e3o por morte, aposentadoria por tempo de servi\u00e7o e sal\u00e1rio maternidade.\u00a0<\/p>\n<p>A Turma \u00e9 formada pelos desembargadores federais\u00a0Toru\u00a0Yamamoto, Paulo Domingues (presidente), Carlos Delgado e In\u00eas Virg\u00ednia.\u00a0<\/p>\n<p>A pr\u00f3xima sess\u00e3o de julgamento ser\u00e1 realizada no dia\u00a019\u00a0de\u00a0outubro.\u00a0<\/p>\n<p><strong>Nona Turma<\/strong>\u00a0<\/p>\n<p>No dia\u00a07\u00a0de\u00a0outubro, a Nona Turma julgou\u00a01.133\u00a0dos\u00a01.157\u00a0processos pautados para a sess\u00e3o eletr\u00f4nica. Composta pelos desembargadores federais Gilberto Jordan (presidente),\u00a0Daldice\u00a0Santana,\u00a0Batista Gon\u00e7alves e pela ju\u00edza federal\u00a0convocada Leila Paiva, o colegiado faz parte da Terceira Se\u00e7\u00e3o do TRF3, que tem compet\u00eancia para julgar processos sobre Previd\u00eancia e Assist\u00eancia Social.\u00a0<\/p>\n<p>A pr\u00f3xima sess\u00e3o de julgamento ser\u00e1 realizada no dia 21\u00a0de\u00a0outubro, na modalidade virtual.\u00a0<\/p>\n<p><strong>D\u00e9cima Turma<\/strong>\u00a0<\/p>\n<p>No dia\u00a06\u00a0de\u00a0outubro, a D\u00e9cima Turma julgou\u00a0640\u00a0processos de\u00a0646\u00a0que estavam pautados e tr\u00eas levados em mesa.\u00a0<\/p>\n<p>O colegiado \u00e9 formado pelos desembargadores federais Baptista Pereira (presidente), S\u00e9rgio Nascimento, Lucia\u00a0Ursaia\u00a0e Nelson Porfirio e aprecia mat\u00e9rias relacionadas \u00e0 Previd\u00eancia e Assist\u00eancia Social.\u00a0<\/p>\n<p>A pr\u00f3xima sess\u00e3o de julgamento do colegiado ocorre no dia\u00a020\u00a0de\u00a0outubro.\u00a0<\/p>\n<p><strong>D\u00e9cima Primeira Turma\u00a0<\/strong><\/p>\n<p>No dia 8 de outubro, a D\u00e9cima Primeira Turma julgou 70 processos, sendo 28 f\u00edsicos e 42 eletr\u00f4nicos. \u00a0<br \/>\n\u00a0<br \/>\nO colegiado \u00e9 composto pelos desembargadores federais Jos\u00e9\u00a0Lunardelli\u00a0(presidente), Nino Toldo e Fausto De\u00a0Sanctis\u00a0e julga mat\u00e9rias criminais. \u00a0<br \/>\n\u00a0<br \/>\nA pr\u00f3xima sess\u00e3o de julgamento da D\u00e9cima Primeira Turma ser\u00e1 realizada no dia 22 de outubro, na modalidade virtual, com sustenta\u00e7\u00e3o oral por videoconfer\u00eancia. \u00a0<\/p>\n<p><strong>Segunda Se\u00e7\u00e3o\u00a0<\/strong><\/p>\n<p>A Segunda Se\u00e7\u00e3o julgou 32 dos 37 processos pautados de forma virtual no dia 6 de outubro.\u00a0<\/p>\n<p>A pr\u00f3xima sess\u00e3o de julgamento eletr\u00f4nica do colegiado ser\u00e1 realizada no dia 3 de novembro.\u00a0<\/p>\n<p><strong>Terceira Se\u00e7\u00e3o\u00a0<\/strong><\/p>\n<p>A Terceira Se\u00e7\u00e3o julgou 63 dos 70 processos que estavam na pauta no dia 8 de outubro.\u00a0<\/p>\n<p>A pr\u00f3xima sess\u00e3o de julgamento eletr\u00f4nica do colegiado ser\u00e1 realizada no dia 22 de outubro.\u00a0<\/p>\n<p>Clique <a href=\"https:\/\/www.trf3.jus.br\/documentos\/seju\/Datas_das_Sessoes_de_Julgamento\/2020\/Calendario_Geral_2o_semestre_de_2020.pdf\" rel=\"noreferrer noopener\" target=\"_blank\">aqui<\/a> para acessar o calend\u00e1rio das sess\u00f5es de julgamento das Turmas e Se\u00e7\u00f5es do TRF3.\u00a0<\/p>\n<p>\u00a0<\/p>\n<p><a href=\"http:\/\/www.twitter.com\/trf3_oficial\" rel=\"noreferrer noopener\" target=\"_blank\">www.twitter.com\/trf3_oficial\u00a0<\/a><br \/>\n<a href=\"http:\/\/www.instagram.com\/trf3_oficial\" rel=\"noreferrer noopener\" target=\"_blank\">www.instagram.com\/trf3_oficial<\/a>\u00a0<\/p>\n<\/div>\n<p><script async src=\"https:\/\/platform.twitter.com\/widgets.js\" charset=\"utf-8\"><\/script><script async defer src=\"https:\/\/platform.instagram.com\/en_US\/embeds.js\"><\/script><br \/>\n<i>Com informa\u00e7\u00f5es da assessoria de imprensa do TRF3.<\/i><br \/>\n<br \/><a href=\"http:\/\/web.trf3.jus.br\/noticias\/Noticias\/Noticia\/Exibir\/400460\">Fonte<\/a><br \/>\n<br \/><\/p>\n","protected":false},"excerpt":{"rendered":"<p>Balan\u00e7o re\u00fane sess\u00f5es eletr\u00f4nicas realizadas por\u00a0sete\u00a0Turmas\u00a0e\u00a0duas Se\u00e7\u00f5es\u00a0 Sete\u00a0Turmas\u00a0e\u00a0duas Se\u00e7\u00f5es\u00a0do Tribunal Regional Federal\u00a0da 3\u00aa Regi\u00e3o\u00a0(TRF3)\u00a0julgaram\u00a04.168\u00a0processos em sess\u00f5es virtuais do sistema do Processo Judicial Eletr\u00f4nico (PJe) e do Sistema de Acompanhamento Processual (Siapro),\u00a0entre os dias 5 e 9 de outubro. Como medida para o enfrentamento da emerg\u00eancia de sa\u00fade p\u00fablica decorrente do novo\u00a0coronav\u00edrus, sess\u00f5es previstas como presenciais [&hellip;]<\/p>\n","protected":false},"author":3063,"featured_media":2672,"comment_status":"open","ping_status":"open","sticky":false,"template":"","format":"standard","meta":{"footnotes":""},"categories":[5,110],"tags":[11,10,8,13,9,12,152],"class_list":{"0":"post-7601","1":"post","2":"type-post","3":"status-publish","4":"format-standard","5":"has-post-thumbnail","7":"category-previdenciario","8":"category-trf3","9":"tag-aposentadoria","10":"tag-calculos-previdenciarios","11":"tag-direito-previdenciario","12":"tag-inss","13":"tag-pericia","14":"tag-perito","15":"tag-trf3"},"yoast_head":"<!-- This site is optimized with the Yoast SEO plugin v27.2 - https:\/\/yoast.com\/product\/yoast-seo-wordpress\/ -->\n<title>TRF3: TRIBUNAL&nbsp;JULGA\u00a04.168\u00a0PROCESSOS DE\u00a05 A 9 DE OUTUBRO\u00a0 | Portal de Not\u00edcias<\/title>\n<meta name=\"robots\" content=\"index, follow, max-snippet:-1, max-image-preview:large, max-video-preview:-1\" \/>\n<link rel=\"canonical\" href=\"https:\/\/mhcalculos.com.br\/noticias\/area\/previdenciario\/trf3-tribunal-julga-4-168-processos-de-5-a-9-de-outubro.html\" \/>\n<meta property=\"og:locale\" content=\"pt_BR\" \/>\n<meta property=\"og:type\" content=\"article\" \/>\n<meta property=\"og:title\" content=\"TRF3: TRIBUNAL&nbsp;JULGA\u00a04.168\u00a0PROCESSOS DE\u00a05 A 9 DE OUTUBRO\u00a0 | Portal de Not\u00edcias\" \/>\n<meta property=\"og:description\" content=\"Balan\u00e7o re\u00fane sess\u00f5es eletr\u00f4nicas realizadas por\u00a0sete\u00a0Turmas\u00a0e\u00a0duas Se\u00e7\u00f5es\u00a0 Sete\u00a0Turmas\u00a0e\u00a0duas Se\u00e7\u00f5es\u00a0do Tribunal Regional Federal\u00a0da 3\u00aa Regi\u00e3o\u00a0(TRF3)\u00a0julgaram\u00a04.168\u00a0processos em sess\u00f5es virtuais do sistema do Processo Judicial Eletr\u00f4nico (PJe) e do Sistema de Acompanhamento Processual (Siapro),\u00a0entre os dias 5 e 9 de outubro. Como medida para o enfrentamento da emerg\u00eancia de sa\u00fade p\u00fablica decorrente do novo\u00a0coronav\u00edrus, sess\u00f5es previstas como presenciais [&hellip;]\" \/>\n<meta property=\"og:url\" content=\"https:\/\/mhcalculos.com.br\/noticias\/area\/previdenciario\/trf3-tribunal-julga-4-168-processos-de-5-a-9-de-outubro.html\" \/>\n<meta property=\"og:site_name\" content=\"Portal de Not\u00edcias\" \/>\n<meta property=\"article:published_time\" content=\"2020-10-16T11:05:11+00:00\" \/>\n<meta property=\"article:modified_time\" content=\"2021-07-28T17:28:46+00:00\" \/>\n<meta property=\"og:image\" content=\"https:\/\/mhcalculos.com.br\/noticias\/wp-content\/uploads\/sites\/2\/2018\/08\/previdenciario-0037.jpg\" \/>\n\t<meta property=\"og:image:width\" content=\"2000\" \/>\n\t<meta property=\"og:image:height\" content=\"800\" \/>\n\t<meta property=\"og:image:type\" content=\"image\/jpeg\" \/>\n<meta name=\"author\" content=\"Equipe MH\" \/>\n<meta name=\"twitter:card\" content=\"summary_large_image\" \/>\n<meta name=\"twitter:label1\" content=\"Escrito por\" \/>\n\t<meta name=\"twitter:data1\" content=\"Equipe MH\" \/>\n\t<meta name=\"twitter:label2\" content=\"Est. tempo de leitura\" \/>\n\t<meta name=\"twitter:data2\" content=\"4 minutos\" \/>\n<script type=\"application\/ld+json\" class=\"yoast-schema-graph\">{\"@context\":\"https:\/\/schema.org\",\"@graph\":[{\"@type\":\"Article\",\"@id\":\"https:\/\/mhcalculos.com.br\/noticias\/area\/previdenciario\/trf3-tribunal-julga-4-168-processos-de-5-a-9-de-outubro.html#article\",\"isPartOf\":{\"@id\":\"https:\/\/mhcalculos.com.br\/noticias\/area\/previdenciario\/trf3-tribunal-julga-4-168-processos-de-5-a-9-de-outubro.html\"},\"author\":{\"name\":\"Equipe MH\",\"@id\":\"https:\/\/mhcalculos.com.br\/noticias\/#\/schema\/person\/88d1c34bf72dc779ea14a5a6b8e0ae8d\"},\"headline\":\"TRF3: TRIBUNAL&nbsp;JULGA\u00a04.168\u00a0PROCESSOS DE\u00a05 A 9 DE OUTUBRO\u00a0\",\"datePublished\":\"2020-10-16T11:05:11+00:00\",\"dateModified\":\"2021-07-28T17:28:46+00:00\",\"mainEntityOfPage\":{\"@id\":\"https:\/\/mhcalculos.com.br\/noticias\/area\/previdenciario\/trf3-tribunal-julga-4-168-processos-de-5-a-9-de-outubro.html\"},\"wordCount\":796,\"commentCount\":0,\"image\":{\"@id\":\"https:\/\/mhcalculos.com.br\/noticias\/area\/previdenciario\/trf3-tribunal-julga-4-168-processos-de-5-a-9-de-outubro.html#primaryimage\"},\"thumbnailUrl\":\"https:\/\/mhcalculos.com.br\/noticias\/wp-content\/uploads\/sites\/2\/2018\/08\/previdenciario-0037.jpg\",\"keywords\":[\"aposentadoria\",\"c\u00e1lculos previdenci\u00e1rios\",\"direito previdenci\u00e1rio\",\"inss\",\"per\u00edcia\",\"perito\",\"trf3\"],\"articleSection\":[\"Direito Previdenci\u00e1rio\",\"TRF3\"],\"inLanguage\":\"pt-BR\",\"potentialAction\":[{\"@type\":\"CommentAction\",\"name\":\"Comment\",\"target\":[\"https:\/\/mhcalculos.com.br\/noticias\/area\/previdenciario\/trf3-tribunal-julga-4-168-processos-de-5-a-9-de-outubro.html#respond\"]}]},{\"@type\":\"WebPage\",\"@id\":\"https:\/\/mhcalculos.com.br\/noticias\/area\/previdenciario\/trf3-tribunal-julga-4-168-processos-de-5-a-9-de-outubro.html\",\"url\":\"https:\/\/mhcalculos.com.br\/noticias\/area\/previdenciario\/trf3-tribunal-julga-4-168-processos-de-5-a-9-de-outubro.html\",\"name\":\"TRF3: TRIBUNAL&nbsp;JULGA\u00a04.168\u00a0PROCESSOS DE\u00a05 A 9 DE OUTUBRO\u00a0 | Portal de Not\u00edcias\",\"isPartOf\":{\"@id\":\"https:\/\/mhcalculos.com.br\/noticias\/#website\"},\"primaryImageOfPage\":{\"@id\":\"https:\/\/mhcalculos.com.br\/noticias\/area\/previdenciario\/trf3-tribunal-julga-4-168-processos-de-5-a-9-de-outubro.html#primaryimage\"},\"image\":{\"@id\":\"https:\/\/mhcalculos.com.br\/noticias\/area\/previdenciario\/trf3-tribunal-julga-4-168-processos-de-5-a-9-de-outubro.html#primaryimage\"},\"thumbnailUrl\":\"https:\/\/mhcalculos.com.br\/noticias\/wp-content\/uploads\/sites\/2\/2018\/08\/previdenciario-0037.jpg\",\"datePublished\":\"2020-10-16T11:05:11+00:00\",\"dateModified\":\"2021-07-28T17:28:46+00:00\",\"author\":{\"@id\":\"https:\/\/mhcalculos.com.br\/noticias\/#\/schema\/person\/88d1c34bf72dc779ea14a5a6b8e0ae8d\"},\"breadcrumb\":{\"@id\":\"https:\/\/mhcalculos.com.br\/noticias\/area\/previdenciario\/trf3-tribunal-julga-4-168-processos-de-5-a-9-de-outubro.html#breadcrumb\"},\"inLanguage\":\"pt-BR\",\"potentialAction\":[{\"@type\":\"ReadAction\",\"target\":[\"https:\/\/mhcalculos.com.br\/noticias\/area\/previdenciario\/trf3-tribunal-julga-4-168-processos-de-5-a-9-de-outubro.html\"]}]},{\"@type\":\"ImageObject\",\"inLanguage\":\"pt-BR\",\"@id\":\"https:\/\/mhcalculos.com.br\/noticias\/area\/previdenciario\/trf3-tribunal-julga-4-168-processos-de-5-a-9-de-outubro.html#primaryimage\",\"url\":\"https:\/\/mhcalculos.com.br\/noticias\/wp-content\/uploads\/sites\/2\/2018\/08\/previdenciario-0037.jpg\",\"contentUrl\":\"https:\/\/mhcalculos.com.br\/noticias\/wp-content\/uploads\/sites\/2\/2018\/08\/previdenciario-0037.jpg\",\"width\":2000,\"height\":800,\"caption\":\"Julgamento de repetitivos e opera\u00e7\u00f5es policiais marcam in\u00edcio do semestre forense no STJ\"},{\"@type\":\"BreadcrumbList\",\"@id\":\"https:\/\/mhcalculos.com.br\/noticias\/area\/previdenciario\/trf3-tribunal-julga-4-168-processos-de-5-a-9-de-outubro.html#breadcrumb\",\"itemListElement\":[{\"@type\":\"ListItem\",\"position\":1,\"name\":\"In\u00edcio\",\"item\":\"https:\/\/mhcalculos.com.br\/noticias\/\"},{\"@type\":\"ListItem\",\"position\":2,\"name\":\"TRF3: TRIBUNAL&nbsp;JULGA\u00a04.168\u00a0PROCESSOS DE\u00a05 A 9 DE OUTUBRO\u00a0\"}]},{\"@type\":\"WebSite\",\"@id\":\"https:\/\/mhcalculos.com.br\/noticias\/#website\",\"url\":\"https:\/\/mhcalculos.com.br\/noticias\/\",\"name\":\"Portal de Not\u00edcias\",\"description\":\"Not\u00edcias e Jurisprud\u00eancia\",\"potentialAction\":[{\"@type\":\"SearchAction\",\"target\":{\"@type\":\"EntryPoint\",\"urlTemplate\":\"https:\/\/mhcalculos.com.br\/noticias\/?s={search_term_string}\"},\"query-input\":{\"@type\":\"PropertyValueSpecification\",\"valueRequired\":true,\"valueName\":\"search_term_string\"}}],\"inLanguage\":\"pt-BR\"},{\"@type\":\"Person\",\"@id\":\"https:\/\/mhcalculos.com.br\/noticias\/#\/schema\/person\/88d1c34bf72dc779ea14a5a6b8e0ae8d\",\"name\":\"Equipe MH\",\"image\":{\"@type\":\"ImageObject\",\"inLanguage\":\"pt-BR\",\"@id\":\"https:\/\/secure.gravatar.com\/avatar\/de1c686c2ecc9c5a3f327e3431d819eb39f8f05d4e1045f5a1caad6daaba987f?s=96&d=mm&r=g\",\"url\":\"https:\/\/secure.gravatar.com\/avatar\/de1c686c2ecc9c5a3f327e3431d819eb39f8f05d4e1045f5a1caad6daaba987f?s=96&d=mm&r=g\",\"contentUrl\":\"https:\/\/secure.gravatar.com\/avatar\/de1c686c2ecc9c5a3f327e3431d819eb39f8f05d4e1045f5a1caad6daaba987f?s=96&d=mm&r=g\",\"caption\":\"Equipe MH\"}}]}<\/script>\n<!-- \/ Yoast SEO plugin. -->","yoast_head_json":{"title":"TRF3: TRIBUNAL&nbsp;JULGA\u00a04.168\u00a0PROCESSOS DE\u00a05 A 9 DE OUTUBRO\u00a0 | Portal de Not\u00edcias","robots":{"index":"index","follow":"follow","max-snippet":"max-snippet:-1","max-image-preview":"max-image-preview:large","max-video-preview":"max-video-preview:-1"},"canonical":"https:\/\/mhcalculos.com.br\/noticias\/area\/previdenciario\/trf3-tribunal-julga-4-168-processos-de-5-a-9-de-outubro.html","og_locale":"pt_BR","og_type":"article","og_title":"TRF3: TRIBUNAL&nbsp;JULGA\u00a04.168\u00a0PROCESSOS DE\u00a05 A 9 DE OUTUBRO\u00a0 | Portal de Not\u00edcias","og_description":"Balan\u00e7o re\u00fane sess\u00f5es eletr\u00f4nicas realizadas por\u00a0sete\u00a0Turmas\u00a0e\u00a0duas Se\u00e7\u00f5es\u00a0 Sete\u00a0Turmas\u00a0e\u00a0duas Se\u00e7\u00f5es\u00a0do Tribunal Regional Federal\u00a0da 3\u00aa Regi\u00e3o\u00a0(TRF3)\u00a0julgaram\u00a04.168\u00a0processos em sess\u00f5es virtuais do sistema do Processo Judicial Eletr\u00f4nico (PJe) e do Sistema de Acompanhamento Processual (Siapro),\u00a0entre os dias 5 e 9 de outubro. Como medida para o enfrentamento da emerg\u00eancia de sa\u00fade p\u00fablica decorrente do novo\u00a0coronav\u00edrus, sess\u00f5es previstas como presenciais [&hellip;]","og_url":"https:\/\/mhcalculos.com.br\/noticias\/area\/previdenciario\/trf3-tribunal-julga-4-168-processos-de-5-a-9-de-outubro.html","og_site_name":"Portal de Not\u00edcias","article_published_time":"2020-10-16T11:05:11+00:00","article_modified_time":"2021-07-28T17:28:46+00:00","og_image":[{"width":2000,"height":800,"url":"https:\/\/mhcalculos.com.br\/noticias\/wp-content\/uploads\/sites\/2\/2018\/08\/previdenciario-0037.jpg","type":"image\/jpeg"}],"author":"Equipe MH","twitter_card":"summary_large_image","twitter_misc":{"Escrito por":"Equipe MH","Est. tempo de leitura":"4 minutos"},"schema":{"@context":"https:\/\/schema.org","@graph":[{"@type":"Article","@id":"https:\/\/mhcalculos.com.br\/noticias\/area\/previdenciario\/trf3-tribunal-julga-4-168-processos-de-5-a-9-de-outubro.html#article","isPartOf":{"@id":"https:\/\/mhcalculos.com.br\/noticias\/area\/previdenciario\/trf3-tribunal-julga-4-168-processos-de-5-a-9-de-outubro.html"},"author":{"name":"Equipe MH","@id":"https:\/\/mhcalculos.com.br\/noticias\/#\/schema\/person\/88d1c34bf72dc779ea14a5a6b8e0ae8d"},"headline":"TRF3: TRIBUNAL&nbsp;JULGA\u00a04.168\u00a0PROCESSOS DE\u00a05 A 9 DE OUTUBRO\u00a0","datePublished":"2020-10-16T11:05:11+00:00","dateModified":"2021-07-28T17:28:46+00:00","mainEntityOfPage":{"@id":"https:\/\/mhcalculos.com.br\/noticias\/area\/previdenciario\/trf3-tribunal-julga-4-168-processos-de-5-a-9-de-outubro.html"},"wordCount":796,"commentCount":0,"image":{"@id":"https:\/\/mhcalculos.com.br\/noticias\/area\/previdenciario\/trf3-tribunal-julga-4-168-processos-de-5-a-9-de-outubro.html#primaryimage"},"thumbnailUrl":"https:\/\/mhcalculos.com.br\/noticias\/wp-content\/uploads\/sites\/2\/2018\/08\/previdenciario-0037.jpg","keywords":["aposentadoria","c\u00e1lculos previdenci\u00e1rios","direito previdenci\u00e1rio","inss","per\u00edcia","perito","trf3"],"articleSection":["Direito Previdenci\u00e1rio","TRF3"],"inLanguage":"pt-BR","potentialAction":[{"@type":"CommentAction","name":"Comment","target":["https:\/\/mhcalculos.com.br\/noticias\/area\/previdenciario\/trf3-tribunal-julga-4-168-processos-de-5-a-9-de-outubro.html#respond"]}]},{"@type":"WebPage","@id":"https:\/\/mhcalculos.com.br\/noticias\/area\/previdenciario\/trf3-tribunal-julga-4-168-processos-de-5-a-9-de-outubro.html","url":"https:\/\/mhcalculos.com.br\/noticias\/area\/previdenciario\/trf3-tribunal-julga-4-168-processos-de-5-a-9-de-outubro.html","name":"TRF3: TRIBUNAL&nbsp;JULGA\u00a04.168\u00a0PROCESSOS DE\u00a05 A 9 DE OUTUBRO\u00a0 | Portal de Not\u00edcias","isPartOf":{"@id":"https:\/\/mhcalculos.com.br\/noticias\/#website"},"primaryImageOfPage":{"@id":"https:\/\/mhcalculos.com.br\/noticias\/area\/previdenciario\/trf3-tribunal-julga-4-168-processos-de-5-a-9-de-outubro.html#primaryimage"},"image":{"@id":"https:\/\/mhcalculos.com.br\/noticias\/area\/previdenciario\/trf3-tribunal-julga-4-168-processos-de-5-a-9-de-outubro.html#primaryimage"},"thumbnailUrl":"https:\/\/mhcalculos.com.br\/noticias\/wp-content\/uploads\/sites\/2\/2018\/08\/previdenciario-0037.jpg","datePublished":"2020-10-16T11:05:11+00:00","dateModified":"2021-07-28T17:28:46+00:00","author":{"@id":"https:\/\/mhcalculos.com.br\/noticias\/#\/schema\/person\/88d1c34bf72dc779ea14a5a6b8e0ae8d"},"breadcrumb":{"@id":"https:\/\/mhcalculos.com.br\/noticias\/area\/previdenciario\/trf3-tribunal-julga-4-168-processos-de-5-a-9-de-outubro.html#breadcrumb"},"inLanguage":"pt-BR","potentialAction":[{"@type":"ReadAction","target":["https:\/\/mhcalculos.com.br\/noticias\/area\/previdenciario\/trf3-tribunal-julga-4-168-processos-de-5-a-9-de-outubro.html"]}]},{"@type":"ImageObject","inLanguage":"pt-BR","@id":"https:\/\/mhcalculos.com.br\/noticias\/area\/previdenciario\/trf3-tribunal-julga-4-168-processos-de-5-a-9-de-outubro.html#primaryimage","url":"https:\/\/mhcalculos.com.br\/noticias\/wp-content\/uploads\/sites\/2\/2018\/08\/previdenciario-0037.jpg","contentUrl":"https:\/\/mhcalculos.com.br\/noticias\/wp-content\/uploads\/sites\/2\/2018\/08\/previdenciario-0037.jpg","width":2000,"height":800,"caption":"Julgamento de repetitivos e opera\u00e7\u00f5es policiais marcam in\u00edcio do semestre forense no STJ"},{"@type":"BreadcrumbList","@id":"https:\/\/mhcalculos.com.br\/noticias\/area\/previdenciario\/trf3-tribunal-julga-4-168-processos-de-5-a-9-de-outubro.html#breadcrumb","itemListElement":[{"@type":"ListItem","position":1,"name":"In\u00edcio","item":"https:\/\/mhcalculos.com.br\/noticias\/"},{"@type":"ListItem","position":2,"name":"TRF3: TRIBUNAL&nbsp;JULGA\u00a04.168\u00a0PROCESSOS DE\u00a05 A 9 DE OUTUBRO\u00a0"}]},{"@type":"WebSite","@id":"https:\/\/mhcalculos.com.br\/noticias\/#website","url":"https:\/\/mhcalculos.com.br\/noticias\/","name":"Portal de Not\u00edcias","description":"Not\u00edcias e Jurisprud\u00eancia","potentialAction":[{"@type":"SearchAction","target":{"@type":"EntryPoint","urlTemplate":"https:\/\/mhcalculos.com.br\/noticias\/?s={search_term_string}"},"query-input":{"@type":"PropertyValueSpecification","valueRequired":true,"valueName":"search_term_string"}}],"inLanguage":"pt-BR"},{"@type":"Person","@id":"https:\/\/mhcalculos.com.br\/noticias\/#\/schema\/person\/88d1c34bf72dc779ea14a5a6b8e0ae8d","name":"Equipe MH","image":{"@type":"ImageObject","inLanguage":"pt-BR","@id":"https:\/\/secure.gravatar.com\/avatar\/de1c686c2ecc9c5a3f327e3431d819eb39f8f05d4e1045f5a1caad6daaba987f?s=96&d=mm&r=g","url":"https:\/\/secure.gravatar.com\/avatar\/de1c686c2ecc9c5a3f327e3431d819eb39f8f05d4e1045f5a1caad6daaba987f?s=96&d=mm&r=g","contentUrl":"https:\/\/secure.gravatar.com\/avatar\/de1c686c2ecc9c5a3f327e3431d819eb39f8f05d4e1045f5a1caad6daaba987f?s=96&d=mm&r=g","caption":"Equipe MH"}}]}},"_links":{"self":[{"href":"https:\/\/mhcalculos.com.br\/noticias\/wp-json\/wp\/v2\/posts\/7601","targetHints":{"allow":["GET"]}}],"collection":[{"href":"https:\/\/mhcalculos.com.br\/noticias\/wp-json\/wp\/v2\/posts"}],"about":[{"href":"https:\/\/mhcalculos.com.br\/noticias\/wp-json\/wp\/v2\/types\/post"}],"author":[{"embeddable":true,"href":"https:\/\/mhcalculos.com.br\/noticias\/wp-json\/wp\/v2\/users\/3063"}],"replies":[{"embeddable":true,"href":"https:\/\/mhcalculos.com.br\/noticias\/wp-json\/wp\/v2\/comments?post=7601"}],"version-history":[{"count":1,"href":"https:\/\/mhcalculos.com.br\/noticias\/wp-json\/wp\/v2\/posts\/7601\/revisions"}],"predecessor-version":[{"id":8788,"href":"https:\/\/mhcalculos.com.br\/noticias\/wp-json\/wp\/v2\/posts\/7601\/revisions\/8788"}],"wp:featuredmedia":[{"embeddable":true,"href":"https:\/\/mhcalculos.com.br\/noticias\/wp-json\/wp\/v2\/media\/2672"}],"wp:attachment":[{"href":"https:\/\/mhcalculos.com.br\/noticias\/wp-json\/wp\/v2\/media?parent=7601"}],"wp:term":[{"taxonomy":"category","embeddable":true,"href":"https:\/\/mhcalculos.com.br\/noticias\/wp-json\/wp\/v2\/categories?post=7601"},{"taxonomy":"post_tag","embeddable":true,"href":"https:\/\/mhcalculos.com.br\/noticias\/wp-json\/wp\/v2\/tags?post=7601"}],"curies":[{"name":"wp","href":"https:\/\/api.w.org\/{rel}","templated":true}]}}