{"id":7592,"date":"2020-10-07T14:33:00","date_gmt":"2020-10-07T17:33:00","guid":{"rendered":"https:\/\/mhcalculos.com.br\/noticias\/area\/trabalhista\/tst-ministro-suspende-liminar-que-impedia-atualizacao-das-normas-regulamentadoras.html"},"modified":"2021-07-28T14:28:49","modified_gmt":"2021-07-28T17:28:49","slug":"tst-ministro-suspende-liminar-que-impedia-atualizacao-das-normas-regulamentadoras","status":"publish","type":"post","link":"https:\/\/mhcalculos.com.br\/noticias\/area\/trabalhista\/tst-ministro-suspende-liminar-que-impedia-atualizacao-das-normas-regulamentadoras.html","title":{"rendered":"TST: Ministro suspende liminar que impedia atualiza\u00e7\u00e3o das Normas Regulamentadoras"},"content":{"rendered":"<p><br \/>\n<\/p>\n<p><em><\/p>\n<p>Segundo o relator, a compet\u00eancia para examinar o caso \u00e9 do STF, e n\u00e3o da Justi\u00e7a do Trabalho.<\/p>\n<p><\/em><\/p>\n<p>        <a class=\"share-facebook\" href=\"https:\/\/www.facebook.com\/sharer.php?u=http:\/\/www.tst.jus.br\/-\/ministro-suspende-liminar-que-impedia-atualiza%C3%A7%C3%A3o-das-normas-regulamentadoras\" target=\"_blank\" rel=\"noopener noreferrer\"><\/a><br \/>\n        <a class=\"share-twitter\" href=\"http:\/\/twitter.com\/intent\/tweet?text=Ministro suspende liminar que impedia atualiza\u00e7\u00e3o das Normas Regulamentadoras%0AVeja%20mais%20em:&amp;url=http:\/\/www.tst.jus.br\/-\/ministro-suspende-liminar-que-impedia-atualiza%C3%A7%C3%A3o-das-normas-regulamentadoras\" target=\"_blank\" rel=\"noopener noreferrer\"><\/a><br \/>\n        <a class=\"share-linkedin\" href=\"https:\/\/www.linkedin.com\/shareArticle?mini=true&amp;url=http:\/\/www.tst.jus.br\/-\/ministro-suspende-liminar-que-impedia-atualiza%C3%A7%C3%A3o-das-normas-regulamentadoras&amp;title=Ministro suspende liminar que impedia atualiza\u00e7\u00e3o das Normas Regulamentadoras\" target=\"_blank\" rel=\"noopener noreferrer\"><\/a><br \/>\n        <a class=\"share-whatsapp\" href=\"https:\/\/web.whatsapp.com\/send?text=http:\/\/www.tst.jus.br\/-\/ministro-suspende-liminar-que-impedia-atualiza%C3%A7%C3%A3o-das-normas-regulamentadoras\" target=\"_blank\" rel=\"noopener noreferrer\"><\/a><br \/>\n        <a class=\"share-googleplus\" href=\"https:\/\/plus.google.com\/share?url=http:\/\/www.tst.jus.br\/-\/ministro-suspende-liminar-que-impedia-atualiza%C3%A7%C3%A3o-das-normas-regulamentadoras\" target=\"_blank\" rel=\"noopener noreferrer\"><\/a><\/p>\n<p>07\/10\/20 &#8211;&nbsp;O ministro Douglas Alencar, do Tribunal Superior do Trabalho, suspendeu liminar concedida pelo ju\u00edzo da 9\u00aa Vara do Trabalho de Bras\u00edlia (DF) em que se determinava a observ\u00e2ncia, pela Uni\u00e3o, de diversos procedimentos para a revis\u00e3o e a atualiza\u00e7\u00e3o das Normas Regulamentadoras (NRs) do extinto Minist\u00e9rio do Trabalho (atual Secretaria Especial de Previd\u00eancia e Trabalho). No exame preliminar do caso, o ministro entendeu que a compet\u00eancia para discutir a validade de normas estabelecidas pelo Poder Executivo \u00e9 do Supremo Tribunal Federal (STF).<\/p>\n<h4>Entenda o caso<\/h4>\n<p>A origem da controv\u00e9rsia \u00e9 a a\u00e7\u00e3o civil p\u00fablica em que o Minist\u00e9rio P\u00f9blico do Trabalho (MPT) alega que o processo de revis\u00e3o das NRs tem sido conduzido de \u201cmodo afoito\u201d, com \u201cpouqu\u00edssimo tempo para an\u00e1lise e amadurecimento\u201d de propostas das bancadas tripartites (Estado, empregados e trabalhadores) e sem estudos cient\u00edficos e de impacto regulat\u00f3rio. Como exemplo, citou a altera\u00e7\u00e3o do Anexo 3 da NR 15 por meio da Portaria 1.359\/2019 da Secretaria Especial de Previd\u00eancia e Trabalho, que passou a estabelecer que o calor apenas pode gerar insalubridade \u201cem ambientes fechados ou ambientes com fonte artificial de calor\u201d. O MPT sustenta que, a partir dessa previs\u00e3o, trabalhadores rurais ou da constru\u00e7\u00e3o civil sujeitos a risco f\u00edsico id\u00eantico ao dos empregados de f\u00e1bricas ou escrit\u00f3rios n\u00e3o mais ser\u00e3o considerados como expostos \u00e0 insalubridade. Por isso, pediu, entre outros pontos, a suspens\u00e3o imediata das altera\u00e7\u00f5es e a determina\u00e7\u00e3o de observ\u00e2ncia dos procedimentos previstos para a revis\u00e3o das normas.<\/p>\n<p>A Uni\u00e3o, em contesta\u00e7\u00e3o, questionou a compet\u00eancia da Justi\u00e7a do Trabalho para apreciar e julgar o caso e afirmou que as altera\u00e7\u00f5es, al\u00e9m de terem observado os procedimentos, por meio do di\u00e1logo tripartite e de consultas p\u00fablicas, visam modernizar e ampliar a prote\u00e7\u00e3o de direitos dos trabalhadores. A suspens\u00e3o das mudan\u00e7as, de acordo com a Uni\u00e3o, afetaria o exerc\u00edcio do poder regulamentador do Executivo, por meio do Minist\u00e9rio da Economia.<\/p>\n<p>O ju\u00edzo de primeiro grau deferiu parcialmente a liminar para determinar que a Uni\u00e3o passe a cumprir diversos requisitos procedimentais previstos na Portaria 1.224\/2018 do extinto Minist\u00e9rio do Trabalho para a revis\u00e3o das NRs, como a elabora\u00e7\u00e3o de texto t\u00e9cnico b\u00e1sico, sua disponibiliza\u00e7\u00e3o para consulta p\u00fablica e apresenta\u00e7\u00e3o de an\u00e1lise do impacto regulat\u00f3rio.<\/p>\n<p>O mandado de seguran\u00e7a impetrado pela Uni\u00e3o contra essa decis\u00e3o foi rejeitado pelo Tribunal Regional do Trabalho da 10\u00aa Regi\u00e3o (DF\/TO), levando-a, assim, a interpor o recurso ordin\u00e1rio no TST, com o pedido de efeito suspensivo (medida que suspende a efic\u00e1cia de uma decis\u00e3o at\u00e9 o julgamento do m\u00e9rito de um recurso).<\/p>\n<h4>Incompet\u00eancia<\/h4>\n<p>Ao deferir o pedido, o ministro Douglas Alencar considerou plaus\u00edvel o argumento da Uni\u00e3o de incompet\u00eancia da Justi\u00e7a do Trabalho para examinar o pedido de declara\u00e7\u00e3o de nulidade da portaria que alterou a NR-15, por suposta afronta a normas procedimentais e materiais. \u201cA rigor, parece-me que a controv\u00e9rsia existente nos autos da a\u00e7\u00e3o civil p\u00fablica n\u00e3o visa \u00e0 preserva\u00e7\u00e3o do meio ambiente laboral numa situa\u00e7\u00e3o espec\u00edfica, concreta e determinada, mas envolve, muito al\u00e9m disso, a pr\u00f3pria retirada da Portaria 1.359\/2019 do mundo jur\u00eddico, com a revalida\u00e7\u00e3o da normatividade anterior, o que implicaria, nessa parte, usurpa\u00e7\u00e3o da compet\u00eancia do Supremo Tribunal Federal\u201d, afirmou.<\/p>\n<p>O relator explicou que o artigo 114 da Constitui\u00e7\u00e3o Federal n\u00e3o confere \u00e0 Justi\u00e7a do Trabalho compet\u00eancia para o exame de pedido de retirada de ato normativo do ordenamento jur\u00eddico, que \u00e9 o pretendido pelo MPT. \u201cPara o reconhecimento da compet\u00eancia material da Justi\u00e7a do Trabalho, \u00e9 necess\u00e1rio que esteja em discuss\u00e3o a prote\u00e7\u00e3o do meio ambiente laboral numa situa\u00e7\u00e3o concreta\u201d, concluiu.<\/p>\n<p>Com a decis\u00e3o, a liminar concedida pelo ju\u00edzo de primeiro grau fica suspensa at\u00e9 o julgamento do mandado de seguran\u00e7a pela Subse\u00e7\u00e3o II Especializada em Diss\u00eddios Individuais (SDI-2) do TST.<\/p>\n<p>(CF)<\/p>\n<p>Processo: TutCautAnt-1001321-33.2020.5.00.0000<br \/>\n&nbsp;<\/p>\n<p>    $(&#8216;#lightbox-joet_ .slider-gallery-wrapper img&#8217;).hover(<br \/>\n    function() {<br \/>\n        const $text=$($($(this).parent()).next());<br \/>\n        $text.hasClass(&#8216;inside-description&#8217;) &amp;&amp; $text.fadeTo( &#8220;slow&#8221; , 0);<br \/>\n    }, function() {<br \/>\n        const $text=$($($(this).parent()).next());<br \/>\n        $text.hasClass(&#8216;inside-description&#8217;) &amp;&amp; $text.fadeTo( &#8220;slow&#8221; , 1);<br \/>\n    }<br \/>\n    );<br \/>\n    $(document).ready(function() {<br \/>\n        var joet_autoplaying=false;<br \/>\n        var joet_showingLightbox=false;<br \/>\n        const joet_playPauseControllers=&#8221;#slider-joet_-playpause, #slider-joet_-lightbox-playpause&#8221;;<br \/>\n        $(&#8220;#slider-joet_&#8221;).slick({<br \/>\n            slidesToShow: 1,<br \/>\n            slidesToScroll: 1,<br \/>\n            autoplay: joet_autoplaying,<br \/>\n            swipeToSlide: false,<br \/>\n            centerMode: false,<br \/>\n            autoplaySpeed: 3000,<br \/>\n            focusOnSelect: true,<br \/>\n            prevArrow:<br \/>\n            &#8221;,<br \/>\n            nextArrow:<br \/>\n            &#8221;,<br \/>\n            centerPadding: &#8220;60px&#8221;,<br \/>\n            responsive: [<br \/>\n                {<br \/>\n                    breakpoint: 767.98,<br \/>\n                    settings: {<br \/>\n                        slidesToShow: 3,<br \/>\n                        adaptiveHeight: true<br \/>\n                    }<br \/>\n                }<br \/>\n            ]<br \/>\n        });<br \/>\n        $(&#8220;#slider-joet_&#8221;).slickLightbox({<br \/>\n            src: &#8216;src&#8217;,<br \/>\n            itemSelector: &#8216;.galery-image .multimidia-wrapper img&#8217;,<br \/>\n            caption:&#8217;caption&#8217;<br \/>\n        });<br \/>\n    });<br \/>\n<script async src=\"https:\/\/platform.twitter.com\/widgets.js\" charset=\"utf-8\"><\/script><br \/>\n<br \/><i>Com informa\u00e7\u00f5es da assessoria de imprensa do TST.<\/i><br \/>\n<br \/><a href=\"http:\/\/www.tst.jus.br\/web\/guest\/noticias?p_p_id=89Dk&#038;p_p_lifecycle=0&#038;refererPlid=10730&#038;_89Dk_groupId=10157&#038;_89Dk_articleId=26757586\">Fonte<\/a><br \/>\n<br \/><\/p>\n","protected":false},"excerpt":{"rendered":"<p>Segundo o relator, a compet\u00eancia para examinar o caso \u00e9 do STF, e n\u00e3o da Justi\u00e7a do Trabalho. 07\/10\/20 &#8211;&nbsp;O ministro Douglas Alencar, do Tribunal Superior do Trabalho, suspendeu liminar concedida pelo ju\u00edzo da 9\u00aa Vara do Trabalho de Bras\u00edlia (DF) em que se determinava a observ\u00e2ncia, pela Uni\u00e3o, de diversos procedimentos para a revis\u00e3o [&hellip;]<\/p>\n","protected":false},"author":3063,"featured_media":2196,"comment_status":"open","ping_status":"open","sticky":false,"template":"","format":"standard","meta":{"footnotes":""},"categories":[3,21],"tags":[33,216,9,12,217,215],"class_list":{"0":"post-7592","1":"post","2":"type-post","3":"status-publish","4":"format-standard","5":"has-post-thumbnail","7":"category-trabalhista","8":"category-tst","9":"tag-calculos-trabalhistas","10":"tag-direito-trabalhista","11":"tag-pericia","12":"tag-perito","13":"tag-trabalho","14":"tag-tst"},"yoast_head":"<!-- This site is optimized with the Yoast SEO plugin v27.2 - https:\/\/yoast.com\/product\/yoast-seo-wordpress\/ -->\n<title>TST: Ministro suspende liminar que impedia atualiza\u00e7\u00e3o das Normas Regulamentadoras | Portal de Not\u00edcias<\/title>\n<meta name=\"robots\" content=\"index, follow, max-snippet:-1, max-image-preview:large, max-video-preview:-1\" \/>\n<link rel=\"canonical\" href=\"https:\/\/mhcalculos.com.br\/noticias\/area\/trabalhista\/tst-ministro-suspende-liminar-que-impedia-atualizacao-das-normas-regulamentadoras.html\" \/>\n<meta property=\"og:locale\" content=\"pt_BR\" \/>\n<meta property=\"og:type\" content=\"article\" \/>\n<meta property=\"og:title\" content=\"TST: Ministro suspende liminar que impedia atualiza\u00e7\u00e3o das Normas Regulamentadoras | Portal de Not\u00edcias\" \/>\n<meta property=\"og:description\" content=\"Segundo o relator, a compet\u00eancia para examinar o caso \u00e9 do STF, e n\u00e3o da Justi\u00e7a do Trabalho. 07\/10\/20 &#8211;&nbsp;O ministro Douglas Alencar, do Tribunal Superior do Trabalho, suspendeu liminar concedida pelo ju\u00edzo da 9\u00aa Vara do Trabalho de Bras\u00edlia (DF) em que se determinava a observ\u00e2ncia, pela Uni\u00e3o, de diversos procedimentos para a revis\u00e3o [&hellip;]\" \/>\n<meta property=\"og:url\" content=\"https:\/\/mhcalculos.com.br\/noticias\/area\/trabalhista\/tst-ministro-suspende-liminar-que-impedia-atualizacao-das-normas-regulamentadoras.html\" \/>\n<meta property=\"og:site_name\" content=\"Portal de Not\u00edcias\" \/>\n<meta property=\"article:published_time\" content=\"2020-10-07T17:33:00+00:00\" \/>\n<meta property=\"article:modified_time\" content=\"2021-07-28T17:28:49+00:00\" \/>\n<meta property=\"og:image\" content=\"https:\/\/mhcalculos.com.br\/noticias\/wp-content\/uploads\/sites\/2\/2018\/06\/trabalhista-0035.jpg\" \/>\n\t<meta property=\"og:image:width\" content=\"2000\" \/>\n\t<meta property=\"og:image:height\" content=\"800\" \/>\n\t<meta property=\"og:image:type\" content=\"image\/jpeg\" \/>\n<meta name=\"author\" content=\"Equipe MH\" \/>\n<meta name=\"twitter:card\" content=\"summary_large_image\" \/>\n<meta name=\"twitter:label1\" content=\"Escrito por\" \/>\n\t<meta name=\"twitter:data1\" content=\"Equipe MH\" \/>\n\t<meta name=\"twitter:label2\" content=\"Est. tempo de leitura\" \/>\n\t<meta name=\"twitter:data2\" content=\"4 minutos\" \/>\n<script type=\"application\/ld+json\" class=\"yoast-schema-graph\">{\"@context\":\"https:\/\/schema.org\",\"@graph\":[{\"@type\":\"Article\",\"@id\":\"https:\/\/mhcalculos.com.br\/noticias\/area\/trabalhista\/tst-ministro-suspende-liminar-que-impedia-atualizacao-das-normas-regulamentadoras.html#article\",\"isPartOf\":{\"@id\":\"https:\/\/mhcalculos.com.br\/noticias\/area\/trabalhista\/tst-ministro-suspende-liminar-que-impedia-atualizacao-das-normas-regulamentadoras.html\"},\"author\":{\"name\":\"Equipe MH\",\"@id\":\"https:\/\/mhcalculos.com.br\/noticias\/#\/schema\/person\/88d1c34bf72dc779ea14a5a6b8e0ae8d\"},\"headline\":\"TST: Ministro suspende liminar que impedia atualiza\u00e7\u00e3o das Normas Regulamentadoras\",\"datePublished\":\"2020-10-07T17:33:00+00:00\",\"dateModified\":\"2021-07-28T17:28:49+00:00\",\"mainEntityOfPage\":{\"@id\":\"https:\/\/mhcalculos.com.br\/noticias\/area\/trabalhista\/tst-ministro-suspende-liminar-que-impedia-atualizacao-das-normas-regulamentadoras.html\"},\"wordCount\":835,\"commentCount\":0,\"image\":{\"@id\":\"https:\/\/mhcalculos.com.br\/noticias\/area\/trabalhista\/tst-ministro-suspende-liminar-que-impedia-atualizacao-das-normas-regulamentadoras.html#primaryimage\"},\"thumbnailUrl\":\"https:\/\/mhcalculos.com.br\/noticias\/wp-content\/uploads\/sites\/2\/2018\/06\/trabalhista-0035.jpg\",\"keywords\":[\"c\u00e1lculos trabalhistas\",\"direito trabalhista\",\"per\u00edcia\",\"perito\",\"trabalho\",\"TST\"],\"articleSection\":[\"Direito Trabalhista\",\"TST\"],\"inLanguage\":\"pt-BR\",\"potentialAction\":[{\"@type\":\"CommentAction\",\"name\":\"Comment\",\"target\":[\"https:\/\/mhcalculos.com.br\/noticias\/area\/trabalhista\/tst-ministro-suspende-liminar-que-impedia-atualizacao-das-normas-regulamentadoras.html#respond\"]}]},{\"@type\":\"WebPage\",\"@id\":\"https:\/\/mhcalculos.com.br\/noticias\/area\/trabalhista\/tst-ministro-suspende-liminar-que-impedia-atualizacao-das-normas-regulamentadoras.html\",\"url\":\"https:\/\/mhcalculos.com.br\/noticias\/area\/trabalhista\/tst-ministro-suspende-liminar-que-impedia-atualizacao-das-normas-regulamentadoras.html\",\"name\":\"TST: Ministro suspende liminar que impedia atualiza\u00e7\u00e3o das Normas Regulamentadoras | Portal de Not\u00edcias\",\"isPartOf\":{\"@id\":\"https:\/\/mhcalculos.com.br\/noticias\/#website\"},\"primaryImageOfPage\":{\"@id\":\"https:\/\/mhcalculos.com.br\/noticias\/area\/trabalhista\/tst-ministro-suspende-liminar-que-impedia-atualizacao-das-normas-regulamentadoras.html#primaryimage\"},\"image\":{\"@id\":\"https:\/\/mhcalculos.com.br\/noticias\/area\/trabalhista\/tst-ministro-suspende-liminar-que-impedia-atualizacao-das-normas-regulamentadoras.html#primaryimage\"},\"thumbnailUrl\":\"https:\/\/mhcalculos.com.br\/noticias\/wp-content\/uploads\/sites\/2\/2018\/06\/trabalhista-0035.jpg\",\"datePublished\":\"2020-10-07T17:33:00+00:00\",\"dateModified\":\"2021-07-28T17:28:49+00:00\",\"author\":{\"@id\":\"https:\/\/mhcalculos.com.br\/noticias\/#\/schema\/person\/88d1c34bf72dc779ea14a5a6b8e0ae8d\"},\"breadcrumb\":{\"@id\":\"https:\/\/mhcalculos.com.br\/noticias\/area\/trabalhista\/tst-ministro-suspende-liminar-que-impedia-atualizacao-das-normas-regulamentadoras.html#breadcrumb\"},\"inLanguage\":\"pt-BR\",\"potentialAction\":[{\"@type\":\"ReadAction\",\"target\":[\"https:\/\/mhcalculos.com.br\/noticias\/area\/trabalhista\/tst-ministro-suspende-liminar-que-impedia-atualizacao-das-normas-regulamentadoras.html\"]}]},{\"@type\":\"ImageObject\",\"inLanguage\":\"pt-BR\",\"@id\":\"https:\/\/mhcalculos.com.br\/noticias\/area\/trabalhista\/tst-ministro-suspende-liminar-que-impedia-atualizacao-das-normas-regulamentadoras.html#primaryimage\",\"url\":\"https:\/\/mhcalculos.com.br\/noticias\/wp-content\/uploads\/sites\/2\/2018\/06\/trabalhista-0035.jpg\",\"contentUrl\":\"https:\/\/mhcalculos.com.br\/noticias\/wp-content\/uploads\/sites\/2\/2018\/06\/trabalhista-0035.jpg\",\"width\":2000,\"height\":800},{\"@type\":\"BreadcrumbList\",\"@id\":\"https:\/\/mhcalculos.com.br\/noticias\/area\/trabalhista\/tst-ministro-suspende-liminar-que-impedia-atualizacao-das-normas-regulamentadoras.html#breadcrumb\",\"itemListElement\":[{\"@type\":\"ListItem\",\"position\":1,\"name\":\"In\u00edcio\",\"item\":\"https:\/\/mhcalculos.com.br\/noticias\/\"},{\"@type\":\"ListItem\",\"position\":2,\"name\":\"TST: Ministro suspende liminar que impedia atualiza\u00e7\u00e3o das Normas Regulamentadoras\"}]},{\"@type\":\"WebSite\",\"@id\":\"https:\/\/mhcalculos.com.br\/noticias\/#website\",\"url\":\"https:\/\/mhcalculos.com.br\/noticias\/\",\"name\":\"Portal de Not\u00edcias\",\"description\":\"Not\u00edcias e Jurisprud\u00eancia\",\"potentialAction\":[{\"@type\":\"SearchAction\",\"target\":{\"@type\":\"EntryPoint\",\"urlTemplate\":\"https:\/\/mhcalculos.com.br\/noticias\/?s={search_term_string}\"},\"query-input\":{\"@type\":\"PropertyValueSpecification\",\"valueRequired\":true,\"valueName\":\"search_term_string\"}}],\"inLanguage\":\"pt-BR\"},{\"@type\":\"Person\",\"@id\":\"https:\/\/mhcalculos.com.br\/noticias\/#\/schema\/person\/88d1c34bf72dc779ea14a5a6b8e0ae8d\",\"name\":\"Equipe MH\",\"image\":{\"@type\":\"ImageObject\",\"inLanguage\":\"pt-BR\",\"@id\":\"https:\/\/secure.gravatar.com\/avatar\/de1c686c2ecc9c5a3f327e3431d819eb39f8f05d4e1045f5a1caad6daaba987f?s=96&d=mm&r=g\",\"url\":\"https:\/\/secure.gravatar.com\/avatar\/de1c686c2ecc9c5a3f327e3431d819eb39f8f05d4e1045f5a1caad6daaba987f?s=96&d=mm&r=g\",\"contentUrl\":\"https:\/\/secure.gravatar.com\/avatar\/de1c686c2ecc9c5a3f327e3431d819eb39f8f05d4e1045f5a1caad6daaba987f?s=96&d=mm&r=g\",\"caption\":\"Equipe MH\"}}]}<\/script>\n<!-- \/ Yoast SEO plugin. -->","yoast_head_json":{"title":"TST: Ministro suspende liminar que impedia atualiza\u00e7\u00e3o das Normas Regulamentadoras | Portal de Not\u00edcias","robots":{"index":"index","follow":"follow","max-snippet":"max-snippet:-1","max-image-preview":"max-image-preview:large","max-video-preview":"max-video-preview:-1"},"canonical":"https:\/\/mhcalculos.com.br\/noticias\/area\/trabalhista\/tst-ministro-suspende-liminar-que-impedia-atualizacao-das-normas-regulamentadoras.html","og_locale":"pt_BR","og_type":"article","og_title":"TST: Ministro suspende liminar que impedia atualiza\u00e7\u00e3o das Normas Regulamentadoras | Portal de Not\u00edcias","og_description":"Segundo o relator, a compet\u00eancia para examinar o caso \u00e9 do STF, e n\u00e3o da Justi\u00e7a do Trabalho. 07\/10\/20 &#8211;&nbsp;O ministro Douglas Alencar, do Tribunal Superior do Trabalho, suspendeu liminar concedida pelo ju\u00edzo da 9\u00aa Vara do Trabalho de Bras\u00edlia (DF) em que se determinava a observ\u00e2ncia, pela Uni\u00e3o, de diversos procedimentos para a revis\u00e3o [&hellip;]","og_url":"https:\/\/mhcalculos.com.br\/noticias\/area\/trabalhista\/tst-ministro-suspende-liminar-que-impedia-atualizacao-das-normas-regulamentadoras.html","og_site_name":"Portal de Not\u00edcias","article_published_time":"2020-10-07T17:33:00+00:00","article_modified_time":"2021-07-28T17:28:49+00:00","og_image":[{"width":2000,"height":800,"url":"https:\/\/mhcalculos.com.br\/noticias\/wp-content\/uploads\/sites\/2\/2018\/06\/trabalhista-0035.jpg","type":"image\/jpeg"}],"author":"Equipe MH","twitter_card":"summary_large_image","twitter_misc":{"Escrito por":"Equipe MH","Est. tempo de leitura":"4 minutos"},"schema":{"@context":"https:\/\/schema.org","@graph":[{"@type":"Article","@id":"https:\/\/mhcalculos.com.br\/noticias\/area\/trabalhista\/tst-ministro-suspende-liminar-que-impedia-atualizacao-das-normas-regulamentadoras.html#article","isPartOf":{"@id":"https:\/\/mhcalculos.com.br\/noticias\/area\/trabalhista\/tst-ministro-suspende-liminar-que-impedia-atualizacao-das-normas-regulamentadoras.html"},"author":{"name":"Equipe MH","@id":"https:\/\/mhcalculos.com.br\/noticias\/#\/schema\/person\/88d1c34bf72dc779ea14a5a6b8e0ae8d"},"headline":"TST: Ministro suspende liminar que impedia atualiza\u00e7\u00e3o das Normas Regulamentadoras","datePublished":"2020-10-07T17:33:00+00:00","dateModified":"2021-07-28T17:28:49+00:00","mainEntityOfPage":{"@id":"https:\/\/mhcalculos.com.br\/noticias\/area\/trabalhista\/tst-ministro-suspende-liminar-que-impedia-atualizacao-das-normas-regulamentadoras.html"},"wordCount":835,"commentCount":0,"image":{"@id":"https:\/\/mhcalculos.com.br\/noticias\/area\/trabalhista\/tst-ministro-suspende-liminar-que-impedia-atualizacao-das-normas-regulamentadoras.html#primaryimage"},"thumbnailUrl":"https:\/\/mhcalculos.com.br\/noticias\/wp-content\/uploads\/sites\/2\/2018\/06\/trabalhista-0035.jpg","keywords":["c\u00e1lculos trabalhistas","direito trabalhista","per\u00edcia","perito","trabalho","TST"],"articleSection":["Direito Trabalhista","TST"],"inLanguage":"pt-BR","potentialAction":[{"@type":"CommentAction","name":"Comment","target":["https:\/\/mhcalculos.com.br\/noticias\/area\/trabalhista\/tst-ministro-suspende-liminar-que-impedia-atualizacao-das-normas-regulamentadoras.html#respond"]}]},{"@type":"WebPage","@id":"https:\/\/mhcalculos.com.br\/noticias\/area\/trabalhista\/tst-ministro-suspende-liminar-que-impedia-atualizacao-das-normas-regulamentadoras.html","url":"https:\/\/mhcalculos.com.br\/noticias\/area\/trabalhista\/tst-ministro-suspende-liminar-que-impedia-atualizacao-das-normas-regulamentadoras.html","name":"TST: Ministro suspende liminar que impedia atualiza\u00e7\u00e3o das Normas Regulamentadoras | Portal de Not\u00edcias","isPartOf":{"@id":"https:\/\/mhcalculos.com.br\/noticias\/#website"},"primaryImageOfPage":{"@id":"https:\/\/mhcalculos.com.br\/noticias\/area\/trabalhista\/tst-ministro-suspende-liminar-que-impedia-atualizacao-das-normas-regulamentadoras.html#primaryimage"},"image":{"@id":"https:\/\/mhcalculos.com.br\/noticias\/area\/trabalhista\/tst-ministro-suspende-liminar-que-impedia-atualizacao-das-normas-regulamentadoras.html#primaryimage"},"thumbnailUrl":"https:\/\/mhcalculos.com.br\/noticias\/wp-content\/uploads\/sites\/2\/2018\/06\/trabalhista-0035.jpg","datePublished":"2020-10-07T17:33:00+00:00","dateModified":"2021-07-28T17:28:49+00:00","author":{"@id":"https:\/\/mhcalculos.com.br\/noticias\/#\/schema\/person\/88d1c34bf72dc779ea14a5a6b8e0ae8d"},"breadcrumb":{"@id":"https:\/\/mhcalculos.com.br\/noticias\/area\/trabalhista\/tst-ministro-suspende-liminar-que-impedia-atualizacao-das-normas-regulamentadoras.html#breadcrumb"},"inLanguage":"pt-BR","potentialAction":[{"@type":"ReadAction","target":["https:\/\/mhcalculos.com.br\/noticias\/area\/trabalhista\/tst-ministro-suspende-liminar-que-impedia-atualizacao-das-normas-regulamentadoras.html"]}]},{"@type":"ImageObject","inLanguage":"pt-BR","@id":"https:\/\/mhcalculos.com.br\/noticias\/area\/trabalhista\/tst-ministro-suspende-liminar-que-impedia-atualizacao-das-normas-regulamentadoras.html#primaryimage","url":"https:\/\/mhcalculos.com.br\/noticias\/wp-content\/uploads\/sites\/2\/2018\/06\/trabalhista-0035.jpg","contentUrl":"https:\/\/mhcalculos.com.br\/noticias\/wp-content\/uploads\/sites\/2\/2018\/06\/trabalhista-0035.jpg","width":2000,"height":800},{"@type":"BreadcrumbList","@id":"https:\/\/mhcalculos.com.br\/noticias\/area\/trabalhista\/tst-ministro-suspende-liminar-que-impedia-atualizacao-das-normas-regulamentadoras.html#breadcrumb","itemListElement":[{"@type":"ListItem","position":1,"name":"In\u00edcio","item":"https:\/\/mhcalculos.com.br\/noticias\/"},{"@type":"ListItem","position":2,"name":"TST: Ministro suspende liminar que impedia atualiza\u00e7\u00e3o das Normas Regulamentadoras"}]},{"@type":"WebSite","@id":"https:\/\/mhcalculos.com.br\/noticias\/#website","url":"https:\/\/mhcalculos.com.br\/noticias\/","name":"Portal de Not\u00edcias","description":"Not\u00edcias e Jurisprud\u00eancia","potentialAction":[{"@type":"SearchAction","target":{"@type":"EntryPoint","urlTemplate":"https:\/\/mhcalculos.com.br\/noticias\/?s={search_term_string}"},"query-input":{"@type":"PropertyValueSpecification","valueRequired":true,"valueName":"search_term_string"}}],"inLanguage":"pt-BR"},{"@type":"Person","@id":"https:\/\/mhcalculos.com.br\/noticias\/#\/schema\/person\/88d1c34bf72dc779ea14a5a6b8e0ae8d","name":"Equipe MH","image":{"@type":"ImageObject","inLanguage":"pt-BR","@id":"https:\/\/secure.gravatar.com\/avatar\/de1c686c2ecc9c5a3f327e3431d819eb39f8f05d4e1045f5a1caad6daaba987f?s=96&d=mm&r=g","url":"https:\/\/secure.gravatar.com\/avatar\/de1c686c2ecc9c5a3f327e3431d819eb39f8f05d4e1045f5a1caad6daaba987f?s=96&d=mm&r=g","contentUrl":"https:\/\/secure.gravatar.com\/avatar\/de1c686c2ecc9c5a3f327e3431d819eb39f8f05d4e1045f5a1caad6daaba987f?s=96&d=mm&r=g","caption":"Equipe MH"}}]}},"_links":{"self":[{"href":"https:\/\/mhcalculos.com.br\/noticias\/wp-json\/wp\/v2\/posts\/7592","targetHints":{"allow":["GET"]}}],"collection":[{"href":"https:\/\/mhcalculos.com.br\/noticias\/wp-json\/wp\/v2\/posts"}],"about":[{"href":"https:\/\/mhcalculos.com.br\/noticias\/wp-json\/wp\/v2\/types\/post"}],"author":[{"embeddable":true,"href":"https:\/\/mhcalculos.com.br\/noticias\/wp-json\/wp\/v2\/users\/3063"}],"replies":[{"embeddable":true,"href":"https:\/\/mhcalculos.com.br\/noticias\/wp-json\/wp\/v2\/comments?post=7592"}],"version-history":[{"count":1,"href":"https:\/\/mhcalculos.com.br\/noticias\/wp-json\/wp\/v2\/posts\/7592\/revisions"}],"predecessor-version":[{"id":8805,"href":"https:\/\/mhcalculos.com.br\/noticias\/wp-json\/wp\/v2\/posts\/7592\/revisions\/8805"}],"wp:featuredmedia":[{"embeddable":true,"href":"https:\/\/mhcalculos.com.br\/noticias\/wp-json\/wp\/v2\/media\/2196"}],"wp:attachment":[{"href":"https:\/\/mhcalculos.com.br\/noticias\/wp-json\/wp\/v2\/media?parent=7592"}],"wp:term":[{"taxonomy":"category","embeddable":true,"href":"https:\/\/mhcalculos.com.br\/noticias\/wp-json\/wp\/v2\/categories?post=7592"},{"taxonomy":"post_tag","embeddable":true,"href":"https:\/\/mhcalculos.com.br\/noticias\/wp-json\/wp\/v2\/tags?post=7592"}],"curies":[{"name":"wp","href":"https:\/\/api.w.org\/{rel}","templated":true}]}}