{"id":7584,"date":"2020-10-07T09:05:15","date_gmt":"2020-10-07T12:05:15","guid":{"rendered":"https:\/\/mhcalculos.com.br\/noticias\/area\/previdenciario\/trf4-agentes-da-prf-que-receberam-propina-para-liberar-entrada-de-mercadorias-estrangeiras-no-pr-tem-condenacao-civel-mantida-06-10-2020.html"},"modified":"2021-07-28T14:28:49","modified_gmt":"2021-07-28T17:28:49","slug":"trf4-agentes-da-prf-que-receberam-propina-para-liberar-entrada-de-mercadorias-estrangeiras-no-pr-tem-condenacao-civel-mantida-06-10-2020","status":"publish","type":"post","link":"https:\/\/mhcalculos.com.br\/noticias\/area\/previdenciario\/trf4-agentes-da-prf-que-receberam-propina-para-liberar-entrada-de-mercadorias-estrangeiras-no-pr-tem-condenacao-civel-mantida-06-10-2020.html","title":{"rendered":"TRF4: Agentes da PRF que receberam propina para liberar entrada de mercadorias estrangeiras no PR t\u00eam condena\u00e7\u00e3o c\u00edvel mantida (06\/10\/2020)"},"content":{"rendered":"<p><br \/>\n<\/p>\n<p><span style=\"font-size:20px\"><span style=\"background-color:white\"><span style=\"color:black\">Por unanimidade, a 3\u00aa Turma do Tribunal Regional Federal da 4\u00aa Regi\u00e3o (TRF4) manteve a condena\u00e7\u00e3o c\u00edvel por improbidade administrativa de dois agentes da Pol\u00edcia Rodovi\u00e1ria Federal (PRF) que receberam propina para liberar a entrada de mercadorias il\u00edcitas de origem paraguaia na rodovia BR-277, no estado do Paran\u00e1 (PR).<\/span><\/span><\/span><\/p>\n<p><span style=\"font-size:20px\"><span style=\"background-color:white\"><span style=\"color:black\">Nesse mesmo julgamento, o colegiado tamb\u00e9m absolveu outros dois policiais que haviam sido condenados na primeira inst\u00e2ncia da Justi\u00e7a Federal paranaense. Os desembargadores que comp\u00f5em a 3\u00aa Turma da Corte entenderam que n\u00e3o h\u00e1 provas de que eles participaram do esquema nem de que receberam vantagens indevidas.<\/span><\/span><\/span><\/p>\n<p><span style=\"font-size:20px\"><span style=\"background-color:white\"><span style=\"color:black\">A decis\u00e3o foi proferida no fim de setembro (29\/9), quando o colegiado julgou o recurso de apela\u00e7\u00e3o c\u00edvel desse processo durante uma sess\u00e3o telepresencial.<\/span><\/span><\/span><\/p>\n<p><span style=\"font-size:20px\"><span style=\"background-color:white\"><strong><span style=\"color:black\">Den\u00fancia<\/span><\/strong><\/span><\/span><\/p>\n<p><span style=\"font-size:20px\"><span style=\"background-color:white\"><span style=\"color:black\">Segundo a den\u00fancia oferecida pelo Minist\u00e9rio P\u00fablico Federal (MPF), os servidores Adi Alecsandro Dias In\u00e1cio, Manoel Jos\u00e9 de Freitas Neto, Ademir Agostinho de Campos e Ciro Dias &ndash; \u00e0 \u00e9poca em exerc\u00edcio na Delegacia da PRF em Foz do Igua\u00e7u (PR) &ndash;\u00a0foram flagrados por meio de intercepta\u00e7\u00e3o telef\u00f4nica realizando acertos para liberar da fiscaliza\u00e7\u00e3o rodovi\u00e1ria os chamados \u00f4nibus de &#8220;compristas&#8221; e &#8220;sacoleiros&#8221;. Os ve\u00edculos transportavam mercadorias do Paraguai que ingressavam ilicitamente pela BR-277 para fins de distribui\u00e7\u00e3o no territ\u00f3rio brasileiro.<\/span><\/span><\/span><\/p>\n<p><span style=\"font-size:20px\"><span style=\"background-color:white\"><span style=\"color:black\">Os fatos foram denunciados na 1\u00aa fase da denominada &ldquo;Opera\u00e7\u00e3o Tr\u00e2nsito Livre&rdquo;.<\/span><\/span><\/span><\/p>\n<p><span style=\"font-size:20px\"><span style=\"background-color:white\"><strong><span style=\"color:black\">Condena\u00e7\u00e3o em primeira inst\u00e2ncia<\/span><\/strong><\/span><\/span><\/p>\n<p><span style=\"font-size:20px\"><span style=\"background-color:white\"><span style=\"color:black\">Em senten\u00e7a publicada em mar\u00e7o de 2018 pelo ju\u00edzo da 1\u00aa Vara Federal de Foz do Igua\u00e7u, os quatro policiais foram condenados \u00e0 perda do cargo p\u00fablico, pagamento de multa civil no valor de at\u00e9 cinco vezes o sal\u00e1rio recebido por eles e suspens\u00e3o dos direitos pol\u00edticos pelo prazo de tr\u00eas anos.<\/span><\/span><\/span><\/p>\n<p><span style=\"font-size:20px\"><span style=\"background-color:white\"><span style=\"color:black\">O ju\u00edzo de primeiro grau ainda julgou improcedente um pedido do MPF para que os policiais tivessem a pena de perda da fun\u00e7\u00e3o p\u00fablica convertida em cassa\u00e7\u00e3o de aposentadoria.<\/span><\/span><\/span><\/p>\n<p><span style=\"font-size:20px\"><span style=\"background-color:white\"><strong><span style=\"color:black\">Apela\u00e7\u00e3o<\/span><\/strong><\/span><\/span><\/p>\n<p><span style=\"font-size:20px\"><span style=\"background-color:white\"><span style=\"color:black\">Houve recurso de apela\u00e7\u00e3o c\u00edvel ao TRF4 por parte da acusa\u00e7\u00e3o e dos r\u00e9us.<\/span><\/span><\/span><\/p>\n<p><span style=\"font-size:20px\"><span style=\"background-color:white\"><span style=\"color:black\">O MPF pediu a aplica\u00e7\u00e3o da pena de cassa\u00e7\u00e3o de aposentadoria aos policiais que j\u00e1 estivessem usufruindo do benef\u00edcio. De acordo com o \u00f3rg\u00e3o ministerial, a aus\u00eancia de previs\u00e3o expressa da pena de cassa\u00e7\u00e3o de aposentadoria na Lei de Improbidade Administrativa n\u00e3o constituiria empecilho \u00e0 sua aplica\u00e7\u00e3o na hip\u00f3tese de servidor p\u00fablico aposentado.<\/span><\/span><\/span><\/p>\n<p><span style=\"font-size:20px\"><span style=\"background-color:white\"><span style=\"color:black\">Os quatro policiais condenados postularam suas absolvi\u00e7\u00f5es. Adi Alecsandro Dias In\u00e1cio e Manoel Jos\u00e9 de Freitas Neto apontaram que foram absolvidos nas esferas administrativa e criminal desse mesmo caso. A defesa deles afirmou que nas grava\u00e7\u00f5es das intercepta\u00e7\u00f5es telef\u00f4nicas utilizadas como prova o nome dos dois \u00e9 citado por terceiros, sem que haja comprova\u00e7\u00e3o de participa\u00e7\u00e3o no esquema fraudulento.<\/span><\/span><\/span><\/p>\n<p><span style=\"font-size:20px\"><span style=\"background-color:white\"><span style=\"color:black\">Os r\u00e9us Ademir Agostinho de Campos e Ciro Dias apontaram inexist\u00eancia de condutas caracterizadas como ato de improbidade e argumentaram que a senten\u00e7a condenat\u00f3ria teria se amparado exclusivamente com base em provas indici\u00e1rias.<\/span><\/span><\/span><\/p>\n<p><span style=\"font-size:20px\"><span style=\"background-color:white\"><strong><span style=\"color:black\">Voto<\/span><\/strong><\/span><\/span><\/p>\n<p><span style=\"font-size:20px\"><span style=\"background-color:white\"><span style=\"color:black\">Para o relator da apela\u00e7\u00e3o no Tribunal, desembargador federal Rog\u00e9rio Favreto, a jurisprud\u00eancia do TRF4 e do Superior Tribunal de Justi\u00e7a (STJ) permite a possibilidade da penalidade de cassa\u00e7\u00e3o de aposentadoria em casos de improbidade.<\/span><\/span><\/span><\/p>\n<p><span style=\"font-size:20px\"><span style=\"background-color:white\"><span style=\"color:black\">&ldquo;Ainda que a Lei de Improbidade Administrativa n\u00e3o contenha a previs\u00e3o da cassa\u00e7\u00e3o da aposentadoria como penalidade aplic\u00e1vel ao servidor que pratique atos de improbidade, entendo que inexiste \u00f3bice \u00e0 sua aplica\u00e7\u00e3o em substitui\u00e7\u00e3o \u00e0 pena de perda do cargo, caso esteja o servidor p\u00fablico punido aposentado ao tempo do tr\u00e2nsito em julgado da senten\u00e7a&rdquo;, declarou o magistrado.<\/span><\/span><\/span><\/p>\n<p><span style=\"font-size:20px\"><span style=\"background-color:white\"><span style=\"color:black\">Ao inocentar os r\u00e9us Manoel Jos\u00e9 de Freitas Neto e Adi Alecssandro Dias In\u00e1cio, o desembargador destacou que, apesar de existirem ind\u00edcios acerca da participa\u00e7\u00e3o deles nos fatos investigados, n\u00e3o h\u00e1 provas concretas nem comprova\u00e7\u00e3o de que tenham atuado ativa ou passivamente nem de que tenham recebido vantagem indevida.<\/span><\/span><\/span><\/p>\n<p><span style=\"font-size:20px\"><span style=\"background-color:white\"><span style=\"color:black\">&ldquo;O MPF, ao ajuizar a a\u00e7\u00e3o civil p\u00fablica e requerer a produ\u00e7\u00e3o de provas, deve demonstrar suficientemente suas acusa\u00e7\u00f5es, por meio de conjunto probat\u00f3rio s\u00f3lido e coerente. No caso dos autos, n\u00e3o se verifica a exist\u00eancia\u00a0de provas robustas a ensejar a condena\u00e7\u00e3o do demandado&rdquo;, observou Favreto.<\/span><\/span><\/span><\/p>\n<p><span style=\"font-size:20px\"><span style=\"background-color:white\"><span style=\"color:black\">J\u00e1 ao manter a condena\u00e7\u00e3o de Ademir Agostinho de Campos e Ciro Dias, o relator apontou que as provas constantes nos autos do processo, com destaque para as intercepta\u00e7\u00f5es telef\u00f4nicas, demonstram a rela\u00e7\u00e3o existente entre eles e os &ldquo;batedores&rdquo; e a participa\u00e7\u00e3o de ambos no esquema de pagamento de propina investigado pela Opera\u00e7\u00e3o Tr\u00e2nsito Livre.<\/span><\/span><\/span><\/p>\n<p><br \/> (Foto: Marcello Casal Jr\/Ag\u00eancia Brasil)<\/p>\n<p><i>Com informa\u00e7\u00f5es da assessoria de imprensa do TRF4.<\/i><br \/>\n<br \/><a href=\"http:\/\/www2.trf4.jus.br\/trf4\/controlador.php?acao=noticia_visualizar&#038;id_noticia=15483\">Fonte<\/a><br \/>\n<br \/><\/p>\n","protected":false},"excerpt":{"rendered":"<p>Por unanimidade, a 3\u00aa Turma do Tribunal Regional Federal da 4\u00aa Regi\u00e3o (TRF4) manteve a condena\u00e7\u00e3o c\u00edvel por improbidade administrativa de dois agentes da Pol\u00edcia Rodovi\u00e1ria Federal (PRF) que receberam propina para liberar a entrada de mercadorias il\u00edcitas de origem paraguaia na rodovia BR-277, no estado do Paran\u00e1 (PR). Nesse mesmo julgamento, o colegiado tamb\u00e9m [&hellip;]<\/p>\n","protected":false},"author":3063,"featured_media":6129,"comment_status":"open","ping_status":"open","sticky":false,"template":"","format":"standard","meta":{"footnotes":""},"categories":[5,6],"tags":[11,10,8,13,9,12,17],"class_list":{"0":"post-7584","1":"post","2":"type-post","3":"status-publish","4":"format-standard","5":"has-post-thumbnail","7":"category-previdenciario","8":"category-trf4","9":"tag-aposentadoria","10":"tag-calculos-previdenciarios","11":"tag-direito-previdenciario","12":"tag-inss","13":"tag-pericia","14":"tag-perito","15":"tag-trf4"},"yoast_head":"<!-- This site is optimized with the Yoast SEO plugin v27.2 - https:\/\/yoast.com\/product\/yoast-seo-wordpress\/ -->\n<title>TRF4: Agentes da PRF que receberam propina para liberar entrada de mercadorias estrangeiras no PR t\u00eam condena\u00e7\u00e3o c\u00edvel mantida (06\/10\/2020) | Portal de Not\u00edcias<\/title>\n<meta name=\"robots\" content=\"index, follow, max-snippet:-1, max-image-preview:large, max-video-preview:-1\" \/>\n<link rel=\"canonical\" href=\"https:\/\/mhcalculos.com.br\/noticias\/area\/previdenciario\/trf4-agentes-da-prf-que-receberam-propina-para-liberar-entrada-de-mercadorias-estrangeiras-no-pr-tem-condenacao-civel-mantida-06-10-2020.html\" \/>\n<meta property=\"og:locale\" content=\"pt_BR\" \/>\n<meta property=\"og:type\" content=\"article\" \/>\n<meta property=\"og:title\" content=\"TRF4: Agentes da PRF que receberam propina para liberar entrada de mercadorias estrangeiras no PR t\u00eam condena\u00e7\u00e3o c\u00edvel mantida (06\/10\/2020) | Portal de Not\u00edcias\" \/>\n<meta property=\"og:description\" content=\"Por unanimidade, a 3\u00aa Turma do Tribunal Regional Federal da 4\u00aa Regi\u00e3o (TRF4) manteve a condena\u00e7\u00e3o c\u00edvel por improbidade administrativa de dois agentes da Pol\u00edcia Rodovi\u00e1ria Federal (PRF) que receberam propina para liberar a entrada de mercadorias il\u00edcitas de origem paraguaia na rodovia BR-277, no estado do Paran\u00e1 (PR). Nesse mesmo julgamento, o colegiado tamb\u00e9m [&hellip;]\" \/>\n<meta property=\"og:url\" content=\"https:\/\/mhcalculos.com.br\/noticias\/area\/previdenciario\/trf4-agentes-da-prf-que-receberam-propina-para-liberar-entrada-de-mercadorias-estrangeiras-no-pr-tem-condenacao-civel-mantida-06-10-2020.html\" \/>\n<meta property=\"og:site_name\" content=\"Portal de Not\u00edcias\" \/>\n<meta property=\"article:published_time\" content=\"2020-10-07T12:05:15+00:00\" \/>\n<meta property=\"article:modified_time\" content=\"2021-07-28T17:28:49+00:00\" \/>\n<meta property=\"og:image\" content=\"https:\/\/mhcalculos.com.br\/noticias\/wp-content\/uploads\/sites\/2\/2019\/10\/previdenciario-0038.jpg\" \/>\n\t<meta property=\"og:image:width\" content=\"2000\" \/>\n\t<meta property=\"og:image:height\" content=\"800\" \/>\n\t<meta property=\"og:image:type\" content=\"image\/jpeg\" \/>\n<meta name=\"author\" content=\"Equipe MH\" \/>\n<meta name=\"twitter:card\" content=\"summary_large_image\" \/>\n<meta name=\"twitter:label1\" content=\"Escrito por\" \/>\n\t<meta name=\"twitter:data1\" content=\"Equipe MH\" \/>\n\t<meta name=\"twitter:label2\" content=\"Est. tempo de leitura\" \/>\n\t<meta name=\"twitter:data2\" content=\"4 minutos\" \/>\n<script type=\"application\/ld+json\" class=\"yoast-schema-graph\">{\"@context\":\"https:\/\/schema.org\",\"@graph\":[{\"@type\":\"Article\",\"@id\":\"https:\/\/mhcalculos.com.br\/noticias\/area\/previdenciario\/trf4-agentes-da-prf-que-receberam-propina-para-liberar-entrada-de-mercadorias-estrangeiras-no-pr-tem-condenacao-civel-mantida-06-10-2020.html#article\",\"isPartOf\":{\"@id\":\"https:\/\/mhcalculos.com.br\/noticias\/area\/previdenciario\/trf4-agentes-da-prf-que-receberam-propina-para-liberar-entrada-de-mercadorias-estrangeiras-no-pr-tem-condenacao-civel-mantida-06-10-2020.html\"},\"author\":{\"name\":\"Equipe MH\",\"@id\":\"https:\/\/mhcalculos.com.br\/noticias\/#\/schema\/person\/88d1c34bf72dc779ea14a5a6b8e0ae8d\"},\"headline\":\"TRF4: Agentes da PRF que receberam propina para liberar entrada de mercadorias estrangeiras no PR t\u00eam condena\u00e7\u00e3o c\u00edvel mantida (06\/10\/2020)\",\"datePublished\":\"2020-10-07T12:05:15+00:00\",\"dateModified\":\"2021-07-28T17:28:49+00:00\",\"mainEntityOfPage\":{\"@id\":\"https:\/\/mhcalculos.com.br\/noticias\/area\/previdenciario\/trf4-agentes-da-prf-que-receberam-propina-para-liberar-entrada-de-mercadorias-estrangeiras-no-pr-tem-condenacao-civel-mantida-06-10-2020.html\"},\"wordCount\":850,\"commentCount\":0,\"image\":{\"@id\":\"https:\/\/mhcalculos.com.br\/noticias\/area\/previdenciario\/trf4-agentes-da-prf-que-receberam-propina-para-liberar-entrada-de-mercadorias-estrangeiras-no-pr-tem-condenacao-civel-mantida-06-10-2020.html#primaryimage\"},\"thumbnailUrl\":\"https:\/\/mhcalculos.com.br\/noticias\/wp-content\/uploads\/sites\/2\/2019\/10\/previdenciario-0038.jpg\",\"keywords\":[\"aposentadoria\",\"c\u00e1lculos previdenci\u00e1rios\",\"direito previdenci\u00e1rio\",\"inss\",\"per\u00edcia\",\"perito\",\"trf4\"],\"articleSection\":[\"Direito Previdenci\u00e1rio\",\"TRF4\"],\"inLanguage\":\"pt-BR\",\"potentialAction\":[{\"@type\":\"CommentAction\",\"name\":\"Comment\",\"target\":[\"https:\/\/mhcalculos.com.br\/noticias\/area\/previdenciario\/trf4-agentes-da-prf-que-receberam-propina-para-liberar-entrada-de-mercadorias-estrangeiras-no-pr-tem-condenacao-civel-mantida-06-10-2020.html#respond\"]}]},{\"@type\":\"WebPage\",\"@id\":\"https:\/\/mhcalculos.com.br\/noticias\/area\/previdenciario\/trf4-agentes-da-prf-que-receberam-propina-para-liberar-entrada-de-mercadorias-estrangeiras-no-pr-tem-condenacao-civel-mantida-06-10-2020.html\",\"url\":\"https:\/\/mhcalculos.com.br\/noticias\/area\/previdenciario\/trf4-agentes-da-prf-que-receberam-propina-para-liberar-entrada-de-mercadorias-estrangeiras-no-pr-tem-condenacao-civel-mantida-06-10-2020.html\",\"name\":\"TRF4: Agentes da PRF que receberam propina para liberar entrada de mercadorias estrangeiras no PR t\u00eam condena\u00e7\u00e3o c\u00edvel mantida (06\/10\/2020) | Portal de Not\u00edcias\",\"isPartOf\":{\"@id\":\"https:\/\/mhcalculos.com.br\/noticias\/#website\"},\"primaryImageOfPage\":{\"@id\":\"https:\/\/mhcalculos.com.br\/noticias\/area\/previdenciario\/trf4-agentes-da-prf-que-receberam-propina-para-liberar-entrada-de-mercadorias-estrangeiras-no-pr-tem-condenacao-civel-mantida-06-10-2020.html#primaryimage\"},\"image\":{\"@id\":\"https:\/\/mhcalculos.com.br\/noticias\/area\/previdenciario\/trf4-agentes-da-prf-que-receberam-propina-para-liberar-entrada-de-mercadorias-estrangeiras-no-pr-tem-condenacao-civel-mantida-06-10-2020.html#primaryimage\"},\"thumbnailUrl\":\"https:\/\/mhcalculos.com.br\/noticias\/wp-content\/uploads\/sites\/2\/2019\/10\/previdenciario-0038.jpg\",\"datePublished\":\"2020-10-07T12:05:15+00:00\",\"dateModified\":\"2021-07-28T17:28:49+00:00\",\"author\":{\"@id\":\"https:\/\/mhcalculos.com.br\/noticias\/#\/schema\/person\/88d1c34bf72dc779ea14a5a6b8e0ae8d\"},\"breadcrumb\":{\"@id\":\"https:\/\/mhcalculos.com.br\/noticias\/area\/previdenciario\/trf4-agentes-da-prf-que-receberam-propina-para-liberar-entrada-de-mercadorias-estrangeiras-no-pr-tem-condenacao-civel-mantida-06-10-2020.html#breadcrumb\"},\"inLanguage\":\"pt-BR\",\"potentialAction\":[{\"@type\":\"ReadAction\",\"target\":[\"https:\/\/mhcalculos.com.br\/noticias\/area\/previdenciario\/trf4-agentes-da-prf-que-receberam-propina-para-liberar-entrada-de-mercadorias-estrangeiras-no-pr-tem-condenacao-civel-mantida-06-10-2020.html\"]}]},{\"@type\":\"ImageObject\",\"inLanguage\":\"pt-BR\",\"@id\":\"https:\/\/mhcalculos.com.br\/noticias\/area\/previdenciario\/trf4-agentes-da-prf-que-receberam-propina-para-liberar-entrada-de-mercadorias-estrangeiras-no-pr-tem-condenacao-civel-mantida-06-10-2020.html#primaryimage\",\"url\":\"https:\/\/mhcalculos.com.br\/noticias\/wp-content\/uploads\/sites\/2\/2019\/10\/previdenciario-0038.jpg\",\"contentUrl\":\"https:\/\/mhcalculos.com.br\/noticias\/wp-content\/uploads\/sites\/2\/2019\/10\/previdenciario-0038.jpg\",\"width\":2000,\"height\":800},{\"@type\":\"BreadcrumbList\",\"@id\":\"https:\/\/mhcalculos.com.br\/noticias\/area\/previdenciario\/trf4-agentes-da-prf-que-receberam-propina-para-liberar-entrada-de-mercadorias-estrangeiras-no-pr-tem-condenacao-civel-mantida-06-10-2020.html#breadcrumb\",\"itemListElement\":[{\"@type\":\"ListItem\",\"position\":1,\"name\":\"In\u00edcio\",\"item\":\"https:\/\/mhcalculos.com.br\/noticias\/\"},{\"@type\":\"ListItem\",\"position\":2,\"name\":\"TRF4: Agentes da PRF que receberam propina para liberar entrada de mercadorias estrangeiras no PR t\u00eam condena\u00e7\u00e3o c\u00edvel mantida (06\/10\/2020)\"}]},{\"@type\":\"WebSite\",\"@id\":\"https:\/\/mhcalculos.com.br\/noticias\/#website\",\"url\":\"https:\/\/mhcalculos.com.br\/noticias\/\",\"name\":\"Portal de Not\u00edcias\",\"description\":\"Not\u00edcias e Jurisprud\u00eancia\",\"potentialAction\":[{\"@type\":\"SearchAction\",\"target\":{\"@type\":\"EntryPoint\",\"urlTemplate\":\"https:\/\/mhcalculos.com.br\/noticias\/?s={search_term_string}\"},\"query-input\":{\"@type\":\"PropertyValueSpecification\",\"valueRequired\":true,\"valueName\":\"search_term_string\"}}],\"inLanguage\":\"pt-BR\"},{\"@type\":\"Person\",\"@id\":\"https:\/\/mhcalculos.com.br\/noticias\/#\/schema\/person\/88d1c34bf72dc779ea14a5a6b8e0ae8d\",\"name\":\"Equipe MH\",\"image\":{\"@type\":\"ImageObject\",\"inLanguage\":\"pt-BR\",\"@id\":\"https:\/\/secure.gravatar.com\/avatar\/de1c686c2ecc9c5a3f327e3431d819eb39f8f05d4e1045f5a1caad6daaba987f?s=96&d=mm&r=g\",\"url\":\"https:\/\/secure.gravatar.com\/avatar\/de1c686c2ecc9c5a3f327e3431d819eb39f8f05d4e1045f5a1caad6daaba987f?s=96&d=mm&r=g\",\"contentUrl\":\"https:\/\/secure.gravatar.com\/avatar\/de1c686c2ecc9c5a3f327e3431d819eb39f8f05d4e1045f5a1caad6daaba987f?s=96&d=mm&r=g\",\"caption\":\"Equipe MH\"}}]}<\/script>\n<!-- \/ Yoast SEO plugin. -->","yoast_head_json":{"title":"TRF4: Agentes da PRF que receberam propina para liberar entrada de mercadorias estrangeiras no PR t\u00eam condena\u00e7\u00e3o c\u00edvel mantida (06\/10\/2020) | Portal de Not\u00edcias","robots":{"index":"index","follow":"follow","max-snippet":"max-snippet:-1","max-image-preview":"max-image-preview:large","max-video-preview":"max-video-preview:-1"},"canonical":"https:\/\/mhcalculos.com.br\/noticias\/area\/previdenciario\/trf4-agentes-da-prf-que-receberam-propina-para-liberar-entrada-de-mercadorias-estrangeiras-no-pr-tem-condenacao-civel-mantida-06-10-2020.html","og_locale":"pt_BR","og_type":"article","og_title":"TRF4: Agentes da PRF que receberam propina para liberar entrada de mercadorias estrangeiras no PR t\u00eam condena\u00e7\u00e3o c\u00edvel mantida (06\/10\/2020) | Portal de Not\u00edcias","og_description":"Por unanimidade, a 3\u00aa Turma do Tribunal Regional Federal da 4\u00aa Regi\u00e3o (TRF4) manteve a condena\u00e7\u00e3o c\u00edvel por improbidade administrativa de dois agentes da Pol\u00edcia Rodovi\u00e1ria Federal (PRF) que receberam propina para liberar a entrada de mercadorias il\u00edcitas de origem paraguaia na rodovia BR-277, no estado do Paran\u00e1 (PR). Nesse mesmo julgamento, o colegiado tamb\u00e9m [&hellip;]","og_url":"https:\/\/mhcalculos.com.br\/noticias\/area\/previdenciario\/trf4-agentes-da-prf-que-receberam-propina-para-liberar-entrada-de-mercadorias-estrangeiras-no-pr-tem-condenacao-civel-mantida-06-10-2020.html","og_site_name":"Portal de Not\u00edcias","article_published_time":"2020-10-07T12:05:15+00:00","article_modified_time":"2021-07-28T17:28:49+00:00","og_image":[{"width":2000,"height":800,"url":"https:\/\/mhcalculos.com.br\/noticias\/wp-content\/uploads\/sites\/2\/2019\/10\/previdenciario-0038.jpg","type":"image\/jpeg"}],"author":"Equipe MH","twitter_card":"summary_large_image","twitter_misc":{"Escrito por":"Equipe MH","Est. tempo de leitura":"4 minutos"},"schema":{"@context":"https:\/\/schema.org","@graph":[{"@type":"Article","@id":"https:\/\/mhcalculos.com.br\/noticias\/area\/previdenciario\/trf4-agentes-da-prf-que-receberam-propina-para-liberar-entrada-de-mercadorias-estrangeiras-no-pr-tem-condenacao-civel-mantida-06-10-2020.html#article","isPartOf":{"@id":"https:\/\/mhcalculos.com.br\/noticias\/area\/previdenciario\/trf4-agentes-da-prf-que-receberam-propina-para-liberar-entrada-de-mercadorias-estrangeiras-no-pr-tem-condenacao-civel-mantida-06-10-2020.html"},"author":{"name":"Equipe MH","@id":"https:\/\/mhcalculos.com.br\/noticias\/#\/schema\/person\/88d1c34bf72dc779ea14a5a6b8e0ae8d"},"headline":"TRF4: Agentes da PRF que receberam propina para liberar entrada de mercadorias estrangeiras no PR t\u00eam condena\u00e7\u00e3o c\u00edvel mantida (06\/10\/2020)","datePublished":"2020-10-07T12:05:15+00:00","dateModified":"2021-07-28T17:28:49+00:00","mainEntityOfPage":{"@id":"https:\/\/mhcalculos.com.br\/noticias\/area\/previdenciario\/trf4-agentes-da-prf-que-receberam-propina-para-liberar-entrada-de-mercadorias-estrangeiras-no-pr-tem-condenacao-civel-mantida-06-10-2020.html"},"wordCount":850,"commentCount":0,"image":{"@id":"https:\/\/mhcalculos.com.br\/noticias\/area\/previdenciario\/trf4-agentes-da-prf-que-receberam-propina-para-liberar-entrada-de-mercadorias-estrangeiras-no-pr-tem-condenacao-civel-mantida-06-10-2020.html#primaryimage"},"thumbnailUrl":"https:\/\/mhcalculos.com.br\/noticias\/wp-content\/uploads\/sites\/2\/2019\/10\/previdenciario-0038.jpg","keywords":["aposentadoria","c\u00e1lculos previdenci\u00e1rios","direito previdenci\u00e1rio","inss","per\u00edcia","perito","trf4"],"articleSection":["Direito Previdenci\u00e1rio","TRF4"],"inLanguage":"pt-BR","potentialAction":[{"@type":"CommentAction","name":"Comment","target":["https:\/\/mhcalculos.com.br\/noticias\/area\/previdenciario\/trf4-agentes-da-prf-que-receberam-propina-para-liberar-entrada-de-mercadorias-estrangeiras-no-pr-tem-condenacao-civel-mantida-06-10-2020.html#respond"]}]},{"@type":"WebPage","@id":"https:\/\/mhcalculos.com.br\/noticias\/area\/previdenciario\/trf4-agentes-da-prf-que-receberam-propina-para-liberar-entrada-de-mercadorias-estrangeiras-no-pr-tem-condenacao-civel-mantida-06-10-2020.html","url":"https:\/\/mhcalculos.com.br\/noticias\/area\/previdenciario\/trf4-agentes-da-prf-que-receberam-propina-para-liberar-entrada-de-mercadorias-estrangeiras-no-pr-tem-condenacao-civel-mantida-06-10-2020.html","name":"TRF4: Agentes da PRF que receberam propina para liberar entrada de mercadorias estrangeiras no PR t\u00eam condena\u00e7\u00e3o c\u00edvel mantida (06\/10\/2020) | Portal de Not\u00edcias","isPartOf":{"@id":"https:\/\/mhcalculos.com.br\/noticias\/#website"},"primaryImageOfPage":{"@id":"https:\/\/mhcalculos.com.br\/noticias\/area\/previdenciario\/trf4-agentes-da-prf-que-receberam-propina-para-liberar-entrada-de-mercadorias-estrangeiras-no-pr-tem-condenacao-civel-mantida-06-10-2020.html#primaryimage"},"image":{"@id":"https:\/\/mhcalculos.com.br\/noticias\/area\/previdenciario\/trf4-agentes-da-prf-que-receberam-propina-para-liberar-entrada-de-mercadorias-estrangeiras-no-pr-tem-condenacao-civel-mantida-06-10-2020.html#primaryimage"},"thumbnailUrl":"https:\/\/mhcalculos.com.br\/noticias\/wp-content\/uploads\/sites\/2\/2019\/10\/previdenciario-0038.jpg","datePublished":"2020-10-07T12:05:15+00:00","dateModified":"2021-07-28T17:28:49+00:00","author":{"@id":"https:\/\/mhcalculos.com.br\/noticias\/#\/schema\/person\/88d1c34bf72dc779ea14a5a6b8e0ae8d"},"breadcrumb":{"@id":"https:\/\/mhcalculos.com.br\/noticias\/area\/previdenciario\/trf4-agentes-da-prf-que-receberam-propina-para-liberar-entrada-de-mercadorias-estrangeiras-no-pr-tem-condenacao-civel-mantida-06-10-2020.html#breadcrumb"},"inLanguage":"pt-BR","potentialAction":[{"@type":"ReadAction","target":["https:\/\/mhcalculos.com.br\/noticias\/area\/previdenciario\/trf4-agentes-da-prf-que-receberam-propina-para-liberar-entrada-de-mercadorias-estrangeiras-no-pr-tem-condenacao-civel-mantida-06-10-2020.html"]}]},{"@type":"ImageObject","inLanguage":"pt-BR","@id":"https:\/\/mhcalculos.com.br\/noticias\/area\/previdenciario\/trf4-agentes-da-prf-que-receberam-propina-para-liberar-entrada-de-mercadorias-estrangeiras-no-pr-tem-condenacao-civel-mantida-06-10-2020.html#primaryimage","url":"https:\/\/mhcalculos.com.br\/noticias\/wp-content\/uploads\/sites\/2\/2019\/10\/previdenciario-0038.jpg","contentUrl":"https:\/\/mhcalculos.com.br\/noticias\/wp-content\/uploads\/sites\/2\/2019\/10\/previdenciario-0038.jpg","width":2000,"height":800},{"@type":"BreadcrumbList","@id":"https:\/\/mhcalculos.com.br\/noticias\/area\/previdenciario\/trf4-agentes-da-prf-que-receberam-propina-para-liberar-entrada-de-mercadorias-estrangeiras-no-pr-tem-condenacao-civel-mantida-06-10-2020.html#breadcrumb","itemListElement":[{"@type":"ListItem","position":1,"name":"In\u00edcio","item":"https:\/\/mhcalculos.com.br\/noticias\/"},{"@type":"ListItem","position":2,"name":"TRF4: Agentes da PRF que receberam propina para liberar entrada de mercadorias estrangeiras no PR t\u00eam condena\u00e7\u00e3o c\u00edvel mantida (06\/10\/2020)"}]},{"@type":"WebSite","@id":"https:\/\/mhcalculos.com.br\/noticias\/#website","url":"https:\/\/mhcalculos.com.br\/noticias\/","name":"Portal de Not\u00edcias","description":"Not\u00edcias e Jurisprud\u00eancia","potentialAction":[{"@type":"SearchAction","target":{"@type":"EntryPoint","urlTemplate":"https:\/\/mhcalculos.com.br\/noticias\/?s={search_term_string}"},"query-input":{"@type":"PropertyValueSpecification","valueRequired":true,"valueName":"search_term_string"}}],"inLanguage":"pt-BR"},{"@type":"Person","@id":"https:\/\/mhcalculos.com.br\/noticias\/#\/schema\/person\/88d1c34bf72dc779ea14a5a6b8e0ae8d","name":"Equipe MH","image":{"@type":"ImageObject","inLanguage":"pt-BR","@id":"https:\/\/secure.gravatar.com\/avatar\/de1c686c2ecc9c5a3f327e3431d819eb39f8f05d4e1045f5a1caad6daaba987f?s=96&d=mm&r=g","url":"https:\/\/secure.gravatar.com\/avatar\/de1c686c2ecc9c5a3f327e3431d819eb39f8f05d4e1045f5a1caad6daaba987f?s=96&d=mm&r=g","contentUrl":"https:\/\/secure.gravatar.com\/avatar\/de1c686c2ecc9c5a3f327e3431d819eb39f8f05d4e1045f5a1caad6daaba987f?s=96&d=mm&r=g","caption":"Equipe MH"}}]}},"_links":{"self":[{"href":"https:\/\/mhcalculos.com.br\/noticias\/wp-json\/wp\/v2\/posts\/7584","targetHints":{"allow":["GET"]}}],"collection":[{"href":"https:\/\/mhcalculos.com.br\/noticias\/wp-json\/wp\/v2\/posts"}],"about":[{"href":"https:\/\/mhcalculos.com.br\/noticias\/wp-json\/wp\/v2\/types\/post"}],"author":[{"embeddable":true,"href":"https:\/\/mhcalculos.com.br\/noticias\/wp-json\/wp\/v2\/users\/3063"}],"replies":[{"embeddable":true,"href":"https:\/\/mhcalculos.com.br\/noticias\/wp-json\/wp\/v2\/comments?post=7584"}],"version-history":[{"count":1,"href":"https:\/\/mhcalculos.com.br\/noticias\/wp-json\/wp\/v2\/posts\/7584\/revisions"}],"predecessor-version":[{"id":8807,"href":"https:\/\/mhcalculos.com.br\/noticias\/wp-json\/wp\/v2\/posts\/7584\/revisions\/8807"}],"wp:featuredmedia":[{"embeddable":true,"href":"https:\/\/mhcalculos.com.br\/noticias\/wp-json\/wp\/v2\/media\/6129"}],"wp:attachment":[{"href":"https:\/\/mhcalculos.com.br\/noticias\/wp-json\/wp\/v2\/media?parent=7584"}],"wp:term":[{"taxonomy":"category","embeddable":true,"href":"https:\/\/mhcalculos.com.br\/noticias\/wp-json\/wp\/v2\/categories?post=7584"},{"taxonomy":"post_tag","embeddable":true,"href":"https:\/\/mhcalculos.com.br\/noticias\/wp-json\/wp\/v2\/tags?post=7584"}],"curies":[{"name":"wp","href":"https:\/\/api.w.org\/{rel}","templated":true}]}}