{"id":7583,"date":"2020-10-07T04:05:49","date_gmt":"2020-10-07T07:05:49","guid":{"rendered":"https:\/\/mhcalculos.com.br\/noticias\/area\/previdenciario\/stf-2a-turma-homenageia-ministro-celso-de-mello-em-sua-ultima-sessao-no-colegiado.html"},"modified":"2021-07-28T14:28:49","modified_gmt":"2021-07-28T17:28:49","slug":"stf-2a-turma-homenageia-ministro-celso-de-mello-em-sua-ultima-sessao-no-colegiado","status":"publish","type":"post","link":"https:\/\/mhcalculos.com.br\/noticias\/area\/previdenciario\/stf-2a-turma-homenageia-ministro-celso-de-mello-em-sua-ultima-sessao-no-colegiado.html","title":{"rendered":"STF: 2\u00aa Turma homenageia ministro Celso de Mello em sua \u00faltima sess\u00e3o no colegiado"},"content":{"rendered":"<p><br \/>\n<\/p>\n<p>O ministro Celso de Mello foi homenageado nesta ter\u00e7a-feira (6) pelos ministros da Segunda Turma, ao final de sua \u00faltima sess\u00e3o jurisdicional no colegiado. Integrante do Supremo Tribunal Federal (STF) desde 15\/11\/1989, o decano pediu aposentadoria volunt\u00e1ria e encerra sua trajet\u00f3ria na Suprema Corte no pr\u00f3ximo dia 13.<\/p>\n<p><b>Densidade intelectual<\/b><\/p>\n<p>O presidente do colegiado, ministro Gilmar Mendes, observou que a homenagem revela um sentimento abundante de gratid\u00e3o de todos pelo conv\u00edvio amigo com uma personalidade hist\u00f3rica, um jurista &ldquo;cuja densidade intelectual iluminar\u00e1 gera\u00e7\u00f5es&rdquo; e uma figura unanimemente louvada pela comunidade jur\u00eddica nacional n\u00e3o apenas pelas suas contribui\u00e7\u00f5es para o Direito, mas, sobretudo, &ldquo;pelo primor \u00e9tico, cort\u00eas e agregador&rdquo; da sua atua\u00e7\u00e3o como membro do Tribunal. &ldquo;Esse momento representa o marco da carreira de um juiz que dedicou uma vida \u00e0 defesa da integridade institucional desta Corte, dedica\u00e7\u00e3o essa firmada na renova\u00e7\u00e3o permanente do compromisso de devo\u00e7\u00e3o aos pilares da nossa democracia constitucional&rdquo;, pontuou Mendes.<\/p>\n<p><b>Papel-chave<\/b><\/p>\n<p>Segundo Gilmar Mendes, Celso de Mello, nomeado para o STF menos de um ano ap\u00f3s a promulga\u00e7\u00e3o da Constitui\u00e7\u00e3o de 1988, construiu no Tribunal um rico legado jurisprudencial de defesa irrestrita das garantias processuais penais, al\u00e9m de exercer um papel-chave no rec\u00e9m instalado per\u00edodo democr\u00e1tico, com contribui\u00e7\u00f5es significativas na busca de solu\u00e7\u00f5es inovadoras dentro do sistema constitucional de prote\u00e7\u00e3o de direitos. &ldquo;O ministro Celso exerceu papel-chave em nossa rec\u00e9m instalada democracia, que, ainda permeada pela heran\u00e7a autorit\u00e1ria dos tempos ditatoriais, pouco estava acostumada ao estrito respeito \u00e0s garantias e aos direitos fundamentais&rdquo;, afirmou.<\/p>\n<p><b>Sabedoria<\/b><\/p>\n<p>O ministro Ricardo Lewandowski lembrou um ditado romano segundo o qual n\u00e3o basta conquistar a sabedoria, \u00e9 preciso us\u00e1-la. Ele afirmou que, nos 15 anos em que teve o privil\u00e9gio de acompanhar, no STF, a atua\u00e7\u00e3o do decano, percebeu que Celso de Mello soube usar a sabedoria em prol do avan\u00e7o civilizat\u00f3rio da na\u00e7\u00e3o brasileira.<\/p>\n<p><b>Luta pela democracia<\/b><\/p>\n<p>Para a ministra C\u00e1rmen L\u00facia, o decano do STF \u00e9 um grande s\u00e1bio que ensina permanentemente n\u00e3o apenas li\u00e7\u00f5es de Direito, mas tamb\u00e9m li\u00e7\u00f5es de vida, em sua forma gentil, mas firme, de se conduzir e de argumentar. Segundo ela, o ministro Celso de Mello fez de sua vida um exemplo de luta pela democracia e direitos fundamentais.<\/p>\n<p><b>Car\u00e1ter humano<\/b><\/p>\n<p>O ministro Edson Fachin afirmou que a contribui\u00e7\u00e3o do ministro Celso de Mello como juiz do Supremo aparece n\u00e3o apenas nos votos proferidos, mas tamb\u00e9m no car\u00e1ter verdadeiramente humano de sua atua\u00e7\u00e3o. Ele lembrou que ficar\u00e3o registrados na mem\u00f3ria da Corte &ldquo;votos memor\u00e1veis&rdquo; sobre o princ\u00edpio da laicidade e da dignidade humana e os que contribu\u00edram para &ldquo;retirar o entulho autorit\u00e1rio da nossa legisla\u00e7\u00e3o&rdquo;, destacadamente o julgamento da Lei de Imprensa.<\/p>\n<p><b>Fins e valores<\/b><\/p>\n<p>Em nome de seus colegas que atuam na Segunda Turma, o subprocurador-geral da Rep\u00fablica Jos\u00e9 Elaeres Marques Teixeira disse que Celso de Mello n\u00e3o \u00e9 juiz apenas da Suprema Corte, mas ministro e juiz do Brasil, pelas li\u00e7\u00f5es e exemplos que deu ao longo dos anos em que integra o tribunal. Segundo Teixeira, o magistrado deixa um legado extraordin\u00e1rio de aplica\u00e7\u00e3o da Constitui\u00e7\u00e3o cidad\u00e3, &ldquo;sempre atento aos fins e valores albergados pela Carta Magna&rdquo;.<\/p>\n<p><b>Estado de esp\u00edrito<\/b><\/p>\n<p>Emocionado, o ministro Celso de Mello agradeceu a homenagem. &ldquo;Palavras t\u00e3o generosas me tocam profundamente e atingem muito meu cora\u00e7\u00e3o, especialmente nestes dias em que se esvai o tempo e me aproximo do final da jornada neste augusto Supremo Tribunal Federal&rdquo;, disse. Ele afirmou que o STF, mais que o \u00f3rg\u00e3o de c\u00fapula do Poder Judici\u00e1rio incumbido da defesa da Constitui\u00e7\u00e3o, representa para ele &ldquo;um verdadeiro estado de esp\u00edrito&rdquo;. Segundo ele, a conviv\u00eancia com as ju\u00edzas e os ju\u00edzes que integram o Tribunal se tornou um &ldquo;imenso fator de aprendizado e experi\u00eancia, especialmente quando o STF se viu confrontado com graves desafios comprometedores da institucionalidade delegada pela Constitui\u00e7\u00e3o da Rep\u00fablica&rdquo;.<\/p>\n<p><span style=\"font-size: smaller\">PR\/\/CF<\/span><\/p>\n<p>&nbsp;<\/p>\n<p><i>Com informa\u00e7\u00f5es da assessoria de imprensa do STF.<\/i><br \/>\n<br \/><br \/>\n<br \/><a href=\"http:\/\/www.stf.jus.br\/portal\/cms\/verNoticiaDetalhe.asp?idConteudo=452949\">Fonte<\/a><\/p>\n","protected":false},"excerpt":{"rendered":"<p>O ministro Celso de Mello foi homenageado nesta ter\u00e7a-feira (6) pelos ministros da Segunda Turma, ao final de sua \u00faltima sess\u00e3o jurisdicional no colegiado. Integrante do Supremo Tribunal Federal (STF) desde 15\/11\/1989, o decano pediu aposentadoria volunt\u00e1ria e encerra sua trajet\u00f3ria na Suprema Corte no pr\u00f3ximo dia 13. Densidade intelectual O presidente do colegiado, ministro [&hellip;]<\/p>\n","protected":false},"author":3063,"featured_media":3832,"comment_status":"open","ping_status":"open","sticky":false,"template":"","format":"standard","meta":{"footnotes":""},"categories":[5,15],"tags":[11,10,8,13,9,12,16],"class_list":{"0":"post-7583","1":"post","2":"type-post","3":"status-publish","4":"format-standard","5":"has-post-thumbnail","7":"category-previdenciario","8":"category-stf","9":"tag-aposentadoria","10":"tag-calculos-previdenciarios","11":"tag-direito-previdenciario","12":"tag-inss","13":"tag-pericia","14":"tag-perito","15":"tag-stf"},"yoast_head":"<!-- This site is optimized with the Yoast SEO plugin v27.2 - https:\/\/yoast.com\/product\/yoast-seo-wordpress\/ -->\n<title>STF: 2\u00aa Turma homenageia ministro Celso de Mello em sua \u00faltima sess\u00e3o no colegiado | Portal de Not\u00edcias<\/title>\n<meta name=\"robots\" content=\"index, follow, max-snippet:-1, max-image-preview:large, max-video-preview:-1\" \/>\n<link rel=\"canonical\" href=\"https:\/\/mhcalculos.com.br\/noticias\/area\/previdenciario\/stf-2a-turma-homenageia-ministro-celso-de-mello-em-sua-ultima-sessao-no-colegiado.html\" \/>\n<meta property=\"og:locale\" content=\"pt_BR\" \/>\n<meta property=\"og:type\" content=\"article\" \/>\n<meta property=\"og:title\" content=\"STF: 2\u00aa Turma homenageia ministro Celso de Mello em sua \u00faltima sess\u00e3o no colegiado | Portal de Not\u00edcias\" \/>\n<meta property=\"og:description\" content=\"O ministro Celso de Mello foi homenageado nesta ter\u00e7a-feira (6) pelos ministros da Segunda Turma, ao final de sua \u00faltima sess\u00e3o jurisdicional no colegiado. Integrante do Supremo Tribunal Federal (STF) desde 15\/11\/1989, o decano pediu aposentadoria volunt\u00e1ria e encerra sua trajet\u00f3ria na Suprema Corte no pr\u00f3ximo dia 13. Densidade intelectual O presidente do colegiado, ministro [&hellip;]\" \/>\n<meta property=\"og:url\" content=\"https:\/\/mhcalculos.com.br\/noticias\/area\/previdenciario\/stf-2a-turma-homenageia-ministro-celso-de-mello-em-sua-ultima-sessao-no-colegiado.html\" \/>\n<meta property=\"og:site_name\" content=\"Portal de Not\u00edcias\" \/>\n<meta property=\"article:published_time\" content=\"2020-10-07T07:05:49+00:00\" \/>\n<meta property=\"article:modified_time\" content=\"2021-07-28T17:28:49+00:00\" \/>\n<meta property=\"og:image\" content=\"https:\/\/mhcalculos.com.br\/noticias\/wp-content\/uploads\/sites\/2\/2019\/02\/previdenciario-0001.jpg\" \/>\n\t<meta property=\"og:image:width\" content=\"2000\" \/>\n\t<meta property=\"og:image:height\" content=\"800\" \/>\n\t<meta property=\"og:image:type\" content=\"image\/jpeg\" \/>\n<meta name=\"author\" content=\"Equipe MH\" \/>\n<meta name=\"twitter:card\" content=\"summary_large_image\" \/>\n<meta name=\"twitter:label1\" content=\"Escrito por\" \/>\n\t<meta name=\"twitter:data1\" content=\"Equipe MH\" \/>\n\t<meta name=\"twitter:label2\" content=\"Est. tempo de leitura\" \/>\n\t<meta name=\"twitter:data2\" content=\"4 minutos\" \/>\n<script type=\"application\/ld+json\" class=\"yoast-schema-graph\">{\"@context\":\"https:\/\/schema.org\",\"@graph\":[{\"@type\":\"Article\",\"@id\":\"https:\/\/mhcalculos.com.br\/noticias\/area\/previdenciario\/stf-2a-turma-homenageia-ministro-celso-de-mello-em-sua-ultima-sessao-no-colegiado.html#article\",\"isPartOf\":{\"@id\":\"https:\/\/mhcalculos.com.br\/noticias\/area\/previdenciario\/stf-2a-turma-homenageia-ministro-celso-de-mello-em-sua-ultima-sessao-no-colegiado.html\"},\"author\":{\"name\":\"Equipe MH\",\"@id\":\"https:\/\/mhcalculos.com.br\/noticias\/#\/schema\/person\/88d1c34bf72dc779ea14a5a6b8e0ae8d\"},\"headline\":\"STF: 2\u00aa Turma homenageia ministro Celso de Mello em sua \u00faltima sess\u00e3o no colegiado\",\"datePublished\":\"2020-10-07T07:05:49+00:00\",\"dateModified\":\"2021-07-28T17:28:49+00:00\",\"mainEntityOfPage\":{\"@id\":\"https:\/\/mhcalculos.com.br\/noticias\/area\/previdenciario\/stf-2a-turma-homenageia-ministro-celso-de-mello-em-sua-ultima-sessao-no-colegiado.html\"},\"wordCount\":745,\"commentCount\":0,\"image\":{\"@id\":\"https:\/\/mhcalculos.com.br\/noticias\/area\/previdenciario\/stf-2a-turma-homenageia-ministro-celso-de-mello-em-sua-ultima-sessao-no-colegiado.html#primaryimage\"},\"thumbnailUrl\":\"https:\/\/mhcalculos.com.br\/noticias\/wp-content\/uploads\/sites\/2\/2019\/02\/previdenciario-0001.jpg\",\"keywords\":[\"aposentadoria\",\"c\u00e1lculos previdenci\u00e1rios\",\"direito previdenci\u00e1rio\",\"inss\",\"per\u00edcia\",\"perito\",\"stf\"],\"articleSection\":[\"Direito Previdenci\u00e1rio\",\"STF\"],\"inLanguage\":\"pt-BR\",\"potentialAction\":[{\"@type\":\"CommentAction\",\"name\":\"Comment\",\"target\":[\"https:\/\/mhcalculos.com.br\/noticias\/area\/previdenciario\/stf-2a-turma-homenageia-ministro-celso-de-mello-em-sua-ultima-sessao-no-colegiado.html#respond\"]}]},{\"@type\":\"WebPage\",\"@id\":\"https:\/\/mhcalculos.com.br\/noticias\/area\/previdenciario\/stf-2a-turma-homenageia-ministro-celso-de-mello-em-sua-ultima-sessao-no-colegiado.html\",\"url\":\"https:\/\/mhcalculos.com.br\/noticias\/area\/previdenciario\/stf-2a-turma-homenageia-ministro-celso-de-mello-em-sua-ultima-sessao-no-colegiado.html\",\"name\":\"STF: 2\u00aa Turma homenageia ministro Celso de Mello em sua \u00faltima sess\u00e3o no colegiado | Portal de Not\u00edcias\",\"isPartOf\":{\"@id\":\"https:\/\/mhcalculos.com.br\/noticias\/#website\"},\"primaryImageOfPage\":{\"@id\":\"https:\/\/mhcalculos.com.br\/noticias\/area\/previdenciario\/stf-2a-turma-homenageia-ministro-celso-de-mello-em-sua-ultima-sessao-no-colegiado.html#primaryimage\"},\"image\":{\"@id\":\"https:\/\/mhcalculos.com.br\/noticias\/area\/previdenciario\/stf-2a-turma-homenageia-ministro-celso-de-mello-em-sua-ultima-sessao-no-colegiado.html#primaryimage\"},\"thumbnailUrl\":\"https:\/\/mhcalculos.com.br\/noticias\/wp-content\/uploads\/sites\/2\/2019\/02\/previdenciario-0001.jpg\",\"datePublished\":\"2020-10-07T07:05:49+00:00\",\"dateModified\":\"2021-07-28T17:28:49+00:00\",\"author\":{\"@id\":\"https:\/\/mhcalculos.com.br\/noticias\/#\/schema\/person\/88d1c34bf72dc779ea14a5a6b8e0ae8d\"},\"breadcrumb\":{\"@id\":\"https:\/\/mhcalculos.com.br\/noticias\/area\/previdenciario\/stf-2a-turma-homenageia-ministro-celso-de-mello-em-sua-ultima-sessao-no-colegiado.html#breadcrumb\"},\"inLanguage\":\"pt-BR\",\"potentialAction\":[{\"@type\":\"ReadAction\",\"target\":[\"https:\/\/mhcalculos.com.br\/noticias\/area\/previdenciario\/stf-2a-turma-homenageia-ministro-celso-de-mello-em-sua-ultima-sessao-no-colegiado.html\"]}]},{\"@type\":\"ImageObject\",\"inLanguage\":\"pt-BR\",\"@id\":\"https:\/\/mhcalculos.com.br\/noticias\/area\/previdenciario\/stf-2a-turma-homenageia-ministro-celso-de-mello-em-sua-ultima-sessao-no-colegiado.html#primaryimage\",\"url\":\"https:\/\/mhcalculos.com.br\/noticias\/wp-content\/uploads\/sites\/2\/2019\/02\/previdenciario-0001.jpg\",\"contentUrl\":\"https:\/\/mhcalculos.com.br\/noticias\/wp-content\/uploads\/sites\/2\/2019\/02\/previdenciario-0001.jpg\",\"width\":2000,\"height\":800},{\"@type\":\"BreadcrumbList\",\"@id\":\"https:\/\/mhcalculos.com.br\/noticias\/area\/previdenciario\/stf-2a-turma-homenageia-ministro-celso-de-mello-em-sua-ultima-sessao-no-colegiado.html#breadcrumb\",\"itemListElement\":[{\"@type\":\"ListItem\",\"position\":1,\"name\":\"In\u00edcio\",\"item\":\"https:\/\/mhcalculos.com.br\/noticias\/\"},{\"@type\":\"ListItem\",\"position\":2,\"name\":\"STF: 2\u00aa Turma homenageia ministro Celso de Mello em sua \u00faltima sess\u00e3o no colegiado\"}]},{\"@type\":\"WebSite\",\"@id\":\"https:\/\/mhcalculos.com.br\/noticias\/#website\",\"url\":\"https:\/\/mhcalculos.com.br\/noticias\/\",\"name\":\"Portal de Not\u00edcias\",\"description\":\"Not\u00edcias e Jurisprud\u00eancia\",\"potentialAction\":[{\"@type\":\"SearchAction\",\"target\":{\"@type\":\"EntryPoint\",\"urlTemplate\":\"https:\/\/mhcalculos.com.br\/noticias\/?s={search_term_string}\"},\"query-input\":{\"@type\":\"PropertyValueSpecification\",\"valueRequired\":true,\"valueName\":\"search_term_string\"}}],\"inLanguage\":\"pt-BR\"},{\"@type\":\"Person\",\"@id\":\"https:\/\/mhcalculos.com.br\/noticias\/#\/schema\/person\/88d1c34bf72dc779ea14a5a6b8e0ae8d\",\"name\":\"Equipe MH\",\"image\":{\"@type\":\"ImageObject\",\"inLanguage\":\"pt-BR\",\"@id\":\"https:\/\/secure.gravatar.com\/avatar\/de1c686c2ecc9c5a3f327e3431d819eb39f8f05d4e1045f5a1caad6daaba987f?s=96&d=mm&r=g\",\"url\":\"https:\/\/secure.gravatar.com\/avatar\/de1c686c2ecc9c5a3f327e3431d819eb39f8f05d4e1045f5a1caad6daaba987f?s=96&d=mm&r=g\",\"contentUrl\":\"https:\/\/secure.gravatar.com\/avatar\/de1c686c2ecc9c5a3f327e3431d819eb39f8f05d4e1045f5a1caad6daaba987f?s=96&d=mm&r=g\",\"caption\":\"Equipe MH\"}}]}<\/script>\n<!-- \/ Yoast SEO plugin. -->","yoast_head_json":{"title":"STF: 2\u00aa Turma homenageia ministro Celso de Mello em sua \u00faltima sess\u00e3o no colegiado | Portal de Not\u00edcias","robots":{"index":"index","follow":"follow","max-snippet":"max-snippet:-1","max-image-preview":"max-image-preview:large","max-video-preview":"max-video-preview:-1"},"canonical":"https:\/\/mhcalculos.com.br\/noticias\/area\/previdenciario\/stf-2a-turma-homenageia-ministro-celso-de-mello-em-sua-ultima-sessao-no-colegiado.html","og_locale":"pt_BR","og_type":"article","og_title":"STF: 2\u00aa Turma homenageia ministro Celso de Mello em sua \u00faltima sess\u00e3o no colegiado | Portal de Not\u00edcias","og_description":"O ministro Celso de Mello foi homenageado nesta ter\u00e7a-feira (6) pelos ministros da Segunda Turma, ao final de sua \u00faltima sess\u00e3o jurisdicional no colegiado. Integrante do Supremo Tribunal Federal (STF) desde 15\/11\/1989, o decano pediu aposentadoria volunt\u00e1ria e encerra sua trajet\u00f3ria na Suprema Corte no pr\u00f3ximo dia 13. Densidade intelectual O presidente do colegiado, ministro [&hellip;]","og_url":"https:\/\/mhcalculos.com.br\/noticias\/area\/previdenciario\/stf-2a-turma-homenageia-ministro-celso-de-mello-em-sua-ultima-sessao-no-colegiado.html","og_site_name":"Portal de Not\u00edcias","article_published_time":"2020-10-07T07:05:49+00:00","article_modified_time":"2021-07-28T17:28:49+00:00","og_image":[{"width":2000,"height":800,"url":"https:\/\/mhcalculos.com.br\/noticias\/wp-content\/uploads\/sites\/2\/2019\/02\/previdenciario-0001.jpg","type":"image\/jpeg"}],"author":"Equipe MH","twitter_card":"summary_large_image","twitter_misc":{"Escrito por":"Equipe MH","Est. tempo de leitura":"4 minutos"},"schema":{"@context":"https:\/\/schema.org","@graph":[{"@type":"Article","@id":"https:\/\/mhcalculos.com.br\/noticias\/area\/previdenciario\/stf-2a-turma-homenageia-ministro-celso-de-mello-em-sua-ultima-sessao-no-colegiado.html#article","isPartOf":{"@id":"https:\/\/mhcalculos.com.br\/noticias\/area\/previdenciario\/stf-2a-turma-homenageia-ministro-celso-de-mello-em-sua-ultima-sessao-no-colegiado.html"},"author":{"name":"Equipe MH","@id":"https:\/\/mhcalculos.com.br\/noticias\/#\/schema\/person\/88d1c34bf72dc779ea14a5a6b8e0ae8d"},"headline":"STF: 2\u00aa Turma homenageia ministro Celso de Mello em sua \u00faltima sess\u00e3o no colegiado","datePublished":"2020-10-07T07:05:49+00:00","dateModified":"2021-07-28T17:28:49+00:00","mainEntityOfPage":{"@id":"https:\/\/mhcalculos.com.br\/noticias\/area\/previdenciario\/stf-2a-turma-homenageia-ministro-celso-de-mello-em-sua-ultima-sessao-no-colegiado.html"},"wordCount":745,"commentCount":0,"image":{"@id":"https:\/\/mhcalculos.com.br\/noticias\/area\/previdenciario\/stf-2a-turma-homenageia-ministro-celso-de-mello-em-sua-ultima-sessao-no-colegiado.html#primaryimage"},"thumbnailUrl":"https:\/\/mhcalculos.com.br\/noticias\/wp-content\/uploads\/sites\/2\/2019\/02\/previdenciario-0001.jpg","keywords":["aposentadoria","c\u00e1lculos previdenci\u00e1rios","direito previdenci\u00e1rio","inss","per\u00edcia","perito","stf"],"articleSection":["Direito Previdenci\u00e1rio","STF"],"inLanguage":"pt-BR","potentialAction":[{"@type":"CommentAction","name":"Comment","target":["https:\/\/mhcalculos.com.br\/noticias\/area\/previdenciario\/stf-2a-turma-homenageia-ministro-celso-de-mello-em-sua-ultima-sessao-no-colegiado.html#respond"]}]},{"@type":"WebPage","@id":"https:\/\/mhcalculos.com.br\/noticias\/area\/previdenciario\/stf-2a-turma-homenageia-ministro-celso-de-mello-em-sua-ultima-sessao-no-colegiado.html","url":"https:\/\/mhcalculos.com.br\/noticias\/area\/previdenciario\/stf-2a-turma-homenageia-ministro-celso-de-mello-em-sua-ultima-sessao-no-colegiado.html","name":"STF: 2\u00aa Turma homenageia ministro Celso de Mello em sua \u00faltima sess\u00e3o no colegiado | Portal de Not\u00edcias","isPartOf":{"@id":"https:\/\/mhcalculos.com.br\/noticias\/#website"},"primaryImageOfPage":{"@id":"https:\/\/mhcalculos.com.br\/noticias\/area\/previdenciario\/stf-2a-turma-homenageia-ministro-celso-de-mello-em-sua-ultima-sessao-no-colegiado.html#primaryimage"},"image":{"@id":"https:\/\/mhcalculos.com.br\/noticias\/area\/previdenciario\/stf-2a-turma-homenageia-ministro-celso-de-mello-em-sua-ultima-sessao-no-colegiado.html#primaryimage"},"thumbnailUrl":"https:\/\/mhcalculos.com.br\/noticias\/wp-content\/uploads\/sites\/2\/2019\/02\/previdenciario-0001.jpg","datePublished":"2020-10-07T07:05:49+00:00","dateModified":"2021-07-28T17:28:49+00:00","author":{"@id":"https:\/\/mhcalculos.com.br\/noticias\/#\/schema\/person\/88d1c34bf72dc779ea14a5a6b8e0ae8d"},"breadcrumb":{"@id":"https:\/\/mhcalculos.com.br\/noticias\/area\/previdenciario\/stf-2a-turma-homenageia-ministro-celso-de-mello-em-sua-ultima-sessao-no-colegiado.html#breadcrumb"},"inLanguage":"pt-BR","potentialAction":[{"@type":"ReadAction","target":["https:\/\/mhcalculos.com.br\/noticias\/area\/previdenciario\/stf-2a-turma-homenageia-ministro-celso-de-mello-em-sua-ultima-sessao-no-colegiado.html"]}]},{"@type":"ImageObject","inLanguage":"pt-BR","@id":"https:\/\/mhcalculos.com.br\/noticias\/area\/previdenciario\/stf-2a-turma-homenageia-ministro-celso-de-mello-em-sua-ultima-sessao-no-colegiado.html#primaryimage","url":"https:\/\/mhcalculos.com.br\/noticias\/wp-content\/uploads\/sites\/2\/2019\/02\/previdenciario-0001.jpg","contentUrl":"https:\/\/mhcalculos.com.br\/noticias\/wp-content\/uploads\/sites\/2\/2019\/02\/previdenciario-0001.jpg","width":2000,"height":800},{"@type":"BreadcrumbList","@id":"https:\/\/mhcalculos.com.br\/noticias\/area\/previdenciario\/stf-2a-turma-homenageia-ministro-celso-de-mello-em-sua-ultima-sessao-no-colegiado.html#breadcrumb","itemListElement":[{"@type":"ListItem","position":1,"name":"In\u00edcio","item":"https:\/\/mhcalculos.com.br\/noticias\/"},{"@type":"ListItem","position":2,"name":"STF: 2\u00aa Turma homenageia ministro Celso de Mello em sua \u00faltima sess\u00e3o no colegiado"}]},{"@type":"WebSite","@id":"https:\/\/mhcalculos.com.br\/noticias\/#website","url":"https:\/\/mhcalculos.com.br\/noticias\/","name":"Portal de Not\u00edcias","description":"Not\u00edcias e Jurisprud\u00eancia","potentialAction":[{"@type":"SearchAction","target":{"@type":"EntryPoint","urlTemplate":"https:\/\/mhcalculos.com.br\/noticias\/?s={search_term_string}"},"query-input":{"@type":"PropertyValueSpecification","valueRequired":true,"valueName":"search_term_string"}}],"inLanguage":"pt-BR"},{"@type":"Person","@id":"https:\/\/mhcalculos.com.br\/noticias\/#\/schema\/person\/88d1c34bf72dc779ea14a5a6b8e0ae8d","name":"Equipe MH","image":{"@type":"ImageObject","inLanguage":"pt-BR","@id":"https:\/\/secure.gravatar.com\/avatar\/de1c686c2ecc9c5a3f327e3431d819eb39f8f05d4e1045f5a1caad6daaba987f?s=96&d=mm&r=g","url":"https:\/\/secure.gravatar.com\/avatar\/de1c686c2ecc9c5a3f327e3431d819eb39f8f05d4e1045f5a1caad6daaba987f?s=96&d=mm&r=g","contentUrl":"https:\/\/secure.gravatar.com\/avatar\/de1c686c2ecc9c5a3f327e3431d819eb39f8f05d4e1045f5a1caad6daaba987f?s=96&d=mm&r=g","caption":"Equipe MH"}}]}},"_links":{"self":[{"href":"https:\/\/mhcalculos.com.br\/noticias\/wp-json\/wp\/v2\/posts\/7583","targetHints":{"allow":["GET"]}}],"collection":[{"href":"https:\/\/mhcalculos.com.br\/noticias\/wp-json\/wp\/v2\/posts"}],"about":[{"href":"https:\/\/mhcalculos.com.br\/noticias\/wp-json\/wp\/v2\/types\/post"}],"author":[{"embeddable":true,"href":"https:\/\/mhcalculos.com.br\/noticias\/wp-json\/wp\/v2\/users\/3063"}],"replies":[{"embeddable":true,"href":"https:\/\/mhcalculos.com.br\/noticias\/wp-json\/wp\/v2\/comments?post=7583"}],"version-history":[{"count":1,"href":"https:\/\/mhcalculos.com.br\/noticias\/wp-json\/wp\/v2\/posts\/7583\/revisions"}],"predecessor-version":[{"id":8808,"href":"https:\/\/mhcalculos.com.br\/noticias\/wp-json\/wp\/v2\/posts\/7583\/revisions\/8808"}],"wp:featuredmedia":[{"embeddable":true,"href":"https:\/\/mhcalculos.com.br\/noticias\/wp-json\/wp\/v2\/media\/3832"}],"wp:attachment":[{"href":"https:\/\/mhcalculos.com.br\/noticias\/wp-json\/wp\/v2\/media?parent=7583"}],"wp:term":[{"taxonomy":"category","embeddable":true,"href":"https:\/\/mhcalculos.com.br\/noticias\/wp-json\/wp\/v2\/categories?post=7583"},{"taxonomy":"post_tag","embeddable":true,"href":"https:\/\/mhcalculos.com.br\/noticias\/wp-json\/wp\/v2\/tags?post=7583"}],"curies":[{"name":"wp","href":"https:\/\/api.w.org\/{rel}","templated":true}]}}