{"id":7535,"date":"2020-09-20T17:05:10","date_gmt":"2020-09-20T20:05:10","guid":{"rendered":"https:\/\/mhcalculos.com.br\/noticias\/tribunais\/stf\/stf-retencao-de-importados-na-alfandega-para-pagamento-de-diferenca-fiscal-nao-ofende-a-constituicao.html"},"modified":"2021-07-28T14:28:56","modified_gmt":"2021-07-28T17:28:56","slug":"stf-retencao-de-importados-na-alfandega-para-pagamento-de-diferenca-fiscal-nao-ofende-a-constituicao","status":"publish","type":"post","link":"https:\/\/mhcalculos.com.br\/noticias\/tribunais\/stf\/stf-retencao-de-importados-na-alfandega-para-pagamento-de-diferenca-fiscal-nao-ofende-a-constituicao.html","title":{"rendered":"STF: Reten\u00e7\u00e3o de importados na alf\u00e2ndega para pagamento de diferen\u00e7a fiscal n\u00e3o ofende a Constitui\u00e7\u00e3o"},"content":{"rendered":"<p><br \/>\n<\/p>\n<p>O Supremo Tribunal Federal (STF) decidiu que \u00e9 poss\u00edvel condicionar o desembara\u00e7o aduaneiro de bens importados ao pagamento de diferen\u00e7a fiscal arbitrada por autoridade sobre o valor da mercadoria. A Corte, em decis\u00e3o un\u00e2nime, na sess\u00e3o virtual encerrada em 14\/9, acompanhou o voto do relator, ministro Marco Aur\u00e9lio, e deu provimento ao Recurso Extraordin\u00e1rio (RE) 1090591, com repercuss\u00e3o geral reconhecida (<a href=\"http:\/\/stf.jus.br\/portal\/jurisprudenciaRepercussao\/verAndamentoProcesso.asp?incidente=5304243&amp;numeroProcesso=1090591&amp;classeProcesso=RE&amp;numeroTema=1042\" target=\"_blank\" rel=\"noopener noreferrer\">Tema 1042<\/a>).<\/p>\n<p><b>Meio coercitivo<\/b><\/p>\n<p>O recurso foi interposto pela Uni\u00e3o contra decis\u00e3o do Tribunal Regional Federal da 4&ordf; Regi\u00e3o (TRF-4) que entendeu incab\u00edvel condicionar o despacho aduaneiro de bens importados ao pagamento das diferen\u00e7as. No caso, a Receita Federal havia retido as mercadorias importadas por uma empresa de Santa Catarina, com a alega\u00e7\u00e3o de subfaturamento (declara\u00e7\u00e3o de menor pre\u00e7o da mercadoria para pagamento a menor do tributo), e condicionou sua libera\u00e7\u00e3o ao pagamento de multa e tributos complementares ou dep\u00f3sito de cau\u00e7\u00e3o (garantia) correspondente. Ao afastar a reten\u00e7\u00e3o, o TRF-4 entendeu, entre outros pontos, que a S\u00famula 323 do Supremo pro\u00edbe a apreens\u00e3o de mercadorias como meio coercitivo para pagamento de tributos.<\/p>\n<p>No RE, a Uni\u00e3o argumenta que n\u00e3o h\u00e1 semelhan\u00e7a entre o precedente que originou a <a href=\"https:\/\/jurisprudencia.stf.jus.br\/pages\/search\/seq-sumula323\/false\" target=\"_blank\" rel=\"noopener noreferrer\">S\u00famula 323<\/a> e a situa\u00e7\u00e3o retratada no processo, pois, naquela ocasi\u00e3o, discutiu-se a apreens\u00e3o de mercadorias como meio coercitivo para pagamento de tributos. J\u00e1 nesse caso, o que est\u00e1 em exame \u00e9 a reten\u00e7\u00e3o de bem objeto de despacho aduaneiro de importa\u00e7\u00e3o at\u00e9 o recolhimento da diferen\u00e7a decorrente de arbitramento fiscal.<\/p>\n<p><b>Quita\u00e7\u00e3o tribut\u00e1ria<\/b><\/p>\n<p>De acordo com o ministro Marco Aur\u00e9lio, ao contr\u00e1rio do que apontado na decis\u00e3o do TRF-4, n\u00e3o se discute, no caso, a apreens\u00e3o de mercadorias como meio coercitivo visando \u00e0 satisfa\u00e7\u00e3o de d\u00e9bito tribut\u00e1rio. Trata-se, segundo ele, de pagamento de tributo e multa, elemento essencial ao desembara\u00e7o aduaneiro. O inadimplemento dessa obriga\u00e7\u00e3o fiscal, conforme o Decreto 6.759\/2009, inviabiliza a conclus\u00e3o do procedimento e afasta a possibilidade de internaliza\u00e7\u00e3o da mercadoria. &ldquo;N\u00e3o se tem coa\u00e7\u00e3o indireta objetivando a quita\u00e7\u00e3o tribut\u00e1ria, mas regra segundo a qual o recolhimento das diferen\u00e7as fiscais \u00e9 condi\u00e7\u00e3o a ser satisfeita na introdu\u00e7\u00e3o do bem no territ\u00f3rio nacional, sem o qual n\u00e3o se aperfei\u00e7oa a importa\u00e7\u00e3o&rdquo;, explicou.<\/p>\n<p><b>Precedente<\/b><\/p>\n<p>O relator lembrou que o Plen\u00e1rio do Supremo j\u00e1 assentou a higidez constitucional do condicionamento do desembara\u00e7o da mercadoria importada \u00e0 comprova\u00e7\u00e3o de recolhimento do Imposto sobre Circula\u00e7\u00e3o de Mercadorias e Servi\u00e7os (ICMS). A partir do julgamento do RE 193817, foi editada a <a href=\"https:\/\/jurisprudencia.stf.jus.br\/pages\/search\/seq-sumula807\/false\" target=\"_blank\" rel=\"noopener noreferrer\">S\u00famula Vinculante (SV) 48<\/a>, com esse teor. Para o ministro Marco Aur\u00e9lio, essa sistem\u00e1tica revela op\u00e7\u00e3o pol\u00edtica do legislador direcionada a eliminar a sonega\u00e7\u00e3o fiscal e proteger a ind\u00fastria nacional, em conson\u00e2ncia com o artigo 237 da Constitui\u00e7\u00e3o Federal.<\/p>\n<p><b>Tese<\/b><\/p>\n<p>A tese de repercuss\u00e3o geral fixada foi a seguinte: &quot;\u00c9 constitucional vincular o despacho aduaneiro ao recolhimento de diferen\u00e7a tribut\u00e1ria apurada mediante arbitramento da autoridade fiscal&quot;.<\/p>\n<p><span style=\"font-size: smaller\">SP\/CR\/\/CF<\/span><\/p>\n<p><b>Leia mais:<\/b><\/p>\n<p>30\/4\/2019 &#8211; Supremo julgar\u00e1 possibilidade de reten\u00e7\u00e3o de bens importados para pagamento de diferen\u00e7a fiscal<\/p>\n<p><i>Com informa\u00e7\u00f5es da assessoria de imprensa do STF.<\/i><br \/>\n<br \/><a href=\"http:\/\/www.stf.jus.br\/portal\/cms\/verNoticiaDetalhe.asp?idConteudo=451934\">Fonte<\/a><br \/>\n<br \/><\/p>\n","protected":false},"excerpt":{"rendered":"<p>O Supremo Tribunal Federal (STF) decidiu que \u00e9 poss\u00edvel condicionar o desembara\u00e7o aduaneiro de bens importados ao pagamento de diferen\u00e7a fiscal arbitrada por autoridade sobre o valor da mercadoria. A Corte, em decis\u00e3o un\u00e2nime, na sess\u00e3o virtual encerrada em 14\/9, acompanhou o voto do relator, ministro Marco Aur\u00e9lio, e deu provimento ao Recurso Extraordin\u00e1rio (RE) [&hellip;]<\/p>\n","protected":false},"author":3063,"featured_media":1681,"comment_status":"open","ping_status":"open","sticky":false,"template":"","format":"standard","meta":{"footnotes":""},"categories":[18,15],"tags":[32,31,42,30,29,213,9,12,16],"class_list":{"0":"post-7535","1":"post","2":"type-post","3":"status-publish","4":"format-standard","5":"has-post-thumbnail","7":"category-tributario","8":"category-stf","9":"tag-calculos-judiciais","10":"tag-calculos-tributarios","11":"tag-direito-tributario","12":"tag-divida-ativa","13":"tag-fazenda-publica","14":"tag-imposto","15":"tag-pericia","16":"tag-perito","17":"tag-stf"},"yoast_head":"<!-- This site is optimized with the Yoast SEO plugin v27.2 - https:\/\/yoast.com\/product\/yoast-seo-wordpress\/ -->\n<title>STF: Reten\u00e7\u00e3o de importados na alf\u00e2ndega para pagamento de diferen\u00e7a fiscal n\u00e3o ofende a Constitui\u00e7\u00e3o | Portal de Not\u00edcias<\/title>\n<meta name=\"robots\" content=\"index, follow, max-snippet:-1, max-image-preview:large, max-video-preview:-1\" \/>\n<link rel=\"canonical\" href=\"http:\/\/www.stf.jus.br\/portal\/cms\/verNoticiaDetalhe.asp?idConteudo=451934\" \/>\n<meta property=\"og:locale\" content=\"pt_BR\" \/>\n<meta property=\"og:type\" content=\"article\" \/>\n<meta property=\"og:title\" content=\"STF: Reten\u00e7\u00e3o de importados na alf\u00e2ndega para pagamento de diferen\u00e7a fiscal n\u00e3o ofende a Constitui\u00e7\u00e3o | Portal de Not\u00edcias\" \/>\n<meta property=\"og:description\" content=\"O Supremo Tribunal Federal (STF) decidiu que \u00e9 poss\u00edvel condicionar o desembara\u00e7o aduaneiro de bens importados ao pagamento de diferen\u00e7a fiscal arbitrada por autoridade sobre o valor da mercadoria. A Corte, em decis\u00e3o un\u00e2nime, na sess\u00e3o virtual encerrada em 14\/9, acompanhou o voto do relator, ministro Marco Aur\u00e9lio, e deu provimento ao Recurso Extraordin\u00e1rio (RE) [&hellip;]\" \/>\n<meta property=\"og:url\" content=\"http:\/\/www.stf.jus.br\/portal\/cms\/verNoticiaDetalhe.asp?idConteudo=451934\" \/>\n<meta property=\"og:site_name\" content=\"Portal de Not\u00edcias\" \/>\n<meta property=\"article:published_time\" content=\"2020-09-20T20:05:10+00:00\" \/>\n<meta property=\"article:modified_time\" content=\"2021-07-28T17:28:56+00:00\" \/>\n<meta property=\"og:image\" content=\"https:\/\/mhcalculos.com.br\/noticias\/wp-content\/uploads\/sites\/2\/2018\/06\/tributario-0008.jpg\" \/>\n\t<meta property=\"og:image:width\" content=\"2000\" \/>\n\t<meta property=\"og:image:height\" content=\"800\" \/>\n\t<meta property=\"og:image:type\" content=\"image\/jpeg\" \/>\n<meta name=\"author\" content=\"Equipe MH\" \/>\n<meta name=\"twitter:card\" content=\"summary_large_image\" \/>\n<meta name=\"twitter:label1\" content=\"Escrito por\" \/>\n\t<meta name=\"twitter:data1\" content=\"Equipe MH\" \/>\n\t<meta name=\"twitter:label2\" content=\"Est. tempo de leitura\" \/>\n\t<meta name=\"twitter:data2\" content=\"3 minutos\" \/>\n<script type=\"application\/ld+json\" class=\"yoast-schema-graph\">{\"@context\":\"https:\/\/schema.org\",\"@graph\":[{\"@type\":\"Article\",\"@id\":\"http:\/\/www.stf.jus.br\/portal\/cms\/verNoticiaDetalhe.asp?idConteudo=451934#article\",\"isPartOf\":{\"@id\":\"https:\/\/mhcalculos.com.br\/noticias\/tribunais\/stf\/stf-retencao-de-importados-na-alfandega-para-pagamento-de-diferenca-fiscal-nao-ofende-a-constituicao.html\"},\"author\":{\"name\":\"Equipe MH\",\"@id\":\"https:\/\/mhcalculos.com.br\/noticias\/#\/schema\/person\/88d1c34bf72dc779ea14a5a6b8e0ae8d\"},\"headline\":\"STF: Reten\u00e7\u00e3o de importados na alf\u00e2ndega para pagamento de diferen\u00e7a fiscal n\u00e3o ofende a Constitui\u00e7\u00e3o\",\"datePublished\":\"2020-09-20T20:05:10+00:00\",\"dateModified\":\"2021-07-28T17:28:56+00:00\",\"mainEntityOfPage\":{\"@id\":\"https:\/\/mhcalculos.com.br\/noticias\/tribunais\/stf\/stf-retencao-de-importados-na-alfandega-para-pagamento-de-diferenca-fiscal-nao-ofende-a-constituicao.html\"},\"wordCount\":578,\"commentCount\":0,\"image\":{\"@id\":\"http:\/\/www.stf.jus.br\/portal\/cms\/verNoticiaDetalhe.asp?idConteudo=451934#primaryimage\"},\"thumbnailUrl\":\"https:\/\/mhcalculos.com.br\/noticias\/wp-content\/uploads\/sites\/2\/2018\/06\/tributario-0008.jpg\",\"keywords\":[\"c\u00e1lculos judiciais\",\"c\u00e1lculos tribut\u00e1rios\",\"direito tribut\u00e1rio\",\"d\u00edvida ativa\",\"fazenda p\u00fablica\",\"Imposto\",\"per\u00edcia\",\"perito\",\"stf\"],\"articleSection\":[\"Direito Tribut\u00e1rio\",\"STF\"],\"inLanguage\":\"pt-BR\",\"potentialAction\":[{\"@type\":\"CommentAction\",\"name\":\"Comment\",\"target\":[\"http:\/\/www.stf.jus.br\/portal\/cms\/verNoticiaDetalhe.asp?idConteudo=451934#respond\"]}]},{\"@type\":\"WebPage\",\"@id\":\"https:\/\/mhcalculos.com.br\/noticias\/tribunais\/stf\/stf-retencao-de-importados-na-alfandega-para-pagamento-de-diferenca-fiscal-nao-ofende-a-constituicao.html\",\"url\":\"http:\/\/www.stf.jus.br\/portal\/cms\/verNoticiaDetalhe.asp?idConteudo=451934\",\"name\":\"STF: Reten\u00e7\u00e3o de importados na alf\u00e2ndega para pagamento de diferen\u00e7a fiscal n\u00e3o ofende a Constitui\u00e7\u00e3o | Portal de Not\u00edcias\",\"isPartOf\":{\"@id\":\"https:\/\/mhcalculos.com.br\/noticias\/#website\"},\"primaryImageOfPage\":{\"@id\":\"http:\/\/www.stf.jus.br\/portal\/cms\/verNoticiaDetalhe.asp?idConteudo=451934#primaryimage\"},\"image\":{\"@id\":\"http:\/\/www.stf.jus.br\/portal\/cms\/verNoticiaDetalhe.asp?idConteudo=451934#primaryimage\"},\"thumbnailUrl\":\"https:\/\/mhcalculos.com.br\/noticias\/wp-content\/uploads\/sites\/2\/2018\/06\/tributario-0008.jpg\",\"datePublished\":\"2020-09-20T20:05:10+00:00\",\"dateModified\":\"2021-07-28T17:28:56+00:00\",\"author\":{\"@id\":\"https:\/\/mhcalculos.com.br\/noticias\/#\/schema\/person\/88d1c34bf72dc779ea14a5a6b8e0ae8d\"},\"breadcrumb\":{\"@id\":\"http:\/\/www.stf.jus.br\/portal\/cms\/verNoticiaDetalhe.asp?idConteudo=451934#breadcrumb\"},\"inLanguage\":\"pt-BR\",\"potentialAction\":[{\"@type\":\"ReadAction\",\"target\":[\"http:\/\/www.stf.jus.br\/portal\/cms\/verNoticiaDetalhe.asp?idConteudo=451934\"]}]},{\"@type\":\"ImageObject\",\"inLanguage\":\"pt-BR\",\"@id\":\"http:\/\/www.stf.jus.br\/portal\/cms\/verNoticiaDetalhe.asp?idConteudo=451934#primaryimage\",\"url\":\"https:\/\/mhcalculos.com.br\/noticias\/wp-content\/uploads\/sites\/2\/2018\/06\/tributario-0008.jpg\",\"contentUrl\":\"https:\/\/mhcalculos.com.br\/noticias\/wp-content\/uploads\/sites\/2\/2018\/06\/tributario-0008.jpg\",\"width\":2000,\"height\":800},{\"@type\":\"BreadcrumbList\",\"@id\":\"http:\/\/www.stf.jus.br\/portal\/cms\/verNoticiaDetalhe.asp?idConteudo=451934#breadcrumb\",\"itemListElement\":[{\"@type\":\"ListItem\",\"position\":1,\"name\":\"In\u00edcio\",\"item\":\"https:\/\/mhcalculos.com.br\/noticias\/\"},{\"@type\":\"ListItem\",\"position\":2,\"name\":\"STF: Reten\u00e7\u00e3o de importados na alf\u00e2ndega para pagamento de diferen\u00e7a fiscal n\u00e3o ofende a Constitui\u00e7\u00e3o\"}]},{\"@type\":\"WebSite\",\"@id\":\"https:\/\/mhcalculos.com.br\/noticias\/#website\",\"url\":\"https:\/\/mhcalculos.com.br\/noticias\/\",\"name\":\"Portal de Not\u00edcias\",\"description\":\"Not\u00edcias e Jurisprud\u00eancia\",\"potentialAction\":[{\"@type\":\"SearchAction\",\"target\":{\"@type\":\"EntryPoint\",\"urlTemplate\":\"https:\/\/mhcalculos.com.br\/noticias\/?s={search_term_string}\"},\"query-input\":{\"@type\":\"PropertyValueSpecification\",\"valueRequired\":true,\"valueName\":\"search_term_string\"}}],\"inLanguage\":\"pt-BR\"},{\"@type\":\"Person\",\"@id\":\"https:\/\/mhcalculos.com.br\/noticias\/#\/schema\/person\/88d1c34bf72dc779ea14a5a6b8e0ae8d\",\"name\":\"Equipe MH\",\"image\":{\"@type\":\"ImageObject\",\"inLanguage\":\"pt-BR\",\"@id\":\"https:\/\/secure.gravatar.com\/avatar\/de1c686c2ecc9c5a3f327e3431d819eb39f8f05d4e1045f5a1caad6daaba987f?s=96&d=mm&r=g\",\"url\":\"https:\/\/secure.gravatar.com\/avatar\/de1c686c2ecc9c5a3f327e3431d819eb39f8f05d4e1045f5a1caad6daaba987f?s=96&d=mm&r=g\",\"contentUrl\":\"https:\/\/secure.gravatar.com\/avatar\/de1c686c2ecc9c5a3f327e3431d819eb39f8f05d4e1045f5a1caad6daaba987f?s=96&d=mm&r=g\",\"caption\":\"Equipe MH\"}}]}<\/script>\n<!-- \/ Yoast SEO plugin. -->","yoast_head_json":{"title":"STF: Reten\u00e7\u00e3o de importados na alf\u00e2ndega para pagamento de diferen\u00e7a fiscal n\u00e3o ofende a Constitui\u00e7\u00e3o | Portal de Not\u00edcias","robots":{"index":"index","follow":"follow","max-snippet":"max-snippet:-1","max-image-preview":"max-image-preview:large","max-video-preview":"max-video-preview:-1"},"canonical":"http:\/\/www.stf.jus.br\/portal\/cms\/verNoticiaDetalhe.asp?idConteudo=451934","og_locale":"pt_BR","og_type":"article","og_title":"STF: Reten\u00e7\u00e3o de importados na alf\u00e2ndega para pagamento de diferen\u00e7a fiscal n\u00e3o ofende a Constitui\u00e7\u00e3o | Portal de Not\u00edcias","og_description":"O Supremo Tribunal Federal (STF) decidiu que \u00e9 poss\u00edvel condicionar o desembara\u00e7o aduaneiro de bens importados ao pagamento de diferen\u00e7a fiscal arbitrada por autoridade sobre o valor da mercadoria. A Corte, em decis\u00e3o un\u00e2nime, na sess\u00e3o virtual encerrada em 14\/9, acompanhou o voto do relator, ministro Marco Aur\u00e9lio, e deu provimento ao Recurso Extraordin\u00e1rio (RE) [&hellip;]","og_url":"http:\/\/www.stf.jus.br\/portal\/cms\/verNoticiaDetalhe.asp?idConteudo=451934","og_site_name":"Portal de Not\u00edcias","article_published_time":"2020-09-20T20:05:10+00:00","article_modified_time":"2021-07-28T17:28:56+00:00","og_image":[{"width":2000,"height":800,"url":"https:\/\/mhcalculos.com.br\/noticias\/wp-content\/uploads\/sites\/2\/2018\/06\/tributario-0008.jpg","type":"image\/jpeg"}],"author":"Equipe MH","twitter_card":"summary_large_image","twitter_misc":{"Escrito por":"Equipe MH","Est. tempo de leitura":"3 minutos"},"schema":{"@context":"https:\/\/schema.org","@graph":[{"@type":"Article","@id":"http:\/\/www.stf.jus.br\/portal\/cms\/verNoticiaDetalhe.asp?idConteudo=451934#article","isPartOf":{"@id":"https:\/\/mhcalculos.com.br\/noticias\/tribunais\/stf\/stf-retencao-de-importados-na-alfandega-para-pagamento-de-diferenca-fiscal-nao-ofende-a-constituicao.html"},"author":{"name":"Equipe MH","@id":"https:\/\/mhcalculos.com.br\/noticias\/#\/schema\/person\/88d1c34bf72dc779ea14a5a6b8e0ae8d"},"headline":"STF: Reten\u00e7\u00e3o de importados na alf\u00e2ndega para pagamento de diferen\u00e7a fiscal n\u00e3o ofende a Constitui\u00e7\u00e3o","datePublished":"2020-09-20T20:05:10+00:00","dateModified":"2021-07-28T17:28:56+00:00","mainEntityOfPage":{"@id":"https:\/\/mhcalculos.com.br\/noticias\/tribunais\/stf\/stf-retencao-de-importados-na-alfandega-para-pagamento-de-diferenca-fiscal-nao-ofende-a-constituicao.html"},"wordCount":578,"commentCount":0,"image":{"@id":"http:\/\/www.stf.jus.br\/portal\/cms\/verNoticiaDetalhe.asp?idConteudo=451934#primaryimage"},"thumbnailUrl":"https:\/\/mhcalculos.com.br\/noticias\/wp-content\/uploads\/sites\/2\/2018\/06\/tributario-0008.jpg","keywords":["c\u00e1lculos judiciais","c\u00e1lculos tribut\u00e1rios","direito tribut\u00e1rio","d\u00edvida ativa","fazenda p\u00fablica","Imposto","per\u00edcia","perito","stf"],"articleSection":["Direito Tribut\u00e1rio","STF"],"inLanguage":"pt-BR","potentialAction":[{"@type":"CommentAction","name":"Comment","target":["http:\/\/www.stf.jus.br\/portal\/cms\/verNoticiaDetalhe.asp?idConteudo=451934#respond"]}]},{"@type":"WebPage","@id":"https:\/\/mhcalculos.com.br\/noticias\/tribunais\/stf\/stf-retencao-de-importados-na-alfandega-para-pagamento-de-diferenca-fiscal-nao-ofende-a-constituicao.html","url":"http:\/\/www.stf.jus.br\/portal\/cms\/verNoticiaDetalhe.asp?idConteudo=451934","name":"STF: Reten\u00e7\u00e3o de importados na alf\u00e2ndega para pagamento de diferen\u00e7a fiscal n\u00e3o ofende a Constitui\u00e7\u00e3o | Portal de Not\u00edcias","isPartOf":{"@id":"https:\/\/mhcalculos.com.br\/noticias\/#website"},"primaryImageOfPage":{"@id":"http:\/\/www.stf.jus.br\/portal\/cms\/verNoticiaDetalhe.asp?idConteudo=451934#primaryimage"},"image":{"@id":"http:\/\/www.stf.jus.br\/portal\/cms\/verNoticiaDetalhe.asp?idConteudo=451934#primaryimage"},"thumbnailUrl":"https:\/\/mhcalculos.com.br\/noticias\/wp-content\/uploads\/sites\/2\/2018\/06\/tributario-0008.jpg","datePublished":"2020-09-20T20:05:10+00:00","dateModified":"2021-07-28T17:28:56+00:00","author":{"@id":"https:\/\/mhcalculos.com.br\/noticias\/#\/schema\/person\/88d1c34bf72dc779ea14a5a6b8e0ae8d"},"breadcrumb":{"@id":"http:\/\/www.stf.jus.br\/portal\/cms\/verNoticiaDetalhe.asp?idConteudo=451934#breadcrumb"},"inLanguage":"pt-BR","potentialAction":[{"@type":"ReadAction","target":["http:\/\/www.stf.jus.br\/portal\/cms\/verNoticiaDetalhe.asp?idConteudo=451934"]}]},{"@type":"ImageObject","inLanguage":"pt-BR","@id":"http:\/\/www.stf.jus.br\/portal\/cms\/verNoticiaDetalhe.asp?idConteudo=451934#primaryimage","url":"https:\/\/mhcalculos.com.br\/noticias\/wp-content\/uploads\/sites\/2\/2018\/06\/tributario-0008.jpg","contentUrl":"https:\/\/mhcalculos.com.br\/noticias\/wp-content\/uploads\/sites\/2\/2018\/06\/tributario-0008.jpg","width":2000,"height":800},{"@type":"BreadcrumbList","@id":"http:\/\/www.stf.jus.br\/portal\/cms\/verNoticiaDetalhe.asp?idConteudo=451934#breadcrumb","itemListElement":[{"@type":"ListItem","position":1,"name":"In\u00edcio","item":"https:\/\/mhcalculos.com.br\/noticias\/"},{"@type":"ListItem","position":2,"name":"STF: Reten\u00e7\u00e3o de importados na alf\u00e2ndega para pagamento de diferen\u00e7a fiscal n\u00e3o ofende a Constitui\u00e7\u00e3o"}]},{"@type":"WebSite","@id":"https:\/\/mhcalculos.com.br\/noticias\/#website","url":"https:\/\/mhcalculos.com.br\/noticias\/","name":"Portal de Not\u00edcias","description":"Not\u00edcias e Jurisprud\u00eancia","potentialAction":[{"@type":"SearchAction","target":{"@type":"EntryPoint","urlTemplate":"https:\/\/mhcalculos.com.br\/noticias\/?s={search_term_string}"},"query-input":{"@type":"PropertyValueSpecification","valueRequired":true,"valueName":"search_term_string"}}],"inLanguage":"pt-BR"},{"@type":"Person","@id":"https:\/\/mhcalculos.com.br\/noticias\/#\/schema\/person\/88d1c34bf72dc779ea14a5a6b8e0ae8d","name":"Equipe MH","image":{"@type":"ImageObject","inLanguage":"pt-BR","@id":"https:\/\/secure.gravatar.com\/avatar\/de1c686c2ecc9c5a3f327e3431d819eb39f8f05d4e1045f5a1caad6daaba987f?s=96&d=mm&r=g","url":"https:\/\/secure.gravatar.com\/avatar\/de1c686c2ecc9c5a3f327e3431d819eb39f8f05d4e1045f5a1caad6daaba987f?s=96&d=mm&r=g","contentUrl":"https:\/\/secure.gravatar.com\/avatar\/de1c686c2ecc9c5a3f327e3431d819eb39f8f05d4e1045f5a1caad6daaba987f?s=96&d=mm&r=g","caption":"Equipe MH"}}]}},"_links":{"self":[{"href":"https:\/\/mhcalculos.com.br\/noticias\/wp-json\/wp\/v2\/posts\/7535","targetHints":{"allow":["GET"]}}],"collection":[{"href":"https:\/\/mhcalculos.com.br\/noticias\/wp-json\/wp\/v2\/posts"}],"about":[{"href":"https:\/\/mhcalculos.com.br\/noticias\/wp-json\/wp\/v2\/types\/post"}],"author":[{"embeddable":true,"href":"https:\/\/mhcalculos.com.br\/noticias\/wp-json\/wp\/v2\/users\/3063"}],"replies":[{"embeddable":true,"href":"https:\/\/mhcalculos.com.br\/noticias\/wp-json\/wp\/v2\/comments?post=7535"}],"version-history":[{"count":1,"href":"https:\/\/mhcalculos.com.br\/noticias\/wp-json\/wp\/v2\/posts\/7535\/revisions"}],"predecessor-version":[{"id":8850,"href":"https:\/\/mhcalculos.com.br\/noticias\/wp-json\/wp\/v2\/posts\/7535\/revisions\/8850"}],"wp:featuredmedia":[{"embeddable":true,"href":"https:\/\/mhcalculos.com.br\/noticias\/wp-json\/wp\/v2\/media\/1681"}],"wp:attachment":[{"href":"https:\/\/mhcalculos.com.br\/noticias\/wp-json\/wp\/v2\/media?parent=7535"}],"wp:term":[{"taxonomy":"category","embeddable":true,"href":"https:\/\/mhcalculos.com.br\/noticias\/wp-json\/wp\/v2\/categories?post=7535"},{"taxonomy":"post_tag","embeddable":true,"href":"https:\/\/mhcalculos.com.br\/noticias\/wp-json\/wp\/v2\/tags?post=7535"}],"curies":[{"name":"wp","href":"https:\/\/api.w.org\/{rel}","templated":true}]}}