{"id":7534,"date":"2020-09-18T12:17:00","date_gmt":"2020-09-18T15:17:00","guid":{"rendered":"https:\/\/mhcalculos.com.br\/noticias\/area\/trabalhista\/tst-motorista-que-so-acompanhava-abastecimento-de-caminhao-nao-recebera-adicional.html"},"modified":"2021-07-28T14:28:57","modified_gmt":"2021-07-28T17:28:57","slug":"tst-motorista-que-so-acompanhava-abastecimento-de-caminhao-nao-recebera-adicional","status":"publish","type":"post","link":"https:\/\/mhcalculos.com.br\/noticias\/area\/trabalhista\/tst-motorista-que-so-acompanhava-abastecimento-de-caminhao-nao-recebera-adicional.html","title":{"rendered":"TST: Motorista que s\u00f3 acompanhava abastecimento de caminh\u00e3o n\u00e3o receber\u00e1 adicional"},"content":{"rendered":"<p><br \/>\n<\/p>\n<p><em><\/p>\n<p>O ingresso na \u00e1rea de risco apenas nessa situa\u00e7\u00e3o n\u00e3o caracteriza periculosidade.<\/p>\n<p><\/em><\/p>\n<p>        <a class=\"share-facebook\" href=\"https:\/\/www.facebook.com\/sharer.php?u=http:\/\/www.tst.jus.br\/-\/motorista-que-s%C3%B3-acompanhava-abastecimento-de-caminh%C3%A3o-n%C3%A3o-receber%C3%A1-adicional\" target=\"_blank\" rel=\"noopener noreferrer\"><\/a><br \/>\n        <a class=\"share-twitter\" href=\"http:\/\/twitter.com\/intent\/tweet?text=Motorista que s\u00f3 acompanhava abastecimento de caminh\u00e3o n\u00e3o receber\u00e1 adicional%0AVeja%20mais%20em:&amp;url=http:\/\/www.tst.jus.br\/-\/motorista-que-s%C3%B3-acompanhava-abastecimento-de-caminh%C3%A3o-n%C3%A3o-receber%C3%A1-adicional\" target=\"_blank\" rel=\"noopener noreferrer\"><\/a><br \/>\n        <a class=\"share-linkedin\" href=\"https:\/\/www.linkedin.com\/shareArticle?mini=true&amp;url=http:\/\/www.tst.jus.br\/-\/motorista-que-s%C3%B3-acompanhava-abastecimento-de-caminh%C3%A3o-n%C3%A3o-receber%C3%A1-adicional&amp;title=Motorista que s\u00f3 acompanhava abastecimento de caminh\u00e3o n\u00e3o receber\u00e1 adicional\" target=\"_blank\" rel=\"noopener noreferrer\"><\/a><br \/>\n        <a class=\"share-whatsapp\" href=\"https:\/\/web.whatsapp.com\/send?text=http:\/\/www.tst.jus.br\/-\/motorista-que-s%C3%B3-acompanhava-abastecimento-de-caminh%C3%A3o-n%C3%A3o-receber%C3%A1-adicional\" target=\"_blank\" rel=\"noopener noreferrer\"><\/a><br \/>\n        <a class=\"share-googleplus\" href=\"https:\/\/plus.google.com\/share?url=http:\/\/www.tst.jus.br\/-\/motorista-que-s%C3%B3-acompanhava-abastecimento-de-caminh%C3%A3o-n%C3%A3o-receber%C3%A1-adicional\" target=\"_blank\" rel=\"noopener noreferrer\"><\/a><\/p>\n<p>                <\/p>\n<p>Tanque de caminh\u00e3o durante abastecimento<\/p>\n<p>                    <a class=\"share-facebook\" href=\"https:\/\/www.facebook.com\/sharer.php?u=http:\/\/www.tst.jus.br\/-\/motorista-que-s%C3%B3-acompanhava-abastecimento-de-caminh%C3%A3o-n%C3%A3o-receber%C3%A1-adicional\" target=\"_blank\" rel=\"noopener noreferrer\"><\/a><br \/>\n                    <a class=\"share-twitter\" href=\"http:\/\/twitter.com\/intent\/tweet?text=Motorista que s\u00f3 acompanhava abastecimento de caminh\u00e3o n\u00e3o receber\u00e1 adicional%0AVeja%20mais%20em:&amp;url=http:\/\/www.tst.jus.br\/-\/motorista-que-s%C3%B3-acompanhava-abastecimento-de-caminh%C3%A3o-n%C3%A3o-receber%C3%A1-adicional\" target=\"_blank\" rel=\"noopener noreferrer\"><\/a><br \/>\n                    <a class=\"share-linkedin\" href=\"https:\/\/www.linkedin.com\/shareArticle?mini=true&amp;url=http:\/\/www.tst.jus.br\/-\/motorista-que-s%C3%B3-acompanhava-abastecimento-de-caminh%C3%A3o-n%C3%A3o-receber%C3%A1-adicional&amp;title=Motorista que s\u00f3 acompanhava abastecimento de caminh\u00e3o n\u00e3o receber\u00e1 adicional\" target=\"_blank\" rel=\"noopener noreferrer\"><\/a><br \/>\n                    <a class=\"share-whatsapp\" href=\"https:\/\/web.whatsapp.com\/send?text=http:\/\/www.tst.jus.br\/-\/motorista-que-s%C3%B3-acompanhava-abastecimento-de-caminh%C3%A3o-n%C3%A3o-receber%C3%A1-adicional\" target=\"_blank\" rel=\"noopener noreferrer\"><\/a><br \/>\n                    <a class=\"share-googleplus\" href=\"https:\/\/plus.google.com\/share?url=http:\/\/www.tst.jus.br\/-\/motorista-que-s%C3%B3-acompanhava-abastecimento-de-caminh%C3%A3o-n%C3%A3o-receber%C3%A1-adicional\" target=\"_blank\" rel=\"noopener noreferrer\"><\/a><\/p>\n<p>18\/09\/20 &#8211; A Oitava Turma do Tribunal Superior do Trabalho rejeitou o recurso de revista de um ex-motorista da Harsco Metals Ltda., do Rio de Janeiro (RJ), que cobrava da empresa o pagamento do adicional de periculosidade pelo contato com inflam\u00e1veis ao abastecer o ve\u00edculo. Ele apenas ingressava na \u00e1rea de risco para acompanhar o abastecimento, e, nesse caso, n\u00e3o h\u00e1 previs\u00e3o para o deferimento do adicional.<\/p>\n<h4>Perigo<\/h4>\n<p>A atividade do empregado era dirigir o caminh\u00e3o com o qual ele retirava a esc\u00f3ria da aciaria (res\u00edduo gerado em siderurgias na etapa de refino do a\u00e7o) e a transportava at\u00e9 o canteiro da Harsco para ser processada. Na a\u00e7\u00e3o trabalhista, o motorista disse que levava o caminh\u00e3o para abastecer uma vez a cada dois dias de trabalho e permanecia dentro do ve\u00edculo por cerca de 10 minutos.&nbsp;<\/p>\n<h4>Terceiro<\/h4>\n<p>O ju\u00edzo da 2\u00aa Vara do Trabalho de Cubat\u00e3o deferiu o adicional em grau m\u00e9dio para o empregado, mas o Tribunal Regional do Trabalho da 2\u00aa Regi\u00e3o (SP) reformou a senten\u00e7a. O TRT considerou que a perman\u00eancia do motorista em \u00e1rea de risco era espor\u00e1dica e, por isso, ele n\u00e3o teria direito ao adicional. Na vis\u00e3o do Tribunal Regional, a prosperar a tese do empregado, \u201cqualquer trabalhador que utilize ve\u00edculo motorizado e o abastece a cada dois dias faria jus ao adicional de periculosidade\u201d.<\/p>\n<h4>Infort\u00fanio<\/h4>\n<p>Ao recorrer ao TST, o motorista sustentou que o contato com o agente inflam\u00e1vel a cada dois dias, por 10 minutos, n\u00e3o pode ser considerado tempo reduzido ou espor\u00e1dico, mas habitual. Segundo ele, \u201co infort\u00fanio n\u00e3o tem dia nem hora para ocorrer, bastando apenas uma fra\u00e7\u00e3o de segundos para ceifar a vida do trabalhador&#8221;.<\/p>\n<h4>Jurisprud\u00eancia<\/h4>\n<p>A relatora do recurso de revista, ministra Dora Maria da Costa, explicou que, de acordo com a jurisprud\u00eancia do TST, a atividade desenvolvida pelo empregado que ingressa na \u00e1rea de risco apenas para acompanhar o abastecimento do ve\u00edculo n\u00e3o se encontra definida no artigo 193 da <a href=\"http:\/\/www.planalto.gov.br\/ccivil_03\/decreto-lei\/del5452.htm\" target=\"_blank\" rel=\"noopener noreferrer\">CLT<\/a> e na <a href=\"https:\/\/sit.trabalho.gov.br\/portal\/index.php\/ctpp-nrs\/nr-16?view=default\" target=\"_blank\" rel=\"noopener noreferrer\">Norma Regulamentadora 16<\/a> do extinto Minist\u00e9rio do Trabalho, sendo indevido, portanto, o adicional de periculosidade nessa hip\u00f3tese.<\/p>\n<p>A decis\u00e3o foi un\u00e2nime.<\/p>\n<p>(RR\/CF)<\/p>\n<p>Processo: <a href=\"https:\/\/sit.trabalho.gov.br\/portal\/index.php\/ctpp-nrs\/nr-16?view=default\" target=\"_blank\" rel=\"noopener noreferrer\">RR-1001240-89.2016.5.02.0252<\/a><\/p>\n<p>O TST possui oito Turmas, cada uma composta por tr\u00eas ministros, com a atribui\u00e7\u00e3o de analisar recursos de revista, agravos, agravos de instrumento, agravos regimentais e recursos ordin\u00e1rios em a\u00e7\u00e3o cautelar. Das decis\u00f5es das Turmas, a parte ainda pode, em alguns casos, recorrer \u00e0 Subse\u00e7\u00e3o I Especializada em Diss\u00eddios Individuais (SBDI-1).<\/p>\n<p>Esta mat\u00e9ria tem car\u00e1ter informativo, sem cunho oficial.<br \/>\nPermitida a reprodu\u00e7\u00e3o mediante cita\u00e7\u00e3o da fonte.<br \/>\nSecretaria de Comunica\u00e7\u00e3o Social<br \/>\n<a href=\"http:\/\/www,tst.jus.br\" target=\"_blank\" rel=\"noopener noreferrer\">Tribunal Superior do Trabalho<\/a><br \/>\nTel. (61) 3043-4907<br \/>\n<a href=\"mailto:secom@tst.jus.br\" target=\"\" rel=\"noopener noreferrer\">secom@tst.jus.br<\/a><\/p>\n<p>    $(&#8216;#lightbox-uvfb_ .slider-gallery-wrapper img&#8217;).hover(<br \/>\n    function() {<br \/>\n        const $text=$($($(this).parent()).next());<br \/>\n        $text.hasClass(&#8216;inside-description&#8217;) &amp;&amp; $text.fadeTo( &#8220;slow&#8221; , 0);<br \/>\n    }, function() {<br \/>\n        const $text=$($($(this).parent()).next());<br \/>\n        $text.hasClass(&#8216;inside-description&#8217;) &amp;&amp; $text.fadeTo( &#8220;slow&#8221; , 1);<br \/>\n    }<br \/>\n    );<br \/>\n    $(document).ready(function() {<br \/>\n        var uvfb_autoplaying=false;<br \/>\n        var uvfb_showingLightbox=false;<br \/>\n        const uvfb_playPauseControllers=&#8221;#slider-uvfb_-playpause, #slider-uvfb_-lightbox-playpause&#8221;;<br \/>\n        $(&#8220;#slider-uvfb_&#8221;).slick({<br \/>\n            slidesToShow: 1,<br \/>\n            slidesToScroll: 1,<br \/>\n            autoplay: uvfb_autoplaying,<br \/>\n            swipeToSlide: false,<br \/>\n            centerMode: false,<br \/>\n            autoplaySpeed: 3000,<br \/>\n            focusOnSelect: true,<br \/>\n            prevArrow:<br \/>\n            &#8221;,<br \/>\n            nextArrow:<br \/>\n            &#8221;,<br \/>\n            centerPadding: &#8220;60px&#8221;,<br \/>\n            responsive: [<br \/>\n                {<br \/>\n                    breakpoint: 767.98,<br \/>\n                    settings: {<br \/>\n                        slidesToShow: 3,<br \/>\n                        adaptiveHeight: true<br \/>\n                    }<br \/>\n                }<br \/>\n            ]<br \/>\n        });<br \/>\n        $(&#8220;#slider-uvfb_&#8221;).slickLightbox({<br \/>\n            src: &#8216;src&#8217;,<br \/>\n            itemSelector: &#8216;.galery-image .multimidia-wrapper img&#8217;,<br \/>\n            caption:&#8217;caption&#8217;<br \/>\n        });<br \/>\n    });<br \/>\n<script async src=\"https:\/\/platform.twitter.com\/widgets.js\" charset=\"utf-8\"><\/script><br \/>\n<br \/><i>Com informa\u00e7\u00f5es da assessoria de imprensa do TST.<\/i><br \/>\n<br \/><a href=\"http:\/\/www.tst.jus.br\/web\/guest\/noticias?p_p_id=89Dk&#038;p_p_lifecycle=0&#038;refererPlid=10730&#038;_89Dk_groupId=10157&#038;_89Dk_articleId=26707113\">Fonte<\/a><br \/>\n<br \/><\/p>\n","protected":false},"excerpt":{"rendered":"<p>O ingresso na \u00e1rea de risco apenas nessa situa\u00e7\u00e3o n\u00e3o caracteriza periculosidade. Tanque de caminh\u00e3o durante abastecimento 18\/09\/20 &#8211; A Oitava Turma do Tribunal Superior do Trabalho rejeitou o recurso de revista de um ex-motorista da Harsco Metals Ltda., do Rio de Janeiro (RJ), que cobrava da empresa o pagamento do adicional de periculosidade pelo [&hellip;]<\/p>\n","protected":false},"author":3063,"featured_media":1847,"comment_status":"open","ping_status":"open","sticky":false,"template":"","format":"standard","meta":{"footnotes":""},"categories":[3,21],"tags":[33,216,9,12,217,215],"class_list":{"0":"post-7534","1":"post","2":"type-post","3":"status-publish","4":"format-standard","5":"has-post-thumbnail","7":"category-trabalhista","8":"category-tst","9":"tag-calculos-trabalhistas","10":"tag-direito-trabalhista","11":"tag-pericia","12":"tag-perito","13":"tag-trabalho","14":"tag-tst"},"yoast_head":"<!-- This site is optimized with the Yoast SEO plugin v27.2 - https:\/\/yoast.com\/product\/yoast-seo-wordpress\/ -->\n<title>TST: Motorista que s\u00f3 acompanhava abastecimento de caminh\u00e3o n\u00e3o receber\u00e1 adicional | Portal de Not\u00edcias<\/title>\n<meta name=\"robots\" content=\"index, follow, max-snippet:-1, max-image-preview:large, max-video-preview:-1\" \/>\n<link rel=\"canonical\" href=\"https:\/\/mhcalculos.com.br\/noticias\/area\/trabalhista\/tst-motorista-que-so-acompanhava-abastecimento-de-caminhao-nao-recebera-adicional.html\" \/>\n<meta property=\"og:locale\" content=\"pt_BR\" \/>\n<meta property=\"og:type\" content=\"article\" \/>\n<meta property=\"og:title\" content=\"TST: Motorista que s\u00f3 acompanhava abastecimento de caminh\u00e3o n\u00e3o receber\u00e1 adicional | Portal de Not\u00edcias\" \/>\n<meta property=\"og:description\" content=\"O ingresso na \u00e1rea de risco apenas nessa situa\u00e7\u00e3o n\u00e3o caracteriza periculosidade. Tanque de caminh\u00e3o durante abastecimento 18\/09\/20 &#8211; A Oitava Turma do Tribunal Superior do Trabalho rejeitou o recurso de revista de um ex-motorista da Harsco Metals Ltda., do Rio de Janeiro (RJ), que cobrava da empresa o pagamento do adicional de periculosidade pelo [&hellip;]\" \/>\n<meta property=\"og:url\" content=\"https:\/\/mhcalculos.com.br\/noticias\/area\/trabalhista\/tst-motorista-que-so-acompanhava-abastecimento-de-caminhao-nao-recebera-adicional.html\" \/>\n<meta property=\"og:site_name\" content=\"Portal de Not\u00edcias\" \/>\n<meta property=\"article:published_time\" content=\"2020-09-18T15:17:00+00:00\" \/>\n<meta property=\"article:modified_time\" content=\"2021-07-28T17:28:57+00:00\" \/>\n<meta property=\"og:image\" content=\"https:\/\/mhcalculos.com.br\/noticias\/wp-content\/uploads\/sites\/2\/2018\/06\/judiciario-0015.jpg\" \/>\n\t<meta property=\"og:image:width\" content=\"2000\" \/>\n\t<meta property=\"og:image:height\" content=\"800\" \/>\n\t<meta property=\"og:image:type\" content=\"image\/jpeg\" \/>\n<meta name=\"author\" content=\"Equipe MH\" \/>\n<meta name=\"twitter:card\" content=\"summary_large_image\" \/>\n<meta name=\"twitter:label1\" content=\"Escrito por\" \/>\n\t<meta name=\"twitter:data1\" content=\"Equipe MH\" \/>\n\t<meta name=\"twitter:label2\" content=\"Est. tempo de leitura\" \/>\n\t<meta name=\"twitter:data2\" content=\"3 minutos\" \/>\n<script type=\"application\/ld+json\" class=\"yoast-schema-graph\">{\"@context\":\"https:\/\/schema.org\",\"@graph\":[{\"@type\":\"Article\",\"@id\":\"https:\/\/mhcalculos.com.br\/noticias\/area\/trabalhista\/tst-motorista-que-so-acompanhava-abastecimento-de-caminhao-nao-recebera-adicional.html#article\",\"isPartOf\":{\"@id\":\"https:\/\/mhcalculos.com.br\/noticias\/area\/trabalhista\/tst-motorista-que-so-acompanhava-abastecimento-de-caminhao-nao-recebera-adicional.html\"},\"author\":{\"name\":\"Equipe MH\",\"@id\":\"https:\/\/mhcalculos.com.br\/noticias\/#\/schema\/person\/88d1c34bf72dc779ea14a5a6b8e0ae8d\"},\"headline\":\"TST: Motorista que s\u00f3 acompanhava abastecimento de caminh\u00e3o n\u00e3o receber\u00e1 adicional\",\"datePublished\":\"2020-09-18T15:17:00+00:00\",\"dateModified\":\"2021-07-28T17:28:57+00:00\",\"mainEntityOfPage\":{\"@id\":\"https:\/\/mhcalculos.com.br\/noticias\/area\/trabalhista\/tst-motorista-que-so-acompanhava-abastecimento-de-caminhao-nao-recebera-adicional.html\"},\"wordCount\":602,\"commentCount\":0,\"image\":{\"@id\":\"https:\/\/mhcalculos.com.br\/noticias\/area\/trabalhista\/tst-motorista-que-so-acompanhava-abastecimento-de-caminhao-nao-recebera-adicional.html#primaryimage\"},\"thumbnailUrl\":\"https:\/\/mhcalculos.com.br\/noticias\/wp-content\/uploads\/sites\/2\/2018\/06\/judiciario-0015.jpg\",\"keywords\":[\"c\u00e1lculos trabalhistas\",\"direito trabalhista\",\"per\u00edcia\",\"perito\",\"trabalho\",\"TST\"],\"articleSection\":[\"Direito Trabalhista\",\"TST\"],\"inLanguage\":\"pt-BR\",\"potentialAction\":[{\"@type\":\"CommentAction\",\"name\":\"Comment\",\"target\":[\"https:\/\/mhcalculos.com.br\/noticias\/area\/trabalhista\/tst-motorista-que-so-acompanhava-abastecimento-de-caminhao-nao-recebera-adicional.html#respond\"]}]},{\"@type\":\"WebPage\",\"@id\":\"https:\/\/mhcalculos.com.br\/noticias\/area\/trabalhista\/tst-motorista-que-so-acompanhava-abastecimento-de-caminhao-nao-recebera-adicional.html\",\"url\":\"https:\/\/mhcalculos.com.br\/noticias\/area\/trabalhista\/tst-motorista-que-so-acompanhava-abastecimento-de-caminhao-nao-recebera-adicional.html\",\"name\":\"TST: Motorista que s\u00f3 acompanhava abastecimento de caminh\u00e3o n\u00e3o receber\u00e1 adicional | Portal de Not\u00edcias\",\"isPartOf\":{\"@id\":\"https:\/\/mhcalculos.com.br\/noticias\/#website\"},\"primaryImageOfPage\":{\"@id\":\"https:\/\/mhcalculos.com.br\/noticias\/area\/trabalhista\/tst-motorista-que-so-acompanhava-abastecimento-de-caminhao-nao-recebera-adicional.html#primaryimage\"},\"image\":{\"@id\":\"https:\/\/mhcalculos.com.br\/noticias\/area\/trabalhista\/tst-motorista-que-so-acompanhava-abastecimento-de-caminhao-nao-recebera-adicional.html#primaryimage\"},\"thumbnailUrl\":\"https:\/\/mhcalculos.com.br\/noticias\/wp-content\/uploads\/sites\/2\/2018\/06\/judiciario-0015.jpg\",\"datePublished\":\"2020-09-18T15:17:00+00:00\",\"dateModified\":\"2021-07-28T17:28:57+00:00\",\"author\":{\"@id\":\"https:\/\/mhcalculos.com.br\/noticias\/#\/schema\/person\/88d1c34bf72dc779ea14a5a6b8e0ae8d\"},\"breadcrumb\":{\"@id\":\"https:\/\/mhcalculos.com.br\/noticias\/area\/trabalhista\/tst-motorista-que-so-acompanhava-abastecimento-de-caminhao-nao-recebera-adicional.html#breadcrumb\"},\"inLanguage\":\"pt-BR\",\"potentialAction\":[{\"@type\":\"ReadAction\",\"target\":[\"https:\/\/mhcalculos.com.br\/noticias\/area\/trabalhista\/tst-motorista-que-so-acompanhava-abastecimento-de-caminhao-nao-recebera-adicional.html\"]}]},{\"@type\":\"ImageObject\",\"inLanguage\":\"pt-BR\",\"@id\":\"https:\/\/mhcalculos.com.br\/noticias\/area\/trabalhista\/tst-motorista-que-so-acompanhava-abastecimento-de-caminhao-nao-recebera-adicional.html#primaryimage\",\"url\":\"https:\/\/mhcalculos.com.br\/noticias\/wp-content\/uploads\/sites\/2\/2018\/06\/judiciario-0015.jpg\",\"contentUrl\":\"https:\/\/mhcalculos.com.br\/noticias\/wp-content\/uploads\/sites\/2\/2018\/06\/judiciario-0015.jpg\",\"width\":2000,\"height\":800},{\"@type\":\"BreadcrumbList\",\"@id\":\"https:\/\/mhcalculos.com.br\/noticias\/area\/trabalhista\/tst-motorista-que-so-acompanhava-abastecimento-de-caminhao-nao-recebera-adicional.html#breadcrumb\",\"itemListElement\":[{\"@type\":\"ListItem\",\"position\":1,\"name\":\"In\u00edcio\",\"item\":\"https:\/\/mhcalculos.com.br\/noticias\/\"},{\"@type\":\"ListItem\",\"position\":2,\"name\":\"TST: Motorista que s\u00f3 acompanhava abastecimento de caminh\u00e3o n\u00e3o receber\u00e1 adicional\"}]},{\"@type\":\"WebSite\",\"@id\":\"https:\/\/mhcalculos.com.br\/noticias\/#website\",\"url\":\"https:\/\/mhcalculos.com.br\/noticias\/\",\"name\":\"Portal de Not\u00edcias\",\"description\":\"Not\u00edcias e Jurisprud\u00eancia\",\"potentialAction\":[{\"@type\":\"SearchAction\",\"target\":{\"@type\":\"EntryPoint\",\"urlTemplate\":\"https:\/\/mhcalculos.com.br\/noticias\/?s={search_term_string}\"},\"query-input\":{\"@type\":\"PropertyValueSpecification\",\"valueRequired\":true,\"valueName\":\"search_term_string\"}}],\"inLanguage\":\"pt-BR\"},{\"@type\":\"Person\",\"@id\":\"https:\/\/mhcalculos.com.br\/noticias\/#\/schema\/person\/88d1c34bf72dc779ea14a5a6b8e0ae8d\",\"name\":\"Equipe MH\",\"image\":{\"@type\":\"ImageObject\",\"inLanguage\":\"pt-BR\",\"@id\":\"https:\/\/secure.gravatar.com\/avatar\/de1c686c2ecc9c5a3f327e3431d819eb39f8f05d4e1045f5a1caad6daaba987f?s=96&d=mm&r=g\",\"url\":\"https:\/\/secure.gravatar.com\/avatar\/de1c686c2ecc9c5a3f327e3431d819eb39f8f05d4e1045f5a1caad6daaba987f?s=96&d=mm&r=g\",\"contentUrl\":\"https:\/\/secure.gravatar.com\/avatar\/de1c686c2ecc9c5a3f327e3431d819eb39f8f05d4e1045f5a1caad6daaba987f?s=96&d=mm&r=g\",\"caption\":\"Equipe MH\"}}]}<\/script>\n<!-- \/ Yoast SEO plugin. -->","yoast_head_json":{"title":"TST: Motorista que s\u00f3 acompanhava abastecimento de caminh\u00e3o n\u00e3o receber\u00e1 adicional | Portal de Not\u00edcias","robots":{"index":"index","follow":"follow","max-snippet":"max-snippet:-1","max-image-preview":"max-image-preview:large","max-video-preview":"max-video-preview:-1"},"canonical":"https:\/\/mhcalculos.com.br\/noticias\/area\/trabalhista\/tst-motorista-que-so-acompanhava-abastecimento-de-caminhao-nao-recebera-adicional.html","og_locale":"pt_BR","og_type":"article","og_title":"TST: Motorista que s\u00f3 acompanhava abastecimento de caminh\u00e3o n\u00e3o receber\u00e1 adicional | Portal de Not\u00edcias","og_description":"O ingresso na \u00e1rea de risco apenas nessa situa\u00e7\u00e3o n\u00e3o caracteriza periculosidade. Tanque de caminh\u00e3o durante abastecimento 18\/09\/20 &#8211; A Oitava Turma do Tribunal Superior do Trabalho rejeitou o recurso de revista de um ex-motorista da Harsco Metals Ltda., do Rio de Janeiro (RJ), que cobrava da empresa o pagamento do adicional de periculosidade pelo [&hellip;]","og_url":"https:\/\/mhcalculos.com.br\/noticias\/area\/trabalhista\/tst-motorista-que-so-acompanhava-abastecimento-de-caminhao-nao-recebera-adicional.html","og_site_name":"Portal de Not\u00edcias","article_published_time":"2020-09-18T15:17:00+00:00","article_modified_time":"2021-07-28T17:28:57+00:00","og_image":[{"width":2000,"height":800,"url":"https:\/\/mhcalculos.com.br\/noticias\/wp-content\/uploads\/sites\/2\/2018\/06\/judiciario-0015.jpg","type":"image\/jpeg"}],"author":"Equipe MH","twitter_card":"summary_large_image","twitter_misc":{"Escrito por":"Equipe MH","Est. tempo de leitura":"3 minutos"},"schema":{"@context":"https:\/\/schema.org","@graph":[{"@type":"Article","@id":"https:\/\/mhcalculos.com.br\/noticias\/area\/trabalhista\/tst-motorista-que-so-acompanhava-abastecimento-de-caminhao-nao-recebera-adicional.html#article","isPartOf":{"@id":"https:\/\/mhcalculos.com.br\/noticias\/area\/trabalhista\/tst-motorista-que-so-acompanhava-abastecimento-de-caminhao-nao-recebera-adicional.html"},"author":{"name":"Equipe MH","@id":"https:\/\/mhcalculos.com.br\/noticias\/#\/schema\/person\/88d1c34bf72dc779ea14a5a6b8e0ae8d"},"headline":"TST: Motorista que s\u00f3 acompanhava abastecimento de caminh\u00e3o n\u00e3o receber\u00e1 adicional","datePublished":"2020-09-18T15:17:00+00:00","dateModified":"2021-07-28T17:28:57+00:00","mainEntityOfPage":{"@id":"https:\/\/mhcalculos.com.br\/noticias\/area\/trabalhista\/tst-motorista-que-so-acompanhava-abastecimento-de-caminhao-nao-recebera-adicional.html"},"wordCount":602,"commentCount":0,"image":{"@id":"https:\/\/mhcalculos.com.br\/noticias\/area\/trabalhista\/tst-motorista-que-so-acompanhava-abastecimento-de-caminhao-nao-recebera-adicional.html#primaryimage"},"thumbnailUrl":"https:\/\/mhcalculos.com.br\/noticias\/wp-content\/uploads\/sites\/2\/2018\/06\/judiciario-0015.jpg","keywords":["c\u00e1lculos trabalhistas","direito trabalhista","per\u00edcia","perito","trabalho","TST"],"articleSection":["Direito Trabalhista","TST"],"inLanguage":"pt-BR","potentialAction":[{"@type":"CommentAction","name":"Comment","target":["https:\/\/mhcalculos.com.br\/noticias\/area\/trabalhista\/tst-motorista-que-so-acompanhava-abastecimento-de-caminhao-nao-recebera-adicional.html#respond"]}]},{"@type":"WebPage","@id":"https:\/\/mhcalculos.com.br\/noticias\/area\/trabalhista\/tst-motorista-que-so-acompanhava-abastecimento-de-caminhao-nao-recebera-adicional.html","url":"https:\/\/mhcalculos.com.br\/noticias\/area\/trabalhista\/tst-motorista-que-so-acompanhava-abastecimento-de-caminhao-nao-recebera-adicional.html","name":"TST: Motorista que s\u00f3 acompanhava abastecimento de caminh\u00e3o n\u00e3o receber\u00e1 adicional | Portal de Not\u00edcias","isPartOf":{"@id":"https:\/\/mhcalculos.com.br\/noticias\/#website"},"primaryImageOfPage":{"@id":"https:\/\/mhcalculos.com.br\/noticias\/area\/trabalhista\/tst-motorista-que-so-acompanhava-abastecimento-de-caminhao-nao-recebera-adicional.html#primaryimage"},"image":{"@id":"https:\/\/mhcalculos.com.br\/noticias\/area\/trabalhista\/tst-motorista-que-so-acompanhava-abastecimento-de-caminhao-nao-recebera-adicional.html#primaryimage"},"thumbnailUrl":"https:\/\/mhcalculos.com.br\/noticias\/wp-content\/uploads\/sites\/2\/2018\/06\/judiciario-0015.jpg","datePublished":"2020-09-18T15:17:00+00:00","dateModified":"2021-07-28T17:28:57+00:00","author":{"@id":"https:\/\/mhcalculos.com.br\/noticias\/#\/schema\/person\/88d1c34bf72dc779ea14a5a6b8e0ae8d"},"breadcrumb":{"@id":"https:\/\/mhcalculos.com.br\/noticias\/area\/trabalhista\/tst-motorista-que-so-acompanhava-abastecimento-de-caminhao-nao-recebera-adicional.html#breadcrumb"},"inLanguage":"pt-BR","potentialAction":[{"@type":"ReadAction","target":["https:\/\/mhcalculos.com.br\/noticias\/area\/trabalhista\/tst-motorista-que-so-acompanhava-abastecimento-de-caminhao-nao-recebera-adicional.html"]}]},{"@type":"ImageObject","inLanguage":"pt-BR","@id":"https:\/\/mhcalculos.com.br\/noticias\/area\/trabalhista\/tst-motorista-que-so-acompanhava-abastecimento-de-caminhao-nao-recebera-adicional.html#primaryimage","url":"https:\/\/mhcalculos.com.br\/noticias\/wp-content\/uploads\/sites\/2\/2018\/06\/judiciario-0015.jpg","contentUrl":"https:\/\/mhcalculos.com.br\/noticias\/wp-content\/uploads\/sites\/2\/2018\/06\/judiciario-0015.jpg","width":2000,"height":800},{"@type":"BreadcrumbList","@id":"https:\/\/mhcalculos.com.br\/noticias\/area\/trabalhista\/tst-motorista-que-so-acompanhava-abastecimento-de-caminhao-nao-recebera-adicional.html#breadcrumb","itemListElement":[{"@type":"ListItem","position":1,"name":"In\u00edcio","item":"https:\/\/mhcalculos.com.br\/noticias\/"},{"@type":"ListItem","position":2,"name":"TST: Motorista que s\u00f3 acompanhava abastecimento de caminh\u00e3o n\u00e3o receber\u00e1 adicional"}]},{"@type":"WebSite","@id":"https:\/\/mhcalculos.com.br\/noticias\/#website","url":"https:\/\/mhcalculos.com.br\/noticias\/","name":"Portal de Not\u00edcias","description":"Not\u00edcias e Jurisprud\u00eancia","potentialAction":[{"@type":"SearchAction","target":{"@type":"EntryPoint","urlTemplate":"https:\/\/mhcalculos.com.br\/noticias\/?s={search_term_string}"},"query-input":{"@type":"PropertyValueSpecification","valueRequired":true,"valueName":"search_term_string"}}],"inLanguage":"pt-BR"},{"@type":"Person","@id":"https:\/\/mhcalculos.com.br\/noticias\/#\/schema\/person\/88d1c34bf72dc779ea14a5a6b8e0ae8d","name":"Equipe MH","image":{"@type":"ImageObject","inLanguage":"pt-BR","@id":"https:\/\/secure.gravatar.com\/avatar\/de1c686c2ecc9c5a3f327e3431d819eb39f8f05d4e1045f5a1caad6daaba987f?s=96&d=mm&r=g","url":"https:\/\/secure.gravatar.com\/avatar\/de1c686c2ecc9c5a3f327e3431d819eb39f8f05d4e1045f5a1caad6daaba987f?s=96&d=mm&r=g","contentUrl":"https:\/\/secure.gravatar.com\/avatar\/de1c686c2ecc9c5a3f327e3431d819eb39f8f05d4e1045f5a1caad6daaba987f?s=96&d=mm&r=g","caption":"Equipe MH"}}]}},"_links":{"self":[{"href":"https:\/\/mhcalculos.com.br\/noticias\/wp-json\/wp\/v2\/posts\/7534","targetHints":{"allow":["GET"]}}],"collection":[{"href":"https:\/\/mhcalculos.com.br\/noticias\/wp-json\/wp\/v2\/posts"}],"about":[{"href":"https:\/\/mhcalculos.com.br\/noticias\/wp-json\/wp\/v2\/types\/post"}],"author":[{"embeddable":true,"href":"https:\/\/mhcalculos.com.br\/noticias\/wp-json\/wp\/v2\/users\/3063"}],"replies":[{"embeddable":true,"href":"https:\/\/mhcalculos.com.br\/noticias\/wp-json\/wp\/v2\/comments?post=7534"}],"version-history":[{"count":1,"href":"https:\/\/mhcalculos.com.br\/noticias\/wp-json\/wp\/v2\/posts\/7534\/revisions"}],"predecessor-version":[{"id":8858,"href":"https:\/\/mhcalculos.com.br\/noticias\/wp-json\/wp\/v2\/posts\/7534\/revisions\/8858"}],"wp:featuredmedia":[{"embeddable":true,"href":"https:\/\/mhcalculos.com.br\/noticias\/wp-json\/wp\/v2\/media\/1847"}],"wp:attachment":[{"href":"https:\/\/mhcalculos.com.br\/noticias\/wp-json\/wp\/v2\/media?parent=7534"}],"wp:term":[{"taxonomy":"category","embeddable":true,"href":"https:\/\/mhcalculos.com.br\/noticias\/wp-json\/wp\/v2\/categories?post=7534"},{"taxonomy":"post_tag","embeddable":true,"href":"https:\/\/mhcalculos.com.br\/noticias\/wp-json\/wp\/v2\/tags?post=7534"}],"curies":[{"name":"wp","href":"https:\/\/api.w.org\/{rel}","templated":true}]}}