{"id":7518,"date":"2020-09-15T09:35:00","date_gmt":"2020-09-15T12:35:00","guid":{"rendered":"https:\/\/mhcalculos.com.br\/noticias\/area\/trabalhista\/tst-tribunal-mantem-invalidade-de-reintegracao-de-concursado-fora-da-ordem-de-classificacao.html"},"modified":"2021-07-28T14:28:58","modified_gmt":"2021-07-28T17:28:58","slug":"tst-tribunal-mantem-invalidade-de-reintegracao-de-concursado-fora-da-ordem-de-classificacao","status":"publish","type":"post","link":"https:\/\/mhcalculos.com.br\/noticias\/area\/trabalhista\/tst-tribunal-mantem-invalidade-de-reintegracao-de-concursado-fora-da-ordem-de-classificacao.html","title":{"rendered":"TST: Tribunal&nbsp;mant\u00e9m invalidade de reintegra\u00e7\u00e3o de concursado fora da ordem de classifica\u00e7\u00e3o"},"content":{"rendered":"<p><br \/>\n<\/p>\n<p><em><\/p>\n<p>Para a SDI-2, a ordem judicial de reintegra\u00e7\u00e3o violou a Constitui\u00e7\u00e3o.<\/p>\n<p><\/em><\/p>\n<p>        <a class=\"share-facebook\" href=\"https:\/\/www.facebook.com\/sharer.php?u=http:\/\/www.tst.jus.br\/-\/tst-mant%C3%A9m-invalidade-de-reintegra%C3%A7%C3%A3o-de-concursado-fora-da-ordem-de-classifica%C3%A7%C3%A3o\" target=\"_blank\" rel=\"noopener noreferrer\"><\/a><br \/>\n        <a class=\"share-twitter\" href=\"http:\/\/twitter.com\/intent\/tweet?text=TST mant\u00e9m invalidade de reintegra\u00e7\u00e3o de concursado fora da ordem de classifica\u00e7\u00e3o%0AVeja%20mais%20em:&amp;url=http:\/\/www.tst.jus.br\/-\/tst-mant%C3%A9m-invalidade-de-reintegra%C3%A7%C3%A3o-de-concursado-fora-da-ordem-de-classifica%C3%A7%C3%A3o\" target=\"_blank\" rel=\"noopener noreferrer\"><\/a><br \/>\n        <a class=\"share-linkedin\" href=\"https:\/\/www.linkedin.com\/shareArticle?mini=true&amp;url=http:\/\/www.tst.jus.br\/-\/tst-mant%C3%A9m-invalidade-de-reintegra%C3%A7%C3%A3o-de-concursado-fora-da-ordem-de-classifica%C3%A7%C3%A3o&amp;title=TST mant\u00e9m invalidade de reintegra\u00e7\u00e3o de concursado fora da ordem de classifica\u00e7\u00e3o\" target=\"_blank\" rel=\"noopener noreferrer\"><\/a><br \/>\n        <a class=\"share-whatsapp\" href=\"https:\/\/web.whatsapp.com\/send?text=http:\/\/www.tst.jus.br\/-\/tst-mant%C3%A9m-invalidade-de-reintegra%C3%A7%C3%A3o-de-concursado-fora-da-ordem-de-classifica%C3%A7%C3%A3o\" target=\"_blank\" rel=\"noopener noreferrer\"><\/a><br \/>\n        <a class=\"share-googleplus\" href=\"https:\/\/plus.google.com\/share?url=http:\/\/www.tst.jus.br\/-\/tst-mant%C3%A9m-invalidade-de-reintegra%C3%A7%C3%A3o-de-concursado-fora-da-ordem-de-classifica%C3%A7%C3%A3o\" target=\"_blank\" rel=\"noopener noreferrer\"><\/a><\/p>\n<p>15\/09\/20 &#8211;&nbsp;A Subse\u00e7\u00e3o II Especializada em Diss\u00eddios Individuais (SDI-2) do Tribunal Superior do Trabalho rejeitou recurso de um trabalhador que buscava validar a senten\u00e7a judicial em que fora determinada sua reintegra\u00e7\u00e3o no cargo de agente de saneamento da Companhia de Saneamento de Minas Gerais (Copasa-MG) sem observar a ordem de classifica\u00e7\u00e3o em concurso p\u00fablico. A SDI-2 manteve o entendimento de que houve viola\u00e7\u00e3o a dispositivos da <a href=\"http:\/\/www.planalto.gov.br\/ccivil_03\/constituicao\/constituicao.htm\" target=\"_blank\" rel=\"noopener noreferrer\">Constitui\u00e7\u00e3o da Rep\u00fablica<\/a>.<\/p>\n<h4>Contrata\u00e7\u00e3o e dispensa<\/h4>\n<p>O trabalhador foi classificado para compor o cadastro de reserva no concurso realizado pela Copasa em abril de 2004 para o cargo de Opera\u00e7\u00e3o de Servi\u00e7os de Saneamento. Em dezembro do mesmo ano, a empresa firmou o Termo de Ajustamento de Conduta (TAC) com o&nbsp;Minist\u00e9rio &nbsp; P\u00fablico &nbsp;do &nbsp;Trabalho (MPT), no qual ficou estipulada a possibilidade de contrata\u00e7\u00e3o por tempo determinado dos candidatos do cadastro reserva.<\/p>\n<p>Em setembro de 2006, ele foi convocado e assinou declara\u00e7\u00e3o em que aceitava&nbsp;expressamente essa forma de contrata\u00e7\u00e3o. Mas, quase dois anos depois do fim do contrato, prop\u00f4s a reclama\u00e7\u00e3o trabalhista, objetivando a reintegra\u00e7\u00e3o. Segundo ele, a dispensa havia contrariado as regras do edital do concurso, modificando as disposi\u00e7\u00f5es relativas \u00e0 esp\u00e9cie do pacto de emprego.&nbsp;<\/p>\n<h4>Senten\u00e7a<\/h4>\n<p>O ju\u00edzo de primeiro grau determinou a reintegra\u00e7\u00e3o&nbsp;na fun\u00e7\u00e3o de agente de saneamento, em contrato por prazo indeterminado. Para isso, considerou que o edital n\u00e3o previa a contrata\u00e7\u00e3o por prazo determinado, mas a efetiva\u00e7\u00e3o do aprovado no cargo ap\u00f3s o per\u00edodo de experi\u00eancia de 90 dias.&nbsp;<\/p>\n<p>Sobre o argumento da Copasa de que a efetiva\u00e7\u00e3o prejudicaria candidatos aprovados em melhor coloca\u00e7\u00e3o (o quarto e o quinto colocados, que n\u00e3o haviam sido chamados), o ju\u00edzo entendeu que caberia a eles buscar o direito de preced\u00eancia na convoca\u00e7\u00e3o.<\/p>\n<h4>A\u00e7\u00e3o rescis\u00f3ria<\/h4>\n<p>Ap\u00f3s o esgotamento das possibilidades de recurso (tr\u00e2nsito em julgado), a Copasa ajuizou a\u00e7\u00e3o rescis\u00f3ria, pretendendo invalidar a senten\u00e7a, com a alega\u00e7\u00e3o de viola\u00e7\u00e3o de princ\u00edpios constitucionais relativos \u00e0 administra\u00e7\u00e3o p\u00fablica, em raz\u00e3o da desconsidera\u00e7\u00e3o da ordem de classifica\u00e7\u00e3o no concurso.&nbsp;<\/p>\n<p>O Tribunal Regional do Trabalho da 3\u00aa Regi\u00e3o (MG) julgou a a\u00e7\u00e3o procedente, com o fundamento em viola\u00e7\u00e3o ao disposto no artigo 37, incisos II e IV, e par\u00e1grafo 2\u00ba, da Constitui\u00e7\u00e3o da Rep\u00fablica. Segundo o TRT, o cadastro de reserva havia sido utilizado de acordo com o TAC firmado com o MPT, e, se a contrata\u00e7\u00e3o por prazo determinado n\u00e3o atendia \u00e0s necessidades tempor\u00e1rias de excepcional interesse p\u00fablico, como fora acordado, essa circunst\u00e2ncia acarretaria a nulidade da contrata\u00e7\u00e3o, e n\u00e3o a efetiva\u00e7\u00e3o do empregado.&nbsp;<\/p>\n<h4>Princ\u00edpios da administra\u00e7\u00e3o p\u00fablica<\/h4>\n<p>A relatora do recurso ordin\u00e1rio do candidato, ministra Dela\u00edde Miranda Arantes, explicou que, no caso, o que est\u00e1 em exame \u00e9 apenas a tese da senten\u00e7a desconstitu\u00edda de que \u00e9 poss\u00edvel reintegrar sem observar a ordem de classifica\u00e7\u00e3o no concurso p\u00fablico. Nesse sentido, lembrou que h\u00e1 precedentes do Supremo Tribunal Federal, em tese de repercuss\u00e3o geral (Tema 784), que vedam a investidura em cargo ou emprego p\u00fablico em afronta \u00e0 ordem de classifica\u00e7\u00e3o no concurso p\u00fablico e asseguram a nomea\u00e7\u00e3o quando o candidato melhor classificado \u00e9 preterido.&nbsp;<\/p>\n<p>\u201cA estrita obedi\u00eancia \u00e0 ordem de classifica\u00e7\u00e3o no concurso p\u00fablico constitui corol\u00e1rio dos princ\u00edpios da impessoalidade, da moralidade e da legalidade estrita que regem a administra\u00e7\u00e3o p\u00fablica\u201d, concluiu.<\/p>\n<p>Por unanimidade, a SDI-2 que negou provimento ao recurso do candidato.&nbsp;<\/p>\n<p>(LT\/CF)<\/p>\n<p>Processo: <a href=\"http:\/\/aplicacao4.tst.jus.br\/consultaProcessual\/consultaTstNumUnica.do;jsessionid=9CDC5B665A23F10A986BB4C898FB2F82.vm152?conscsjt=&amp;numeroTst=1678&amp;digitoTst=61&amp;anoTst=2011&amp;orgaoTst=5&amp;tribunalTst=03&amp;varaTst=0000&amp;consulta=Consultar\" target=\"_blank\" rel=\"noopener noreferrer\">RO-1678-61.2011.5.03.0000<\/a><\/p>\n<p>A Subse\u00e7\u00e3o II Especializada em Diss\u00eddios Individuais \u00e9 formada por 10 ministros, com qu\u00f3rum m\u00ednimo de seis ministros. Entre as atribui\u00e7\u00f5es da SDI-2 est\u00e1 o julgamento de a\u00e7\u00f5es rescis\u00f3rias, mandados de seguran\u00e7a, a\u00e7\u00f5es cautelares, habeas corpus, conflitos de compet\u00eancia, recursos ordin\u00e1rios e agravos de instrumento.<\/p>\n<p>Esta mat\u00e9ria tem cunho meramente informativo.<br \/>\nPermitida a reprodu\u00e7\u00e3o mediante cita\u00e7\u00e3o da fonte.<br \/>\nSecretaria de Comunica\u00e7\u00e3o Social<br \/>\n<a href=\"http:\/\/www.tst.jus.br\" target=\"_blank\" rel=\"noopener noreferrer\">Tribunal Superior do Trabalho<\/a><br \/>\nTel. (61) 3043-4907&nbsp;<br \/>\n<a href=\"mailto:secom@tst.jus.br\" target=\"\" rel=\"noopener noreferrer\">secom@tst.jus.br<\/a><\/p>\n<p>    $(&#8216;#lightbox-alfn_ .slider-gallery-wrapper img&#8217;).hover(<br \/>\n    function() {<br \/>\n        const $text=$($($(this).parent()).next());<br \/>\n        $text.hasClass(&#8216;inside-description&#8217;) &amp;&amp; $text.fadeTo( &#8220;slow&#8221; , 0);<br \/>\n    }, function() {<br \/>\n        const $text=$($($(this).parent()).next());<br \/>\n        $text.hasClass(&#8216;inside-description&#8217;) &amp;&amp; $text.fadeTo( &#8220;slow&#8221; , 1);<br \/>\n    }<br \/>\n    );<br \/>\n    $(document).ready(function() {<br \/>\n        var alfn_autoplaying=false;<br \/>\n        var alfn_showingLightbox=false;<br \/>\n        const alfn_playPauseControllers=&#8221;#slider-alfn_-playpause, #slider-alfn_-lightbox-playpause&#8221;;<br \/>\n        $(&#8220;#slider-alfn_&#8221;).slick({<br \/>\n            slidesToShow: 1,<br \/>\n            slidesToScroll: 1,<br \/>\n            autoplay: alfn_autoplaying,<br \/>\n            swipeToSlide: false,<br \/>\n            centerMode: false,<br \/>\n            autoplaySpeed: 3000,<br \/>\n            focusOnSelect: true,<br \/>\n            prevArrow:<br \/>\n            &#8221;,<br \/>\n            nextArrow:<br \/>\n            &#8221;,<br \/>\n            centerPadding: &#8220;60px&#8221;,<br \/>\n            responsive: [<br \/>\n                {<br \/>\n                    breakpoint: 767.98,<br \/>\n                    settings: {<br \/>\n                        slidesToShow: 3,<br \/>\n                        adaptiveHeight: true<br \/>\n                    }<br \/>\n                }<br \/>\n            ]<br \/>\n        });<br \/>\n        $(&#8220;#slider-alfn_&#8221;).slickLightbox({<br \/>\n            src: &#8216;src&#8217;,<br \/>\n            itemSelector: &#8216;.galery-image .multimidia-wrapper img&#8217;,<br \/>\n            caption:&#8217;caption&#8217;<br \/>\n        });<br \/>\n    });<br \/>\n<script async src=\"https:\/\/platform.twitter.com\/widgets.js\" charset=\"utf-8\"><\/script><br \/>\n<br \/><i>Com informa\u00e7\u00f5es da assessoria de imprensa do TST.<\/i><br \/>\n<br \/><a href=\"http:\/\/www.tst.jus.br\/web\/guest\/noticias?p_p_id=89Dk&#038;p_p_lifecycle=0&#038;refererPlid=10730&#038;_89Dk_groupId=10157&#038;_89Dk_articleId=26693181\">Fonte<\/a><br \/>\n<br \/><\/p>\n","protected":false},"excerpt":{"rendered":"<p>Para a SDI-2, a ordem judicial de reintegra\u00e7\u00e3o violou a Constitui\u00e7\u00e3o. 15\/09\/20 &#8211;&nbsp;A Subse\u00e7\u00e3o II Especializada em Diss\u00eddios Individuais (SDI-2) do Tribunal Superior do Trabalho rejeitou recurso de um trabalhador que buscava validar a senten\u00e7a judicial em que fora determinada sua reintegra\u00e7\u00e3o no cargo de agente de saneamento da Companhia de Saneamento de Minas Gerais [&hellip;]<\/p>\n","protected":false},"author":3063,"featured_media":1578,"comment_status":"open","ping_status":"open","sticky":false,"template":"","format":"standard","meta":{"footnotes":""},"categories":[3,21],"tags":[33,216,9,12,217,215],"class_list":{"0":"post-7518","1":"post","2":"type-post","3":"status-publish","4":"format-standard","5":"has-post-thumbnail","7":"category-trabalhista","8":"category-tst","9":"tag-calculos-trabalhistas","10":"tag-direito-trabalhista","11":"tag-pericia","12":"tag-perito","13":"tag-trabalho","14":"tag-tst"},"yoast_head":"<!-- This site is optimized with the Yoast SEO plugin v27.2 - https:\/\/yoast.com\/product\/yoast-seo-wordpress\/ -->\n<title>TST: Tribunal&nbsp;mant\u00e9m invalidade de reintegra\u00e7\u00e3o de concursado fora da ordem de classifica\u00e7\u00e3o | Portal de Not\u00edcias<\/title>\n<meta name=\"robots\" content=\"index, follow, max-snippet:-1, max-image-preview:large, max-video-preview:-1\" \/>\n<link rel=\"canonical\" href=\"https:\/\/mhcalculos.com.br\/noticias\/area\/trabalhista\/tst-tribunal-mantem-invalidade-de-reintegracao-de-concursado-fora-da-ordem-de-classificacao.html\" \/>\n<meta property=\"og:locale\" content=\"pt_BR\" \/>\n<meta property=\"og:type\" content=\"article\" \/>\n<meta property=\"og:title\" content=\"TST: Tribunal&nbsp;mant\u00e9m invalidade de reintegra\u00e7\u00e3o de concursado fora da ordem de classifica\u00e7\u00e3o | Portal de Not\u00edcias\" \/>\n<meta property=\"og:description\" content=\"Para a SDI-2, a ordem judicial de reintegra\u00e7\u00e3o violou a Constitui\u00e7\u00e3o. 15\/09\/20 &#8211;&nbsp;A Subse\u00e7\u00e3o II Especializada em Diss\u00eddios Individuais (SDI-2) do Tribunal Superior do Trabalho rejeitou recurso de um trabalhador que buscava validar a senten\u00e7a judicial em que fora determinada sua reintegra\u00e7\u00e3o no cargo de agente de saneamento da Companhia de Saneamento de Minas Gerais [&hellip;]\" \/>\n<meta property=\"og:url\" content=\"https:\/\/mhcalculos.com.br\/noticias\/area\/trabalhista\/tst-tribunal-mantem-invalidade-de-reintegracao-de-concursado-fora-da-ordem-de-classificacao.html\" \/>\n<meta property=\"og:site_name\" content=\"Portal de Not\u00edcias\" \/>\n<meta property=\"article:published_time\" content=\"2020-09-15T12:35:00+00:00\" \/>\n<meta property=\"article:modified_time\" content=\"2021-07-28T17:28:58+00:00\" \/>\n<meta property=\"og:image\" content=\"https:\/\/mhcalculos.com.br\/noticias\/wp-content\/uploads\/sites\/2\/2018\/06\/trabalhista-0042.jpg\" \/>\n\t<meta property=\"og:image:width\" content=\"2000\" \/>\n\t<meta property=\"og:image:height\" content=\"800\" \/>\n\t<meta property=\"og:image:type\" content=\"image\/jpeg\" \/>\n<meta name=\"author\" content=\"Equipe MH\" \/>\n<meta name=\"twitter:card\" content=\"summary_large_image\" \/>\n<meta name=\"twitter:label1\" content=\"Escrito por\" \/>\n\t<meta name=\"twitter:data1\" content=\"Equipe MH\" \/>\n\t<meta name=\"twitter:label2\" content=\"Est. tempo de leitura\" \/>\n\t<meta name=\"twitter:data2\" content=\"4 minutos\" \/>\n<script type=\"application\/ld+json\" class=\"yoast-schema-graph\">{\"@context\":\"https:\/\/schema.org\",\"@graph\":[{\"@type\":\"Article\",\"@id\":\"https:\/\/mhcalculos.com.br\/noticias\/area\/trabalhista\/tst-tribunal-mantem-invalidade-de-reintegracao-de-concursado-fora-da-ordem-de-classificacao.html#article\",\"isPartOf\":{\"@id\":\"https:\/\/mhcalculos.com.br\/noticias\/area\/trabalhista\/tst-tribunal-mantem-invalidade-de-reintegracao-de-concursado-fora-da-ordem-de-classificacao.html\"},\"author\":{\"name\":\"Equipe MH\",\"@id\":\"https:\/\/mhcalculos.com.br\/noticias\/#\/schema\/person\/88d1c34bf72dc779ea14a5a6b8e0ae8d\"},\"headline\":\"TST: Tribunal&nbsp;mant\u00e9m invalidade de reintegra\u00e7\u00e3o de concursado fora da ordem de classifica\u00e7\u00e3o\",\"datePublished\":\"2020-09-15T12:35:00+00:00\",\"dateModified\":\"2021-07-28T17:28:58+00:00\",\"mainEntityOfPage\":{\"@id\":\"https:\/\/mhcalculos.com.br\/noticias\/area\/trabalhista\/tst-tribunal-mantem-invalidade-de-reintegracao-de-concursado-fora-da-ordem-de-classificacao.html\"},\"wordCount\":845,\"commentCount\":0,\"image\":{\"@id\":\"https:\/\/mhcalculos.com.br\/noticias\/area\/trabalhista\/tst-tribunal-mantem-invalidade-de-reintegracao-de-concursado-fora-da-ordem-de-classificacao.html#primaryimage\"},\"thumbnailUrl\":\"https:\/\/mhcalculos.com.br\/noticias\/wp-content\/uploads\/sites\/2\/2018\/06\/trabalhista-0042.jpg\",\"keywords\":[\"c\u00e1lculos trabalhistas\",\"direito trabalhista\",\"per\u00edcia\",\"perito\",\"trabalho\",\"TST\"],\"articleSection\":[\"Direito Trabalhista\",\"TST\"],\"inLanguage\":\"pt-BR\",\"potentialAction\":[{\"@type\":\"CommentAction\",\"name\":\"Comment\",\"target\":[\"https:\/\/mhcalculos.com.br\/noticias\/area\/trabalhista\/tst-tribunal-mantem-invalidade-de-reintegracao-de-concursado-fora-da-ordem-de-classificacao.html#respond\"]}]},{\"@type\":\"WebPage\",\"@id\":\"https:\/\/mhcalculos.com.br\/noticias\/area\/trabalhista\/tst-tribunal-mantem-invalidade-de-reintegracao-de-concursado-fora-da-ordem-de-classificacao.html\",\"url\":\"https:\/\/mhcalculos.com.br\/noticias\/area\/trabalhista\/tst-tribunal-mantem-invalidade-de-reintegracao-de-concursado-fora-da-ordem-de-classificacao.html\",\"name\":\"TST: Tribunal&nbsp;mant\u00e9m invalidade de reintegra\u00e7\u00e3o de concursado fora da ordem de classifica\u00e7\u00e3o | Portal de Not\u00edcias\",\"isPartOf\":{\"@id\":\"https:\/\/mhcalculos.com.br\/noticias\/#website\"},\"primaryImageOfPage\":{\"@id\":\"https:\/\/mhcalculos.com.br\/noticias\/area\/trabalhista\/tst-tribunal-mantem-invalidade-de-reintegracao-de-concursado-fora-da-ordem-de-classificacao.html#primaryimage\"},\"image\":{\"@id\":\"https:\/\/mhcalculos.com.br\/noticias\/area\/trabalhista\/tst-tribunal-mantem-invalidade-de-reintegracao-de-concursado-fora-da-ordem-de-classificacao.html#primaryimage\"},\"thumbnailUrl\":\"https:\/\/mhcalculos.com.br\/noticias\/wp-content\/uploads\/sites\/2\/2018\/06\/trabalhista-0042.jpg\",\"datePublished\":\"2020-09-15T12:35:00+00:00\",\"dateModified\":\"2021-07-28T17:28:58+00:00\",\"author\":{\"@id\":\"https:\/\/mhcalculos.com.br\/noticias\/#\/schema\/person\/88d1c34bf72dc779ea14a5a6b8e0ae8d\"},\"breadcrumb\":{\"@id\":\"https:\/\/mhcalculos.com.br\/noticias\/area\/trabalhista\/tst-tribunal-mantem-invalidade-de-reintegracao-de-concursado-fora-da-ordem-de-classificacao.html#breadcrumb\"},\"inLanguage\":\"pt-BR\",\"potentialAction\":[{\"@type\":\"ReadAction\",\"target\":[\"https:\/\/mhcalculos.com.br\/noticias\/area\/trabalhista\/tst-tribunal-mantem-invalidade-de-reintegracao-de-concursado-fora-da-ordem-de-classificacao.html\"]}]},{\"@type\":\"ImageObject\",\"inLanguage\":\"pt-BR\",\"@id\":\"https:\/\/mhcalculos.com.br\/noticias\/area\/trabalhista\/tst-tribunal-mantem-invalidade-de-reintegracao-de-concursado-fora-da-ordem-de-classificacao.html#primaryimage\",\"url\":\"https:\/\/mhcalculos.com.br\/noticias\/wp-content\/uploads\/sites\/2\/2018\/06\/trabalhista-0042.jpg\",\"contentUrl\":\"https:\/\/mhcalculos.com.br\/noticias\/wp-content\/uploads\/sites\/2\/2018\/06\/trabalhista-0042.jpg\",\"width\":2000,\"height\":800},{\"@type\":\"BreadcrumbList\",\"@id\":\"https:\/\/mhcalculos.com.br\/noticias\/area\/trabalhista\/tst-tribunal-mantem-invalidade-de-reintegracao-de-concursado-fora-da-ordem-de-classificacao.html#breadcrumb\",\"itemListElement\":[{\"@type\":\"ListItem\",\"position\":1,\"name\":\"In\u00edcio\",\"item\":\"https:\/\/mhcalculos.com.br\/noticias\/\"},{\"@type\":\"ListItem\",\"position\":2,\"name\":\"TST: Tribunal&nbsp;mant\u00e9m invalidade de reintegra\u00e7\u00e3o de concursado fora da ordem de classifica\u00e7\u00e3o\"}]},{\"@type\":\"WebSite\",\"@id\":\"https:\/\/mhcalculos.com.br\/noticias\/#website\",\"url\":\"https:\/\/mhcalculos.com.br\/noticias\/\",\"name\":\"Portal de Not\u00edcias\",\"description\":\"Not\u00edcias e Jurisprud\u00eancia\",\"potentialAction\":[{\"@type\":\"SearchAction\",\"target\":{\"@type\":\"EntryPoint\",\"urlTemplate\":\"https:\/\/mhcalculos.com.br\/noticias\/?s={search_term_string}\"},\"query-input\":{\"@type\":\"PropertyValueSpecification\",\"valueRequired\":true,\"valueName\":\"search_term_string\"}}],\"inLanguage\":\"pt-BR\"},{\"@type\":\"Person\",\"@id\":\"https:\/\/mhcalculos.com.br\/noticias\/#\/schema\/person\/88d1c34bf72dc779ea14a5a6b8e0ae8d\",\"name\":\"Equipe MH\",\"image\":{\"@type\":\"ImageObject\",\"inLanguage\":\"pt-BR\",\"@id\":\"https:\/\/secure.gravatar.com\/avatar\/de1c686c2ecc9c5a3f327e3431d819eb39f8f05d4e1045f5a1caad6daaba987f?s=96&d=mm&r=g\",\"url\":\"https:\/\/secure.gravatar.com\/avatar\/de1c686c2ecc9c5a3f327e3431d819eb39f8f05d4e1045f5a1caad6daaba987f?s=96&d=mm&r=g\",\"contentUrl\":\"https:\/\/secure.gravatar.com\/avatar\/de1c686c2ecc9c5a3f327e3431d819eb39f8f05d4e1045f5a1caad6daaba987f?s=96&d=mm&r=g\",\"caption\":\"Equipe MH\"}}]}<\/script>\n<!-- \/ Yoast SEO plugin. -->","yoast_head_json":{"title":"TST: Tribunal&nbsp;mant\u00e9m invalidade de reintegra\u00e7\u00e3o de concursado fora da ordem de classifica\u00e7\u00e3o | Portal de Not\u00edcias","robots":{"index":"index","follow":"follow","max-snippet":"max-snippet:-1","max-image-preview":"max-image-preview:large","max-video-preview":"max-video-preview:-1"},"canonical":"https:\/\/mhcalculos.com.br\/noticias\/area\/trabalhista\/tst-tribunal-mantem-invalidade-de-reintegracao-de-concursado-fora-da-ordem-de-classificacao.html","og_locale":"pt_BR","og_type":"article","og_title":"TST: Tribunal&nbsp;mant\u00e9m invalidade de reintegra\u00e7\u00e3o de concursado fora da ordem de classifica\u00e7\u00e3o | Portal de Not\u00edcias","og_description":"Para a SDI-2, a ordem judicial de reintegra\u00e7\u00e3o violou a Constitui\u00e7\u00e3o. 15\/09\/20 &#8211;&nbsp;A Subse\u00e7\u00e3o II Especializada em Diss\u00eddios Individuais (SDI-2) do Tribunal Superior do Trabalho rejeitou recurso de um trabalhador que buscava validar a senten\u00e7a judicial em que fora determinada sua reintegra\u00e7\u00e3o no cargo de agente de saneamento da Companhia de Saneamento de Minas Gerais [&hellip;]","og_url":"https:\/\/mhcalculos.com.br\/noticias\/area\/trabalhista\/tst-tribunal-mantem-invalidade-de-reintegracao-de-concursado-fora-da-ordem-de-classificacao.html","og_site_name":"Portal de Not\u00edcias","article_published_time":"2020-09-15T12:35:00+00:00","article_modified_time":"2021-07-28T17:28:58+00:00","og_image":[{"width":2000,"height":800,"url":"https:\/\/mhcalculos.com.br\/noticias\/wp-content\/uploads\/sites\/2\/2018\/06\/trabalhista-0042.jpg","type":"image\/jpeg"}],"author":"Equipe MH","twitter_card":"summary_large_image","twitter_misc":{"Escrito por":"Equipe MH","Est. tempo de leitura":"4 minutos"},"schema":{"@context":"https:\/\/schema.org","@graph":[{"@type":"Article","@id":"https:\/\/mhcalculos.com.br\/noticias\/area\/trabalhista\/tst-tribunal-mantem-invalidade-de-reintegracao-de-concursado-fora-da-ordem-de-classificacao.html#article","isPartOf":{"@id":"https:\/\/mhcalculos.com.br\/noticias\/area\/trabalhista\/tst-tribunal-mantem-invalidade-de-reintegracao-de-concursado-fora-da-ordem-de-classificacao.html"},"author":{"name":"Equipe MH","@id":"https:\/\/mhcalculos.com.br\/noticias\/#\/schema\/person\/88d1c34bf72dc779ea14a5a6b8e0ae8d"},"headline":"TST: Tribunal&nbsp;mant\u00e9m invalidade de reintegra\u00e7\u00e3o de concursado fora da ordem de classifica\u00e7\u00e3o","datePublished":"2020-09-15T12:35:00+00:00","dateModified":"2021-07-28T17:28:58+00:00","mainEntityOfPage":{"@id":"https:\/\/mhcalculos.com.br\/noticias\/area\/trabalhista\/tst-tribunal-mantem-invalidade-de-reintegracao-de-concursado-fora-da-ordem-de-classificacao.html"},"wordCount":845,"commentCount":0,"image":{"@id":"https:\/\/mhcalculos.com.br\/noticias\/area\/trabalhista\/tst-tribunal-mantem-invalidade-de-reintegracao-de-concursado-fora-da-ordem-de-classificacao.html#primaryimage"},"thumbnailUrl":"https:\/\/mhcalculos.com.br\/noticias\/wp-content\/uploads\/sites\/2\/2018\/06\/trabalhista-0042.jpg","keywords":["c\u00e1lculos trabalhistas","direito trabalhista","per\u00edcia","perito","trabalho","TST"],"articleSection":["Direito Trabalhista","TST"],"inLanguage":"pt-BR","potentialAction":[{"@type":"CommentAction","name":"Comment","target":["https:\/\/mhcalculos.com.br\/noticias\/area\/trabalhista\/tst-tribunal-mantem-invalidade-de-reintegracao-de-concursado-fora-da-ordem-de-classificacao.html#respond"]}]},{"@type":"WebPage","@id":"https:\/\/mhcalculos.com.br\/noticias\/area\/trabalhista\/tst-tribunal-mantem-invalidade-de-reintegracao-de-concursado-fora-da-ordem-de-classificacao.html","url":"https:\/\/mhcalculos.com.br\/noticias\/area\/trabalhista\/tst-tribunal-mantem-invalidade-de-reintegracao-de-concursado-fora-da-ordem-de-classificacao.html","name":"TST: Tribunal&nbsp;mant\u00e9m invalidade de reintegra\u00e7\u00e3o de concursado fora da ordem de classifica\u00e7\u00e3o | Portal de Not\u00edcias","isPartOf":{"@id":"https:\/\/mhcalculos.com.br\/noticias\/#website"},"primaryImageOfPage":{"@id":"https:\/\/mhcalculos.com.br\/noticias\/area\/trabalhista\/tst-tribunal-mantem-invalidade-de-reintegracao-de-concursado-fora-da-ordem-de-classificacao.html#primaryimage"},"image":{"@id":"https:\/\/mhcalculos.com.br\/noticias\/area\/trabalhista\/tst-tribunal-mantem-invalidade-de-reintegracao-de-concursado-fora-da-ordem-de-classificacao.html#primaryimage"},"thumbnailUrl":"https:\/\/mhcalculos.com.br\/noticias\/wp-content\/uploads\/sites\/2\/2018\/06\/trabalhista-0042.jpg","datePublished":"2020-09-15T12:35:00+00:00","dateModified":"2021-07-28T17:28:58+00:00","author":{"@id":"https:\/\/mhcalculos.com.br\/noticias\/#\/schema\/person\/88d1c34bf72dc779ea14a5a6b8e0ae8d"},"breadcrumb":{"@id":"https:\/\/mhcalculos.com.br\/noticias\/area\/trabalhista\/tst-tribunal-mantem-invalidade-de-reintegracao-de-concursado-fora-da-ordem-de-classificacao.html#breadcrumb"},"inLanguage":"pt-BR","potentialAction":[{"@type":"ReadAction","target":["https:\/\/mhcalculos.com.br\/noticias\/area\/trabalhista\/tst-tribunal-mantem-invalidade-de-reintegracao-de-concursado-fora-da-ordem-de-classificacao.html"]}]},{"@type":"ImageObject","inLanguage":"pt-BR","@id":"https:\/\/mhcalculos.com.br\/noticias\/area\/trabalhista\/tst-tribunal-mantem-invalidade-de-reintegracao-de-concursado-fora-da-ordem-de-classificacao.html#primaryimage","url":"https:\/\/mhcalculos.com.br\/noticias\/wp-content\/uploads\/sites\/2\/2018\/06\/trabalhista-0042.jpg","contentUrl":"https:\/\/mhcalculos.com.br\/noticias\/wp-content\/uploads\/sites\/2\/2018\/06\/trabalhista-0042.jpg","width":2000,"height":800},{"@type":"BreadcrumbList","@id":"https:\/\/mhcalculos.com.br\/noticias\/area\/trabalhista\/tst-tribunal-mantem-invalidade-de-reintegracao-de-concursado-fora-da-ordem-de-classificacao.html#breadcrumb","itemListElement":[{"@type":"ListItem","position":1,"name":"In\u00edcio","item":"https:\/\/mhcalculos.com.br\/noticias\/"},{"@type":"ListItem","position":2,"name":"TST: Tribunal&nbsp;mant\u00e9m invalidade de reintegra\u00e7\u00e3o de concursado fora da ordem de classifica\u00e7\u00e3o"}]},{"@type":"WebSite","@id":"https:\/\/mhcalculos.com.br\/noticias\/#website","url":"https:\/\/mhcalculos.com.br\/noticias\/","name":"Portal de Not\u00edcias","description":"Not\u00edcias e Jurisprud\u00eancia","potentialAction":[{"@type":"SearchAction","target":{"@type":"EntryPoint","urlTemplate":"https:\/\/mhcalculos.com.br\/noticias\/?s={search_term_string}"},"query-input":{"@type":"PropertyValueSpecification","valueRequired":true,"valueName":"search_term_string"}}],"inLanguage":"pt-BR"},{"@type":"Person","@id":"https:\/\/mhcalculos.com.br\/noticias\/#\/schema\/person\/88d1c34bf72dc779ea14a5a6b8e0ae8d","name":"Equipe MH","image":{"@type":"ImageObject","inLanguage":"pt-BR","@id":"https:\/\/secure.gravatar.com\/avatar\/de1c686c2ecc9c5a3f327e3431d819eb39f8f05d4e1045f5a1caad6daaba987f?s=96&d=mm&r=g","url":"https:\/\/secure.gravatar.com\/avatar\/de1c686c2ecc9c5a3f327e3431d819eb39f8f05d4e1045f5a1caad6daaba987f?s=96&d=mm&r=g","contentUrl":"https:\/\/secure.gravatar.com\/avatar\/de1c686c2ecc9c5a3f327e3431d819eb39f8f05d4e1045f5a1caad6daaba987f?s=96&d=mm&r=g","caption":"Equipe MH"}}]}},"_links":{"self":[{"href":"https:\/\/mhcalculos.com.br\/noticias\/wp-json\/wp\/v2\/posts\/7518","targetHints":{"allow":["GET"]}}],"collection":[{"href":"https:\/\/mhcalculos.com.br\/noticias\/wp-json\/wp\/v2\/posts"}],"about":[{"href":"https:\/\/mhcalculos.com.br\/noticias\/wp-json\/wp\/v2\/types\/post"}],"author":[{"embeddable":true,"href":"https:\/\/mhcalculos.com.br\/noticias\/wp-json\/wp\/v2\/users\/3063"}],"replies":[{"embeddable":true,"href":"https:\/\/mhcalculos.com.br\/noticias\/wp-json\/wp\/v2\/comments?post=7518"}],"version-history":[{"count":1,"href":"https:\/\/mhcalculos.com.br\/noticias\/wp-json\/wp\/v2\/posts\/7518\/revisions"}],"predecessor-version":[{"id":8867,"href":"https:\/\/mhcalculos.com.br\/noticias\/wp-json\/wp\/v2\/posts\/7518\/revisions\/8867"}],"wp:featuredmedia":[{"embeddable":true,"href":"https:\/\/mhcalculos.com.br\/noticias\/wp-json\/wp\/v2\/media\/1578"}],"wp:attachment":[{"href":"https:\/\/mhcalculos.com.br\/noticias\/wp-json\/wp\/v2\/media?parent=7518"}],"wp:term":[{"taxonomy":"category","embeddable":true,"href":"https:\/\/mhcalculos.com.br\/noticias\/wp-json\/wp\/v2\/categories?post=7518"},{"taxonomy":"post_tag","embeddable":true,"href":"https:\/\/mhcalculos.com.br\/noticias\/wp-json\/wp\/v2\/tags?post=7518"}],"curies":[{"name":"wp","href":"https:\/\/api.w.org\/{rel}","templated":true}]}}