{"id":7517,"date":"2020-09-14T21:05:07","date_gmt":"2020-09-15T00:05:07","guid":{"rendered":"https:\/\/mhcalculos.com.br\/noticias\/tribunais\/stf\/stf-pgr-questiona-concessao-de-plano-de-saude-a-membros-e-integrantes-do-poder-judiciario-de-sc.html"},"modified":"2021-07-28T14:28:59","modified_gmt":"2021-07-28T17:28:59","slug":"stf-pgr-questiona-concessao-de-plano-de-saude-a-membros-e-integrantes-do-poder-judiciario-de-sc","status":"publish","type":"post","link":"https:\/\/mhcalculos.com.br\/noticias\/tribunais\/stf\/stf-pgr-questiona-concessao-de-plano-de-saude-a-membros-e-integrantes-do-poder-judiciario-de-sc.html","title":{"rendered":"STF: PGR questiona concess\u00e3o de plano de sa\u00fade a membros e integrantes do Poder Judici\u00e1rio de SC"},"content":{"rendered":"<p><br \/>\n<\/p>\n<p>O procurador-geral da Rep\u00fablica (PGR), Augusto Aras, questiona, no Supremo Tribunal Federal (STF), a constitucionalidade de normas que concederam aos membros e aos integrantes do Poder Judici\u00e1rio do Estado de Santa Catarina aux\u00edlio para custear gastos com planos privados de sa\u00fade. O ministro Gilmar Mendes \u00e9 o relator da A\u00e7\u00e3o Direta de Inconstitucional (ADI) 6547.<\/p>\n<p>A Lei Complementar estadual 606\/2013 de Santa Catarina disciplinou a concess\u00e3o de subs\u00eddio para plano de assist\u00eancia \u00e0 sa\u00fade no Judici\u00e1rio, e a Resolu\u00e7\u00e3o 12\/2014 do Tribunal de Justi\u00e7a de Santa Catarina (TJ-SC) regulamentou a parcela, conferindo-lhe natureza assistencial e indenizat\u00f3ria. Segundo Aras, a resolu\u00e7\u00e3o prev\u00ea o ressarcimento parcial ou integral das despesas e determina a isen\u00e7\u00e3o de imposto de renda e de contribui\u00e7\u00e3o previdenci\u00e1ria sobre seu montante.<\/p>\n<p>Conforme o procurador, as normas violam o regime remunerat\u00f3rio por subs\u00eddio fixado em parcela \u00fanica (artigo 39, par\u00e1grafo 4&ordm;, da Constitui\u00e7\u00e3o) e ferem a compet\u00eancia privativa da Uni\u00e3o para dispor sobre o regime jur\u00eddico remunerat\u00f3rio da magistratura nacional. Segundo Aras, ao estabelecer as parcelas, verbas ou vantagens concedidas a magistrados, a Lei Org\u00e2nica da Magistratura Nacional (Loman &#8211; LC 35\/1979) n\u00e3o previu a possibilidade de recebimento de aux\u00edlio-sa\u00fade ou de gratifica\u00e7\u00e3o semelhante. &ldquo;Devido \u00e0 unidade de regime jur\u00eddico da magistratura nacional, importa haver igualmente unidade de remunera\u00e7\u00e3o&rdquo;, sustenta.<\/p>\n<p><span style=\"font-size: smaller\">EC\/CR\/\/CF<\/span><\/p>\n<p>&nbsp;<\/p>\n<p>&nbsp;<\/p>\n<p><i>Com informa\u00e7\u00f5es da assessoria de imprensa do STF.<\/i><br \/>\n<br \/><a href=\"http:\/\/www.stf.jus.br\/portal\/cms\/verNoticiaDetalhe.asp?idConteudo=451645\">Fonte<\/a><br \/>\n<br \/><\/p>\n","protected":false},"excerpt":{"rendered":"<p>O procurador-geral da Rep\u00fablica (PGR), Augusto Aras, questiona, no Supremo Tribunal Federal (STF), a constitucionalidade de normas que concederam aos membros e aos integrantes do Poder Judici\u00e1rio do Estado de Santa Catarina aux\u00edlio para custear gastos com planos privados de sa\u00fade. O ministro Gilmar Mendes \u00e9 o relator da A\u00e7\u00e3o Direta de Inconstitucional (ADI) 6547. [&hellip;]<\/p>\n","protected":false},"author":3063,"featured_media":1563,"comment_status":"open","ping_status":"open","sticky":false,"template":"","format":"standard","meta":{"footnotes":""},"categories":[18,15],"tags":[32,31,42,30,29,213,9,12,16],"class_list":{"0":"post-7517","1":"post","2":"type-post","3":"status-publish","4":"format-standard","5":"has-post-thumbnail","7":"category-tributario","8":"category-stf","9":"tag-calculos-judiciais","10":"tag-calculos-tributarios","11":"tag-direito-tributario","12":"tag-divida-ativa","13":"tag-fazenda-publica","14":"tag-imposto","15":"tag-pericia","16":"tag-perito","17":"tag-stf"},"yoast_head":"<!-- This site is optimized with the Yoast SEO plugin v27.2 - https:\/\/yoast.com\/product\/yoast-seo-wordpress\/ -->\n<title>STF: PGR questiona concess\u00e3o de plano de sa\u00fade a membros e integrantes do Poder Judici\u00e1rio de SC | Portal de Not\u00edcias<\/title>\n<meta name=\"robots\" content=\"index, follow, max-snippet:-1, max-image-preview:large, max-video-preview:-1\" \/>\n<link rel=\"canonical\" href=\"http:\/\/www.stf.jus.br\/portal\/cms\/verNoticiaDetalhe.asp?idConteudo=451645\" \/>\n<meta property=\"og:locale\" content=\"pt_BR\" \/>\n<meta property=\"og:type\" content=\"article\" \/>\n<meta property=\"og:title\" content=\"STF: PGR questiona concess\u00e3o de plano de sa\u00fade a membros e integrantes do Poder Judici\u00e1rio de SC | Portal de Not\u00edcias\" \/>\n<meta property=\"og:description\" content=\"O procurador-geral da Rep\u00fablica (PGR), Augusto Aras, questiona, no Supremo Tribunal Federal (STF), a constitucionalidade de normas que concederam aos membros e aos integrantes do Poder Judici\u00e1rio do Estado de Santa Catarina aux\u00edlio para custear gastos com planos privados de sa\u00fade. O ministro Gilmar Mendes \u00e9 o relator da A\u00e7\u00e3o Direta de Inconstitucional (ADI) 6547. [&hellip;]\" \/>\n<meta property=\"og:url\" content=\"http:\/\/www.stf.jus.br\/portal\/cms\/verNoticiaDetalhe.asp?idConteudo=451645\" \/>\n<meta property=\"og:site_name\" content=\"Portal de Not\u00edcias\" \/>\n<meta property=\"article:published_time\" content=\"2020-09-15T00:05:07+00:00\" \/>\n<meta property=\"article:modified_time\" content=\"2021-07-28T17:28:59+00:00\" \/>\n<meta property=\"og:image\" content=\"https:\/\/mhcalculos.com.br\/noticias\/wp-content\/uploads\/sites\/2\/2018\/05\/tributario-0042.jpg\" \/>\n\t<meta property=\"og:image:width\" content=\"2000\" \/>\n\t<meta property=\"og:image:height\" content=\"800\" \/>\n\t<meta property=\"og:image:type\" content=\"image\/jpeg\" \/>\n<meta name=\"author\" content=\"Equipe MH\" \/>\n<meta name=\"twitter:card\" content=\"summary_large_image\" \/>\n<meta name=\"twitter:label1\" content=\"Escrito por\" \/>\n\t<meta name=\"twitter:data1\" content=\"Equipe MH\" \/>\n\t<meta name=\"twitter:label2\" content=\"Est. tempo de leitura\" \/>\n\t<meta name=\"twitter:data2\" content=\"1 minuto\" \/>\n<script type=\"application\/ld+json\" class=\"yoast-schema-graph\">{\"@context\":\"https:\/\/schema.org\",\"@graph\":[{\"@type\":\"Article\",\"@id\":\"http:\/\/www.stf.jus.br\/portal\/cms\/verNoticiaDetalhe.asp?idConteudo=451645#article\",\"isPartOf\":{\"@id\":\"https:\/\/mhcalculos.com.br\/noticias\/tribunais\/stf\/stf-pgr-questiona-concessao-de-plano-de-saude-a-membros-e-integrantes-do-poder-judiciario-de-sc.html\"},\"author\":{\"name\":\"Equipe MH\",\"@id\":\"https:\/\/mhcalculos.com.br\/noticias\/#\/schema\/person\/88d1c34bf72dc779ea14a5a6b8e0ae8d\"},\"headline\":\"STF: PGR questiona concess\u00e3o de plano de sa\u00fade a membros e integrantes do Poder Judici\u00e1rio de SC\",\"datePublished\":\"2020-09-15T00:05:07+00:00\",\"dateModified\":\"2021-07-28T17:28:59+00:00\",\"mainEntityOfPage\":{\"@id\":\"https:\/\/mhcalculos.com.br\/noticias\/tribunais\/stf\/stf-pgr-questiona-concessao-de-plano-de-saude-a-membros-e-integrantes-do-poder-judiciario-de-sc.html\"},\"wordCount\":274,\"commentCount\":0,\"image\":{\"@id\":\"http:\/\/www.stf.jus.br\/portal\/cms\/verNoticiaDetalhe.asp?idConteudo=451645#primaryimage\"},\"thumbnailUrl\":\"https:\/\/mhcalculos.com.br\/noticias\/wp-content\/uploads\/sites\/2\/2018\/05\/tributario-0042.jpg\",\"keywords\":[\"c\u00e1lculos judiciais\",\"c\u00e1lculos tribut\u00e1rios\",\"direito tribut\u00e1rio\",\"d\u00edvida ativa\",\"fazenda p\u00fablica\",\"Imposto\",\"per\u00edcia\",\"perito\",\"stf\"],\"articleSection\":[\"Direito Tribut\u00e1rio\",\"STF\"],\"inLanguage\":\"pt-BR\",\"potentialAction\":[{\"@type\":\"CommentAction\",\"name\":\"Comment\",\"target\":[\"http:\/\/www.stf.jus.br\/portal\/cms\/verNoticiaDetalhe.asp?idConteudo=451645#respond\"]}]},{\"@type\":\"WebPage\",\"@id\":\"https:\/\/mhcalculos.com.br\/noticias\/tribunais\/stf\/stf-pgr-questiona-concessao-de-plano-de-saude-a-membros-e-integrantes-do-poder-judiciario-de-sc.html\",\"url\":\"http:\/\/www.stf.jus.br\/portal\/cms\/verNoticiaDetalhe.asp?idConteudo=451645\",\"name\":\"STF: PGR questiona concess\u00e3o de plano de sa\u00fade a membros e integrantes do Poder Judici\u00e1rio de SC | Portal de Not\u00edcias\",\"isPartOf\":{\"@id\":\"https:\/\/mhcalculos.com.br\/noticias\/#website\"},\"primaryImageOfPage\":{\"@id\":\"http:\/\/www.stf.jus.br\/portal\/cms\/verNoticiaDetalhe.asp?idConteudo=451645#primaryimage\"},\"image\":{\"@id\":\"http:\/\/www.stf.jus.br\/portal\/cms\/verNoticiaDetalhe.asp?idConteudo=451645#primaryimage\"},\"thumbnailUrl\":\"https:\/\/mhcalculos.com.br\/noticias\/wp-content\/uploads\/sites\/2\/2018\/05\/tributario-0042.jpg\",\"datePublished\":\"2020-09-15T00:05:07+00:00\",\"dateModified\":\"2021-07-28T17:28:59+00:00\",\"author\":{\"@id\":\"https:\/\/mhcalculos.com.br\/noticias\/#\/schema\/person\/88d1c34bf72dc779ea14a5a6b8e0ae8d\"},\"breadcrumb\":{\"@id\":\"http:\/\/www.stf.jus.br\/portal\/cms\/verNoticiaDetalhe.asp?idConteudo=451645#breadcrumb\"},\"inLanguage\":\"pt-BR\",\"potentialAction\":[{\"@type\":\"ReadAction\",\"target\":[\"http:\/\/www.stf.jus.br\/portal\/cms\/verNoticiaDetalhe.asp?idConteudo=451645\"]}]},{\"@type\":\"ImageObject\",\"inLanguage\":\"pt-BR\",\"@id\":\"http:\/\/www.stf.jus.br\/portal\/cms\/verNoticiaDetalhe.asp?idConteudo=451645#primaryimage\",\"url\":\"https:\/\/mhcalculos.com.br\/noticias\/wp-content\/uploads\/sites\/2\/2018\/05\/tributario-0042.jpg\",\"contentUrl\":\"https:\/\/mhcalculos.com.br\/noticias\/wp-content\/uploads\/sites\/2\/2018\/05\/tributario-0042.jpg\",\"width\":2000,\"height\":800},{\"@type\":\"BreadcrumbList\",\"@id\":\"http:\/\/www.stf.jus.br\/portal\/cms\/verNoticiaDetalhe.asp?idConteudo=451645#breadcrumb\",\"itemListElement\":[{\"@type\":\"ListItem\",\"position\":1,\"name\":\"In\u00edcio\",\"item\":\"https:\/\/mhcalculos.com.br\/noticias\/\"},{\"@type\":\"ListItem\",\"position\":2,\"name\":\"STF: PGR questiona concess\u00e3o de plano de sa\u00fade a membros e integrantes do Poder Judici\u00e1rio de SC\"}]},{\"@type\":\"WebSite\",\"@id\":\"https:\/\/mhcalculos.com.br\/noticias\/#website\",\"url\":\"https:\/\/mhcalculos.com.br\/noticias\/\",\"name\":\"Portal de Not\u00edcias\",\"description\":\"Not\u00edcias e Jurisprud\u00eancia\",\"potentialAction\":[{\"@type\":\"SearchAction\",\"target\":{\"@type\":\"EntryPoint\",\"urlTemplate\":\"https:\/\/mhcalculos.com.br\/noticias\/?s={search_term_string}\"},\"query-input\":{\"@type\":\"PropertyValueSpecification\",\"valueRequired\":true,\"valueName\":\"search_term_string\"}}],\"inLanguage\":\"pt-BR\"},{\"@type\":\"Person\",\"@id\":\"https:\/\/mhcalculos.com.br\/noticias\/#\/schema\/person\/88d1c34bf72dc779ea14a5a6b8e0ae8d\",\"name\":\"Equipe MH\",\"image\":{\"@type\":\"ImageObject\",\"inLanguage\":\"pt-BR\",\"@id\":\"https:\/\/secure.gravatar.com\/avatar\/de1c686c2ecc9c5a3f327e3431d819eb39f8f05d4e1045f5a1caad6daaba987f?s=96&d=mm&r=g\",\"url\":\"https:\/\/secure.gravatar.com\/avatar\/de1c686c2ecc9c5a3f327e3431d819eb39f8f05d4e1045f5a1caad6daaba987f?s=96&d=mm&r=g\",\"contentUrl\":\"https:\/\/secure.gravatar.com\/avatar\/de1c686c2ecc9c5a3f327e3431d819eb39f8f05d4e1045f5a1caad6daaba987f?s=96&d=mm&r=g\",\"caption\":\"Equipe MH\"}}]}<\/script>\n<!-- \/ Yoast SEO plugin. -->","yoast_head_json":{"title":"STF: PGR questiona concess\u00e3o de plano de sa\u00fade a membros e integrantes do Poder Judici\u00e1rio de SC | Portal de Not\u00edcias","robots":{"index":"index","follow":"follow","max-snippet":"max-snippet:-1","max-image-preview":"max-image-preview:large","max-video-preview":"max-video-preview:-1"},"canonical":"http:\/\/www.stf.jus.br\/portal\/cms\/verNoticiaDetalhe.asp?idConteudo=451645","og_locale":"pt_BR","og_type":"article","og_title":"STF: PGR questiona concess\u00e3o de plano de sa\u00fade a membros e integrantes do Poder Judici\u00e1rio de SC | Portal de Not\u00edcias","og_description":"O procurador-geral da Rep\u00fablica (PGR), Augusto Aras, questiona, no Supremo Tribunal Federal (STF), a constitucionalidade de normas que concederam aos membros e aos integrantes do Poder Judici\u00e1rio do Estado de Santa Catarina aux\u00edlio para custear gastos com planos privados de sa\u00fade. O ministro Gilmar Mendes \u00e9 o relator da A\u00e7\u00e3o Direta de Inconstitucional (ADI) 6547. [&hellip;]","og_url":"http:\/\/www.stf.jus.br\/portal\/cms\/verNoticiaDetalhe.asp?idConteudo=451645","og_site_name":"Portal de Not\u00edcias","article_published_time":"2020-09-15T00:05:07+00:00","article_modified_time":"2021-07-28T17:28:59+00:00","og_image":[{"width":2000,"height":800,"url":"https:\/\/mhcalculos.com.br\/noticias\/wp-content\/uploads\/sites\/2\/2018\/05\/tributario-0042.jpg","type":"image\/jpeg"}],"author":"Equipe MH","twitter_card":"summary_large_image","twitter_misc":{"Escrito por":"Equipe MH","Est. tempo de leitura":"1 minuto"},"schema":{"@context":"https:\/\/schema.org","@graph":[{"@type":"Article","@id":"http:\/\/www.stf.jus.br\/portal\/cms\/verNoticiaDetalhe.asp?idConteudo=451645#article","isPartOf":{"@id":"https:\/\/mhcalculos.com.br\/noticias\/tribunais\/stf\/stf-pgr-questiona-concessao-de-plano-de-saude-a-membros-e-integrantes-do-poder-judiciario-de-sc.html"},"author":{"name":"Equipe MH","@id":"https:\/\/mhcalculos.com.br\/noticias\/#\/schema\/person\/88d1c34bf72dc779ea14a5a6b8e0ae8d"},"headline":"STF: PGR questiona concess\u00e3o de plano de sa\u00fade a membros e integrantes do Poder Judici\u00e1rio de SC","datePublished":"2020-09-15T00:05:07+00:00","dateModified":"2021-07-28T17:28:59+00:00","mainEntityOfPage":{"@id":"https:\/\/mhcalculos.com.br\/noticias\/tribunais\/stf\/stf-pgr-questiona-concessao-de-plano-de-saude-a-membros-e-integrantes-do-poder-judiciario-de-sc.html"},"wordCount":274,"commentCount":0,"image":{"@id":"http:\/\/www.stf.jus.br\/portal\/cms\/verNoticiaDetalhe.asp?idConteudo=451645#primaryimage"},"thumbnailUrl":"https:\/\/mhcalculos.com.br\/noticias\/wp-content\/uploads\/sites\/2\/2018\/05\/tributario-0042.jpg","keywords":["c\u00e1lculos judiciais","c\u00e1lculos tribut\u00e1rios","direito tribut\u00e1rio","d\u00edvida ativa","fazenda p\u00fablica","Imposto","per\u00edcia","perito","stf"],"articleSection":["Direito Tribut\u00e1rio","STF"],"inLanguage":"pt-BR","potentialAction":[{"@type":"CommentAction","name":"Comment","target":["http:\/\/www.stf.jus.br\/portal\/cms\/verNoticiaDetalhe.asp?idConteudo=451645#respond"]}]},{"@type":"WebPage","@id":"https:\/\/mhcalculos.com.br\/noticias\/tribunais\/stf\/stf-pgr-questiona-concessao-de-plano-de-saude-a-membros-e-integrantes-do-poder-judiciario-de-sc.html","url":"http:\/\/www.stf.jus.br\/portal\/cms\/verNoticiaDetalhe.asp?idConteudo=451645","name":"STF: PGR questiona concess\u00e3o de plano de sa\u00fade a membros e integrantes do Poder Judici\u00e1rio de SC | Portal de Not\u00edcias","isPartOf":{"@id":"https:\/\/mhcalculos.com.br\/noticias\/#website"},"primaryImageOfPage":{"@id":"http:\/\/www.stf.jus.br\/portal\/cms\/verNoticiaDetalhe.asp?idConteudo=451645#primaryimage"},"image":{"@id":"http:\/\/www.stf.jus.br\/portal\/cms\/verNoticiaDetalhe.asp?idConteudo=451645#primaryimage"},"thumbnailUrl":"https:\/\/mhcalculos.com.br\/noticias\/wp-content\/uploads\/sites\/2\/2018\/05\/tributario-0042.jpg","datePublished":"2020-09-15T00:05:07+00:00","dateModified":"2021-07-28T17:28:59+00:00","author":{"@id":"https:\/\/mhcalculos.com.br\/noticias\/#\/schema\/person\/88d1c34bf72dc779ea14a5a6b8e0ae8d"},"breadcrumb":{"@id":"http:\/\/www.stf.jus.br\/portal\/cms\/verNoticiaDetalhe.asp?idConteudo=451645#breadcrumb"},"inLanguage":"pt-BR","potentialAction":[{"@type":"ReadAction","target":["http:\/\/www.stf.jus.br\/portal\/cms\/verNoticiaDetalhe.asp?idConteudo=451645"]}]},{"@type":"ImageObject","inLanguage":"pt-BR","@id":"http:\/\/www.stf.jus.br\/portal\/cms\/verNoticiaDetalhe.asp?idConteudo=451645#primaryimage","url":"https:\/\/mhcalculos.com.br\/noticias\/wp-content\/uploads\/sites\/2\/2018\/05\/tributario-0042.jpg","contentUrl":"https:\/\/mhcalculos.com.br\/noticias\/wp-content\/uploads\/sites\/2\/2018\/05\/tributario-0042.jpg","width":2000,"height":800},{"@type":"BreadcrumbList","@id":"http:\/\/www.stf.jus.br\/portal\/cms\/verNoticiaDetalhe.asp?idConteudo=451645#breadcrumb","itemListElement":[{"@type":"ListItem","position":1,"name":"In\u00edcio","item":"https:\/\/mhcalculos.com.br\/noticias\/"},{"@type":"ListItem","position":2,"name":"STF: PGR questiona concess\u00e3o de plano de sa\u00fade a membros e integrantes do Poder Judici\u00e1rio de SC"}]},{"@type":"WebSite","@id":"https:\/\/mhcalculos.com.br\/noticias\/#website","url":"https:\/\/mhcalculos.com.br\/noticias\/","name":"Portal de Not\u00edcias","description":"Not\u00edcias e Jurisprud\u00eancia","potentialAction":[{"@type":"SearchAction","target":{"@type":"EntryPoint","urlTemplate":"https:\/\/mhcalculos.com.br\/noticias\/?s={search_term_string}"},"query-input":{"@type":"PropertyValueSpecification","valueRequired":true,"valueName":"search_term_string"}}],"inLanguage":"pt-BR"},{"@type":"Person","@id":"https:\/\/mhcalculos.com.br\/noticias\/#\/schema\/person\/88d1c34bf72dc779ea14a5a6b8e0ae8d","name":"Equipe MH","image":{"@type":"ImageObject","inLanguage":"pt-BR","@id":"https:\/\/secure.gravatar.com\/avatar\/de1c686c2ecc9c5a3f327e3431d819eb39f8f05d4e1045f5a1caad6daaba987f?s=96&d=mm&r=g","url":"https:\/\/secure.gravatar.com\/avatar\/de1c686c2ecc9c5a3f327e3431d819eb39f8f05d4e1045f5a1caad6daaba987f?s=96&d=mm&r=g","contentUrl":"https:\/\/secure.gravatar.com\/avatar\/de1c686c2ecc9c5a3f327e3431d819eb39f8f05d4e1045f5a1caad6daaba987f?s=96&d=mm&r=g","caption":"Equipe MH"}}]}},"_links":{"self":[{"href":"https:\/\/mhcalculos.com.br\/noticias\/wp-json\/wp\/v2\/posts\/7517","targetHints":{"allow":["GET"]}}],"collection":[{"href":"https:\/\/mhcalculos.com.br\/noticias\/wp-json\/wp\/v2\/posts"}],"about":[{"href":"https:\/\/mhcalculos.com.br\/noticias\/wp-json\/wp\/v2\/types\/post"}],"author":[{"embeddable":true,"href":"https:\/\/mhcalculos.com.br\/noticias\/wp-json\/wp\/v2\/users\/3063"}],"replies":[{"embeddable":true,"href":"https:\/\/mhcalculos.com.br\/noticias\/wp-json\/wp\/v2\/comments?post=7517"}],"version-history":[{"count":1,"href":"https:\/\/mhcalculos.com.br\/noticias\/wp-json\/wp\/v2\/posts\/7517\/revisions"}],"predecessor-version":[{"id":8868,"href":"https:\/\/mhcalculos.com.br\/noticias\/wp-json\/wp\/v2\/posts\/7517\/revisions\/8868"}],"wp:featuredmedia":[{"embeddable":true,"href":"https:\/\/mhcalculos.com.br\/noticias\/wp-json\/wp\/v2\/media\/1563"}],"wp:attachment":[{"href":"https:\/\/mhcalculos.com.br\/noticias\/wp-json\/wp\/v2\/media?parent=7517"}],"wp:term":[{"taxonomy":"category","embeddable":true,"href":"https:\/\/mhcalculos.com.br\/noticias\/wp-json\/wp\/v2\/categories?post=7517"},{"taxonomy":"post_tag","embeddable":true,"href":"https:\/\/mhcalculos.com.br\/noticias\/wp-json\/wp\/v2\/tags?post=7517"}],"curies":[{"name":"wp","href":"https:\/\/api.w.org\/{rel}","templated":true}]}}